{"id":123614,"date":"2026-03-04T20:49:56","date_gmt":"2026-03-04T23:49:56","guid":{"rendered":"https:\/\/cooltivarte.com\/portal\/?p=123614"},"modified":"2026-03-04T20:51:02","modified_gmt":"2026-03-04T23:51:02","slug":"el-color-y-la-memoria-en-el-agente-secreto","status":"publish","type":"post","link":"https:\/\/cooltivarte.com\/portal\/el-color-y-la-memoria-en-el-agente-secreto\/","title":{"rendered":"El color y la memoria en &#8220;El agente secreto&#8221;"},"content":{"rendered":"<figure id=\"attachment_123615\" aria-describedby=\"caption-attachment-123615\" style=\"width: 800px\" class=\"wp-caption alignnone\"><img fetchpriority=\"high\" decoding=\"async\" class=\"wp-image-123615 size-full\" title=\"El agente secreto\" src=\"https:\/\/cooltivarte.com\/portal\/wp-content\/uploads\/2026\/03\/El-agente-secreto.jpg\" alt=\"El agente secreto\" width=\"800\" height=\"450\" srcset=\"https:\/\/cooltivarte.com\/portal\/wp-content\/uploads\/2026\/03\/El-agente-secreto.jpg 800w, https:\/\/cooltivarte.com\/portal\/wp-content\/uploads\/2026\/03\/El-agente-secreto-300x169.jpg 300w, https:\/\/cooltivarte.com\/portal\/wp-content\/uploads\/2026\/03\/El-agente-secreto-768x432.jpg 768w\" sizes=\"(max-width: 800px) 100vw, 800px\" \/><figcaption id=\"caption-attachment-123615\" class=\"wp-caption-text\">El agente secreto<\/figcaption><\/figure>\n<h3>&nbsp;<\/h3>\n<h3>&nbsp;<\/h3>\n<h3><strong>El color y la memoria en &#8220;El agente secreto&#8221;.<\/strong><\/h3>\n<p>Sal\u00ed del cine con la sensaci\u00f3n de haber asistido no a una intriga, sino a una apertura lenta. \u201c<strong><em>El agente secreto<\/em><\/strong>\u201d no avanza: se despliega. Su estructura funciona como una matrioshka cinematogr\u00e1fica donde cada capa no resuelve la anterior sino que la tensiona. El montaje fragmentado, la cronolog\u00eda desplazada y la omisi\u00f3n deliberada de momentos clim\u00e1ticos obligan al espectador a completar lo que falta. Y lo que falta no es descuido: es memoria.<\/p>\n<p>Marcelo \u2014interpretado por <strong>Wagner Moura<\/strong>\u2014 no es el esp\u00eda cl\u00e1sico sino un testigo inc\u00f3modo. Un hombre que huye de un pasado violento y se instala en Recife para observar, no para intervenir. Su cuerpo parece cargar m\u00e1s archivo que acci\u00f3n. En lugar de misiones, hay silencios; en lugar de revelaciones, hay capas. Como si la dictadura brasile\u00f1a no pudiera narrarse en l\u00ednea recta sino en pliegues.<\/p>\n<p>Esa estructura de cajas chinas encuentra un correlato decisivo en la puesta est\u00e9tica, particularmente en el tratamiento del color. Y aqu\u00ed la pel\u00edcula se posiciona en una discusi\u00f3n hist\u00f3rica que atraves\u00f3 al cine brasile\u00f1o moderno: el enfrentamiento entre el cromatismo austero del Cinema Novo y la explosi\u00f3n sensorial asociada a la Tropic\u00e1lia.<\/p>\n<p>El Cinema Novo hab\u00eda hecho del color \u2014cuando lo utiliz\u00f3\u2014 una extensi\u00f3n de su \u00e9tica: tonos terrosos, contrastes duros, una paleta que parec\u00eda inscribirse en la escasez material y en la urgencia pol\u00edtica. El color como denuncia, como tierra, como cuerpo expuesto. La Tropic\u00e1lia, en cambio, convirti\u00f3 la saturaci\u00f3n en programa est\u00e9tico: exceso, artificio, hibridez. El color como industria, como modernizaci\u00f3n, como antropofagia cultural.<\/p>\n<p>\u00bfD\u00f3nde se ubica \u201cEl agente secreto\u201d en esa genealog\u00eda? La pel\u00edcula no opta por la estridencia tropicalista ni por la sequedad absoluta. Su paleta parece trabajar desde la contenci\u00f3n, pero una contenci\u00f3n tensa, donde cada tonalidad encierra una amenaza. No hay estallido crom\u00e1tico, pero tampoco neutralidad. El color construye una atm\u00f3sfera de paranoia sostenida: verdes apagados, interiores densos, una luz que no ilumina sino que filtra. Como si cada capa narrativa tuviera su propia temperatura.<\/p>\n<p>La ciudad de Recife no aparece como postal tropical sino como espacio opaco. La corrupci\u00f3n policial y el miedo constante no se subrayan con golpes dram\u00e1ticos; se filtran en la textura visual. El color no ilustra la historia: la produce. Funciona como memoria encapsulada. Como esas capas de la matrioshka que, al abrirse, revelan otra figura ligeramente desplazada.<\/p>\n<p>En ese sentido, \u201cEl agente secreto\u201d actualiza una tensi\u00f3n central del cine brasile\u00f1o desde la est\u00e9tica.&nbsp;La pel\u00edcula no abre su \u00faltima caja. Nos deja frente a la sensaci\u00f3n de que algo queda por revelar. Y quiz\u00e1s esa sea su forma m\u00e1s honesta de hablar de Brasil: un pa\u00eds cuya memoria reciente no se organiza en l\u00ednea recta, sino en capas que se abren lentamente, dejando ver no lo que se conoce, sino lo que a\u00fan tensiona.<\/p>\n<p>&nbsp;<\/p>\n<p>&nbsp;<br \/>\n<iframe title=\"El agente secreto - Tr\u00e1iler espa\u00f1ol\" src=\"https:\/\/www.youtube.com\/embed\/pULOxA1KzSc?si=rf8g6MNSkUenTBv7\" width=\"100%\" height=\"515\" frameborder=\"0\" allowfullscreen=\"allowfullscreen\"><\/iframe><br \/>\n&nbsp;<\/p>\n<p>&nbsp;<\/p>\n<p>&nbsp;<\/p>\n","protected":false},"excerpt":{"rendered":"<p>&nbsp; &nbsp; El color y la memoria en &#8220;El agente secreto&#8221;. Sal\u00ed del cine con la sensaci\u00f3n de haber asistido no a una intriga, sino a una apertura lenta. \u201cEl agente secreto\u201d no avanza: se despliega. Su estructura funciona como una matrioshka cinematogr\u00e1fica donde cada capa no resuelve la anterior sino que la tensiona. El [&hellip;]<\/p>\n","protected":false},"author":242,"featured_media":123615,"comment_status":"closed","ping_status":"closed","sticky":false,"template":"","format":"standard","meta":{"om_disable_all_campaigns":false,"ngg_post_thumbnail":0,"jnews-multi-image_gallery":[],"jnews_single_post":{"subtitle":"","format":"standard","override":[{"template":"4","parallax":"1","layout":"right-sidebar","sidebar":"default-sidebar","second_sidebar":"default-sidebar","sticky_sidebar":"1","share_position":"bottom","share_float_style":"share-monocrhome","show_share_counter":"1","show_view_counter":"1","show_featured":"1","show_post_meta":"1","show_post_author":"1","show_post_author_image":"1","show_post_date":"1","post_date_format":"default","post_date_format_custom":"Y\/m\/d","show_post_category":"1","post_reading_time_wpm":"300","post_calculate_word_method":"str_word_count","zoom_button_out_step":"2","zoom_button_in_step":"3","show_post_tag":"1","show_prev_next_post":"1","show_popup_post":"1","show_comment_section":"1","number_popup_post":"1","show_author_box":"1","show_post_related":"0","show_inline_post_related":"0"}],"image_override":[{"single_post_thumbnail_size":"no-crop","single_post_gallery_size":"crop-500"}],"trending_post_position":"meta","trending_post_label":"Trending","sponsored_post_label":"Sponsored by","disable_ad":"0"},"jnews_primary_category":[],"jnews_social_meta":[],"jnews_override_counter":{"view_counter_number":"0","share_counter_number":"0","like_counter_number":"0","dislike_counter_number":"0"},"footnotes":""},"categories":[72],"tags":[446,25899,25898,25478],"class_list":["post-123614","post","type-post","status-publish","format-standard","has-post-thumbnail","hentry","category-cine","tag-cine-2","tag-cinema-novo","tag-el-agente-secreto","tag-wagner-moura"],"yoast_head":"<!-- This site is optimized with the Yoast SEO plugin v27.5 - https:\/\/yoast.com\/product\/yoast-seo-wordpress\/ -->\n<title>El color y la memoria en &quot;El agente secreto&quot; - Cooltivarte Portal<\/title>\n<meta name=\"description\" content=\"Sal\u00ed del cine con la sensaci\u00f3n de haber asistido no a una intriga, sino a una apertura lenta. \u201cEl agente secreto\u201d no avanza: se despliega.\" \/>\n<meta name=\"robots\" content=\"index, follow, max-snippet:-1, max-image-preview:large, max-video-preview:-1\" \/>\n<link rel=\"canonical\" href=\"https:\/\/cooltivarte.com\/portal\/el-color-y-la-memoria-en-el-agente-secreto\/\" \/>\n<meta property=\"og:locale\" content=\"es_ES\" \/>\n<meta property=\"og:type\" content=\"article\" \/>\n<meta property=\"og:title\" content=\"El color y la memoria en &quot;El agente secreto&quot; by Irene Gon\u00e7alves\" \/>\n<meta property=\"og:description\" content=\"Sal\u00ed del cine con la sensaci\u00f3n de haber asistido no a una intriga, sino a una apertura lenta. \u201cEl agente secreto\u201d no avanza: se despliega.\" \/>\n<meta property=\"og:url\" content=\"https:\/\/cooltivarte.com\/portal\/el-color-y-la-memoria-en-el-agente-secreto\/\" \/>\n<meta property=\"og:site_name\" content=\"Cooltivarte Portal\" \/>\n<meta property=\"article:publisher\" content=\"https:\/\/www.facebook.com\/cooltivartecom\/\" \/>\n<meta property=\"article:author\" content=\"https:\/\/www.facebook.com\/cooltivartecom\/\" \/>\n<meta property=\"article:published_time\" content=\"2026-03-04T23:49:56+00:00\" \/>\n<meta property=\"article:modified_time\" content=\"2026-03-04T23:51:02+00:00\" \/>\n<meta property=\"og:image\" content=\"https:\/\/cooltivarte.com\/portal\/wp-content\/uploads\/2026\/03\/El-agente-secreto.jpg\" \/>\n\t<meta property=\"og:image:width\" content=\"800\" \/>\n\t<meta property=\"og:image:height\" content=\"450\" \/>\n\t<meta property=\"og:image:type\" content=\"image\/jpeg\" \/>\n<meta name=\"author\" content=\"Irene Gon\u00e7alves\" \/>\n<meta name=\"twitter:card\" content=\"summary_large_image\" \/>\n<meta name=\"twitter:title\" content=\"El color y la memoria en &quot;El agente secreto&quot; by Irene Gon\u00e7alves\" \/>\n<meta name=\"twitter:description\" content=\"Sal\u00ed del cine con la sensaci\u00f3n de haber asistido no a una intriga, sino a una apertura lenta. \u201cEl agente secreto\u201d no avanza: se despliega.\" \/>\n<meta name=\"twitter:image\" content=\"https:\/\/cooltivarte.com\/portal\/wp-content\/uploads\/2026\/03\/El-agente-secreto.jpg\" \/>\n<meta name=\"twitter:creator\" content=\"@https:\/\/x.com\/pepi_goncalves\" \/>\n<meta name=\"twitter:site\" content=\"@obolocultural\" \/>\n<meta name=\"twitter:label1\" content=\"Escrito por\" \/>\n\t<meta name=\"twitter:data1\" content=\"Irene Gon\u00e7alves\" \/>\n\t<meta name=\"twitter:label2\" content=\"Tiempo de lectura\" \/>\n\t<meta name=\"twitter:data2\" content=\"3 minutos\" \/>\n<!-- \/ Yoast SEO plugin. -->","yoast_head_json":{"title":"El color y la memoria en \"El agente secreto\" - Cooltivarte Portal","description":"Sal\u00ed del cine con la sensaci\u00f3n de haber asistido no a una intriga, sino a una apertura lenta. \u201cEl agente secreto\u201d no avanza: se despliega.","robots":{"index":"index","follow":"follow","max-snippet":"max-snippet:-1","max-image-preview":"max-image-preview:large","max-video-preview":"max-video-preview:-1"},"canonical":"https:\/\/cooltivarte.com\/portal\/el-color-y-la-memoria-en-el-agente-secreto\/","og_locale":"es_ES","og_type":"article","og_title":"El color y la memoria en \"El agente secreto\" by Irene Gon\u00e7alves","og_description":"Sal\u00ed del cine con la sensaci\u00f3n de haber asistido no a una intriga, sino a una apertura lenta. \u201cEl agente secreto\u201d no avanza: se despliega.","og_url":"https:\/\/cooltivarte.com\/portal\/el-color-y-la-memoria-en-el-agente-secreto\/","og_site_name":"Cooltivarte Portal","article_publisher":"https:\/\/www.facebook.com\/cooltivartecom\/","article_author":"https:\/\/www.facebook.com\/cooltivartecom\/","article_published_time":"2026-03-04T23:49:56+00:00","article_modified_time":"2026-03-04T23:51:02+00:00","og_image":[{"width":800,"height":450,"url":"https:\/\/cooltivarte.com\/portal\/wp-content\/uploads\/2026\/03\/El-agente-secreto.jpg","type":"image\/jpeg"}],"author":"Irene Gon\u00e7alves","twitter_card":"summary_large_image","twitter_title":"El color y la memoria en \"El agente secreto\" by Irene Gon\u00e7alves","twitter_description":"Sal\u00ed del cine con la sensaci\u00f3n de haber asistido no a una intriga, sino a una apertura lenta. \u201cEl agente secreto\u201d no avanza: se despliega.","twitter_image":"https:\/\/cooltivarte.com\/portal\/wp-content\/uploads\/2026\/03\/El-agente-secreto.jpg","twitter_creator":"@https:\/\/x.com\/pepi_goncalves","twitter_site":"@obolocultural","twitter_misc":{"Escrito por":"Irene Gon\u00e7alves","Tiempo de lectura":"3 minutos"},"schema":{"@context":"https:\/\/schema.org","@graph":[{"@type":"NewsArticle","@id":"https:\/\/cooltivarte.com\/portal\/el-color-y-la-memoria-en-el-agente-secreto\/#article","isPartOf":{"@id":"https:\/\/cooltivarte.com\/portal\/el-color-y-la-memoria-en-el-agente-secreto\/"},"author":{"name":"Irene Gon\u00e7alves","@id":"https:\/\/cooltivarte.com\/portal\/#\/schema\/person\/b35fd7451c462917e756717de07c396e"},"headline":"El color y la memoria en &#8220;El agente secreto&#8221;","datePublished":"2026-03-04T23:49:56+00:00","dateModified":"2026-03-04T23:51:02+00:00","mainEntityOfPage":{"@id":"https:\/\/cooltivarte.com\/portal\/el-color-y-la-memoria-en-el-agente-secreto\/"},"wordCount":547,"publisher":{"@id":"https:\/\/cooltivarte.com\/portal\/#organization"},"image":{"@id":"https:\/\/cooltivarte.com\/portal\/el-color-y-la-memoria-en-el-agente-secreto\/#primaryimage"},"thumbnailUrl":"https:\/\/cooltivarte.com\/portal\/wp-content\/uploads\/2026\/03\/El-agente-secreto.jpg","keywords":["Cine","Cinema Novo","El agente secreto","Wagner Moura"],"articleSection":["Cine y TV"],"inLanguage":"es-AR"},{"@type":"WebPage","@id":"https:\/\/cooltivarte.com\/portal\/el-color-y-la-memoria-en-el-agente-secreto\/","url":"https:\/\/cooltivarte.com\/portal\/el-color-y-la-memoria-en-el-agente-secreto\/","name":"El color y la memoria en \"El agente secreto\" - Cooltivarte Portal","isPartOf":{"@id":"https:\/\/cooltivarte.com\/portal\/#website"},"primaryImageOfPage":{"@id":"https:\/\/cooltivarte.com\/portal\/el-color-y-la-memoria-en-el-agente-secreto\/#primaryimage"},"image":{"@id":"https:\/\/cooltivarte.com\/portal\/el-color-y-la-memoria-en-el-agente-secreto\/#primaryimage"},"thumbnailUrl":"https:\/\/cooltivarte.com\/portal\/wp-content\/uploads\/2026\/03\/El-agente-secreto.jpg","datePublished":"2026-03-04T23:49:56+00:00","dateModified":"2026-03-04T23:51:02+00:00","description":"Sal\u00ed del cine con la sensaci\u00f3n de haber asistido no a una intriga, sino a una apertura lenta. \u201cEl agente secreto\u201d no avanza: se despliega.","breadcrumb":{"@id":"https:\/\/cooltivarte.com\/portal\/el-color-y-la-memoria-en-el-agente-secreto\/#breadcrumb"},"inLanguage":"es-AR","potentialAction":[{"@type":"ReadAction","target":["https:\/\/cooltivarte.com\/portal\/el-color-y-la-memoria-en-el-agente-secreto\/"]}]},{"@type":"ImageObject","inLanguage":"es-AR","@id":"https:\/\/cooltivarte.com\/portal\/el-color-y-la-memoria-en-el-agente-secreto\/#primaryimage","url":"https:\/\/cooltivarte.com\/portal\/wp-content\/uploads\/2026\/03\/El-agente-secreto.jpg","contentUrl":"https:\/\/cooltivarte.com\/portal\/wp-content\/uploads\/2026\/03\/El-agente-secreto.jpg","width":800,"height":450,"caption":"El agente secreto"},{"@type":"BreadcrumbList","@id":"https:\/\/cooltivarte.com\/portal\/el-color-y-la-memoria-en-el-agente-secreto\/#breadcrumb","itemListElement":[{"@type":"ListItem","position":1,"name":"Portada","item":"https:\/\/cooltivarte.com\/portal\/"},{"@type":"ListItem","position":2,"name":"El color y la memoria en &#8220;El agente secreto&#8221;"}]},{"@type":"WebSite","@id":"https:\/\/cooltivarte.com\/portal\/#website","url":"https:\/\/cooltivarte.com\/portal\/","name":"Cooltivarte Portal","description":"Arte, cultura y turismo para el mundo ...","publisher":{"@id":"https:\/\/cooltivarte.com\/portal\/#organization"},"potentialAction":[{"@type":"SearchAction","target":{"@type":"EntryPoint","urlTemplate":"https:\/\/cooltivarte.com\/portal\/?s={search_term_string}"},"query-input":{"@type":"PropertyValueSpecification","valueRequired":true,"valueName":"search_term_string"}}],"inLanguage":"es-AR"},{"@type":"Organization","@id":"https:\/\/cooltivarte.com\/portal\/#organization","name":"cooltivarte","url":"https:\/\/cooltivarte.com\/portal\/","logo":{"@type":"ImageObject","inLanguage":"es-AR","@id":"https:\/\/cooltivarte.com\/portal\/#\/schema\/logo\/image\/","url":"https:\/\/cooltivarte.com\/portal\/wp-content\/uploads\/2020\/04\/logo-cooltivarte-v2.png","contentUrl":"https:\/\/cooltivarte.com\/portal\/wp-content\/uploads\/2020\/04\/logo-cooltivarte-v2.png","width":851,"height":243,"caption":"cooltivarte"},"image":{"@id":"https:\/\/cooltivarte.com\/portal\/#\/schema\/logo\/image\/"},"sameAs":["https:\/\/www.facebook.com\/cooltivartecom\/","https:\/\/x.com\/obolocultural","https:\/\/www.instagram.com\/_cooltivarte_\/","https:\/\/www.linkedin.com\/company\/-bolocultural?reportsuccess=8zaNG1HwhPbAR9iQhZ5rfGeqz_vQFftHun0ZWU0Wy9vNemRJ8vtcKdJvzQfW8XagyOJSKg0XvfJ1dp","https:\/\/www.pinterest.com\/cooltivarte\/","https:\/\/cooltivarte.tumblr.com\/","https:\/\/www.tiktok.com\/@cooltivarte","https:\/\/www.youtube.com\/@PrensaCooltivarte"]},{"@type":"Person","@id":"https:\/\/cooltivarte.com\/portal\/#\/schema\/person\/b35fd7451c462917e756717de07c396e","name":"Irene Gon\u00e7alves","image":{"@type":"ImageObject","inLanguage":"es-AR","@id":"https:\/\/cooltivarte.com\/portal\/wp-content\/uploads\/2025\/12\/irene-120x120.jpg","url":"https:\/\/cooltivarte.com\/portal\/wp-content\/uploads\/2025\/12\/irene-120x120.jpg","contentUrl":"https:\/\/cooltivarte.com\/portal\/wp-content\/uploads\/2025\/12\/irene-120x120.jpg","caption":"Irene Gon\u00e7alves"},"description":"Soy Irene Gon\u00e7alves, productora audiovisual, gestora cultural, docente con m\u00e1s de 30 a\u00f1os de experiencia en Uruguay y Am\u00e9rica Latina. He coordinado proyectos educativos y culturales en instituciones como UTU, CURE y la EICTV de Cuba, y particip\u00e9 en pol\u00edticas culturales y sociales desde el \u00e1mbito municipal, feminista y comunitario. Al mismo tiempo, soy Pepi , artista, ilustradora y grafitera, fundadora de la colectiva Mujeres Audiovisuales del Uruguay, concejala en Maldonado y promotora de iniciativas colectivas como Pantalla Maldonado, la Mesa de Candombe y la primera Selecci\u00f3n Femenina de F\u00fatbol de Maldonado. Me defino como productora, activista, gestora y creadora : disl\u00e9xica, arendtiana. Mi prop\u00f3sito es articular arte, pol\u00edtica y comunidad para construir cultura desde el territorio, con perspectiva de g\u00e9nero, diversidad y derechos.","sameAs":["https:\/\/www.facebook.com\/cooltivartecom\/","https:\/\/www.instagram.com\/_cooltivarte_","https:\/\/www.linkedin.com\/in\/pepigoncalvez\/","https:\/\/www.pinterest.com\/cooltivarte\/","https:\/\/x.com\/https:\/\/x.com\/pepi_goncalves","https:\/\/www.youtube.com\/@PrensaCooltivarte","https:\/\/cooltivarte.tumblr.com\/"],"url":"https:\/\/cooltivarte.com\/portal\/author\/irene-pepi\/"}]}},"_links":{"self":[{"href":"https:\/\/cooltivarte.com\/portal\/wp-json\/wp\/v2\/posts\/123614","targetHints":{"allow":["GET"]}}],"collection":[{"href":"https:\/\/cooltivarte.com\/portal\/wp-json\/wp\/v2\/posts"}],"about":[{"href":"https:\/\/cooltivarte.com\/portal\/wp-json\/wp\/v2\/types\/post"}],"author":[{"embeddable":true,"href":"https:\/\/cooltivarte.com\/portal\/wp-json\/wp\/v2\/users\/242"}],"replies":[{"embeddable":true,"href":"https:\/\/cooltivarte.com\/portal\/wp-json\/wp\/v2\/comments?post=123614"}],"version-history":[{"count":1,"href":"https:\/\/cooltivarte.com\/portal\/wp-json\/wp\/v2\/posts\/123614\/revisions"}],"predecessor-version":[{"id":123616,"href":"https:\/\/cooltivarte.com\/portal\/wp-json\/wp\/v2\/posts\/123614\/revisions\/123616"}],"wp:featuredmedia":[{"embeddable":true,"href":"https:\/\/cooltivarte.com\/portal\/wp-json\/wp\/v2\/media\/123615"}],"wp:attachment":[{"href":"https:\/\/cooltivarte.com\/portal\/wp-json\/wp\/v2\/media?parent=123614"}],"wp:term":[{"taxonomy":"category","embeddable":true,"href":"https:\/\/cooltivarte.com\/portal\/wp-json\/wp\/v2\/categories?post=123614"},{"taxonomy":"post_tag","embeddable":true,"href":"https:\/\/cooltivarte.com\/portal\/wp-json\/wp\/v2\/tags?post=123614"}],"curies":[{"name":"wp","href":"https:\/\/api.w.org\/{rel}","templated":true}]}}