{"id":123543,"date":"2026-03-01T12:43:52","date_gmt":"2026-03-01T15:43:52","guid":{"rendered":"https:\/\/cooltivarte.com\/portal\/?p=123543"},"modified":"2026-03-01T12:43:52","modified_gmt":"2026-03-01T15:43:52","slug":"vanesa-martin-en-teatro-el-galpon","status":"publish","type":"post","link":"https:\/\/cooltivarte.com\/portal\/vanesa-martin-en-teatro-el-galpon\/","title":{"rendered":"Vanesa Mart\u00edn en Teatro El Galp\u00f3n"},"content":{"rendered":"<p><img fetchpriority=\"high\" decoding=\"async\" class=\"aligncenter wp-image-123547 size-large\" title=\"VANESA MARTIN \u201cCASA MIA\u201d (Sala Campod\u00f3nico)\" src=\"https:\/\/cooltivarte.com\/portal\/wp-content\/uploads\/2026\/03\/VANESA-MARTIN-1024x536.jpg\" alt=\"VANESA MARTIN \u201cCASA MIA\u201d (Sala Campod\u00f3nico)\" width=\"1024\" height=\"536\" srcset=\"https:\/\/cooltivarte.com\/portal\/wp-content\/uploads\/2026\/03\/VANESA-MARTIN-1024x536.jpg 1024w, https:\/\/cooltivarte.com\/portal\/wp-content\/uploads\/2026\/03\/VANESA-MARTIN-300x157.jpg 300w, https:\/\/cooltivarte.com\/portal\/wp-content\/uploads\/2026\/03\/VANESA-MARTIN-768x402.jpg 768w, https:\/\/cooltivarte.com\/portal\/wp-content\/uploads\/2026\/03\/VANESA-MARTIN.jpg 1200w\" sizes=\"(max-width: 1024px) 100vw, 1024px\" \/><\/p>\n<p>&nbsp;<\/p>\n<p><strong>Vanesa Mart\u00edn en Teatro El Galp\u00f3n<\/strong><br \/>\n<strong>5 de mayo 2026<\/strong><br \/>\n<a href=\"https:\/\/redtickets.uy\/evento\/VANESA-MARTIN-CASA-MIA-Sala-Campodonico\/27667\/\" target=\"_blank\" rel=\"noopener\">Entradas<\/a><\/p>\n<p>&nbsp;<\/p>\n<h3><strong>VANESA MARTIN LLEGA CON SU M\u00c1GICO TOUR \u201cCASA MIA\u201d<\/strong><\/h3>\n<p>&nbsp;<\/p>\n<p><strong>Vanesa Mart\u00edn<\/strong> no es una artista de caminos trazados. Ella los inventa. Desde que lleg\u00f3 a Madrid con una guitarra al hombro y con la intuici\u00f3n por bandera, construy\u00f3 su historia a base de cantar sin disfraz y sin estrategia, como ella es. Con una voz que te toca sin pedir permiso. Su verdad, su talento, su pasi\u00f3n desmedida por la m\u00fasica y su trabajo incansable la han puesto en su sitio: una de las referentes femeninas m\u00e1s relevantes de la m\u00fasica en espa\u00f1ol. Su carrera es un viaje de fondo: sin prisas, sin artificios, pero con una ra\u00edz firme y una emoci\u00f3n que traspasa. Vanesa Mart\u00edn ha consolidado un estilo propio inconfundible. Ahora lanza \u201cCASA M\u00cdA&#8221;, su disco m\u00e1s libre, honesto y valiente: una mezcla entre la ra\u00edz y la vanguardia. Una invitaci\u00f3n a entrar en su mundo, donde no hay juicio, solo m\u00fasica y verdad. Desde sus comienzos Vanesa Mart\u00edn no buscaba gustar. Buscaba ser. Y eso no ha cambiado. Porque Vanesa sigue escribiendo desde la autenticidad. Y su nuevo disco, Casa M\u00eda, es el reflejo m\u00e1s honesto, valiente y completo de todo lo que ha sido y todo lo que se atreve a ser. Casa M\u00eda es el noveno \u00e1lbum de su carrera, el primero junto a Universal Music. Doce canciones que transitan por la emoci\u00f3n, el deseo, la pertenencia, la despedida, la libertad. Una declaraci\u00f3n de identidad, donde la artista se libera de etiquetas y se abraza entera: la de M\u00e1laga, la de Madrid, la ni\u00f1a, la mujer, la artista, la de ra\u00edz y la de vanguardia, la que escribe con el alma y canta con las entra\u00f1as. \u201cNunca me sent\u00ed en una categor\u00eda. Las etiquetas me han hecho da\u00f1o. Este disco es mi forma de decir: no encajo, porque vine a abrir caminos\u201d, confiesa.<\/p>\n<p>&nbsp;<\/p>\n<p>&nbsp;<\/p>\n<p><strong>Sobre la artista:<\/strong><\/p>\n<p><a href=\"https:\/\/www.instagram.com\/vanesamartin_\/\" target=\"_blank\" rel=\"noopener\"><strong>Vanesa Mart\u00edn<\/strong><\/a> (M\u00e1laga, 1980) es una cantautora espa\u00f1ola que comenz\u00f3 a escribir canciones desde muy joven. A los seis a\u00f1os recibi\u00f3 su primera guitarra, lo que despert\u00f3 su pasi\u00f3n por la m\u00fasica y marc\u00f3 el inicio de sus primeras composiciones. Combin\u00f3 su formaci\u00f3n musical con actuaciones en salas, radios y televisiones locales.<\/p>\n<p>En 2003 se traslada a Madrid y comienza a presentarse en espacios emblem\u00e1ticos como El B\u00faho Real. Su primer disco, Agua (2006), la sit\u00faa en el panorama musical nacional, sonando en las principales emisoras y realizando su primera gran gira. Su segundo trabajo, Trampas (2009), entra por primera vez en las listas de discos m\u00e1s vendidos y le permite llenar teatros como el Lope de Vega (Sevilla) o el Cervantes (M\u00e1laga).<\/p>\n<p>Con Cuesti\u00f3n de piel (2012), Vanesa afianza su lugar como una de las cantautoras m\u00e1s destacadas, contando con colaboraciones de Mal\u00fa, Pablo Albor\u00e1n y La Mari. Dos a\u00f1os despu\u00e9s lanza Cr\u00f3nica de un baile (2014), su primer Disco de Platino, que incluye \u00e9xitos como \u201cSin saber por qu\u00e9\u201d.<\/p>\n<p>En 2016 publica Munay, un \u00e1lbum con m\u00e1s de 70 conciertos en Espa\u00f1a y Am\u00e9rica, superando los 200.000 asistentes. Su reedici\u00f3n incluye el directo grabado en la Plaza de Toros de M\u00e1laga. En 2018 presenta Todas las mujeres que habitan en m\u00ed, que alcanza Disco de Oro y Platino, con colaboraciones de Abel Pintos, Kany Garc\u00eda y Mariza, y una gira internacional que finaliza en el Teatro Fillmore de Miami con entradas agotadas.<\/p>\n<p>Su s\u00e9ptimo disco, Siete veces s\u00ed (2020), incluye temas como \u201cY vuelo\u201d y es reeditado en 2021, logrando Disco de Platino. En 2022 lanza Placeres y pecados, grabado entre Espa\u00f1a y Miami, con colaboraciones de Jesse &amp; Joy y Sara Baras. Este trabajo le vali\u00f3 dos nominaciones a los Latin Grammy\u00ae.En 2025 publica su noveno \u00e1lbum, Casa M\u00eda, un trabajo introspectivo y valiente con canciones como \u201cObjetos perdidos\u201d y una colaboraci\u00f3n con Joaqu\u00edn Sabina en \u201cNo nos supimos querer\u201d. Este disco vendr\u00e1 acompa\u00f1ado de una nueva gira internacional. A lo largo de su carrera, Vanesa ha sido reconocida con galardones como la Medalla de Andaluc\u00eda, la Medalla de Oro de M\u00e1laga, el Premio Ondas a la Mejor Comunicaci\u00f3n Musical, varios Premios Dial y el Premio Ode\u00f3n a la Mejor Artista Femenina, entre otros.<\/p>\n<p>Adem\u00e1s de su labor como int\u00e9rprete, ha escrito canciones para artistas como India Mart\u00ednez (\u201c90 minutos\u201d), Raphael, Pastora Soler o Sergio Dalma. Respetada por sus colegas, ha compartido escenario con figuras como Joaqu\u00edn Sabina, Alejandro Sanz, Ana Bel\u00e9n, Pablo Albor\u00e1n y Miguel Bos\u00e9. Vanesa Mart\u00edn es una de las artistas m\u00e1s queridas del panorama musical espa\u00f1ol e internacional, con una trayectoria s\u00f3lida que la ha llevado a actuar en pa\u00edses como M\u00e9xico, Argentina, Chile, Estados Unidos y muchos m\u00e1s.<\/p>\n<p>&nbsp;<\/p>\n<p>&nbsp;<\/p>\n<p><iframe title=\"Spotify Embed: Vanesa Mart\u00edn\" style=\"border-radius: 12px\" width=\"100%\" height=\"352\" frameborder=\"0\" allowfullscreen allow=\"autoplay; clipboard-write; encrypted-media; fullscreen; picture-in-picture\" loading=\"lazy\" src=\"https:\/\/open.spotify.com\/embed\/artist\/5kSJMVPcTITrSZxTrHllVN?si=NX2DlXKISn-jczhIozk8gQ&amp;utm_source=oembed\"><\/iframe><\/p>\n<p>&nbsp;<\/p>\n<h2 class=\"tour-title\">Eventos &#8211; Tour 2026<\/h2>\n<div class=\"entradastable-new\">\n<div class=\"info\">\n<div class=\"fecha\">\n<p>MAY&nbsp;8&nbsp;2026<\/p>\n<\/div>\n<div>\n<p>Viernes<\/p>\n<h2>BUENOS AIRES, AR<\/h2>\n<p>Teatro Gran Rex<\/p>\n<\/div>\n<\/div>\n<div class=\"buy\">\n<a class=\"button button--primary\" href=\"https:\/\/www.tuentrada.com\/eventos\/detalle\/Vanesa-Martin\/494650970265\">Comprar entradas<\/a><\/div>\n<\/div>\n<div class=\"entradastable-new\">\n<div class=\"info\">\n<div class=\"fecha\">\n<p>&nbsp;<\/p>\n<p>MAY&nbsp;10&nbsp;2026&nbsp;<\/p>\n<\/div>\n<div>\n<p>Domingo<\/p>\n<h2>ROSARIO, AR<\/h2>\n<p>Teatro Broadway<\/p>\n<\/div>\n<\/div>\n<div class=\"buy\">\n<a class=\"button button--primary\" href=\"https:\/\/www.tuticket.com.ar\/2014-vanesa-martin\">Comprar entradas<\/a><\/div>\n<\/div>\n<div class=\"entradastable-new\">\n<div class=\"info\">\n<div class=\"fecha\">\n<p>&nbsp;<\/p>\n<p>MAY&nbsp;13&nbsp;2026<\/p>\n<\/div>\n<div>\n<p>Mi\u00e9rcoles<\/p>\n<h2>C\u00d3RDOBA, AR<\/h2>\n<p>Quality Espacio<\/p>\n<\/div>\n<\/div>\n<div class=\"buy\">\n<a class=\"button button--primary\" href=\"https:\/\/www.ticketek.com.ar\/vanesa-martin\/quality-espacio\">Comprar entradas<\/a><\/div>\n<\/div>\n<div class=\"entradastable-new\">\n<div class=\"info\">\n<div class=\"fecha\">\n<p>&nbsp;<\/p>\n<p>MAY&nbsp;15&nbsp;2026<\/p>\n<\/div>\n<div>\n<p>Viernes<\/p>\n<h2>MENDOZA, AR<\/h2>\n<p>Arena Maip\u00fa<\/p>\n<\/div>\n<\/div>\n<div class=\"buy\">\n<a class=\"button button--primary\" href=\"https:\/\/www.ticketek.com.ar\/vanesa-martin\/arena-maipu\">Comprar entradas<\/a><\/div>\n<\/div>\n<div class=\"entradastable-new\">\n<div class=\"info\">\n<div class=\"fecha\">\n<p>&nbsp;<\/p>\n<p>JUN&nbsp;6&nbsp;2026<\/p>\n<\/div>\n<div>\n<p>S\u00e1bado<\/p>\n<h2>JA\u00c9N<\/h2>\n<p>Auditorio La Alameda<\/p>\n<\/div>\n<\/div>\n<div class=\"buy\">\n<a class=\"button button--primary\" href=\"https:\/\/inalaproducciones.es\/vanesa-martin-2026\/\">Comprar entradas<\/a><\/div>\n<\/div>\n<div class=\"entradastable-new\">\n<div class=\"info\">\n<div class=\"fecha\">\n<p>&nbsp;<\/p>\n<p>JUN&nbsp;12&nbsp;2026<\/p>\n<\/div>\n<div>\n<p>Viernes &#8211; 22:00h<\/p>\n<h2>LUCENA<\/h2>\n<p>Plaza de Toros de Lucena<\/p>\n<\/div>\n<\/div>\n<div class=\"buy\">\n<a class=\"button button--primary\" href=\"https:\/\/www.giglon.com\/todos?idEvent=vanesa-martin---tour-casa-mia-en-lucena\">Comprar entradas<\/a><\/div>\n<\/div>\n<div class=\"entradastable-new\">\n<div class=\"info\">\n<div class=\"fecha\">\n<p>&nbsp;<\/p>\n<p>JUL&nbsp;10&nbsp;2026<\/p>\n<\/div>\n<div>\n<p>Viernes<\/p>\n<h2>BARCELONA<\/h2>\n<p>Les Nits de Barcelona<\/p>\n<\/div>\n<\/div>\n<div class=\"buy\">\n<a class=\"button button--primary\" href=\"https:\/\/tickets.oneboxtds.com\/lesnitsdebarcelonapalaupedralbes\/select\/2670759?hl=es-ES\">Comprar entradas<\/a><\/div>\n<\/div>\n<div class=\"entradastable-new\">\n<div class=\"info\">\n<div class=\"fecha\">\n<p>&nbsp;<\/p>\n<p>AGO&nbsp;8&nbsp;&nbsp;2026<\/p>\n<\/div>\n<div>\n<p>Jueves<\/p>\n<h2>LA ANTILLA<\/h2>\n<p>Playa Sonora<\/p>\n<\/div>\n<\/div>\n<div class=\"buy\">\n<a class=\"button button--primary\" href=\"https:\/\/compra.eventick.es\/evento\/playa-sonora-festival-la-antilla-2026\">Comprar entradas<\/a><\/div>\n<\/div>\n<div class=\"entradastable-new\">\n<div class=\"info\">\n<div class=\"fecha\">\n<p>&nbsp;<\/p>\n<p>AGO&nbsp;9&nbsp;2026<\/p>\n<\/div>\n<div>\n<p>Viernes<\/p>\n<h2>ALGECIRAS<\/h2>\n<p>Cabaret Festival<\/p>\n<\/div>\n<\/div>\n<div class=\"buy\">\n<a class=\"button button--primary\" href=\"https:\/\/www.elcorteingles.es\/entradas\/channels\/concert-tour\/performance\/performance-52331523314584-eci_concerttour-channel\">Comprar entradas<\/a><\/div>\n<\/div>\n<div class=\"entradastable-new\">\n<div class=\"info\">\n<div class=\"fecha\">\n<p>&nbsp;<\/p>\n<p>AGO&nbsp;15&nbsp;2026<\/p>\n<\/div>\n<div>\n<p>S\u00e1bado<\/p>\n<h2>EL PUERTO DE SANTA MAR\u00cdA<\/h2>\n<p>Cabaret Festival<\/p>\n<\/div>\n<\/div>\n<div class=\"buy\">\n<a class=\"button button--primary\" href=\"https:\/\/www.elcorteingles.es\/entradas\/conciertos\/entradas-vanesa-martin-cabaret-festival-puerto-de-santa-maria-el-2026-08-15\/\">Comprar entradas<\/a><\/div>\n<\/div>\n<div class=\"entradastable-new\">\n<div class=\"info\">\n<div class=\"fecha\">\n<p>&nbsp;<\/p>\n<p>AGO&nbsp;29&nbsp;2026<\/p>\n<\/div>\n<div>\n<p>S\u00e1bado<\/p>\n<h2>ALCAL\u00c1 DE HENARES<\/h2>\n<p>Los Conciertos de la Muralla<\/p>\n<\/div>\n<\/div>\n<div class=\"buy\">\n<a class=\"button button--primary\" href=\"https:\/\/www.losconciertosdelamuralla.com\/vanesa-martin-alcala-de-henares-29-de-agosto\">Comprar entradas<\/a><\/div>\n<\/div>\n<div class=\"entradastable-new\">\n<div class=\"info\">\n<div class=\"fecha\">\n<p>&nbsp;<\/p>\n<p>SEP&nbsp;5&nbsp;2026<\/p>\n<\/div>\n<div>\n<p>S\u00e1bado<\/p>\n<h2>TOLEDO<\/h2>\n<p>Plaza de Toros<\/p>\n<\/div>\n<\/div>\n<div class=\"buy\">\n<a class=\"button button--primary\" href=\"https:\/\/sysproducciones.com\/vanesa-martin-toledo-entradas\/#events\/Q7MH\">Comprar entradas<\/a><\/div>\n<\/div>\n<div class=\"entradastable-new\">\n<div class=\"info\">\n<div class=\"fecha\">\n<p>&nbsp;<\/p>\n<p>SEP&nbsp;11&nbsp;2026<\/p>\n<\/div>\n<div>\n<p>S\u00e1bado<\/p>\n<h2>ALICANTE<\/h2>\n<p>El Muelle Live<\/p>\n<\/div>\n<\/div>\n<div class=\"buy\">\n<a class=\"button button--primary\" href=\"https:\/\/www.elmuellelive.com\/evento\/vanesa-martin-alicante\/\">Comprar entradas<\/a><\/div>\n<\/div>\n<div class=\"entradastable-new\">\n<div class=\"info\">\n<div class=\"fecha\">\n<p>&nbsp;<\/p>\n<p>SEP&nbsp;17&nbsp;2026<\/p>\n<\/div>\n<div>\n<p>Jueves<\/p>\n<h2>SEVILLA<\/h2>\n<p>Cabaret Festival<\/p>\n<\/div>\n<\/div>\n<div class=\"buy\">\n<a class=\"button button--primary\" href=\"https:\/\/www.elcorteingles.es\/entradas\/conciertos\/entradas-vanesa-martin-cabaret-festival-mairena-del-aljarafe-52193521934560\/\">Comprar entradas<\/a><\/div>\n<\/div>\n<div>&nbsp;<\/div>\n<div>&nbsp;<\/div>\n<div>&nbsp;<\/div>\n<div>&nbsp;<\/div>\n<div>&nbsp;<\/div>\n<div>&nbsp;<\/div>\n","protected":false},"excerpt":{"rendered":"<p>Vanesa Mart\u00edn en Teatro El Galp\u00f3n<br \/>\n5 de mayo 2026<br \/>\nEntradas<\/p>\n<p>VANESA MARTIN LLEGA CON SU M\u00c1GICO TOUR \u201cCASA MIA\u201d<\/p>\n<p>Vanesa Mart\u00edn no es una artista de caminos trazados. Ella los inventa. Desde que lleg\u00f3 a Madrid con una guitarra al hombro y con la intuici\u00f3n por bandera, construy\u00f3 su historia a base de cantar sin disfraz y sin estrategia, como ella es. Con una voz que te toca sin pedir permiso. Su verdad, su talento, su pasi\u00f3n desmedida por la m\u00fasica y su trabajo incansable la han puesto en su sitio: una de las referentes femeninas m\u00e1s relevantes de la m\u00fasica en espa\u00f1ol. Su carrera es un viaje de fondo: sin prisas, sin artificios, pero con una ra\u00edz firme y una emoci\u00f3n que traspasa. Vanesa Mart\u00edn ha consolidado un estilo propio inconfundible. Ahora lanza \u201cCASA M\u00cdA&#8221;, su disco m\u00e1s libre, honesto y valiente: una mezcla entre la ra\u00edz y la vanguardia. Una invitaci\u00f3n a entrar en su mundo, donde no hay juicio, solo m\u00fasica y verdad. Desde sus comienzos Vanesa Mart\u00edn no buscaba gustar. Buscaba ser. Y eso no ha cambiado. Porque Vanesa sigue escribiendo desde la autenticidad. Y su nuevo disco, Casa M\u00eda, es el reflejo m\u00e1s honesto, valiente y completo de todo lo que ha sido y todo lo que se atreve a ser. Casa M\u00eda es el noveno \u00e1lbum de su carrera, el primero junto a Universal Music. Doce canciones que transitan por la emoci\u00f3n, el deseo, la pertenencia, la despedida, la libertad. Una declaraci\u00f3n de identidad, donde la artista se libera de etiquetas y se abraza entera: la de M\u00e1laga, la de Madrid, la ni\u00f1a, la mujer, la artista, la de ra\u00edz y la de vanguardia, la que escribe con el alma y canta con las entra\u00f1as. \u201cNunca me sent\u00ed en una categor\u00eda. Las etiquetas me han hecho da\u00f1o. Este disco es mi forma de decir: no encajo, porque vine a abrir caminos\u201d, confiesa.<\/p>\n","protected":false},"author":8,"featured_media":123547,"comment_status":"closed","ping_status":"closed","sticky":false,"template":"","format":"standard","meta":{"om_disable_all_campaigns":false,"ngg_post_thumbnail":0,"jnews-multi-image_gallery":[],"jnews_single_post":{"format":"standard","override":[{"template":"4","parallax":"1","layout":"right-sidebar","sidebar":"default-sidebar","second_sidebar":"default-sidebar","sticky_sidebar":"1","share_position":"bottom","share_float_style":"share-monocrhome","show_share_counter":"1","show_view_counter":"1","show_featured":"1","show_post_meta":"1","show_post_author":"1","show_post_author_image":"1","show_post_date":"1","post_date_format":"default","post_date_format_custom":"Y\/m\/d","show_post_category":"1","post_reading_time_wpm":"300","post_calculate_word_method":"str_word_count","zoom_button_out_step":"2","zoom_button_in_step":"3","show_post_tag":"1","show_prev_next_post":"1","show_popup_post":"1","show_comment_section":"1","number_popup_post":"1","show_author_box":"1","show_post_related":"0","show_inline_post_related":"0"}],"image_override":[{"single_post_thumbnail_size":"no-crop","single_post_gallery_size":"crop-500"}],"trending_post_position":"meta","trending_post_label":"Trending","sponsored_post_label":"Sponsored by","disable_ad":"0","subtitle":"5 de mayo 2026"},"jnews_primary_category":[],"jnews_social_meta":[],"jnews_override_counter":{"view_counter_number":"0","share_counter_number":"0","like_counter_number":"0","dislike_counter_number":"0"},"footnotes":""},"categories":[3394],"tags":[25873,566,11288],"class_list":["post-123543","post","type-post","status-publish","format-standard","has-post-thumbnail","hentry","category-eventos","tag-casa-mia","tag-teatro-el-galpon","tag-vanesa-martin"],"yoast_head":"<!-- This site is optimized with the Yoast SEO plugin v27.5 - https:\/\/yoast.com\/product\/yoast-seo-wordpress\/ -->\n<title>Vanesa Mart\u00edn en Teatro El Galp\u00f3n - Cooltivarte Portal<\/title>\n<meta name=\"description\" content=\"Vanesa Mart\u00edn no es una artista de caminos trazados. Ella los inventa. Desde que lleg\u00f3 a Madrid con una guitarra al hombro y con la intuici\u00f3n por bandera, construy\u00f3 su historia a base de cantar sin disfraz y sin estrategia, como ella es.\" \/>\n<meta name=\"robots\" content=\"index, follow, max-snippet:-1, max-image-preview:large, max-video-preview:-1\" \/>\n<link rel=\"canonical\" href=\"https:\/\/cooltivarte.com\/portal\/vanesa-martin-en-teatro-el-galpon\/\" \/>\n<meta property=\"og:locale\" content=\"es_ES\" \/>\n<meta property=\"og:type\" content=\"article\" \/>\n<meta property=\"og:title\" content=\"Vanesa Mart\u00edn en Teatro El Galp\u00f3n - 5 de mayo 2026\" \/>\n<meta property=\"og:description\" content=\"Vanesa Mart\u00edn no es una artista de caminos trazados. Ella los inventa. Desde que lleg\u00f3 a Madrid con una guitarra al hombro y con la intuici\u00f3n por bandera, construy\u00f3 su historia a base de cantar sin disfraz y sin estrategia, como ella es.\" \/>\n<meta property=\"og:url\" content=\"https:\/\/cooltivarte.com\/portal\/vanesa-martin-en-teatro-el-galpon\/\" \/>\n<meta property=\"og:site_name\" content=\"Cooltivarte Portal\" \/>\n<meta property=\"article:publisher\" content=\"https:\/\/www.facebook.com\/cooltivartecom\/\" \/>\n<meta property=\"article:author\" content=\"https:\/\/www.facebook.com\/cooltivartecom\" \/>\n<meta property=\"article:published_time\" content=\"2026-03-01T15:43:52+00:00\" \/>\n<meta property=\"og:image\" content=\"https:\/\/cooltivarte.com\/portal\/wp-content\/uploads\/2026\/03\/VANESA-MARTIN.jpg\" \/>\n\t<meta property=\"og:image:width\" content=\"1200\" \/>\n\t<meta property=\"og:image:height\" content=\"628\" \/>\n\t<meta property=\"og:image:type\" content=\"image\/jpeg\" \/>\n<meta name=\"author\" content=\"Cooltivarte\" \/>\n<meta name=\"twitter:card\" content=\"summary_large_image\" \/>\n<meta name=\"twitter:title\" content=\"Vanesa Mart\u00edn en Teatro El Galp\u00f3n - 5 de mayo 2026\" \/>\n<meta name=\"twitter:description\" content=\"Vanesa Mart\u00edn no es una artista de caminos trazados. Ella los inventa. Desde que lleg\u00f3 a Madrid con una guitarra al hombro y con la intuici\u00f3n por bandera, construy\u00f3 su historia a base de cantar sin disfraz y sin estrategia, como ella es.\" \/>\n<meta name=\"twitter:image\" content=\"https:\/\/cooltivarte.com\/portal\/wp-content\/uploads\/2026\/03\/VANESA-MARTIN.jpg\" \/>\n<meta name=\"twitter:creator\" content=\"@https:\/\/x.com\/obolocultural\" \/>\n<meta name=\"twitter:site\" content=\"@obolocultural\" \/>\n<meta name=\"twitter:label1\" content=\"Escrito por\" \/>\n\t<meta name=\"twitter:data1\" content=\"Cooltivarte\" \/>\n\t<meta name=\"twitter:label2\" content=\"Tiempo de lectura\" \/>\n\t<meta name=\"twitter:data2\" content=\"5 minutos\" \/>\n<!-- \/ Yoast SEO plugin. -->","yoast_head_json":{"title":"Vanesa Mart\u00edn en Teatro El Galp\u00f3n - Cooltivarte Portal","description":"Vanesa Mart\u00edn no es una artista de caminos trazados. Ella los inventa. Desde que lleg\u00f3 a Madrid con una guitarra al hombro y con la intuici\u00f3n por bandera, construy\u00f3 su historia a base de cantar sin disfraz y sin estrategia, como ella es.","robots":{"index":"index","follow":"follow","max-snippet":"max-snippet:-1","max-image-preview":"max-image-preview:large","max-video-preview":"max-video-preview:-1"},"canonical":"https:\/\/cooltivarte.com\/portal\/vanesa-martin-en-teatro-el-galpon\/","og_locale":"es_ES","og_type":"article","og_title":"Vanesa Mart\u00edn en Teatro El Galp\u00f3n - 5 de mayo 2026","og_description":"Vanesa Mart\u00edn no es una artista de caminos trazados. Ella los inventa. Desde que lleg\u00f3 a Madrid con una guitarra al hombro y con la intuici\u00f3n por bandera, construy\u00f3 su historia a base de cantar sin disfraz y sin estrategia, como ella es.","og_url":"https:\/\/cooltivarte.com\/portal\/vanesa-martin-en-teatro-el-galpon\/","og_site_name":"Cooltivarte Portal","article_publisher":"https:\/\/www.facebook.com\/cooltivartecom\/","article_author":"https:\/\/www.facebook.com\/cooltivartecom","article_published_time":"2026-03-01T15:43:52+00:00","og_image":[{"width":1200,"height":628,"url":"https:\/\/cooltivarte.com\/portal\/wp-content\/uploads\/2026\/03\/VANESA-MARTIN.jpg","type":"image\/jpeg"}],"author":"Cooltivarte","twitter_card":"summary_large_image","twitter_title":"Vanesa Mart\u00edn en Teatro El Galp\u00f3n - 5 de mayo 2026","twitter_description":"Vanesa Mart\u00edn no es una artista de caminos trazados. Ella los inventa. Desde que lleg\u00f3 a Madrid con una guitarra al hombro y con la intuici\u00f3n por bandera, construy\u00f3 su historia a base de cantar sin disfraz y sin estrategia, como ella es.","twitter_image":"https:\/\/cooltivarte.com\/portal\/wp-content\/uploads\/2026\/03\/VANESA-MARTIN.jpg","twitter_creator":"@https:\/\/x.com\/obolocultural","twitter_site":"@obolocultural","twitter_misc":{"Escrito por":"Cooltivarte","Tiempo de lectura":"5 minutos"},"schema":{"@context":"https:\/\/schema.org","@graph":[{"@type":"NewsArticle","@id":"https:\/\/cooltivarte.com\/portal\/vanesa-martin-en-teatro-el-galpon\/#article","isPartOf":{"@id":"https:\/\/cooltivarte.com\/portal\/vanesa-martin-en-teatro-el-galpon\/"},"author":{"name":"Cooltivarte","@id":"https:\/\/cooltivarte.com\/portal\/#\/schema\/person\/ec2a4f4e71b740d0c559c0ab9a157e19"},"headline":"Vanesa Mart\u00edn en Teatro El Galp\u00f3n","datePublished":"2026-03-01T15:43:52+00:00","mainEntityOfPage":{"@id":"https:\/\/cooltivarte.com\/portal\/vanesa-martin-en-teatro-el-galpon\/"},"wordCount":1053,"publisher":{"@id":"https:\/\/cooltivarte.com\/portal\/#organization"},"image":{"@id":"https:\/\/cooltivarte.com\/portal\/vanesa-martin-en-teatro-el-galpon\/#primaryimage"},"thumbnailUrl":"https:\/\/cooltivarte.com\/portal\/wp-content\/uploads\/2026\/03\/VANESA-MARTIN.jpg","keywords":["CASA MIA","Teatro El Galp\u00f3n","Vanesa Mart\u00edn"],"articleSection":["Eventos"],"inLanguage":"es-AR"},{"@type":"WebPage","@id":"https:\/\/cooltivarte.com\/portal\/vanesa-martin-en-teatro-el-galpon\/","url":"https:\/\/cooltivarte.com\/portal\/vanesa-martin-en-teatro-el-galpon\/","name":"Vanesa Mart\u00edn en Teatro El Galp\u00f3n - Cooltivarte Portal","isPartOf":{"@id":"https:\/\/cooltivarte.com\/portal\/#website"},"primaryImageOfPage":{"@id":"https:\/\/cooltivarte.com\/portal\/vanesa-martin-en-teatro-el-galpon\/#primaryimage"},"image":{"@id":"https:\/\/cooltivarte.com\/portal\/vanesa-martin-en-teatro-el-galpon\/#primaryimage"},"thumbnailUrl":"https:\/\/cooltivarte.com\/portal\/wp-content\/uploads\/2026\/03\/VANESA-MARTIN.jpg","datePublished":"2026-03-01T15:43:52+00:00","description":"Vanesa Mart\u00edn no es una artista de caminos trazados. Ella los inventa. Desde que lleg\u00f3 a Madrid con una guitarra al hombro y con la intuici\u00f3n por bandera, construy\u00f3 su historia a base de cantar sin disfraz y sin estrategia, como ella es.","breadcrumb":{"@id":"https:\/\/cooltivarte.com\/portal\/vanesa-martin-en-teatro-el-galpon\/#breadcrumb"},"inLanguage":"es-AR","potentialAction":[{"@type":"ReadAction","target":["https:\/\/cooltivarte.com\/portal\/vanesa-martin-en-teatro-el-galpon\/"]}]},{"@type":"ImageObject","inLanguage":"es-AR","@id":"https:\/\/cooltivarte.com\/portal\/vanesa-martin-en-teatro-el-galpon\/#primaryimage","url":"https:\/\/cooltivarte.com\/portal\/wp-content\/uploads\/2026\/03\/VANESA-MARTIN.jpg","contentUrl":"https:\/\/cooltivarte.com\/portal\/wp-content\/uploads\/2026\/03\/VANESA-MARTIN.jpg","width":1200,"height":628,"caption":"VANESA MARTIN \u201cCASA MIA\u201d (Sala Campod\u00f3nico)"},{"@type":"BreadcrumbList","@id":"https:\/\/cooltivarte.com\/portal\/vanesa-martin-en-teatro-el-galpon\/#breadcrumb","itemListElement":[{"@type":"ListItem","position":1,"name":"Portada","item":"https:\/\/cooltivarte.com\/portal\/"},{"@type":"ListItem","position":2,"name":"Vanesa Mart\u00edn en Teatro El Galp\u00f3n"}]},{"@type":"WebSite","@id":"https:\/\/cooltivarte.com\/portal\/#website","url":"https:\/\/cooltivarte.com\/portal\/","name":"Cooltivarte Portal","description":"Arte, cultura y turismo para el mundo ...","publisher":{"@id":"https:\/\/cooltivarte.com\/portal\/#organization"},"potentialAction":[{"@type":"SearchAction","target":{"@type":"EntryPoint","urlTemplate":"https:\/\/cooltivarte.com\/portal\/?s={search_term_string}"},"query-input":{"@type":"PropertyValueSpecification","valueRequired":true,"valueName":"search_term_string"}}],"inLanguage":"es-AR"},{"@type":"Organization","@id":"https:\/\/cooltivarte.com\/portal\/#organization","name":"cooltivarte","url":"https:\/\/cooltivarte.com\/portal\/","logo":{"@type":"ImageObject","inLanguage":"es-AR","@id":"https:\/\/cooltivarte.com\/portal\/#\/schema\/logo\/image\/","url":"https:\/\/cooltivarte.com\/portal\/wp-content\/uploads\/2020\/04\/logo-cooltivarte-v2.png","contentUrl":"https:\/\/cooltivarte.com\/portal\/wp-content\/uploads\/2020\/04\/logo-cooltivarte-v2.png","width":851,"height":243,"caption":"cooltivarte"},"image":{"@id":"https:\/\/cooltivarte.com\/portal\/#\/schema\/logo\/image\/"},"sameAs":["https:\/\/www.facebook.com\/cooltivartecom\/","https:\/\/x.com\/obolocultural","https:\/\/www.instagram.com\/_cooltivarte_\/","https:\/\/www.linkedin.com\/company\/-bolocultural?reportsuccess=8zaNG1HwhPbAR9iQhZ5rfGeqz_vQFftHun0ZWU0Wy9vNemRJ8vtcKdJvzQfW8XagyOJSKg0XvfJ1dp","https:\/\/www.pinterest.com\/cooltivarte\/","https:\/\/cooltivarte.tumblr.com\/","https:\/\/www.tiktok.com\/@cooltivarte","https:\/\/www.youtube.com\/@PrensaCooltivarte"]},{"@type":"Person","@id":"https:\/\/cooltivarte.com\/portal\/#\/schema\/person\/ec2a4f4e71b740d0c559c0ab9a157e19","name":"Cooltivarte","image":{"@type":"ImageObject","inLanguage":"es-AR","@id":"https:\/\/cooltivarte.com\/portal\/wp-content\/uploads\/2014\/05\/logo-cooltivarte-120x120.jpg","url":"https:\/\/cooltivarte.com\/portal\/wp-content\/uploads\/2014\/05\/logo-cooltivarte-120x120.jpg","contentUrl":"https:\/\/cooltivarte.com\/portal\/wp-content\/uploads\/2014\/05\/logo-cooltivarte-120x120.jpg","caption":"Cooltivarte"},"description":"Somos COOLTIVARTE.COM. Un portal digital dedicado a difundir el acontecer art\u00edstico y cultural del Uruguay. Estamos en la vuelta desde el a\u00f1o 2003, y como evoluci\u00f3n del bolet\u00edn Obolo Cultural, nos encontramos abocados a apoyar a los artistas nacionales brind\u00e1ndoles un espacio de difusi\u00f3n. Creemos en la idea de utilizar la potencialidad que hoy d\u00eda nos otorga la web, para que la cultura uruguaya y sus creadores dispongan de una din\u00e1mica ventana, que los ponga en contacto entre s\u00ed y con el mundo. Somos COOLTIVARTE.COM y pretendemos configurarnos como un portal din\u00e1mico, entretenido y atento a los nuevos emprendimientos, que busque siempre la interacci\u00f3n con los artistas.","sameAs":["http:\/\/www.cooltivarte.com","https:\/\/www.facebook.com\/cooltivartecom","https:\/\/www.instagram.com\/_cooltivarte_\/","https:\/\/www.linkedin.com\/company\/-bolocultural","https:\/\/www.pinterest.com\/cooltivarte\/","https:\/\/x.com\/https:\/\/x.com\/obolocultural","https:\/\/www.youtube.com\/@PrensaCooltivarte","https:\/\/www.tumblr.com\/blog\/cooltivarte"],"url":"https:\/\/cooltivarte.com\/portal\/author\/cooltivarte\/"}]}},"_links":{"self":[{"href":"https:\/\/cooltivarte.com\/portal\/wp-json\/wp\/v2\/posts\/123543","targetHints":{"allow":["GET"]}}],"collection":[{"href":"https:\/\/cooltivarte.com\/portal\/wp-json\/wp\/v2\/posts"}],"about":[{"href":"https:\/\/cooltivarte.com\/portal\/wp-json\/wp\/v2\/types\/post"}],"author":[{"embeddable":true,"href":"https:\/\/cooltivarte.com\/portal\/wp-json\/wp\/v2\/users\/8"}],"replies":[{"embeddable":true,"href":"https:\/\/cooltivarte.com\/portal\/wp-json\/wp\/v2\/comments?post=123543"}],"version-history":[{"count":1,"href":"https:\/\/cooltivarte.com\/portal\/wp-json\/wp\/v2\/posts\/123543\/revisions"}],"predecessor-version":[{"id":123548,"href":"https:\/\/cooltivarte.com\/portal\/wp-json\/wp\/v2\/posts\/123543\/revisions\/123548"}],"wp:featuredmedia":[{"embeddable":true,"href":"https:\/\/cooltivarte.com\/portal\/wp-json\/wp\/v2\/media\/123547"}],"wp:attachment":[{"href":"https:\/\/cooltivarte.com\/portal\/wp-json\/wp\/v2\/media?parent=123543"}],"wp:term":[{"taxonomy":"category","embeddable":true,"href":"https:\/\/cooltivarte.com\/portal\/wp-json\/wp\/v2\/categories?post=123543"},{"taxonomy":"post_tag","embeddable":true,"href":"https:\/\/cooltivarte.com\/portal\/wp-json\/wp\/v2\/tags?post=123543"}],"curies":[{"name":"wp","href":"https:\/\/api.w.org\/{rel}","templated":true}]}}