{"id":123516,"date":"2026-02-28T18:10:36","date_gmt":"2026-02-28T21:10:36","guid":{"rendered":"https:\/\/cooltivarte.com\/portal\/?p=123516"},"modified":"2026-02-28T18:26:20","modified_gmt":"2026-02-28T21:26:20","slug":"tres-caminos-un-horizonte-julian-lennon-eva-claessens-y-pablo-atchugarry","status":"publish","type":"post","link":"https:\/\/cooltivarte.com\/portal\/tres-caminos-un-horizonte-julian-lennon-eva-claessens-y-pablo-atchugarry\/","title":{"rendered":"Tres caminos, un horizonte | Julian Lennon, Eva Claessens y Pablo Atchugarry"},"content":{"rendered":"<p><img fetchpriority=\"high\" decoding=\"async\" class=\"aligncenter wp-image-123517 size-large\" title=\"Tres caminos, un horizonte por Daniel Benoit Cassou\" src=\"https:\/\/cooltivarte.com\/portal\/wp-content\/uploads\/2026\/02\/Tres-caminos-un-horizonte-768x1024.webp\" alt=\"Tres caminos, un horizonte por Daniel Benoit Cassou\" width=\"768\" height=\"1024\" srcset=\"https:\/\/cooltivarte.com\/portal\/wp-content\/uploads\/2026\/02\/Tres-caminos-un-horizonte-768x1024.webp 768w, https:\/\/cooltivarte.com\/portal\/wp-content\/uploads\/2026\/02\/Tres-caminos-un-horizonte-225x300.webp 225w, https:\/\/cooltivarte.com\/portal\/wp-content\/uploads\/2026\/02\/Tres-caminos-un-horizonte-1152x1536.webp 1152w, https:\/\/cooltivarte.com\/portal\/wp-content\/uploads\/2026\/02\/Tres-caminos-un-horizonte-1536x2048.webp 1536w, https:\/\/cooltivarte.com\/portal\/wp-content\/uploads\/2026\/02\/Tres-caminos-un-horizonte.webp 1600w\" sizes=\"(max-width: 768px) 100vw, 768px\" \/><\/p>\n<p>&nbsp;<\/p>\n<div class=\"wp-block-group has-global-padding is-layout-constrained wp-block-group-is-layout-constrained\">\n<h3 class=\"wp-block-post-title\"><strong>Tres caminos, un horizonte<\/strong><\/h3>\n<\/div>\n<div class=\"entry-content wp-block-post-content has-global-padding is-layout-constrained wp-block-post-content-is-layout-constrained\">\n<p><strong>Manantiales, Maldonado.<\/strong><\/p>\n<p>El <a href=\"https:\/\/macamuseo.org\/\" target=\"_blank\" rel=\"noopener\"><strong>MACA<\/strong><\/a> es, sin discusi\u00f3n, el emprendimiento art\u00edstico privado m\u00e1s ambicioso y visible del Uruguay. La generosidad de su fundador es incuestionable. Ahora bien: una cosa es la filantrop\u00eda y otra la rigurosidad muse\u00edstica.<\/p>\n<p>El edificio es impactante, casi una escultura en s\u00ed misma. Pero un museo no es solo un gesto arquitect\u00f3nico. Es una m\u00e1quina de producir experiencia. Y aqu\u00ed aparece el problema pues las salas ignoran el entorno. Enclavado entre mar y campo, el museo se cierra sobre s\u00ed mismo.<br \/>\nEl paisaje \u2014que deber\u00eda ser aliado\u2014 queda negado.<\/p>\n<p>En el arte contempor\u00e1neo la experiencia del espectador es central; privarlo del di\u00e1logo con el territorio es un error conceptual, no menor.<\/p>\n<p>La forma zigzagueante seduce. Como objeto, es impecable. La mejor escultura del parque.<br \/>\nComo dispositivo expositivo, deja dudas.<br \/>\nEs inconcebible que las salas est\u00e9n bajo tierra y no con regios ventanales de cara al mar por un lado y el campo por el otro.<\/p>\n<p><strong>TRES CAMINOS, UN HORIZONTE<\/strong><\/p>\n<p>La muestra re\u00fane a <a href=\"https:\/\/cooltivarte.com\/portal\/?s=Julian+Lennon\" target=\"_blank\" rel=\"noopener\"><strong>Julian Lennon<\/strong><\/a>, <a href=\"https:\/\/cooltivarte.com\/portal\/?s=Eva+Claessens\" target=\"_blank\" rel=\"noopener\"><strong>Eva Claessens<\/strong><\/a> y <a href=\"https:\/\/cooltivarte.com\/portal\/?s=Pablo+Atchugarry\" target=\"_blank\" rel=\"noopener\"><strong>Pablo Atchugarry<\/strong><\/a>. Fotograf\u00eda, pintura y escultura compartiendo sala. En teor\u00eda, un cruce de lenguajes. En la pr\u00e1ctica, una convivencia forzada.<\/p>\n<p><a href=\"https:\/\/evaclaessens.com\/\" target=\"_blank\" rel=\"noopener\"><strong>Eva Claessens<\/strong><\/a><\/p>\n<p>Sus esculturas \u2014cuerpos que se funden, manos apenas insinuadas, materia en tensi\u00f3n\u2014 tienen coherencia interna.<br \/>\nYa hemos publicado una nota sobre su obra a partir de una visita a su casa-taller en Pueblo Garz\u00f3n en 2024.<\/p>\n<p>El pasaje del modelado en barro al escaneo 3D y posterior talla mec\u00e1nica en m\u00e1rmol introduce una pregunta interesante sobre autor\u00eda y t\u00e9cnica en tiempos digitales. En m\u00e1rmol, su obra respira mejor: hay peso, hay silencio, hay emoci\u00f3n contenida. All\u00ed s\u00ed ocurre algo.<\/p>\n<p><a href=\"https:\/\/www.instagram.com\/julespicturepalace\" target=\"_blank\" rel=\"noopener\"><strong>Julian Lennon<\/strong><\/a><\/p>\n<p>Ser hijo de <a href=\"https:\/\/cooltivarte.com\/portal\/?s=John+Lennon\" target=\"_blank\" rel=\"noopener\"><strong>John Lennon<\/strong><\/a> no convierte a nadie en artista visual. Las fotograf\u00edas exhibidas por <strong>Julian Lennon<\/strong> (Liverpool, 1963) parecen el registro sensible \u2014y amable\u2014 de un visitante fascinado por el paisaje uruguayo.<br \/>\nNo hay construcci\u00f3n conceptual s\u00f3lida ni riesgo formal. Bajo otro nombre, pasar\u00edan inadvertidas en cualquier sal\u00f3n. El \u00fanico v\u00ednculo evidente con la obra de Claessens es crom\u00e1tico.<\/p>\n<p>Eso no es di\u00e1logo; es coincidencia.<br \/>\nSus fotograf\u00edas son registros de un turista curioso seducido en una visita a Uruguay llevada a cabo en 2024.<\/p>\n<p>Resulta inevitable preguntarse qu\u00e9 pensar\u00eda <a href=\"https:\/\/cooltivarte.com\/portal\/?s=Yoko+Ono\" target=\"_blank\" rel=\"noopener\"><strong>Yoko Ono<\/strong><\/a>, figura clave del arte conceptual y tantas veces reducida al rol de \u201cesposa de\u201d. Ella, que construy\u00f3 una obra radical y aut\u00f3noma, entender\u00eda mejor que nadie que el apellido pesa\u2026 pero no produce obra.<\/p>\n<p><a href=\"https:\/\/www.instagram.com\/pabloatchugarry\/?hl=es\" target=\"_blank\" rel=\"noopener\"><strong>Pablo Atchugarry<\/strong><\/a><\/p>\n<p>Su presencia en esta exposici\u00f3n no suma: impone. No se percibe cruce ni tensi\u00f3n productiva. Las esculturas parecen extra\u00eddas de su acervo e instaladas para completar el espacio.<\/p>\n<p>No se advierte que hayan sido concebidas en funci\u00f3n de esta propuesta. M\u00e1s que colectiva, la muestra se siente como escenario.<\/p>\n<p><strong>El problema de fondo<\/strong><\/p>\n<p>No hay un guion curatorial articulado. Hay un texto explicativo, s\u00ed. Pero no hay tesis. No hay confrontaci\u00f3n fecunda. No hay construcci\u00f3n de una \u201ccuarta obra\u201d que emerja del cruce de los tres.<br \/>\nY esto genera tres caminos en distintas direcciones y el horizonte desafortunadamente se desdibuja.<\/p>\n<p>Cuando un museo de esta escala destina recursos a una exposici\u00f3n, la pregunta es inevitable: \u00bfqu\u00e9 aprende el espectador? \u00bfQu\u00e9 se pone en crisis? \u00bfQu\u00e9 se ampl\u00eda?<\/p>\n<p>Comparar modelos ayuda. <strong>Eduardo Costantini<\/strong> entendi\u00f3 que fundar el <strong>Museo de Arte Latinoamericano de Buenos Aires<\/strong> no implicaba dirigirlo como extensi\u00f3n de su gusto personal. Deleg\u00f3 en profesionales. El coleccionista sigui\u00f3 siendo coleccionista. El museo se volvi\u00f3 instituci\u00f3n.<\/p>\n<p>Construir un museo no es un capricho est\u00e9tico. Es asumir una responsabilidad cultural. En un pa\u00eds que a\u00fan carece de un museo p\u00fablico de arte contempor\u00e1neo robusto y actualizado, el est\u00e1ndar deber\u00eda ser m\u00e1s alto, no m\u00e1s laxo.<\/p>\n<p>El <strong>MACA<\/strong> tiene todo: recursos, entorno, p\u00fablico, visibilidad internacional. Lo que falta es exigencia curatorial. Y eso no se resuelve con arquitectura ni con apellidos c\u00e9lebres.<\/p>\n<p>Porque un museo no es una escultura habitable.<br \/>\nEs una conversaci\u00f3n p\u00fablica.<br \/>\nY esa conversaci\u00f3n, hoy, suena demasiado unilateral.<\/p>\n<\/div>\n<p>&nbsp;<\/p>\n<div style=\"width: 640px;\" class=\"wp-video\"><!--[if lt IE 9]><script>document.createElement('video');<\/script><![endif]-->\n<video class=\"wp-video-shortcode\" id=\"video-123516-1\" width=\"640\" height=\"360\" preload=\"metadata\" controls=\"controls\"><source type=\"video\/mp4\" src=\"https:\/\/danielbenoit.art\/wp-content\/uploads\/2026\/02\/a234745a0291b64755ceaa49df4e5bfe.mp4?_=1\" \/><a href=\"https:\/\/danielbenoit.art\/wp-content\/uploads\/2026\/02\/a234745a0291b64755ceaa49df4e5bfe.mp4\">https:\/\/danielbenoit.art\/wp-content\/uploads\/2026\/02\/a234745a0291b64755ceaa49df4e5bfe.mp4<\/a><\/video><\/div>\n<p>&nbsp;<\/p>\n<p>&nbsp;<\/p>\n<p>&nbsp;<\/p>\n<p>&nbsp;<\/p>\n<p>&nbsp;<\/p>\n","protected":false},"excerpt":{"rendered":"<p>Tres caminos, un horizonte<\/p>\n<p>Manantiales, Maldonado.<\/p>\n<p>El MACA es, sin discusi\u00f3n, el emprendimiento art\u00edstico privado m\u00e1s ambicioso y visible del Uruguay. La generosidad de su fundador es incuestionable. Ahora bien: una cosa es la filantrop\u00eda y otra la rigurosidad muse\u00edstica.<\/p>\n<p>El edificio es impactante, casi una escultura en s\u00ed misma. Pero un museo no es solo un gesto arquitect\u00f3nico. Es una m\u00e1quina de producir experiencia. Y aqu\u00ed aparece el problema pues las salas ignoran el entorno. Enclavado entre mar y campo, el museo se cierra sobre s\u00ed mismo.<br \/>\nEl paisaje \u2014que deber\u00eda ser aliado\u2014 queda negado.<\/p>\n<p>En el arte contempor\u00e1neo la experiencia del espectador es central; privarlo del di\u00e1logo con el territorio es un error conceptual, no menor.<\/p>\n<p>La forma zigzagueante seduce. Como objeto, es impecable. La mejor escultura del parque.<br \/>\nComo dispositivo expositivo, deja dudas.<br \/>\nEs inconcebible que las salas est\u00e9n bajo tierra y no con regios ventanales de cara al mar por un lado y el campo por el otro.<\/p>\n<p>TRES CAMINOS, UN HORIZONTE<\/p>\n<p>La muestra re\u00fane a Julian Lennon, Eva Claessens y Pablo Atchugarry. Fotograf\u00eda, pintura y escultura compartiendo sala. En teor\u00eda, un cruce de lenguajes. En la pr\u00e1ctica, una convivencia forzada.<\/p>\n","protected":false},"author":14,"featured_media":123517,"comment_status":"closed","ping_status":"closed","sticky":false,"template":"","format":"standard","meta":{"om_disable_all_campaigns":false,"ngg_post_thumbnail":0,"jnews-multi-image_gallery":[],"jnews_single_post":{"format":"standard","override":[{"template":"4","parallax":"1","layout":"right-sidebar","sidebar":"default-sidebar","second_sidebar":"default-sidebar","sticky_sidebar":"1","share_position":"bottom","share_float_style":"share-monocrhome","show_share_counter":"1","show_view_counter":"1","show_featured":"1","show_post_meta":"1","show_post_author":"1","show_post_author_image":"1","show_post_date":"1","post_date_format":"default","post_date_format_custom":"Y\/m\/d","show_post_category":"1","post_reading_time_wpm":"300","post_calculate_word_method":"str_word_count","zoom_button_out_step":"2","zoom_button_in_step":"3","show_post_tag":"1","show_prev_next_post":"1","show_popup_post":"1","show_comment_section":"1","number_popup_post":"1","show_author_box":"1","show_post_related":"0","show_inline_post_related":"0"}],"image_override":[{"single_post_thumbnail_size":"no-crop","single_post_gallery_size":"crop-500"}],"trending_post_position":"meta","trending_post_label":"Trending","sponsored_post_label":"Sponsored by","disable_ad":"0","subtitle":"Museo de Arte Contempor\u00e1neo Atchugarry | Manantiales | Maldonado"},"jnews_primary_category":[],"jnews_social_meta":[],"jnews_override_counter":{"view_counter_number":"0","share_counter_number":"0","like_counter_number":"0","dislike_counter_number":"0"},"footnotes":""},"categories":[52],"tags":[405,21644,102,25862,3689,15873,10565,649],"class_list":["post-123516","post","type-post","status-publish","format-standard","has-post-thumbnail","hentry","category-artista","tag-escultura","tag-eva-claessens","tag-fotografia","tag-julian-lennon","tag-maca","tag-museo-de-arte-contemporaneo-atchugarry","tag-pablo-atchugarry","tag-pintura"],"yoast_head":"<!-- This site is optimized with the Yoast SEO plugin v27.5 - https:\/\/yoast.com\/product\/yoast-seo-wordpress\/ -->\n<title>Tres caminos, un horizonte | Julian Lennon, Eva Claessens y Pablo Atchugarry - Cooltivarte Portal<\/title>\n<meta name=\"description\" content=\"El MACA es, sin discusi\u00f3n, el emprendimiento art\u00edstico privado m\u00e1s ambicioso y visible del Uruguay. La generosidad de su fundador es incuestionable. Ahora bien: una cosa es la filantrop\u00eda y otra la rigurosidad muse\u00edstica.\" \/>\n<meta name=\"robots\" content=\"index, follow, max-snippet:-1, max-image-preview:large, max-video-preview:-1\" \/>\n<link rel=\"canonical\" href=\"https:\/\/cooltivarte.com\/portal\/tres-caminos-un-horizonte-julian-lennon-eva-claessens-y-pablo-atchugarry\/\" \/>\n<meta property=\"og:locale\" content=\"es_ES\" \/>\n<meta property=\"og:type\" content=\"article\" \/>\n<meta property=\"og:title\" content=\"Tres caminos, un horizonte por Daniel Benoit Cassou\" \/>\n<meta property=\"og:description\" content=\"El MACA es, sin discusi\u00f3n, el emprendimiento art\u00edstico privado m\u00e1s ambicioso y visible del Uruguay. La generosidad de su fundador es incuestionable. Ahora bien: una cosa es la filantrop\u00eda y otra la rigurosidad muse\u00edstica.\" \/>\n<meta property=\"og:url\" content=\"https:\/\/cooltivarte.com\/portal\/tres-caminos-un-horizonte-julian-lennon-eva-claessens-y-pablo-atchugarry\/\" \/>\n<meta property=\"og:site_name\" content=\"Cooltivarte Portal\" \/>\n<meta property=\"article:publisher\" content=\"https:\/\/www.facebook.com\/cooltivartecom\/\" \/>\n<meta property=\"article:author\" content=\"https:\/\/www.facebook.com\/daniel.benoit.3557?fref=ts\" \/>\n<meta property=\"article:published_time\" content=\"2026-02-28T21:10:36+00:00\" \/>\n<meta property=\"article:modified_time\" content=\"2026-02-28T21:26:20+00:00\" \/>\n<meta property=\"og:image\" content=\"https:\/\/cooltivarte.com\/portal\/wp-content\/uploads\/2026\/02\/Tres-caminos-un-horizonte.webp\" \/>\n\t<meta property=\"og:image:width\" content=\"1600\" \/>\n\t<meta property=\"og:image:height\" content=\"2133\" \/>\n\t<meta property=\"og:image:type\" content=\"image\/webp\" \/>\n<meta name=\"author\" content=\"Daniel Benoit Cassou\" \/>\n<meta name=\"twitter:card\" content=\"summary_large_image\" \/>\n<meta name=\"twitter:title\" content=\"Tres caminos, un horizonte por Daniel Benoit Cassou\" \/>\n<meta name=\"twitter:description\" content=\"El MACA es, sin discusi\u00f3n, el emprendimiento art\u00edstico privado m\u00e1s ambicioso y visible del Uruguay. La generosidad de su fundador es incuestionable. Ahora bien: una cosa es la filantrop\u00eda y otra la rigurosidad muse\u00edstica.\" \/>\n<meta name=\"twitter:image\" content=\"https:\/\/cooltivarte.com\/portal\/wp-content\/uploads\/2026\/02\/Tres-caminos-un-horizonte.webp\" \/>\n<meta name=\"twitter:creator\" content=\"@https:\/\/x.com\/obolocultural\" \/>\n<meta name=\"twitter:site\" content=\"@obolocultural\" \/>\n<meta name=\"twitter:label1\" content=\"Escrito por\" \/>\n\t<meta name=\"twitter:data1\" content=\"Daniel Benoit Cassou\" \/>\n\t<meta name=\"twitter:label2\" content=\"Tiempo de lectura\" \/>\n\t<meta name=\"twitter:data2\" content=\"4 minutos\" \/>\n<!-- \/ Yoast SEO plugin. -->","yoast_head_json":{"title":"Tres caminos, un horizonte | Julian Lennon, Eva Claessens y Pablo Atchugarry - Cooltivarte Portal","description":"El MACA es, sin discusi\u00f3n, el emprendimiento art\u00edstico privado m\u00e1s ambicioso y visible del Uruguay. La generosidad de su fundador es incuestionable. Ahora bien: una cosa es la filantrop\u00eda y otra la rigurosidad muse\u00edstica.","robots":{"index":"index","follow":"follow","max-snippet":"max-snippet:-1","max-image-preview":"max-image-preview:large","max-video-preview":"max-video-preview:-1"},"canonical":"https:\/\/cooltivarte.com\/portal\/tres-caminos-un-horizonte-julian-lennon-eva-claessens-y-pablo-atchugarry\/","og_locale":"es_ES","og_type":"article","og_title":"Tres caminos, un horizonte por Daniel Benoit Cassou","og_description":"El MACA es, sin discusi\u00f3n, el emprendimiento art\u00edstico privado m\u00e1s ambicioso y visible del Uruguay. La generosidad de su fundador es incuestionable. Ahora bien: una cosa es la filantrop\u00eda y otra la rigurosidad muse\u00edstica.","og_url":"https:\/\/cooltivarte.com\/portal\/tres-caminos-un-horizonte-julian-lennon-eva-claessens-y-pablo-atchugarry\/","og_site_name":"Cooltivarte Portal","article_publisher":"https:\/\/www.facebook.com\/cooltivartecom\/","article_author":"https:\/\/www.facebook.com\/daniel.benoit.3557?fref=ts","article_published_time":"2026-02-28T21:10:36+00:00","article_modified_time":"2026-02-28T21:26:20+00:00","og_image":[{"width":1600,"height":2133,"url":"https:\/\/cooltivarte.com\/portal\/wp-content\/uploads\/2026\/02\/Tres-caminos-un-horizonte.webp","type":"image\/webp"}],"author":"Daniel Benoit Cassou","twitter_card":"summary_large_image","twitter_title":"Tres caminos, un horizonte por Daniel Benoit Cassou","twitter_description":"El MACA es, sin discusi\u00f3n, el emprendimiento art\u00edstico privado m\u00e1s ambicioso y visible del Uruguay. La generosidad de su fundador es incuestionable. Ahora bien: una cosa es la filantrop\u00eda y otra la rigurosidad muse\u00edstica.","twitter_image":"https:\/\/cooltivarte.com\/portal\/wp-content\/uploads\/2026\/02\/Tres-caminos-un-horizonte.webp","twitter_creator":"@https:\/\/x.com\/obolocultural","twitter_site":"@obolocultural","twitter_misc":{"Escrito por":"Daniel Benoit Cassou","Tiempo de lectura":"4 minutos"},"schema":{"@context":"https:\/\/schema.org","@graph":[{"@type":"NewsArticle","@id":"https:\/\/cooltivarte.com\/portal\/tres-caminos-un-horizonte-julian-lennon-eva-claessens-y-pablo-atchugarry\/#article","isPartOf":{"@id":"https:\/\/cooltivarte.com\/portal\/tres-caminos-un-horizonte-julian-lennon-eva-claessens-y-pablo-atchugarry\/"},"author":{"name":"Daniel Benoit Cassou","@id":"https:\/\/cooltivarte.com\/portal\/#\/schema\/person\/175e2af38af164206375abd19e491b3f"},"headline":"Tres caminos, un horizonte | Julian Lennon, Eva Claessens y Pablo Atchugarry","datePublished":"2026-02-28T21:10:36+00:00","dateModified":"2026-02-28T21:26:20+00:00","mainEntityOfPage":{"@id":"https:\/\/cooltivarte.com\/portal\/tres-caminos-un-horizonte-julian-lennon-eva-claessens-y-pablo-atchugarry\/"},"wordCount":743,"publisher":{"@id":"https:\/\/cooltivarte.com\/portal\/#organization"},"image":{"@id":"https:\/\/cooltivarte.com\/portal\/tres-caminos-un-horizonte-julian-lennon-eva-claessens-y-pablo-atchugarry\/#primaryimage"},"thumbnailUrl":"https:\/\/cooltivarte.com\/portal\/wp-content\/uploads\/2026\/02\/Tres-caminos-un-horizonte.webp","keywords":["escultura","EVA CLAESSENS","Fotograf\u00eda","Julian Lennon","Maca","Museo de Arte Contempor\u00e1neo Atchugarry","Pablo Atchugarry","pintura"],"articleSection":["Arte"],"inLanguage":"es-AR"},{"@type":"WebPage","@id":"https:\/\/cooltivarte.com\/portal\/tres-caminos-un-horizonte-julian-lennon-eva-claessens-y-pablo-atchugarry\/","url":"https:\/\/cooltivarte.com\/portal\/tres-caminos-un-horizonte-julian-lennon-eva-claessens-y-pablo-atchugarry\/","name":"Tres caminos, un horizonte | Julian Lennon, Eva Claessens y Pablo Atchugarry - Cooltivarte Portal","isPartOf":{"@id":"https:\/\/cooltivarte.com\/portal\/#website"},"primaryImageOfPage":{"@id":"https:\/\/cooltivarte.com\/portal\/tres-caminos-un-horizonte-julian-lennon-eva-claessens-y-pablo-atchugarry\/#primaryimage"},"image":{"@id":"https:\/\/cooltivarte.com\/portal\/tres-caminos-un-horizonte-julian-lennon-eva-claessens-y-pablo-atchugarry\/#primaryimage"},"thumbnailUrl":"https:\/\/cooltivarte.com\/portal\/wp-content\/uploads\/2026\/02\/Tres-caminos-un-horizonte.webp","datePublished":"2026-02-28T21:10:36+00:00","dateModified":"2026-02-28T21:26:20+00:00","description":"El MACA es, sin discusi\u00f3n, el emprendimiento art\u00edstico privado m\u00e1s ambicioso y visible del Uruguay. La generosidad de su fundador es incuestionable. Ahora bien: una cosa es la filantrop\u00eda y otra la rigurosidad muse\u00edstica.","breadcrumb":{"@id":"https:\/\/cooltivarte.com\/portal\/tres-caminos-un-horizonte-julian-lennon-eva-claessens-y-pablo-atchugarry\/#breadcrumb"},"inLanguage":"es-AR","potentialAction":[{"@type":"ReadAction","target":["https:\/\/cooltivarte.com\/portal\/tres-caminos-un-horizonte-julian-lennon-eva-claessens-y-pablo-atchugarry\/"]}]},{"@type":"ImageObject","inLanguage":"es-AR","@id":"https:\/\/cooltivarte.com\/portal\/tres-caminos-un-horizonte-julian-lennon-eva-claessens-y-pablo-atchugarry\/#primaryimage","url":"https:\/\/cooltivarte.com\/portal\/wp-content\/uploads\/2026\/02\/Tres-caminos-un-horizonte.webp","contentUrl":"https:\/\/cooltivarte.com\/portal\/wp-content\/uploads\/2026\/02\/Tres-caminos-un-horizonte.webp","width":1600,"height":2133,"caption":"Tres caminos, un horizonte por Daniel Benoit Cassou"},{"@type":"BreadcrumbList","@id":"https:\/\/cooltivarte.com\/portal\/tres-caminos-un-horizonte-julian-lennon-eva-claessens-y-pablo-atchugarry\/#breadcrumb","itemListElement":[{"@type":"ListItem","position":1,"name":"Portada","item":"https:\/\/cooltivarte.com\/portal\/"},{"@type":"ListItem","position":2,"name":"Tres caminos, un horizonte | Julian Lennon, Eva Claessens y Pablo Atchugarry"}]},{"@type":"WebSite","@id":"https:\/\/cooltivarte.com\/portal\/#website","url":"https:\/\/cooltivarte.com\/portal\/","name":"Cooltivarte Portal","description":"Arte, cultura y turismo para el mundo ...","publisher":{"@id":"https:\/\/cooltivarte.com\/portal\/#organization"},"potentialAction":[{"@type":"SearchAction","target":{"@type":"EntryPoint","urlTemplate":"https:\/\/cooltivarte.com\/portal\/?s={search_term_string}"},"query-input":{"@type":"PropertyValueSpecification","valueRequired":true,"valueName":"search_term_string"}}],"inLanguage":"es-AR"},{"@type":"Organization","@id":"https:\/\/cooltivarte.com\/portal\/#organization","name":"cooltivarte","url":"https:\/\/cooltivarte.com\/portal\/","logo":{"@type":"ImageObject","inLanguage":"es-AR","@id":"https:\/\/cooltivarte.com\/portal\/#\/schema\/logo\/image\/","url":"https:\/\/cooltivarte.com\/portal\/wp-content\/uploads\/2020\/04\/logo-cooltivarte-v2.png","contentUrl":"https:\/\/cooltivarte.com\/portal\/wp-content\/uploads\/2020\/04\/logo-cooltivarte-v2.png","width":851,"height":243,"caption":"cooltivarte"},"image":{"@id":"https:\/\/cooltivarte.com\/portal\/#\/schema\/logo\/image\/"},"sameAs":["https:\/\/www.facebook.com\/cooltivartecom\/","https:\/\/x.com\/obolocultural","https:\/\/www.instagram.com\/_cooltivarte_\/","https:\/\/www.linkedin.com\/company\/-bolocultural?reportsuccess=8zaNG1HwhPbAR9iQhZ5rfGeqz_vQFftHun0ZWU0Wy9vNemRJ8vtcKdJvzQfW8XagyOJSKg0XvfJ1dp","https:\/\/www.pinterest.com\/cooltivarte\/","https:\/\/cooltivarte.tumblr.com\/","https:\/\/www.tiktok.com\/@cooltivarte","https:\/\/www.youtube.com\/@PrensaCooltivarte"]},{"@type":"Person","@id":"https:\/\/cooltivarte.com\/portal\/#\/schema\/person\/175e2af38af164206375abd19e491b3f","name":"Daniel Benoit Cassou","image":{"@type":"ImageObject","inLanguage":"es-AR","@id":"https:\/\/cooltivarte.com\/portal\/wp-content\/uploads\/2022\/11\/daniel-benoit-120x120.jpg","url":"https:\/\/cooltivarte.com\/portal\/wp-content\/uploads\/2022\/11\/daniel-benoit-120x120.jpg","contentUrl":"https:\/\/cooltivarte.com\/portal\/wp-content\/uploads\/2022\/11\/daniel-benoit-120x120.jpg","caption":"Daniel Benoit Cassou"},"description":"Daniel Benoit - (Uruguay, 1961), es contador p\u00fablico de profesi\u00f3n. Hizo su formaci\u00f3n art\u00edstica en los talleres de Hugo Longa, Clever Lara y Lacy Duarte; escultura con Jos\u00e9 Pelayo y fotograf\u00eda con Enrique Abal, Oscar Bonilla y Roberto Schettini. Realiz\u00f3 cursos de formaci\u00f3n te\u00f3rica con Nelson Di Maggio, Alfredo Torres, Nelson Bali\u00f1o y Emma Sanguinetti, entre otros. Ha participado en muestras de fotografias, colectivas asi como individuales: 2007 \u2013 Facultad de Ciencias Econ\u00f3micas; Centro Cultural Lapido; Club de Golf; Fotogramas - Montevideo 2009 \u2013 Galer\u00eda de arte La Pasionaria \u2013 Club de Golf - Montevideo 2010 \u2013 A la Follie; Trattoria La Commedia; Club de Golf \u2013 Montevideo 2011 \u2013 Museo del Azulejo; Fotograma; Club de Golf \u2013 Montevideo; Bienal X \u2013 Salto 2012 \u2013 Espacio Innova \u2013 Punta del Este Es asiduo asistente a las principales bienales de arte: Venecia, Lyon, San Pablo, Cuba, Porto Alegre, Lima, as\u00ed como ferias de Basilea, Paris, Buenos Aires, entre otras. Es coleccionista de arte nacional, asesor de arte contempor\u00e1neo, escribe en sus blogs y es columnista de la revista de arte nacional \u201cCooltivarte\u201d desde el 2012, asi como de la revista \u201cArte\u201d del periodico \u201cEl Pais\u201d. Blog","sameAs":["https:\/\/danielbenoit.art\/","https:\/\/www.facebook.com\/daniel.benoit.3557?fref=ts","https:\/\/www.instagram.com\/danielbenoitcassou\/","https:\/\/www.linkedin.com\/in\/daniel-benoit-87890a39\/","https:\/\/www.pinterest.com\/cooltivarte","https:\/\/x.com\/https:\/\/x.com\/obolocultural","https:\/\/www.youtube.com\/@PrensaCooltivarte","https:\/\/www.tumblr.com\/blog\/cooltivarte"],"url":"https:\/\/cooltivarte.com\/portal\/author\/benoit\/"}]}},"_links":{"self":[{"href":"https:\/\/cooltivarte.com\/portal\/wp-json\/wp\/v2\/posts\/123516","targetHints":{"allow":["GET"]}}],"collection":[{"href":"https:\/\/cooltivarte.com\/portal\/wp-json\/wp\/v2\/posts"}],"about":[{"href":"https:\/\/cooltivarte.com\/portal\/wp-json\/wp\/v2\/types\/post"}],"author":[{"embeddable":true,"href":"https:\/\/cooltivarte.com\/portal\/wp-json\/wp\/v2\/users\/14"}],"replies":[{"embeddable":true,"href":"https:\/\/cooltivarte.com\/portal\/wp-json\/wp\/v2\/comments?post=123516"}],"version-history":[{"count":3,"href":"https:\/\/cooltivarte.com\/portal\/wp-json\/wp\/v2\/posts\/123516\/revisions"}],"predecessor-version":[{"id":123524,"href":"https:\/\/cooltivarte.com\/portal\/wp-json\/wp\/v2\/posts\/123516\/revisions\/123524"}],"wp:featuredmedia":[{"embeddable":true,"href":"https:\/\/cooltivarte.com\/portal\/wp-json\/wp\/v2\/media\/123517"}],"wp:attachment":[{"href":"https:\/\/cooltivarte.com\/portal\/wp-json\/wp\/v2\/media?parent=123516"}],"wp:term":[{"taxonomy":"category","embeddable":true,"href":"https:\/\/cooltivarte.com\/portal\/wp-json\/wp\/v2\/categories?post=123516"},{"taxonomy":"post_tag","embeddable":true,"href":"https:\/\/cooltivarte.com\/portal\/wp-json\/wp\/v2\/tags?post=123516"}],"curies":[{"name":"wp","href":"https:\/\/api.w.org\/{rel}","templated":true}]}}