{"id":123481,"date":"2026-02-28T11:40:03","date_gmt":"2026-02-28T14:40:03","guid":{"rendered":"https:\/\/cooltivarte.com\/portal\/?p=123481"},"modified":"2026-02-28T11:40:03","modified_gmt":"2026-02-28T14:40:03","slug":"20-atlantidoc-jurado","status":"publish","type":"post","link":"https:\/\/cooltivarte.com\/portal\/20-atlantidoc-jurado\/","title":{"rendered":"20 Atlantidoc | Jurado"},"content":{"rendered":"<p><img fetchpriority=\"high\" decoding=\"async\" class=\"aligncenter wp-image-123482 size-large\" title=\"20 Atlantidoc | Jurado | Festival Internacional de Cine Documental del Uruguay que est\u00e1 avanzando con fuerza y decisi\u00f3n\" src=\"https:\/\/cooltivarte.com\/portal\/wp-content\/uploads\/2026\/02\/atlantidoc-2026-fechas-demo2-a-732x1024.jpg\" alt=\"20 Atlantidoc | Jurado | Festival Internacional de Cine Documental del Uruguay que est\u00e1 avanzando con fuerza y decisi\u00f3n\" width=\"732\" height=\"1024\" srcset=\"https:\/\/cooltivarte.com\/portal\/wp-content\/uploads\/2026\/02\/atlantidoc-2026-fechas-demo2-a-732x1024.jpg 732w, https:\/\/cooltivarte.com\/portal\/wp-content\/uploads\/2026\/02\/atlantidoc-2026-fechas-demo2-a-214x300.jpg 214w, https:\/\/cooltivarte.com\/portal\/wp-content\/uploads\/2026\/02\/atlantidoc-2026-fechas-demo2-a-768x1075.jpg 768w, https:\/\/cooltivarte.com\/portal\/wp-content\/uploads\/2026\/02\/atlantidoc-2026-fechas-demo2-a-1097x1536.jpg 1097w, https:\/\/cooltivarte.com\/portal\/wp-content\/uploads\/2026\/02\/atlantidoc-2026-fechas-demo2-a.jpg 1418w\" sizes=\"(max-width: 732px) 100vw, 732px\" \/><\/p>\n<h3 style=\"font-weight: 400;\"><strong>Una edici\u00f3n n\u00famero 20 del <a href=\"https:\/\/cooltivarte.com\/portal\/?s=ATLANTIDOC\" target=\"_blank\" rel=\"noopener\">Atlantidoc<\/a>, el Festival Internacional de Cine Documental del Uruguay, que est\u00e1 avanzando con fuerza y decisi\u00f3n.<\/strong><\/h3>\n<p style=\"font-weight: 400;\">Ya llegaron m\u00e1s de 120 documentales de todo el mundo para su selecci\u00f3n y nos alegra poder empezar a publicar los jurados de los diferentes espacios del festival, todos profesionales conocidos y de evidente trayectoria, accedieron gustosos a formar parte de Atlantidoc y ver la selecci\u00f3n de obras a concurso.<\/p>\n<p style=\"font-weight: 400;\">En este comunicado damos a conocer la integraci\u00f3n del jurado que deber\u00e1 otorgar los premios y menciones del documental nacional, colegas y amigos que nos acompa\u00f1an desde hace a\u00f1os con generosidad y una mirada inteligente hacia nuestras obras.<\/p>\n<p style=\"font-weight: 400;\">&nbsp;<\/p>\n<h4 style=\"font-weight: 400;\"><b><i>Jurado del Espacio Uruguay<\/i><\/b><\/h4>\n<p style=\"font-weight: 400;\"><b><i>&nbsp;<\/i><\/b><\/p>\n<h5 style=\"font-weight: 400;\"><strong>Nelson Carro \u2013 Uruguay \/ M\u00e9xico<\/strong>&nbsp; &nbsp; &nbsp; &nbsp;&nbsp;&nbsp;<\/h5>\n<p style=\"font-weight: 400;\"><strong>&nbsp;&nbsp;&nbsp;&nbsp;&nbsp;&nbsp;&nbsp;&nbsp;&nbsp;&nbsp;&nbsp;&nbsp;<\/strong><strong>&nbsp;&nbsp;&nbsp;&nbsp;&nbsp;&nbsp;&nbsp;&nbsp;&nbsp;&nbsp;&nbsp;&nbsp;&nbsp;&nbsp;&nbsp;&nbsp;&nbsp;&nbsp;&nbsp;&nbsp;&nbsp;&nbsp;&nbsp;&nbsp;&nbsp;&nbsp;&nbsp;&nbsp;&nbsp;&nbsp;&nbsp;&nbsp;&nbsp;&nbsp;&nbsp;<\/strong><\/p>\n<p style=\"font-weight: 400;\">Naci\u00f3&nbsp;en Montevideo, Uruguay.<\/p>\n<p style=\"font-weight: 400;\">Vinculado a Cine Universitario del Uruguay, desde 1969, instituci\u00f3n de la que fue directivo en dos ocasiones, pas\u00f3 luego a la Cinemateca Uruguaya. &nbsp;<\/p>\n<p style=\"font-weight: 400;\">Reside&nbsp;en M\u00e9xico desde 1976, donde durante m\u00e1s de una d\u00e9cada trabaj\u00f3 en la Filmoteca de la UNAM.&nbsp;<\/p>\n<p style=\"font-weight: 400;\">En 1977 se inici\u00f3 en la cr\u00edtica de cine en el peri\u00f3dico&nbsp;<em>Unom\u00e1suno<\/em>. Ha colaborado en revistas como&nbsp;<em>Cine<\/em>,&nbsp;<em>Im\u00e1genes, Dicine&nbsp;<\/em>(de la que fue director), e&nbsp;<em>Ic\u00f3nica,&nbsp;<\/em>as\u00ed como en el semanario&nbsp;<em>Tiempo Libre<\/em>, donde public\u00f3 ininterrumpidamente durante treinta a\u00f1os.&nbsp;<\/p>\n<p style=\"font-weight: 400;\">Entre sus libros se encuentran:&nbsp;<em>El cine de luchadores&nbsp;<\/em>(1984),&nbsp;<em>Alfredo Ripstein. Churubusco-Babilonia&nbsp;<\/em>(2007), y las obras colectivas&nbsp;<em>Le cin\u00e9ma mexicaine<\/em>&nbsp;(1992),&nbsp;<em>Gabriel Figueroa y la pintura mexicana<\/em>&nbsp;(1996),&nbsp;<em>Le et\u00e0 d\u2019oro del cinema messicano 1933-1960&nbsp;<\/em>(1997)<em>&nbsp;<\/em>y&nbsp;<em>Las rutas del cine mexicano&nbsp;<\/em>(2006), entre otros.&nbsp;<\/p>\n<p style=\"font-weight: 400;\">Ha sido maestro de historia del cine en el Centro de Capacitaci\u00f3n Cinematogr\u00e1fica y en cursos y diplomados de&nbsp;diversas universidades.&nbsp;<\/p>\n<p style=\"font-weight: 400;\">Ha integrado jurados de festivales en La Habana, Buenos Aires, Huesca, Guadalajara, Guanajuato, Valladolid, Lima, Canarias, Cartagena, Santa Fe de Antioquia, Montevideo y Mannheim-Heidelberg.<\/p>\n<p style=\"font-weight: 400;\">Actualmente es Director de Difusi\u00f3n y Programaci\u00f3n de la Cineteca Nacional desde 2007.<\/p>\n<p style=\"font-weight: 400;\">&nbsp;<\/p>\n<h5 style=\"font-weight: 400;\"><strong>David Baute \u2013 Espa\u00f1a&nbsp;&nbsp;<\/strong><\/h5>\n<p style=\"font-weight: 400;\"><strong>&nbsp;<\/strong><\/p>\n<p style=\"font-weight: 400;\">Entre sus trabajos como director podemos destacar los largometrajes de no ficci\u00f3n ELLA(s) presentado en el Festival de Cine de Guadalajara (M\u00e9xico 2010),&nbsp; MILAGROS cuyo estreno se realiz\u00f3 en el Festival de Cine de M\u00e1laga (2018), o EXODO CLIMATICO pel\u00edcula que obtuvo premio en el Festival Internacional de Cine de Valladolid (2020).&nbsp;<\/p>\n<p style=\"font-weight: 400;\">En junio de 2024 present\u00f3 en Secci\u00f3n Oficial del Festival de ANNECY su \u00faltimo trabajo MARIPOSAS NEGRAS, pel\u00edcula de animaci\u00f3n tradicional en coproducci\u00f3n con Ikiru Films (Catalu\u00f1a) y Tunche Film (Panam\u00e1), iniciando un brillante recorrido internacional por festivales como MAR DE PLATA IFFI &#8211; India, IDFA, LA HABANA&nbsp; \u00f3 SITGES&#8230;&nbsp; seleccionado en la 30\u00aa edici\u00f3n de los RECENT SPANISH CINEMA de Los \u00c1ngeles. Ha obtenido el premio GOYA a la mejor pel\u00edcula de animaci\u00f3n espa\u00f1ola, el premio PLATINO a la mejor pel\u00edcula de animaci\u00f3n Iberoamericana y ha sido preseleccionada a los premios OSCARS. Adem\u00e1s de otros premios como FORQU\u00c9, GAUD\u00cd, QUIRINO\u2026 Actualmente se encuentra en la post del largometraje de la pel\u00edcula de no ficci\u00f3n &#8220;BENIGNO&#8221;, un ensayo sobre la soledad y el hogar, seleccionado en el laboratorio NEBULAE \u2013 DOC LISBOA.<\/p>\n<p style=\"font-weight: 400;\">&nbsp;<\/p>\n<h5 style=\"font-weight: 400;\"><strong>Anna Jancs\u00f3 \u2013 Hungr\u00eda&nbsp;<\/strong><\/h5>\n<p style=\"font-weight: 400;\">&nbsp;<\/p>\n<p style=\"font-weight: 400;\">Anna naci\u00f3 en Hungr\u00eda en una familia de directores de cine de reconocimiento internacional. Estudi\u00f3 Antropolog\u00eda cultural y trabaj\u00f3 como periodista y editor para medios nacionales e internacionales. Anna se involucr\u00f3 en la industria del cine en el 2000 y ha producido varios documentales para el mercado internacional. Su productora Librecine tiene oficinas en Budapest, Hungr\u00eda y en Montevideo, Uruguay.<\/p>\n<p style=\"font-weight: 400;\">Sus cr\u00e9ditos incluyen&nbsp;<em>Domingueando<\/em>, un documental semi ficticio ganador del premio F\u00e9lix Oliver Grand Prix en el 20avo. Festival de Cine de Uruguay, tambi\u00e9n elogiado en el 33rd Hungarian Film Week, y en el Mediawave International Film Festival.&nbsp;<em>Confesiones de un ciudadano<\/em>, seleccionada por la Universidad Central Europea para mostrarse en el marco de su exhibici\u00f3n especial de las ciudades socialistas en Europa del Este y&nbsp;<em>Cantata ciudad de Stalin<\/em>, un documental creativo desarrollado en el marco del 2004 Discovery Campus Masterschool y exhibido como parte de un selecto programa internacional en el 50avo DokLeipzig International Film Festival.<\/p>\n<p style=\"font-weight: 400;\">Anna tambi\u00e9n trabaja como productora en servicio de producci\u00f3n, productor de piso, productor local y jefe de producci\u00f3n para compa\u00f1\u00edas de producci\u00f3n internacionales. Colabor\u00f3 entre otros en el 2006 en el programa de ARTE para a\u00f1o nuevo:&nbsp;<em>En vivo desde Buenos Aires: Una noche de Tango con Daniel Barenboim<\/em>, producido por Euroarts Music International y ARTE\/ZDF. En&nbsp;<em>Masangeles<\/em>, una pel\u00edcula Belga-Suiza-Uruguaya dirigida por Beatriz Flores Silva y en el \u00faltimo documental de Gabriel Szollosy&nbsp;<em>El otro camino&nbsp;<\/em>producido por KelonMedia Entretainment en asociaci\u00f3n con Librecine y en coproducci\u00f3n con ZDF y ARTE. El otro camino fue galardonado con el FIPA D\u00b4Or o Gran premio en el Festival Internacional de Programas Audiovisuales (FIPA) en el 2008 en Biarritz (Francia).<\/p>\n<p style=\"font-weight: 400;\">&nbsp;<\/p>\n<p style=\"font-weight: 400;\">El premio en efectivo, como es tradici\u00f3n en Atlantidoc, consiste en el apoyo de la Intendencia de Canelones y se expresa en la cantidad de $ 150.000, siendo a\u00fan hoy el \u00fanico premio a obra terminada que tiene un aporte significativo a la producci\u00f3n nacional.<\/p>\n<p style=\"font-weight: 400;\">En pr\u00f3ximos comunicados informaremos sobre la integraci\u00f3n de los otros jurados, nos gusta siempre dar a los concursantes&nbsp;las certezas necesarias para un concurso cristalino.<\/p>\n<p style=\"font-weight: 400;\">Agradecemos la difusi\u00f3n y les saludamos muy cordialmente.<\/p>\n<p style=\"font-weight: 400;\">&nbsp;<\/p>\n<p style=\"font-weight: 400;\"><a href=\"http:\/\/www.atlantidoc.com\/\" target=\"_blank\" rel=\"noopener\" data-saferedirecturl=\"https:\/\/www.google.com\/url?q=http:\/\/www.atlantidoc.com&amp;source=gmail&amp;ust=1772320987351000&amp;usg=AOvVaw1DP2NbrrGG8aS-3NdCJj0k\">www.atlantidoc.com<\/a><\/p>\n<p>&nbsp;<\/p>\n<p>&nbsp;<\/p>\n<p>&nbsp;<\/p>\n","protected":false},"excerpt":{"rendered":"<p>Una edici\u00f3n n\u00famero 20 del Atlantidoc, el Festival Internacional de Cine Documental del Uruguay, que est\u00e1 avanzando con fuerza y decisi\u00f3n.<\/p>\n<p>Ya llegaron m\u00e1s de 120 documentales de todo el mundo para su selecci\u00f3n y nos alegra poder empezar a publicar los jurados de los diferentes espacios del festival, todos profesionales conocidos y de evidente trayectoria, accedieron gustosos a formar parte de Atlantidoc y ver la selecci\u00f3n de obras a concurso.<\/p>\n<p>En este comunicado damos a conocer la integraci\u00f3n del jurado que deber\u00e1 otorgar los premios y menciones del documental nacional, colegas y amigos que nos acompa\u00f1an desde hace a\u00f1os con generosidad y una mirada inteligente hacia nuestras obras.<\/p>\n","protected":false},"author":8,"featured_media":123482,"comment_status":"closed","ping_status":"closed","sticky":false,"template":"","format":"standard","meta":{"om_disable_all_campaigns":false,"ngg_post_thumbnail":0,"jnews-multi-image_gallery":[],"jnews_single_post":{"format":"standard","override":[{"template":"4","parallax":"1","layout":"right-sidebar","sidebar":"default-sidebar","second_sidebar":"default-sidebar","sticky_sidebar":"1","share_position":"bottom","share_float_style":"share-monocrhome","show_share_counter":"1","show_view_counter":"1","show_featured":"1","show_post_meta":"1","show_post_author":"1","show_post_author_image":"1","show_post_date":"1","post_date_format":"default","post_date_format_custom":"Y\/m\/d","show_post_category":"1","post_reading_time_wpm":"300","post_calculate_word_method":"str_word_count","zoom_button_out_step":"2","zoom_button_in_step":"3","show_post_tag":"1","show_prev_next_post":"1","show_popup_post":"1","show_comment_section":"1","number_popup_post":"1","show_author_box":"1","show_post_related":"0","show_inline_post_related":"0"}],"image_override":[{"single_post_thumbnail_size":"no-crop","single_post_gallery_size":"crop-500"}],"trending_post_position":"meta","trending_post_label":"Trending","sponsored_post_label":"Sponsored by","disable_ad":"0","subtitle":"Festival Internacional de Cine Documental del Uruguay, que est\u00e1 avanzando con fuerza y decisi\u00f3n"},"jnews_primary_category":[],"jnews_social_meta":[],"jnews_override_counter":{"view_counter_number":"0","share_counter_number":"0","like_counter_number":"0","dislike_counter_number":"0"},"footnotes":""},"categories":[72],"tags":[25858,23572,3005,25856,25857],"class_list":["post-123481","post","type-post","status-publish","format-standard","has-post-thumbnail","hentry","category-cine","tag-anna-jancso","tag-atlantidoc","tag-david-baute","tag-festival-internacional-de-cine-documental-del-uruguay","tag-nelson-carro"],"yoast_head":"<!-- This site is optimized with the Yoast SEO plugin v27.5 - https:\/\/yoast.com\/product\/yoast-seo-wordpress\/ -->\n<title>20 Atlantidoc | Jurado - Cooltivarte Portal<\/title>\n<meta name=\"description\" content=\"Ya llegaron m\u00e1s de 120 documentales de todo el mundo para su selecci\u00f3n y nos alegra poder empezar a publicar los jurados de los diferentes espacios del festival, todos profesionales conocidos y de evidente trayectoria, accedieron gustosos a formar parte de Atlantidoc y ver la selecci\u00f3n de obras a concurso.\" \/>\n<meta name=\"robots\" content=\"index, follow, max-snippet:-1, max-image-preview:large, max-video-preview:-1\" \/>\n<link rel=\"canonical\" href=\"https:\/\/cooltivarte.com\/portal\/20-atlantidoc-jurado\/\" \/>\n<meta property=\"og:locale\" content=\"es_ES\" \/>\n<meta property=\"og:type\" content=\"article\" \/>\n<meta property=\"og:title\" content=\"20 Atlantidoc | Jurado | Festival Internacional de Cine Documental del Uruguay que est\u00e1 avanzando con fuerza y decisi\u00f3n\" \/>\n<meta property=\"og:description\" content=\"Ya llegaron m\u00e1s de 120 documentales de todo el mundo para su selecci\u00f3n y nos alegra poder empezar a publicar los jurados de los diferentes espacios del festival, todos profesionales conocidos y de evidente trayectoria, accedieron gustosos a formar parte de Atlantidoc y ver la selecci\u00f3n de obras a concurso.\" \/>\n<meta property=\"og:url\" content=\"https:\/\/cooltivarte.com\/portal\/20-atlantidoc-jurado\/\" \/>\n<meta property=\"og:site_name\" content=\"Cooltivarte Portal\" \/>\n<meta property=\"article:publisher\" content=\"https:\/\/www.facebook.com\/cooltivartecom\/\" \/>\n<meta property=\"article:author\" content=\"https:\/\/www.facebook.com\/cooltivartecom\" \/>\n<meta property=\"article:published_time\" content=\"2026-02-28T14:40:03+00:00\" \/>\n<meta property=\"og:image\" content=\"https:\/\/cooltivarte.com\/portal\/wp-content\/uploads\/2026\/02\/atlantidoc-2026-fechas-demo2-a.jpg\" \/>\n\t<meta property=\"og:image:width\" content=\"1418\" \/>\n\t<meta property=\"og:image:height\" content=\"1985\" \/>\n\t<meta property=\"og:image:type\" content=\"image\/jpeg\" \/>\n<meta name=\"author\" content=\"Cooltivarte\" \/>\n<meta name=\"twitter:card\" content=\"summary_large_image\" \/>\n<meta name=\"twitter:title\" content=\"20 Atlantidoc | Jurado | Festival Internacional de Cine Documental del Uruguay que est\u00e1 avanzando con fuerza y decisi\u00f3n\" \/>\n<meta name=\"twitter:description\" content=\"Ya llegaron m\u00e1s de 120 documentales de todo el mundo para su selecci\u00f3n y nos alegra poder empezar a publicar los jurados de los diferentes espacios del festival, todos profesionales conocidos y de evidente trayectoria, accedieron gustosos a formar parte de Atlantidoc y ver la selecci\u00f3n de obras a concurso.\" \/>\n<meta name=\"twitter:image\" content=\"https:\/\/cooltivarte.com\/portal\/wp-content\/uploads\/2026\/02\/atlantidoc-2026-fechas-demo2-a.jpg\" \/>\n<meta name=\"twitter:creator\" content=\"@https:\/\/x.com\/obolocultural\" \/>\n<meta name=\"twitter:site\" content=\"@obolocultural\" \/>\n<meta name=\"twitter:label1\" content=\"Escrito por\" \/>\n\t<meta name=\"twitter:data1\" content=\"Cooltivarte\" \/>\n\t<meta name=\"twitter:label2\" content=\"Tiempo de lectura\" \/>\n\t<meta name=\"twitter:data2\" content=\"5 minutos\" \/>\n<!-- \/ Yoast SEO plugin. -->","yoast_head_json":{"title":"20 Atlantidoc | Jurado - Cooltivarte Portal","description":"Ya llegaron m\u00e1s de 120 documentales de todo el mundo para su selecci\u00f3n y nos alegra poder empezar a publicar los jurados de los diferentes espacios del festival, todos profesionales conocidos y de evidente trayectoria, accedieron gustosos a formar parte de Atlantidoc y ver la selecci\u00f3n de obras a concurso.","robots":{"index":"index","follow":"follow","max-snippet":"max-snippet:-1","max-image-preview":"max-image-preview:large","max-video-preview":"max-video-preview:-1"},"canonical":"https:\/\/cooltivarte.com\/portal\/20-atlantidoc-jurado\/","og_locale":"es_ES","og_type":"article","og_title":"20 Atlantidoc | Jurado | Festival Internacional de Cine Documental del Uruguay que est\u00e1 avanzando con fuerza y decisi\u00f3n","og_description":"Ya llegaron m\u00e1s de 120 documentales de todo el mundo para su selecci\u00f3n y nos alegra poder empezar a publicar los jurados de los diferentes espacios del festival, todos profesionales conocidos y de evidente trayectoria, accedieron gustosos a formar parte de Atlantidoc y ver la selecci\u00f3n de obras a concurso.","og_url":"https:\/\/cooltivarte.com\/portal\/20-atlantidoc-jurado\/","og_site_name":"Cooltivarte Portal","article_publisher":"https:\/\/www.facebook.com\/cooltivartecom\/","article_author":"https:\/\/www.facebook.com\/cooltivartecom","article_published_time":"2026-02-28T14:40:03+00:00","og_image":[{"width":1418,"height":1985,"url":"https:\/\/cooltivarte.com\/portal\/wp-content\/uploads\/2026\/02\/atlantidoc-2026-fechas-demo2-a.jpg","type":"image\/jpeg"}],"author":"Cooltivarte","twitter_card":"summary_large_image","twitter_title":"20 Atlantidoc | Jurado | Festival Internacional de Cine Documental del Uruguay que est\u00e1 avanzando con fuerza y decisi\u00f3n","twitter_description":"Ya llegaron m\u00e1s de 120 documentales de todo el mundo para su selecci\u00f3n y nos alegra poder empezar a publicar los jurados de los diferentes espacios del festival, todos profesionales conocidos y de evidente trayectoria, accedieron gustosos a formar parte de Atlantidoc y ver la selecci\u00f3n de obras a concurso.","twitter_image":"https:\/\/cooltivarte.com\/portal\/wp-content\/uploads\/2026\/02\/atlantidoc-2026-fechas-demo2-a.jpg","twitter_creator":"@https:\/\/x.com\/obolocultural","twitter_site":"@obolocultural","twitter_misc":{"Escrito por":"Cooltivarte","Tiempo de lectura":"5 minutos"},"schema":{"@context":"https:\/\/schema.org","@graph":[{"@type":"NewsArticle","@id":"https:\/\/cooltivarte.com\/portal\/20-atlantidoc-jurado\/#article","isPartOf":{"@id":"https:\/\/cooltivarte.com\/portal\/20-atlantidoc-jurado\/"},"author":{"name":"Cooltivarte","@id":"https:\/\/cooltivarte.com\/portal\/#\/schema\/person\/ec2a4f4e71b740d0c559c0ab9a157e19"},"headline":"20 Atlantidoc | Jurado","datePublished":"2026-02-28T14:40:03+00:00","mainEntityOfPage":{"@id":"https:\/\/cooltivarte.com\/portal\/20-atlantidoc-jurado\/"},"wordCount":1009,"publisher":{"@id":"https:\/\/cooltivarte.com\/portal\/#organization"},"image":{"@id":"https:\/\/cooltivarte.com\/portal\/20-atlantidoc-jurado\/#primaryimage"},"thumbnailUrl":"https:\/\/cooltivarte.com\/portal\/wp-content\/uploads\/2026\/02\/atlantidoc-2026-fechas-demo2-a.jpg","keywords":["Anna Jancs\u00f3","ATLANTIDOC","david baute","Festival Internacional de Cine Documental del Uruguay","Nelson Carro"],"articleSection":["Cine y TV"],"inLanguage":"es-AR"},{"@type":"WebPage","@id":"https:\/\/cooltivarte.com\/portal\/20-atlantidoc-jurado\/","url":"https:\/\/cooltivarte.com\/portal\/20-atlantidoc-jurado\/","name":"20 Atlantidoc | Jurado - Cooltivarte Portal","isPartOf":{"@id":"https:\/\/cooltivarte.com\/portal\/#website"},"primaryImageOfPage":{"@id":"https:\/\/cooltivarte.com\/portal\/20-atlantidoc-jurado\/#primaryimage"},"image":{"@id":"https:\/\/cooltivarte.com\/portal\/20-atlantidoc-jurado\/#primaryimage"},"thumbnailUrl":"https:\/\/cooltivarte.com\/portal\/wp-content\/uploads\/2026\/02\/atlantidoc-2026-fechas-demo2-a.jpg","datePublished":"2026-02-28T14:40:03+00:00","description":"Ya llegaron m\u00e1s de 120 documentales de todo el mundo para su selecci\u00f3n y nos alegra poder empezar a publicar los jurados de los diferentes espacios del festival, todos profesionales conocidos y de evidente trayectoria, accedieron gustosos a formar parte de Atlantidoc y ver la selecci\u00f3n de obras a concurso.","breadcrumb":{"@id":"https:\/\/cooltivarte.com\/portal\/20-atlantidoc-jurado\/#breadcrumb"},"inLanguage":"es-AR","potentialAction":[{"@type":"ReadAction","target":["https:\/\/cooltivarte.com\/portal\/20-atlantidoc-jurado\/"]}]},{"@type":"ImageObject","inLanguage":"es-AR","@id":"https:\/\/cooltivarte.com\/portal\/20-atlantidoc-jurado\/#primaryimage","url":"https:\/\/cooltivarte.com\/portal\/wp-content\/uploads\/2026\/02\/atlantidoc-2026-fechas-demo2-a.jpg","contentUrl":"https:\/\/cooltivarte.com\/portal\/wp-content\/uploads\/2026\/02\/atlantidoc-2026-fechas-demo2-a.jpg","width":1418,"height":1985,"caption":"20 Atlantidoc | Jurado | Festival Internacional de Cine Documental del Uruguay que est\u00e1 avanzando con fuerza y decisi\u00f3n"},{"@type":"BreadcrumbList","@id":"https:\/\/cooltivarte.com\/portal\/20-atlantidoc-jurado\/#breadcrumb","itemListElement":[{"@type":"ListItem","position":1,"name":"Portada","item":"https:\/\/cooltivarte.com\/portal\/"},{"@type":"ListItem","position":2,"name":"20 Atlantidoc | Jurado"}]},{"@type":"WebSite","@id":"https:\/\/cooltivarte.com\/portal\/#website","url":"https:\/\/cooltivarte.com\/portal\/","name":"Cooltivarte Portal","description":"Arte, cultura y turismo para el mundo ...","publisher":{"@id":"https:\/\/cooltivarte.com\/portal\/#organization"},"potentialAction":[{"@type":"SearchAction","target":{"@type":"EntryPoint","urlTemplate":"https:\/\/cooltivarte.com\/portal\/?s={search_term_string}"},"query-input":{"@type":"PropertyValueSpecification","valueRequired":true,"valueName":"search_term_string"}}],"inLanguage":"es-AR"},{"@type":"Organization","@id":"https:\/\/cooltivarte.com\/portal\/#organization","name":"cooltivarte","url":"https:\/\/cooltivarte.com\/portal\/","logo":{"@type":"ImageObject","inLanguage":"es-AR","@id":"https:\/\/cooltivarte.com\/portal\/#\/schema\/logo\/image\/","url":"https:\/\/cooltivarte.com\/portal\/wp-content\/uploads\/2020\/04\/logo-cooltivarte-v2.png","contentUrl":"https:\/\/cooltivarte.com\/portal\/wp-content\/uploads\/2020\/04\/logo-cooltivarte-v2.png","width":851,"height":243,"caption":"cooltivarte"},"image":{"@id":"https:\/\/cooltivarte.com\/portal\/#\/schema\/logo\/image\/"},"sameAs":["https:\/\/www.facebook.com\/cooltivartecom\/","https:\/\/x.com\/obolocultural","https:\/\/www.instagram.com\/_cooltivarte_\/","https:\/\/www.linkedin.com\/company\/-bolocultural?reportsuccess=8zaNG1HwhPbAR9iQhZ5rfGeqz_vQFftHun0ZWU0Wy9vNemRJ8vtcKdJvzQfW8XagyOJSKg0XvfJ1dp","https:\/\/www.pinterest.com\/cooltivarte\/","https:\/\/cooltivarte.tumblr.com\/","https:\/\/www.tiktok.com\/@cooltivarte","https:\/\/www.youtube.com\/@PrensaCooltivarte"]},{"@type":"Person","@id":"https:\/\/cooltivarte.com\/portal\/#\/schema\/person\/ec2a4f4e71b740d0c559c0ab9a157e19","name":"Cooltivarte","image":{"@type":"ImageObject","inLanguage":"es-AR","@id":"https:\/\/cooltivarte.com\/portal\/wp-content\/uploads\/2014\/05\/logo-cooltivarte-120x120.jpg","url":"https:\/\/cooltivarte.com\/portal\/wp-content\/uploads\/2014\/05\/logo-cooltivarte-120x120.jpg","contentUrl":"https:\/\/cooltivarte.com\/portal\/wp-content\/uploads\/2014\/05\/logo-cooltivarte-120x120.jpg","caption":"Cooltivarte"},"description":"Somos COOLTIVARTE.COM. Un portal digital dedicado a difundir el acontecer art\u00edstico y cultural del Uruguay. Estamos en la vuelta desde el a\u00f1o 2003, y como evoluci\u00f3n del bolet\u00edn Obolo Cultural, nos encontramos abocados a apoyar a los artistas nacionales brind\u00e1ndoles un espacio de difusi\u00f3n. Creemos en la idea de utilizar la potencialidad que hoy d\u00eda nos otorga la web, para que la cultura uruguaya y sus creadores dispongan de una din\u00e1mica ventana, que los ponga en contacto entre s\u00ed y con el mundo. Somos COOLTIVARTE.COM y pretendemos configurarnos como un portal din\u00e1mico, entretenido y atento a los nuevos emprendimientos, que busque siempre la interacci\u00f3n con los artistas.","sameAs":["http:\/\/www.cooltivarte.com","https:\/\/www.facebook.com\/cooltivartecom","https:\/\/www.instagram.com\/_cooltivarte_\/","https:\/\/www.linkedin.com\/company\/-bolocultural","https:\/\/www.pinterest.com\/cooltivarte\/","https:\/\/x.com\/https:\/\/x.com\/obolocultural","https:\/\/www.youtube.com\/@PrensaCooltivarte","https:\/\/www.tumblr.com\/blog\/cooltivarte"],"url":"https:\/\/cooltivarte.com\/portal\/author\/cooltivarte\/"}]}},"_links":{"self":[{"href":"https:\/\/cooltivarte.com\/portal\/wp-json\/wp\/v2\/posts\/123481","targetHints":{"allow":["GET"]}}],"collection":[{"href":"https:\/\/cooltivarte.com\/portal\/wp-json\/wp\/v2\/posts"}],"about":[{"href":"https:\/\/cooltivarte.com\/portal\/wp-json\/wp\/v2\/types\/post"}],"author":[{"embeddable":true,"href":"https:\/\/cooltivarte.com\/portal\/wp-json\/wp\/v2\/users\/8"}],"replies":[{"embeddable":true,"href":"https:\/\/cooltivarte.com\/portal\/wp-json\/wp\/v2\/comments?post=123481"}],"version-history":[{"count":1,"href":"https:\/\/cooltivarte.com\/portal\/wp-json\/wp\/v2\/posts\/123481\/revisions"}],"predecessor-version":[{"id":123484,"href":"https:\/\/cooltivarte.com\/portal\/wp-json\/wp\/v2\/posts\/123481\/revisions\/123484"}],"wp:featuredmedia":[{"embeddable":true,"href":"https:\/\/cooltivarte.com\/portal\/wp-json\/wp\/v2\/media\/123482"}],"wp:attachment":[{"href":"https:\/\/cooltivarte.com\/portal\/wp-json\/wp\/v2\/media?parent=123481"}],"wp:term":[{"taxonomy":"category","embeddable":true,"href":"https:\/\/cooltivarte.com\/portal\/wp-json\/wp\/v2\/categories?post=123481"},{"taxonomy":"post_tag","embeddable":true,"href":"https:\/\/cooltivarte.com\/portal\/wp-json\/wp\/v2\/tags?post=123481"}],"curies":[{"name":"wp","href":"https:\/\/api.w.org\/{rel}","templated":true}]}}