{"id":123473,"date":"2026-02-26T11:00:35","date_gmt":"2026-02-26T14:00:35","guid":{"rendered":"https:\/\/cooltivarte.com\/portal\/?p=123473"},"modified":"2026-02-28T11:07:22","modified_gmt":"2026-02-28T14:07:22","slug":"galeria-pueblo-garzon-debut-con-criterio-y-pulso-curatorial","status":"publish","type":"post","link":"https:\/\/cooltivarte.com\/portal\/galeria-pueblo-garzon-debut-con-criterio-y-pulso-curatorial\/","title":{"rendered":"Galer\u00eda Pueblo Garz\u00f3n | Debut con criterio y pulso curatorial"},"content":{"rendered":"<figure id=\"attachment_123474\" aria-describedby=\"caption-attachment-123474\" style=\"width: 768px\" class=\"wp-caption aligncenter\"><img fetchpriority=\"high\" decoding=\"async\" class=\"wp-image-123474 size-large\" title=\"Galer\u00eda Pueblo Garz\u00f3n | Debut con criterio y pulso curatorial por Daniel Benoit Cassou\" src=\"https:\/\/cooltivarte.com\/portal\/wp-content\/uploads\/2026\/02\/Galeria-Pueblo-Garzon-768x1024.webp\" alt=\"Galer\u00eda Pueblo Garz\u00f3n | Debut con criterio y pulso curatorial por Daniel Benoit Cassou\" width=\"768\" height=\"1024\" srcset=\"https:\/\/cooltivarte.com\/portal\/wp-content\/uploads\/2026\/02\/Galeria-Pueblo-Garzon-768x1024.webp 768w, https:\/\/cooltivarte.com\/portal\/wp-content\/uploads\/2026\/02\/Galeria-Pueblo-Garzon-225x300.webp 225w, https:\/\/cooltivarte.com\/portal\/wp-content\/uploads\/2026\/02\/Galeria-Pueblo-Garzon-1152x1536.webp 1152w, https:\/\/cooltivarte.com\/portal\/wp-content\/uploads\/2026\/02\/Galeria-Pueblo-Garzon-1536x2048.webp 1536w, https:\/\/cooltivarte.com\/portal\/wp-content\/uploads\/2026\/02\/Galeria-Pueblo-Garzon.webp 1600w\" sizes=\"(max-width: 768px) 100vw, 768px\" \/><figcaption id=\"caption-attachment-123474\" class=\"wp-caption-text\">Daniel Benoit Cassou &#8211; Adriana Napoleone<\/figcaption><\/figure>\n<p>&nbsp;<\/p>\n<div class=\"wp-block-group has-global-padding is-layout-constrained wp-block-group-is-layout-constrained\">\n<h3 class=\"wp-block-post-title\"><a href=\"https:\/\/www.instagram.com\/galeriapueblogarzon\/\" target=\"_blank\" rel=\"noopener\"><strong>Galer\u00eda Pueblo Garz\u00f3n<\/strong><\/a><\/h3>\n<\/div>\n<div class=\"entry-content wp-block-post-content has-global-padding is-layout-constrained wp-block-post-content-is-layout-constrained\">\n<p><strong>Pueblo Garz\u00f3n, Maldonado.<\/strong><\/p>\n<p><strong>Debut con criterio y pulso curatorial<\/strong><\/p>\n<p>En plena temporada estival, cuando <a href=\"https:\/\/cooltivarte.com\/portal\/?s=Pueblo+Garz%C3%B3n\" target=\"_blank\" rel=\"noopener\"><strong>Pueblo Garz\u00f3n<\/strong><\/a> reafirma su condici\u00f3n de enclave art\u00edstico y sofisticado, abri\u00f3 sus puertas una nueva galer\u00eda dirigida por <a href=\"https:\/\/www.instagram.com\/adriana.napoleone\/\" target=\"_blank\" rel=\"noopener\"><strong>Adriana Napoleone<\/strong><\/a>.<\/p>\n<p>El hecho de que se trata de su debut galer\u00edstico no es un dato menor.<br \/>\nLa galer\u00eda est\u00e1 instalada en una casa t\u00edpica del pueblo donde ya hab\u00eda funcionado otra. El antecedente obliga; el resultado, en este caso, convence.<\/p>\n<p>Napoleone \u2014artista y arquitecta proveniente de Tigre\u2014 entiende el espacio. Y se nota. Las salas, reducidas pero generosas, respiran.<br \/>\nLa obra no compite con el entorno;<br \/>\nsino que dialoga con \u00e9l.<br \/>\nLos ventanales rectangulares, abiertos al verde circundante, enmarcan la naturaleza como si fuese una pieza m\u00e1s de la muestra.<\/p>\n<p>All\u00ed no hay improvisaci\u00f3n.<br \/>\nEl montaje revela formaci\u00f3n, criterio y una mirada arquitect\u00f3nica aplicada al campo expositivo.<\/p>\n<p>La galer\u00eda se organiza en tres sectores. Uno de ellos funciona como trastienda, donde conviven obras de distintos artistas \u2014<strong>Judith Britez<\/strong> entre otros incluida la propia Napoleone\u2014 en un di\u00e1logo arm\u00f3nico, sin estridencias ni acumulaciones innecesarias.<\/p>\n<p>Aqu\u00ed aparece una primera virtud: la medida justa. Nada abruma. Nada sobra. En tiempos donde muchas colectivas parecen dep\u00f3sitos con buena iluminaci\u00f3n, este debut apuesta por la s\u00edntesis.<\/p>\n<p><strong>Geometr\u00eda y silencio: un cruce bien resuelto<\/strong><\/p>\n<p>La muestra colectiva actual titulada \u201cEstructuras del silencio\u201d re\u00fane a <strong>Antonia Guzm\u00e1n<\/strong> y <strong>Adolfo Llorente<\/strong>.<br \/>\nElla desde la abstracci\u00f3n geom\u00e9trica; \u00e9l desde la fotograf\u00eda. Podr\u00eda haber sido un contraste forzado pero no lo es.<\/p>\n<p>Napoleone construye v\u00ednculos po\u00e9ticos entre ambos lenguajes donde conviven ritmos, tensiones crom\u00e1ticas y silencios formales. La relaci\u00f3n no es tem\u00e1tica sino sensorial. Y ah\u00ed radica su acierto.<\/p>\n<p><strong>Antonia Guzm\u00e1n: geometr\u00eda con vibraci\u00f3n vital<\/strong><\/p>\n<p>Deudora del arte concreto latinoamericano y de la abstracci\u00f3n geom\u00e9trica, Guzm\u00e1n ha construido un lenguaje propio donde el color es protagonista absoluto. Sus acuarelas sobre papeles hechos a mano despliegan espacios imaginarios de sensibilidad crom\u00e1tica; en las telas, las tramas racionales alcanzan un equilibrio enigm\u00e1tico, casi meditativo.<\/p>\n<p>Formada en la Escuela Nacional de Bellas Artes Prilidiano Pueyrred\u00f3n, con una trayectoria internacional consolidada \u2014exhibiciones en museos y galer\u00edas de Am\u00e9rica y Europa, premios en Francia y Estados Unidos\u2014, Guzm\u00e1n trabaja desde hace d\u00e9cadas en Tigre, en di\u00e1logo con el paisaje de humedales que impregna su imaginario.<\/p>\n<p>Su declaraci\u00f3n es clara: vibrar con la vida. Y esa vibraci\u00f3n se traduce en campos crom\u00e1ticos que, lejos de la frialdad geom\u00e9trica, respiran humanidad.<\/p>\n<p><strong>Adolfo Llorente: estructuras del silencio<\/strong><\/p>\n<p>Llorente, por su parte, aporta una fotograf\u00eda de pulso introspectivo. Abogado de formaci\u00f3n inicial, abandon\u00f3 el derecho para dedicarse a la imagen; egresado de la Escuela Argentina de Fotograf\u00eda y docente desde 2019, su recorrido incluye muestras como Horizonte Interior y participaciones en el Festival de la Luz.<\/p>\n<p>En este cruce con Guzm\u00e1n, su lente se vuelve estructura y pausa. Si en ella domina la vibraci\u00f3n crom\u00e1tica, en \u00e9l aparece el silencio. Las fotograf\u00edas no ilustran, sostienen. Funcionan como contrapunto conceptual y r\u00edtmico.<\/p>\n<p><strong>Un debut que entiende el arte contempor\u00e1neo<\/strong><\/p>\n<p>Hay una frase que suele repetirse: el arte contempor\u00e1neo se percibe m\u00e1s con el esp\u00edritu que con la mente. Aqu\u00ed esa premisa encuentra coherencia espacial. La galer\u00eda conduce al visitante con claridad, sin imponer lecturas. El recorrido es c\u00e1lido, eficaz, honesto.<\/p>\n<p>El debut de <strong>Galer\u00eda Pueblo Garz\u00f3n<\/strong> no promete fuegos artificiales; promete criterio. Y eso, en el contexto actual, vale oro. Sumado a la calidez de Napoleone \u2014que recibe, explica y acompa\u00f1a sin invadir\u2014, el espacio no s\u00f3lo invita a mirar: invita a comprar.<\/p>\n<p>En un pueblo donde el arte ya no es excepci\u00f3n sino marca identitaria, esta nueva galer\u00eda se suma con inteligencia. Buen comienzo. Ahora, a sostener el nivel.<\/p>\n<\/div>\n<p>&nbsp;<\/p>\n<div style=\"width: 640px;\" class=\"wp-video\"><!--[if lt IE 9]><script>document.createElement('video');<\/script><![endif]-->\n<video class=\"wp-video-shortcode\" id=\"video-123473-1\" width=\"640\" height=\"360\" preload=\"metadata\" controls=\"controls\"><source type=\"video\/mp4\" src=\"https:\/\/danielbenoit.art\/wp-content\/uploads\/2026\/02\/b3c918dbee7a2b4df9b0fd390a138eec.mp4?_=1\" \/><a href=\"https:\/\/danielbenoit.art\/wp-content\/uploads\/2026\/02\/b3c918dbee7a2b4df9b0fd390a138eec.mp4\">https:\/\/danielbenoit.art\/wp-content\/uploads\/2026\/02\/b3c918dbee7a2b4df9b0fd390a138eec.mp4<\/a><\/video><\/div>\n<p>&nbsp;<\/p>\n<p>&nbsp;<\/p>\n<p>&nbsp;<\/p>\n","protected":false},"excerpt":{"rendered":"<p>Galer\u00eda Pueblo Garz\u00f3n<\/p>\n<p>Pueblo Garz\u00f3n, Maldonado.<\/p>\n<p>Debut con criterio y pulso curatorial<\/p>\n<p>En plena temporada estival, cuando Pueblo Garz\u00f3n reafirma su condici\u00f3n de enclave art\u00edstico y sofisticado, abri\u00f3 sus puertas una nueva galer\u00eda dirigida por Adriana Napoleone.<\/p>\n<p>El hecho de que se trata de su debut galer\u00edstico no es un dato menor.<br \/>\nLa galer\u00eda est\u00e1 instalada en una casa t\u00edpica del pueblo donde ya hab\u00eda funcionado otra. El antecedente obliga; el resultado, en este caso, convence.<\/p>\n<p>Napoleone \u2014artista y arquitecta proveniente de Tigre\u2014 entiende el espacio. Y se nota. Las salas, reducidas pero generosas, respiran.<br \/>\nLa obra no compite con el entorno;<br \/>\nsino que dialoga con \u00e9l.<br \/>\nLos ventanales rectangulares, abiertos al verde circundante, enmarcan la naturaleza como si fuese una pieza m\u00e1s de la muestra.<\/p>\n<p>All\u00ed no hay improvisaci\u00f3n.<br \/>\nEl montaje revela formaci\u00f3n, criterio y una mirada arquitect\u00f3nica aplicada al campo expositivo.<\/p>\n","protected":false},"author":14,"featured_media":123474,"comment_status":"closed","ping_status":"closed","sticky":false,"template":"","format":"standard","meta":{"om_disable_all_campaigns":false,"ngg_post_thumbnail":0,"jnews-multi-image_gallery":[],"jnews_single_post":{"format":"standard","override":[{"template":"4","parallax":"1","layout":"right-sidebar","sidebar":"default-sidebar","second_sidebar":"default-sidebar","sticky_sidebar":"1","share_position":"bottom","share_float_style":"share-monocrhome","show_share_counter":"1","show_view_counter":"1","show_featured":"1","show_post_meta":"1","show_post_author":"1","show_post_author_image":"1","show_post_date":"1","post_date_format":"default","post_date_format_custom":"Y\/m\/d","show_post_category":"1","post_reading_time_wpm":"300","post_calculate_word_method":"str_word_count","zoom_button_out_step":"2","zoom_button_in_step":"3","show_post_tag":"1","show_prev_next_post":"1","show_popup_post":"1","show_comment_section":"1","number_popup_post":"1","show_author_box":"1","show_post_related":"0","show_inline_post_related":"0"}],"image_override":[{"single_post_thumbnail_size":"no-crop","single_post_gallery_size":"crop-500"}],"trending_post_position":"meta","trending_post_label":"Trending","sponsored_post_label":"Sponsored by","disable_ad":"0","subtitle":"Pueblo Garz\u00f3n - Maldonado"},"jnews_primary_category":[],"jnews_social_meta":[],"jnews_override_counter":{"view_counter_number":"0","share_counter_number":"0","like_counter_number":"0","dislike_counter_number":"0"},"footnotes":""},"categories":[52],"tags":[25853,25850,25852,25849,25851],"class_list":["post-123473","post","type-post","status-publish","format-standard","has-post-thumbnail","hentry","category-artista","tag-adolfo-llorente","tag-adriana-napoleone","tag-antonia-guzman","tag-galeria-pueblo-garzon","tag-judith-britez"],"yoast_head":"<!-- This site is optimized with the Yoast SEO plugin v27.5 - https:\/\/yoast.com\/product\/yoast-seo-wordpress\/ -->\n<title>Galer\u00eda Pueblo Garz\u00f3n | Debut con criterio y pulso curatorial - Cooltivarte Portal<\/title>\n<meta name=\"description\" content=\"En plena temporada estival, cuando Pueblo Garz\u00f3n reafirma su condici\u00f3n de enclave art\u00edstico y sofisticado, abri\u00f3 sus puertas una nueva galer\u00eda dirigida por Adriana Napoleone.\" \/>\n<meta name=\"robots\" content=\"index, follow, max-snippet:-1, max-image-preview:large, max-video-preview:-1\" \/>\n<link rel=\"canonical\" href=\"https:\/\/cooltivarte.com\/portal\/galeria-pueblo-garzon-debut-con-criterio-y-pulso-curatorial\/\" \/>\n<meta property=\"og:locale\" content=\"es_ES\" \/>\n<meta property=\"og:type\" content=\"article\" \/>\n<meta property=\"og:title\" content=\"Galer\u00eda Pueblo Garz\u00f3n | Debut con criterio y pulso curatorial por Daniel Benoit Cassou\" \/>\n<meta property=\"og:description\" content=\"En plena temporada estival, cuando Pueblo Garz\u00f3n reafirma su condici\u00f3n de enclave art\u00edstico y sofisticado, abri\u00f3 sus puertas una nueva galer\u00eda dirigida por Adriana Napoleone.\" \/>\n<meta property=\"og:url\" content=\"https:\/\/cooltivarte.com\/portal\/galeria-pueblo-garzon-debut-con-criterio-y-pulso-curatorial\/\" \/>\n<meta property=\"og:site_name\" content=\"Cooltivarte Portal\" \/>\n<meta property=\"article:publisher\" content=\"https:\/\/www.facebook.com\/cooltivartecom\/\" \/>\n<meta property=\"article:author\" content=\"https:\/\/www.facebook.com\/daniel.benoit.3557?fref=ts\" \/>\n<meta property=\"article:published_time\" content=\"2026-02-26T14:00:35+00:00\" \/>\n<meta property=\"article:modified_time\" content=\"2026-02-28T14:07:22+00:00\" \/>\n<meta property=\"og:image\" content=\"https:\/\/cooltivarte.com\/portal\/wp-content\/uploads\/2026\/02\/Galeria-Pueblo-Garzon.webp\" \/>\n\t<meta property=\"og:image:width\" content=\"1600\" \/>\n\t<meta property=\"og:image:height\" content=\"2133\" \/>\n\t<meta property=\"og:image:type\" content=\"image\/webp\" \/>\n<meta name=\"author\" content=\"Daniel Benoit Cassou\" \/>\n<meta name=\"twitter:card\" content=\"summary_large_image\" \/>\n<meta name=\"twitter:title\" content=\"Galer\u00eda Pueblo Garz\u00f3n | Debut con criterio y pulso curatorial por Daniel Benoit Cassou\" \/>\n<meta name=\"twitter:description\" content=\"En plena temporada estival, cuando Pueblo Garz\u00f3n reafirma su condici\u00f3n de enclave art\u00edstico y sofisticado, abri\u00f3 sus puertas una nueva galer\u00eda dirigida por Adriana Napoleone.\" \/>\n<meta name=\"twitter:image\" content=\"https:\/\/cooltivarte.com\/portal\/wp-content\/uploads\/2026\/02\/Galeria-Pueblo-Garzon.webp\" \/>\n<meta name=\"twitter:creator\" content=\"@https:\/\/x.com\/obolocultural\" \/>\n<meta name=\"twitter:site\" content=\"@obolocultural\" \/>\n<meta name=\"twitter:label1\" content=\"Escrito por\" \/>\n\t<meta name=\"twitter:data1\" content=\"Daniel Benoit Cassou\" \/>\n\t<meta name=\"twitter:label2\" content=\"Tiempo de lectura\" \/>\n\t<meta name=\"twitter:data2\" content=\"4 minutos\" \/>\n<!-- \/ Yoast SEO plugin. -->","yoast_head_json":{"title":"Galer\u00eda Pueblo Garz\u00f3n | Debut con criterio y pulso curatorial - Cooltivarte Portal","description":"En plena temporada estival, cuando Pueblo Garz\u00f3n reafirma su condici\u00f3n de enclave art\u00edstico y sofisticado, abri\u00f3 sus puertas una nueva galer\u00eda dirigida por Adriana Napoleone.","robots":{"index":"index","follow":"follow","max-snippet":"max-snippet:-1","max-image-preview":"max-image-preview:large","max-video-preview":"max-video-preview:-1"},"canonical":"https:\/\/cooltivarte.com\/portal\/galeria-pueblo-garzon-debut-con-criterio-y-pulso-curatorial\/","og_locale":"es_ES","og_type":"article","og_title":"Galer\u00eda Pueblo Garz\u00f3n | Debut con criterio y pulso curatorial por Daniel Benoit Cassou","og_description":"En plena temporada estival, cuando Pueblo Garz\u00f3n reafirma su condici\u00f3n de enclave art\u00edstico y sofisticado, abri\u00f3 sus puertas una nueva galer\u00eda dirigida por Adriana Napoleone.","og_url":"https:\/\/cooltivarte.com\/portal\/galeria-pueblo-garzon-debut-con-criterio-y-pulso-curatorial\/","og_site_name":"Cooltivarte Portal","article_publisher":"https:\/\/www.facebook.com\/cooltivartecom\/","article_author":"https:\/\/www.facebook.com\/daniel.benoit.3557?fref=ts","article_published_time":"2026-02-26T14:00:35+00:00","article_modified_time":"2026-02-28T14:07:22+00:00","og_image":[{"width":1600,"height":2133,"url":"https:\/\/cooltivarte.com\/portal\/wp-content\/uploads\/2026\/02\/Galeria-Pueblo-Garzon.webp","type":"image\/webp"}],"author":"Daniel Benoit Cassou","twitter_card":"summary_large_image","twitter_title":"Galer\u00eda Pueblo Garz\u00f3n | Debut con criterio y pulso curatorial por Daniel Benoit Cassou","twitter_description":"En plena temporada estival, cuando Pueblo Garz\u00f3n reafirma su condici\u00f3n de enclave art\u00edstico y sofisticado, abri\u00f3 sus puertas una nueva galer\u00eda dirigida por Adriana Napoleone.","twitter_image":"https:\/\/cooltivarte.com\/portal\/wp-content\/uploads\/2026\/02\/Galeria-Pueblo-Garzon.webp","twitter_creator":"@https:\/\/x.com\/obolocultural","twitter_site":"@obolocultural","twitter_misc":{"Escrito por":"Daniel Benoit Cassou","Tiempo de lectura":"4 minutos"},"schema":{"@context":"https:\/\/schema.org","@graph":[{"@type":"NewsArticle","@id":"https:\/\/cooltivarte.com\/portal\/galeria-pueblo-garzon-debut-con-criterio-y-pulso-curatorial\/#article","isPartOf":{"@id":"https:\/\/cooltivarte.com\/portal\/galeria-pueblo-garzon-debut-con-criterio-y-pulso-curatorial\/"},"author":{"name":"Daniel Benoit Cassou","@id":"https:\/\/cooltivarte.com\/portal\/#\/schema\/person\/175e2af38af164206375abd19e491b3f"},"headline":"Galer\u00eda Pueblo Garz\u00f3n | Debut con criterio y pulso curatorial","datePublished":"2026-02-26T14:00:35+00:00","dateModified":"2026-02-28T14:07:22+00:00","mainEntityOfPage":{"@id":"https:\/\/cooltivarte.com\/portal\/galeria-pueblo-garzon-debut-con-criterio-y-pulso-curatorial\/"},"wordCount":721,"publisher":{"@id":"https:\/\/cooltivarte.com\/portal\/#organization"},"image":{"@id":"https:\/\/cooltivarte.com\/portal\/galeria-pueblo-garzon-debut-con-criterio-y-pulso-curatorial\/#primaryimage"},"thumbnailUrl":"https:\/\/cooltivarte.com\/portal\/wp-content\/uploads\/2026\/02\/Galeria-Pueblo-Garzon.webp","keywords":["Adolfo Llorente","Adriana Napoleone","Antonia Guzm\u00e1n","Galer\u00eda Pueblo Garz\u00f3n","Judith Britez"],"articleSection":["Arte"],"inLanguage":"es-AR"},{"@type":"WebPage","@id":"https:\/\/cooltivarte.com\/portal\/galeria-pueblo-garzon-debut-con-criterio-y-pulso-curatorial\/","url":"https:\/\/cooltivarte.com\/portal\/galeria-pueblo-garzon-debut-con-criterio-y-pulso-curatorial\/","name":"Galer\u00eda Pueblo Garz\u00f3n | Debut con criterio y pulso curatorial - Cooltivarte Portal","isPartOf":{"@id":"https:\/\/cooltivarte.com\/portal\/#website"},"primaryImageOfPage":{"@id":"https:\/\/cooltivarte.com\/portal\/galeria-pueblo-garzon-debut-con-criterio-y-pulso-curatorial\/#primaryimage"},"image":{"@id":"https:\/\/cooltivarte.com\/portal\/galeria-pueblo-garzon-debut-con-criterio-y-pulso-curatorial\/#primaryimage"},"thumbnailUrl":"https:\/\/cooltivarte.com\/portal\/wp-content\/uploads\/2026\/02\/Galeria-Pueblo-Garzon.webp","datePublished":"2026-02-26T14:00:35+00:00","dateModified":"2026-02-28T14:07:22+00:00","description":"En plena temporada estival, cuando Pueblo Garz\u00f3n reafirma su condici\u00f3n de enclave art\u00edstico y sofisticado, abri\u00f3 sus puertas una nueva galer\u00eda dirigida por Adriana Napoleone.","breadcrumb":{"@id":"https:\/\/cooltivarte.com\/portal\/galeria-pueblo-garzon-debut-con-criterio-y-pulso-curatorial\/#breadcrumb"},"inLanguage":"es-AR","potentialAction":[{"@type":"ReadAction","target":["https:\/\/cooltivarte.com\/portal\/galeria-pueblo-garzon-debut-con-criterio-y-pulso-curatorial\/"]}]},{"@type":"ImageObject","inLanguage":"es-AR","@id":"https:\/\/cooltivarte.com\/portal\/galeria-pueblo-garzon-debut-con-criterio-y-pulso-curatorial\/#primaryimage","url":"https:\/\/cooltivarte.com\/portal\/wp-content\/uploads\/2026\/02\/Galeria-Pueblo-Garzon.webp","contentUrl":"https:\/\/cooltivarte.com\/portal\/wp-content\/uploads\/2026\/02\/Galeria-Pueblo-Garzon.webp","width":1600,"height":2133,"caption":"Galer\u00eda Pueblo Garz\u00f3n | Debut con criterio y pulso curatorial por Daniel Benoit Cassou"},{"@type":"BreadcrumbList","@id":"https:\/\/cooltivarte.com\/portal\/galeria-pueblo-garzon-debut-con-criterio-y-pulso-curatorial\/#breadcrumb","itemListElement":[{"@type":"ListItem","position":1,"name":"Portada","item":"https:\/\/cooltivarte.com\/portal\/"},{"@type":"ListItem","position":2,"name":"Galer\u00eda Pueblo Garz\u00f3n | Debut con criterio y pulso curatorial"}]},{"@type":"WebSite","@id":"https:\/\/cooltivarte.com\/portal\/#website","url":"https:\/\/cooltivarte.com\/portal\/","name":"Cooltivarte Portal","description":"Arte, cultura y turismo para el mundo ...","publisher":{"@id":"https:\/\/cooltivarte.com\/portal\/#organization"},"potentialAction":[{"@type":"SearchAction","target":{"@type":"EntryPoint","urlTemplate":"https:\/\/cooltivarte.com\/portal\/?s={search_term_string}"},"query-input":{"@type":"PropertyValueSpecification","valueRequired":true,"valueName":"search_term_string"}}],"inLanguage":"es-AR"},{"@type":"Organization","@id":"https:\/\/cooltivarte.com\/portal\/#organization","name":"cooltivarte","url":"https:\/\/cooltivarte.com\/portal\/","logo":{"@type":"ImageObject","inLanguage":"es-AR","@id":"https:\/\/cooltivarte.com\/portal\/#\/schema\/logo\/image\/","url":"https:\/\/cooltivarte.com\/portal\/wp-content\/uploads\/2020\/04\/logo-cooltivarte-v2.png","contentUrl":"https:\/\/cooltivarte.com\/portal\/wp-content\/uploads\/2020\/04\/logo-cooltivarte-v2.png","width":851,"height":243,"caption":"cooltivarte"},"image":{"@id":"https:\/\/cooltivarte.com\/portal\/#\/schema\/logo\/image\/"},"sameAs":["https:\/\/www.facebook.com\/cooltivartecom\/","https:\/\/x.com\/obolocultural","https:\/\/www.instagram.com\/_cooltivarte_\/","https:\/\/www.linkedin.com\/company\/-bolocultural?reportsuccess=8zaNG1HwhPbAR9iQhZ5rfGeqz_vQFftHun0ZWU0Wy9vNemRJ8vtcKdJvzQfW8XagyOJSKg0XvfJ1dp","https:\/\/www.pinterest.com\/cooltivarte\/","https:\/\/cooltivarte.tumblr.com\/","https:\/\/www.tiktok.com\/@cooltivarte","https:\/\/www.youtube.com\/@PrensaCooltivarte"]},{"@type":"Person","@id":"https:\/\/cooltivarte.com\/portal\/#\/schema\/person\/175e2af38af164206375abd19e491b3f","name":"Daniel Benoit Cassou","image":{"@type":"ImageObject","inLanguage":"es-AR","@id":"https:\/\/cooltivarte.com\/portal\/wp-content\/uploads\/2022\/11\/daniel-benoit-120x120.jpg","url":"https:\/\/cooltivarte.com\/portal\/wp-content\/uploads\/2022\/11\/daniel-benoit-120x120.jpg","contentUrl":"https:\/\/cooltivarte.com\/portal\/wp-content\/uploads\/2022\/11\/daniel-benoit-120x120.jpg","caption":"Daniel Benoit Cassou"},"description":"Daniel Benoit - (Uruguay, 1961), es contador p\u00fablico de profesi\u00f3n. Hizo su formaci\u00f3n art\u00edstica en los talleres de Hugo Longa, Clever Lara y Lacy Duarte; escultura con Jos\u00e9 Pelayo y fotograf\u00eda con Enrique Abal, Oscar Bonilla y Roberto Schettini. Realiz\u00f3 cursos de formaci\u00f3n te\u00f3rica con Nelson Di Maggio, Alfredo Torres, Nelson Bali\u00f1o y Emma Sanguinetti, entre otros. Ha participado en muestras de fotografias, colectivas asi como individuales: 2007 \u2013 Facultad de Ciencias Econ\u00f3micas; Centro Cultural Lapido; Club de Golf; Fotogramas - Montevideo 2009 \u2013 Galer\u00eda de arte La Pasionaria \u2013 Club de Golf - Montevideo 2010 \u2013 A la Follie; Trattoria La Commedia; Club de Golf \u2013 Montevideo 2011 \u2013 Museo del Azulejo; Fotograma; Club de Golf \u2013 Montevideo; Bienal X \u2013 Salto 2012 \u2013 Espacio Innova \u2013 Punta del Este Es asiduo asistente a las principales bienales de arte: Venecia, Lyon, San Pablo, Cuba, Porto Alegre, Lima, as\u00ed como ferias de Basilea, Paris, Buenos Aires, entre otras. Es coleccionista de arte nacional, asesor de arte contempor\u00e1neo, escribe en sus blogs y es columnista de la revista de arte nacional \u201cCooltivarte\u201d desde el 2012, asi como de la revista \u201cArte\u201d del periodico \u201cEl Pais\u201d. Blog","sameAs":["https:\/\/danielbenoit.art\/","https:\/\/www.facebook.com\/daniel.benoit.3557?fref=ts","https:\/\/www.instagram.com\/danielbenoitcassou\/","https:\/\/www.linkedin.com\/in\/daniel-benoit-87890a39\/","https:\/\/www.pinterest.com\/cooltivarte","https:\/\/x.com\/https:\/\/x.com\/obolocultural","https:\/\/www.youtube.com\/@PrensaCooltivarte","https:\/\/www.tumblr.com\/blog\/cooltivarte"],"url":"https:\/\/cooltivarte.com\/portal\/author\/benoit\/"}]}},"_links":{"self":[{"href":"https:\/\/cooltivarte.com\/portal\/wp-json\/wp\/v2\/posts\/123473","targetHints":{"allow":["GET"]}}],"collection":[{"href":"https:\/\/cooltivarte.com\/portal\/wp-json\/wp\/v2\/posts"}],"about":[{"href":"https:\/\/cooltivarte.com\/portal\/wp-json\/wp\/v2\/types\/post"}],"author":[{"embeddable":true,"href":"https:\/\/cooltivarte.com\/portal\/wp-json\/wp\/v2\/users\/14"}],"replies":[{"embeddable":true,"href":"https:\/\/cooltivarte.com\/portal\/wp-json\/wp\/v2\/comments?post=123473"}],"version-history":[{"count":1,"href":"https:\/\/cooltivarte.com\/portal\/wp-json\/wp\/v2\/posts\/123473\/revisions"}],"predecessor-version":[{"id":123475,"href":"https:\/\/cooltivarte.com\/portal\/wp-json\/wp\/v2\/posts\/123473\/revisions\/123475"}],"wp:featuredmedia":[{"embeddable":true,"href":"https:\/\/cooltivarte.com\/portal\/wp-json\/wp\/v2\/media\/123474"}],"wp:attachment":[{"href":"https:\/\/cooltivarte.com\/portal\/wp-json\/wp\/v2\/media?parent=123473"}],"wp:term":[{"taxonomy":"category","embeddable":true,"href":"https:\/\/cooltivarte.com\/portal\/wp-json\/wp\/v2\/categories?post=123473"},{"taxonomy":"post_tag","embeddable":true,"href":"https:\/\/cooltivarte.com\/portal\/wp-json\/wp\/v2\/tags?post=123473"}],"curies":[{"name":"wp","href":"https:\/\/api.w.org\/{rel}","templated":true}]}}