{"id":123465,"date":"2026-02-25T10:35:48","date_gmt":"2026-02-25T13:35:48","guid":{"rendered":"https:\/\/cooltivarte.com\/portal\/?p=123465"},"modified":"2026-02-28T10:36:17","modified_gmt":"2026-02-28T13:36:17","slug":"paola-marzotto","status":"publish","type":"post","link":"https:\/\/cooltivarte.com\/portal\/paola-marzotto\/","title":{"rendered":"Paola Marzotto"},"content":{"rendered":"<figure id=\"attachment_123466\" aria-describedby=\"caption-attachment-123466\" style=\"width: 1600px\" class=\"wp-caption alignnone\"><img fetchpriority=\"high\" decoding=\"async\" class=\"wp-image-123466 size-full\" title=\"Paola Marzotto - La Barra - Maldonado por Daniel Benoit Cassou\" src=\"https:\/\/cooltivarte.com\/portal\/wp-content\/uploads\/2026\/02\/Paola-Marzotto.webp\" alt=\"Paola Marzotto - La Barra - Maldonado por Daniel Benoit Cassou\" width=\"1600\" height=\"2133\" srcset=\"https:\/\/cooltivarte.com\/portal\/wp-content\/uploads\/2026\/02\/Paola-Marzotto.webp 1600w, https:\/\/cooltivarte.com\/portal\/wp-content\/uploads\/2026\/02\/Paola-Marzotto-225x300.webp 225w, https:\/\/cooltivarte.com\/portal\/wp-content\/uploads\/2026\/02\/Paola-Marzotto-768x1024.webp 768w, https:\/\/cooltivarte.com\/portal\/wp-content\/uploads\/2026\/02\/Paola-Marzotto-1152x1536.webp 1152w, https:\/\/cooltivarte.com\/portal\/wp-content\/uploads\/2026\/02\/Paola-Marzotto-1536x2048.webp 1536w\" sizes=\"(max-width: 1600px) 100vw, 1600px\" \/><figcaption id=\"caption-attachment-123466\" class=\"wp-caption-text\">Paola Marzotto<\/figcaption><\/figure>\n<p>&nbsp;<\/p>\n<div class=\"wp-block-group has-global-padding is-layout-constrained wp-block-group-is-layout-constrained\">\n<h3 class=\"wp-block-post-title\"><strong>Paola Marzotto<\/strong><\/h3>\n<\/div>\n<div class=\"entry-content wp-block-post-content has-global-padding is-layout-constrained wp-block-post-content-is-layout-constrained\">\n<p><strong>La Barra, Maldonado.<\/strong><\/p>\n<p>Nacida en Venecia en 1955, <a href=\"https:\/\/cooltivarte.com\/portal\/?s=Paola+Marzotto\" target=\"_blank\" rel=\"noopener\"><strong>Paola Marzotto<\/strong><\/a> viene sistem\u00e1ticamente a Uruguay, donde tiene su casa. No es turismo, es pertenencia desde que conoci\u00f3 el lugar hace varios a\u00f1os. Hay algo en esta tierra \u2014campo, playa, horizonte limpio\u2014 que dialoga con su mirada.<\/p>\n<p>Su formaci\u00f3n art\u00edstica y su preocupaci\u00f3n constante por la naturaleza encontraron en la fotograf\u00eda un cauce inevitable. Pero lo suyo no es el registro pasivo. Es una toma de posici\u00f3n.<\/p>\n<p>Vivi\u00f3 con intensidad la Roma de los a\u00f1os setenta. Transit\u00f3 el mundo cultural con naturalidad entre artistas, cineastas, poetas y pol\u00edticos.&nbsp;<\/p>\n<p>Conoci\u00f3 figuras como <strong>Lina Wertm\u00fcller<\/strong>, <strong>Pier Paolo Pasolini<\/strong> y <strong>Melina Mercouri<\/strong>. Fueron a\u00f1os de bohemia sofisticada, pensamiento en ebullici\u00f3n y noches largas. Tambi\u00e9n de formaci\u00f3n silenciosa.<\/p>\n<p>Empez\u00f3 a fotografiar a los 16 a\u00f1os. Primero por impulso. Despu\u00e9s por necesidad. Fue reportera gr\u00e1fica en los setenta y ochenta. La c\u00e1mara nunca fue accesorio sino que fue extensi\u00f3n.<\/p>\n<p><strong>El jard\u00edn como manifiesto<\/strong><\/p>\n<p>En su casa uruguaya, el jard\u00edn no es decoraci\u00f3n, es laboratorio. Sus series de flores parten de tomas realizadas all\u00ed mismo. Luego edita, ajusta, depura hasta que la imagen alcanza el punto exacto de tensi\u00f3n entre belleza y concepto.<\/p>\n<p>En el patio hay una fuente con nen\u00fafares. De all\u00ed surge una serie titulada \u201cMy Giverny\u201d, gui\u00f1o inevitable a <strong>Claude Monet<\/strong>. Pero no es cita complaciente. Es di\u00e1logo. Monet pintaba la vibraci\u00f3n de la luz; Marzotto captura la respiraci\u00f3n del agua.<\/p>\n<p>Sus fotograf\u00edas no est\u00e1n hechas para ser observadas. Est\u00e1n hechas para ser habitadas.<\/p>\n<p><strong>Ant\u00e1rtida: belleza que se derrite<\/strong><\/p>\n<p>En 2023 viaj\u00f3 tres semanas a bordo del ARA Almirante Ir\u00edzar. De esa experiencia nace Ant\u00e1rtida, Belleza que se derrite. Aurora, exhibida en el Palacio Libertad, Centro Cultural Domingo F. Sarmiento.<\/p>\n<p>Icebergs, volcanes, auroras. Paisajes de una pureza brutal. Las intervenciones son m\u00ednimas. Lo justo. El resultado roza lo surreal sin traicionar el documento. La belleza aparece, s\u00ed, pero tambi\u00e9n la fragilidad. No hay discurso panfletario. Hay evidencia.<\/p>\n<p>Sus im\u00e1genes son activas. Nos miran. Nos interpelan. Frente a ellas, el espectador deja de ser sujeto observador para convertirse en parte del cuadro. La naturaleza no es fondo, por el contrario es conciencia.<\/p>\n<p><strong>Rigor, di\u00e1logo y convivencia<\/strong><\/p>\n<p>Marzotto es fot\u00f3grafa, periodista, dise\u00f1adora de moda, ambientalista. Fund\u00f3 Eye-V Gallery, colectivo internacional dedicado a la fotograf\u00eda art\u00edstica y natural. Estudi\u00f3 antropolog\u00eda, psicolog\u00eda y actuaci\u00f3n en el m\u00e9todo de Lee Strasberg. Fue productora, autora, trabaj\u00f3 en medios y tambi\u00e9n en pol\u00edtica. Multifac\u00e9tica, s\u00ed. Dispersa, no.<\/p>\n<p>Es una mujer elegante desde la sobriedad. Serena. Profesional hasta el detalle. Su ojo detecta lo que otros no ven: un desajuste m\u00ednimo, una tensi\u00f3n mal resuelta. Corrige sin estridencias. Exige sin imponer.<\/p>\n<p>En su casa \u2014cargada de arte y sin exceso\u2014 sus obras conviven con piezas de otros artistas. No hay competencia, hay conversaci\u00f3n. Entre ellas destacan las flores de <strong>Nicola Costantino<\/strong>, cuya intensidad mat\u00e9rico-conceptual dialoga con la sensibilidad org\u00e1nica de Marzotto.<\/p>\n<p>Dos miradas sobre lo floral: una desde la construcci\u00f3n simb\u00f3lica, otra desde la contemplaci\u00f3n intervenida. El contraste enriquece.<\/p>\n<p>Tambi\u00e9n destacan las fotograf\u00edas de <strong>Manuela Cacciaguerra<\/strong> y las exquisitas obras de <strong>Uberto Guasche<\/strong> entre otros artistas que habitan el entono de la artista.<\/p>\n<p>Recorrimos cada espacio con calma. Campo y playa, pero sin rusticidad improvisada. Todo responde a un orden interior que la define.<\/p>\n<p>Sal\u00ed con una obra suya dedicada bajo el brazo. Gesto que agradezco. Pero m\u00e1s que la obra, me llev\u00e9 la confirmaci\u00f3n de algo evidente: en sus fotograf\u00edas habita ella.<\/p>\n<p>Mujer de mundo. Inquieta. Madre, abuela. Siempre proyectando.<\/p>\n<p>La naturaleza no es su tema. Es su \u00e9tica.<\/p>\n<p>Y eso \u2014en tiempos de im\u00e1genes vac\u00edas\u2014 no es poca cosa.<\/p>\n<\/div>\n<p>&nbsp;<\/p>\n<p>&nbsp;<\/p>\n<div style=\"width: 640px;\" class=\"wp-video\"><!--[if lt IE 9]><script>document.createElement('video');<\/script><![endif]-->\n<video class=\"wp-video-shortcode\" id=\"video-123465-1\" width=\"640\" height=\"360\" preload=\"metadata\" controls=\"controls\"><source type=\"video\/mp4\" src=\"https:\/\/danielbenoit.art\/wp-content\/uploads\/2026\/02\/3399b68e89f2ef3053151155bf03ac3b.mp4?_=1\" \/><a href=\"https:\/\/danielbenoit.art\/wp-content\/uploads\/2026\/02\/3399b68e89f2ef3053151155bf03ac3b.mp4\">https:\/\/danielbenoit.art\/wp-content\/uploads\/2026\/02\/3399b68e89f2ef3053151155bf03ac3b.mp4<\/a><\/video><\/div>\n<p>&nbsp;<\/p>\n<p>&nbsp;<\/p>\n","protected":false},"excerpt":{"rendered":"<p>Paola Marzotto<\/p>\n<p>La Barra, Maldonado.<\/p>\n<p>Nacida en Venecia en 1955, Paola Marzotto viene sistem\u00e1ticamente a Uruguay, donde tiene su casa. No es turismo, es pertenencia desde que conoci\u00f3 el lugar hace varios a\u00f1os. Hay algo en esta tierra \u2014campo, playa, horizonte limpio\u2014 que dialoga con su mirada.<\/p>\n<p>Su formaci\u00f3n art\u00edstica y su preocupaci\u00f3n constante por la naturaleza encontraron en la fotograf\u00eda un cauce inevitable. Pero lo suyo no es el registro pasivo. Es una toma de posici\u00f3n.<\/p>\n<p>Vivi\u00f3 con intensidad la Roma de los a\u00f1os setenta. Transit\u00f3 el mundo cultural con naturalidad entre artistas, cineastas, poetas y pol\u00edticos.\u00a0<\/p>\n<p>Conoci\u00f3 figuras como Lina Wertm\u00fcller, Pier Paolo Pasolini y Melina Mercouri. Fueron a\u00f1os de bohemia sofisticada, pensamiento en ebullici\u00f3n y noches largas. Tambi\u00e9n de formaci\u00f3n silenciosa.<\/p>\n<p>Empez\u00f3 a fotografiar a los 16 a\u00f1os. Primero por impulso. Despu\u00e9s por necesidad. Fue reportera gr\u00e1fica en los setenta y ochenta. La c\u00e1mara nunca fue accesorio sino que fue extensi\u00f3n.<\/p>\n","protected":false},"author":14,"featured_media":123466,"comment_status":"closed","ping_status":"closed","sticky":false,"template":"","format":"standard","meta":{"om_disable_all_campaigns":false,"ngg_post_thumbnail":0,"jnews-multi-image_gallery":[],"jnews_single_post":{"format":"standard","override":[{"template":"4","parallax":"1","layout":"right-sidebar","sidebar":"default-sidebar","second_sidebar":"default-sidebar","sticky_sidebar":"1","share_position":"bottom","share_float_style":"share-monocrhome","show_share_counter":"1","show_view_counter":"1","show_featured":"1","show_post_meta":"1","show_post_author":"1","show_post_author_image":"1","show_post_date":"1","post_date_format":"default","post_date_format_custom":"Y\/m\/d","show_post_category":"1","post_reading_time_wpm":"300","post_calculate_word_method":"str_word_count","zoom_button_out_step":"2","zoom_button_in_step":"3","show_post_tag":"1","show_prev_next_post":"1","show_popup_post":"1","show_comment_section":"1","number_popup_post":"1","show_author_box":"1","show_post_related":"0","show_inline_post_related":"0"}],"image_override":[{"single_post_thumbnail_size":"no-crop","single_post_gallery_size":"crop-500"}],"trending_post_position":"meta","trending_post_label":"Trending","sponsored_post_label":"Sponsored by","disable_ad":"0","subtitle":"La Barra, Maldonado"},"jnews_primary_category":[],"jnews_social_meta":[],"jnews_override_counter":{"view_counter_number":"0","share_counter_number":"0","like_counter_number":"0","dislike_counter_number":"0"},"footnotes":""},"categories":[52],"tags":[16138,1195,25847],"class_list":["post-123465","post","type-post","status-publish","format-standard","has-post-thumbnail","hentry","category-artista","tag-la-barra","tag-maldonado","tag-paola-marzotto"],"yoast_head":"<!-- This site is optimized with the Yoast SEO plugin v27.5 - https:\/\/yoast.com\/product\/yoast-seo-wordpress\/ -->\n<title>Paola Marzotto - Cooltivarte Portal<\/title>\n<meta name=\"description\" content=\"Nacida en Venecia en 1955, Paola Marzotto viene sistem\u00e1ticamente a Uruguay, donde tiene su casa. No es turismo, es pertenencia desde que conoci\u00f3 el lugar hace varios a\u00f1os.\" \/>\n<meta name=\"robots\" content=\"index, follow, max-snippet:-1, max-image-preview:large, max-video-preview:-1\" \/>\n<link rel=\"canonical\" href=\"https:\/\/cooltivarte.com\/portal\/paola-marzotto\/\" \/>\n<meta property=\"og:locale\" content=\"es_ES\" \/>\n<meta property=\"og:type\" content=\"article\" \/>\n<meta property=\"og:title\" content=\"Paola Marzotto - La Barra - Maldonado por Daniel Benoit Cassou\" \/>\n<meta property=\"og:description\" content=\"Nacida en Venecia en 1955, Paola Marzotto viene sistem\u00e1ticamente a Uruguay, donde tiene su casa. No es turismo, es pertenencia desde que conoci\u00f3 el lugar hace varios a\u00f1os.\" \/>\n<meta property=\"og:url\" content=\"https:\/\/cooltivarte.com\/portal\/paola-marzotto\/\" \/>\n<meta property=\"og:site_name\" content=\"Cooltivarte Portal\" \/>\n<meta property=\"article:publisher\" content=\"https:\/\/www.facebook.com\/cooltivartecom\/\" \/>\n<meta property=\"article:author\" content=\"https:\/\/www.facebook.com\/daniel.benoit.3557?fref=ts\" \/>\n<meta property=\"article:published_time\" content=\"2026-02-25T13:35:48+00:00\" \/>\n<meta property=\"article:modified_time\" content=\"2026-02-28T13:36:17+00:00\" \/>\n<meta property=\"og:image\" content=\"https:\/\/cooltivarte.com\/portal\/wp-content\/uploads\/2026\/02\/Paola-Marzotto.webp\" \/>\n\t<meta property=\"og:image:width\" content=\"1600\" \/>\n\t<meta property=\"og:image:height\" content=\"2133\" \/>\n\t<meta property=\"og:image:type\" content=\"image\/webp\" \/>\n<meta name=\"author\" content=\"Daniel Benoit Cassou\" \/>\n<meta name=\"twitter:card\" content=\"summary_large_image\" \/>\n<meta name=\"twitter:title\" content=\"Paola Marzotto - La Barra - Maldonado por Daniel Benoit Cassou\" \/>\n<meta name=\"twitter:description\" content=\"Nacida en Venecia en 1955, Paola Marzotto viene sistem\u00e1ticamente a Uruguay, donde tiene su casa. No es turismo, es pertenencia desde que conoci\u00f3 el lugar hace varios a\u00f1os.\" \/>\n<meta name=\"twitter:image\" content=\"https:\/\/cooltivarte.com\/portal\/wp-content\/uploads\/2026\/02\/Paola-Marzotto.webp\" \/>\n<meta name=\"twitter:creator\" content=\"@https:\/\/x.com\/obolocultural\" \/>\n<meta name=\"twitter:site\" content=\"@obolocultural\" \/>\n<meta name=\"twitter:label1\" content=\"Escrito por\" \/>\n\t<meta name=\"twitter:data1\" content=\"Daniel Benoit Cassou\" \/>\n\t<meta name=\"twitter:label2\" content=\"Tiempo de lectura\" \/>\n\t<meta name=\"twitter:data2\" content=\"4 minutos\" \/>\n<!-- \/ Yoast SEO plugin. -->","yoast_head_json":{"title":"Paola Marzotto - Cooltivarte Portal","description":"Nacida en Venecia en 1955, Paola Marzotto viene sistem\u00e1ticamente a Uruguay, donde tiene su casa. No es turismo, es pertenencia desde que conoci\u00f3 el lugar hace varios a\u00f1os.","robots":{"index":"index","follow":"follow","max-snippet":"max-snippet:-1","max-image-preview":"max-image-preview:large","max-video-preview":"max-video-preview:-1"},"canonical":"https:\/\/cooltivarte.com\/portal\/paola-marzotto\/","og_locale":"es_ES","og_type":"article","og_title":"Paola Marzotto - La Barra - Maldonado por Daniel Benoit Cassou","og_description":"Nacida en Venecia en 1955, Paola Marzotto viene sistem\u00e1ticamente a Uruguay, donde tiene su casa. No es turismo, es pertenencia desde que conoci\u00f3 el lugar hace varios a\u00f1os.","og_url":"https:\/\/cooltivarte.com\/portal\/paola-marzotto\/","og_site_name":"Cooltivarte Portal","article_publisher":"https:\/\/www.facebook.com\/cooltivartecom\/","article_author":"https:\/\/www.facebook.com\/daniel.benoit.3557?fref=ts","article_published_time":"2026-02-25T13:35:48+00:00","article_modified_time":"2026-02-28T13:36:17+00:00","og_image":[{"width":1600,"height":2133,"url":"https:\/\/cooltivarte.com\/portal\/wp-content\/uploads\/2026\/02\/Paola-Marzotto.webp","type":"image\/webp"}],"author":"Daniel Benoit Cassou","twitter_card":"summary_large_image","twitter_title":"Paola Marzotto - La Barra - Maldonado por Daniel Benoit Cassou","twitter_description":"Nacida en Venecia en 1955, Paola Marzotto viene sistem\u00e1ticamente a Uruguay, donde tiene su casa. No es turismo, es pertenencia desde que conoci\u00f3 el lugar hace varios a\u00f1os.","twitter_image":"https:\/\/cooltivarte.com\/portal\/wp-content\/uploads\/2026\/02\/Paola-Marzotto.webp","twitter_creator":"@https:\/\/x.com\/obolocultural","twitter_site":"@obolocultural","twitter_misc":{"Escrito por":"Daniel Benoit Cassou","Tiempo de lectura":"4 minutos"},"schema":{"@context":"https:\/\/schema.org","@graph":[{"@type":"NewsArticle","@id":"https:\/\/cooltivarte.com\/portal\/paola-marzotto\/#article","isPartOf":{"@id":"https:\/\/cooltivarte.com\/portal\/paola-marzotto\/"},"author":{"name":"Daniel Benoit Cassou","@id":"https:\/\/cooltivarte.com\/portal\/#\/schema\/person\/175e2af38af164206375abd19e491b3f"},"headline":"Paola Marzotto","datePublished":"2026-02-25T13:35:48+00:00","dateModified":"2026-02-28T13:36:17+00:00","mainEntityOfPage":{"@id":"https:\/\/cooltivarte.com\/portal\/paola-marzotto\/"},"wordCount":691,"publisher":{"@id":"https:\/\/cooltivarte.com\/portal\/#organization"},"image":{"@id":"https:\/\/cooltivarte.com\/portal\/paola-marzotto\/#primaryimage"},"thumbnailUrl":"https:\/\/cooltivarte.com\/portal\/wp-content\/uploads\/2026\/02\/Paola-Marzotto.webp","keywords":["La Barra","Maldonado","Paola Marzotto"],"articleSection":["Arte"],"inLanguage":"es-AR"},{"@type":"WebPage","@id":"https:\/\/cooltivarte.com\/portal\/paola-marzotto\/","url":"https:\/\/cooltivarte.com\/portal\/paola-marzotto\/","name":"Paola Marzotto - Cooltivarte Portal","isPartOf":{"@id":"https:\/\/cooltivarte.com\/portal\/#website"},"primaryImageOfPage":{"@id":"https:\/\/cooltivarte.com\/portal\/paola-marzotto\/#primaryimage"},"image":{"@id":"https:\/\/cooltivarte.com\/portal\/paola-marzotto\/#primaryimage"},"thumbnailUrl":"https:\/\/cooltivarte.com\/portal\/wp-content\/uploads\/2026\/02\/Paola-Marzotto.webp","datePublished":"2026-02-25T13:35:48+00:00","dateModified":"2026-02-28T13:36:17+00:00","description":"Nacida en Venecia en 1955, Paola Marzotto viene sistem\u00e1ticamente a Uruguay, donde tiene su casa. No es turismo, es pertenencia desde que conoci\u00f3 el lugar hace varios a\u00f1os.","breadcrumb":{"@id":"https:\/\/cooltivarte.com\/portal\/paola-marzotto\/#breadcrumb"},"inLanguage":"es-AR","potentialAction":[{"@type":"ReadAction","target":["https:\/\/cooltivarte.com\/portal\/paola-marzotto\/"]}]},{"@type":"ImageObject","inLanguage":"es-AR","@id":"https:\/\/cooltivarte.com\/portal\/paola-marzotto\/#primaryimage","url":"https:\/\/cooltivarte.com\/portal\/wp-content\/uploads\/2026\/02\/Paola-Marzotto.webp","contentUrl":"https:\/\/cooltivarte.com\/portal\/wp-content\/uploads\/2026\/02\/Paola-Marzotto.webp","width":1600,"height":2133,"caption":"Paola Marzotto - La Barra - Maldonado por Daniel Benoit Cassou"},{"@type":"BreadcrumbList","@id":"https:\/\/cooltivarte.com\/portal\/paola-marzotto\/#breadcrumb","itemListElement":[{"@type":"ListItem","position":1,"name":"Portada","item":"https:\/\/cooltivarte.com\/portal\/"},{"@type":"ListItem","position":2,"name":"Paola Marzotto"}]},{"@type":"WebSite","@id":"https:\/\/cooltivarte.com\/portal\/#website","url":"https:\/\/cooltivarte.com\/portal\/","name":"Cooltivarte Portal","description":"Arte, cultura y turismo para el mundo ...","publisher":{"@id":"https:\/\/cooltivarte.com\/portal\/#organization"},"potentialAction":[{"@type":"SearchAction","target":{"@type":"EntryPoint","urlTemplate":"https:\/\/cooltivarte.com\/portal\/?s={search_term_string}"},"query-input":{"@type":"PropertyValueSpecification","valueRequired":true,"valueName":"search_term_string"}}],"inLanguage":"es-AR"},{"@type":"Organization","@id":"https:\/\/cooltivarte.com\/portal\/#organization","name":"cooltivarte","url":"https:\/\/cooltivarte.com\/portal\/","logo":{"@type":"ImageObject","inLanguage":"es-AR","@id":"https:\/\/cooltivarte.com\/portal\/#\/schema\/logo\/image\/","url":"https:\/\/cooltivarte.com\/portal\/wp-content\/uploads\/2020\/04\/logo-cooltivarte-v2.png","contentUrl":"https:\/\/cooltivarte.com\/portal\/wp-content\/uploads\/2020\/04\/logo-cooltivarte-v2.png","width":851,"height":243,"caption":"cooltivarte"},"image":{"@id":"https:\/\/cooltivarte.com\/portal\/#\/schema\/logo\/image\/"},"sameAs":["https:\/\/www.facebook.com\/cooltivartecom\/","https:\/\/x.com\/obolocultural","https:\/\/www.instagram.com\/_cooltivarte_\/","https:\/\/www.linkedin.com\/company\/-bolocultural?reportsuccess=8zaNG1HwhPbAR9iQhZ5rfGeqz_vQFftHun0ZWU0Wy9vNemRJ8vtcKdJvzQfW8XagyOJSKg0XvfJ1dp","https:\/\/www.pinterest.com\/cooltivarte\/","https:\/\/cooltivarte.tumblr.com\/","https:\/\/www.tiktok.com\/@cooltivarte","https:\/\/www.youtube.com\/@PrensaCooltivarte"]},{"@type":"Person","@id":"https:\/\/cooltivarte.com\/portal\/#\/schema\/person\/175e2af38af164206375abd19e491b3f","name":"Daniel Benoit Cassou","image":{"@type":"ImageObject","inLanguage":"es-AR","@id":"https:\/\/cooltivarte.com\/portal\/wp-content\/uploads\/2022\/11\/daniel-benoit-120x120.jpg","url":"https:\/\/cooltivarte.com\/portal\/wp-content\/uploads\/2022\/11\/daniel-benoit-120x120.jpg","contentUrl":"https:\/\/cooltivarte.com\/portal\/wp-content\/uploads\/2022\/11\/daniel-benoit-120x120.jpg","caption":"Daniel Benoit Cassou"},"description":"Daniel Benoit - (Uruguay, 1961), es contador p\u00fablico de profesi\u00f3n. Hizo su formaci\u00f3n art\u00edstica en los talleres de Hugo Longa, Clever Lara y Lacy Duarte; escultura con Jos\u00e9 Pelayo y fotograf\u00eda con Enrique Abal, Oscar Bonilla y Roberto Schettini. Realiz\u00f3 cursos de formaci\u00f3n te\u00f3rica con Nelson Di Maggio, Alfredo Torres, Nelson Bali\u00f1o y Emma Sanguinetti, entre otros. Ha participado en muestras de fotografias, colectivas asi como individuales: 2007 \u2013 Facultad de Ciencias Econ\u00f3micas; Centro Cultural Lapido; Club de Golf; Fotogramas - Montevideo 2009 \u2013 Galer\u00eda de arte La Pasionaria \u2013 Club de Golf - Montevideo 2010 \u2013 A la Follie; Trattoria La Commedia; Club de Golf \u2013 Montevideo 2011 \u2013 Museo del Azulejo; Fotograma; Club de Golf \u2013 Montevideo; Bienal X \u2013 Salto 2012 \u2013 Espacio Innova \u2013 Punta del Este Es asiduo asistente a las principales bienales de arte: Venecia, Lyon, San Pablo, Cuba, Porto Alegre, Lima, as\u00ed como ferias de Basilea, Paris, Buenos Aires, entre otras. Es coleccionista de arte nacional, asesor de arte contempor\u00e1neo, escribe en sus blogs y es columnista de la revista de arte nacional \u201cCooltivarte\u201d desde el 2012, asi como de la revista \u201cArte\u201d del periodico \u201cEl Pais\u201d. Blog","sameAs":["https:\/\/danielbenoit.art\/","https:\/\/www.facebook.com\/daniel.benoit.3557?fref=ts","https:\/\/www.instagram.com\/danielbenoitcassou\/","https:\/\/www.linkedin.com\/in\/daniel-benoit-87890a39\/","https:\/\/www.pinterest.com\/cooltivarte","https:\/\/x.com\/https:\/\/x.com\/obolocultural","https:\/\/www.youtube.com\/@PrensaCooltivarte","https:\/\/www.tumblr.com\/blog\/cooltivarte"],"url":"https:\/\/cooltivarte.com\/portal\/author\/benoit\/"}]}},"_links":{"self":[{"href":"https:\/\/cooltivarte.com\/portal\/wp-json\/wp\/v2\/posts\/123465","targetHints":{"allow":["GET"]}}],"collection":[{"href":"https:\/\/cooltivarte.com\/portal\/wp-json\/wp\/v2\/posts"}],"about":[{"href":"https:\/\/cooltivarte.com\/portal\/wp-json\/wp\/v2\/types\/post"}],"author":[{"embeddable":true,"href":"https:\/\/cooltivarte.com\/portal\/wp-json\/wp\/v2\/users\/14"}],"replies":[{"embeddable":true,"href":"https:\/\/cooltivarte.com\/portal\/wp-json\/wp\/v2\/comments?post=123465"}],"version-history":[{"count":1,"href":"https:\/\/cooltivarte.com\/portal\/wp-json\/wp\/v2\/posts\/123465\/revisions"}],"predecessor-version":[{"id":123468,"href":"https:\/\/cooltivarte.com\/portal\/wp-json\/wp\/v2\/posts\/123465\/revisions\/123468"}],"wp:featuredmedia":[{"embeddable":true,"href":"https:\/\/cooltivarte.com\/portal\/wp-json\/wp\/v2\/media\/123466"}],"wp:attachment":[{"href":"https:\/\/cooltivarte.com\/portal\/wp-json\/wp\/v2\/media?parent=123465"}],"wp:term":[{"taxonomy":"category","embeddable":true,"href":"https:\/\/cooltivarte.com\/portal\/wp-json\/wp\/v2\/categories?post=123465"},{"taxonomy":"post_tag","embeddable":true,"href":"https:\/\/cooltivarte.com\/portal\/wp-json\/wp\/v2\/tags?post=123465"}],"curies":[{"name":"wp","href":"https:\/\/api.w.org\/{rel}","templated":true}]}}