{"id":123462,"date":"2026-02-20T20:55:03","date_gmt":"2026-02-20T23:55:03","guid":{"rendered":"https:\/\/cooltivarte.com\/portal\/?p=123462"},"modified":"2026-02-27T20:59:41","modified_gmt":"2026-02-27T23:59:41","slug":"uruguay-y-brasil-en-dialogo-open-studio-en-el-eac","status":"publish","type":"post","link":"https:\/\/cooltivarte.com\/portal\/uruguay-y-brasil-en-dialogo-open-studio-en-el-eac\/","title":{"rendered":"Uruguay y Brasil en di\u00e1logo: Open Studio en el EAC"},"content":{"rendered":"<p><img fetchpriority=\"high\" decoding=\"async\" class=\"aligncenter wp-image-123463 size-large\" title=\"Uruguay y Brasil en di\u00e1logo: Open Studio en el EAC por Daniel Benoit Cassou\" src=\"https:\/\/cooltivarte.com\/portal\/wp-content\/uploads\/2026\/02\/Open-studio-en-EAC-768x1024.webp\" alt=\"Uruguay y Brasil en di\u00e1logo: Open Studio en el EAC por Daniel Benoit Cassou\" width=\"768\" height=\"1024\" srcset=\"https:\/\/cooltivarte.com\/portal\/wp-content\/uploads\/2026\/02\/Open-studio-en-EAC-768x1024.webp 768w, https:\/\/cooltivarte.com\/portal\/wp-content\/uploads\/2026\/02\/Open-studio-en-EAC-225x300.webp 225w, https:\/\/cooltivarte.com\/portal\/wp-content\/uploads\/2026\/02\/Open-studio-en-EAC-1152x1536.webp 1152w, https:\/\/cooltivarte.com\/portal\/wp-content\/uploads\/2026\/02\/Open-studio-en-EAC-1536x2048.webp 1536w, https:\/\/cooltivarte.com\/portal\/wp-content\/uploads\/2026\/02\/Open-studio-en-EAC.webp 1600w\" sizes=\"(max-width: 768px) 100vw, 768px\" \/><\/p>\n<p>&nbsp;<\/p>\n<div class=\"wp-site-blocks\"><main id=\"wp--skip-link--target\" class=\"wp-block-group is-layout-flow wp-block-group-is-layout-flow\"><\/p>\n<div class=\"wp-block-group has-global-padding is-layout-constrained wp-block-group-is-layout-constrained\">\n<h3 class=\"wp-block-post-title\"><strong>Open studio en EAC<\/strong><\/h3>\n<\/div>\n<div class=\"entry-content wp-block-post-content has-global-padding is-layout-constrained wp-block-post-content-is-layout-constrained\">\n<p><strong>Montevideo, Uruguay.<\/strong><br \/>\n<strong>Uruguay y Brasil en di\u00e1logo: Open Studio en el EAC<\/strong><\/p>\n<p>Se realiz\u00f3 un Estudio Abierto en el 1825: Centro de residencias para las pr\u00e1cticas art\u00edsticas actuales, en el marco del trabajo desarrollado durante tres semanas por cinco artistas brasile\u00f1os \u2014provenientes de R\u00edo de Janeiro\u2014 en Montevideo.<\/p>\n<p>La instancia, abierta al p\u00fablico, permiti\u00f3 conocer procesos, obras en desarrollo y l\u00edneas de investigaci\u00f3n surgidas durante la residencia, reafirmando el intercambio cultural entre Uruguay y Brasil.<\/p>\n<p>El programa se inscribe dentro de \u00a1Hola Rio!, iniciativa de internacionalizaci\u00f3n impulsada por la Secretar\u00eda de Cultura y Econom\u00eda Creativa del Gobierno del Estado de R\u00edo de Janeiro, articulada en Uruguay por la Direcci\u00f3n Nacional de Cultura a trav\u00e9s del Instituto Nacional de Artes Visuales, con la colaboraci\u00f3n del Espacio de Arte Contempor\u00e1neo (EAC).<\/p>\n<p><strong>Cooperaci\u00f3n regional en acci\u00f3n<\/strong><\/p>\n<p>El programa \u00a1Hola Rio! promueve la movilidad art\u00edstica y la cooperaci\u00f3n institucional en el Cono Sur. En Uruguay, la iniciativa incluy\u00f3 residencias en el 1825, ubicado en el Complejo Miguelete, junto al EAC y al Museo Nacional de Historia Natural.<\/p>\n<p>Durante febrero, los cinco artistas seleccionados trabajaron en r\u00e9gimen de inmersi\u00f3n: estudios compartidos, tutor\u00edas, visitas, intercambios con la escena local y apertura parcial de actividades al p\u00fablico. El resultado de ese proceso fue presentado en el Open Studio del jueves 19 de febrero, con entrada gratuita.<\/p>\n<p>La residencia \u00ab1825\u00bb \u2014impulsada por el INAV\u2014 funciona como plataforma de investigaci\u00f3n, experimentaci\u00f3n y profesionalizaci\u00f3n para pr\u00e1cticas art\u00edsticas actuales, ofreciendo alojamiento, espacio de taller y un programa intensivo de formaci\u00f3n y debate.<\/p>\n<p><strong>Los artistas participantes<\/strong><\/p>\n<p>Cinco creadores provenientes de R\u00edo de Janeiro integraron esta edici\u00f3n:<\/p>\n<p><strong>*Ju Morais<\/strong><br \/>\nArtista visual, costurera y vestuarista. Desde la costura y el crochet investiga la relaci\u00f3n entre materialidad, memoria, g\u00e9nero y trabajo dom\u00e9stico, abordando el hacer manual como potencia cr\u00edtica.<br \/>\nSu formaci\u00f3n se nutre tanto de estudios en artes visuales como de saberes t\u00e9cnicos vinculados al dise\u00f1o y la confecci\u00f3n textil. Ha profundizado en pr\u00e1cticas textiles contempor\u00e1neas mediante talleres y programas independientes, integrando investigaci\u00f3n sobre g\u00e9nero, trabajo dom\u00e9stico y memoria corporal. Su trayectoria combina producci\u00f3n art\u00edstica con experiencias en vestuario esc\u00e9nico y proyectos colaborativos.<\/p>\n<p>Su propuesta es una de las m\u00e1s interesantes ya que la artista vincula su oficio de costurera y dise\u00f1adora de moda, con detalles de trozos de piezas urbanas que va recogiendo de la ciudad.<br \/>\nEllo la convierte en un tejedora urban\u00edstica donde sus obras son un reflejo de moda vinculada con la ciudad.<\/p>\n<p><strong>*Jeff Seon<\/strong><br \/>\nArtista visual, educador y productor cultural. Su obra transita entre graffiti, muralismo y pintura, con foco en la identidad perif\u00e9rica y afrobrasile\u00f1a, articulando adem\u00e1s proyectos educativos y comunitarios.<br \/>\nJeff proviene de una favela en R\u00edo de Janeiro y su obras son el reflejo de la resistencia de la comunidad afro descendiente.<br \/>\nSe form\u00f3 en artes visuales y educaci\u00f3n art\u00edstica, desarrollando paralelamente su pr\u00e1ctica en el graffiti y el muralismo urbano. Ha participado en programas de formaci\u00f3n en gesti\u00f3n cultural y mediaci\u00f3n art\u00edstica. Su trabajo articula producci\u00f3n pl\u00e1stica con proyectos comunitarios y pedag\u00f3gicos en territorios perif\u00e9ricos, consolidando una pr\u00e1ctica que cruza arte y acci\u00f3n social.<\/p>\n<p>En Montevideo se vincul\u00f3 con el Carnaval dando vida y fundamentalmente visibilidad de una comunidad relegada dentro de una sociedad clasista y de perfil europeo colonizadora.<\/p>\n<p><strong>*Marcela Cantu\u00e1ria<\/strong><br \/>\nArtista visual cuya producci\u00f3n recupera historias de resistencia del Sur Global, especialmente luchas lideradas por mujeres y movimientos populares. Su est\u00e9tica vibrante construye contranarrativas al colonialismo y al patriarcado.<\/p>\n<p>Artista visual nacida en R\u00edo de Janeiro (1991) es Licenciada en Artes Visuales por la Universidade do Estado do Rio de Janeiro (UERJ). Su formaci\u00f3n acad\u00e9mica se complementa con residencias y exposiciones internacionales. Su obra ha sido exhibida en instituciones y espacios independientes de Am\u00e9rica Latina y Europa. Trabaja principalmente pintura y muralismo, integrando investigaci\u00f3n hist\u00f3rica y pol\u00edtica en su producci\u00f3n.<\/p>\n<p>Su obra en esta oportunidad vers\u00f3 sobre retratos de mujeres que ocuparon un sitio destacado dentro de la sociedad uruguaya entre poetas, artistas y otras profesiones vinculadas a la cultura nacional.<\/p>\n<p><strong>*JOTA<\/strong><br \/>\nPintor autodidacta nacido en un suburbio de R\u00edo de Janeiro en el Complejo de Chapad\u00e3o. Trabaja escenas de la vida cotidiana atravesadas por tensiones sociales: infancia, comunidad y violencia conviven en composiciones de fuerte carga testimonial.<br \/>\nSu formaci\u00f3n se desarrolla fuera de los circuitos acad\u00e9micos tradicionales, vinculada al entorno comunitario y al aprendizaje pr\u00e1ctico. Ha participado en proyectos culturales y exposiciones colectivas en Brasil. Su obra surge de la experiencia directa del territorio, con una mirada cruda sobre la vida en las periferias urbanas.<\/p>\n<p>Este artista lleg\u00f3 a Montevideo acompa\u00f1ado por su novia y plasm\u00f3 registros de orden autobiogr\u00e1fico en pinturas de peque\u00f1o formato que tambi\u00e9n realiz\u00f3 en un cuaderno de viaje.<\/p>\n<p><strong>*Rafael de Toledo Pedroso<\/strong><br \/>\nArtista, educador e investigador con pr\u00e1ctica multidisciplinaria que cruza artes visuales, performance, sonido y archivo, explorando memoria, ficci\u00f3n y residuos tecnol\u00f3gicos.<\/p>\n<p>En t\u00e9rminos generales, su trabajo se caracteriza tambi\u00e9n por la investigaci\u00f3n en torno a archivos, mitos contempor\u00e1neos, traumas generacionales y residuos tecnol\u00f3gicos, con una mirada cr\u00edtica y experimental.<br \/>\nSu trabajo est\u00e1 basado en la descripci\u00f3n de su trayectoria y pr\u00e1cticas art\u00edsticas previas.<\/p>\n<p>Cuenta con formaci\u00f3n en artes visuales y estudios de posgrado orientados a la investigaci\u00f3n art\u00edstica contempor\u00e1nea. Su pr\u00e1ctica multidisciplinaria cruza performance, sonido, literatura y audiovisual. Ha participado en proyectos curatoriales, acad\u00e9micos y residencias art\u00edsticas, desarrollando investigaciones sobre archivo, memoria y cultura digital.<\/p>\n<p>Su obra en esta ocasi\u00f3n consisti\u00f3 en un video arte donde el artista da vida a instancias casi est\u00e1ticas bajo una paleta negra para plasmar el paso del tiempo usando el exilio como com\u00fan denominador de su relato.<br \/>\nEl monitor as\u00ed mismo fue presentado junto a una radio reflejo de tiempos pasados que el artista rescat\u00f3 del abandono.<\/p>\n<p><strong>M\u00e1s que una muestra: un proceso compartido<\/strong><\/p>\n<p>El Estudio Abierto no funcion\u00f3 como exposici\u00f3n cerrada, sino como espacio de conversaci\u00f3n directa entre artistas y p\u00fablico.<br \/>\nEst\u00e1 claro que lo m\u00e1s importante no es la obra sino el ejercicio de an\u00e1lisis que los artistas proponen bajo una mirada curiosa y revisionista.<br \/>\nLa residencia propuso precisamente eso: cruce de lenguajes, circulaci\u00f3n de saberes y di\u00e1logo entre escenas culturales.<\/p>\n<p>La tercera edici\u00f3n de \u00a1Hola Rio! \u2014que se desarrolla entre fines de 2025 y comienzos de 2026\u2014 incluye acciones en Argentina, Chile y Uruguay, consolidando una red regional de cooperaci\u00f3n cultural.<\/p>\n<p>En tiempos donde el intercambio suele reducirse a la circulaci\u00f3n de obras terminadas, este tipo de residencias apuesta por algo m\u00e1s profundo: compartir procesos, preguntas y metodolog\u00edas. Y eso, en el campo del arte contempor\u00e1neo, no es un detalle menor.<\/p>\n<p>Lo que traen estos j\u00f3venes artistas desde R\u00edo de Janeiro no es \u201ccolor local\u201d. Es otra cartograf\u00eda del mundo.<\/p>\n<p>Durante d\u00e9cadas \u2014por no decir siglos\u2014 el sistema del arte en Am\u00e9rica Latina funcion\u00f3 mirando hacia arriba: validaci\u00f3n europea, genealog\u00edas blancas, relatos construidos desde el centro hacia la periferia. El canon fue exportado, impuesto y repetido. Las instituciones replicaron esa matriz. Las bienales la administraron. El mercado la celebr\u00f3.<\/p>\n<p>Hoy ese eje cruje.<\/p>\n<p>Las pr\u00e1cticas surgidas en las periferias cariocas \u2014favelas, suburbios, territorios atravesados por violencia estructural, racismo y desigualdad\u2014 no piden permiso para entrar al museo. Llegan con memoria, con cuerpo y con archivo vivo. No buscan ilustrar una marginalidad pintoresca; interpelan el modelo que las produjo.<\/p>\n<p>Desde una lectura decolonial, estos relatos hacen algo fundamental:<br \/>\ndesmontan la idea de que el centro produce teor\u00eda y la periferia experiencia. Aqu\u00ed hay pensamiento. Hay construcci\u00f3n simb\u00f3lica. Hay cr\u00edtica hist\u00f3rica. Y hay sofisticaci\u00f3n formal.<\/p>\n<p>Cuando una artista recupera luchas del Sur Global y las traduce en pintura vibrante, est\u00e1 reescribiendo el relato oficial.<br \/>\nCuando un pintor nacido en un complejo perif\u00e9rico convierte su cotidianidad en escena pict\u00f3rica, est\u00e1 desplazando el eje de legitimidad.<br \/>\nCuando el graffiti dialoga con el museo, no es el museo el que \u201celeva\u201d al graffiti: es el espacio institucional el que se ve obligado a ensanchar su definici\u00f3n de arte.<\/p>\n<p>Eso es lo inc\u00f3modo. Y por eso es relevante.<\/p>\n<p>La ocupaci\u00f3n de estos espacios \u2014hist\u00f3ricamente reservados para \u00e9lites blancas y europeizadas\u2014 no es solo simb\u00f3lica. Es estructural. Implica redistribuci\u00f3n de visibilidad, de discurso y, eventualmente, de recursos.<\/p>\n<p>Pero atenci\u00f3n: la decolonialidad no es un gesto curatorial de moda. No basta con invitar artistas perif\u00e9ricos para saldar una deuda est\u00e9tica. Lo verdaderamente transformador ocurre cuando el di\u00e1logo modifica las reglas del juego:<br \/>\nqui\u00e9n escribe la historia, qui\u00e9n la exhibe y qui\u00e9n la colecciona.<\/p>\n<p>Uruguay y Brasil comparten una historia marcada por herencias coloniales similares. Que estas narrativas circulen en Montevideo no es un detalle diplom\u00e1tico; es una oportunidad cr\u00edtica. Nos obliga a revisar nuestras propias jerarqu\u00edas culturales.<\/p>\n<p>Porque la periferia no quiere ser tolerada. Quiere ser escuchada.<br \/>\nY cuando finalmente se la escucha, el centro deja de ser el mismo.<\/p>\n<\/div>\n<p><\/main><\/div>\n<p>&nbsp;<\/p>\n<p>&nbsp;<\/p>\n<div style=\"width: 640px;\" class=\"wp-video\"><!--[if lt IE 9]><script>document.createElement('video');<\/script><![endif]-->\n<video class=\"wp-video-shortcode\" id=\"video-123462-1\" width=\"640\" height=\"360\" preload=\"metadata\" controls=\"controls\"><source type=\"video\/mp4\" src=\"https:\/\/danielbenoit.art\/wp-content\/uploads\/2026\/02\/7c854a2f2a73bbf7e4a207f0948886b6.mp4?_=1\" \/><a href=\"https:\/\/danielbenoit.art\/wp-content\/uploads\/2026\/02\/7c854a2f2a73bbf7e4a207f0948886b6.mp4\">https:\/\/danielbenoit.art\/wp-content\/uploads\/2026\/02\/7c854a2f2a73bbf7e4a207f0948886b6.mp4<\/a><\/video><\/div>\n<p>&nbsp;<\/p>\n<p>&nbsp;<\/p>\n<p>&nbsp;<\/p>\n<p>&nbsp;<\/p>\n","protected":false},"excerpt":{"rendered":"<p>Open studio en EAC<\/p>\n<p>Montevideo, Uruguay.<br \/>\nUruguay y Brasil en di\u00e1logo: Open Studio en el EAC<\/p>\n<p>Se realiz\u00f3 un Estudio Abierto en el 1825: Centro de residencias para las pr\u00e1cticas art\u00edsticas actuales, en el marco del trabajo desarrollado durante tres semanas por cinco artistas brasile\u00f1os \u2014provenientes de R\u00edo de Janeiro\u2014 en Montevideo.<\/p>\n<p>La instancia, abierta al p\u00fablico, permiti\u00f3 conocer procesos, obras en desarrollo y l\u00edneas de investigaci\u00f3n surgidas durante la residencia, reafirmando el intercambio cultural entre Uruguay y Brasil.<\/p>\n<p>El programa se inscribe dentro de \u00a1Hola Rio!, iniciativa de internacionalizaci\u00f3n impulsada por la Secretar\u00eda de Cultura y Econom\u00eda Creativa del Gobierno del Estado de R\u00edo de Janeiro, articulada en Uruguay por la Direcci\u00f3n Nacional de Cultura a trav\u00e9s del Instituto Nacional de Artes Visuales, con la colaboraci\u00f3n del Espacio de Arte Contempor\u00e1neo (EAC).<\/p>\n","protected":false},"author":14,"featured_media":123463,"comment_status":"closed","ping_status":"closed","sticky":false,"template":"","format":"standard","meta":{"om_disable_all_campaigns":false,"ngg_post_thumbnail":0,"jnews-multi-image_gallery":[],"jnews_single_post":{"format":"standard","override":[{"template":"4","parallax":"1","layout":"right-sidebar","sidebar":"default-sidebar","second_sidebar":"default-sidebar","sticky_sidebar":"1","share_position":"bottom","share_float_style":"share-monocrhome","show_share_counter":"1","show_view_counter":"1","show_featured":"1","show_post_meta":"1","show_post_author":"1","show_post_author_image":"1","show_post_date":"1","post_date_format":"default","post_date_format_custom":"Y\/m\/d","show_post_category":"1","post_reading_time_wpm":"300","post_calculate_word_method":"str_word_count","zoom_button_out_step":"2","zoom_button_in_step":"3","show_post_tag":"1","show_prev_next_post":"1","show_popup_post":"1","show_comment_section":"1","number_popup_post":"1","show_author_box":"1","show_post_related":"0","show_inline_post_related":"0"}],"image_override":[{"single_post_thumbnail_size":"no-crop","single_post_gallery_size":"crop-500"}],"trending_post_position":"meta","trending_post_label":"Trending","sponsored_post_label":"Sponsored by","disable_ad":"0","subtitle":"Montevideo, Uruguay"},"jnews_primary_category":[],"jnews_social_meta":[],"jnews_override_counter":{"view_counter_number":"0","share_counter_number":"0","like_counter_number":"0","dislike_counter_number":"0"},"footnotes":""},"categories":[52],"tags":[855,856,25845,25846],"class_list":["post-123462","post","type-post","status-publish","format-standard","has-post-thumbnail","hentry","category-artista","tag-eac","tag-espacio-de-arte-contemporaneo","tag-open-studio","tag-secretaria-de-cultura-y-economia-creativa-del-gobierno-del-estado-de-rio-de-janeiro"],"yoast_head":"<!-- This site is optimized with the Yoast SEO plugin v27.5 - https:\/\/yoast.com\/product\/yoast-seo-wordpress\/ -->\n<title>Uruguay y Brasil en di\u00e1logo: Open Studio en el EAC - Cooltivarte Portal<\/title>\n<meta name=\"description\" content=\"Se realiz\u00f3 un Estudio Abierto en el 1825: Centro de residencias para las pr\u00e1cticas art\u00edsticas actuales, en el marco del trabajo desarrollado durante tres semanas por cinco artistas brasile\u00f1os \u2014provenientes de R\u00edo de Janeiro\u2014 en Montevideo.\" \/>\n<meta name=\"robots\" content=\"index, follow, max-snippet:-1, max-image-preview:large, max-video-preview:-1\" \/>\n<link rel=\"canonical\" href=\"https:\/\/cooltivarte.com\/portal\/uruguay-y-brasil-en-dialogo-open-studio-en-el-eac\/\" \/>\n<meta property=\"og:locale\" content=\"es_ES\" \/>\n<meta property=\"og:type\" content=\"article\" \/>\n<meta property=\"og:title\" content=\"Uruguay y Brasil en di\u00e1logo: Open Studio en el EAC por Daniel Benoit Cassou\" \/>\n<meta property=\"og:description\" content=\"Se realiz\u00f3 un Estudio Abierto en el 1825: Centro de residencias para las pr\u00e1cticas art\u00edsticas actuales, en el marco del trabajo desarrollado durante tres semanas por cinco artistas brasile\u00f1os \u2014provenientes de R\u00edo de Janeiro\u2014 en Montevideo.\" \/>\n<meta property=\"og:url\" content=\"https:\/\/cooltivarte.com\/portal\/uruguay-y-brasil-en-dialogo-open-studio-en-el-eac\/\" \/>\n<meta property=\"og:site_name\" content=\"Cooltivarte Portal\" \/>\n<meta property=\"article:publisher\" content=\"https:\/\/www.facebook.com\/cooltivartecom\/\" \/>\n<meta property=\"article:author\" content=\"https:\/\/www.facebook.com\/daniel.benoit.3557?fref=ts\" \/>\n<meta property=\"article:published_time\" content=\"2026-02-20T23:55:03+00:00\" \/>\n<meta property=\"article:modified_time\" content=\"2026-02-27T23:59:41+00:00\" \/>\n<meta property=\"og:image\" content=\"https:\/\/cooltivarte.com\/portal\/wp-content\/uploads\/2026\/02\/Open-studio-en-EAC.webp\" \/>\n\t<meta property=\"og:image:width\" content=\"1600\" \/>\n\t<meta property=\"og:image:height\" content=\"2133\" \/>\n\t<meta property=\"og:image:type\" content=\"image\/webp\" \/>\n<meta name=\"author\" content=\"Daniel Benoit Cassou\" \/>\n<meta name=\"twitter:card\" content=\"summary_large_image\" \/>\n<meta name=\"twitter:title\" content=\"Uruguay y Brasil en di\u00e1logo: Open Studio en el EAC por Daniel Benoit Cassou\" \/>\n<meta name=\"twitter:description\" content=\"Se realiz\u00f3 un Estudio Abierto en el 1825: Centro de residencias para las pr\u00e1cticas art\u00edsticas actuales, en el marco del trabajo desarrollado durante tres semanas por cinco artistas brasile\u00f1os \u2014provenientes de R\u00edo de Janeiro\u2014 en Montevideo.\" \/>\n<meta name=\"twitter:image\" content=\"https:\/\/cooltivarte.com\/portal\/wp-content\/uploads\/2026\/02\/Open-studio-en-EAC.webp\" \/>\n<meta name=\"twitter:creator\" content=\"@https:\/\/x.com\/obolocultural\" \/>\n<meta name=\"twitter:site\" content=\"@obolocultural\" \/>\n<meta name=\"twitter:label1\" content=\"Escrito por\" \/>\n\t<meta name=\"twitter:data1\" content=\"Daniel Benoit Cassou\" \/>\n\t<meta name=\"twitter:label2\" content=\"Tiempo de lectura\" \/>\n\t<meta name=\"twitter:data2\" content=\"8 minutos\" \/>\n<!-- \/ Yoast SEO plugin. -->","yoast_head_json":{"title":"Uruguay y Brasil en di\u00e1logo: Open Studio en el EAC - Cooltivarte Portal","description":"Se realiz\u00f3 un Estudio Abierto en el 1825: Centro de residencias para las pr\u00e1cticas art\u00edsticas actuales, en el marco del trabajo desarrollado durante tres semanas por cinco artistas brasile\u00f1os \u2014provenientes de R\u00edo de Janeiro\u2014 en Montevideo.","robots":{"index":"index","follow":"follow","max-snippet":"max-snippet:-1","max-image-preview":"max-image-preview:large","max-video-preview":"max-video-preview:-1"},"canonical":"https:\/\/cooltivarte.com\/portal\/uruguay-y-brasil-en-dialogo-open-studio-en-el-eac\/","og_locale":"es_ES","og_type":"article","og_title":"Uruguay y Brasil en di\u00e1logo: Open Studio en el EAC por Daniel Benoit Cassou","og_description":"Se realiz\u00f3 un Estudio Abierto en el 1825: Centro de residencias para las pr\u00e1cticas art\u00edsticas actuales, en el marco del trabajo desarrollado durante tres semanas por cinco artistas brasile\u00f1os \u2014provenientes de R\u00edo de Janeiro\u2014 en Montevideo.","og_url":"https:\/\/cooltivarte.com\/portal\/uruguay-y-brasil-en-dialogo-open-studio-en-el-eac\/","og_site_name":"Cooltivarte Portal","article_publisher":"https:\/\/www.facebook.com\/cooltivartecom\/","article_author":"https:\/\/www.facebook.com\/daniel.benoit.3557?fref=ts","article_published_time":"2026-02-20T23:55:03+00:00","article_modified_time":"2026-02-27T23:59:41+00:00","og_image":[{"width":1600,"height":2133,"url":"https:\/\/cooltivarte.com\/portal\/wp-content\/uploads\/2026\/02\/Open-studio-en-EAC.webp","type":"image\/webp"}],"author":"Daniel Benoit Cassou","twitter_card":"summary_large_image","twitter_title":"Uruguay y Brasil en di\u00e1logo: Open Studio en el EAC por Daniel Benoit Cassou","twitter_description":"Se realiz\u00f3 un Estudio Abierto en el 1825: Centro de residencias para las pr\u00e1cticas art\u00edsticas actuales, en el marco del trabajo desarrollado durante tres semanas por cinco artistas brasile\u00f1os \u2014provenientes de R\u00edo de Janeiro\u2014 en Montevideo.","twitter_image":"https:\/\/cooltivarte.com\/portal\/wp-content\/uploads\/2026\/02\/Open-studio-en-EAC.webp","twitter_creator":"@https:\/\/x.com\/obolocultural","twitter_site":"@obolocultural","twitter_misc":{"Escrito por":"Daniel Benoit Cassou","Tiempo de lectura":"8 minutos"},"schema":{"@context":"https:\/\/schema.org","@graph":[{"@type":"NewsArticle","@id":"https:\/\/cooltivarte.com\/portal\/uruguay-y-brasil-en-dialogo-open-studio-en-el-eac\/#article","isPartOf":{"@id":"https:\/\/cooltivarte.com\/portal\/uruguay-y-brasil-en-dialogo-open-studio-en-el-eac\/"},"author":{"name":"Daniel Benoit Cassou","@id":"https:\/\/cooltivarte.com\/portal\/#\/schema\/person\/175e2af38af164206375abd19e491b3f"},"headline":"Uruguay y Brasil en di\u00e1logo: Open Studio en el EAC","datePublished":"2026-02-20T23:55:03+00:00","dateModified":"2026-02-27T23:59:41+00:00","mainEntityOfPage":{"@id":"https:\/\/cooltivarte.com\/portal\/uruguay-y-brasil-en-dialogo-open-studio-en-el-eac\/"},"wordCount":1620,"publisher":{"@id":"https:\/\/cooltivarte.com\/portal\/#organization"},"image":{"@id":"https:\/\/cooltivarte.com\/portal\/uruguay-y-brasil-en-dialogo-open-studio-en-el-eac\/#primaryimage"},"thumbnailUrl":"https:\/\/cooltivarte.com\/portal\/wp-content\/uploads\/2026\/02\/Open-studio-en-EAC.webp","keywords":["EAC","Espacio de Arte Contempor\u00e1neo","Open studio","Secretar\u00eda de Cultura y Econom\u00eda Creativa del Gobierno del Estado de R\u00edo de Janeiro"],"articleSection":["Arte"],"inLanguage":"es-AR"},{"@type":"WebPage","@id":"https:\/\/cooltivarte.com\/portal\/uruguay-y-brasil-en-dialogo-open-studio-en-el-eac\/","url":"https:\/\/cooltivarte.com\/portal\/uruguay-y-brasil-en-dialogo-open-studio-en-el-eac\/","name":"Uruguay y Brasil en di\u00e1logo: Open Studio en el EAC - Cooltivarte Portal","isPartOf":{"@id":"https:\/\/cooltivarte.com\/portal\/#website"},"primaryImageOfPage":{"@id":"https:\/\/cooltivarte.com\/portal\/uruguay-y-brasil-en-dialogo-open-studio-en-el-eac\/#primaryimage"},"image":{"@id":"https:\/\/cooltivarte.com\/portal\/uruguay-y-brasil-en-dialogo-open-studio-en-el-eac\/#primaryimage"},"thumbnailUrl":"https:\/\/cooltivarte.com\/portal\/wp-content\/uploads\/2026\/02\/Open-studio-en-EAC.webp","datePublished":"2026-02-20T23:55:03+00:00","dateModified":"2026-02-27T23:59:41+00:00","description":"Se realiz\u00f3 un Estudio Abierto en el 1825: Centro de residencias para las pr\u00e1cticas art\u00edsticas actuales, en el marco del trabajo desarrollado durante tres semanas por cinco artistas brasile\u00f1os \u2014provenientes de R\u00edo de Janeiro\u2014 en Montevideo.","breadcrumb":{"@id":"https:\/\/cooltivarte.com\/portal\/uruguay-y-brasil-en-dialogo-open-studio-en-el-eac\/#breadcrumb"},"inLanguage":"es-AR","potentialAction":[{"@type":"ReadAction","target":["https:\/\/cooltivarte.com\/portal\/uruguay-y-brasil-en-dialogo-open-studio-en-el-eac\/"]}]},{"@type":"ImageObject","inLanguage":"es-AR","@id":"https:\/\/cooltivarte.com\/portal\/uruguay-y-brasil-en-dialogo-open-studio-en-el-eac\/#primaryimage","url":"https:\/\/cooltivarte.com\/portal\/wp-content\/uploads\/2026\/02\/Open-studio-en-EAC.webp","contentUrl":"https:\/\/cooltivarte.com\/portal\/wp-content\/uploads\/2026\/02\/Open-studio-en-EAC.webp","width":1600,"height":2133,"caption":"Uruguay y Brasil en di\u00e1logo: Open Studio en el EAC por Daniel Benoit Cassou"},{"@type":"BreadcrumbList","@id":"https:\/\/cooltivarte.com\/portal\/uruguay-y-brasil-en-dialogo-open-studio-en-el-eac\/#breadcrumb","itemListElement":[{"@type":"ListItem","position":1,"name":"Portada","item":"https:\/\/cooltivarte.com\/portal\/"},{"@type":"ListItem","position":2,"name":"Uruguay y Brasil en di\u00e1logo: Open Studio en el EAC"}]},{"@type":"WebSite","@id":"https:\/\/cooltivarte.com\/portal\/#website","url":"https:\/\/cooltivarte.com\/portal\/","name":"Cooltivarte Portal","description":"Arte, cultura y turismo para el mundo ...","publisher":{"@id":"https:\/\/cooltivarte.com\/portal\/#organization"},"potentialAction":[{"@type":"SearchAction","target":{"@type":"EntryPoint","urlTemplate":"https:\/\/cooltivarte.com\/portal\/?s={search_term_string}"},"query-input":{"@type":"PropertyValueSpecification","valueRequired":true,"valueName":"search_term_string"}}],"inLanguage":"es-AR"},{"@type":"Organization","@id":"https:\/\/cooltivarte.com\/portal\/#organization","name":"cooltivarte","url":"https:\/\/cooltivarte.com\/portal\/","logo":{"@type":"ImageObject","inLanguage":"es-AR","@id":"https:\/\/cooltivarte.com\/portal\/#\/schema\/logo\/image\/","url":"https:\/\/cooltivarte.com\/portal\/wp-content\/uploads\/2020\/04\/logo-cooltivarte-v2.png","contentUrl":"https:\/\/cooltivarte.com\/portal\/wp-content\/uploads\/2020\/04\/logo-cooltivarte-v2.png","width":851,"height":243,"caption":"cooltivarte"},"image":{"@id":"https:\/\/cooltivarte.com\/portal\/#\/schema\/logo\/image\/"},"sameAs":["https:\/\/www.facebook.com\/cooltivartecom\/","https:\/\/x.com\/obolocultural","https:\/\/www.instagram.com\/_cooltivarte_\/","https:\/\/www.linkedin.com\/company\/-bolocultural?reportsuccess=8zaNG1HwhPbAR9iQhZ5rfGeqz_vQFftHun0ZWU0Wy9vNemRJ8vtcKdJvzQfW8XagyOJSKg0XvfJ1dp","https:\/\/www.pinterest.com\/cooltivarte\/","https:\/\/cooltivarte.tumblr.com\/","https:\/\/www.tiktok.com\/@cooltivarte","https:\/\/www.youtube.com\/@PrensaCooltivarte"]},{"@type":"Person","@id":"https:\/\/cooltivarte.com\/portal\/#\/schema\/person\/175e2af38af164206375abd19e491b3f","name":"Daniel Benoit Cassou","image":{"@type":"ImageObject","inLanguage":"es-AR","@id":"https:\/\/cooltivarte.com\/portal\/wp-content\/uploads\/2022\/11\/daniel-benoit-120x120.jpg","url":"https:\/\/cooltivarte.com\/portal\/wp-content\/uploads\/2022\/11\/daniel-benoit-120x120.jpg","contentUrl":"https:\/\/cooltivarte.com\/portal\/wp-content\/uploads\/2022\/11\/daniel-benoit-120x120.jpg","caption":"Daniel Benoit Cassou"},"description":"Daniel Benoit - (Uruguay, 1961), es contador p\u00fablico de profesi\u00f3n. Hizo su formaci\u00f3n art\u00edstica en los talleres de Hugo Longa, Clever Lara y Lacy Duarte; escultura con Jos\u00e9 Pelayo y fotograf\u00eda con Enrique Abal, Oscar Bonilla y Roberto Schettini. Realiz\u00f3 cursos de formaci\u00f3n te\u00f3rica con Nelson Di Maggio, Alfredo Torres, Nelson Bali\u00f1o y Emma Sanguinetti, entre otros. Ha participado en muestras de fotografias, colectivas asi como individuales: 2007 \u2013 Facultad de Ciencias Econ\u00f3micas; Centro Cultural Lapido; Club de Golf; Fotogramas - Montevideo 2009 \u2013 Galer\u00eda de arte La Pasionaria \u2013 Club de Golf - Montevideo 2010 \u2013 A la Follie; Trattoria La Commedia; Club de Golf \u2013 Montevideo 2011 \u2013 Museo del Azulejo; Fotograma; Club de Golf \u2013 Montevideo; Bienal X \u2013 Salto 2012 \u2013 Espacio Innova \u2013 Punta del Este Es asiduo asistente a las principales bienales de arte: Venecia, Lyon, San Pablo, Cuba, Porto Alegre, Lima, as\u00ed como ferias de Basilea, Paris, Buenos Aires, entre otras. Es coleccionista de arte nacional, asesor de arte contempor\u00e1neo, escribe en sus blogs y es columnista de la revista de arte nacional \u201cCooltivarte\u201d desde el 2012, asi como de la revista \u201cArte\u201d del periodico \u201cEl Pais\u201d. Blog","sameAs":["https:\/\/danielbenoit.art\/","https:\/\/www.facebook.com\/daniel.benoit.3557?fref=ts","https:\/\/www.instagram.com\/danielbenoitcassou\/","https:\/\/www.linkedin.com\/in\/daniel-benoit-87890a39\/","https:\/\/www.pinterest.com\/cooltivarte","https:\/\/x.com\/https:\/\/x.com\/obolocultural","https:\/\/www.youtube.com\/@PrensaCooltivarte","https:\/\/www.tumblr.com\/blog\/cooltivarte"],"url":"https:\/\/cooltivarte.com\/portal\/author\/benoit\/"}]}},"_links":{"self":[{"href":"https:\/\/cooltivarte.com\/portal\/wp-json\/wp\/v2\/posts\/123462","targetHints":{"allow":["GET"]}}],"collection":[{"href":"https:\/\/cooltivarte.com\/portal\/wp-json\/wp\/v2\/posts"}],"about":[{"href":"https:\/\/cooltivarte.com\/portal\/wp-json\/wp\/v2\/types\/post"}],"author":[{"embeddable":true,"href":"https:\/\/cooltivarte.com\/portal\/wp-json\/wp\/v2\/users\/14"}],"replies":[{"embeddable":true,"href":"https:\/\/cooltivarte.com\/portal\/wp-json\/wp\/v2\/comments?post=123462"}],"version-history":[{"count":1,"href":"https:\/\/cooltivarte.com\/portal\/wp-json\/wp\/v2\/posts\/123462\/revisions"}],"predecessor-version":[{"id":123464,"href":"https:\/\/cooltivarte.com\/portal\/wp-json\/wp\/v2\/posts\/123462\/revisions\/123464"}],"wp:featuredmedia":[{"embeddable":true,"href":"https:\/\/cooltivarte.com\/portal\/wp-json\/wp\/v2\/media\/123463"}],"wp:attachment":[{"href":"https:\/\/cooltivarte.com\/portal\/wp-json\/wp\/v2\/media?parent=123462"}],"wp:term":[{"taxonomy":"category","embeddable":true,"href":"https:\/\/cooltivarte.com\/portal\/wp-json\/wp\/v2\/categories?post=123462"},{"taxonomy":"post_tag","embeddable":true,"href":"https:\/\/cooltivarte.com\/portal\/wp-json\/wp\/v2\/tags?post=123462"}],"curies":[{"name":"wp","href":"https:\/\/api.w.org\/{rel}","templated":true}]}}