{"id":123374,"date":"2026-02-26T19:15:33","date_gmt":"2026-02-26T22:15:33","guid":{"rendered":"https:\/\/cooltivarte.com\/portal\/?p=123374"},"modified":"2026-02-26T20:18:45","modified_gmt":"2026-02-26T23:18:45","slug":"la-saga-anuncia-su-regreso","status":"publish","type":"post","link":"https:\/\/cooltivarte.com\/portal\/la-saga-anuncia-su-regreso\/","title":{"rendered":"La Saga anuncia su regreso"},"content":{"rendered":"<figure id=\"attachment_123377\" aria-describedby=\"caption-attachment-123377\" style=\"width: 1024px\" class=\"wp-caption aligncenter\"><img fetchpriority=\"high\" decoding=\"async\" class=\"wp-image-123377 size-large\" title=\"La Saga festej\u00f3 sus 15 a\u00f1os - Sala del Museo - Agosto 2018 - Foto Claudia Rivero\" src=\"https:\/\/cooltivarte.com\/portal\/wp-content\/uploads\/2026\/02\/La-Saga-festejo-sus-15-anos-Sala-del-Museo-Agosto-2018-Foto-Claudia-Rivero-1024x576.jpg\" alt=\"La Saga festej\u00f3 sus 15 a\u00f1os - Sala del Museo - Agosto 2018 - Foto Claudia Rivero\" width=\"1024\" height=\"576\" srcset=\"https:\/\/cooltivarte.com\/portal\/wp-content\/uploads\/2026\/02\/La-Saga-festejo-sus-15-anos-Sala-del-Museo-Agosto-2018-Foto-Claudia-Rivero-1024x576.jpg 1024w, https:\/\/cooltivarte.com\/portal\/wp-content\/uploads\/2026\/02\/La-Saga-festejo-sus-15-anos-Sala-del-Museo-Agosto-2018-Foto-Claudia-Rivero-300x169.jpg 300w, https:\/\/cooltivarte.com\/portal\/wp-content\/uploads\/2026\/02\/La-Saga-festejo-sus-15-anos-Sala-del-Museo-Agosto-2018-Foto-Claudia-Rivero-768x432.jpg 768w, https:\/\/cooltivarte.com\/portal\/wp-content\/uploads\/2026\/02\/La-Saga-festejo-sus-15-anos-Sala-del-Museo-Agosto-2018-Foto-Claudia-Rivero-1536x863.jpg 1536w, https:\/\/cooltivarte.com\/portal\/wp-content\/uploads\/2026\/02\/La-Saga-festejo-sus-15-anos-Sala-del-Museo-Agosto-2018-Foto-Claudia-Rivero.jpg 1932w\" sizes=\"(max-width: 1024px) 100vw, 1024px\" \/><figcaption id=\"caption-attachment-123377\" class=\"wp-caption-text\"><a href=\"https:\/\/cooltivarte.com\/portal\/la-saga-festejo-sus-15-anos\/\" target=\"_blank\" rel=\"noopener\"><strong>La Saga festej\u00f3 sus 15 a\u00f1os &#8211; Sala del Museo &#8211; Agosto 2018<\/strong> <\/a>&#8211; Foto <a href=\"https:\/\/cooltivarte.com\/portal\/author\/claudia-rivero\/\" target=\"_blank\" rel=\"noopener\">Claudia Rivero<\/a><\/figcaption><\/figure>\n<p>&nbsp;<\/p>\n<p><em><strong>LA SAGA ANUNCIA SU REGRESO<\/strong><\/em><\/p>\n<p>Banda de rock uruguaya con seis discos editados y un disco de oro reinicia actividad tras diez a\u00f1os de pausa. Primer show en vivo en abril.<\/p>\n<p>Despu\u00e9s de una d\u00e9cada de silencio, <strong>La Saga<\/strong> \u2014la banda hist\u00f3rica de rock uruguayo con seis \u00e1lbumes editados, incluyendo &#8220;Eso que nos lleva&#8221;, recibi\u00f3 disco de oro en 2007 en categor\u00eda rock\u2014 vuelve a los escenarios. El primer show en vivo ser\u00e1 en abril de 2026 en Montevideo.<\/p>\n<p>La vuelta viene acompa\u00f1ada de una campa\u00f1a de contenido org\u00e1nico que reconecta con los fans de siempre y presenta a La Saga ante una nueva generaci\u00f3n.<\/p>\n<p><strong>FORMACI\u00d3N ACTUAL<\/strong><\/p>\n<p><a href=\"https:\/\/cooltivarte.com\/portal\/?s=Nicol%C3%A1s+Bagattini\" target=\"_blank\" rel=\"noopener\"><strong>Nicol\u00e1s Bagattini<\/strong><\/a> (voz, fundador), <a href=\"https:\/\/cooltivarte.com\/portal\/?s=Agust%C3%ADn+Ferreira\" target=\"_blank\" rel=\"noopener\"><strong>Agust\u00edn Ferreira<\/strong><\/a>, <a href=\"https:\/\/cooltivarte.com\/portal\/?s=Daniel+Azzoni\" target=\"_blank\" rel=\"noopener\"><strong>Daniel Azzoni<\/strong><\/a>, <a href=\"https:\/\/cooltivarte.com\/portal\/?s=Diego+Bonomo\" target=\"_blank\" rel=\"noopener\"><strong>Diego Bonomo<\/strong><\/a>, <a href=\"https:\/\/cooltivarte.com\/portal\/?s=Tote+Fern%C3%A1ndez\" target=\"_blank\" rel=\"noopener\"><strong>Tote Fern\u00e1ndez<\/strong><\/a> y <a href=\"https:\/\/cooltivarte.com\/portal\/?s=Diego+Abreu\" target=\"_blank\" rel=\"noopener\"><strong>Diego Abreu<\/strong><\/a>.<\/p>\n<p>&nbsp;<\/p>\n<p><iframe title=\"Spotify Embed: La Saga\" style=\"border-radius: 12px\" width=\"100%\" height=\"352\" frameborder=\"0\" allowfullscreen allow=\"autoplay; clipboard-write; encrypted-media; fullscreen; picture-in-picture\" loading=\"lazy\" src=\"https:\/\/open.spotify.com\/embed\/artist\/4E0jqZtxbwVYgtdj4Ydico?si=xUQSGO9BQly3bzeEeK_-Sw&amp;utm_source=oembed\"><\/iframe><\/p>\n<p>&nbsp;<\/p>\n<p><strong>CONTEXTO HIST\u00d3RICO<\/strong><\/p>\n<p><a href=\"https:\/\/cooltivarte.com\/portal\/?s=La+Saga\" target=\"_blank\" rel=\"noopener\"><strong>La Saga<\/strong><\/a> fue banda relevante del rock alternativo uruguayo de los 90-2000. Entre sus logros: primer disco de oro nacional en rock (&#8220;Eso que nos lleva&#8221;, 2007); m\u00faltiples shows en Sala del Museo, teatros y festivales; presencia en medios (El Pa\u00eds TVShow, 970 Universal, radiodifusoras locales). Los \u00faltimos 10 a\u00f1os, la banda paus\u00f3 actividades mientras sus integrantes cursaron otras etapas profesionales y personales. El regreso es resultado de iniciativa de<br \/>\n<strong>Nicol\u00e1s Bagattini<\/strong> y b\u00fasqueda de reencuentro art\u00edstico genuino.<\/p>\n<p>La vuelta de <a href=\"https:\/\/www.instagram.com\/lasagarock\" target=\"_blank\" rel=\"noopener\"><strong>La Saga<\/strong><\/a> es una historia de reencuentro: con el p\u00fablico que los acompa\u00f1\u00f3 hist\u00f3ricamente, con ellos mismos como m\u00fasicos. En contexto de resurgimiento del rock local en Montevideo, la banda representa continuidad de un sonido genuino y propuesta sin pretensiones de reinvenci\u00f3n forzada.<\/p>\n<p>&nbsp;<br \/>\n<iframe title=\" La Saga - Buscando Espacio (ac\u00fastico en vivo)\" src=\"https:\/\/www.youtube.com\/embed\/o6b8Xu8eMww?si=LQa2oxa5JrewWNzc\" width=\"100%\" height=\"515\" frameborder=\"0\" allowfullscreen=\"allowfullscreen\"><span data-mce-type=\"bookmark\" style=\"display: inline-block; width: 0px; overflow: hidden; line-height: 0;\" class=\"mce_SELRES_start\">\ufeff<\/span><\/iframe><br \/>\n&nbsp;<\/p>\n<p>&nbsp;<\/p>\n<p>&nbsp;<\/p>\n","protected":false},"excerpt":{"rendered":"<p>LA SAGA ANUNCIA SU REGRESO<\/p>\n<p>Banda de rock uruguaya con seis discos editados y un disco de oro reinicia actividad tras diez a\u00f1os de pausa. Primer show en vivo en abril.<\/p>\n<p>Despu\u00e9s de una d\u00e9cada de silencio, La Saga \u2014la banda hist\u00f3rica de rock uruguayo con seis \u00e1lbumes editados, incluyendo &#8220;Eso que nos lleva&#8221;, primer disco de oro nacional en categor\u00eda rock\u2014 vuelve a los escenarios. El primer show en vivo ser\u00e1 en abril de 2026 en Montevideo.<\/p>\n<p>La vuelta viene acompa\u00f1ada de una campa\u00f1a de contenido org\u00e1nico que reconecta con los fans de siempre y presenta a La Saga ante una nueva generaci\u00f3n.<\/p>\n<p>FORMACI\u00d3N ACTUAL<\/p>\n<p>Nicol\u00e1s Bagattini (voz, fundador), Agust\u00edn Ferreira, Daniel Azzoni, Diego Bonomo, Tote Fern\u00e1ndez y Diego Abreu.<\/p>\n","protected":false},"author":8,"featured_media":123377,"comment_status":"closed","ping_status":"closed","sticky":false,"template":"","format":"standard","meta":{"om_disable_all_campaigns":false,"ngg_post_thumbnail":0,"jnews-multi-image_gallery":[],"jnews_single_post":{"format":"standard","override":[{"template":"4","parallax":"1","layout":"right-sidebar","sidebar":"default-sidebar","second_sidebar":"default-sidebar","sticky_sidebar":"1","share_position":"bottom","share_float_style":"share-monocrhome","show_share_counter":"1","show_view_counter":"1","show_featured":"1","show_post_meta":"1","show_post_author":"1","show_post_author_image":"1","show_post_date":"1","post_date_format":"default","post_date_format_custom":"Y\/m\/d","show_post_category":"1","post_reading_time_wpm":"300","post_calculate_word_method":"str_word_count","zoom_button_out_step":"2","zoom_button_in_step":"3","show_post_tag":"1","show_prev_next_post":"1","show_popup_post":"1","show_comment_section":"1","number_popup_post":"1","show_author_box":"1","show_post_related":"0","show_inline_post_related":"0"}],"image_override":[{"single_post_thumbnail_size":"no-crop","single_post_gallery_size":"crop-500"}],"trending_post_position":"meta","trending_post_label":"Trending","sponsored_post_label":"Sponsored by","disable_ad":"0","subtitle":"Primer show en vivo en abril 2026"},"jnews_primary_category":[],"jnews_social_meta":[],"jnews_override_counter":{"view_counter_number":"0","share_counter_number":"0","like_counter_number":"0","dislike_counter_number":"0"},"footnotes":""},"categories":[59],"tags":[277,7140],"class_list":["post-123374","post","type-post","status-publish","format-standard","has-post-thumbnail","hentry","category-musicos","tag-la-saga","tag-nicolas-bagattini"],"yoast_head":"<!-- This site is optimized with the Yoast SEO plugin v27.5 - https:\/\/yoast.com\/product\/yoast-seo-wordpress\/ -->\n<title>La Saga anuncia su regreso - Cooltivarte Portal<\/title>\n<meta name=\"description\" content=\"Banda de rock uruguaya con seis discos editados y un disco de oro reinicia actividad tras diez a\u00f1os de pausa. Primer show en vivo en abril.\" \/>\n<meta name=\"robots\" content=\"index, follow, max-snippet:-1, max-image-preview:large, max-video-preview:-1\" \/>\n<link rel=\"canonical\" href=\"https:\/\/cooltivarte.com\/portal\/la-saga-anuncia-su-regreso\/\" \/>\n<meta property=\"og:locale\" content=\"es_ES\" \/>\n<meta property=\"og:type\" content=\"article\" \/>\n<meta property=\"og:title\" content=\"La Saga anuncia su regreso - Primer show en vivo en abril 2026\" \/>\n<meta property=\"og:description\" content=\"Banda de rock uruguaya con seis discos editados y un disco de oro reinicia actividad tras diez a\u00f1os de pausa. Primer show en vivo en abril.\" \/>\n<meta property=\"og:url\" content=\"https:\/\/cooltivarte.com\/portal\/la-saga-anuncia-su-regreso\/\" \/>\n<meta property=\"og:site_name\" content=\"Cooltivarte Portal\" \/>\n<meta property=\"article:publisher\" content=\"https:\/\/www.facebook.com\/cooltivartecom\/\" \/>\n<meta property=\"article:author\" content=\"https:\/\/www.facebook.com\/cooltivartecom\" \/>\n<meta property=\"article:published_time\" content=\"2026-02-26T22:15:33+00:00\" \/>\n<meta property=\"article:modified_time\" content=\"2026-02-26T23:18:45+00:00\" \/>\n<meta property=\"og:image\" content=\"https:\/\/cooltivarte.com\/portal\/wp-content\/uploads\/2026\/02\/La-Saga-festejo-sus-15-anos-Sala-del-Museo-Agosto-2018-Foto-Claudia-Rivero.jpg\" \/>\n\t<meta property=\"og:image:width\" content=\"1932\" \/>\n\t<meta property=\"og:image:height\" content=\"1086\" \/>\n\t<meta property=\"og:image:type\" content=\"image\/jpeg\" \/>\n<meta name=\"author\" content=\"Cooltivarte\" \/>\n<meta name=\"twitter:card\" content=\"summary_large_image\" \/>\n<meta name=\"twitter:title\" content=\"La Saga anuncia su regreso - Primer show en vivo en abril 2026\" \/>\n<meta name=\"twitter:description\" content=\"Banda de rock uruguaya con seis discos editados y un disco de oro reinicia actividad tras diez a\u00f1os de pausa. Primer show en vivo en abril.\" \/>\n<meta name=\"twitter:image\" content=\"https:\/\/cooltivarte.com\/portal\/wp-content\/uploads\/2026\/02\/La-Saga-festejo-sus-15-anos-Sala-del-Museo-Agosto-2018-Foto-Claudia-Rivero.jpg\" \/>\n<meta name=\"twitter:creator\" content=\"@https:\/\/x.com\/obolocultural\" \/>\n<meta name=\"twitter:site\" content=\"@obolocultural\" \/>\n<meta name=\"twitter:label1\" content=\"Escrito por\" \/>\n\t<meta name=\"twitter:data1\" content=\"Cooltivarte\" \/>\n\t<meta name=\"twitter:label2\" content=\"Tiempo de lectura\" \/>\n\t<meta name=\"twitter:data2\" content=\"2 minutos\" \/>\n<!-- \/ Yoast SEO plugin. -->","yoast_head_json":{"title":"La Saga anuncia su regreso - Cooltivarte Portal","description":"Banda de rock uruguaya con seis discos editados y un disco de oro reinicia actividad tras diez a\u00f1os de pausa. Primer show en vivo en abril.","robots":{"index":"index","follow":"follow","max-snippet":"max-snippet:-1","max-image-preview":"max-image-preview:large","max-video-preview":"max-video-preview:-1"},"canonical":"https:\/\/cooltivarte.com\/portal\/la-saga-anuncia-su-regreso\/","og_locale":"es_ES","og_type":"article","og_title":"La Saga anuncia su regreso - Primer show en vivo en abril 2026","og_description":"Banda de rock uruguaya con seis discos editados y un disco de oro reinicia actividad tras diez a\u00f1os de pausa. Primer show en vivo en abril.","og_url":"https:\/\/cooltivarte.com\/portal\/la-saga-anuncia-su-regreso\/","og_site_name":"Cooltivarte Portal","article_publisher":"https:\/\/www.facebook.com\/cooltivartecom\/","article_author":"https:\/\/www.facebook.com\/cooltivartecom","article_published_time":"2026-02-26T22:15:33+00:00","article_modified_time":"2026-02-26T23:18:45+00:00","og_image":[{"width":1932,"height":1086,"url":"https:\/\/cooltivarte.com\/portal\/wp-content\/uploads\/2026\/02\/La-Saga-festejo-sus-15-anos-Sala-del-Museo-Agosto-2018-Foto-Claudia-Rivero.jpg","type":"image\/jpeg"}],"author":"Cooltivarte","twitter_card":"summary_large_image","twitter_title":"La Saga anuncia su regreso - Primer show en vivo en abril 2026","twitter_description":"Banda de rock uruguaya con seis discos editados y un disco de oro reinicia actividad tras diez a\u00f1os de pausa. Primer show en vivo en abril.","twitter_image":"https:\/\/cooltivarte.com\/portal\/wp-content\/uploads\/2026\/02\/La-Saga-festejo-sus-15-anos-Sala-del-Museo-Agosto-2018-Foto-Claudia-Rivero.jpg","twitter_creator":"@https:\/\/x.com\/obolocultural","twitter_site":"@obolocultural","twitter_misc":{"Escrito por":"Cooltivarte","Tiempo de lectura":"2 minutos"},"schema":{"@context":"https:\/\/schema.org","@graph":[{"@type":"NewsArticle","@id":"https:\/\/cooltivarte.com\/portal\/la-saga-anuncia-su-regreso\/#article","isPartOf":{"@id":"https:\/\/cooltivarte.com\/portal\/la-saga-anuncia-su-regreso\/"},"author":{"name":"Cooltivarte","@id":"https:\/\/cooltivarte.com\/portal\/#\/schema\/person\/ec2a4f4e71b740d0c559c0ab9a157e19"},"headline":"La Saga anuncia su regreso","datePublished":"2026-02-26T22:15:33+00:00","dateModified":"2026-02-26T23:18:45+00:00","mainEntityOfPage":{"@id":"https:\/\/cooltivarte.com\/portal\/la-saga-anuncia-su-regreso\/"},"wordCount":318,"publisher":{"@id":"https:\/\/cooltivarte.com\/portal\/#organization"},"image":{"@id":"https:\/\/cooltivarte.com\/portal\/la-saga-anuncia-su-regreso\/#primaryimage"},"thumbnailUrl":"https:\/\/cooltivarte.com\/portal\/wp-content\/uploads\/2026\/02\/La-Saga-festejo-sus-15-anos-Sala-del-Museo-Agosto-2018-Foto-Claudia-Rivero.jpg","keywords":["La Saga","Nicol\u00e1s Bagattini"],"articleSection":["M\u00fasica"],"inLanguage":"es-AR"},{"@type":"WebPage","@id":"https:\/\/cooltivarte.com\/portal\/la-saga-anuncia-su-regreso\/","url":"https:\/\/cooltivarte.com\/portal\/la-saga-anuncia-su-regreso\/","name":"La Saga anuncia su regreso - Cooltivarte Portal","isPartOf":{"@id":"https:\/\/cooltivarte.com\/portal\/#website"},"primaryImageOfPage":{"@id":"https:\/\/cooltivarte.com\/portal\/la-saga-anuncia-su-regreso\/#primaryimage"},"image":{"@id":"https:\/\/cooltivarte.com\/portal\/la-saga-anuncia-su-regreso\/#primaryimage"},"thumbnailUrl":"https:\/\/cooltivarte.com\/portal\/wp-content\/uploads\/2026\/02\/La-Saga-festejo-sus-15-anos-Sala-del-Museo-Agosto-2018-Foto-Claudia-Rivero.jpg","datePublished":"2026-02-26T22:15:33+00:00","dateModified":"2026-02-26T23:18:45+00:00","description":"Banda de rock uruguaya con seis discos editados y un disco de oro reinicia actividad tras diez a\u00f1os de pausa. Primer show en vivo en abril.","breadcrumb":{"@id":"https:\/\/cooltivarte.com\/portal\/la-saga-anuncia-su-regreso\/#breadcrumb"},"inLanguage":"es-AR","potentialAction":[{"@type":"ReadAction","target":["https:\/\/cooltivarte.com\/portal\/la-saga-anuncia-su-regreso\/"]}]},{"@type":"ImageObject","inLanguage":"es-AR","@id":"https:\/\/cooltivarte.com\/portal\/la-saga-anuncia-su-regreso\/#primaryimage","url":"https:\/\/cooltivarte.com\/portal\/wp-content\/uploads\/2026\/02\/La-Saga-festejo-sus-15-anos-Sala-del-Museo-Agosto-2018-Foto-Claudia-Rivero.jpg","contentUrl":"https:\/\/cooltivarte.com\/portal\/wp-content\/uploads\/2026\/02\/La-Saga-festejo-sus-15-anos-Sala-del-Museo-Agosto-2018-Foto-Claudia-Rivero.jpg","width":1932,"height":1086,"caption":"La Saga festej\u00f3 sus 15 a\u00f1os - Sala del Museo - Agosto 2018 - Foto Claudia Rivero"},{"@type":"BreadcrumbList","@id":"https:\/\/cooltivarte.com\/portal\/la-saga-anuncia-su-regreso\/#breadcrumb","itemListElement":[{"@type":"ListItem","position":1,"name":"Portada","item":"https:\/\/cooltivarte.com\/portal\/"},{"@type":"ListItem","position":2,"name":"La Saga anuncia su regreso"}]},{"@type":"WebSite","@id":"https:\/\/cooltivarte.com\/portal\/#website","url":"https:\/\/cooltivarte.com\/portal\/","name":"Cooltivarte Portal","description":"Arte, cultura y turismo para el mundo ...","publisher":{"@id":"https:\/\/cooltivarte.com\/portal\/#organization"},"potentialAction":[{"@type":"SearchAction","target":{"@type":"EntryPoint","urlTemplate":"https:\/\/cooltivarte.com\/portal\/?s={search_term_string}"},"query-input":{"@type":"PropertyValueSpecification","valueRequired":true,"valueName":"search_term_string"}}],"inLanguage":"es-AR"},{"@type":"Organization","@id":"https:\/\/cooltivarte.com\/portal\/#organization","name":"cooltivarte","url":"https:\/\/cooltivarte.com\/portal\/","logo":{"@type":"ImageObject","inLanguage":"es-AR","@id":"https:\/\/cooltivarte.com\/portal\/#\/schema\/logo\/image\/","url":"https:\/\/cooltivarte.com\/portal\/wp-content\/uploads\/2020\/04\/logo-cooltivarte-v2.png","contentUrl":"https:\/\/cooltivarte.com\/portal\/wp-content\/uploads\/2020\/04\/logo-cooltivarte-v2.png","width":851,"height":243,"caption":"cooltivarte"},"image":{"@id":"https:\/\/cooltivarte.com\/portal\/#\/schema\/logo\/image\/"},"sameAs":["https:\/\/www.facebook.com\/cooltivartecom\/","https:\/\/x.com\/obolocultural","https:\/\/www.instagram.com\/_cooltivarte_\/","https:\/\/www.linkedin.com\/company\/-bolocultural?reportsuccess=8zaNG1HwhPbAR9iQhZ5rfGeqz_vQFftHun0ZWU0Wy9vNemRJ8vtcKdJvzQfW8XagyOJSKg0XvfJ1dp","https:\/\/www.pinterest.com\/cooltivarte\/","https:\/\/cooltivarte.tumblr.com\/","https:\/\/www.tiktok.com\/@cooltivarte","https:\/\/www.youtube.com\/@PrensaCooltivarte"]},{"@type":"Person","@id":"https:\/\/cooltivarte.com\/portal\/#\/schema\/person\/ec2a4f4e71b740d0c559c0ab9a157e19","name":"Cooltivarte","image":{"@type":"ImageObject","inLanguage":"es-AR","@id":"https:\/\/cooltivarte.com\/portal\/wp-content\/uploads\/2014\/05\/logo-cooltivarte-120x120.jpg","url":"https:\/\/cooltivarte.com\/portal\/wp-content\/uploads\/2014\/05\/logo-cooltivarte-120x120.jpg","contentUrl":"https:\/\/cooltivarte.com\/portal\/wp-content\/uploads\/2014\/05\/logo-cooltivarte-120x120.jpg","caption":"Cooltivarte"},"description":"Somos COOLTIVARTE.COM. Un portal digital dedicado a difundir el acontecer art\u00edstico y cultural del Uruguay. Estamos en la vuelta desde el a\u00f1o 2003, y como evoluci\u00f3n del bolet\u00edn Obolo Cultural, nos encontramos abocados a apoyar a los artistas nacionales brind\u00e1ndoles un espacio de difusi\u00f3n. Creemos en la idea de utilizar la potencialidad que hoy d\u00eda nos otorga la web, para que la cultura uruguaya y sus creadores dispongan de una din\u00e1mica ventana, que los ponga en contacto entre s\u00ed y con el mundo. Somos COOLTIVARTE.COM y pretendemos configurarnos como un portal din\u00e1mico, entretenido y atento a los nuevos emprendimientos, que busque siempre la interacci\u00f3n con los artistas.","sameAs":["http:\/\/www.cooltivarte.com","https:\/\/www.facebook.com\/cooltivartecom","https:\/\/www.instagram.com\/_cooltivarte_\/","https:\/\/www.linkedin.com\/company\/-bolocultural","https:\/\/www.pinterest.com\/cooltivarte\/","https:\/\/x.com\/https:\/\/x.com\/obolocultural","https:\/\/www.youtube.com\/@PrensaCooltivarte","https:\/\/www.tumblr.com\/blog\/cooltivarte"],"url":"https:\/\/cooltivarte.com\/portal\/author\/cooltivarte\/"}]}},"_links":{"self":[{"href":"https:\/\/cooltivarte.com\/portal\/wp-json\/wp\/v2\/posts\/123374","targetHints":{"allow":["GET"]}}],"collection":[{"href":"https:\/\/cooltivarte.com\/portal\/wp-json\/wp\/v2\/posts"}],"about":[{"href":"https:\/\/cooltivarte.com\/portal\/wp-json\/wp\/v2\/types\/post"}],"author":[{"embeddable":true,"href":"https:\/\/cooltivarte.com\/portal\/wp-json\/wp\/v2\/users\/8"}],"replies":[{"embeddable":true,"href":"https:\/\/cooltivarte.com\/portal\/wp-json\/wp\/v2\/comments?post=123374"}],"version-history":[{"count":4,"href":"https:\/\/cooltivarte.com\/portal\/wp-json\/wp\/v2\/posts\/123374\/revisions"}],"predecessor-version":[{"id":123384,"href":"https:\/\/cooltivarte.com\/portal\/wp-json\/wp\/v2\/posts\/123374\/revisions\/123384"}],"wp:featuredmedia":[{"embeddable":true,"href":"https:\/\/cooltivarte.com\/portal\/wp-json\/wp\/v2\/media\/123377"}],"wp:attachment":[{"href":"https:\/\/cooltivarte.com\/portal\/wp-json\/wp\/v2\/media?parent=123374"}],"wp:term":[{"taxonomy":"category","embeddable":true,"href":"https:\/\/cooltivarte.com\/portal\/wp-json\/wp\/v2\/categories?post=123374"},{"taxonomy":"post_tag","embeddable":true,"href":"https:\/\/cooltivarte.com\/portal\/wp-json\/wp\/v2\/tags?post=123374"}],"curies":[{"name":"wp","href":"https:\/\/api.w.org\/{rel}","templated":true}]}}