{"id":123359,"date":"2026-02-25T21:17:15","date_gmt":"2026-02-26T00:17:15","guid":{"rendered":"https:\/\/cooltivarte.com\/portal\/?p=123359"},"modified":"2026-02-25T21:24:33","modified_gmt":"2026-02-26T00:24:33","slug":"cuatro-anos-de-muerte","status":"publish","type":"post","link":"https:\/\/cooltivarte.com\/portal\/cuatro-anos-de-muerte\/","title":{"rendered":"Cuatro a\u00f1os de muerte"},"content":{"rendered":"<p><iframe title=\" U2 - Yours Eternally ft. Ed Sheeran and Taras Topolia (Documentary Short Film)\" src=\"https:\/\/www.youtube.com\/embed\/p92NzxFmseo?si=OzBvQ_iojBNgVY91\" width=\"100%\" height=\"515\" frameborder=\"0\" allowfullscreen=\"allowfullscreen\"><span data-mce-type=\"bookmark\" style=\"display: inline-block; width: 0px; overflow: hidden; line-height: 0;\" class=\"mce_SELRES_start\">\ufeff<\/span><\/iframe><\/p>\n<p>&nbsp;<\/p>\n<p><span style=\"font-weight: 400;\">El 24 de febrero de 2022 comenz\u00f3 la invasi\u00f3n rusa a <strong>Ucrania<\/strong>. Desde meses anteriores el gobierno de Putin ya hab\u00eda comenzado a movilizar tropas hacia la frontera de su ex estado de la Uni\u00f3n Sovi\u00e9tica, qui\u00e9n tras un refer\u00e9ndum declar\u00f3 su independencia&nbsp; tambi\u00e9n un d\u00eda 24, pero del mes de agosto de 1991. Desde entonces las disputas por ciertos territorios no han cesado, sobre todo aquellos que lindan con el Mar Negro, desde que <strong>Rusia<\/strong> se anexara la pen\u00ednsula de Crimea en 2014, y tambi\u00e9n con el Mar de Azov, esenciales para el comercio de granos, el posicionamiento militar y le llegada hasta el Mar Mediterr\u00e1neo. <\/span><\/p>\n<p><span style=\"font-weight: 400;\">Cuando Trump asumi\u00f3 nuevamente el cargo presidencial de Estados Unidos el 20 de enero de 2025, prometi\u00f3 ante los ojos del mundo poner fin a este conflicto en menos de 24 horas. Desde entonces las idas y venidas entre este, Putin, los miembros de la Comunidad Europea y el presidente ucraniano <\/span><span style=\"font-weight: 400;\"><a href=\"https:\/\/cooltivarte.com\/portal\/?s=Volodymyr+Zelensky\" target=\"_blank\" rel=\"noopener\"><strong>Volodymyr Zelensky<\/strong><\/a>, han sido tan constantes como incongruentes. Tan rid\u00edculas como inveros\u00edmiles, as\u00ed como lo es la nueva organizaci\u00f3n internacional anunciada en el Foro Econ\u00f3mico de Davos en enero de este a\u00f1o. <\/span><\/p>\n<p><span style=\"font-weight: 400;\">Esa organizaci\u00f3n aplicada hacia la paz internacional a la que se denomin\u00f3 Junta de Paz o <\/span><i><span style=\"font-weight: 400;\">\u201cBoard of Peace\u201d, <\/span><\/i><span style=\"font-weight: 400;\">que tiene al propio <a href=\"https:\/\/cooltivarte.com\/portal\/?s=Donald+Trump\" target=\"_blank\" rel=\"noopener\"><strong>Donald Trump<\/strong><\/a> como su fundador y l\u00edder con capacidad total de veto y maniobra. Comenz\u00f3 como una idea para gestionar distintos conflictos entre naciones y como un ente que pudiese supervisar y digitar la reconstrucci\u00f3n de Gaza, a la que el propio empresario inmobiliario, desea convertir en un para\u00edso vacacional a orillas del Mediterr\u00e1neo oriental, desplazando de all\u00ed al pueblo palestino. <\/span><\/p>\n<p><span style=\"font-weight: 400;\">Lo trascendente de este s\u00edndrome de anomal\u00edas y dislates conceptuales, es lo que esconde tras de s\u00ed, generar una estructura paralela a la Organizaci\u00f3n de las Naciones Unidas, surgida tambi\u00e9n un d\u00eda 24 pero esta vez en octubre de 1945, una vez concluidos los fuegos de la Segunda Guerra Mundial.&nbsp; <\/span><\/p>\n<p><span style=\"font-weight: 400;\">A cuatro a\u00f1os de la invasi\u00f3n rusa a los territorios independientes de Ucrania, aplastada la masa temporal de las 24 horas interpuestas por Trump en un nuevo acto de su habitual fanfarroner\u00eda, ni el buf\u00f3n de la corte de los l\u00edderes internacionales, ni ninguno de sus 20 pa\u00edses alineados en esa <\/span><i><span style=\"font-weight: 400;\">\u201cBoard of Peace\u201d, <\/span><\/i><span style=\"font-weight: 400;\">han podido aminalar al gobierno aut\u00f3crata del nuevo Zar de Rusia, ni a sus deseos expansionistas de reconquistar los territorios de la antigua Uni\u00f3n Sovi\u00e9tica. El ciudadano <a href=\"https:\/\/cooltivarte.com\/portal\/?s=Vladimir+Putin\" target=\"_blank\" rel=\"noopener\"><strong>Vladimir Putin<\/strong><\/a>, Octavo Dan dentro de los escalafones judocas otorgado en 2012 por la Federaci\u00f3n Internacional de Judo (FIJ), no tiene la m\u00ednima intensi\u00f3n de discontinuar su guerra de desgaste contra la poblaci\u00f3n civil ucraniana, y menos a\u00fan devolver los territorios ocupados en la zona del <\/span><span style=\"font-weight: 400;\">Donetsk. <\/span><\/p>\n<p><span style=\"font-weight: 400;\">Parte del territorio original de la zona del Donb\u00e1s ucraniano, que Rusia considera su territorio anexado entre el 2014 y el 2022. A cuatro a\u00f1os de comenzadas las confrontaciones, con cruentos embates y unas cifras de muertos, heridos, desaparecidos y mutilados, que tanto unos como otros tratan de mitigar (aunque organismos internacionales se\u00f1alan que las p\u00e9rdidas del lado ruso, en comparaci\u00f3n a las ucranianas son muchos mayores), a las que se deben sumar las p\u00e9rdidas de las tropas de Corea del Norte enviadas en apoyo a las tropas de Rusia. <\/span><\/p>\n<p><span style=\"font-weight: 400;\">Es curioso que tanto despliegue militar en diferentes partes del planeta hayan aparecido casi de forma simult\u00e1nea, y traigo nuevamente a colaci\u00f3n la pel\u00edcula de <strong>Paul Thomas Anderson<\/strong>: \u201cUna batalla tras otra\u201d <\/span><span style=\"font-weight: 400;\">(<\/span><i><span style=\"font-weight: 400;\">One Battle After Another<\/span><\/i><span style=\"font-weight: 400;\">) sobre la novela<\/span><i><span style=\"font-weight: 400;\"> \u201cVineland\u201d<\/span><\/i><span style=\"font-weight: 400;\">&nbsp;de <strong>Thomas Pynchon<\/strong> de 1999, donde los idealistas a\u00f1os 60 se arrastran en una b\u00fasqueda disipada y errante de los propios principios que la enunciaron, hasta ser machacadas por las botas vaqueras del entonces presidente Ronald Reagan, bajo las \u00e9gidas&nbsp; de ciertos comportamientos adaptativos.<\/span><\/p>\n<p><span style=\"font-weight: 400;\"> Algo parecido a lo que sucede con la trama de <\/span><i><span style=\"font-weight: 400;\">\u201cLa broma infinita\u201d<\/span><\/i> <i><span style=\"font-weight: 400;\">(Infinite Jest)<\/span><\/i><span style=\"font-weight: 400;\"> de <strong>David Foster Wallace<\/strong>, editada en 1996, tres a\u00f1os antes, en las que el autor se adentra por mundos dist\u00f3picos tan similares a los actuales, con m\u00e1s de la mitad del planeta sumergido dentro del entretenimiento de las plataformas. <\/span><\/p>\n<p><span style=\"font-weight: 400;\">Sumidos en una adicci\u00f3n t\u00f3xica en las que los <\/span><i><span style=\"font-weight: 400;\">influencers<\/span><\/i><span style=\"font-weight: 400;\"> dan paso a los <\/span><i><span style=\"font-weight: 400;\">tiktokers,<\/span><\/i><span style=\"font-weight: 400;\"> estos a los <\/span><i><span style=\"font-weight: 400;\">doomscrollers, <\/span><\/i><span style=\"font-weight: 400;\">imparables en sus h\u00e1bitos de desplazarse de un contenido a otro sin llegar a ninguna parte, y la guinda final son los <\/span><i><span style=\"font-weight: 400;\">therians, <\/span><\/i><span style=\"font-weight: 400;\">ese supuesto juego adolescente que tambi\u00e9n desde tiempos inmemoriales, juegan ciertos adultos en hangares o mazmorras del sexo. Entonces, ante la cantidad de suicidios que deber\u00eda preocuparnos como pa\u00eds. <\/span><\/p>\n<p><span style=\"font-weight: 400;\">El estado de nuestras c\u00e1rceles, la lumpenizaci\u00f3n de la cultura, la habituaci\u00f3n a vivir entre la mugre y los seres -estos s\u00ed verdaderos <\/span><i><span style=\"font-weight: 400;\">therians- <\/span><\/i><span style=\"font-weight: 400;\">callejeros, los ajustes de cuentas narcos, la grieta social subdividida en tantas otras, pero todas aunadas a la identidad de la uruguayez. El mate, las tortas fritas, el asado, las Telet\u00f3n, los \u201cD\u00edas de la Big Mac de <strong>Ronald McDonald<\/strong>\u201d, el carnaval m\u00e1s largo del mundo, <\/span><i><span style=\"font-weight: 400;\">\u201cEsta boca es m\u00eda\u201d <\/span><\/i><span style=\"font-weight: 400;\">y sus debates desmontables, que puedes armar un d\u00eda como un lego y volverlo a armar cuando quieras, porque no te has perdido nada porque siempre aparece el mismo discurso narrativo, donde s\u00f3lo cambian algunos de sus panelistas. <\/span><\/p>\n<p><span style=\"font-weight: 400;\">Que nos pueden preocupar los muertos de Ucrania, los ni\u00f1os y ancianos de Ucrania, quiz\u00e1s porque han querido pertenecer a la OTAN, y a ella nuestros partidos progresistas la asocian al monstruo imperialista estadounidense, qui\u00e9n curiosamente ahora les da la espalda, y aunque no apoyen directamente a <\/span><span style=\"font-weight: 400;\">Zelensky, les vende los armamentos a los europeos y estos se los hacen llegar a los ucranianos. <\/span><\/p>\n<p><span style=\"font-weight: 400;\">Es curioso que haya habido tanta preocupaci\u00f3n ante los bombarderos y asesinatos israel\u00edes en Gaza, cosa que comparto, pero no he visto alzamientos considerables contra la ocupaci\u00f3n Rusa en Ucrania. Contra el bombardeo sistem\u00e1tico a infraestructuras civiles, hospitales y escuelas, sin contar la destrucci\u00f3n del Teatro Dram\u00e1tico Regional de Donetsk, ocurrido el 16 de marzo de 2022 en la ciudad devastada de Mari\u00fapol, donde se luch\u00f3 casa por casa. <\/span><\/p>\n<p><span style=\"font-weight: 400;\">Revisando fuentes, <\/span><i><span style=\"font-weight: 400;\">Wikipedia<\/span><\/i><span style=\"font-weight: 400;\"> destaca que si bien el entonces Ayuntamiento de Mariupol <\/span><i><span style=\"font-weight: 400;\">\u201ccifr\u00f3 inicialmente los muertos en unos 300\u201d,<\/span><\/i><span style=\"font-weight: 400;\"> una investigaci\u00f3n de The Associated Press consider\u00f3 el n\u00famero de v\u00edctimas en 600 personas, en su mayor\u00eda ni\u00f1os con sus madres y ancianos. El edificio contaba con capacidad para 1000 personas, y a ambos lados de la calle del teatro se hab\u00eda escrito con letras gigantes la palabra \u201cNi\u00f1os\u201d para ser observada desde el aire. <\/span><\/p>\n<p><span style=\"font-weight: 400;\">La misma fuente nos dice que las fuerzas rusas de ocupaci\u00f3n, han tratado de borrar las huellas de este <\/span><i><span style=\"font-weight: 400;\">\u201cda\u00f1o colateral\u201d<\/span><\/i><span style=\"font-weight: 400;\">, reconstruyendo y reabriendo el teatro, como una manera de ocultar las pruebas de lo que Amnist\u00eda Internacional y la Corte Penal Internacional (CPI) de la Haya pueden considerar como cr\u00edmenes de guerra. \u00bfEs el mundo actual m\u00e1s rid\u00edculo del que ya era? \u00bfEs el mismo s\u00f3lo que no tenemos tiempo para detenerlo y verlo? Has visto Birdman (o la inesperada virtud de la ignorancia), la pel\u00edcula de<strong> Alejandro Gonz\u00e1lez I\u00f1\u00e1rritu<\/strong>, donde se parte de una puesta teatral del cuento de Raymond Carver de 1981: <\/span><i><span style=\"font-weight: 400;\">\u00bf<\/span><\/i><i><span style=\"font-weight: 400;\">&#8220;<\/span><\/i><a href=\"https:\/\/www.google.com\/search?q=De+qu%C3%A9+hablamos+cuando+hablamos+de+amor&amp;biw=1366&amp;bih=641&amp;sca_esv=7be6b356a4d629ce&amp;sxsrf=ANbL-n5tfxS3Npg3Nk5HXwWc1SC5zgJohg%3A1771990068150&amp;ei=NGyead7xCJfU1sQPtuih8QI&amp;ved=2ahUKEwi-nJHd2fOSAxVKu5UCHfvROAgQgK4QegQIARAD&amp;uact=5&amp;oq=birdman+pel%C3%ADcula+director+sobre+el+cuento+de+raymond+carver&amp;gs_lp=Egxnd3Mtd2l6LXNlcnAiPGJpcmRtYW4gcGVsw61jdWxhIGRpcmVjdG9yIHNvYnJlIGVsIGN1ZW50byBkZSByYXltb25kIGNhcnZlcjIFECEYnwUyBRAhGJ8FSNVjUKcEWLBdcAF4AZABAJgBrAKgAc0lqgEIMC4yOS40LjG4AQPIAQD4AQGYAiOgArAowgIKEAAYsAMY1gQYR8ICBhAAGBYYHsICCBAAGIAEGKIEwgIFEAAY7wXCAgUQIRigAcICBBAhGBXCAgcQIRigARgKmAMAiAYBkAYIkgcIMS4yOS40LjGgB52-AbIHCDAuMjkuNC4xuAefKMIHCDAuMS4yNS45yAfkAYAIAA&amp;sclient=gws-wiz-serp&amp;mstk=AUtExfDxzbm7XThhWUaHHfoSaxbTteW7ZwJFS2ZVvlWb6XSUHh3uUENC9-rWPg389jDUXduxsfrfNw2ADbgnn-MGCwN66OsR5L2pwGCc71ZPPIfbxDfKQWjj6d_Swm6Cx1CvarSMYFz7N_evOSquP02tM-qH91X4aryYfosDWtSsNPpW12LYFTRMpvSf9hsLEilB3o12Bv6Jk5AmpttlGqGfaXWFN5CYTzPBFMXFQQ4dJSPFBESRl1Et8uGlGw7A1MnGIAe04tqCDA7cmxgNAijpOWlB&amp;csui=3\" target=\"_blank\" rel=\"noopener\"><i><span style=\"font-weight: 400;\">De qu\u00e9 hablamos cuando hablamos de amor<\/span><\/i><\/a><i><span style=\"font-weight: 400;\">&#8220;?<\/span><\/i><span style=\"font-weight: 400;\"> Una lucha entre la identidad y la ficci\u00f3n. <\/span><\/p>\n<p><span style=\"font-weight: 400;\">La b\u00fasqueda entre la obsesi\u00f3n, el dolor, en un mundo que ha dejado de pertenecer a su protagonista <\/span><span style=\"font-weight: 400;\">Riggan Thomson (Michael Keaton) debati\u00e9ndose entre su desdoblamiento personal de una ex estrella cinematogr\u00e1fica que encarnaba el papel de un superh\u00e9roe. En un tramo de la pel\u00edcula, coincidiendo el momento hist\u00f3rico con el auge de las reproducciones en Facebook, su hija (Emma Stone) le comenta la cantidad de reproducciones que ha obtenido y que sin ellas, en el mundo de hoy no eres nada. <\/span><\/p>\n<p><span style=\"font-weight: 400;\">A cuatro a\u00f1os de una guerra imperialista que ha amenazado el occidente hasta ahora conocido, cambiando las reglas del juego entre las geopol\u00edticas de las tres grandes potencias mundiales, las im\u00e1genes de entonces aparecen cada tanto, porque la sucesi\u00f3n de conflictos, nos inyectan continuamente de nuevos est\u00edmulos visuales. El mundo se divide entre quienes lo padecen de una forma, y quienes lo disfrutan de otra.<\/span><\/p>\n<p><span style=\"font-weight: 400;\"> Quienes asisten a su declive o los que se esconden hasta desaparecer, tal como parece sucedi\u00f3 con ciertos grupos de<\/span> <span style=\"font-weight: 400;\">neandertales que prefirieron aislarse de los sapiens hasta extinguirse. Lo cierto es que la guerra iniciada por Putin no tiene visos de desaparecer, y que al buf\u00f3n de la corte se le han pasado las 24 horas. <\/span><\/p>\n<p><span style=\"font-weight: 400;\">Si mal no recuerdo, quiz\u00e1s fue <strong>C\u00e9sar Vallejo<\/strong> que en \u00e9pocas de la guerra civil espa\u00f1ola, se\u00f1al\u00f3 en uno de sus poemas <\/span><i><span style=\"font-weight: 400;\">\u201cun fantasma recorre Europa\u2026\u201d, <\/span><\/i><span style=\"font-weight: 400;\">en clara referencia a los fascismos. \u00bfEstamos frente a un fascismo tecnol\u00f3gico, frente a un discurso populista que ahonda a\u00fan m\u00e1s las diferencias raciales y sociales, promoviendo pensamientos adormecidos y conservadores, donde s\u00f3lo unos pocos alcancen el dominio del poder? <\/span><\/p>\n<p><span style=\"font-weight: 400;\">En Ucrania continuaran cayendo drones y misiles, bombas planeadoras y termob\u00e1ricas. Aqu\u00ed pensamos que el mundo nos queda lejos, pero los armamentos no conocen de distancias y para la locura de algunos tampoco hay ning\u00fan tipo de tratamiento posible.&nbsp;<\/span><\/p>\n<p>&nbsp;<\/p>\n","protected":false},"excerpt":{"rendered":"<p>El 24 de febrero de 2022 comenz\u00f3 la invasi\u00f3n rusa a Ucrania. Desde meses anteriores el gobierno de Putin ya hab\u00eda comenzado a movilizar tropas hacia la frontera de su ex estado de la Uni\u00f3n Sovi\u00e9tica, qui\u00e9n tras un refer\u00e9ndum declar\u00f3 su independencia\u00a0 tambi\u00e9n un d\u00eda 24, pero del mes de agosto de 1991. Desde entonces las disputas por ciertos territorios no han cesado, sobre todo aquellos que lindan con el Mar Negro, desde que Rusia se anexara la pen\u00ednsula de Crimea en 2014, y tambi\u00e9n con el Mar de Azov, esenciales para el comercio de granos, el posicionamiento militar y le llegada hasta el Mar Mediterr\u00e1neo.<\/p>\n<p>Cuando Trump asumi\u00f3 nuevamente el cargo presidencial de Estados Unidos el 20 de enero de 2025, prometi\u00f3 ante los ojos del mundo poner fin a este conflicto en menos de 24 horas. Desde entonces las idas y venidas entre este, Putin, los miembros de la Comunidad Europea y el presidente ucraniano Volodymyr Zelensky, han sido tan constantes como incongruentes. Tan rid\u00edculas como inveros\u00edmiles, as\u00ed como lo es la nueva organizaci\u00f3n internacional anunciada en el Foro Econ\u00f3mico de Davos en enero de este a\u00f1o.<\/p>\n<p>Esa organizaci\u00f3n aplicada hacia la paz internacional a la que se denomin\u00f3 Junta de Paz o \u201cBoard of Peace\u201d, que tiene al propio Donald Trump como su fundador y l\u00edder con capacidad total de veto y maniobra. Comenz\u00f3 como una idea para gestionar distintos conflictos entre naciones y como un ente que pudiese supervisar y digitar la reconstrucci\u00f3n de Gaza, a la que el propio empresario inmobiliario, desea convertir en un para\u00edso vacacional a orillas del Mediterr\u00e1neo oriental, desplazando de all\u00ed al pueblo palestino.<\/p>\n","protected":false},"author":226,"featured_media":123360,"comment_status":"closed","ping_status":"closed","sticky":false,"template":"","format":"standard","meta":{"om_disable_all_campaigns":false,"ngg_post_thumbnail":0,"jnews-multi-image_gallery":[],"jnews_single_post":{"format":"standard","override":[{"template":"4","parallax":"1","layout":"right-sidebar","sidebar":"default-sidebar","second_sidebar":"default-sidebar","sticky_sidebar":"1","share_position":"bottom","share_float_style":"share-monocrhome","show_share_counter":"1","show_view_counter":"1","show_featured":"1","show_post_meta":"1","show_post_author":"1","show_post_author_image":"1","show_post_date":"1","post_date_format":"default","post_date_format_custom":"Y\/m\/d","show_post_category":"1","post_reading_time_wpm":"300","post_calculate_word_method":"str_word_count","zoom_button_out_step":"2","zoom_button_in_step":"3","show_post_tag":"1","show_prev_next_post":"1","show_popup_post":"1","show_comment_section":"1","number_popup_post":"1","show_author_box":"1","show_post_related":"0","show_inline_post_related":"0"}],"image_override":[{"single_post_thumbnail_size":"no-crop","single_post_gallery_size":"crop-500"}],"trending_post_position":"meta","trending_post_label":"Trending","sponsored_post_label":"Sponsored by","disable_ad":"0","subtitle":"Putin - Zelensky - Ucrania - Rusia"},"jnews_primary_category":[],"jnews_social_meta":[],"jnews_override_counter":{"view_counter_number":"0","share_counter_number":"0","like_counter_number":"0","dislike_counter_number":"0"},"footnotes":""},"categories":[1637],"tags":[12821,25839,4873,7891,9872,25838],"class_list":["post-123359","post","type-post","status-publish","format-standard","has-post-thumbnail","hentry","category-apuntes","tag-donald-trump","tag-otan","tag-rusia","tag-ucrania","tag-vladimir-putin","tag-volodymyr-zelensky"],"yoast_head":"<!-- This site is optimized with the Yoast SEO plugin v27.5 - https:\/\/yoast.com\/product\/yoast-seo-wordpress\/ -->\n<title>Cuatro a\u00f1os de muerte - Cooltivarte Portal<\/title>\n<meta name=\"description\" content=\"Rusia se anexara la pen\u00ednsula de Crimea en 2014, y tambi\u00e9n con el Mar de Azov, esenciales para el comercio de granos, el posicionamiento militar y le llegada hasta el Mar Mediterr\u00e1neo.\" \/>\n<meta name=\"robots\" content=\"index, follow, max-snippet:-1, max-image-preview:large, max-video-preview:-1\" \/>\n<link rel=\"canonical\" href=\"https:\/\/cooltivarte.com\/portal\/cuatro-anos-de-muerte\/\" \/>\n<meta property=\"og:locale\" content=\"es_ES\" \/>\n<meta property=\"og:type\" content=\"article\" \/>\n<meta property=\"og:title\" content=\"Cuatro a\u00f1os de muerte - Putin - Zelensky - Ucrania - Rusia by Guillermo Baltar Prendez\" \/>\n<meta property=\"og:description\" content=\"Rusia se anexara la pen\u00ednsula de Crimea en 2014, y tambi\u00e9n con el Mar de Azov, esenciales para el comercio de granos, el posicionamiento militar y le llegada hasta el Mar Mediterr\u00e1neo.\" \/>\n<meta property=\"og:url\" content=\"https:\/\/cooltivarte.com\/portal\/cuatro-anos-de-muerte\/\" \/>\n<meta property=\"og:site_name\" content=\"Cooltivarte Portal\" \/>\n<meta property=\"article:publisher\" content=\"https:\/\/www.facebook.com\/cooltivartecom\/\" \/>\n<meta property=\"article:author\" content=\"https:\/\/www.facebook.com\/cooltivartecom\/\" \/>\n<meta property=\"article:published_time\" content=\"2026-02-26T00:17:15+00:00\" \/>\n<meta property=\"article:modified_time\" content=\"2026-02-26T00:24:33+00:00\" \/>\n<meta property=\"og:image\" content=\"https:\/\/cooltivarte.com\/portal\/wp-content\/uploads\/2026\/02\/U2-Yours-Eternally-ft-Ed-Sheeran-and-Taras-Topolia.jpg\" \/>\n\t<meta property=\"og:image:width\" content=\"1280\" \/>\n\t<meta property=\"og:image:height\" content=\"720\" \/>\n\t<meta property=\"og:image:type\" content=\"image\/jpeg\" \/>\n<meta name=\"author\" content=\"Guillermo Baltar Prendez\" \/>\n<meta name=\"twitter:card\" content=\"summary_large_image\" \/>\n<meta name=\"twitter:title\" content=\"Cuatro a\u00f1os de muerte - Putin - Zelensky - Ucrania - Rusia by Guillermo Baltar Prendez\" \/>\n<meta name=\"twitter:description\" content=\"Rusia se anexara la pen\u00ednsula de Crimea en 2014, y tambi\u00e9n con el Mar de Azov, esenciales para el comercio de granos, el posicionamiento militar y le llegada hasta el Mar Mediterr\u00e1neo.\" \/>\n<meta name=\"twitter:image\" content=\"https:\/\/cooltivarte.com\/portal\/wp-content\/uploads\/2026\/02\/U2-Yours-Eternally-ft-Ed-Sheeran-and-Taras-Topolia.jpg\" \/>\n<meta name=\"twitter:creator\" content=\"@https:\/\/x.com\/obolocultural\" \/>\n<meta name=\"twitter:site\" content=\"@obolocultural\" \/>\n<meta name=\"twitter:label1\" content=\"Escrito por\" \/>\n\t<meta name=\"twitter:data1\" content=\"Guillermo Baltar Prendez\" \/>\n\t<meta name=\"twitter:label2\" content=\"Tiempo de lectura\" \/>\n\t<meta name=\"twitter:data2\" content=\"8 minutos\" \/>\n<!-- \/ Yoast SEO plugin. -->","yoast_head_json":{"title":"Cuatro a\u00f1os de muerte - Cooltivarte Portal","description":"Rusia se anexara la pen\u00ednsula de Crimea en 2014, y tambi\u00e9n con el Mar de Azov, esenciales para el comercio de granos, el posicionamiento militar y le llegada hasta el Mar Mediterr\u00e1neo.","robots":{"index":"index","follow":"follow","max-snippet":"max-snippet:-1","max-image-preview":"max-image-preview:large","max-video-preview":"max-video-preview:-1"},"canonical":"https:\/\/cooltivarte.com\/portal\/cuatro-anos-de-muerte\/","og_locale":"es_ES","og_type":"article","og_title":"Cuatro a\u00f1os de muerte - Putin - Zelensky - Ucrania - Rusia by Guillermo Baltar Prendez","og_description":"Rusia se anexara la pen\u00ednsula de Crimea en 2014, y tambi\u00e9n con el Mar de Azov, esenciales para el comercio de granos, el posicionamiento militar y le llegada hasta el Mar Mediterr\u00e1neo.","og_url":"https:\/\/cooltivarte.com\/portal\/cuatro-anos-de-muerte\/","og_site_name":"Cooltivarte Portal","article_publisher":"https:\/\/www.facebook.com\/cooltivartecom\/","article_author":"https:\/\/www.facebook.com\/cooltivartecom\/","article_published_time":"2026-02-26T00:17:15+00:00","article_modified_time":"2026-02-26T00:24:33+00:00","og_image":[{"width":1280,"height":720,"url":"https:\/\/cooltivarte.com\/portal\/wp-content\/uploads\/2026\/02\/U2-Yours-Eternally-ft-Ed-Sheeran-and-Taras-Topolia.jpg","type":"image\/jpeg"}],"author":"Guillermo Baltar Prendez","twitter_card":"summary_large_image","twitter_title":"Cuatro a\u00f1os de muerte - Putin - Zelensky - Ucrania - Rusia by Guillermo Baltar Prendez","twitter_description":"Rusia se anexara la pen\u00ednsula de Crimea en 2014, y tambi\u00e9n con el Mar de Azov, esenciales para el comercio de granos, el posicionamiento militar y le llegada hasta el Mar Mediterr\u00e1neo.","twitter_image":"https:\/\/cooltivarte.com\/portal\/wp-content\/uploads\/2026\/02\/U2-Yours-Eternally-ft-Ed-Sheeran-and-Taras-Topolia.jpg","twitter_creator":"@https:\/\/x.com\/obolocultural","twitter_site":"@obolocultural","twitter_misc":{"Escrito por":"Guillermo Baltar Prendez","Tiempo de lectura":"8 minutos"},"schema":{"@context":"https:\/\/schema.org","@graph":[{"@type":"NewsArticle","@id":"https:\/\/cooltivarte.com\/portal\/cuatro-anos-de-muerte\/#article","isPartOf":{"@id":"https:\/\/cooltivarte.com\/portal\/cuatro-anos-de-muerte\/"},"author":{"name":"Guillermo Baltar Prendez","@id":"https:\/\/cooltivarte.com\/portal\/#\/schema\/person\/a7bd3aa267998a3763d8282d0dbf819e"},"headline":"Cuatro a\u00f1os de muerte","datePublished":"2026-02-26T00:17:15+00:00","dateModified":"2026-02-26T00:24:33+00:00","mainEntityOfPage":{"@id":"https:\/\/cooltivarte.com\/portal\/cuatro-anos-de-muerte\/"},"wordCount":1606,"publisher":{"@id":"https:\/\/cooltivarte.com\/portal\/#organization"},"image":{"@id":"https:\/\/cooltivarte.com\/portal\/cuatro-anos-de-muerte\/#primaryimage"},"thumbnailUrl":"https:\/\/cooltivarte.com\/portal\/wp-content\/uploads\/2026\/02\/U2-Yours-Eternally-ft-Ed-Sheeran-and-Taras-Topolia.jpg","keywords":["Donald Trump","OTAN","rusia","Ucrania","Vladimir Putin","Volodymyr Zelensky"],"articleSection":["Apuntes"],"inLanguage":"es-AR"},{"@type":"WebPage","@id":"https:\/\/cooltivarte.com\/portal\/cuatro-anos-de-muerte\/","url":"https:\/\/cooltivarte.com\/portal\/cuatro-anos-de-muerte\/","name":"Cuatro a\u00f1os de muerte - Cooltivarte Portal","isPartOf":{"@id":"https:\/\/cooltivarte.com\/portal\/#website"},"primaryImageOfPage":{"@id":"https:\/\/cooltivarte.com\/portal\/cuatro-anos-de-muerte\/#primaryimage"},"image":{"@id":"https:\/\/cooltivarte.com\/portal\/cuatro-anos-de-muerte\/#primaryimage"},"thumbnailUrl":"https:\/\/cooltivarte.com\/portal\/wp-content\/uploads\/2026\/02\/U2-Yours-Eternally-ft-Ed-Sheeran-and-Taras-Topolia.jpg","datePublished":"2026-02-26T00:17:15+00:00","dateModified":"2026-02-26T00:24:33+00:00","description":"Rusia se anexara la pen\u00ednsula de Crimea en 2014, y tambi\u00e9n con el Mar de Azov, esenciales para el comercio de granos, el posicionamiento militar y le llegada hasta el Mar Mediterr\u00e1neo.","breadcrumb":{"@id":"https:\/\/cooltivarte.com\/portal\/cuatro-anos-de-muerte\/#breadcrumb"},"inLanguage":"es-AR","potentialAction":[{"@type":"ReadAction","target":["https:\/\/cooltivarte.com\/portal\/cuatro-anos-de-muerte\/"]}]},{"@type":"ImageObject","inLanguage":"es-AR","@id":"https:\/\/cooltivarte.com\/portal\/cuatro-anos-de-muerte\/#primaryimage","url":"https:\/\/cooltivarte.com\/portal\/wp-content\/uploads\/2026\/02\/U2-Yours-Eternally-ft-Ed-Sheeran-and-Taras-Topolia.jpg","contentUrl":"https:\/\/cooltivarte.com\/portal\/wp-content\/uploads\/2026\/02\/U2-Yours-Eternally-ft-Ed-Sheeran-and-Taras-Topolia.jpg","width":1280,"height":720,"caption":"U2 - Yours Eternally ft. Ed Sheeran and Taras Topolia (Documentary Short Film)"},{"@type":"BreadcrumbList","@id":"https:\/\/cooltivarte.com\/portal\/cuatro-anos-de-muerte\/#breadcrumb","itemListElement":[{"@type":"ListItem","position":1,"name":"Portada","item":"https:\/\/cooltivarte.com\/portal\/"},{"@type":"ListItem","position":2,"name":"Cuatro a\u00f1os de muerte"}]},{"@type":"WebSite","@id":"https:\/\/cooltivarte.com\/portal\/#website","url":"https:\/\/cooltivarte.com\/portal\/","name":"Cooltivarte Portal","description":"Arte, cultura y turismo para el mundo ...","publisher":{"@id":"https:\/\/cooltivarte.com\/portal\/#organization"},"potentialAction":[{"@type":"SearchAction","target":{"@type":"EntryPoint","urlTemplate":"https:\/\/cooltivarte.com\/portal\/?s={search_term_string}"},"query-input":{"@type":"PropertyValueSpecification","valueRequired":true,"valueName":"search_term_string"}}],"inLanguage":"es-AR"},{"@type":"Organization","@id":"https:\/\/cooltivarte.com\/portal\/#organization","name":"cooltivarte","url":"https:\/\/cooltivarte.com\/portal\/","logo":{"@type":"ImageObject","inLanguage":"es-AR","@id":"https:\/\/cooltivarte.com\/portal\/#\/schema\/logo\/image\/","url":"https:\/\/cooltivarte.com\/portal\/wp-content\/uploads\/2020\/04\/logo-cooltivarte-v2.png","contentUrl":"https:\/\/cooltivarte.com\/portal\/wp-content\/uploads\/2020\/04\/logo-cooltivarte-v2.png","width":851,"height":243,"caption":"cooltivarte"},"image":{"@id":"https:\/\/cooltivarte.com\/portal\/#\/schema\/logo\/image\/"},"sameAs":["https:\/\/www.facebook.com\/cooltivartecom\/","https:\/\/x.com\/obolocultural","https:\/\/www.instagram.com\/_cooltivarte_\/","https:\/\/www.linkedin.com\/company\/-bolocultural?reportsuccess=8zaNG1HwhPbAR9iQhZ5rfGeqz_vQFftHun0ZWU0Wy9vNemRJ8vtcKdJvzQfW8XagyOJSKg0XvfJ1dp","https:\/\/www.pinterest.com\/cooltivarte\/","https:\/\/cooltivarte.tumblr.com\/","https:\/\/www.tiktok.com\/@cooltivarte","https:\/\/www.youtube.com\/@PrensaCooltivarte"]},{"@type":"Person","@id":"https:\/\/cooltivarte.com\/portal\/#\/schema\/person\/a7bd3aa267998a3763d8282d0dbf819e","name":"Guillermo Baltar Prendez","image":{"@type":"ImageObject","inLanguage":"es-AR","@id":"https:\/\/cooltivarte.com\/portal\/wp-content\/uploads\/2024\/11\/Guillermo-Baltar-Prendez-120x120.jpg","url":"https:\/\/cooltivarte.com\/portal\/wp-content\/uploads\/2024\/11\/Guillermo-Baltar-Prendez-120x120.jpg","contentUrl":"https:\/\/cooltivarte.com\/portal\/wp-content\/uploads\/2024\/11\/Guillermo-Baltar-Prendez-120x120.jpg","caption":"Guillermo Baltar Prendez"},"description":"Guillermo Baltar Prendez (Montevideo, 1957). Licenciado en Periodismo por la Facultad de Ciencias de la Informaci\u00f3n de la Universidad Complutense de Madrid, donde realiz\u00f3 estudios de Comunicaci\u00f3n Visual y Tecnolog\u00edas de la Informaci\u00f3n. Estudio c\u00e1mara y fotograf\u00eda en Madrid, incursionando dentro del dise\u00f1o gr\u00e1fico y el audiovisual. Estudi\u00f3 Edici\u00f3n y Post Producci\u00f3n Digital en la ECU. Desde 1976 escribe en los medios culturales m\u00e1s importantes del pa\u00eds. En los a\u00f1os ochenta cre\u00f3 los ciclos de conciertos de rock y exposiciones del Cabaret Voltaire de Montevideo. Public\u00f3 libros de poes\u00eda y particip\u00f3 de lecturas y performances. Todas las horas son del tiempo es su s\u00e9ptima muestra individual en Uruguay desde su regreso al pa\u00eds a fines de 2004. Ese a\u00f1o estrena \u00cdconos \u2013trabajos digitales sobre la obra de Eduardo Darnauchans\u2013 en el hall del Teatro Sol\u00eds, coincidiendo con el homenaje que la Junta Departamental tributara al cantautor. Desde sus inicios integra la redacci\u00f3n de la revista Dossier, donde publica art\u00edculos y entrevistas, y es el responsable de la secci\u00f3n de cr\u00edtica fotogr\u00e1fica. Se desempe\u00f1a como curador y gestor independiente. Desde 2009 organiza la muestra colectiva De caj\u00f3n: Fotograf\u00edas encontradas, en el Espacio Cultural de M\u00e9xico. Es coordinador de los Talleres de Arte y Fotograf\u00eda, y de realizaci\u00f3n audiovisual \u201cCorto Doc\u201d (este \u00faltimo junto a Mariana Oliva) en la Escuela de Fotograf\u00eda Taller Aquelarre, as\u00ed como de otras instituciones p\u00fablicas y privadas. Dict\u00f3 cursos para egresados universitarios en la Facultad de Arte (Ienba), dentro de los programas de Educaci\u00f3n Permanente; tambi\u00e9n imparti\u00f3 seminarios sobre Fotomontaje en el Instituto Universitario BIOS. En mayo de 2010 a\u00f1o expuso Peque\u00f1as canciones en la sala del CdF. En el Fotograma-11 expuso Lennon-Darnauchans: correspondencia secreta.","sameAs":["https:\/\/cooltivarte.com\/portal","https:\/\/www.facebook.com\/cooltivartecom\/","https:\/\/www.instagram.com\/_cooltivarte_\/","https:\/\/www.linkedin.com\/in\/guillermo-baltar-66803215","https:\/\/www.pinterest.com\/cooltivarte","https:\/\/x.com\/https:\/\/x.com\/obolocultural","https:\/\/www.youtube.com\/@PrensaCooltivarte","https:\/\/www.tumblr.com\/blog\/cooltivarte"],"url":"https:\/\/cooltivarte.com\/portal\/author\/guillermo-baltar-prendez\/"}]}},"_links":{"self":[{"href":"https:\/\/cooltivarte.com\/portal\/wp-json\/wp\/v2\/posts\/123359","targetHints":{"allow":["GET"]}}],"collection":[{"href":"https:\/\/cooltivarte.com\/portal\/wp-json\/wp\/v2\/posts"}],"about":[{"href":"https:\/\/cooltivarte.com\/portal\/wp-json\/wp\/v2\/types\/post"}],"author":[{"embeddable":true,"href":"https:\/\/cooltivarte.com\/portal\/wp-json\/wp\/v2\/users\/226"}],"replies":[{"embeddable":true,"href":"https:\/\/cooltivarte.com\/portal\/wp-json\/wp\/v2\/comments?post=123359"}],"version-history":[{"count":2,"href":"https:\/\/cooltivarte.com\/portal\/wp-json\/wp\/v2\/posts\/123359\/revisions"}],"predecessor-version":[{"id":123362,"href":"https:\/\/cooltivarte.com\/portal\/wp-json\/wp\/v2\/posts\/123359\/revisions\/123362"}],"wp:featuredmedia":[{"embeddable":true,"href":"https:\/\/cooltivarte.com\/portal\/wp-json\/wp\/v2\/media\/123360"}],"wp:attachment":[{"href":"https:\/\/cooltivarte.com\/portal\/wp-json\/wp\/v2\/media?parent=123359"}],"wp:term":[{"taxonomy":"category","embeddable":true,"href":"https:\/\/cooltivarte.com\/portal\/wp-json\/wp\/v2\/categories?post=123359"},{"taxonomy":"post_tag","embeddable":true,"href":"https:\/\/cooltivarte.com\/portal\/wp-json\/wp\/v2\/tags?post=123359"}],"curies":[{"name":"wp","href":"https:\/\/api.w.org\/{rel}","templated":true}]}}