{"id":123311,"date":"2026-03-04T20:38:27","date_gmt":"2026-03-04T23:38:27","guid":{"rendered":"https:\/\/cooltivarte.com\/portal\/?p=123311"},"modified":"2026-03-04T22:57:16","modified_gmt":"2026-03-05T01:57:16","slug":"emi-brancciari-version-solista-en-uruguay-a-toda-costa","status":"publish","type":"post","link":"https:\/\/cooltivarte.com\/portal\/emi-brancciari-version-solista-en-uruguay-a-toda-costa\/","title":{"rendered":"Emi Brancciari \u2013 versi\u00f3n solista en URUGUAY A TODA COSTA"},"content":{"rendered":"<p>&nbsp;<\/p>\n<figure id=\"attachment_123627\" aria-describedby=\"caption-attachment-123627\" style=\"width: 797px\" class=\"wp-caption aligncenter\"><img fetchpriority=\"high\" decoding=\"async\" class=\"wp-image-123627 size-full\" title=\"Emiliano Brancciari \u2013 versi\u00f3n solista en URUGUAY A TODA COSTA - Foto Rodrigo Veglio\" src=\"https:\/\/cooltivarte.com\/portal\/wp-content\/uploads\/2026\/02\/Emiliano-Brancciari-\u2013-version-solista-en-URUGUAY-A-TODA-COSTA.jpg\" alt=\"Emiliano Brancciari \u2013 versi\u00f3n solista en URUGUAY A TODA COSTA - Foto Rodrigo Veglio\" width=\"797\" height=\"526\" srcset=\"https:\/\/cooltivarte.com\/portal\/wp-content\/uploads\/2026\/02\/Emiliano-Brancciari-\u2013-version-solista-en-URUGUAY-A-TODA-COSTA.jpg 797w, https:\/\/cooltivarte.com\/portal\/wp-content\/uploads\/2026\/02\/Emiliano-Brancciari-\u2013-version-solista-en-URUGUAY-A-TODA-COSTA-300x198.jpg 300w, https:\/\/cooltivarte.com\/portal\/wp-content\/uploads\/2026\/02\/Emiliano-Brancciari-\u2013-version-solista-en-URUGUAY-A-TODA-COSTA-768x507.jpg 768w\" sizes=\"(max-width: 797px) 100vw, 797px\" \/><figcaption id=\"caption-attachment-123627\" class=\"wp-caption-text\">Emiliano Brancciari \u2013 versi\u00f3n solista en URUGUAY A TODA COSTA &#8211; Foto Rodrigo Veglio<\/figcaption><\/figure>\n<h3>&nbsp;<\/h3>\n<h3><a href=\"https:\/\/cooltivarte.com\/portal\/?s=Emiliano+Brancciari\" target=\"_blank\" rel=\"noopener\"><strong>Emiliano Brancciari<\/strong><\/a> \u2013 versi\u00f3n solista en <a href=\"https:\/\/cooltivarte.com\/portal\/?s=URUGUAY+A+TODA+COSTA\" target=\"_blank\" rel=\"noopener\"><strong>URUGUAY A TODA COSTA<\/strong><\/a> &#8211; 28 de febrero 2026 &#8211; Plazoleta Porto Alegre &#8211; Piri\u00e1polis &#8211; Maldonado<\/h3>\n<p style=\"text-align: left;\">&nbsp;<\/p>\n<div style=\"text-align: left;\">\n<div style=\"text-align: left;\"><span style=\"font-family: 'Arial Black'; font-size: x-large; color: #212121;\">celebra 20 a\u00f1os de cultura y encuentro.<\/span><\/div>\n<\/div>\n<div dir=\"ltr\" style=\"text-align: left;\" align=\"center\"><strong><span style=\"font-family: Arial Narrow; font-size: large;\">El pasado domingo miles de personas acompa\u00f1aron a EMI en Piri\u00e1polis en una nueva fecha de \u201cUruguay a Toda Costa\u201d<\/span><\/strong><\/div>\n<div dir=\"ltr\" style=\"text-align: left;\" align=\"center\">&nbsp;<\/div>\n<div dir=\"ltr\" style=\"text-align: left;\" align=\"center\">\n<p>Piri\u00e1polis fue escenario de una masiva convocatoria en el marco del ciclo \u201cUruguay a Toda Costa\u201d, con la presentaci\u00f3n del artista EMI ante miles de personas que disfrutaron de una noche de m\u00fasica, encuentro y celebraci\u00f3n en la costa uruguaya.<\/p>\n<p>La jornada comenz\u00f3 con la participaci\u00f3n de las bandas locales<strong> Se Va a Pasar<\/strong> y<strong> Subcultura Rock<\/strong>, reafirmando el compromiso del programa con la promoci\u00f3n del talento nacional y el fortalecimiento de la escena art\u00edstica local.<\/p>\n<p>En su presentaci\u00f3n, EMI ofreci\u00f3 un repertorio que incluy\u00f3 composiciones propias y versiones especialmente celebradas por el p\u00fablico, entre ellas \u201cMe siento mucho mejor\u201d, del reconocido m\u00fasico argentino&nbsp;Charly Garc\u00eda, y \u201cSweet Dreams\u201d, del d\u00fao brit\u00e1nico&nbsp;Eurythmics, generando un clima de cercan\u00eda y entusiasmo colectivo.<\/p>\n<p>El evento cont\u00f3 con la presencia de autoridades nacionales y departamentales, entre ellas el Ministro de Turismo, el Alcalde de Piri\u00e1polis, Ren\u00e9e Gra\u00f1a, y el Director de Cultura y Turismo del Municipio, Jorge C\u00e9spedes, quienes acompa\u00f1aron esta nueva fecha del programa.<\/p>\n<p>Impulsado por el Ministerio de Turismo, el programa \u201c<strong><em>Uruguay a Toda Costa<\/em><\/strong>\u201d celebra en 2026 dos d\u00e9cadas de trayectoria, consolid\u00e1ndose como uno de los ciclos culturales de verano m\u00e1s relevantes del pa\u00eds. A lo largo de estos 20 a\u00f1os, la iniciativa se ha consolidado como un espacio estrat\u00e9gico de articulaci\u00f3n entre cultura y turismo, recorriendo el corredor costero con propuestas art\u00edsticas de calidad y acceso gratuito.<\/p>\n<p>En esta edici\u00f3n aniversario, el programa renueva su compromiso con la promoci\u00f3n de la identidad uruguaya y el fortalecimiento de la oferta tur\u00edstica nacional, ofreciendo espect\u00e1culos abiertos a todo p\u00fablico y fomentando la participaci\u00f3n de residentes y visitantes.<\/p>\n<\/div>\n<p>&nbsp;<br \/>\n&nbsp;<\/p>\n<h3>&nbsp;<a href=\"https:\/\/www.facebook.com\/media\/set\/?set=a.1465661192264402&amp;type=3\" target=\"_blank\" rel=\"noopener\">Ir a la fotogaler\u00eda<\/a><\/h3>\n<p><iframe style=\"border: none; overflow: hidden;\" src=\"https:\/\/www.facebook.com\/plugins\/post.php?href=https%3A%2F%2Fwww.facebook.com%2Fmedia%2Fset%2F%3Fset%3Da.1465661192264402%26type%3D3&amp;width=100%\" width=\"100%\" height=\"669\" frameborder=\"0\" scrolling=\"no\"><\/iframe><br \/>\n&nbsp;<br \/>\n&nbsp;<\/p>\n<p>&nbsp;<\/p>\n<p>&nbsp;<\/p>\n<p>&nbsp;<\/p>\n","protected":false},"excerpt":{"rendered":"<p>Emiliano Brancciari \u2013 versi\u00f3n solista en URUGUAY A TODA COSTA &#8211; 28 de febrero 2026 &#8211; Plazoleta Porto Alegre &#8211; Piri\u00e1polis &#8211; Maldonado<\/p>\n<p>El espect\u00e1culo ser\u00e1 en la Plazoleta Porto Alegre, en Piri\u00e1polis, a partir de las 20:00 h.\u00a0con la participaci\u00f3n de las bandas invitadas<\/p>\n<p>@se_va_a_pasar<br \/>\n@subcultura_rock<\/p>\n<p>21hs_ EMI\u00a0@egbrancciari77.<\/p>\n<p>En su proyecto solista, el cantante presenta un formato m\u00e1s \u00edntimo y personal, donde la canci\u00f3n toma protagonismo,\u00a0recorriendo nuevas sonoridades sin perder la esencia que lo caracteriza como compositor e int\u00e9rprete.<\/p>\n<p>Una nueva fecha para disfrutar de la m\u00fasica en vivo, con entrada gratuita.<\/p>\n<p>\u00a1Nos vemos ah\u00ed!<\/p>\n","protected":false},"author":8,"featured_media":123627,"comment_status":"closed","ping_status":"closed","sticky":false,"template":"","format":"standard","meta":{"om_disable_all_campaigns":false,"ngg_post_thumbnail":0,"jnews-multi-image_gallery":[],"jnews_single_post":{"format":"standard","override":[{"template":"4","parallax":"1","layout":"right-sidebar","sidebar":"default-sidebar","second_sidebar":"default-sidebar","sticky_sidebar":"1","share_position":"bottom","share_float_style":"share-monocrhome","show_share_counter":"1","show_view_counter":"1","show_featured":"1","show_post_meta":"1","show_post_author":"1","show_post_author_image":"1","show_post_date":"1","post_date_format":"default","post_date_format_custom":"Y\/m\/d","show_post_category":"1","post_reading_time_wpm":"300","post_calculate_word_method":"str_word_count","zoom_button_out_step":"2","zoom_button_in_step":"3","show_post_tag":"1","show_prev_next_post":"1","show_popup_post":"1","show_comment_section":"1","number_popup_post":"1","show_author_box":"1","show_post_related":"0","show_inline_post_related":"0"}],"image_override":[{"single_post_thumbnail_size":"no-crop","single_post_gallery_size":"crop-500"}],"trending_post_position":"meta","trending_post_label":"Trending","sponsored_post_label":"Sponsored by","disable_ad":"0","subtitle":"celebra 20 a\u00f1os de cultura y encuentro"},"jnews_primary_category":[],"jnews_social_meta":[],"jnews_override_counter":{"view_counter_number":"0","share_counter_number":"0","like_counter_number":"0","dislike_counter_number":"0"},"footnotes":""},"categories":[13675],"tags":[25824,1195,1764,25825,596],"class_list":["post-123311","post","type-post","status-publish","format-standard","has-post-thumbnail","hentry","category-novedades","tag-emi-brancciari","tag-maldonado","tag-piriapolis","tag-plazoleta-porto-alegre","tag-uruguay-a-toda-costa"],"yoast_head":"<!-- This site is optimized with the Yoast SEO plugin v27.5 - https:\/\/yoast.com\/product\/yoast-seo-wordpress\/ -->\n<title>Emi Brancciari \u2013 versi\u00f3n solista en URUGUAY A TODA COSTA - Cooltivarte Portal<\/title>\n<meta name=\"description\" content=\"En su proyecto solista, el cantante presenta un formato m\u00e1s \u00edntimo y personal, donde la canci\u00f3n toma protagonismo,\u00a0recorriendo nuevas sonoridades sin perder la esencia que lo caracteriza como compositor e int\u00e9rprete.\" \/>\n<meta name=\"robots\" content=\"index, follow, max-snippet:-1, max-image-preview:large, max-video-preview:-1\" \/>\n<link rel=\"canonical\" href=\"https:\/\/cooltivarte.com\/portal\/emi-brancciari-version-solista-en-uruguay-a-toda-costa\/\" \/>\n<meta property=\"og:locale\" content=\"es_ES\" \/>\n<meta property=\"og:type\" content=\"article\" \/>\n<meta property=\"og:title\" content=\"Emi Brancciari \u2013 versi\u00f3n solista en URUGUAY A TODA COSTA - 28 de febrero 2026 - Plazoleta Porto Alegre - Piri\u00e1polis - Maldonado\" \/>\n<meta property=\"og:description\" content=\"En su proyecto solista, el cantante presenta un formato m\u00e1s \u00edntimo y personal, donde la canci\u00f3n toma protagonismo,\u00a0recorriendo nuevas sonoridades sin perder la esencia que lo caracteriza como compositor e int\u00e9rprete.\" \/>\n<meta property=\"og:url\" content=\"https:\/\/cooltivarte.com\/portal\/emi-brancciari-version-solista-en-uruguay-a-toda-costa\/\" \/>\n<meta property=\"og:site_name\" content=\"Cooltivarte Portal\" \/>\n<meta property=\"article:publisher\" content=\"https:\/\/www.facebook.com\/cooltivartecom\/\" \/>\n<meta property=\"article:author\" content=\"https:\/\/www.facebook.com\/cooltivartecom\" \/>\n<meta property=\"article:published_time\" content=\"2026-03-04T23:38:27+00:00\" \/>\n<meta property=\"article:modified_time\" content=\"2026-03-05T01:57:16+00:00\" \/>\n<meta property=\"og:image\" content=\"https:\/\/cooltivarte.com\/portal\/wp-content\/uploads\/2026\/02\/Emiliano-Brancciari-\u2013-version-solista-en-URUGUAY-A-TODA-COSTA.jpg\" \/>\n\t<meta property=\"og:image:width\" content=\"797\" \/>\n\t<meta property=\"og:image:height\" content=\"526\" \/>\n\t<meta property=\"og:image:type\" content=\"image\/jpeg\" \/>\n<meta name=\"author\" content=\"Cooltivarte\" \/>\n<meta name=\"twitter:card\" content=\"summary_large_image\" \/>\n<meta name=\"twitter:title\" content=\"Emi Brancciari \u2013 versi\u00f3n solista en URUGUAY A TODA COSTA - 28 de febrero 2026 - Plazoleta Porto Alegre - Piri\u00e1polis - Maldonado\" \/>\n<meta name=\"twitter:description\" content=\"En su proyecto solista, el cantante presenta un formato m\u00e1s \u00edntimo y personal, donde la canci\u00f3n toma protagonismo,\u00a0recorriendo nuevas sonoridades sin perder la esencia que lo caracteriza como compositor e int\u00e9rprete.\" \/>\n<meta name=\"twitter:image\" content=\"https:\/\/cooltivarte.com\/portal\/wp-content\/uploads\/2026\/02\/Emiliano-Brancciari-\u2013-version-solista-en-URUGUAY-A-TODA-COSTA.jpg\" \/>\n<meta name=\"twitter:creator\" content=\"@https:\/\/x.com\/obolocultural\" \/>\n<meta name=\"twitter:site\" content=\"@obolocultural\" \/>\n<meta name=\"twitter:label1\" content=\"Escrito por\" \/>\n\t<meta name=\"twitter:data1\" content=\"Cooltivarte\" \/>\n\t<meta name=\"twitter:label2\" content=\"Tiempo de lectura\" \/>\n\t<meta name=\"twitter:data2\" content=\"2 minutos\" \/>\n<!-- \/ Yoast SEO plugin. -->","yoast_head_json":{"title":"Emi Brancciari \u2013 versi\u00f3n solista en URUGUAY A TODA COSTA - Cooltivarte Portal","description":"En su proyecto solista, el cantante presenta un formato m\u00e1s \u00edntimo y personal, donde la canci\u00f3n toma protagonismo,\u00a0recorriendo nuevas sonoridades sin perder la esencia que lo caracteriza como compositor e int\u00e9rprete.","robots":{"index":"index","follow":"follow","max-snippet":"max-snippet:-1","max-image-preview":"max-image-preview:large","max-video-preview":"max-video-preview:-1"},"canonical":"https:\/\/cooltivarte.com\/portal\/emi-brancciari-version-solista-en-uruguay-a-toda-costa\/","og_locale":"es_ES","og_type":"article","og_title":"Emi Brancciari \u2013 versi\u00f3n solista en URUGUAY A TODA COSTA - 28 de febrero 2026 - Plazoleta Porto Alegre - Piri\u00e1polis - Maldonado","og_description":"En su proyecto solista, el cantante presenta un formato m\u00e1s \u00edntimo y personal, donde la canci\u00f3n toma protagonismo,\u00a0recorriendo nuevas sonoridades sin perder la esencia que lo caracteriza como compositor e int\u00e9rprete.","og_url":"https:\/\/cooltivarte.com\/portal\/emi-brancciari-version-solista-en-uruguay-a-toda-costa\/","og_site_name":"Cooltivarte Portal","article_publisher":"https:\/\/www.facebook.com\/cooltivartecom\/","article_author":"https:\/\/www.facebook.com\/cooltivartecom","article_published_time":"2026-03-04T23:38:27+00:00","article_modified_time":"2026-03-05T01:57:16+00:00","og_image":[{"width":797,"height":526,"url":"https:\/\/cooltivarte.com\/portal\/wp-content\/uploads\/2026\/02\/Emiliano-Brancciari-\u2013-version-solista-en-URUGUAY-A-TODA-COSTA.jpg","type":"image\/jpeg"}],"author":"Cooltivarte","twitter_card":"summary_large_image","twitter_title":"Emi Brancciari \u2013 versi\u00f3n solista en URUGUAY A TODA COSTA - 28 de febrero 2026 - Plazoleta Porto Alegre - Piri\u00e1polis - Maldonado","twitter_description":"En su proyecto solista, el cantante presenta un formato m\u00e1s \u00edntimo y personal, donde la canci\u00f3n toma protagonismo,\u00a0recorriendo nuevas sonoridades sin perder la esencia que lo caracteriza como compositor e int\u00e9rprete.","twitter_image":"https:\/\/cooltivarte.com\/portal\/wp-content\/uploads\/2026\/02\/Emiliano-Brancciari-\u2013-version-solista-en-URUGUAY-A-TODA-COSTA.jpg","twitter_creator":"@https:\/\/x.com\/obolocultural","twitter_site":"@obolocultural","twitter_misc":{"Escrito por":"Cooltivarte","Tiempo de lectura":"2 minutos"},"schema":{"@context":"https:\/\/schema.org","@graph":[{"@type":"NewsArticle","@id":"https:\/\/cooltivarte.com\/portal\/emi-brancciari-version-solista-en-uruguay-a-toda-costa\/#article","isPartOf":{"@id":"https:\/\/cooltivarte.com\/portal\/emi-brancciari-version-solista-en-uruguay-a-toda-costa\/"},"author":{"name":"Cooltivarte","@id":"https:\/\/cooltivarte.com\/portal\/#\/schema\/person\/ec2a4f4e71b740d0c559c0ab9a157e19"},"headline":"Emi Brancciari \u2013 versi\u00f3n solista en URUGUAY A TODA COSTA","datePublished":"2026-03-04T23:38:27+00:00","dateModified":"2026-03-05T01:57:16+00:00","mainEntityOfPage":{"@id":"https:\/\/cooltivarte.com\/portal\/emi-brancciari-version-solista-en-uruguay-a-toda-costa\/"},"wordCount":398,"publisher":{"@id":"https:\/\/cooltivarte.com\/portal\/#organization"},"image":{"@id":"https:\/\/cooltivarte.com\/portal\/emi-brancciari-version-solista-en-uruguay-a-toda-costa\/#primaryimage"},"thumbnailUrl":"https:\/\/cooltivarte.com\/portal\/wp-content\/uploads\/2026\/02\/Emiliano-Brancciari-\u2013-version-solista-en-URUGUAY-A-TODA-COSTA.jpg","keywords":["Emi Brancciari","Maldonado","Piri\u00e1polis","Plazoleta Porto Alegre","Uruguay a Toda Costa"],"articleSection":["Novedades"],"inLanguage":"es-AR"},{"@type":"WebPage","@id":"https:\/\/cooltivarte.com\/portal\/emi-brancciari-version-solista-en-uruguay-a-toda-costa\/","url":"https:\/\/cooltivarte.com\/portal\/emi-brancciari-version-solista-en-uruguay-a-toda-costa\/","name":"Emi Brancciari \u2013 versi\u00f3n solista en URUGUAY A TODA COSTA - Cooltivarte Portal","isPartOf":{"@id":"https:\/\/cooltivarte.com\/portal\/#website"},"primaryImageOfPage":{"@id":"https:\/\/cooltivarte.com\/portal\/emi-brancciari-version-solista-en-uruguay-a-toda-costa\/#primaryimage"},"image":{"@id":"https:\/\/cooltivarte.com\/portal\/emi-brancciari-version-solista-en-uruguay-a-toda-costa\/#primaryimage"},"thumbnailUrl":"https:\/\/cooltivarte.com\/portal\/wp-content\/uploads\/2026\/02\/Emiliano-Brancciari-\u2013-version-solista-en-URUGUAY-A-TODA-COSTA.jpg","datePublished":"2026-03-04T23:38:27+00:00","dateModified":"2026-03-05T01:57:16+00:00","description":"En su proyecto solista, el cantante presenta un formato m\u00e1s \u00edntimo y personal, donde la canci\u00f3n toma protagonismo,\u00a0recorriendo nuevas sonoridades sin perder la esencia que lo caracteriza como compositor e int\u00e9rprete.","breadcrumb":{"@id":"https:\/\/cooltivarte.com\/portal\/emi-brancciari-version-solista-en-uruguay-a-toda-costa\/#breadcrumb"},"inLanguage":"es-AR","potentialAction":[{"@type":"ReadAction","target":["https:\/\/cooltivarte.com\/portal\/emi-brancciari-version-solista-en-uruguay-a-toda-costa\/"]}]},{"@type":"ImageObject","inLanguage":"es-AR","@id":"https:\/\/cooltivarte.com\/portal\/emi-brancciari-version-solista-en-uruguay-a-toda-costa\/#primaryimage","url":"https:\/\/cooltivarte.com\/portal\/wp-content\/uploads\/2026\/02\/Emiliano-Brancciari-\u2013-version-solista-en-URUGUAY-A-TODA-COSTA.jpg","contentUrl":"https:\/\/cooltivarte.com\/portal\/wp-content\/uploads\/2026\/02\/Emiliano-Brancciari-\u2013-version-solista-en-URUGUAY-A-TODA-COSTA.jpg","width":797,"height":526,"caption":"Emiliano Brancciari \u2013 versi\u00f3n solista en URUGUAY A TODA COSTA"},{"@type":"BreadcrumbList","@id":"https:\/\/cooltivarte.com\/portal\/emi-brancciari-version-solista-en-uruguay-a-toda-costa\/#breadcrumb","itemListElement":[{"@type":"ListItem","position":1,"name":"Portada","item":"https:\/\/cooltivarte.com\/portal\/"},{"@type":"ListItem","position":2,"name":"Emi Brancciari \u2013 versi\u00f3n solista en URUGUAY A TODA COSTA"}]},{"@type":"WebSite","@id":"https:\/\/cooltivarte.com\/portal\/#website","url":"https:\/\/cooltivarte.com\/portal\/","name":"Cooltivarte Portal","description":"Arte, cultura y turismo para el mundo ...","publisher":{"@id":"https:\/\/cooltivarte.com\/portal\/#organization"},"potentialAction":[{"@type":"SearchAction","target":{"@type":"EntryPoint","urlTemplate":"https:\/\/cooltivarte.com\/portal\/?s={search_term_string}"},"query-input":{"@type":"PropertyValueSpecification","valueRequired":true,"valueName":"search_term_string"}}],"inLanguage":"es-AR"},{"@type":"Organization","@id":"https:\/\/cooltivarte.com\/portal\/#organization","name":"cooltivarte","url":"https:\/\/cooltivarte.com\/portal\/","logo":{"@type":"ImageObject","inLanguage":"es-AR","@id":"https:\/\/cooltivarte.com\/portal\/#\/schema\/logo\/image\/","url":"https:\/\/cooltivarte.com\/portal\/wp-content\/uploads\/2020\/04\/logo-cooltivarte-v2.png","contentUrl":"https:\/\/cooltivarte.com\/portal\/wp-content\/uploads\/2020\/04\/logo-cooltivarte-v2.png","width":851,"height":243,"caption":"cooltivarte"},"image":{"@id":"https:\/\/cooltivarte.com\/portal\/#\/schema\/logo\/image\/"},"sameAs":["https:\/\/www.facebook.com\/cooltivartecom\/","https:\/\/x.com\/obolocultural","https:\/\/www.instagram.com\/_cooltivarte_\/","https:\/\/www.linkedin.com\/company\/-bolocultural?reportsuccess=8zaNG1HwhPbAR9iQhZ5rfGeqz_vQFftHun0ZWU0Wy9vNemRJ8vtcKdJvzQfW8XagyOJSKg0XvfJ1dp","https:\/\/www.pinterest.com\/cooltivarte\/","https:\/\/cooltivarte.tumblr.com\/","https:\/\/www.tiktok.com\/@cooltivarte","https:\/\/www.youtube.com\/@PrensaCooltivarte"]},{"@type":"Person","@id":"https:\/\/cooltivarte.com\/portal\/#\/schema\/person\/ec2a4f4e71b740d0c559c0ab9a157e19","name":"Cooltivarte","image":{"@type":"ImageObject","inLanguage":"es-AR","@id":"https:\/\/cooltivarte.com\/portal\/wp-content\/uploads\/2014\/05\/logo-cooltivarte-120x120.jpg","url":"https:\/\/cooltivarte.com\/portal\/wp-content\/uploads\/2014\/05\/logo-cooltivarte-120x120.jpg","contentUrl":"https:\/\/cooltivarte.com\/portal\/wp-content\/uploads\/2014\/05\/logo-cooltivarte-120x120.jpg","caption":"Cooltivarte"},"description":"Somos COOLTIVARTE.COM. Un portal digital dedicado a difundir el acontecer art\u00edstico y cultural del Uruguay. Estamos en la vuelta desde el a\u00f1o 2003, y como evoluci\u00f3n del bolet\u00edn Obolo Cultural, nos encontramos abocados a apoyar a los artistas nacionales brind\u00e1ndoles un espacio de difusi\u00f3n. Creemos en la idea de utilizar la potencialidad que hoy d\u00eda nos otorga la web, para que la cultura uruguaya y sus creadores dispongan de una din\u00e1mica ventana, que los ponga en contacto entre s\u00ed y con el mundo. Somos COOLTIVARTE.COM y pretendemos configurarnos como un portal din\u00e1mico, entretenido y atento a los nuevos emprendimientos, que busque siempre la interacci\u00f3n con los artistas.","sameAs":["http:\/\/www.cooltivarte.com","https:\/\/www.facebook.com\/cooltivartecom","https:\/\/www.instagram.com\/_cooltivarte_\/","https:\/\/www.linkedin.com\/company\/-bolocultural","https:\/\/www.pinterest.com\/cooltivarte\/","https:\/\/x.com\/https:\/\/x.com\/obolocultural","https:\/\/www.youtube.com\/@PrensaCooltivarte","https:\/\/www.tumblr.com\/blog\/cooltivarte"],"url":"https:\/\/cooltivarte.com\/portal\/author\/cooltivarte\/"}]}},"_links":{"self":[{"href":"https:\/\/cooltivarte.com\/portal\/wp-json\/wp\/v2\/posts\/123311","targetHints":{"allow":["GET"]}}],"collection":[{"href":"https:\/\/cooltivarte.com\/portal\/wp-json\/wp\/v2\/posts"}],"about":[{"href":"https:\/\/cooltivarte.com\/portal\/wp-json\/wp\/v2\/types\/post"}],"author":[{"embeddable":true,"href":"https:\/\/cooltivarte.com\/portal\/wp-json\/wp\/v2\/users\/8"}],"replies":[{"embeddable":true,"href":"https:\/\/cooltivarte.com\/portal\/wp-json\/wp\/v2\/comments?post=123311"}],"version-history":[{"count":4,"href":"https:\/\/cooltivarte.com\/portal\/wp-json\/wp\/v2\/posts\/123311\/revisions"}],"predecessor-version":[{"id":123629,"href":"https:\/\/cooltivarte.com\/portal\/wp-json\/wp\/v2\/posts\/123311\/revisions\/123629"}],"wp:featuredmedia":[{"embeddable":true,"href":"https:\/\/cooltivarte.com\/portal\/wp-json\/wp\/v2\/media\/123627"}],"wp:attachment":[{"href":"https:\/\/cooltivarte.com\/portal\/wp-json\/wp\/v2\/media?parent=123311"}],"wp:term":[{"taxonomy":"category","embeddable":true,"href":"https:\/\/cooltivarte.com\/portal\/wp-json\/wp\/v2\/categories?post=123311"},{"taxonomy":"post_tag","embeddable":true,"href":"https:\/\/cooltivarte.com\/portal\/wp-json\/wp\/v2\/tags?post=123311"}],"curies":[{"name":"wp","href":"https:\/\/api.w.org\/{rel}","templated":true}]}}