{"id":123296,"date":"2026-02-23T23:37:03","date_gmt":"2026-02-24T02:37:03","guid":{"rendered":"https:\/\/cooltivarte.com\/portal\/?p=123296"},"modified":"2026-02-23T23:49:52","modified_gmt":"2026-02-24T02:49:52","slug":"historico-comienzo-de-el-ultimo-regreso-de-ricardo-montaner-en-buenos-aires","status":"publish","type":"post","link":"https:\/\/cooltivarte.com\/portal\/historico-comienzo-de-el-ultimo-regreso-de-ricardo-montaner-en-buenos-aires\/","title":{"rendered":"HIST\u00d3RICO COMIENZO DE &#8220;EL \u00daLTIMO REGRESO&#8221; DE RICARDO MONTANER EN BUENOS AIRES"},"content":{"rendered":"<figure id=\"attachment_123297\" aria-describedby=\"caption-attachment-123297\" style=\"width: 700px\" class=\"wp-caption alignnone\"><img fetchpriority=\"high\" decoding=\"async\" class=\"wp-image-123297 size-full\" title=\"HIST\u00d3RICO COMIENZO DE &quot;EL \u00daLTIMO REGRESO&quot; DE RICARDO MONTANER EN BUENOS AIRES CON DOS SHOWS SOLD OUT\" src=\"https:\/\/cooltivarte.com\/portal\/wp-content\/uploads\/2026\/02\/RICARDO-MONTANER.jpg\" alt=\"HIST\u00d3RICO COMIENZO DE &quot;EL \u00daLTIMO REGRESO&quot; DE RICARDO MONTANER EN BUENOS AIRES CON DOS SHOWS SOLD OUT\" width=\"700\" height=\"467\" srcset=\"https:\/\/cooltivarte.com\/portal\/wp-content\/uploads\/2026\/02\/RICARDO-MONTANER.jpg 700w, https:\/\/cooltivarte.com\/portal\/wp-content\/uploads\/2026\/02\/RICARDO-MONTANER-300x200.jpg 300w\" sizes=\"(max-width: 700px) 100vw, 700px\" \/><figcaption id=\"caption-attachment-123297\" class=\"wp-caption-text\">RICARDO MONTANER<\/figcaption><\/figure>\n<p>&nbsp;<\/p>\n<p dir=\"ltr\"><strong>\u00a1HIST\u00d3RICO REGRESO DE RICARDO MONTANER!<\/strong><\/p>\n<p>&nbsp;<\/p>\n<p dir=\"ltr\"><em>El artista comenz\u00f3 su gira mundial \u201c<strong>El \u00daltimo Regreso<\/strong>\u201d este fin de semana <\/em><em>con dos emocionantes shows sold out en <strong>Movistar Arena<\/strong> de <strong>Buenos Aires<\/strong>.&nbsp;<\/em><\/p>\n<p dir=\"ltr\"><em>Hubo sorpresa de sus hijos <strong>Mau, Ricky, Evaluna<\/strong> y su yerno<strong> Camilo<\/strong>,&nbsp;<\/em><em>que lo acompa\u00f1aron sobre el escenario para cantar \u201cAm\u00e9n\u201d.<\/em><\/p>\n<p dir=\"ltr\">&nbsp;<\/p>\n<p dir=\"ltr\"><em>\u201dQuiero que se lleven guardado que juntos nos convocamos y&nbsp;<\/em><em>asistimos a MI PRIMER CONCIERTO DE &#8216;EL \u00daLTIMO REGRESO&#8217;\u201d&nbsp;<\/em><\/p>\n<p>&nbsp;<\/p>\n<h3 dir=\"ltr\"><u>Pr\u00f3ximos shows en Argentina:&nbsp;<\/u><\/h3>\n<p dir=\"ltr\"><strong>27 de febrero | Movistar Arena| Buenos Aires<\/strong> [\u00daltimos tickets en <a href=\"https:\/\/mailing.elialdasoro.com\/do\/trkln.php?index=1024084673AZD&amp;id=yrqsrptrsrqowusyqe&amp;url=aHR0cHM6Ly93d3cubW92aXN0YXJhcmVuYS5jb20uYXIvc2hvdy9lZmQyOGJjMS0yMWI0LTQzMDMtOTFiOC0wNTI1MmY0ZWQwYWM%3D\" target=\"_blank\" rel=\"noopener\" data-saferedirecturl=\"https:\/\/www.google.com\/url?q=https:\/\/mailing.elialdasoro.com\/do\/trkln.php?index%3D1024084673AZD%26id%3Dyrqsrptrsrqowusyqe%26url%3DaHR0cHM6Ly93d3cubW92aXN0YXJhcmVuYS5jb20uYXIvc2hvdy9lZmQyOGJjMS0yMWI0LTQzMDMtOTFiOC0wNTI1MmY0ZWQwYWM%253D&amp;source=gmail&amp;ust=1771967718149000&amp;usg=AOvVaw2j8daCu5Kn5QkOJTrTM80M\"><u>movistararena.com.ar<\/u><\/a>]<\/p>\n<p dir=\"ltr\"><strong>28 de febrero | Metropolitano | Rosario<\/strong> [Entradas en <a href=\"https:\/\/mailing.elialdasoro.com\/do\/trkln.php?index=1024085944AZD&amp;id=yrqsrptrsrqowusyqe&amp;url=aHR0cHM6Ly93d3cudHVyYm9lbnRyYWRhLmNvbS9sYW5kaW5nLzE1NzM4LXJpY2FyZG8tbW9udGFuZXI%2FaWRFc3BlY3RhY3Vsb0NhcnRlbD0xNTczOCZjSGFzaFZhbGlkYWNpb249MWJlNTZjZGExZmYzM2Q5YWUyMzBhOTlmNjlmYTc2YWY3MDU5Y2QxNA%3D%3D\" target=\"_blank\" rel=\"noopener\" data-saferedirecturl=\"https:\/\/www.google.com\/url?q=https:\/\/mailing.elialdasoro.com\/do\/trkln.php?index%3D1024085944AZD%26id%3Dyrqsrptrsrqowusyqe%26url%3DaHR0cHM6Ly93d3cudHVyYm9lbnRyYWRhLmNvbS9sYW5kaW5nLzE1NzM4LXJpY2FyZG8tbW9udGFuZXI%252FaWRFc3BlY3RhY3Vsb0NhcnRlbD0xNTczOCZjSGFzaFZhbGlkYWNpb249MWJlNTZjZGExZmYzM2Q5YWUyMzBhOTlmNjlmYTc2YWY3MDU5Y2QxNA%253D%253D&amp;source=gmail&amp;ust=1771967718149000&amp;usg=AOvVaw1aRc4T_ShDFn8RZroTcPFL\"><u>turboentrada.com<\/u><\/a>]<\/p>\n<p dir=\"ltr\"><strong>1ro de Marzo | Estadio Instituto | C\u00f3rdoba<\/strong> [Entradas en <a href=\"https:\/\/mailing.elialdasoro.com\/do\/trkln.php?index=1024087215AZD&amp;id=yrqsrptrsrqowusyqe&amp;url=aHR0cHM6Ly93d3cudGlja2V0ZWsuY29tLmFyL3JpY2FyZG8tbW9udGFuZXIvZXN0YWRpby1pbnN0aXR1dG8tZGUtY29yZG9iYQ%3D%3D\" target=\"_blank\" rel=\"noopener\" data-saferedirecturl=\"https:\/\/www.google.com\/url?q=https:\/\/mailing.elialdasoro.com\/do\/trkln.php?index%3D1024087215AZD%26id%3Dyrqsrptrsrqowusyqe%26url%3DaHR0cHM6Ly93d3cudGlja2V0ZWsuY29tLmFyL3JpY2FyZG8tbW9udGFuZXIvZXN0YWRpby1pbnN0aXR1dG8tZGUtY29yZG9iYQ%253D%253D&amp;source=gmail&amp;ust=1771967718149000&amp;usg=AOvVaw02oUZCF8qT9Vi0VvUXF0Jz\"><u>ticketek.com.ar<\/u><\/a>]<\/p>\n<div>&nbsp;<\/div>\n<p>&nbsp;<\/p>\n<p dir=\"ltr\"><strong>(23 de febrero de 2026, Buenos Aires, Argentina).&nbsp; Ricardo Montaner <\/strong>ofreci\u00f3 este fin de semana los dos <em>primeros shows<\/em> de su <em>\u00daltimo Regreso<\/em> con entradas agotadas en Movistar Arena con producci\u00f3n de Fenix Entertainment.&nbsp;&nbsp;<\/p>\n<p dir=\"ltr\"><strong>&nbsp;<\/strong>Tras varios a\u00f1os alejado de los escenarios, una de las voces m\u00e1s importantes de la m\u00fasica en espa\u00f1ol volvi\u00f3 con<strong> \u201cEl \u00daltimo Regreso Tour 2026\u201d<\/strong>, una gira mundial que es una declaraci\u00f3n de amor con la que recorrer\u00e1 todo el planeta. Este tour no es solo un regreso, <strong>es una renovaci\u00f3n de votos,<\/strong> cuatro d\u00e9cadas de historia musical convertidas en un espect\u00e1culo que celebra su legado y su conexi\u00f3n con el p\u00fablico.<\/p>\n<p dir=\"ltr\">Con una puesta en escena deslumbrante,&nbsp; visuales imponentes y una banda impecable, <a href=\"https:\/\/cooltivarte.com\/portal\/?s=Ricardo+Montaner\" target=\"_blank\" rel=\"noopener\"><strong>Ricardo<\/strong> <strong>Montaner<\/strong><\/a> irrumpi\u00f3 en el escenario pasadas las 21hs vestido de riguroso smoking negro y camisa blanca para dar comienzo a los primeros shows de su tour mundial, mientras comenzaban a sonar los&nbsp; primeros acordes de <u>\u201cYo Que Te Am\u00e9\u201d<\/u>.&nbsp; Ante un <strong>Movistar Arena totalmente agotado<\/strong>, el concierto continu\u00f3 con una catarata de hits: <u>\u201cSer\u00e1\u201d<\/u>, <u>\u201cAdonde va el amor\u201d<\/u>, <u>\u201cCastillo Azul\u201d<\/u>, <u>\u201cEl&nbsp; Poder De Tu Amor\u201d<\/u>, <u>\u201cLa Cima Del Cielo\u201d<\/u>, causando el <em>delirio de sus fans para luego dirigirse a su p\u00fablico que tanto anhelaba <\/em><em>este \u00faltimo regreso<\/em><em>:<\/em><\/p>\n<p dir=\"ltr\"><em>\u201cNo acostumbro a anotar lo que voy a decir en mis primeras palabras cuando comienza un concierto.&nbsp; Lo \u00fanico que puedo improvisar en medio de un pensamiento que me viene hace m\u00e1s de dos a\u00f1os es: \u2018que va a pasar el d\u00eda que vuelva\u2019.&nbsp;&nbsp;<\/em><\/p>\n<p dir=\"ltr\"><em>Ese d\u00eda de volver es hoy.&nbsp; Quiero que sepan que le doy la importancia que merece.&nbsp;&nbsp;<\/em><\/p>\n<p dir=\"ltr\"><em>He vivido dos a\u00f1os y pico de ausencia absoluta de gente delante de m\u00ed escuch\u00e1ndome cantar y valoro este momento tanto tanto tanto\u2026!&nbsp;&nbsp;<\/em><\/p>\n<p dir=\"ltr\"><em>Espero que de ese valor que yo le pongo ustedes se lleven un pedacito esta noche.&nbsp;&nbsp;<\/em><\/p>\n<p dir=\"ltr\"><em>Que se lleven guardado como un secreto entre nosotros que juntos nos convocamos y asistimos a <\/em><u>MI PRIMER CONCIERTO DE &#8216;EL \u00daLTIMO REGRESO&#8217;.<\/u><em>\u201d<\/em><\/p>\n<p dir=\"ltr\">&nbsp;<\/p>\n<p dir=\"ltr\">El show continu\u00f3 con <u>\u201cEl \u00daltimo Regreso\u201d<\/u>, su nuevo single que da nombre al tour mundial, una emocionante versi\u00f3n de <u>\u201cVolver\u201d<\/u>, medleys de baladas y r\u00edtmicas que incluyeron cl\u00e1sicos como <u>\u201cSolo con un beso\u201d<\/u><em>,<\/em> <u>\u201cQuisiera\u201d<\/u><em>, <\/em><em>&nbsp;<\/em><u>\u201cOjos Negros\u201d<\/u>, <u>\u201cLa Chica del Ascensor\u201d<\/u>, para dar paso a otras infaltables como <u>\u201cSoy Feliz\u201d<\/u>, <u>\u201cCachita\u201d<\/u>, <u>\u201cVamo Pa\u2019 La Conga\u201d<\/u>, <u>\u201cBesame\u201d<\/u>.&nbsp; Un concierto donde sin dudas \u00a1no falt\u00f3 nada!.<\/p>\n<p dir=\"ltr\">Uno de los momentos m\u00e1s emotivos fue el <strong>homenaje a su amada Venezuela<\/strong>, donde interpret\u00f3 una seguidilla de canciones como <em>\u201cMi Querencia\u201d<\/em>,<em> \u201cCaballo Viejo\u201d<\/em>,<em> \u201cAquel Zulano\u201d <\/em><em>y<\/em><em> \u201cAlma Llanera\u201d junto al maestro Eduardo Ramirez<\/em><em>, sentado en el escenario y rodeado por sus m\u00fasicos<\/em>. <em>\u201cEsta es la historia de un ni\u00f1o que naci\u00f3 en Valent\u00edn Alsina\u2026 la historia lo llev\u00f3 a emigrar junto a su familia a un pa\u00eds amable\u2026&nbsp; Hoy esa gente que lo abraz\u00f3 ha emigrado hacia aqu\u00ed y Argentina hizo con ellos lo que Venezuela hizo con ese ni\u00f1o cuando ten\u00eda 8 a\u00f1os\u201d, dijo conmovido.<\/em><\/p>\n<p dir=\"ltr\">Para el cierre eligi\u00f3 su infaltable <u>\u201cD\u00e9jame llorar\u201d<\/u>, con un estadio de pie que cantaba a la par, para luego recibir la sorpresa de sus hijos, <strong>Evaluna<\/strong>, <strong>Mau<\/strong>, <strong>Ricky<\/strong> y su yerno <strong>Camilo<\/strong> sobre el escenario.&nbsp; Juntos interpretaron <u>\u201cAm\u00e9n\u201d<\/u>, una balada compuesta por Montaner que transmite un mensaje universal mientras resaltaba la importancia de la familia para las personas.<\/p>\n<p dir=\"ltr\"><u>\u201cTan Enamorados\u201d<\/u>, fue la canci\u00f3n final para coronar m\u00e1s de 2 horas de show de la primera de las noches de este extenso tour mundial de <strong>\u201cEl \u00daltimo Regreso\u201d<\/strong>, que no es solo una gira: es su m\u00e1s <strong>esperado reencuentro<\/strong>.&nbsp;<\/p>\n<p dir=\"ltr\">&nbsp;<\/p>\n<p dir=\"ltr\">La gira continuar\u00e1 el viernes 27 de febrero en <strong>Movistar Arena <\/strong>de <strong>Buenos Aires <\/strong>(<a href=\"https:\/\/mailing.elialdasoro.com\/do\/trkln.php?index=1024084673AZD&amp;id=yrqsrptrsrqowusyqe&amp;url=aHR0cHM6Ly93d3cubW92aXN0YXJhcmVuYS5jb20uYXIvc2hvdy9lZmQyOGJjMS0yMWI0LTQzMDMtOTFiOC0wNTI1MmY0ZWQwYWM%3D\" target=\"_blank\" rel=\"noopener\" data-saferedirecturl=\"https:\/\/www.google.com\/url?q=https:\/\/mailing.elialdasoro.com\/do\/trkln.php?index%3D1024084673AZD%26id%3Dyrqsrptrsrqowusyqe%26url%3DaHR0cHM6Ly93d3cubW92aXN0YXJhcmVuYS5jb20uYXIvc2hvdy9lZmQyOGJjMS0yMWI0LTQzMDMtOTFiOC0wNTI1MmY0ZWQwYWM%253D&amp;source=gmail&amp;ust=1771967718150000&amp;usg=AOvVaw1pLQAUnJG7wXqiXaPrUyh6\"><u>\u00faltimos tickets disponibles<\/u><\/a>), el 28 de febrero en el <strong>Metropolitano de Rosario<\/strong> y el 1ro de marzo en <em>Estadio Instituto de C\u00f3rdoba<\/em> para luego recorrer <strong>Uruguay, Costa Rica, Colombia, M\u00e9xico, Ecuador, Per\u00fa, Chile, Paraguay, Estados Unidos, Rep\u00fablica Dominicana y Espa\u00f1a<\/strong><\/p>\n<p dir=\"ltr\">&nbsp;<\/p>\n<div><a href=\"https:\/\/ricardomontaner.com\/\" target=\"_blank\" rel=\"noopener\"><strong>RICARDO MONTANER<\/strong><\/a><\/div>\n<div><strong>EL \u00daLTIMO REGRESO<\/strong><\/div>\n<div><strong>TOUR 2026<\/strong><\/div>\n<div>&nbsp;<\/div>\n<div>21 FEB &#8211; BUENOS AIRES, ARGENTINA<\/div>\n<div>22 FEB &#8211; BUENOS AIRES, ARGENTINA<\/div>\n<div>27 FEB &#8211; BUENOS AIRES, ARGENTINA<\/div>\n<div>28 FEB &#8211; ROSARIO, ARGENTINA<\/div>\n<div>01 MAR &#8211; C\u00d3RDOBA, ARGENTINA<\/div>\n<div><strong>05 MAR &#8211; MONTEVIDEO, URUGUAY<\/strong><\/div>\n<div>07 MAR &#8211; SAN JOS\u00c9, COSTA RICA<\/div>\n<div>08 ABR &#8211; BOGOT\u00c1, COLOMBIA<\/div>\n<div>09 ABR &#8211; BOGOT\u00c1, COLOMBIA<\/div>\n<div>11 ABR &#8211; BUCARAMANGA, COLOMBIA<\/div>\n<div>15 ABR &#8211; TIJUANA, M\u00c9XICO<\/div>\n<div>17 ABR &#8211; HERMOSILLO, M\u00c9XICO<\/div>\n<div>20 ABR &#8211; TORRE\u00d3N, M\u00c9XICO<\/div>\n<div>22 ABR &#8211; MONTERREY, M\u00c9XICO<\/div>\n<div>24 ABR &#8211; LE\u00d3N, M\u00c9XICO<\/div>\n<div>26 ABR &#8211; GUADALAJARA, M\u00c9XICO<\/div>\n<div>28 ABR &#8211; QUER\u00c9TARO, M\u00c9XICO<\/div>\n<div>02 MAY &#8211; AGUASCALIENTES, M\u00c9XICO<\/div>\n<div>05 MAY &#8211; CDMX, M\u00c9XICO<\/div>\n<div>07 MAY &#8211; SAN LUIS, M\u00c9XICO<\/div>\n<div>10 MAY &#8211; CUERNAVACA, M\u00c9XICO<\/div>\n<div>12 MAY &#8211; PUEBLA, M\u00c9XICO<\/div>\n<div>14 MAY &#8211; OAXACA, M\u00c9XICO<\/div>\n<div>17 MAY &#8211; M\u00c9RIDA, M\u00c9XICO<\/div>\n<div>21 MAY &#8211; QUITO, ECUADOR<\/div>\n<div>23 MAY &#8211; GUAYAQUIL, ECUADOR<\/div>\n<div>30 MAY &#8211; LIMA, PER\u00da<\/div>\n<div>04 JUN &#8211; SANTIAGO, CHILE<\/div>\n<div>06 JUN &#8211; ASUNCI\u00d3N, PARAGUAY<\/div>\n<div>06 AGO &#8211; CALI, COLOMBIA<\/div>\n<div>08 AGO &#8211; BARRANQUILLA, COLOMBIA<\/div>\n<div>12 AGO &#8211; ATLANTA, USA<\/div>\n<div>14 AGO &#8211; HOUSTON, USA<\/div>\n<div>15 AGO &#8211; DALLAS, USA<\/div>\n<div>20 AGO &#8211; ONTARIO, USA<\/div>\n<div>21 AGO &#8211; LOS ANGELES, USA<\/div>\n<div>24 AGO &#8211; SALT LAKE CITY, USA<\/div>\n<div>28 AGO &#8211; ORLANDO, USA<\/div>\n<div>30 AGO &#8211; MIAMI, USA<\/div>\n<div>02 SEP &#8211; ATLANTIC CITY, USA<\/div>\n<div>09 SEP &#8211; NEW YORK, USA<\/div>\n<div>11 SEP &#8211; BOSTON, USA<\/div>\n<div>11 SEP &#8211; CHICAGO, USA<\/div>\n<div>15 SEP &#8211; TAMPA, USA<\/div>\n<div>18 SEP &#8211; PUERTO RICO, USA<\/div>\n<div>26 SEP &#8211; LA ROMANA, RD<\/div>\n<div>13 OCT &#8211; MADRID, ESPA\u00d1A<\/div>\n<div>&nbsp;<\/div>\n<blockquote class=\"tiktok-embed\" style=\"max-width: 605px; min-width: 325px;\" cite=\"https:\/\/www.tiktok.com\/@cooltivarte\/video\/7610256379340737810\" data-video-id=\"7610256379340737810\">\n<section><a title=\"@cooltivarte\" href=\"https:\/\/www.tiktok.com\/@cooltivarte?refer=embed\" target=\"_blank\" rel=\"noopener\">@cooltivarte<\/a>\u00a1HIST\u00d3RICO REGRESO DE RICARDO MONTANER! El artista comenz\u00f3 su gira mundial \u201cEl \u00daltimo Regreso\u201d este fin de semana con dos emocionantes shows sold out en Movistar Arena de Buenos Aires. Hubo sorpresa de sus hijos Mau, Ricky, Evaluna y su yerno Camilo, que lo acompa\u00f1aron sobre el escenario para cantar \u201cAm\u00e9n\u201d. https:\/\/cooltivarte.com\/portal\/historico-comienzo-de-el-ultimo-regreso-de-ricardo-montaner-en-buenos-aires\/ #BuenosAires #RICARDOMONTANER #MONTANER #Mau #Ricky #Evaluna #Camilo #El\u00daltimoRegreso #MovistarArena<a title=\"\u266c sonido original - cooltivarte\" href=\"https:\/\/www.tiktok.com\/music\/sonido-original-cooltivarte-7610256490049309458?refer=embed\" target=\"_blank\" rel=\"noopener\">\u266c sonido original &#8211; cooltivarte<\/a><\/p>\n<\/section>\n<\/blockquote>\n<p><script async=\"\" src=\"https:\/\/www.tiktok.com\/embed.js\"><\/script><\/p>\n<div>&nbsp;<\/div>\n<blockquote class=\"tiktok-embed\" style=\"max-width: 605px; min-width: 325px;\" cite=\"https:\/\/www.tiktok.com\/@cooltivarte\/video\/7610256650380889362\" data-video-id=\"7610256650380889362\">\n<section><a title=\"@cooltivarte\" href=\"https:\/\/www.tiktok.com\/@cooltivarte?refer=embed\" target=\"_blank\" rel=\"noopener\">@cooltivarte<\/a>\u00a1HIST\u00d3RICO REGRESO DE RICARDO MONTANER! El artista comenz\u00f3 su gira mundial \u201cEl \u00daltimo Regreso\u201d este fin de semana con dos emocionantes shows sold out en Movistar Arena de Buenos Aires. Hubo sorpresa de sus hijos Mau, Ricky, Evaluna y su yerno Camilo, que lo acompa\u00f1aron sobre el escenario para cantar \u201cAm\u00e9n\u201d. https:\/\/cooltivarte.com\/portal\/historico-comienzo-de-el-ultimo-regreso-de-ricardo-montaner-en-buenos-aires\/ #BuenosAires #RICARDOMONTANER #MONTANER #Mau #Ricky #Evaluna #Camilo #El\u00daltimoRegreso #MovistarArena<a title=\"\u266c sonido original - cooltivarte\" href=\"https:\/\/www.tiktok.com\/music\/sonido-original-cooltivarte-7610256711517063956?refer=embed\" target=\"_blank\" rel=\"noopener\">\u266c sonido original &#8211; cooltivarte<\/a><\/p>\n<\/section>\n<\/blockquote>\n<p><script async=\"\" src=\"https:\/\/www.tiktok.com\/embed.js\"><\/script><\/p>\n<div>&nbsp;<\/div>\n<blockquote class=\"tiktok-embed\" style=\"max-width: 605px; min-width: 325px;\" cite=\"https:\/\/www.tiktok.com\/@cooltivarte\/video\/7610256927754292487\" data-video-id=\"7610256927754292487\">\n<section><a title=\"@cooltivarte\" href=\"https:\/\/www.tiktok.com\/@cooltivarte?refer=embed\" target=\"_blank\" rel=\"noopener\">@cooltivarte<\/a>\u00a1HIST\u00d3RICO REGRESO DE RICARDO MONTANER! El artista comenz\u00f3 su gira mundial \u201cEl \u00daltimo Regreso\u201d este fin de semana con dos emocionantes shows sold out en Movistar Arena de Buenos Aires. Hubo sorpresa de sus hijos Mau, Ricky, Evaluna y su yerno Camilo, que lo acompa\u00f1aron sobre el escenario para cantar \u201cAm\u00e9n\u201d. https:\/\/cooltivarte.com\/portal\/historico-comienzo-de-el-ultimo-regreso-de-ricardo-montaner-en-buenos-aires\/ #BuenosAires #RICARDOMONTANER #MONTANER #Mau #Ricky #Evaluna #Camilo #El\u00daltimoRegreso #MovistarArena<a title=\"\u266c sonido original - cooltivarte\" href=\"https:\/\/www.tiktok.com\/music\/sonido-original-cooltivarte-7610256988307606292?refer=embed\" target=\"_blank\" rel=\"noopener\">\u266c sonido original &#8211; cooltivarte<\/a><\/p>\n<\/section>\n<\/blockquote>\n<p><script async=\"\" src=\"https:\/\/www.tiktok.com\/embed.js\"><\/script><\/p>\n<div>&nbsp;<\/div>\n<blockquote class=\"tiktok-embed\" style=\"max-width: 605px; min-width: 325px;\" cite=\"https:\/\/www.tiktok.com\/@cooltivarte\/video\/7610257446967332103\" data-video-id=\"7610257446967332103\">\n<section><a title=\"@cooltivarte\" href=\"https:\/\/www.tiktok.com\/@cooltivarte?refer=embed\" target=\"_blank\" rel=\"noopener\">@cooltivarte<\/a>\u00a1HIST\u00d3RICO REGRESO DE RICARDO MONTANER! El artista comenz\u00f3 su gira mundial \u201cEl \u00daltimo Regreso\u201d este fin de semana con dos emocionantes shows sold out en Movistar Arena de Buenos Aires. Hubo sorpresa de sus hijos Mau, Ricky, Evaluna y su yerno Camilo, que lo acompa\u00f1aron sobre el escenario para cantar \u201cAm\u00e9n\u201d. https:\/\/cooltivarte.com\/portal\/historico-comienzo-de-el-ultimo-regreso-de-ricardo-montaner-en-buenos-aires\/ #BuenosAires #RICARDOMONTANER #MONTANER #Mau #Ricky #Evaluna #Camilo #El\u00daltimoRegreso #MovistarArena<a title=\"\u266c sonido original cooltivarte\" href=\"https:\/\/www.tiktok.com\/music\/sonido-original-cooltivarte-0?refer=embed\" target=\"_blank\" rel=\"noopener\">\u266c sonido original cooltivarte<\/a><\/p>\n<\/section>\n<\/blockquote>\n<p><script async=\"\" src=\"https:\/\/www.tiktok.com\/embed.js\"><\/script><\/p>\n<div>&nbsp;<\/div>\n<div>\n<p dir=\"ltr\"><u>ACERCA DE RICARDO MONTANER:<\/u><\/p>\n<p dir=\"ltr\">Con una <strong>trayectoria de m\u00e1s de 40 a\u00f1os, 25 \u00e1lbumes de estudio <\/strong>(m\u00e1s recopilatorios) y una extensa <strong>lista de \u00e9xitos <\/strong>que han marcado varias generaciones, <a href=\"https:\/\/www.instagram.com\/montaner\" target=\"_blank\" rel=\"noopener\"><strong>Ricardo Montaner<\/strong><\/a> es, sin dudas, <strong>una de las figuras m\u00e1s influyentes de la m\u00fasica latina<\/strong>, que ha construido un legado art\u00edstico s\u00f3lido caracterizado por letras profundas y una interpretaci\u00f3n emocional que trasciende fronteras.&nbsp;<\/p>\n<p dir=\"ltr\">Los premios y reconocimientos en su carrera son imparables: <strong>Montaner<\/strong> posee entre cientos de premios, decenas de <em>discos Multiplatino, Platino y de Oro<\/em> por sus cuantiosas ventas de millones de \u00e1lbumes; varias <em>Gaviota de Oro<\/em> y <em>Gaviota de Plata<\/em> del Festival de Vi\u00f1a del Mar en Chile, as\u00ed como <em>Antorcha de Plata<\/em>, <em>Antorcha de Oro<\/em> y <em>Gaviota<\/em>.&nbsp; Posee un <strong>Latin Grammy<\/strong> en la categor\u00eda <em>\u201cMejor Canci\u00f3n Tropical\u201d <\/em><em>(2021)<\/em> por <u>\u201cDios As\u00ed Lo Quiso\u201d<\/u> (canci\u00f3n que grab\u00f3 a d\u00fao con el cantautor dominicano Juan Luis Guerra).&nbsp; En febrero de 2022 recibi\u00f3 un <strong>Premio Lo Nuestro<\/strong> a <em>\u201cCanci\u00f3n Pop del A\u00f1o\u201d<\/em> por \u00e9xito musical <u>\u201cAm\u00e9n\u201d<\/u>, canci\u00f3n que lanz\u00f3 junto a sus hijos Mau y Ricky, Evaluna, y Camilo.&nbsp; En noviembre de 2016, recibi\u00f3 durante una ceremonia en Las Vegas un <strong>Latin Grammy a la Excelencia Musical <\/strong>por su contribuci\u00f3n a la m\u00fasica latinoamericana.<\/p>\n<p dir=\"ltr\">Ha sido nombrado <strong>\u201cCantante del A\u00f1o\u201d <\/strong>por la revista <strong>Billboard<\/strong> y numerosas veces fue considerado en Venezuela como el mejor artista del pa\u00eds.&nbsp; En mayo de 2007 los <strong>Premios Billboard<\/strong> lo honraron con su m\u00e1xima presea: el <strong>Premio a la Esperanza<\/strong>.<\/p>\n<p dir=\"ltr\"><strong>Ricardo Montaner<\/strong> fue reconocido en el 2024 con el galard\u00f3n <strong>&#8220;Latin American Music Awards Legacy&#8221;<\/strong> por su extraordinario legado musical e impacto duradero en la industria, consolidando su status como <em>\u00edcono del pop rom\u00e1ntico en espa\u00f1ol<\/em>.<\/p>\n<p>&nbsp;<\/p>\n<p dir=\"ltr\"><u>ACERCA&nbsp;DE&nbsp;FENIX&nbsp;ENTERTAINMENT<\/u><\/p>\n<p dir=\"ltr\">Somos una empresa&nbsp;de&nbsp;entretenimiento y promoci\u00f3n global, con fuerte presencia en Argentina, Latinoam\u00e9rica y Europa. A lo largo&nbsp;de&nbsp;nuestros 35 a\u00f1os&nbsp;de&nbsp;trayectoria, el compromiso, la pasi\u00f3n, y la diversi\u00f3n han sido los valores fundamentales&nbsp;de&nbsp;nuestra visi\u00f3n empresarial y motor&nbsp;de&nbsp;crecimiento de la compa\u00f1\u00eda.<\/p>\n<p dir=\"ltr\">Contamos con 2 unidades&nbsp;de&nbsp;negocios diferenciadas para establecer puntos&nbsp;de&nbsp;conexi\u00f3n con nuestras audiencias: Live shows, con oficinas ubicadas en Argentina, M\u00e9xico, Chile, Per\u00fa, Paraguay, Uruguay y Europa, la cual trabaja sobre los pilares&nbsp;de&nbsp;m\u00fasica,&nbsp;deporte, arte y gaming. Y por otro lado&nbsp;Parques, compuesta por \u201cParque&nbsp;de&nbsp;La Costa\u201d el \u00fanico parque&nbsp;de&nbsp;diversiones&nbsp;de&nbsp;Argen<wbr \/>tina, el parque acu\u00e1tico \u201cAquafan\u201d y \u201cMundo Gea\u201d, un espacio en la Ciudad&nbsp;de&nbsp;Buenos Aires que promueve el conocimiento de nuestros ecosistemas y biodiversidad combinando entretenimiento, educaci\u00f3n y tecnolog\u00eda.<\/p>\n<p dir=\"ltr\">Somos una empresa l\u00edder, posicionada como la productora&nbsp;de&nbsp;entretenimiento&nbsp;<wbr \/>de&nbsp;origen argentino&nbsp;de&nbsp;mayor crecimiento, expansi\u00f3n y proyecci\u00f3n internacional, porque lo hacemos diferente: cada espect\u00e1culo, cada talento, cada contenido, cada experiencia es tratada como \u00fanica, con&nbsp;dedicaci\u00f3n, en&nbsp;detalle, y con especial atenci\u00f3n en lograr la mejor experiencia en los millones&nbsp;de&nbsp;personas que nos acompa\u00f1an cada a\u00f1o.&nbsp; La b\u00fasqueda constante&nbsp;de&nbsp;superar nuestros propios l\u00edmites es parte&nbsp;del ADN&nbsp;de&nbsp;cada uno&nbsp;de&nbsp;los que con orgullo formamos&nbsp;<a href=\"https:\/\/x.com\/fenix_latam\" target=\"_blank\" rel=\"noopener\">Fenix&nbsp;Entertainment<\/a>.<\/p>\n<\/div>\n<div>&nbsp;<\/div>\n<div>&nbsp;<\/div>\n<div>&nbsp;<\/div>\n","protected":false},"excerpt":{"rendered":"<p>RICARDO MONTANER<br \/>\nEL \u00daLTIMO REGRESO<br \/>\nTOUR 2026<\/p>\n<p>\u00bfCuando toca Ricardo Montaner?<\/p>\n<p>21 FEB &#8211; BUENOS AIRES, ARGENTINA<br \/>\n22 FEB &#8211; BUENOS AIRES, ARGENTINA<br \/>\n27 FEB &#8211; BUENOS AIRES, ARGENTINA<br \/>\n28 FEB &#8211; ROSARIO, ARGENTINA<br \/>\n01 MAR &#8211; C\u00d3RDOBA, ARGENTINA<br \/>\n05 MAR &#8211; MONTEVIDEO, URUGUAY<br \/>\n07 MAR &#8211; SAN JOS\u00c9, COSTA RICA<br \/>\n08 ABR &#8211; BOGOT\u00c1, COLOMBIA<br \/>\n09 ABR &#8211; BOGOT\u00c1, COLOMBIA<br \/>\n11 ABR &#8211; BUCARAMANGA, COLOMBIA<br \/>\n15 ABR &#8211; TIJUANA, M\u00c9XICO<br \/>\n17 ABR &#8211; HERMOSILLO, M\u00c9XICO<br \/>\n20 ABR &#8211; TORRE\u00d3N, M\u00c9XICO<br \/>\n22 ABR &#8211; MONTERREY, M\u00c9XICO<br \/>\n24 ABR &#8211; LE\u00d3N, M\u00c9XICO<br \/>\n26 ABR &#8211; GUADALAJARA, M\u00c9XICO<br \/>\n28 ABR &#8211; QUER\u00c9TARO, M\u00c9XICO<br \/>\n02 MAY &#8211; AGUASCALIENTES, M\u00c9XICO<br \/>\n05 MAY &#8211; CDMX, M\u00c9XICO<br \/>\n07 MAY &#8211; SAN LUIS, M\u00c9XICO<br \/>\n10 MAY &#8211; CUERNAVACA, M\u00c9XICO<br \/>\n12 MAY &#8211; PUEBLA, M\u00c9XICO<br \/>\n14 MAY &#8211; OAXACA, M\u00c9XICO<br \/>\n17 MAY &#8211; M\u00c9RIDA, M\u00c9XICO<br \/>\n21 MAY &#8211; QUITO, ECUADOR<br \/>\n23 MAY &#8211; GUAYAQUIL, ECUADOR<br \/>\n30 MAY &#8211; LIMA, PER\u00da<br \/>\n04 JUN &#8211; SANTIAGO, CHILE<br \/>\n06 JUN &#8211; ASUNCI\u00d3N, PARAGUAY<br \/>\n06 AGO &#8211; CALI, COLOMBIA<br \/>\n08 AGO &#8211; BARRANQUILLA, COLOMBIA<br \/>\n12 AGO &#8211; ATLANTA, USA<br \/>\n14 AGO &#8211; HOUSTON, USA<br \/>\n15 AGO &#8211; DALLAS, USA<br \/>\n20 AGO &#8211; ONTARIO, USA<br \/>\n21 AGO &#8211; LOS ANGELES, USA<br \/>\n24 AGO &#8211; SALT LAKE CITY, USA<br \/>\n28 AGO &#8211; ORLANDO, USA<br \/>\n30 AGO &#8211; MIAMI, USA<br \/>\n02 SEP &#8211; ATLANTIC CITY, USA<br \/>\n09 SEP &#8211; NEW YORK, USA<br \/>\n11 SEP &#8211; BOSTON, USA<br \/>\n11 SEP &#8211; CHICAGO, USA<br \/>\n15 SEP &#8211; TAMPA, USA<br \/>\n18 SEP &#8211; PUERTO RICO, USA<br \/>\n26 SEP &#8211; LA ROMANA, RD<br \/>\n13 OCT &#8211; MADRID, ESPA\u00d1A<\/p>\n","protected":false},"author":8,"featured_media":123297,"comment_status":"closed","ping_status":"closed","sticky":false,"template":"","format":"standard","meta":{"om_disable_all_campaigns":false,"ngg_post_thumbnail":0,"jnews-multi-image_gallery":[],"jnews_single_post":{"format":"standard","override":[{"template":"4","parallax":"1","layout":"right-sidebar","sidebar":"default-sidebar","second_sidebar":"default-sidebar","sticky_sidebar":"1","share_position":"bottom","share_float_style":"share-monocrhome","show_share_counter":"1","show_view_counter":"1","show_featured":"1","show_post_meta":"1","show_post_author":"1","show_post_author_image":"1","show_post_date":"1","post_date_format":"default","post_date_format_custom":"Y\/m\/d","show_post_category":"1","post_reading_time_wpm":"300","post_calculate_word_method":"str_word_count","zoom_button_out_step":"2","zoom_button_in_step":"3","show_post_tag":"1","show_prev_next_post":"1","show_popup_post":"1","show_comment_section":"1","number_popup_post":"1","show_author_box":"1","show_post_related":"0","show_inline_post_related":"0"}],"image_override":[{"single_post_thumbnail_size":"no-crop","single_post_gallery_size":"crop-500"}],"trending_post_position":"meta","trending_post_label":"Trending","sponsored_post_label":"Sponsored by","disable_ad":"0","subtitle":"CON DOS SHOWS SOLD OUT"},"jnews_primary_category":[],"jnews_social_meta":[],"jnews_override_counter":{"view_counter_number":"0","share_counter_number":"0","like_counter_number":"0","dislike_counter_number":"0"},"footnotes":""},"categories":[13675],"tags":[830,25821,25823,8687,9216,25822],"class_list":["post-123296","post","type-post","status-publish","format-standard","has-post-thumbnail","hentry","category-novedades","tag-buenos-aires","tag-el-ultimo-regreso","tag-fenix-entertainment","tag-movistar-arena","tag-ricardo-montaner","tag-tour-2026"],"yoast_head":"<!-- This site is optimized with the Yoast SEO plugin v27.5 - https:\/\/yoast.com\/product\/yoast-seo-wordpress\/ -->\n<title>HIST\u00d3RICO COMIENZO DE &quot;EL \u00daLTIMO REGRESO&quot; DE RICARDO MONTANER EN BUENOS AIRES - Cooltivarte Portal<\/title>\n<meta name=\"description\" content=\"El artista comenz\u00f3 su gira mundial \u201cEl \u00daltimo Regreso\u201d este fin de semana con dos emocionantes shows sold out en Movistar Arena de Buenos Aires.\u00a0\" \/>\n<meta name=\"robots\" content=\"index, follow, max-snippet:-1, max-image-preview:large, max-video-preview:-1\" \/>\n<link rel=\"canonical\" href=\"https:\/\/cooltivarte.com\/portal\/historico-comienzo-de-el-ultimo-regreso-de-ricardo-montaner-en-buenos-aires\/\" \/>\n<meta property=\"og:locale\" content=\"es_ES\" \/>\n<meta property=\"og:type\" content=\"article\" \/>\n<meta property=\"og:title\" content=\"HIST\u00d3RICO COMIENZO DE &quot;EL \u00daLTIMO REGRESO&quot; DE RICARDO MONTANER EN BUENOS AIRES CON DOS SHOWS SOLD OUT\" \/>\n<meta property=\"og:description\" content=\"El artista comenz\u00f3 su gira mundial \u201cEl \u00daltimo Regreso\u201d este fin de semana con dos emocionantes shows sold out en Movistar Arena de Buenos Aires.\u00a0\" \/>\n<meta property=\"og:url\" content=\"https:\/\/cooltivarte.com\/portal\/historico-comienzo-de-el-ultimo-regreso-de-ricardo-montaner-en-buenos-aires\/\" \/>\n<meta property=\"og:site_name\" content=\"Cooltivarte Portal\" \/>\n<meta property=\"article:publisher\" content=\"https:\/\/www.facebook.com\/cooltivartecom\/\" \/>\n<meta property=\"article:author\" content=\"https:\/\/www.facebook.com\/cooltivartecom\" \/>\n<meta property=\"article:published_time\" content=\"2026-02-24T02:37:03+00:00\" \/>\n<meta property=\"article:modified_time\" content=\"2026-02-24T02:49:52+00:00\" \/>\n<meta property=\"og:image\" content=\"https:\/\/cooltivarte.com\/portal\/wp-content\/uploads\/2026\/02\/RICARDO-MONTANER.jpg\" \/>\n\t<meta property=\"og:image:width\" content=\"700\" \/>\n\t<meta property=\"og:image:height\" content=\"467\" \/>\n\t<meta property=\"og:image:type\" content=\"image\/jpeg\" \/>\n<meta name=\"author\" content=\"Cooltivarte\" \/>\n<meta name=\"twitter:card\" content=\"summary_large_image\" \/>\n<meta name=\"twitter:title\" content=\"HIST\u00d3RICO COMIENZO DE &quot;EL \u00daLTIMO REGRESO&quot; DE RICARDO MONTANER EN BUENOS AIRES CON DOS SHOWS SOLD OUT\" \/>\n<meta name=\"twitter:description\" content=\"El artista comenz\u00f3 su gira mundial \u201cEl \u00daltimo Regreso\u201d este fin de semana con dos emocionantes shows sold out en Movistar Arena de Buenos Aires.\u00a0\" \/>\n<meta name=\"twitter:image\" content=\"https:\/\/cooltivarte.com\/portal\/wp-content\/uploads\/2026\/02\/RICARDO-MONTANER.jpg\" \/>\n<meta name=\"twitter:creator\" content=\"@https:\/\/x.com\/obolocultural\" \/>\n<meta name=\"twitter:site\" content=\"@obolocultural\" \/>\n<meta name=\"twitter:label1\" content=\"Escrito por\" \/>\n\t<meta name=\"twitter:data1\" content=\"Cooltivarte\" \/>\n\t<meta name=\"twitter:label2\" content=\"Tiempo de lectura\" \/>\n\t<meta name=\"twitter:data2\" content=\"8 minutos\" \/>\n<!-- \/ Yoast SEO plugin. -->","yoast_head_json":{"title":"HIST\u00d3RICO COMIENZO DE \"EL \u00daLTIMO REGRESO\" DE RICARDO MONTANER EN BUENOS AIRES - Cooltivarte Portal","description":"El artista comenz\u00f3 su gira mundial \u201cEl \u00daltimo Regreso\u201d este fin de semana con dos emocionantes shows sold out en Movistar Arena de Buenos Aires.\u00a0","robots":{"index":"index","follow":"follow","max-snippet":"max-snippet:-1","max-image-preview":"max-image-preview:large","max-video-preview":"max-video-preview:-1"},"canonical":"https:\/\/cooltivarte.com\/portal\/historico-comienzo-de-el-ultimo-regreso-de-ricardo-montaner-en-buenos-aires\/","og_locale":"es_ES","og_type":"article","og_title":"HIST\u00d3RICO COMIENZO DE \"EL \u00daLTIMO REGRESO\" DE RICARDO MONTANER EN BUENOS AIRES CON DOS SHOWS SOLD OUT","og_description":"El artista comenz\u00f3 su gira mundial \u201cEl \u00daltimo Regreso\u201d este fin de semana con dos emocionantes shows sold out en Movistar Arena de Buenos Aires.\u00a0","og_url":"https:\/\/cooltivarte.com\/portal\/historico-comienzo-de-el-ultimo-regreso-de-ricardo-montaner-en-buenos-aires\/","og_site_name":"Cooltivarte Portal","article_publisher":"https:\/\/www.facebook.com\/cooltivartecom\/","article_author":"https:\/\/www.facebook.com\/cooltivartecom","article_published_time":"2026-02-24T02:37:03+00:00","article_modified_time":"2026-02-24T02:49:52+00:00","og_image":[{"width":700,"height":467,"url":"https:\/\/cooltivarte.com\/portal\/wp-content\/uploads\/2026\/02\/RICARDO-MONTANER.jpg","type":"image\/jpeg"}],"author":"Cooltivarte","twitter_card":"summary_large_image","twitter_title":"HIST\u00d3RICO COMIENZO DE \"EL \u00daLTIMO REGRESO\" DE RICARDO MONTANER EN BUENOS AIRES CON DOS SHOWS SOLD OUT","twitter_description":"El artista comenz\u00f3 su gira mundial \u201cEl \u00daltimo Regreso\u201d este fin de semana con dos emocionantes shows sold out en Movistar Arena de Buenos Aires.\u00a0","twitter_image":"https:\/\/cooltivarte.com\/portal\/wp-content\/uploads\/2026\/02\/RICARDO-MONTANER.jpg","twitter_creator":"@https:\/\/x.com\/obolocultural","twitter_site":"@obolocultural","twitter_misc":{"Escrito por":"Cooltivarte","Tiempo de lectura":"8 minutos"},"schema":{"@context":"https:\/\/schema.org","@graph":[{"@type":"NewsArticle","@id":"https:\/\/cooltivarte.com\/portal\/historico-comienzo-de-el-ultimo-regreso-de-ricardo-montaner-en-buenos-aires\/#article","isPartOf":{"@id":"https:\/\/cooltivarte.com\/portal\/historico-comienzo-de-el-ultimo-regreso-de-ricardo-montaner-en-buenos-aires\/"},"author":{"name":"Cooltivarte","@id":"https:\/\/cooltivarte.com\/portal\/#\/schema\/person\/ec2a4f4e71b740d0c559c0ab9a157e19"},"headline":"HIST\u00d3RICO COMIENZO DE &#8220;EL \u00daLTIMO REGRESO&#8221; DE RICARDO MONTANER EN BUENOS AIRES","datePublished":"2026-02-24T02:37:03+00:00","dateModified":"2026-02-24T02:49:52+00:00","mainEntityOfPage":{"@id":"https:\/\/cooltivarte.com\/portal\/historico-comienzo-de-el-ultimo-regreso-de-ricardo-montaner-en-buenos-aires\/"},"wordCount":1970,"publisher":{"@id":"https:\/\/cooltivarte.com\/portal\/#organization"},"image":{"@id":"https:\/\/cooltivarte.com\/portal\/historico-comienzo-de-el-ultimo-regreso-de-ricardo-montaner-en-buenos-aires\/#primaryimage"},"thumbnailUrl":"https:\/\/cooltivarte.com\/portal\/wp-content\/uploads\/2026\/02\/RICARDO-MONTANER.jpg","keywords":["Buenos Aires","El \u00daltimo Regreso","Fenix\u00a0Entertainment","Movistar Arena","Ricardo Montaner","TOUR 2026"],"articleSection":["Novedades"],"inLanguage":"es-AR"},{"@type":"WebPage","@id":"https:\/\/cooltivarte.com\/portal\/historico-comienzo-de-el-ultimo-regreso-de-ricardo-montaner-en-buenos-aires\/","url":"https:\/\/cooltivarte.com\/portal\/historico-comienzo-de-el-ultimo-regreso-de-ricardo-montaner-en-buenos-aires\/","name":"HIST\u00d3RICO COMIENZO DE \"EL \u00daLTIMO REGRESO\" DE RICARDO MONTANER EN BUENOS AIRES - Cooltivarte Portal","isPartOf":{"@id":"https:\/\/cooltivarte.com\/portal\/#website"},"primaryImageOfPage":{"@id":"https:\/\/cooltivarte.com\/portal\/historico-comienzo-de-el-ultimo-regreso-de-ricardo-montaner-en-buenos-aires\/#primaryimage"},"image":{"@id":"https:\/\/cooltivarte.com\/portal\/historico-comienzo-de-el-ultimo-regreso-de-ricardo-montaner-en-buenos-aires\/#primaryimage"},"thumbnailUrl":"https:\/\/cooltivarte.com\/portal\/wp-content\/uploads\/2026\/02\/RICARDO-MONTANER.jpg","datePublished":"2026-02-24T02:37:03+00:00","dateModified":"2026-02-24T02:49:52+00:00","description":"El artista comenz\u00f3 su gira mundial \u201cEl \u00daltimo Regreso\u201d este fin de semana con dos emocionantes shows sold out en Movistar Arena de Buenos Aires.\u00a0","breadcrumb":{"@id":"https:\/\/cooltivarte.com\/portal\/historico-comienzo-de-el-ultimo-regreso-de-ricardo-montaner-en-buenos-aires\/#breadcrumb"},"inLanguage":"es-AR","potentialAction":[{"@type":"ReadAction","target":["https:\/\/cooltivarte.com\/portal\/historico-comienzo-de-el-ultimo-regreso-de-ricardo-montaner-en-buenos-aires\/"]}]},{"@type":"ImageObject","inLanguage":"es-AR","@id":"https:\/\/cooltivarte.com\/portal\/historico-comienzo-de-el-ultimo-regreso-de-ricardo-montaner-en-buenos-aires\/#primaryimage","url":"https:\/\/cooltivarte.com\/portal\/wp-content\/uploads\/2026\/02\/RICARDO-MONTANER.jpg","contentUrl":"https:\/\/cooltivarte.com\/portal\/wp-content\/uploads\/2026\/02\/RICARDO-MONTANER.jpg","width":700,"height":467,"caption":"HIST\u00d3RICO COMIENZO DE \"EL \u00daLTIMO REGRESO\" DE RICARDO MONTANER EN BUENOS AIRES CON DOS SHOWS SOLD OUT"},{"@type":"BreadcrumbList","@id":"https:\/\/cooltivarte.com\/portal\/historico-comienzo-de-el-ultimo-regreso-de-ricardo-montaner-en-buenos-aires\/#breadcrumb","itemListElement":[{"@type":"ListItem","position":1,"name":"Portada","item":"https:\/\/cooltivarte.com\/portal\/"},{"@type":"ListItem","position":2,"name":"HIST\u00d3RICO COMIENZO DE &#8220;EL \u00daLTIMO REGRESO&#8221; DE RICARDO MONTANER EN BUENOS AIRES"}]},{"@type":"WebSite","@id":"https:\/\/cooltivarte.com\/portal\/#website","url":"https:\/\/cooltivarte.com\/portal\/","name":"Cooltivarte Portal","description":"Arte, cultura y turismo para el mundo ...","publisher":{"@id":"https:\/\/cooltivarte.com\/portal\/#organization"},"potentialAction":[{"@type":"SearchAction","target":{"@type":"EntryPoint","urlTemplate":"https:\/\/cooltivarte.com\/portal\/?s={search_term_string}"},"query-input":{"@type":"PropertyValueSpecification","valueRequired":true,"valueName":"search_term_string"}}],"inLanguage":"es-AR"},{"@type":"Organization","@id":"https:\/\/cooltivarte.com\/portal\/#organization","name":"cooltivarte","url":"https:\/\/cooltivarte.com\/portal\/","logo":{"@type":"ImageObject","inLanguage":"es-AR","@id":"https:\/\/cooltivarte.com\/portal\/#\/schema\/logo\/image\/","url":"https:\/\/cooltivarte.com\/portal\/wp-content\/uploads\/2020\/04\/logo-cooltivarte-v2.png","contentUrl":"https:\/\/cooltivarte.com\/portal\/wp-content\/uploads\/2020\/04\/logo-cooltivarte-v2.png","width":851,"height":243,"caption":"cooltivarte"},"image":{"@id":"https:\/\/cooltivarte.com\/portal\/#\/schema\/logo\/image\/"},"sameAs":["https:\/\/www.facebook.com\/cooltivartecom\/","https:\/\/x.com\/obolocultural","https:\/\/www.instagram.com\/_cooltivarte_\/","https:\/\/www.linkedin.com\/company\/-bolocultural?reportsuccess=8zaNG1HwhPbAR9iQhZ5rfGeqz_vQFftHun0ZWU0Wy9vNemRJ8vtcKdJvzQfW8XagyOJSKg0XvfJ1dp","https:\/\/www.pinterest.com\/cooltivarte\/","https:\/\/cooltivarte.tumblr.com\/","https:\/\/www.tiktok.com\/@cooltivarte","https:\/\/www.youtube.com\/@PrensaCooltivarte"]},{"@type":"Person","@id":"https:\/\/cooltivarte.com\/portal\/#\/schema\/person\/ec2a4f4e71b740d0c559c0ab9a157e19","name":"Cooltivarte","image":{"@type":"ImageObject","inLanguage":"es-AR","@id":"https:\/\/cooltivarte.com\/portal\/wp-content\/uploads\/2014\/05\/logo-cooltivarte-120x120.jpg","url":"https:\/\/cooltivarte.com\/portal\/wp-content\/uploads\/2014\/05\/logo-cooltivarte-120x120.jpg","contentUrl":"https:\/\/cooltivarte.com\/portal\/wp-content\/uploads\/2014\/05\/logo-cooltivarte-120x120.jpg","caption":"Cooltivarte"},"description":"Somos COOLTIVARTE.COM. Un portal digital dedicado a difundir el acontecer art\u00edstico y cultural del Uruguay. Estamos en la vuelta desde el a\u00f1o 2003, y como evoluci\u00f3n del bolet\u00edn Obolo Cultural, nos encontramos abocados a apoyar a los artistas nacionales brind\u00e1ndoles un espacio de difusi\u00f3n. Creemos en la idea de utilizar la potencialidad que hoy d\u00eda nos otorga la web, para que la cultura uruguaya y sus creadores dispongan de una din\u00e1mica ventana, que los ponga en contacto entre s\u00ed y con el mundo. Somos COOLTIVARTE.COM y pretendemos configurarnos como un portal din\u00e1mico, entretenido y atento a los nuevos emprendimientos, que busque siempre la interacci\u00f3n con los artistas.","sameAs":["http:\/\/www.cooltivarte.com","https:\/\/www.facebook.com\/cooltivartecom","https:\/\/www.instagram.com\/_cooltivarte_\/","https:\/\/www.linkedin.com\/company\/-bolocultural","https:\/\/www.pinterest.com\/cooltivarte\/","https:\/\/x.com\/https:\/\/x.com\/obolocultural","https:\/\/www.youtube.com\/@PrensaCooltivarte","https:\/\/www.tumblr.com\/blog\/cooltivarte"],"url":"https:\/\/cooltivarte.com\/portal\/author\/cooltivarte\/"}]}},"_links":{"self":[{"href":"https:\/\/cooltivarte.com\/portal\/wp-json\/wp\/v2\/posts\/123296","targetHints":{"allow":["GET"]}}],"collection":[{"href":"https:\/\/cooltivarte.com\/portal\/wp-json\/wp\/v2\/posts"}],"about":[{"href":"https:\/\/cooltivarte.com\/portal\/wp-json\/wp\/v2\/types\/post"}],"author":[{"embeddable":true,"href":"https:\/\/cooltivarte.com\/portal\/wp-json\/wp\/v2\/users\/8"}],"replies":[{"embeddable":true,"href":"https:\/\/cooltivarte.com\/portal\/wp-json\/wp\/v2\/comments?post=123296"}],"version-history":[{"count":4,"href":"https:\/\/cooltivarte.com\/portal\/wp-json\/wp\/v2\/posts\/123296\/revisions"}],"predecessor-version":[{"id":123301,"href":"https:\/\/cooltivarte.com\/portal\/wp-json\/wp\/v2\/posts\/123296\/revisions\/123301"}],"wp:featuredmedia":[{"embeddable":true,"href":"https:\/\/cooltivarte.com\/portal\/wp-json\/wp\/v2\/media\/123297"}],"wp:attachment":[{"href":"https:\/\/cooltivarte.com\/portal\/wp-json\/wp\/v2\/media?parent=123296"}],"wp:term":[{"taxonomy":"category","embeddable":true,"href":"https:\/\/cooltivarte.com\/portal\/wp-json\/wp\/v2\/categories?post=123296"},{"taxonomy":"post_tag","embeddable":true,"href":"https:\/\/cooltivarte.com\/portal\/wp-json\/wp\/v2\/tags?post=123296"}],"curies":[{"name":"wp","href":"https:\/\/api.w.org\/{rel}","templated":true}]}}