{"id":123254,"date":"2026-02-23T10:45:47","date_gmt":"2026-02-23T13:45:47","guid":{"rendered":"https:\/\/cooltivarte.com\/portal\/?p=123254"},"modified":"2026-02-24T10:12:21","modified_gmt":"2026-02-24T13:12:21","slug":"acido-en-tazu-bar-cultural","status":"publish","type":"post","link":"https:\/\/cooltivarte.com\/portal\/acido-en-tazu-bar-cultural\/","title":{"rendered":"\u00c1cido en Taz\u00fa Bar Cultural"},"content":{"rendered":"<figure id=\"attachment_123255\" aria-describedby=\"caption-attachment-123255\" style=\"width: 1024px\" class=\"wp-caption aligncenter\"><img fetchpriority=\"high\" decoding=\"async\" class=\"wp-image-123255 size-large\" title=\"\u00c1cido - Taz\u00fabarcultural - Febrero 2026 - Foto Andr\u00e9s Aksler\" src=\"https:\/\/cooltivarte.com\/portal\/wp-content\/uploads\/2026\/02\/Acido-Tazubarcultural-Febrero-2026-Foto-Andres-Askler-1024x684.jpeg\" alt=\"\u00c1cido - Taz\u00fabarcultural - Febrero 2026 - Foto Andr\u00e9s Aksler\" width=\"1024\" height=\"684\" srcset=\"https:\/\/cooltivarte.com\/portal\/wp-content\/uploads\/2026\/02\/Acido-Tazubarcultural-Febrero-2026-Foto-Andres-Askler-1024x684.jpeg 1024w, https:\/\/cooltivarte.com\/portal\/wp-content\/uploads\/2026\/02\/Acido-Tazubarcultural-Febrero-2026-Foto-Andres-Askler-300x200.jpeg 300w, https:\/\/cooltivarte.com\/portal\/wp-content\/uploads\/2026\/02\/Acido-Tazubarcultural-Febrero-2026-Foto-Andres-Askler-768x513.jpeg 768w, https:\/\/cooltivarte.com\/portal\/wp-content\/uploads\/2026\/02\/Acido-Tazubarcultural-Febrero-2026-Foto-Andres-Askler-1536x1025.jpeg 1536w, https:\/\/cooltivarte.com\/portal\/wp-content\/uploads\/2026\/02\/Acido-Tazubarcultural-Febrero-2026-Foto-Andres-Askler.jpeg 1600w\" sizes=\"(max-width: 1024px) 100vw, 1024px\" \/><figcaption id=\"caption-attachment-123255\" class=\"wp-caption-text\">\u00c1cido &#8211; Taz\u00fabarcultural &#8211; Febrero 2026 &#8211; Foto <a href=\"https:\/\/www.instagram.com\/andres.aksler\/\" target=\"_blank\" rel=\"noopener\">Andr\u00e9s Aksler<\/a><\/figcaption><\/figure>\n<p>&nbsp;<\/p>\n<p>&nbsp;<\/p>\n<p><a href=\"https:\/\/cooltivarte.com\/portal\/?s=%C3%81cido\" target=\"_blank\" rel=\"noopener\"><strong>\u00c1cido<\/strong><\/a> &#8211; 7 de febrero de 2026<br \/>\n<a href=\"https:\/\/cooltivarte.com\/portal\/?s=Taz%C3%BA+bar+cultural\" target=\"_blank\" rel=\"noopener\"><strong>Taz\u00fa bar cultural<\/strong><\/a><\/p>\n<p>Antes de los escenarios, antes de los a\u00f1os acumulados, antes incluso de pensar en despedidas, hubo una radio<\/p>\n<p>En plena dictadura, cuando programar rock en espa\u00f1ol implicaba pedir permisos y moverse con cautela, Varo ten\u00eda su espacio: El Cofre Rock. Desde ah\u00ed decidi\u00f3 pasar a Riff. No era solo m\u00fasica. Era identidad. Era postura.<\/p>\n<p>Despu\u00e9s de una de esas emisiones, aparecieron unos pibes en la radio. Entre ellos estaba El Perro. La conexi\u00f3n fue inmediata. No hubo formalidades ni c\u00e1lculo. Hubo afinidad.<\/p>\n<p>Varo los invit\u00f3 a tocar a la casa de sus abuelos, ese fue su primer encuentro, su primer refugio.<\/p>\n<p>Durante dos horas tocaron todos los temas de <a href=\"https:\/\/cooltivarte.com\/portal\/?s=Pappo\" target=\"_blank\" rel=\"noopener\"><strong>Pappo<\/strong><\/a> y de Riff. No fue un ensayo m\u00e1s. Fue una declaraci\u00f3n el pulso detr\u00e1s de la historia.<\/p>\n<p>D\u00e9cadas despu\u00e9s, ese mismo Varo decidi\u00f3 dejar los palos.<\/p>\n<p>En la entrevista no habla desde el dramatismo. Habla desde la conciencia. La bater\u00eda, dice, \u201cpasa por el cuerpo\u201d. Y no es met\u00e1fora. Es f\u00edsico. Son a\u00f1os de espalda, de piernas, de brazos sosteniendo el ritmo mientras adelante la guitarra y la voz arden.<\/p>\n<p>Dejar el instrumento no fue abandonar la banda. Fue entender el ciclo. El traspaso a <strong>Pedro Zuco<\/strong> no se siente como reemplazo, sino como continuidad. No hay ruptura. Hay confianza<br \/>\nArriba del escenario tuvo palabras. Breves. Sinceras. Agradeci\u00f3 el camino recorrido, record\u00f3 los comienzos y dej\u00f3 claro que la banda sigue.<\/p>\n<p>El toque: una banda que respira junta, desde el primer acorde qued\u00f3 claro que la noche no iba a ser nost\u00e1lgica. Iba a ser el\u00e9ctrica.<\/p>\n<p>Abrieron con Metal Rock, directa, sin rodeos. La bater\u00eda firme, marcando territorio. Las guitarras compactas. El Perro al frente, con esa presencia natural que no necesita exageraci\u00f3n para dominar el espacio.<\/p>\n<p>Sigui\u00f3 Yo Me Voy, que empez\u00f3 a mover definitivamente al p\u00fablico, y Negro Tren, que consolid\u00f3 el clima pesado y contundente. La energ\u00eda ya estaba encendida.<\/p>\n<p>Con <a href=\"https:\/\/cooltivarte.com\/portal\/?s=Chopper\" target=\"_blank\" rel=\"noopener\"><strong>Chopper<\/strong><\/a> el escenario tom\u00f3 velocidad. En Mam\u00e1 apareci\u00f3 un matiz m\u00e1s emocional sin perder fuerza. No hubo pausa: hubo tensi\u00f3n sostenida.<\/p>\n<p>Triunfantes son\u00f3 como afirmaci\u00f3n colectiva.<\/p>\n<p>A Orillas aport\u00f3 un respiro narrativo antes de que Torturadores volviera a endurecer el ambiente.<\/p>\n<p>La ruta sigui\u00f3 con Ruta 5, y el t\u00edtulo no fue casual: fue tr\u00e1nsito puro, riff sostenido, p\u00fablico entregado. Contra la Pared cay\u00f3 con peso espec\u00edfico. Al Ataque hizo honor a su nombre. Mas all\u00e1 de los temas, lo que marc\u00f3 la noche fue la interacci\u00f3n.<\/p>\n<p><strong>\u00c1cido<\/strong> no es una banda que ocupa posiciones r\u00edgidas en el escenario. Se buscan. Se tocan. Se ponen espalda con espalda mientras suenan las violas. Hay un di\u00e1logo corporal constante. Se acercan a la bater\u00eda, miradas c\u00f3mplices, movimientos sincronizados que no se ensayan: se construyen con a\u00f1os.<\/p>\n<p>El Perro, como buen showman, sostiene el frente con carisma y magnetismo. No sobreact\u00faa: conecta. Domina el espacio y al mismo tiempo se funde con sus compa\u00f1eros. La banda funciona como un organismo.<\/p>\n<p>Aunque no est\u00e9n todos los integrantes hist\u00f3ricos \u2014 la ausencia de <strong>Daniel Acu\u00f1a<\/strong> marca una etapa distinta \u2014 la cohesi\u00f3n se mantiene. No depende de un nombre aislado. Depende del bloque.<\/p>\n<p>En La Fiesta del \u00c1cido el clima representa: permanencia, identidad, resistencia.<\/p>\n<p>El cierre con Ruedas de Metal dej\u00f3 olor a asfalto y a historia viva. No fue un final prolijo. Fue un final honesto. De esos que no bajan la intensidad hasta el \u00faltimo golpe.<\/p>\n<p><strong>Setlist:<\/strong><br \/>\n1. Metal Rock<br \/>\n2. Yo Me Voy<br \/>\n3. Negro Tren<br \/>\n4. Chopper<br \/>\n5. Mam\u00e1<br \/>\n6. Triunfantes<br \/>\n7. A Orillas<br \/>\n8. Torturadores<br \/>\n9. Ruta 5<br \/>\n10. Contra la Pared<br \/>\n11. Al Ataque<br \/>\n12. La Fiesta del \u00c1cido<br \/>\n13. Ruedas de Metal \u00c1cido no toca para revivir una \u00e9poca. Toca como si todav\u00eda hubiera algo que decir. Y lo dice interactuando, mir\u00e1ndose, sosteni\u00e9ndose.<\/p>\n<p>&nbsp;<\/p>\n<p><iframe title=\"Spotify Embed: Acido\" style=\"border-radius: 12px\" width=\"100%\" height=\"352\" frameborder=\"0\" allowfullscreen allow=\"autoplay; clipboard-write; encrypted-media; fullscreen; picture-in-picture\" loading=\"lazy\" src=\"https:\/\/open.spotify.com\/embed\/artist\/4L0HAWDkAA5ILN80af80FM?si=Y3nuW22kTs6A1ebC4S_lMw&amp;utm_source=oembed\"><\/iframe><\/p>\n<p>&nbsp;<\/p>\n<blockquote class=\"instagram-media\" style=\"background: #FFF; border: 0; border-radius: 3px; box-shadow: 0 0 1px 0 rgba(0,0,0,0.5),0 1px 10px 0 rgba(0,0,0,0.15); margin: 1px; max-width: 540px; min-width: 326px; padding: 0; width: calc(100% - 2px);\" data-instgrm-captioned=\"\" data-instgrm-permalink=\"https:\/\/www.instagram.com\/p\/DVHgVh6jn6y\/?utm_source=ig_embed&amp;utm_campaign=loading\" data-instgrm-version=\"14\">\n<div style=\"padding: 16px;\">\n<p>&nbsp;<\/p>\n<div style=\"display: flex; flex-direction: row; align-items: center;\">\n<div style=\"background-color: #f4f4f4; border-radius: 50%; flex-grow: 0; height: 40px; margin-right: 14px; width: 40px;\">&nbsp;<\/div>\n<div style=\"display: flex; flex-direction: column; flex-grow: 1; justify-content: center;\">\n<div style=\"background-color: #f4f4f4; border-radius: 4px; flex-grow: 0; height: 14px; margin-bottom: 6px; width: 100px;\">&nbsp;<\/div>\n<div style=\"background-color: #f4f4f4; border-radius: 4px; flex-grow: 0; height: 14px; width: 60px;\">&nbsp;<\/div>\n<\/div>\n<\/div>\n<div style=\"padding: 19% 0;\">&nbsp;<\/div>\n<div style=\"display: block; height: 50px; margin: 0 auto 12px; width: 50px;\">&nbsp;<\/div>\n<div style=\"padding-top: 8px;\">\n<div style=\"color: #3897f0; font-family: Arial,sans-serif; font-size: 14px; font-style: normal; font-weight: 550; line-height: 18px;\">Ver esta publicaci\u00f3n en Instagram<\/div>\n<\/div>\n<div style=\"padding: 12.5% 0;\">&nbsp;<\/div>\n<div style=\"display: flex; flex-direction: row; margin-bottom: 14px; align-items: center;\">\n<div>\n<div style=\"background-color: #f4f4f4; border-radius: 50%; height: 12.5px; width: 12.5px; transform: translateX(0px) translateY(7px);\">&nbsp;<\/div>\n<div style=\"background-color: #f4f4f4; height: 12.5px; transform: rotate(-45deg) translateX(3px) translateY(1px); width: 12.5px; flex-grow: 0; margin-right: 14px; margin-left: 2px;\">&nbsp;<\/div>\n<div style=\"background-color: #f4f4f4; border-radius: 50%; height: 12.5px; width: 12.5px; transform: translateX(9px) translateY(-18px);\">&nbsp;<\/div>\n<\/div>\n<div style=\"margin-left: 8px;\">\n<div style=\"background-color: #f4f4f4; border-radius: 50%; flex-grow: 0; height: 20px; width: 20px;\">&nbsp;<\/div>\n<div style=\"width: 0; height: 0; border-top: 2px solid transparent; border-left: 6px solid #f4f4f4; border-bottom: 2px solid transparent; transform: translateX(16px) translateY(-4px) rotate(30deg);\">&nbsp;<\/div>\n<\/div>\n<div style=\"margin-left: auto;\">\n<div style=\"width: 0px; border-top: 8px solid #F4F4F4; border-right: 8px solid transparent; transform: translateY(16px);\">&nbsp;<\/div>\n<div style=\"background-color: #f4f4f4; flex-grow: 0; height: 12px; width: 16px; transform: translateY(-4px);\">&nbsp;<\/div>\n<div style=\"width: 0; height: 0; border-top: 8px solid #F4F4F4; border-left: 8px solid transparent; transform: translateY(-4px) translateX(8px);\">&nbsp;<\/div>\n<\/div>\n<\/div>\n<div style=\"display: flex; flex-direction: column; flex-grow: 1; justify-content: center; margin-bottom: 24px;\">\n<div style=\"background-color: #f4f4f4; border-radius: 4px; flex-grow: 0; height: 14px; margin-bottom: 6px; width: 224px;\">&nbsp;<\/div>\n<div style=\"background-color: #f4f4f4; border-radius: 4px; flex-grow: 0; height: 14px; width: 144px;\">&nbsp;<\/div>\n<\/div>\n<p>&nbsp;<\/p>\n<p style=\"color: #c9c8cd; font-family: Arial,sans-serif; font-size: 14px; line-height: 17px; margin-bottom: 0; margin-top: 8px; overflow: hidden; padding: 8px 0 7px; text-align: center; text-overflow: ellipsis; white-space: nowrap;\"><a style=\"color: #c9c8cd; font-family: Arial,sans-serif; font-size: 14px; font-style: normal; font-weight: normal; line-height: 17px; text-decoration: none;\" href=\"https:\/\/www.instagram.com\/p\/DVHgVh6jn6y\/?utm_source=ig_embed&amp;utm_campaign=loading\" target=\"_blank\" rel=\"noopener\">Una publicaci\u00f3n compartida por cooltivarte.com (@_cooltivarte_)<\/a><\/p>\n<\/div>\n<\/blockquote>\n<p><script async=\"\" src=\"\/\/www.instagram.com\/embed.js\"><\/script><br \/>\n&nbsp;<\/p>\n<p>&nbsp;<br \/>\n&nbsp;<\/p>\n<h3>&nbsp;<a href=\"https:\/\/www.facebook.com\/media\/set\/?set=a.1457984686365386&amp;type=3\" target=\"_blank\" rel=\"noopener\">Ir a la fotogaler\u00eda<\/a><\/h3>\n<p><iframe style=\"border: none; overflow: hidden;\" src=\"https:\/\/www.facebook.com\/plugins\/post.php?href=https%3A%2F%2Fwww.facebook.com%2Fmedia%2Fset%2F%3Fset%3Da.1457984686365386%26type%3D3&amp;width=100%\" width=\"100%\" height=\"669\" frameborder=\"0\" scrolling=\"no\"><\/iframe><br \/>\n&nbsp;<br \/>\n&nbsp;<\/p>\n<p>&nbsp;<\/p>\n<p>&nbsp;<\/p>\n","protected":false},"excerpt":{"rendered":"<p>\u00c1cido &#8211; 7 de febrero de 2026<br \/>\nTaz\u00fa bar cultural<\/p>\n<p>Antes de los escenarios, antes de los a\u00f1os acumulados, antes incluso de pensar en despedidas, hubo una radio<\/p>\n<p>En plena dictadura, cuando programar rock en espa\u00f1ol implicaba pedir permisos y moverse con cautela, Varo ten\u00eda su espacio: El Cofre Rock. Desde ah\u00ed decidi\u00f3 pasar a Riff. No era solo m\u00fasica. Era identidad. Era postura.<\/p>\n<p>Despu\u00e9s de una de esas emisiones, aparecieron unos pibes en la radio. Entre ellos estaba El Perro. La conexi\u00f3n fue inmediata. No hubo formalidades ni c\u00e1lculo. Hubo afinidad.<\/p>\n<p>Varo los invit\u00f3 a tocar a la casa de sus abuelos, ese fue su primer encuentro, su primer refugio.<\/p>\n<p>Durante dos horas tocaron todos los temas de Pappo y de Riff. No fue un ensayo m\u00e1s. Fue una declaraci\u00f3n el pulso detr\u00e1s de la historia.<\/p>\n<p>D\u00e9cadas despu\u00e9s, ese mismo Varo decidi\u00f3 dejar los palos.<\/p>\n<p>En la entrevista no habla desde el dramatismo. Habla desde la conciencia. La bater\u00eda, dice, \u201cpasa por el cuerpo\u201d. Y no es met\u00e1fora. Es f\u00edsico. Son a\u00f1os de espalda, de piernas, de brazos sosteniendo el ritmo mientras adelante la guitarra y la voz arden.<\/p>\n","protected":false},"author":214,"featured_media":123255,"comment_status":"closed","ping_status":"closed","sticky":false,"template":"","format":"standard","meta":{"om_disable_all_campaigns":false,"ngg_post_thumbnail":0,"jnews-multi-image_gallery":[],"jnews_single_post":{"subtitle":"","format":"standard","override":[{"template":"4","parallax":"1","layout":"right-sidebar","sidebar":"default-sidebar","second_sidebar":"default-sidebar","sticky_sidebar":"1","share_position":"bottom","share_float_style":"share-monocrhome","show_share_counter":"1","show_view_counter":"1","show_featured":"1","show_post_meta":"1","show_post_author":"1","show_post_author_image":"1","show_post_date":"1","post_date_format":"default","post_date_format_custom":"Y\/m\/d","show_post_category":"1","post_reading_time_wpm":"300","post_calculate_word_method":"str_word_count","zoom_button_out_step":"2","zoom_button_in_step":"3","show_post_tag":"1","show_prev_next_post":"1","show_popup_post":"1","show_comment_section":"1","number_popup_post":"1","show_author_box":"1","show_post_related":"0","show_inline_post_related":"0"}],"image_override":[{"single_post_thumbnail_size":"no-crop","single_post_gallery_size":"crop-500"}],"trending_post_position":"meta","trending_post_label":"Trending","sponsored_post_label":"Sponsored by","disable_ad":"0"},"jnews_primary_category":[],"jnews_social_meta":[],"jnews_override_counter":{"view_counter_number":"0","share_counter_number":"0","like_counter_number":"0","dislike_counter_number":"0"},"footnotes":""},"categories":[50],"tags":[3820,716,25814,25813,22603],"class_list":["post-123254","post","type-post","status-publish","format-standard","has-post-thumbnail","hentry","category-coberturas","tag-acido","tag-metal","tag-metal-rock","tag-pedro-zuco","tag-tazu-bar-cultural"],"yoast_head":"<!-- This site is optimized with the Yoast SEO plugin v27.5 - https:\/\/yoast.com\/product\/yoast-seo-wordpress\/ -->\n<title>\u00c1cido en Taz\u00fa Bar Cultural - Cooltivarte Portal<\/title>\n<meta name=\"description\" content=\"Durante dos horas tocaron todos los temas de Pappo y de Riff. No fue un ensayo m\u00e1s. Fue una declaraci\u00f3n el pulso detr\u00e1s de la historia.\" \/>\n<meta name=\"robots\" content=\"index, follow, max-snippet:-1, max-image-preview:large, max-video-preview:-1\" \/>\n<link rel=\"canonical\" href=\"https:\/\/cooltivarte.com\/portal\/acido-en-tazu-bar-cultural\/\" \/>\n<meta property=\"og:locale\" content=\"es_ES\" \/>\n<meta property=\"og:type\" content=\"article\" \/>\n<meta property=\"og:title\" content=\"\u00c1cido en Taz\u00fa Bar Cultural por Mar\u00eda Fernanda Vird\u00f3 - Foto Andr\u00e9s Aksler\" \/>\n<meta property=\"og:description\" content=\"Durante dos horas tocaron todos los temas de Pappo y de Riff. No fue un ensayo m\u00e1s. Fue una declaraci\u00f3n el pulso detr\u00e1s de la historia.\" \/>\n<meta property=\"og:url\" content=\"https:\/\/cooltivarte.com\/portal\/acido-en-tazu-bar-cultural\/\" \/>\n<meta property=\"og:site_name\" content=\"Cooltivarte Portal\" \/>\n<meta property=\"article:publisher\" content=\"https:\/\/www.facebook.com\/cooltivartecom\/\" \/>\n<meta property=\"article:author\" content=\"https:\/\/www.facebook.com\/profile.php?id=100082135684669\" \/>\n<meta property=\"article:published_time\" content=\"2026-02-23T13:45:47+00:00\" \/>\n<meta property=\"article:modified_time\" content=\"2026-02-24T13:12:21+00:00\" \/>\n<meta property=\"og:image\" content=\"https:\/\/cooltivarte.com\/portal\/wp-content\/uploads\/2026\/02\/Acido-Tazubarcultural-Febrero-2026-Foto-Andres-Askler.jpeg\" \/>\n\t<meta property=\"og:image:width\" content=\"1600\" \/>\n\t<meta property=\"og:image:height\" content=\"1068\" \/>\n\t<meta property=\"og:image:type\" content=\"image\/jpeg\" \/>\n<meta name=\"author\" content=\"Mar\u00eda Fernanda Vird\u00f3\" \/>\n<meta name=\"twitter:card\" content=\"summary_large_image\" \/>\n<meta name=\"twitter:title\" content=\"\u00c1cido en Taz\u00fa Bar Cultural por Mar\u00eda Fernanda Vird\u00f3 - Foto Andr\u00e9s Aksler\" \/>\n<meta name=\"twitter:description\" content=\"Durante dos horas tocaron todos los temas de Pappo y de Riff. No fue un ensayo m\u00e1s. Fue una declaraci\u00f3n el pulso detr\u00e1s de la historia.\" \/>\n<meta name=\"twitter:image\" content=\"https:\/\/cooltivarte.com\/portal\/wp-content\/uploads\/2026\/02\/Acido-Tazubarcultural-Febrero-2026-Foto-Andres-Askler.jpeg\" \/>\n<meta name=\"twitter:creator\" content=\"@https:\/\/x.com\/obolocultural\" \/>\n<meta name=\"twitter:site\" content=\"@obolocultural\" \/>\n<meta name=\"twitter:label1\" content=\"Escrito por\" \/>\n\t<meta name=\"twitter:data1\" content=\"Mar\u00eda Fernanda Vird\u00f3\" \/>\n\t<meta name=\"twitter:label2\" content=\"Tiempo de lectura\" \/>\n\t<meta name=\"twitter:data2\" content=\"4 minutos\" \/>\n<!-- \/ Yoast SEO plugin. -->","yoast_head_json":{"title":"\u00c1cido en Taz\u00fa Bar Cultural - Cooltivarte Portal","description":"Durante dos horas tocaron todos los temas de Pappo y de Riff. No fue un ensayo m\u00e1s. Fue una declaraci\u00f3n el pulso detr\u00e1s de la historia.","robots":{"index":"index","follow":"follow","max-snippet":"max-snippet:-1","max-image-preview":"max-image-preview:large","max-video-preview":"max-video-preview:-1"},"canonical":"https:\/\/cooltivarte.com\/portal\/acido-en-tazu-bar-cultural\/","og_locale":"es_ES","og_type":"article","og_title":"\u00c1cido en Taz\u00fa Bar Cultural por Mar\u00eda Fernanda Vird\u00f3 - Foto Andr\u00e9s Aksler","og_description":"Durante dos horas tocaron todos los temas de Pappo y de Riff. No fue un ensayo m\u00e1s. Fue una declaraci\u00f3n el pulso detr\u00e1s de la historia.","og_url":"https:\/\/cooltivarte.com\/portal\/acido-en-tazu-bar-cultural\/","og_site_name":"Cooltivarte Portal","article_publisher":"https:\/\/www.facebook.com\/cooltivartecom\/","article_author":"https:\/\/www.facebook.com\/profile.php?id=100082135684669","article_published_time":"2026-02-23T13:45:47+00:00","article_modified_time":"2026-02-24T13:12:21+00:00","og_image":[{"width":1600,"height":1068,"url":"https:\/\/cooltivarte.com\/portal\/wp-content\/uploads\/2026\/02\/Acido-Tazubarcultural-Febrero-2026-Foto-Andres-Askler.jpeg","type":"image\/jpeg"}],"author":"Mar\u00eda Fernanda Vird\u00f3","twitter_card":"summary_large_image","twitter_title":"\u00c1cido en Taz\u00fa Bar Cultural por Mar\u00eda Fernanda Vird\u00f3 - Foto Andr\u00e9s Aksler","twitter_description":"Durante dos horas tocaron todos los temas de Pappo y de Riff. No fue un ensayo m\u00e1s. Fue una declaraci\u00f3n el pulso detr\u00e1s de la historia.","twitter_image":"https:\/\/cooltivarte.com\/portal\/wp-content\/uploads\/2026\/02\/Acido-Tazubarcultural-Febrero-2026-Foto-Andres-Askler.jpeg","twitter_creator":"@https:\/\/x.com\/obolocultural","twitter_site":"@obolocultural","twitter_misc":{"Escrito por":"Mar\u00eda Fernanda Vird\u00f3","Tiempo de lectura":"4 minutos"},"schema":{"@context":"https:\/\/schema.org","@graph":[{"@type":"NewsArticle","@id":"https:\/\/cooltivarte.com\/portal\/acido-en-tazu-bar-cultural\/#article","isPartOf":{"@id":"https:\/\/cooltivarte.com\/portal\/acido-en-tazu-bar-cultural\/"},"author":{"name":"Mar\u00eda Fernanda Vird\u00f3","@id":"https:\/\/cooltivarte.com\/portal\/#\/schema\/person\/e6065430240320d012b4c5e7e6fd8ebd"},"headline":"\u00c1cido en Taz\u00fa Bar Cultural","datePublished":"2026-02-23T13:45:47+00:00","dateModified":"2026-02-24T13:12:21+00:00","mainEntityOfPage":{"@id":"https:\/\/cooltivarte.com\/portal\/acido-en-tazu-bar-cultural\/"},"wordCount":747,"publisher":{"@id":"https:\/\/cooltivarte.com\/portal\/#organization"},"image":{"@id":"https:\/\/cooltivarte.com\/portal\/acido-en-tazu-bar-cultural\/#primaryimage"},"thumbnailUrl":"https:\/\/cooltivarte.com\/portal\/wp-content\/uploads\/2026\/02\/Acido-Tazubarcultural-Febrero-2026-Foto-Andres-Askler.jpeg","keywords":["Acido","Metal","Metal Rock","Pedro Zuco","Tazu Bar Cultural"],"articleSection":["Coberturas"],"inLanguage":"es-AR"},{"@type":"WebPage","@id":"https:\/\/cooltivarte.com\/portal\/acido-en-tazu-bar-cultural\/","url":"https:\/\/cooltivarte.com\/portal\/acido-en-tazu-bar-cultural\/","name":"\u00c1cido en Taz\u00fa Bar Cultural - Cooltivarte Portal","isPartOf":{"@id":"https:\/\/cooltivarte.com\/portal\/#website"},"primaryImageOfPage":{"@id":"https:\/\/cooltivarte.com\/portal\/acido-en-tazu-bar-cultural\/#primaryimage"},"image":{"@id":"https:\/\/cooltivarte.com\/portal\/acido-en-tazu-bar-cultural\/#primaryimage"},"thumbnailUrl":"https:\/\/cooltivarte.com\/portal\/wp-content\/uploads\/2026\/02\/Acido-Tazubarcultural-Febrero-2026-Foto-Andres-Askler.jpeg","datePublished":"2026-02-23T13:45:47+00:00","dateModified":"2026-02-24T13:12:21+00:00","description":"Durante dos horas tocaron todos los temas de Pappo y de Riff. No fue un ensayo m\u00e1s. Fue una declaraci\u00f3n el pulso detr\u00e1s de la historia.","breadcrumb":{"@id":"https:\/\/cooltivarte.com\/portal\/acido-en-tazu-bar-cultural\/#breadcrumb"},"inLanguage":"es-AR","potentialAction":[{"@type":"ReadAction","target":["https:\/\/cooltivarte.com\/portal\/acido-en-tazu-bar-cultural\/"]}]},{"@type":"ImageObject","inLanguage":"es-AR","@id":"https:\/\/cooltivarte.com\/portal\/acido-en-tazu-bar-cultural\/#primaryimage","url":"https:\/\/cooltivarte.com\/portal\/wp-content\/uploads\/2026\/02\/Acido-Tazubarcultural-Febrero-2026-Foto-Andres-Askler.jpeg","contentUrl":"https:\/\/cooltivarte.com\/portal\/wp-content\/uploads\/2026\/02\/Acido-Tazubarcultural-Febrero-2026-Foto-Andres-Askler.jpeg","width":1600,"height":1068,"caption":"\u00c1cido - Taz\u00fabarcultural - Febrero 2026 - Foto Andres Askler"},{"@type":"BreadcrumbList","@id":"https:\/\/cooltivarte.com\/portal\/acido-en-tazu-bar-cultural\/#breadcrumb","itemListElement":[{"@type":"ListItem","position":1,"name":"Portada","item":"https:\/\/cooltivarte.com\/portal\/"},{"@type":"ListItem","position":2,"name":"\u00c1cido en Taz\u00fa Bar Cultural"}]},{"@type":"WebSite","@id":"https:\/\/cooltivarte.com\/portal\/#website","url":"https:\/\/cooltivarte.com\/portal\/","name":"Cooltivarte Portal","description":"Arte, cultura y turismo para el mundo ...","publisher":{"@id":"https:\/\/cooltivarte.com\/portal\/#organization"},"potentialAction":[{"@type":"SearchAction","target":{"@type":"EntryPoint","urlTemplate":"https:\/\/cooltivarte.com\/portal\/?s={search_term_string}"},"query-input":{"@type":"PropertyValueSpecification","valueRequired":true,"valueName":"search_term_string"}}],"inLanguage":"es-AR"},{"@type":"Organization","@id":"https:\/\/cooltivarte.com\/portal\/#organization","name":"cooltivarte","url":"https:\/\/cooltivarte.com\/portal\/","logo":{"@type":"ImageObject","inLanguage":"es-AR","@id":"https:\/\/cooltivarte.com\/portal\/#\/schema\/logo\/image\/","url":"https:\/\/cooltivarte.com\/portal\/wp-content\/uploads\/2020\/04\/logo-cooltivarte-v2.png","contentUrl":"https:\/\/cooltivarte.com\/portal\/wp-content\/uploads\/2020\/04\/logo-cooltivarte-v2.png","width":851,"height":243,"caption":"cooltivarte"},"image":{"@id":"https:\/\/cooltivarte.com\/portal\/#\/schema\/logo\/image\/"},"sameAs":["https:\/\/www.facebook.com\/cooltivartecom\/","https:\/\/x.com\/obolocultural","https:\/\/www.instagram.com\/_cooltivarte_\/","https:\/\/www.linkedin.com\/company\/-bolocultural?reportsuccess=8zaNG1HwhPbAR9iQhZ5rfGeqz_vQFftHun0ZWU0Wy9vNemRJ8vtcKdJvzQfW8XagyOJSKg0XvfJ1dp","https:\/\/www.pinterest.com\/cooltivarte\/","https:\/\/cooltivarte.tumblr.com\/","https:\/\/www.tiktok.com\/@cooltivarte","https:\/\/www.youtube.com\/@PrensaCooltivarte"]},{"@type":"Person","@id":"https:\/\/cooltivarte.com\/portal\/#\/schema\/person\/e6065430240320d012b4c5e7e6fd8ebd","name":"Mar\u00eda Fernanda Vird\u00f3","image":{"@type":"ImageObject","inLanguage":"es-AR","@id":"https:\/\/cooltivarte.com\/portal\/wp-content\/uploads\/2024\/11\/Maria-Fernanda-Virdo-2-120x120.jpeg","url":"https:\/\/cooltivarte.com\/portal\/wp-content\/uploads\/2024\/11\/Maria-Fernanda-Virdo-2-120x120.jpeg","contentUrl":"https:\/\/cooltivarte.com\/portal\/wp-content\/uploads\/2024\/11\/Maria-Fernanda-Virdo-2-120x120.jpeg","caption":"Mar\u00eda Fernanda Vird\u00f3"},"sameAs":["https:\/\/www.facebook.com\/profile.php?id=100082135684669","https:\/\/www.instagram.com\/mariafernandavirdo_33_44","https:\/\/www.linkedin.com\/company\/-bolocultural","https:\/\/www.pinterest.com\/cooltivarte","https:\/\/x.com\/https:\/\/x.com\/obolocultural","https:\/\/www.youtube.com\/@PrensaCooltivarte","https:\/\/www.tumblr.com\/blog\/cooltivarte"],"url":"https:\/\/cooltivarte.com\/portal\/author\/maria-fernanda-virdo\/"}]}},"_links":{"self":[{"href":"https:\/\/cooltivarte.com\/portal\/wp-json\/wp\/v2\/posts\/123254","targetHints":{"allow":["GET"]}}],"collection":[{"href":"https:\/\/cooltivarte.com\/portal\/wp-json\/wp\/v2\/posts"}],"about":[{"href":"https:\/\/cooltivarte.com\/portal\/wp-json\/wp\/v2\/types\/post"}],"author":[{"embeddable":true,"href":"https:\/\/cooltivarte.com\/portal\/wp-json\/wp\/v2\/users\/214"}],"replies":[{"embeddable":true,"href":"https:\/\/cooltivarte.com\/portal\/wp-json\/wp\/v2\/comments?post=123254"}],"version-history":[{"count":5,"href":"https:\/\/cooltivarte.com\/portal\/wp-json\/wp\/v2\/posts\/123254\/revisions"}],"predecessor-version":[{"id":123317,"href":"https:\/\/cooltivarte.com\/portal\/wp-json\/wp\/v2\/posts\/123254\/revisions\/123317"}],"wp:featuredmedia":[{"embeddable":true,"href":"https:\/\/cooltivarte.com\/portal\/wp-json\/wp\/v2\/media\/123255"}],"wp:attachment":[{"href":"https:\/\/cooltivarte.com\/portal\/wp-json\/wp\/v2\/media?parent=123254"}],"wp:term":[{"taxonomy":"category","embeddable":true,"href":"https:\/\/cooltivarte.com\/portal\/wp-json\/wp\/v2\/categories?post=123254"},{"taxonomy":"post_tag","embeddable":true,"href":"https:\/\/cooltivarte.com\/portal\/wp-json\/wp\/v2\/tags?post=123254"}],"curies":[{"name":"wp","href":"https:\/\/api.w.org\/{rel}","templated":true}]}}