{"id":123174,"date":"2026-02-20T15:57:35","date_gmt":"2026-02-20T18:57:35","guid":{"rendered":"https:\/\/cooltivarte.com\/portal\/?p=123174"},"modified":"2026-02-20T15:57:35","modified_gmt":"2026-02-20T18:57:35","slug":"cuarteto-de-nos-brillo-en-cosquin-rock-de-cordoba","status":"publish","type":"post","link":"https:\/\/cooltivarte.com\/portal\/cuarteto-de-nos-brillo-en-cosquin-rock-de-cordoba\/","title":{"rendered":"Cuarteto de Nos brill\u00f3 en Cosqu\u00edn Rock de C\u00f3rdoba"},"content":{"rendered":"<figure id=\"attachment_123175\" aria-describedby=\"caption-attachment-123175\" style=\"width: 943px\" class=\"wp-caption aligncenter\"><img fetchpriority=\"high\" decoding=\"async\" class=\"wp-image-123175 size-full\" title=\"Cuarteto de Nos brill\u00f3 en Cosqu\u00edn Rock\" src=\"https:\/\/cooltivarte.com\/portal\/wp-content\/uploads\/2026\/02\/Cuarteto-de-Nos-brillo-en-Cosquin-Rock.jpg\" alt=\"Cuarteto de Nos brill\u00f3 en Cosqu\u00edn Rock\" width=\"943\" height=\"625\" srcset=\"https:\/\/cooltivarte.com\/portal\/wp-content\/uploads\/2026\/02\/Cuarteto-de-Nos-brillo-en-Cosquin-Rock.jpg 943w, https:\/\/cooltivarte.com\/portal\/wp-content\/uploads\/2026\/02\/Cuarteto-de-Nos-brillo-en-Cosquin-Rock-300x199.jpg 300w, https:\/\/cooltivarte.com\/portal\/wp-content\/uploads\/2026\/02\/Cuarteto-de-Nos-brillo-en-Cosquin-Rock-768x509.jpg 768w\" sizes=\"(max-width: 943px) 100vw, 943px\" \/><figcaption id=\"caption-attachment-123175\" class=\"wp-caption-text\">Cuarteto de Nos brill\u00f3 en Cosqu\u00edn Rock &#8211; Imagen difusi\u00f3n<\/figcaption><\/figure>\n<p>&nbsp;<\/p>\n<h3><strong>Cuarteto de Nos brill\u00f3 en Cosqu\u00edn Rock de C\u00f3rdoba y prepara un 2026 con celebraciones y nuevo tour<\/strong><\/h3>\n<p>El 2025 fue un a\u00f1o \u00e9pico para el <a href=\"https:\/\/cooltivarte.com\/portal\/?s=Cuarteto+de+Nos\" target=\"_blank\" rel=\"noopener\"><strong>Cuarteto de Nos<\/strong><\/a> y el 2026 viene a celebrar con creces todo lo vivido. Luego de varios a\u00f1os donde no lleg\u00f3 a concretarse su presencia,<strong> Cuarteto de Nos<\/strong> volvi\u00f3 a presentarse en el <strong>Cosqu\u00edn Rock de C\u00f3rdoba<\/strong>, siendo uno de los shows que gener\u00f3 m\u00e1s expectativa por parte del p\u00fablico, que luego se vio representado en una masa humana que salt\u00f3 y core\u00f3 sus canciones.<\/p>\n<p>&nbsp;<\/p>\n<p>En 2025 editaron su nuevo trabajo Puertas, con una acogida abrumadora por parte de su p\u00fablico de siempre y por el nuevo, que se suma de a miles cada a\u00f1o.<\/p>\n<p>Canciones como \u201cEspl\u00edn\u201d, \u201cEn el Cuarto de Nico\u201d o \u201cGanaron los malos\u201d, ya son cl\u00e1sicos en sus shows, as\u00ed como los nuevos personajes que trajo consigo, como el gato \u201cAdorno\u201d, que ya forma parte del universo fant\u00e1stico del Cuarteto de Nos.<\/p>\n<p>Plantaron bandera en el Estadio de Ferro en Buenos Aires, en el Palacio de los Deportes en M\u00e9xico, Movistar Arena de Chile y un sinf\u00edn de venues enormes en toda LATAM que colgaron el cartel de \u201cEntradas Agotadas\u201d en cada uno de sus shows.<\/p>\n<p>Con esta gira internacional, estar\u00e1n visitando en los pr\u00f3ximos meses las fechas ya anunciadas en El Salvador, Panam\u00e1, Estados Unidos, M\u00e9xico, Ecuador, Argentina, Espa\u00f1a y Colombia. En marzo se ir\u00e1n revelando las del segundo semestre. <a href=\"https:\/\/linktr.ee\/cuartetodenostickets\" target=\"_blank\" rel=\"noopener\">Detalle de ciudades y fechas<\/a>.<\/p>\n<p>Para marzo se espera tambi\u00e9n el lanzamiento de una edici\u00f3n limitada del vinilo de Puertas para Europa, en coincidencia con la gira de la banda a Espa\u00f1a. Para Estados Unidos y LATAM ya est\u00e1 disponible en <a href=\"https:\/\/reyvinilo.com\/\" target=\"_blank\" rel=\"noopener\">www.reyvinilo.com<\/a> y en tiendas on line listadas en <a href=\"https:\/\/cuartetodenos.com.uy\/\" target=\"_blank\" rel=\"noopener\">www.cuartetodenos.com.uy&nbsp;<\/a><\/p>\n<p>&nbsp;<\/p>\n<blockquote class=\"tiktok-embed\" style=\"max-width: 100%; min-width: 525px;\" cite=\"https:\/\/www.tiktok.com\/@cooltivarte\/video\/7607235956147506450\" data-video-id=\"7607235956147506450\">\n<section><a title=\"@cooltivarte\" href=\"https:\/\/www.tiktok.com\/@cooltivarte?refer=embed\" target=\"_blank\" rel=\"noopener\">@cooltivarte<\/a>Cuarteto de Nos en Cosquin rock 2026 argentina 14 y 15 de febrero \/ aer\u00f3dromo santa mar\u00eda de punilla \/ c\u00f3rdoba, argentina https:\/\/cooltivarte.com\/portal\/?s=cuarteto+de+nos #Cosqu\u00ednRock #cuarteto #cuartetodenos #elcuartetodenos #Cosqu\u00ednRockargentina<\/p>\n<p><a title=\"\u266c sonido original - cooltivarte\" href=\"https:\/\/www.tiktok.com\/music\/sonido-original-cooltivarte-7607235993565825810?refer=embed\" target=\"_blank\" rel=\"noopener\">\u266c sonido original &#8211; cooltivarte<\/a><\/p>\n<\/section>\n<\/blockquote>\n<p><script async=\"\" src=\"https:\/\/www.tiktok.com\/embed.js\"><\/script><br \/>\n&nbsp;<\/p>\n<p>En Abril, <strong>Cuarteto de Nos<\/strong> cruzar\u00e1 las puertas del tiempo para celebrar el aniversario 20 de su m\u00edtico \u00e1lbum Raro, uno de los discos m\u00e1s representativos de su carrera. Este aniversario llega con novedades y nuevos formatos del disco original que ya conocemos. La celebraci\u00f3n se plantea desde la perspectiva de la vigencia, destacando c\u00f3mo a\u00fan despu\u00e9s de dos d\u00e9cadas los temas de este \u00e1lbum son m\u00e1s actuales y potentes que nunca y siguen impactando a las nuevas generaciones.<\/p>\n<p>Este a\u00f1o las puertas conectan con distintas eras, con canciones que a\u00fan no vieron la luz en vivo, aniversarios y nuevas creaciones, adem\u00e1s de abrirse en todas las ciudades que restan por experimentar este incre\u00edble show que vienen d\u00e1ndonos.<\/p>\n<p>Un a\u00f1o de conexi\u00f3n y celebraci\u00f3n.<\/p>\n<p>&nbsp;<\/p>\n<p>&nbsp;<\/p>\n","protected":false},"excerpt":{"rendered":"<p>Cuarteto de Nos brill\u00f3 en Cosqu\u00edn Rock de C\u00f3rdoba y prepara un 2026 con celebraciones y nuevo tour<\/p>\n<p>El 2025 fue un a\u00f1o \u00e9pico para el Cuarteto de Nos y el 2026 viene a celebrar con creces todo lo vivido. Luego de varios a\u00f1os donde no lleg\u00f3 a concretarse su presencia, Cuarteto de Nos volvi\u00f3 a presentarse en el Cosqu\u00edn Rock de C\u00f3rdoba, siendo uno de los shows que gener\u00f3 m\u00e1s expectativa por parte del p\u00fablico, que luego se vio representado en una masa humana que salt\u00f3 y core\u00f3 sus canciones.<\/p>\n<p>En 2025 editaron su nuevo trabajo Puertas, con una acogida abrumadora por parte de su p\u00fablico de siempre y por el nuevo, que se suma de a miles cada a\u00f1o.<\/p>\n<p>Canciones como \u201cEspl\u00edn\u201d, \u201cEn el Cuarto de Nico\u201d o \u201cGanaron los malos\u201d, ya son cl\u00e1sicos en sus shows, as\u00ed como los nuevos personajes que trajo consigo, como el gato \u201cAdorno\u201d, que ya forma parte del universo fant\u00e1stico del Cuarteto de Nos.<\/p>\n<p>Plantaron bandera en el Estadio de Ferro en Buenos Aires, en el Palacio de los Deportes en M\u00e9xico, Movistar Arena de Chile y un sinf\u00edn de venues enormes en toda LATAM que colgaron el cartel de \u201cEntradas Agotadas\u201d en cada uno de sus shows.<\/p>\n<p>Con esta gira internacional, estar\u00e1n visitando en los pr\u00f3ximos meses las fechas ya anunciadas en El Salvador, Panam\u00e1, Estados Unidos, M\u00e9xico, Ecuador, Argentina, Espa\u00f1a y Colombia. En marzo se ir\u00e1n revelando las del segundo semestre. Detalle de ciudades y fechas.<\/p>\n<p>Para marzo se espera tambi\u00e9n el lanzamiento de una edici\u00f3n limitada del vinilo de Puertas para Europa, en coincidencia con la gira de la banda a Espa\u00f1a. Para Estados Unidos y LATAM ya est\u00e1 disponible en www.reyvinilo.com y en tiendas on line listadas en www.cuartetodenos.com.uy\u00a0<\/p>\n","protected":false},"author":8,"featured_media":123175,"comment_status":"closed","ping_status":"closed","sticky":false,"template":"","format":"standard","meta":{"om_disable_all_campaigns":false,"ngg_post_thumbnail":0,"jnews-multi-image_gallery":[],"jnews_single_post":{"format":"standard","override":[{"template":"4","parallax":"1","layout":"right-sidebar","sidebar":"default-sidebar","second_sidebar":"default-sidebar","sticky_sidebar":"1","share_position":"bottom","share_float_style":"share-monocrhome","show_share_counter":"1","show_view_counter":"1","show_featured":"1","show_post_meta":"1","show_post_author":"1","show_post_author_image":"1","show_post_date":"1","post_date_format":"default","post_date_format_custom":"Y\/m\/d","show_post_category":"1","post_reading_time_wpm":"300","post_calculate_word_method":"str_word_count","zoom_button_out_step":"2","zoom_button_in_step":"3","show_post_tag":"1","show_prev_next_post":"1","show_popup_post":"1","show_comment_section":"1","number_popup_post":"1","show_author_box":"1","show_post_related":"0","show_inline_post_related":"0"}],"image_override":[{"single_post_thumbnail_size":"no-crop","single_post_gallery_size":"crop-500"}],"trending_post_position":"meta","trending_post_label":"Trending","sponsored_post_label":"Sponsored by","disable_ad":"0","subtitle":"y prepara un 2026 con celebraciones y nuevo tour"},"jnews_primary_category":[],"jnews_social_meta":[],"jnews_override_counter":{"view_counter_number":"0","share_counter_number":"0","like_counter_number":"0","dislike_counter_number":"0"},"footnotes":""},"categories":[51],"tags":[25792,99],"class_list":["post-123174","post","type-post","status-publish","format-standard","has-post-thumbnail","hentry","category-noticias","tag-cosquin-rock-de-cordoba","tag-cuarteto-de-nos"],"yoast_head":"<!-- This site is optimized with the Yoast SEO plugin v27.5 - https:\/\/yoast.com\/product\/yoast-seo-wordpress\/ -->\n<title>Cuarteto de Nos brill\u00f3 en Cosqu\u00edn Rock de C\u00f3rdoba - Cooltivarte Portal<\/title>\n<meta name=\"description\" content=\"Cuarteto de Nos volvi\u00f3 a presentarse en el Cosqu\u00edn Rock de C\u00f3rdoba, siendo uno de los shows que gener\u00f3 m\u00e1s expectativa por parte del p\u00fablico, que luego se vio representado en una masa humana que salt\u00f3 y core\u00f3 sus canciones.\" \/>\n<meta name=\"robots\" content=\"index, follow, max-snippet:-1, max-image-preview:large, max-video-preview:-1\" \/>\n<link rel=\"canonical\" href=\"https:\/\/cooltivarte.com\/portal\/cuarteto-de-nos-brillo-en-cosquin-rock-de-cordoba\/\" \/>\n<meta property=\"og:locale\" content=\"es_ES\" \/>\n<meta property=\"og:type\" content=\"article\" \/>\n<meta property=\"og:title\" content=\"Cuarteto de Nos brill\u00f3 en Cosqu\u00edn Rock de C\u00f3rdoba y prepara un 2026 con celebraciones y nuevo tour\" \/>\n<meta property=\"og:description\" content=\"Cuarteto de Nos volvi\u00f3 a presentarse en el Cosqu\u00edn Rock de C\u00f3rdoba, siendo uno de los shows que gener\u00f3 m\u00e1s expectativa por parte del p\u00fablico, que luego se vio representado en una masa humana que salt\u00f3 y core\u00f3 sus canciones.\" \/>\n<meta property=\"og:url\" content=\"https:\/\/cooltivarte.com\/portal\/cuarteto-de-nos-brillo-en-cosquin-rock-de-cordoba\/\" \/>\n<meta property=\"og:site_name\" content=\"Cooltivarte Portal\" \/>\n<meta property=\"article:publisher\" content=\"https:\/\/www.facebook.com\/cooltivartecom\/\" \/>\n<meta property=\"article:author\" content=\"https:\/\/www.facebook.com\/cooltivartecom\" \/>\n<meta property=\"article:published_time\" content=\"2026-02-20T18:57:35+00:00\" \/>\n<meta property=\"og:image\" content=\"https:\/\/cooltivarte.com\/portal\/wp-content\/uploads\/2026\/02\/Cuarteto-de-Nos-brillo-en-Cosquin-Rock.jpg\" \/>\n\t<meta property=\"og:image:width\" content=\"943\" \/>\n\t<meta property=\"og:image:height\" content=\"625\" \/>\n\t<meta property=\"og:image:type\" content=\"image\/jpeg\" \/>\n<meta name=\"author\" content=\"Cooltivarte\" \/>\n<meta name=\"twitter:card\" content=\"summary_large_image\" \/>\n<meta name=\"twitter:title\" content=\"Cuarteto de Nos brill\u00f3 en Cosqu\u00edn Rock de C\u00f3rdoba y prepara un 2026 con celebraciones y nuevo tour\" \/>\n<meta name=\"twitter:description\" content=\"Cuarteto de Nos volvi\u00f3 a presentarse en el Cosqu\u00edn Rock de C\u00f3rdoba, siendo uno de los shows que gener\u00f3 m\u00e1s expectativa por parte del p\u00fablico, que luego se vio representado en una masa humana que salt\u00f3 y core\u00f3 sus canciones.\" \/>\n<meta name=\"twitter:image\" content=\"https:\/\/cooltivarte.com\/portal\/wp-content\/uploads\/2026\/02\/Cuarteto-de-Nos-brillo-en-Cosquin-Rock.jpg\" \/>\n<meta name=\"twitter:creator\" content=\"@https:\/\/x.com\/obolocultural\" \/>\n<meta name=\"twitter:site\" content=\"@obolocultural\" \/>\n<meta name=\"twitter:label1\" content=\"Escrito por\" \/>\n\t<meta name=\"twitter:data1\" content=\"Cooltivarte\" \/>\n\t<meta name=\"twitter:label2\" content=\"Tiempo de lectura\" \/>\n\t<meta name=\"twitter:data2\" content=\"3 minutos\" \/>\n<!-- \/ Yoast SEO plugin. -->","yoast_head_json":{"title":"Cuarteto de Nos brill\u00f3 en Cosqu\u00edn Rock de C\u00f3rdoba - Cooltivarte Portal","description":"Cuarteto de Nos volvi\u00f3 a presentarse en el Cosqu\u00edn Rock de C\u00f3rdoba, siendo uno de los shows que gener\u00f3 m\u00e1s expectativa por parte del p\u00fablico, que luego se vio representado en una masa humana que salt\u00f3 y core\u00f3 sus canciones.","robots":{"index":"index","follow":"follow","max-snippet":"max-snippet:-1","max-image-preview":"max-image-preview:large","max-video-preview":"max-video-preview:-1"},"canonical":"https:\/\/cooltivarte.com\/portal\/cuarteto-de-nos-brillo-en-cosquin-rock-de-cordoba\/","og_locale":"es_ES","og_type":"article","og_title":"Cuarteto de Nos brill\u00f3 en Cosqu\u00edn Rock de C\u00f3rdoba y prepara un 2026 con celebraciones y nuevo tour","og_description":"Cuarteto de Nos volvi\u00f3 a presentarse en el Cosqu\u00edn Rock de C\u00f3rdoba, siendo uno de los shows que gener\u00f3 m\u00e1s expectativa por parte del p\u00fablico, que luego se vio representado en una masa humana que salt\u00f3 y core\u00f3 sus canciones.","og_url":"https:\/\/cooltivarte.com\/portal\/cuarteto-de-nos-brillo-en-cosquin-rock-de-cordoba\/","og_site_name":"Cooltivarte Portal","article_publisher":"https:\/\/www.facebook.com\/cooltivartecom\/","article_author":"https:\/\/www.facebook.com\/cooltivartecom","article_published_time":"2026-02-20T18:57:35+00:00","og_image":[{"width":943,"height":625,"url":"https:\/\/cooltivarte.com\/portal\/wp-content\/uploads\/2026\/02\/Cuarteto-de-Nos-brillo-en-Cosquin-Rock.jpg","type":"image\/jpeg"}],"author":"Cooltivarte","twitter_card":"summary_large_image","twitter_title":"Cuarteto de Nos brill\u00f3 en Cosqu\u00edn Rock de C\u00f3rdoba y prepara un 2026 con celebraciones y nuevo tour","twitter_description":"Cuarteto de Nos volvi\u00f3 a presentarse en el Cosqu\u00edn Rock de C\u00f3rdoba, siendo uno de los shows que gener\u00f3 m\u00e1s expectativa por parte del p\u00fablico, que luego se vio representado en una masa humana que salt\u00f3 y core\u00f3 sus canciones.","twitter_image":"https:\/\/cooltivarte.com\/portal\/wp-content\/uploads\/2026\/02\/Cuarteto-de-Nos-brillo-en-Cosquin-Rock.jpg","twitter_creator":"@https:\/\/x.com\/obolocultural","twitter_site":"@obolocultural","twitter_misc":{"Escrito por":"Cooltivarte","Tiempo de lectura":"3 minutos"},"schema":{"@context":"https:\/\/schema.org","@graph":[{"@type":"NewsArticle","@id":"https:\/\/cooltivarte.com\/portal\/cuarteto-de-nos-brillo-en-cosquin-rock-de-cordoba\/#article","isPartOf":{"@id":"https:\/\/cooltivarte.com\/portal\/cuarteto-de-nos-brillo-en-cosquin-rock-de-cordoba\/"},"author":{"name":"Cooltivarte","@id":"https:\/\/cooltivarte.com\/portal\/#\/schema\/person\/ec2a4f4e71b740d0c559c0ab9a157e19"},"headline":"Cuarteto de Nos brill\u00f3 en Cosqu\u00edn Rock de C\u00f3rdoba","datePublished":"2026-02-20T18:57:35+00:00","mainEntityOfPage":{"@id":"https:\/\/cooltivarte.com\/portal\/cuarteto-de-nos-brillo-en-cosquin-rock-de-cordoba\/"},"wordCount":530,"publisher":{"@id":"https:\/\/cooltivarte.com\/portal\/#organization"},"image":{"@id":"https:\/\/cooltivarte.com\/portal\/cuarteto-de-nos-brillo-en-cosquin-rock-de-cordoba\/#primaryimage"},"thumbnailUrl":"https:\/\/cooltivarte.com\/portal\/wp-content\/uploads\/2026\/02\/Cuarteto-de-Nos-brillo-en-Cosquin-Rock.jpg","keywords":["Cosqu\u00edn Rock de C\u00f3rdoba","Cuarteto de Nos"],"articleSection":["Noticias"],"inLanguage":"es-AR"},{"@type":"WebPage","@id":"https:\/\/cooltivarte.com\/portal\/cuarteto-de-nos-brillo-en-cosquin-rock-de-cordoba\/","url":"https:\/\/cooltivarte.com\/portal\/cuarteto-de-nos-brillo-en-cosquin-rock-de-cordoba\/","name":"Cuarteto de Nos brill\u00f3 en Cosqu\u00edn Rock de C\u00f3rdoba - Cooltivarte Portal","isPartOf":{"@id":"https:\/\/cooltivarte.com\/portal\/#website"},"primaryImageOfPage":{"@id":"https:\/\/cooltivarte.com\/portal\/cuarteto-de-nos-brillo-en-cosquin-rock-de-cordoba\/#primaryimage"},"image":{"@id":"https:\/\/cooltivarte.com\/portal\/cuarteto-de-nos-brillo-en-cosquin-rock-de-cordoba\/#primaryimage"},"thumbnailUrl":"https:\/\/cooltivarte.com\/portal\/wp-content\/uploads\/2026\/02\/Cuarteto-de-Nos-brillo-en-Cosquin-Rock.jpg","datePublished":"2026-02-20T18:57:35+00:00","description":"Cuarteto de Nos volvi\u00f3 a presentarse en el Cosqu\u00edn Rock de C\u00f3rdoba, siendo uno de los shows que gener\u00f3 m\u00e1s expectativa por parte del p\u00fablico, que luego se vio representado en una masa humana que salt\u00f3 y core\u00f3 sus canciones.","breadcrumb":{"@id":"https:\/\/cooltivarte.com\/portal\/cuarteto-de-nos-brillo-en-cosquin-rock-de-cordoba\/#breadcrumb"},"inLanguage":"es-AR","potentialAction":[{"@type":"ReadAction","target":["https:\/\/cooltivarte.com\/portal\/cuarteto-de-nos-brillo-en-cosquin-rock-de-cordoba\/"]}]},{"@type":"ImageObject","inLanguage":"es-AR","@id":"https:\/\/cooltivarte.com\/portal\/cuarteto-de-nos-brillo-en-cosquin-rock-de-cordoba\/#primaryimage","url":"https:\/\/cooltivarte.com\/portal\/wp-content\/uploads\/2026\/02\/Cuarteto-de-Nos-brillo-en-Cosquin-Rock.jpg","contentUrl":"https:\/\/cooltivarte.com\/portal\/wp-content\/uploads\/2026\/02\/Cuarteto-de-Nos-brillo-en-Cosquin-Rock.jpg","width":943,"height":625,"caption":"Cuarteto de Nos brill\u00f3 en Cosqu\u00edn Rock"},{"@type":"BreadcrumbList","@id":"https:\/\/cooltivarte.com\/portal\/cuarteto-de-nos-brillo-en-cosquin-rock-de-cordoba\/#breadcrumb","itemListElement":[{"@type":"ListItem","position":1,"name":"Portada","item":"https:\/\/cooltivarte.com\/portal\/"},{"@type":"ListItem","position":2,"name":"Cuarteto de Nos brill\u00f3 en Cosqu\u00edn Rock de C\u00f3rdoba"}]},{"@type":"WebSite","@id":"https:\/\/cooltivarte.com\/portal\/#website","url":"https:\/\/cooltivarte.com\/portal\/","name":"Cooltivarte Portal","description":"Arte, cultura y turismo para el mundo ...","publisher":{"@id":"https:\/\/cooltivarte.com\/portal\/#organization"},"potentialAction":[{"@type":"SearchAction","target":{"@type":"EntryPoint","urlTemplate":"https:\/\/cooltivarte.com\/portal\/?s={search_term_string}"},"query-input":{"@type":"PropertyValueSpecification","valueRequired":true,"valueName":"search_term_string"}}],"inLanguage":"es-AR"},{"@type":"Organization","@id":"https:\/\/cooltivarte.com\/portal\/#organization","name":"cooltivarte","url":"https:\/\/cooltivarte.com\/portal\/","logo":{"@type":"ImageObject","inLanguage":"es-AR","@id":"https:\/\/cooltivarte.com\/portal\/#\/schema\/logo\/image\/","url":"https:\/\/cooltivarte.com\/portal\/wp-content\/uploads\/2020\/04\/logo-cooltivarte-v2.png","contentUrl":"https:\/\/cooltivarte.com\/portal\/wp-content\/uploads\/2020\/04\/logo-cooltivarte-v2.png","width":851,"height":243,"caption":"cooltivarte"},"image":{"@id":"https:\/\/cooltivarte.com\/portal\/#\/schema\/logo\/image\/"},"sameAs":["https:\/\/www.facebook.com\/cooltivartecom\/","https:\/\/x.com\/obolocultural","https:\/\/www.instagram.com\/_cooltivarte_\/","https:\/\/www.linkedin.com\/company\/-bolocultural?reportsuccess=8zaNG1HwhPbAR9iQhZ5rfGeqz_vQFftHun0ZWU0Wy9vNemRJ8vtcKdJvzQfW8XagyOJSKg0XvfJ1dp","https:\/\/www.pinterest.com\/cooltivarte\/","https:\/\/cooltivarte.tumblr.com\/","https:\/\/www.tiktok.com\/@cooltivarte","https:\/\/www.youtube.com\/@PrensaCooltivarte"]},{"@type":"Person","@id":"https:\/\/cooltivarte.com\/portal\/#\/schema\/person\/ec2a4f4e71b740d0c559c0ab9a157e19","name":"Cooltivarte","image":{"@type":"ImageObject","inLanguage":"es-AR","@id":"https:\/\/cooltivarte.com\/portal\/wp-content\/uploads\/2014\/05\/logo-cooltivarte-120x120.jpg","url":"https:\/\/cooltivarte.com\/portal\/wp-content\/uploads\/2014\/05\/logo-cooltivarte-120x120.jpg","contentUrl":"https:\/\/cooltivarte.com\/portal\/wp-content\/uploads\/2014\/05\/logo-cooltivarte-120x120.jpg","caption":"Cooltivarte"},"description":"Somos COOLTIVARTE.COM. Un portal digital dedicado a difundir el acontecer art\u00edstico y cultural del Uruguay. Estamos en la vuelta desde el a\u00f1o 2003, y como evoluci\u00f3n del bolet\u00edn Obolo Cultural, nos encontramos abocados a apoyar a los artistas nacionales brind\u00e1ndoles un espacio de difusi\u00f3n. Creemos en la idea de utilizar la potencialidad que hoy d\u00eda nos otorga la web, para que la cultura uruguaya y sus creadores dispongan de una din\u00e1mica ventana, que los ponga en contacto entre s\u00ed y con el mundo. Somos COOLTIVARTE.COM y pretendemos configurarnos como un portal din\u00e1mico, entretenido y atento a los nuevos emprendimientos, que busque siempre la interacci\u00f3n con los artistas.","sameAs":["http:\/\/www.cooltivarte.com","https:\/\/www.facebook.com\/cooltivartecom","https:\/\/www.instagram.com\/_cooltivarte_\/","https:\/\/www.linkedin.com\/company\/-bolocultural","https:\/\/www.pinterest.com\/cooltivarte\/","https:\/\/x.com\/https:\/\/x.com\/obolocultural","https:\/\/www.youtube.com\/@PrensaCooltivarte","https:\/\/www.tumblr.com\/blog\/cooltivarte"],"url":"https:\/\/cooltivarte.com\/portal\/author\/cooltivarte\/"}]}},"_links":{"self":[{"href":"https:\/\/cooltivarte.com\/portal\/wp-json\/wp\/v2\/posts\/123174","targetHints":{"allow":["GET"]}}],"collection":[{"href":"https:\/\/cooltivarte.com\/portal\/wp-json\/wp\/v2\/posts"}],"about":[{"href":"https:\/\/cooltivarte.com\/portal\/wp-json\/wp\/v2\/types\/post"}],"author":[{"embeddable":true,"href":"https:\/\/cooltivarte.com\/portal\/wp-json\/wp\/v2\/users\/8"}],"replies":[{"embeddable":true,"href":"https:\/\/cooltivarte.com\/portal\/wp-json\/wp\/v2\/comments?post=123174"}],"version-history":[{"count":1,"href":"https:\/\/cooltivarte.com\/portal\/wp-json\/wp\/v2\/posts\/123174\/revisions"}],"predecessor-version":[{"id":123176,"href":"https:\/\/cooltivarte.com\/portal\/wp-json\/wp\/v2\/posts\/123174\/revisions\/123176"}],"wp:featuredmedia":[{"embeddable":true,"href":"https:\/\/cooltivarte.com\/portal\/wp-json\/wp\/v2\/media\/123175"}],"wp:attachment":[{"href":"https:\/\/cooltivarte.com\/portal\/wp-json\/wp\/v2\/media?parent=123174"}],"wp:term":[{"taxonomy":"category","embeddable":true,"href":"https:\/\/cooltivarte.com\/portal\/wp-json\/wp\/v2\/categories?post=123174"},{"taxonomy":"post_tag","embeddable":true,"href":"https:\/\/cooltivarte.com\/portal\/wp-json\/wp\/v2\/tags?post=123174"}],"curies":[{"name":"wp","href":"https:\/\/api.w.org\/{rel}","templated":true}]}}