{"id":123144,"date":"2026-02-20T11:51:57","date_gmt":"2026-02-20T14:51:57","guid":{"rendered":"https:\/\/cooltivarte.com\/portal\/?p=123144"},"modified":"2026-02-20T13:49:04","modified_gmt":"2026-02-20T16:49:04","slug":"iii-cumbre-flamenca-tablao-teatro-solis","status":"publish","type":"post","link":"https:\/\/cooltivarte.com\/portal\/iii-cumbre-flamenca-tablao-teatro-solis\/","title":{"rendered":"III Cumbre Flamenca Tablao &#8211; Teatro Solis"},"content":{"rendered":"<p><img fetchpriority=\"high\" decoding=\"async\" class=\"aligncenter wp-image-123145 size-full\" title=\"III Cumbre Flamenca Tablao - Teatro Solis - Inicio 9 de marzo 2026 - 2030 horas\" src=\"https:\/\/cooltivarte.com\/portal\/wp-content\/uploads\/2026\/02\/III-Cumbre-Flamenca-Tablao-Teatro-Solis-Inicio-9-de-marzo-2026-2030-horas.jpg\" alt=\"III Cumbre Flamenca Tablao - Teatro Solis - Inicio 9 de marzo 2026 - 2030 horas\" width=\"571\" height=\"714\" srcset=\"https:\/\/cooltivarte.com\/portal\/wp-content\/uploads\/2026\/02\/III-Cumbre-Flamenca-Tablao-Teatro-Solis-Inicio-9-de-marzo-2026-2030-horas.jpg 571w, https:\/\/cooltivarte.com\/portal\/wp-content\/uploads\/2026\/02\/III-Cumbre-Flamenca-Tablao-Teatro-Solis-Inicio-9-de-marzo-2026-2030-horas-240x300.jpg 240w\" sizes=\"(max-width: 571px) 100vw, 571px\" \/><\/p>\n<h3>&nbsp;<\/h3>\n<h3><strong>III Cumbre Flamenca Tablao &#8211; Teatro Solis &#8211; Inicio 9 de marzo 2026 &#8211; 2030 horas<\/strong><\/h3>\n<p><a href=\"https:\/\/tickantel.com.uy\/inicio\/espectaculo\/40020233\/espectaculo\/Tablao%20Flamenco%20-%20Marzo?0\" target=\"_blank\" rel=\"noopener\">Entradas en venta<\/a><\/p>\n<p>&nbsp;<\/p>\n<p>Apertura de la<strong> III Cumbre Flamenca en Uruguay<\/strong>. Programa declarado de inter\u00e9s cultural por el MEC, dirigido por la bailaora hispano uruguaya <strong>Valeria Gal\u00e1n<\/strong>, que viene erigi\u00e9ndose en una referencia para dar a conocer el Flamenco como Patrimonio Cultural Inmaterial de la Humanidad en Uruguay, basado en la programaci\u00f3n de los artistas m\u00e1s destacados de la regi\u00f3n en el espacio m\u00e1s emblem\u00e1tico de la cultura de Uruguay. Se llevar\u00e1 a cabo entre marzo y noviembre de 2026 en el Teatro Sol\u00eds.&nbsp;<\/p>\n<p>Seleccionado por el Programa de Cooperaci\u00f3n Cultural para las Artes Esc\u00e9nicas <b>IBERESCENA<\/b>, cuenta con el apoyo de la Embajada de Espa\u00f1a y se est\u00e1 gestionando apoyo de la Unesco. Como novedad principal, este a\u00f1o la cumbre llega a Argentina y abre una nueva l\u00ednea curatorial. Tambi\u00e9n contar\u00e1 con 2 nuevos ejes de actividad, de formaci\u00f3n<b><i> Ra\u00edz <\/i><\/b>y creaci\u00f3n <b><i>Trama<\/i><\/b>.&nbsp;<\/p>\n<p>Se llevar\u00e1 a cabo en 2 formatos distintos. El formato <b>Tablao Flamenco,<\/b> comienza el pr\u00f3ximo 9 de marzo y tendr\u00e1 una frecuencia bimensual en la intimidad de la sala Zavala Muniz. La segunda curadur\u00eda es de obras y galas de figuras con una \u00fanica funci\u00f3n el 8 de junio en la sala principal del Teatro Sol\u00eds, con la <b>Gala Gloria del Rosario (Espa\u00f1a).<\/b><\/p>\n<p>&nbsp;<\/p>\n<p>Fechas 2026&nbsp;&nbsp;<\/p>\n<ul>\n<li aria-level=\"1\">9 de marzo<\/li>\n<li aria-level=\"1\">19 de mayo<\/li>\n<li aria-level=\"1\">8 de junio<\/li>\n<li aria-level=\"1\">20 de julio<\/li>\n<li aria-level=\"1\">15 de septiembre<\/li>\n<li aria-level=\"1\">23 de noviembre<\/li>\n<\/ul>\n<p>&nbsp;<\/p>\n<p>El pr\u00f3ximo 9 de marzo dar\u00e1 comienzo a las 20:30 horas el primer cuadro art\u00edstico, compuesto por el bailar\u00edn argentino Alexis Men\u00e9ndez, la bailadora uruguaya Valeria Gal\u00e1n, el argentino Eugenio Romero en cante y en guitarra el brasile\u00f1o Giovani Capaletti.<\/p>\n<p>Espect\u00e1culo \u00fanico. Un aut\u00e9ntico Tablao Flamenco, sin ensayos ni coreograf\u00edas, en una experiencia inmersiva apasionante, con la intensidad, la belleza y la magia tan propia de este arte.&nbsp;<\/p>\n<p>Como ya es un cl\u00e1sico de este formato, al final de cada funci\u00f3n habr\u00e1 un Meet &amp; Greet en formato conversatorio donde los artistas compartir\u00e1n su&nbsp; experiencia con el p\u00fablico y se profundizar\u00e1 sobre el lenguaje flamenco.<\/p>\n<p>&nbsp;<br \/>\n<iframe title=\"Fragmentos del lanzamiento del festival Pieles Cumbre Flamenca 2025 en el evento NOSOTRAS ADELANTE en la explanada del Teatro Sol\u00eds\" src=\"https:\/\/www.youtube.com\/embed\/4mkzB-SVPGI?si=CbTTBMla4iB7CSdq\" width=\"100%\" height=\"515\" frameborder=\"0\" allowfullscreen=\"allowfullscreen\"><span style=\"display: inline-block; width: 0px; overflow: hidden; line-height: 0;\" data-mce-type=\"bookmark\" class=\"mce_SELRES_start\">\ufeff<\/span><\/iframe><br \/>\n&nbsp;<\/p>\n<p>&nbsp;<\/p>\n<p>&nbsp;<\/p>\n","protected":false},"excerpt":{"rendered":"<p>III Cumbre Flamenca Tablao &#8211; Teatro Solis &#8211; Inicio 9 de marzo 2026 &#8211; 2030 horas<\/p>\n<p>Entradas en venta<\/p>\n<p>Apertura de la III Cumbre Flamenca en Uruguay. Programa declarado de inter\u00e9s cultural por el MEC, dirigido por la bailaora hispano uruguaya Valeria Gal\u00e1n, que viene erigi\u00e9ndose en una referencia para dar a conocer el Flamenco como Patrimonio Cultural Inmaterial de la Humanidad en Uruguay, basado en la programaci\u00f3n de los artistas m\u00e1s destacados de la regi\u00f3n en el espacio m\u00e1s emblem\u00e1tico de la cultura de Uruguay. Se llevar\u00e1 a cabo entre marzo y noviembre de 2026 en el Teatro Sol\u00eds.\u00a0<\/p>\n<p>Seleccionado por el Programa de Cooperaci\u00f3n Cultural para las Artes Esc\u00e9nicas IBERESCENA, cuenta con el apoyo de la Embajada de Espa\u00f1a y se est\u00e1 gestionando apoyo de la Unesco. Como novedad principal, este a\u00f1o la cumbre llega a Argentina y abre una nueva l\u00ednea curatorial. Tambi\u00e9n contar\u00e1 con 2 nuevos ejes de actividad, de formaci\u00f3n Ra\u00edz y creaci\u00f3n Trama.\u00a0<\/p>\n<p>Se llevar\u00e1 a cabo en 2 formatos distintos. El formato Tablao Flamenco, comienza el pr\u00f3ximo 9 de marzo y tendr\u00e1 una frecuencia bimensual en la intimidad de la sala Zavala Muniz. La segunda curadur\u00eda es de obras y galas de figuras con una \u00fanica funci\u00f3n el 8 de junio en la sala principal del Teatro Sol\u00eds, con la Gala Gloria del Rosario (Espa\u00f1a).<\/p>\n","protected":false},"author":8,"featured_media":123145,"comment_status":"closed","ping_status":"closed","sticky":false,"template":"","format":"standard","meta":{"om_disable_all_campaigns":false,"ngg_post_thumbnail":0,"jnews-multi-image_gallery":[],"jnews_single_post":{"format":"standard","override":[{"template":"4","parallax":"1","layout":"right-sidebar","sidebar":"default-sidebar","second_sidebar":"default-sidebar","sticky_sidebar":"1","share_position":"bottom","share_float_style":"share-monocrhome","show_share_counter":"1","show_view_counter":"1","show_featured":"1","show_post_meta":"1","show_post_author":"1","show_post_author_image":"1","show_post_date":"1","post_date_format":"default","post_date_format_custom":"Y\/m\/d","show_post_category":"1","post_reading_time_wpm":"300","post_calculate_word_method":"str_word_count","zoom_button_out_step":"2","zoom_button_in_step":"3","show_post_tag":"1","show_prev_next_post":"1","show_popup_post":"1","show_comment_section":"1","number_popup_post":"1","show_author_box":"1","show_post_related":"0","show_inline_post_related":"0"}],"image_override":[{"single_post_thumbnail_size":"no-crop","single_post_gallery_size":"crop-500"}],"trending_post_position":"meta","trending_post_label":"Trending","sponsored_post_label":"Sponsored by","disable_ad":"0","subtitle":"Inicio 9 de marzo 2026 - 20:30 horas"},"jnews_primary_category":[],"jnews_social_meta":[],"jnews_override_counter":{"view_counter_number":"0","share_counter_number":"0","like_counter_number":"0","dislike_counter_number":"0"},"footnotes":""},"categories":[3394],"tags":[19670,25787,6280,92,14401],"class_list":["post-123144","post","type-post","status-publish","format-standard","has-post-thumbnail","hentry","category-eventos","tag-cumbre","tag-flamenca-tablao","tag-tablao-flamenco","tag-teatro-solis","tag-valeria-galan"],"yoast_head":"<!-- This site is optimized with the Yoast SEO plugin v27.5 - https:\/\/yoast.com\/product\/yoast-seo-wordpress\/ -->\n<title>III Cumbre Flamenca Tablao - Teatro Solis - Cooltivarte Portal<\/title>\n<meta name=\"description\" content=\"Apertura de la III Cumbre Flamenca en Uruguay. Programa declarado de inter\u00e9s cultural por el MEC, dirigido por la bailaora hispano uruguaya Valeria Gal\u00e1n\" \/>\n<meta name=\"robots\" content=\"index, follow, max-snippet:-1, max-image-preview:large, max-video-preview:-1\" \/>\n<link rel=\"canonical\" href=\"https:\/\/cooltivarte.com\/portal\/iii-cumbre-flamenca-tablao-teatro-solis\/\" \/>\n<meta property=\"og:locale\" content=\"es_ES\" \/>\n<meta property=\"og:type\" content=\"article\" \/>\n<meta property=\"og:title\" content=\"III Cumbre Flamenca Tablao - Teatro Solis - Inicio 9 de marzo 2026 - 20:30 horas\" \/>\n<meta property=\"og:description\" content=\"Apertura de la III Cumbre Flamenca en Uruguay. Programa declarado de inter\u00e9s cultural por el MEC, dirigido por la bailaora hispano uruguaya Valeria Gal\u00e1n\" \/>\n<meta property=\"og:url\" content=\"https:\/\/cooltivarte.com\/portal\/iii-cumbre-flamenca-tablao-teatro-solis\/\" \/>\n<meta property=\"og:site_name\" content=\"Cooltivarte Portal\" \/>\n<meta property=\"article:publisher\" content=\"https:\/\/www.facebook.com\/cooltivartecom\/\" \/>\n<meta property=\"article:author\" content=\"https:\/\/www.facebook.com\/cooltivartecom\" \/>\n<meta property=\"article:published_time\" content=\"2026-02-20T14:51:57+00:00\" \/>\n<meta property=\"article:modified_time\" content=\"2026-02-20T16:49:04+00:00\" \/>\n<meta property=\"og:image\" content=\"https:\/\/cooltivarte.com\/portal\/wp-content\/uploads\/2026\/02\/III-Cumbre-Flamenca-Tablao-Teatro-Solis-Inicio-9-de-marzo-2026-2030-horas.jpg\" \/>\n\t<meta property=\"og:image:width\" content=\"571\" \/>\n\t<meta property=\"og:image:height\" content=\"714\" \/>\n\t<meta property=\"og:image:type\" content=\"image\/jpeg\" \/>\n<meta name=\"author\" content=\"Cooltivarte\" \/>\n<meta name=\"twitter:card\" content=\"summary_large_image\" \/>\n<meta name=\"twitter:title\" content=\"III Cumbre Flamenca Tablao - Teatro Solis - Inicio 9 de marzo 2026 - 2030 horas\" \/>\n<meta name=\"twitter:description\" content=\"Apertura de la III Cumbre Flamenca en Uruguay. Programa declarado de inter\u00e9s cultural por el MEC, dirigido por la bailaora hispano uruguaya Valeria Gal\u00e1n\" \/>\n<meta name=\"twitter:image\" content=\"https:\/\/cooltivarte.com\/portal\/wp-content\/uploads\/2026\/02\/III-Cumbre-Flamenca-Tablao-Teatro-Solis-Inicio-9-de-marzo-2026-2030-horas.jpg\" \/>\n<meta name=\"twitter:creator\" content=\"@https:\/\/x.com\/obolocultural\" \/>\n<meta name=\"twitter:site\" content=\"@obolocultural\" \/>\n<meta name=\"twitter:label1\" content=\"Escrito por\" \/>\n\t<meta name=\"twitter:data1\" content=\"Cooltivarte\" \/>\n\t<meta name=\"twitter:label2\" content=\"Tiempo de lectura\" \/>\n\t<meta name=\"twitter:data2\" content=\"2 minutos\" \/>\n<!-- \/ Yoast SEO plugin. -->","yoast_head_json":{"title":"III Cumbre Flamenca Tablao - Teatro Solis - Cooltivarte Portal","description":"Apertura de la III Cumbre Flamenca en Uruguay. Programa declarado de inter\u00e9s cultural por el MEC, dirigido por la bailaora hispano uruguaya Valeria Gal\u00e1n","robots":{"index":"index","follow":"follow","max-snippet":"max-snippet:-1","max-image-preview":"max-image-preview:large","max-video-preview":"max-video-preview:-1"},"canonical":"https:\/\/cooltivarte.com\/portal\/iii-cumbre-flamenca-tablao-teatro-solis\/","og_locale":"es_ES","og_type":"article","og_title":"III Cumbre Flamenca Tablao - Teatro Solis - Inicio 9 de marzo 2026 - 20:30 horas","og_description":"Apertura de la III Cumbre Flamenca en Uruguay. Programa declarado de inter\u00e9s cultural por el MEC, dirigido por la bailaora hispano uruguaya Valeria Gal\u00e1n","og_url":"https:\/\/cooltivarte.com\/portal\/iii-cumbre-flamenca-tablao-teatro-solis\/","og_site_name":"Cooltivarte Portal","article_publisher":"https:\/\/www.facebook.com\/cooltivartecom\/","article_author":"https:\/\/www.facebook.com\/cooltivartecom","article_published_time":"2026-02-20T14:51:57+00:00","article_modified_time":"2026-02-20T16:49:04+00:00","og_image":[{"width":571,"height":714,"url":"https:\/\/cooltivarte.com\/portal\/wp-content\/uploads\/2026\/02\/III-Cumbre-Flamenca-Tablao-Teatro-Solis-Inicio-9-de-marzo-2026-2030-horas.jpg","type":"image\/jpeg"}],"author":"Cooltivarte","twitter_card":"summary_large_image","twitter_title":"III Cumbre Flamenca Tablao - Teatro Solis - Inicio 9 de marzo 2026 - 2030 horas","twitter_description":"Apertura de la III Cumbre Flamenca en Uruguay. Programa declarado de inter\u00e9s cultural por el MEC, dirigido por la bailaora hispano uruguaya Valeria Gal\u00e1n","twitter_image":"https:\/\/cooltivarte.com\/portal\/wp-content\/uploads\/2026\/02\/III-Cumbre-Flamenca-Tablao-Teatro-Solis-Inicio-9-de-marzo-2026-2030-horas.jpg","twitter_creator":"@https:\/\/x.com\/obolocultural","twitter_site":"@obolocultural","twitter_misc":{"Escrito por":"Cooltivarte","Tiempo de lectura":"2 minutos"},"schema":{"@context":"https:\/\/schema.org","@graph":[{"@type":"NewsArticle","@id":"https:\/\/cooltivarte.com\/portal\/iii-cumbre-flamenca-tablao-teatro-solis\/#article","isPartOf":{"@id":"https:\/\/cooltivarte.com\/portal\/iii-cumbre-flamenca-tablao-teatro-solis\/"},"author":{"name":"Cooltivarte","@id":"https:\/\/cooltivarte.com\/portal\/#\/schema\/person\/ec2a4f4e71b740d0c559c0ab9a157e19"},"headline":"III Cumbre Flamenca Tablao &#8211; Teatro Solis","datePublished":"2026-02-20T14:51:57+00:00","dateModified":"2026-02-20T16:49:04+00:00","mainEntityOfPage":{"@id":"https:\/\/cooltivarte.com\/portal\/iii-cumbre-flamenca-tablao-teatro-solis\/"},"wordCount":387,"publisher":{"@id":"https:\/\/cooltivarte.com\/portal\/#organization"},"image":{"@id":"https:\/\/cooltivarte.com\/portal\/iii-cumbre-flamenca-tablao-teatro-solis\/#primaryimage"},"thumbnailUrl":"https:\/\/cooltivarte.com\/portal\/wp-content\/uploads\/2026\/02\/III-Cumbre-Flamenca-Tablao-Teatro-Solis-Inicio-9-de-marzo-2026-2030-horas.jpg","keywords":["Cumbre","Flamenca Tablao","Tablao Flamenco","Teatro Solis","Valeria Gal\u00e1n"],"articleSection":["Eventos"],"inLanguage":"es-AR"},{"@type":"WebPage","@id":"https:\/\/cooltivarte.com\/portal\/iii-cumbre-flamenca-tablao-teatro-solis\/","url":"https:\/\/cooltivarte.com\/portal\/iii-cumbre-flamenca-tablao-teatro-solis\/","name":"III Cumbre Flamenca Tablao - Teatro Solis - Cooltivarte Portal","isPartOf":{"@id":"https:\/\/cooltivarte.com\/portal\/#website"},"primaryImageOfPage":{"@id":"https:\/\/cooltivarte.com\/portal\/iii-cumbre-flamenca-tablao-teatro-solis\/#primaryimage"},"image":{"@id":"https:\/\/cooltivarte.com\/portal\/iii-cumbre-flamenca-tablao-teatro-solis\/#primaryimage"},"thumbnailUrl":"https:\/\/cooltivarte.com\/portal\/wp-content\/uploads\/2026\/02\/III-Cumbre-Flamenca-Tablao-Teatro-Solis-Inicio-9-de-marzo-2026-2030-horas.jpg","datePublished":"2026-02-20T14:51:57+00:00","dateModified":"2026-02-20T16:49:04+00:00","description":"Apertura de la III Cumbre Flamenca en Uruguay. Programa declarado de inter\u00e9s cultural por el MEC, dirigido por la bailaora hispano uruguaya Valeria Gal\u00e1n","breadcrumb":{"@id":"https:\/\/cooltivarte.com\/portal\/iii-cumbre-flamenca-tablao-teatro-solis\/#breadcrumb"},"inLanguage":"es-AR","potentialAction":[{"@type":"ReadAction","target":["https:\/\/cooltivarte.com\/portal\/iii-cumbre-flamenca-tablao-teatro-solis\/"]}]},{"@type":"ImageObject","inLanguage":"es-AR","@id":"https:\/\/cooltivarte.com\/portal\/iii-cumbre-flamenca-tablao-teatro-solis\/#primaryimage","url":"https:\/\/cooltivarte.com\/portal\/wp-content\/uploads\/2026\/02\/III-Cumbre-Flamenca-Tablao-Teatro-Solis-Inicio-9-de-marzo-2026-2030-horas.jpg","contentUrl":"https:\/\/cooltivarte.com\/portal\/wp-content\/uploads\/2026\/02\/III-Cumbre-Flamenca-Tablao-Teatro-Solis-Inicio-9-de-marzo-2026-2030-horas.jpg","width":571,"height":714,"caption":"III Cumbre Flamenca Tablao - Teatro Solis - Inicio 9 de marzo 2026 - 2030 horas"},{"@type":"BreadcrumbList","@id":"https:\/\/cooltivarte.com\/portal\/iii-cumbre-flamenca-tablao-teatro-solis\/#breadcrumb","itemListElement":[{"@type":"ListItem","position":1,"name":"Portada","item":"https:\/\/cooltivarte.com\/portal\/"},{"@type":"ListItem","position":2,"name":"III Cumbre Flamenca Tablao &#8211; Teatro Solis"}]},{"@type":"WebSite","@id":"https:\/\/cooltivarte.com\/portal\/#website","url":"https:\/\/cooltivarte.com\/portal\/","name":"Cooltivarte Portal","description":"Arte, cultura y turismo para el mundo ...","publisher":{"@id":"https:\/\/cooltivarte.com\/portal\/#organization"},"potentialAction":[{"@type":"SearchAction","target":{"@type":"EntryPoint","urlTemplate":"https:\/\/cooltivarte.com\/portal\/?s={search_term_string}"},"query-input":{"@type":"PropertyValueSpecification","valueRequired":true,"valueName":"search_term_string"}}],"inLanguage":"es-AR"},{"@type":"Organization","@id":"https:\/\/cooltivarte.com\/portal\/#organization","name":"cooltivarte","url":"https:\/\/cooltivarte.com\/portal\/","logo":{"@type":"ImageObject","inLanguage":"es-AR","@id":"https:\/\/cooltivarte.com\/portal\/#\/schema\/logo\/image\/","url":"https:\/\/cooltivarte.com\/portal\/wp-content\/uploads\/2020\/04\/logo-cooltivarte-v2.png","contentUrl":"https:\/\/cooltivarte.com\/portal\/wp-content\/uploads\/2020\/04\/logo-cooltivarte-v2.png","width":851,"height":243,"caption":"cooltivarte"},"image":{"@id":"https:\/\/cooltivarte.com\/portal\/#\/schema\/logo\/image\/"},"sameAs":["https:\/\/www.facebook.com\/cooltivartecom\/","https:\/\/x.com\/obolocultural","https:\/\/www.instagram.com\/_cooltivarte_\/","https:\/\/www.linkedin.com\/company\/-bolocultural?reportsuccess=8zaNG1HwhPbAR9iQhZ5rfGeqz_vQFftHun0ZWU0Wy9vNemRJ8vtcKdJvzQfW8XagyOJSKg0XvfJ1dp","https:\/\/www.pinterest.com\/cooltivarte\/","https:\/\/cooltivarte.tumblr.com\/","https:\/\/www.tiktok.com\/@cooltivarte","https:\/\/www.youtube.com\/@PrensaCooltivarte"]},{"@type":"Person","@id":"https:\/\/cooltivarte.com\/portal\/#\/schema\/person\/ec2a4f4e71b740d0c559c0ab9a157e19","name":"Cooltivarte","image":{"@type":"ImageObject","inLanguage":"es-AR","@id":"https:\/\/cooltivarte.com\/portal\/wp-content\/uploads\/2014\/05\/logo-cooltivarte-120x120.jpg","url":"https:\/\/cooltivarte.com\/portal\/wp-content\/uploads\/2014\/05\/logo-cooltivarte-120x120.jpg","contentUrl":"https:\/\/cooltivarte.com\/portal\/wp-content\/uploads\/2014\/05\/logo-cooltivarte-120x120.jpg","caption":"Cooltivarte"},"description":"Somos COOLTIVARTE.COM. Un portal digital dedicado a difundir el acontecer art\u00edstico y cultural del Uruguay. Estamos en la vuelta desde el a\u00f1o 2003, y como evoluci\u00f3n del bolet\u00edn Obolo Cultural, nos encontramos abocados a apoyar a los artistas nacionales brind\u00e1ndoles un espacio de difusi\u00f3n. Creemos en la idea de utilizar la potencialidad que hoy d\u00eda nos otorga la web, para que la cultura uruguaya y sus creadores dispongan de una din\u00e1mica ventana, que los ponga en contacto entre s\u00ed y con el mundo. Somos COOLTIVARTE.COM y pretendemos configurarnos como un portal din\u00e1mico, entretenido y atento a los nuevos emprendimientos, que busque siempre la interacci\u00f3n con los artistas.","sameAs":["http:\/\/www.cooltivarte.com","https:\/\/www.facebook.com\/cooltivartecom","https:\/\/www.instagram.com\/_cooltivarte_\/","https:\/\/www.linkedin.com\/company\/-bolocultural","https:\/\/www.pinterest.com\/cooltivarte\/","https:\/\/x.com\/https:\/\/x.com\/obolocultural","https:\/\/www.youtube.com\/@PrensaCooltivarte","https:\/\/www.tumblr.com\/blog\/cooltivarte"],"url":"https:\/\/cooltivarte.com\/portal\/author\/cooltivarte\/"}]}},"_links":{"self":[{"href":"https:\/\/cooltivarte.com\/portal\/wp-json\/wp\/v2\/posts\/123144","targetHints":{"allow":["GET"]}}],"collection":[{"href":"https:\/\/cooltivarte.com\/portal\/wp-json\/wp\/v2\/posts"}],"about":[{"href":"https:\/\/cooltivarte.com\/portal\/wp-json\/wp\/v2\/types\/post"}],"author":[{"embeddable":true,"href":"https:\/\/cooltivarte.com\/portal\/wp-json\/wp\/v2\/users\/8"}],"replies":[{"embeddable":true,"href":"https:\/\/cooltivarte.com\/portal\/wp-json\/wp\/v2\/comments?post=123144"}],"version-history":[{"count":2,"href":"https:\/\/cooltivarte.com\/portal\/wp-json\/wp\/v2\/posts\/123144\/revisions"}],"predecessor-version":[{"id":123160,"href":"https:\/\/cooltivarte.com\/portal\/wp-json\/wp\/v2\/posts\/123144\/revisions\/123160"}],"wp:featuredmedia":[{"embeddable":true,"href":"https:\/\/cooltivarte.com\/portal\/wp-json\/wp\/v2\/media\/123145"}],"wp:attachment":[{"href":"https:\/\/cooltivarte.com\/portal\/wp-json\/wp\/v2\/media?parent=123144"}],"wp:term":[{"taxonomy":"category","embeddable":true,"href":"https:\/\/cooltivarte.com\/portal\/wp-json\/wp\/v2\/categories?post=123144"},{"taxonomy":"post_tag","embeddable":true,"href":"https:\/\/cooltivarte.com\/portal\/wp-json\/wp\/v2\/tags?post=123144"}],"curies":[{"name":"wp","href":"https:\/\/api.w.org\/{rel}","templated":true}]}}