{"id":123138,"date":"2026-02-23T23:12:23","date_gmt":"2026-02-24T02:12:23","guid":{"rendered":"https:\/\/cooltivarte.com\/portal\/?p=123138"},"modified":"2026-02-24T09:54:29","modified_gmt":"2026-02-24T12:54:29","slug":"luana-uruguay-a-toda-costa","status":"publish","type":"post","link":"https:\/\/cooltivarte.com\/portal\/luana-uruguay-a-toda-costa\/","title":{"rendered":"LUANA &#8211; URUGUAY A TODA COSTA"},"content":{"rendered":"<figure id=\"attachment_123306\" aria-describedby=\"caption-attachment-123306\" style=\"width: 797px\" class=\"wp-caption aligncenter\"><img fetchpriority=\"high\" decoding=\"async\" class=\"wp-image-123306 size-full\" title=\"LUANA - URUGUAY A TODA COSTA - 22 de febrero 2026 en la Plaza de la Prefectura (zona Parador Chico Kiy\u00fa) Foto Uruguay a Toda Costa\" src=\"https:\/\/cooltivarte.com\/portal\/wp-content\/uploads\/2026\/02\/LUANA-URUGUAY-A-TODA-COSTA-22-de-febrero-2026-en-la-Plaza-de-la-Prefectura-zona-Parador-Chico-Kiyu-Foto-Uruguay-a-Toda-Costa.jpg\" alt=\"LUANA - URUGUAY A TODA COSTA - 22 de febrero 2026 en la Plaza de la Prefectura (zona Parador Chico Kiy\u00fa) Foto Uruguay a Toda Costa\" width=\"797\" height=\"532\" srcset=\"https:\/\/cooltivarte.com\/portal\/wp-content\/uploads\/2026\/02\/LUANA-URUGUAY-A-TODA-COSTA-22-de-febrero-2026-en-la-Plaza-de-la-Prefectura-zona-Parador-Chico-Kiyu-Foto-Uruguay-a-Toda-Costa.jpg 797w, https:\/\/cooltivarte.com\/portal\/wp-content\/uploads\/2026\/02\/LUANA-URUGUAY-A-TODA-COSTA-22-de-febrero-2026-en-la-Plaza-de-la-Prefectura-zona-Parador-Chico-Kiyu-Foto-Uruguay-a-Toda-Costa-300x200.jpg 300w, https:\/\/cooltivarte.com\/portal\/wp-content\/uploads\/2026\/02\/LUANA-URUGUAY-A-TODA-COSTA-22-de-febrero-2026-en-la-Plaza-de-la-Prefectura-zona-Parador-Chico-Kiyu-Foto-Uruguay-a-Toda-Costa-768x513.jpg 768w\" sizes=\"(max-width: 797px) 100vw, 797px\" \/><figcaption id=\"caption-attachment-123306\" class=\"wp-caption-text\">LUANA &#8211; URUGUAY A TODA COSTA &#8211; 22 de febrero 2026 en la Plaza de la Prefectura (zona Parador Chico Kiy\u00fa) Foto Uruguay a Toda Costa<\/figcaption><\/figure>\n<h3><strong>LUANA &#8211; URUGUAY A TODA COSTA &#8211; Show con entrada libre &#8211; 22 de febrero 2026 en la Plaza de la Prefectura (zona Parador Chico Kiy\u00fa)<\/strong><\/h3>\n<p>&nbsp;<\/p>\n<h4><strong> Uruguay a Toda Costa<\/strong><br \/>\n<strong>celebra 20 a\u00f1os de cultura y encuentro.<\/strong><br \/>\n<strong>VERANO 2026<\/strong><\/h4>\n<p>&nbsp;<\/p>\n<p>El programa <a href=\"https:\/\/www.instagram.com\/uyatodacosta\/?hl=es\" target=\"_blank\" rel=\"noopener\"><strong>Uruguay a Toda Costa<\/strong><\/a>, impulsado por el Ministerio de Turismo de Uruguay, contin\u00faa celebrando sus 20 a\u00f1os de trayectoria con una agenda especial de actividades culturales y gratuitas en distintos puntos del pa\u00eds.<\/p>\n<p>El pasado domingo 22 de febrero se realiz\u00f3 la segunda fecha del ciclo en el <strong>balneario Kiy\u00fa<\/strong>, donde una multitud de familias y visitantes disfrut\u00f3 de una noche a pura m\u00fasica frente al mar.<\/p>\n<p>La apertura estuvo a cargo de <a href=\"https:\/\/cooltivarte.com\/portal\/?s=Dami%C3%A1n+N%C3%BA%C3%B1ez\" target=\"_blank\" rel=\"noopener\"><strong>Dami\u00e1n N\u00fa\u00f1ez<\/strong><\/a>, artista de m\u00fasica tropical oriundo del departamento de San Jos\u00e9, ciudad de Libertad, quien dio inicio a esta segunda fecha.<\/p>\n<p>El cierre de la jornada fue con el show de <a href=\"https:\/\/cooltivarte.com\/portal\/?s=Luana\" target=\"_blank\" rel=\"noopener\"><strong>Luana<\/strong><\/a>, reconocida artista de plena, quien brind\u00f3 un espect\u00e1culo de gran convocatoria, logrando una activa participaci\u00f3n del p\u00fablico y consolidando una noche de celebraci\u00f3n para familias y visitantes.<\/p>\n<p>La propuesta convoc\u00f3 a una importante cantidad de p\u00fablico, destac\u00e1ndose la presencia de muchas familias que eligieron el balneario como punto de encuentro para disfrutar de una noche de m\u00fasica.<\/p>\n<h3>&nbsp;<br \/>\n&nbsp;&nbsp;<a href=\"https:\/\/www.facebook.com\/media\/set\/?set=a.1458134229683765&amp;type=3\" target=\"_blank\" rel=\"noopener\">Ir a la fotogaler\u00eda<\/a><\/h3>\n<p>&nbsp;<br \/>\n&nbsp;<\/p>\n<blockquote class=\"instagram-media\" style=\"background: #FFF; border: 0; border-radius: 3px; box-shadow: 0 0 1px 0 rgba(0,0,0,0.5),0 1px 10px 0 rgba(0,0,0,0.15); margin: 1px; max-width: 540px; min-width: 326px; padding: 0; width: calc(100% - 2px);\" data-instgrm-captioned=\"\" data-instgrm-permalink=\"https:\/\/www.instagram.com\/p\/DVIB-QBjgrQ\/?utm_source=ig_embed&amp;utm_campaign=loading\" data-instgrm-version=\"14\">\n<div style=\"padding: 16px;\">\n<p>&nbsp;<\/p>\n<div style=\"display: flex; flex-direction: row; align-items: center;\">\n<div style=\"background-color: #f4f4f4; border-radius: 50%; flex-grow: 0; height: 40px; margin-right: 14px; width: 40px;\">&nbsp;<\/div>\n<div style=\"display: flex; flex-direction: column; flex-grow: 1; justify-content: center;\">\n<div style=\"background-color: #f4f4f4; border-radius: 4px; flex-grow: 0; height: 14px; margin-bottom: 6px; width: 100px;\">&nbsp;<\/div>\n<div style=\"background-color: #f4f4f4; border-radius: 4px; flex-grow: 0; height: 14px; width: 60px;\">&nbsp;<\/div>\n<\/div>\n<\/div>\n<div style=\"padding: 19% 0;\">&nbsp;<\/div>\n<div style=\"display: block; height: 50px; margin: 0 auto 12px; width: 50px;\">&nbsp;<\/div>\n<div style=\"padding-top: 8px;\">\n<div style=\"color: #3897f0; font-family: Arial,sans-serif; font-size: 14px; font-style: normal; font-weight: 550; line-height: 18px;\">Ver esta publicaci\u00f3n en Instagram<\/div>\n<\/div>\n<div style=\"padding: 12.5% 0;\">&nbsp;<\/div>\n<div style=\"display: flex; flex-direction: row; margin-bottom: 14px; align-items: center;\">\n<div>\n<div style=\"background-color: #f4f4f4; border-radius: 50%; height: 12.5px; width: 12.5px; transform: translateX(0px) translateY(7px);\">&nbsp;<\/div>\n<div style=\"background-color: #f4f4f4; height: 12.5px; transform: rotate(-45deg) translateX(3px) translateY(1px); width: 12.5px; flex-grow: 0; margin-right: 14px; margin-left: 2px;\">&nbsp;<\/div>\n<div style=\"background-color: #f4f4f4; border-radius: 50%; height: 12.5px; width: 12.5px; transform: translateX(9px) translateY(-18px);\">&nbsp;<\/div>\n<\/div>\n<div style=\"margin-left: 8px;\">\n<div style=\"background-color: #f4f4f4; border-radius: 50%; flex-grow: 0; height: 20px; width: 20px;\">&nbsp;<\/div>\n<div style=\"width: 0; height: 0; border-top: 2px solid transparent; border-left: 6px solid #f4f4f4; border-bottom: 2px solid transparent; transform: translateX(16px) translateY(-4px) rotate(30deg);\">&nbsp;<\/div>\n<\/div>\n<div style=\"margin-left: auto;\">\n<div style=\"width: 0px; border-top: 8px solid #F4F4F4; border-right: 8px solid transparent; transform: translateY(16px);\">&nbsp;<\/div>\n<div style=\"background-color: #f4f4f4; flex-grow: 0; height: 12px; width: 16px; transform: translateY(-4px);\">&nbsp;<\/div>\n<div style=\"width: 0; height: 0; border-top: 8px solid #F4F4F4; border-left: 8px solid transparent; transform: translateY(-4px) translateX(8px);\">&nbsp;<\/div>\n<\/div>\n<\/div>\n<div style=\"display: flex; flex-direction: column; flex-grow: 1; justify-content: center; margin-bottom: 24px;\">\n<div style=\"background-color: #f4f4f4; border-radius: 4px; flex-grow: 0; height: 14px; margin-bottom: 6px; width: 224px;\">&nbsp;<\/div>\n<div style=\"background-color: #f4f4f4; border-radius: 4px; flex-grow: 0; height: 14px; width: 144px;\">&nbsp;<\/div>\n<\/div>\n<p>&nbsp;<\/p>\n<p style=\"color: #c9c8cd; font-family: Arial,sans-serif; font-size: 14px; line-height: 17px; margin-bottom: 0; margin-top: 8px; overflow: hidden; padding: 8px 0 7px; text-align: center; text-overflow: ellipsis; white-space: nowrap;\"><a style=\"color: #c9c8cd; font-family: Arial,sans-serif; font-size: 14px; font-style: normal; font-weight: normal; line-height: 17px; text-decoration: none;\" href=\"https:\/\/www.instagram.com\/p\/DVIB-QBjgrQ\/?utm_source=ig_embed&amp;utm_campaign=loading\" target=\"_blank\" rel=\"noopener\">Una publicaci\u00f3n compartida por cooltivarte.com (@_cooltivarte_)<\/a><\/p>\n<\/div>\n<\/blockquote>\n<p><script async=\"\" src=\"\/\/www.instagram.com\/embed.js\"><\/script><br \/>\n&nbsp;<br \/>\n&nbsp;<\/p>\n<h3>&nbsp;<a href=\"https:\/\/www.facebook.com\/media\/set\/?set=a.1458134229683765&amp;type=3\" target=\"_blank\" rel=\"noopener\">Ir a la fotogaler\u00eda<\/a><\/h3>\n<p><iframe style=\"border: none; overflow: hidden;\" src=\"https:\/\/www.facebook.com\/plugins\/post.php?href=https%3A%2F%2Fwww.facebook.com%2Fmedia%2Fset%2F%3Fset%3Da.1458134229683765%26type%3D3&amp;width=100%\" width=\"100%\" height=\"669\" frameborder=\"0\" scrolling=\"no\"><\/iframe><br \/>\n&nbsp;<br \/>\n&nbsp;<\/p>\n<p>&nbsp;<\/p>\n","protected":false},"excerpt":{"rendered":"<p>LUANA &#8211; URUGUAY A TODA COSTA &#8211; Show con entrada libre &#8211; 22 de febrero 2026 en la Plaza de la Prefectura (zona Parador Chico Kiy\u00fa)<\/p>\n<p>Uruguay a Toda Costa<br \/>\ncelebra 20 a\u00f1os de cultura y encuentro.<br \/>\nVERANO 2026<\/p>\n<p>El programa Uruguay a Toda Costa, impulsado por el Ministerio de Turismo, celebra en 2026 dos d\u00e9cadas de trayectoria, consolid\u00e1ndose como uno de los ciclos culturales de verano m\u00e1s relevantes del pa\u00eds.<\/p>\n<p>A lo largo de estos 20 a\u00f1os, la iniciativa se ha transformado en un verdadero espacio de encuentro entre la cultura, el turismo y la identidad nacional, recorriendo el corredor costero con propuestas art\u00edsticas de calidad y una convocatoria que crece a\u00f1o tras a\u00f1o.<\/p>\n<p>En esta edici\u00f3n aniversario, el programa renueva su compromiso con la promoci\u00f3n de la identidad uruguaya y el fortalecimiento de la oferta tur\u00edstica nacional.<\/p>\n<p>Con una grilla de espect\u00e1culos gratuitos y abiertos a todo p\u00fablico, Uruguay a Toda Costa invita a residentes y visitantes a vivir el verano a trav\u00e9s de la m\u00fasica, el arte y la celebraci\u00f3n colectiva,<\/p>\n<p>reafirmando su vocaci\u00f3n de ofrecer una experiencia cultural inclusiva, diversa y memorable.<\/p>\n<p>El ciclo dio inicio el pasado s\u00e1bado 14 de febrero 2026 con la presentaci\u00f3n de Cuatro Pesos de Propina en Barra de Valizas, donde vecinos y turistas colmaron el balneario para disfrutar de una noche de m\u00fasica y encuentro.<\/p>\n<p>La apertura estuvo a cargo de RUC, banda alternativa formada en La Paloma, que aport\u00f3 una fuerte impronta local a la jornada.<\/p>\n<p>La celebraci\u00f3n contin\u00faa este domingo 22 de febrero 2026 en la Plaza de la Prefectura (zona Parador Chico Kiy\u00fa), con la presentaci\u00f3n de Luana, una de las voces m\u00e1s destacadas de la nueva generaci\u00f3n de la m\u00fasica nacional.<\/p>\n<p>Su propuesta fusiona pop, m\u00fasica urbana y elementos de la canci\u00f3n popular, con una impronta fresca que conecta especialmente con el p\u00fablico joven.<\/p>\n<p>La apertura de la noche estar\u00e1 a cargo de Dami\u00e1n N\u00fa\u00f1ez, cantante oriundo del departamento de San Jos\u00e9, referente de la m\u00fasica tropical y representante de la ciudad de Libertad, desde las 20hs<\/p>\n<p>!! ENTRADA LIBRE!!<\/p>\n","protected":false},"author":8,"featured_media":123306,"comment_status":"closed","ping_status":"closed","sticky":false,"template":"","format":"standard","meta":{"om_disable_all_campaigns":false,"ngg_post_thumbnail":0,"jnews-multi-image_gallery":[],"jnews_single_post":{"format":"standard","override":[{"template":"4","parallax":"1","layout":"right-sidebar","sidebar":"default-sidebar","second_sidebar":"default-sidebar","sticky_sidebar":"1","share_position":"bottom","share_float_style":"share-monocrhome","show_share_counter":"1","show_view_counter":"1","show_featured":"1","show_post_meta":"1","show_post_author":"1","show_post_author_image":"1","show_post_date":"1","post_date_format":"default","post_date_format_custom":"Y\/m\/d","show_post_category":"1","post_reading_time_wpm":"300","post_calculate_word_method":"str_word_count","zoom_button_out_step":"2","zoom_button_in_step":"3","show_post_tag":"1","show_prev_next_post":"1","show_popup_post":"1","show_comment_section":"1","number_popup_post":"1","show_author_box":"1","show_post_related":"0","show_inline_post_related":"0"}],"image_override":[{"single_post_thumbnail_size":"no-crop","single_post_gallery_size":"crop-500"}],"trending_post_position":"meta","trending_post_label":"Trending","sponsored_post_label":"Sponsored by","disable_ad":"0","subtitle":"22 de febrero 2026 en la Plaza de la Prefectura (zona Parador Chico Kiy\u00fa)"},"jnews_primary_category":[],"jnews_social_meta":[],"jnews_override_counter":{"view_counter_number":"0","share_counter_number":"0","like_counter_number":"0","dislike_counter_number":"0"},"footnotes":""},"categories":[13675],"tags":[25786,15804,2333,596],"class_list":["post-123138","post","type-post","status-publish","format-standard","has-post-thumbnail","hentry","category-novedades","tag-damian-nunez","tag-luana","tag-san-jose","tag-uruguay-a-toda-costa"],"yoast_head":"<!-- This site is optimized with the Yoast SEO plugin v27.5 - https:\/\/yoast.com\/product\/yoast-seo-wordpress\/ -->\n<title>LUANA - URUGUAY A TODA COSTA - Cooltivarte Portal<\/title>\n<meta name=\"description\" content=\"Su propuesta fusiona pop, m\u00fasica urbana y elementos de la canci\u00f3n popular, con una impronta fresca que conecta especialmente con el p\u00fablico joven.\" \/>\n<meta name=\"robots\" content=\"index, follow, max-snippet:-1, max-image-preview:large, max-video-preview:-1\" \/>\n<link rel=\"canonical\" href=\"https:\/\/cooltivarte.com\/portal\/luana-uruguay-a-toda-costa\/\" \/>\n<meta property=\"og:locale\" content=\"es_ES\" \/>\n<meta property=\"og:type\" content=\"article\" \/>\n<meta property=\"og:title\" content=\"LUANA - URUGUAY A TODA COSTA - 22 de febrero 2026 en la Plaza de la Prefectura (zona Parador Chico Kiy\u00fa) Foto Uruguay a Toda Costa\" \/>\n<meta property=\"og:description\" content=\"Su propuesta fusiona pop, m\u00fasica urbana y elementos de la canci\u00f3n popular, con una impronta fresca que conecta especialmente con el p\u00fablico joven.\" \/>\n<meta property=\"og:url\" content=\"https:\/\/cooltivarte.com\/portal\/luana-uruguay-a-toda-costa\/\" \/>\n<meta property=\"og:site_name\" content=\"Cooltivarte Portal\" \/>\n<meta property=\"article:publisher\" content=\"https:\/\/www.facebook.com\/cooltivartecom\/\" \/>\n<meta property=\"article:author\" content=\"https:\/\/www.facebook.com\/cooltivartecom\" \/>\n<meta property=\"article:published_time\" content=\"2026-02-24T02:12:23+00:00\" \/>\n<meta property=\"article:modified_time\" content=\"2026-02-24T12:54:29+00:00\" \/>\n<meta property=\"og:image\" content=\"https:\/\/cooltivarte.com\/portal\/wp-content\/uploads\/2026\/02\/LUANA-URUGUAY-A-TODA-COSTA-22-de-febrero-2026-en-la-Plaza-de-la-Prefectura-zona-Parador-Chico-Kiyu-Foto-Uruguay-a-Toda-Costa.jpg\" \/>\n\t<meta property=\"og:image:width\" content=\"797\" \/>\n\t<meta property=\"og:image:height\" content=\"532\" \/>\n\t<meta property=\"og:image:type\" content=\"image\/jpeg\" \/>\n<meta name=\"author\" content=\"Cooltivarte\" \/>\n<meta name=\"twitter:card\" content=\"summary_large_image\" \/>\n<meta name=\"twitter:title\" content=\"LUANA - URUGUAY A TODA COSTA - 22 de febrero 2026 en la Plaza de la Prefectura (zona Parador Chico Kiy\u00fa) Foto Uruguay a Toda Costa\" \/>\n<meta name=\"twitter:description\" content=\"Su propuesta fusiona pop, m\u00fasica urbana y elementos de la canci\u00f3n popular, con una impronta fresca que conecta especialmente con el p\u00fablico joven.\" \/>\n<meta name=\"twitter:image\" content=\"https:\/\/cooltivarte.com\/portal\/wp-content\/uploads\/2026\/02\/LUANA-URUGUAY-A-TODA-COSTA-22-de-febrero-2026-en-la-Plaza-de-la-Prefectura-zona-Parador-Chico-Kiyu-Foto-Uruguay-a-Toda-Costa.jpg\" \/>\n<meta name=\"twitter:creator\" content=\"@https:\/\/x.com\/obolocultural\" \/>\n<meta name=\"twitter:site\" content=\"@obolocultural\" \/>\n<meta name=\"twitter:label1\" content=\"Escrito por\" \/>\n\t<meta name=\"twitter:data1\" content=\"Cooltivarte\" \/>\n\t<meta name=\"twitter:label2\" content=\"Tiempo de lectura\" \/>\n\t<meta name=\"twitter:data2\" content=\"2 minutos\" \/>\n<!-- \/ Yoast SEO plugin. -->","yoast_head_json":{"title":"LUANA - URUGUAY A TODA COSTA - Cooltivarte Portal","description":"Su propuesta fusiona pop, m\u00fasica urbana y elementos de la canci\u00f3n popular, con una impronta fresca que conecta especialmente con el p\u00fablico joven.","robots":{"index":"index","follow":"follow","max-snippet":"max-snippet:-1","max-image-preview":"max-image-preview:large","max-video-preview":"max-video-preview:-1"},"canonical":"https:\/\/cooltivarte.com\/portal\/luana-uruguay-a-toda-costa\/","og_locale":"es_ES","og_type":"article","og_title":"LUANA - URUGUAY A TODA COSTA - 22 de febrero 2026 en la Plaza de la Prefectura (zona Parador Chico Kiy\u00fa) Foto Uruguay a Toda Costa","og_description":"Su propuesta fusiona pop, m\u00fasica urbana y elementos de la canci\u00f3n popular, con una impronta fresca que conecta especialmente con el p\u00fablico joven.","og_url":"https:\/\/cooltivarte.com\/portal\/luana-uruguay-a-toda-costa\/","og_site_name":"Cooltivarte Portal","article_publisher":"https:\/\/www.facebook.com\/cooltivartecom\/","article_author":"https:\/\/www.facebook.com\/cooltivartecom","article_published_time":"2026-02-24T02:12:23+00:00","article_modified_time":"2026-02-24T12:54:29+00:00","og_image":[{"width":797,"height":532,"url":"https:\/\/cooltivarte.com\/portal\/wp-content\/uploads\/2026\/02\/LUANA-URUGUAY-A-TODA-COSTA-22-de-febrero-2026-en-la-Plaza-de-la-Prefectura-zona-Parador-Chico-Kiyu-Foto-Uruguay-a-Toda-Costa.jpg","type":"image\/jpeg"}],"author":"Cooltivarte","twitter_card":"summary_large_image","twitter_title":"LUANA - URUGUAY A TODA COSTA - 22 de febrero 2026 en la Plaza de la Prefectura (zona Parador Chico Kiy\u00fa) Foto Uruguay a Toda Costa","twitter_description":"Su propuesta fusiona pop, m\u00fasica urbana y elementos de la canci\u00f3n popular, con una impronta fresca que conecta especialmente con el p\u00fablico joven.","twitter_image":"https:\/\/cooltivarte.com\/portal\/wp-content\/uploads\/2026\/02\/LUANA-URUGUAY-A-TODA-COSTA-22-de-febrero-2026-en-la-Plaza-de-la-Prefectura-zona-Parador-Chico-Kiyu-Foto-Uruguay-a-Toda-Costa.jpg","twitter_creator":"@https:\/\/x.com\/obolocultural","twitter_site":"@obolocultural","twitter_misc":{"Escrito por":"Cooltivarte","Tiempo de lectura":"2 minutos"},"schema":{"@context":"https:\/\/schema.org","@graph":[{"@type":"NewsArticle","@id":"https:\/\/cooltivarte.com\/portal\/luana-uruguay-a-toda-costa\/#article","isPartOf":{"@id":"https:\/\/cooltivarte.com\/portal\/luana-uruguay-a-toda-costa\/"},"author":{"name":"Cooltivarte","@id":"https:\/\/cooltivarte.com\/portal\/#\/schema\/person\/ec2a4f4e71b740d0c559c0ab9a157e19"},"headline":"LUANA &#8211; URUGUAY A TODA COSTA","datePublished":"2026-02-24T02:12:23+00:00","dateModified":"2026-02-24T12:54:29+00:00","mainEntityOfPage":{"@id":"https:\/\/cooltivarte.com\/portal\/luana-uruguay-a-toda-costa\/"},"wordCount":305,"publisher":{"@id":"https:\/\/cooltivarte.com\/portal\/#organization"},"image":{"@id":"https:\/\/cooltivarte.com\/portal\/luana-uruguay-a-toda-costa\/#primaryimage"},"thumbnailUrl":"https:\/\/cooltivarte.com\/portal\/wp-content\/uploads\/2026\/02\/LUANA-URUGUAY-A-TODA-COSTA-22-de-febrero-2026-en-la-Plaza-de-la-Prefectura-zona-Parador-Chico-Kiyu-Foto-Uruguay-a-Toda-Costa.jpg","keywords":["Dami\u00e1n N\u00fa\u00f1ez","Luana","San Jos\u00e9","Uruguay a Toda Costa"],"articleSection":["Novedades"],"inLanguage":"es-AR"},{"@type":"WebPage","@id":"https:\/\/cooltivarte.com\/portal\/luana-uruguay-a-toda-costa\/","url":"https:\/\/cooltivarte.com\/portal\/luana-uruguay-a-toda-costa\/","name":"LUANA - URUGUAY A TODA COSTA - Cooltivarte Portal","isPartOf":{"@id":"https:\/\/cooltivarte.com\/portal\/#website"},"primaryImageOfPage":{"@id":"https:\/\/cooltivarte.com\/portal\/luana-uruguay-a-toda-costa\/#primaryimage"},"image":{"@id":"https:\/\/cooltivarte.com\/portal\/luana-uruguay-a-toda-costa\/#primaryimage"},"thumbnailUrl":"https:\/\/cooltivarte.com\/portal\/wp-content\/uploads\/2026\/02\/LUANA-URUGUAY-A-TODA-COSTA-22-de-febrero-2026-en-la-Plaza-de-la-Prefectura-zona-Parador-Chico-Kiyu-Foto-Uruguay-a-Toda-Costa.jpg","datePublished":"2026-02-24T02:12:23+00:00","dateModified":"2026-02-24T12:54:29+00:00","description":"Su propuesta fusiona pop, m\u00fasica urbana y elementos de la canci\u00f3n popular, con una impronta fresca que conecta especialmente con el p\u00fablico joven.","breadcrumb":{"@id":"https:\/\/cooltivarte.com\/portal\/luana-uruguay-a-toda-costa\/#breadcrumb"},"inLanguage":"es-AR","potentialAction":[{"@type":"ReadAction","target":["https:\/\/cooltivarte.com\/portal\/luana-uruguay-a-toda-costa\/"]}]},{"@type":"ImageObject","inLanguage":"es-AR","@id":"https:\/\/cooltivarte.com\/portal\/luana-uruguay-a-toda-costa\/#primaryimage","url":"https:\/\/cooltivarte.com\/portal\/wp-content\/uploads\/2026\/02\/LUANA-URUGUAY-A-TODA-COSTA-22-de-febrero-2026-en-la-Plaza-de-la-Prefectura-zona-Parador-Chico-Kiyu-Foto-Uruguay-a-Toda-Costa.jpg","contentUrl":"https:\/\/cooltivarte.com\/portal\/wp-content\/uploads\/2026\/02\/LUANA-URUGUAY-A-TODA-COSTA-22-de-febrero-2026-en-la-Plaza-de-la-Prefectura-zona-Parador-Chico-Kiyu-Foto-Uruguay-a-Toda-Costa.jpg","width":797,"height":532,"caption":"LUANA - URUGUAY A TODA COSTA - 22 de febrero 2026 en la Plaza de la Prefectura (zona Parador Chico Kiy\u00fa) Foto Uruguay a Toda Costa"},{"@type":"BreadcrumbList","@id":"https:\/\/cooltivarte.com\/portal\/luana-uruguay-a-toda-costa\/#breadcrumb","itemListElement":[{"@type":"ListItem","position":1,"name":"Portada","item":"https:\/\/cooltivarte.com\/portal\/"},{"@type":"ListItem","position":2,"name":"LUANA &#8211; URUGUAY A TODA COSTA"}]},{"@type":"WebSite","@id":"https:\/\/cooltivarte.com\/portal\/#website","url":"https:\/\/cooltivarte.com\/portal\/","name":"Cooltivarte Portal","description":"Arte, cultura y turismo para el mundo ...","publisher":{"@id":"https:\/\/cooltivarte.com\/portal\/#organization"},"potentialAction":[{"@type":"SearchAction","target":{"@type":"EntryPoint","urlTemplate":"https:\/\/cooltivarte.com\/portal\/?s={search_term_string}"},"query-input":{"@type":"PropertyValueSpecification","valueRequired":true,"valueName":"search_term_string"}}],"inLanguage":"es-AR"},{"@type":"Organization","@id":"https:\/\/cooltivarte.com\/portal\/#organization","name":"cooltivarte","url":"https:\/\/cooltivarte.com\/portal\/","logo":{"@type":"ImageObject","inLanguage":"es-AR","@id":"https:\/\/cooltivarte.com\/portal\/#\/schema\/logo\/image\/","url":"https:\/\/cooltivarte.com\/portal\/wp-content\/uploads\/2020\/04\/logo-cooltivarte-v2.png","contentUrl":"https:\/\/cooltivarte.com\/portal\/wp-content\/uploads\/2020\/04\/logo-cooltivarte-v2.png","width":851,"height":243,"caption":"cooltivarte"},"image":{"@id":"https:\/\/cooltivarte.com\/portal\/#\/schema\/logo\/image\/"},"sameAs":["https:\/\/www.facebook.com\/cooltivartecom\/","https:\/\/x.com\/obolocultural","https:\/\/www.instagram.com\/_cooltivarte_\/","https:\/\/www.linkedin.com\/company\/-bolocultural?reportsuccess=8zaNG1HwhPbAR9iQhZ5rfGeqz_vQFftHun0ZWU0Wy9vNemRJ8vtcKdJvzQfW8XagyOJSKg0XvfJ1dp","https:\/\/www.pinterest.com\/cooltivarte\/","https:\/\/cooltivarte.tumblr.com\/","https:\/\/www.tiktok.com\/@cooltivarte","https:\/\/www.youtube.com\/@PrensaCooltivarte"]},{"@type":"Person","@id":"https:\/\/cooltivarte.com\/portal\/#\/schema\/person\/ec2a4f4e71b740d0c559c0ab9a157e19","name":"Cooltivarte","image":{"@type":"ImageObject","inLanguage":"es-AR","@id":"https:\/\/cooltivarte.com\/portal\/wp-content\/uploads\/2014\/05\/logo-cooltivarte-120x120.jpg","url":"https:\/\/cooltivarte.com\/portal\/wp-content\/uploads\/2014\/05\/logo-cooltivarte-120x120.jpg","contentUrl":"https:\/\/cooltivarte.com\/portal\/wp-content\/uploads\/2014\/05\/logo-cooltivarte-120x120.jpg","caption":"Cooltivarte"},"description":"Somos COOLTIVARTE.COM. Un portal digital dedicado a difundir el acontecer art\u00edstico y cultural del Uruguay. Estamos en la vuelta desde el a\u00f1o 2003, y como evoluci\u00f3n del bolet\u00edn Obolo Cultural, nos encontramos abocados a apoyar a los artistas nacionales brind\u00e1ndoles un espacio de difusi\u00f3n. Creemos en la idea de utilizar la potencialidad que hoy d\u00eda nos otorga la web, para que la cultura uruguaya y sus creadores dispongan de una din\u00e1mica ventana, que los ponga en contacto entre s\u00ed y con el mundo. Somos COOLTIVARTE.COM y pretendemos configurarnos como un portal din\u00e1mico, entretenido y atento a los nuevos emprendimientos, que busque siempre la interacci\u00f3n con los artistas.","sameAs":["http:\/\/www.cooltivarte.com","https:\/\/www.facebook.com\/cooltivartecom","https:\/\/www.instagram.com\/_cooltivarte_\/","https:\/\/www.linkedin.com\/company\/-bolocultural","https:\/\/www.pinterest.com\/cooltivarte\/","https:\/\/x.com\/https:\/\/x.com\/obolocultural","https:\/\/www.youtube.com\/@PrensaCooltivarte","https:\/\/www.tumblr.com\/blog\/cooltivarte"],"url":"https:\/\/cooltivarte.com\/portal\/author\/cooltivarte\/"}]}},"_links":{"self":[{"href":"https:\/\/cooltivarte.com\/portal\/wp-json\/wp\/v2\/posts\/123138","targetHints":{"allow":["GET"]}}],"collection":[{"href":"https:\/\/cooltivarte.com\/portal\/wp-json\/wp\/v2\/posts"}],"about":[{"href":"https:\/\/cooltivarte.com\/portal\/wp-json\/wp\/v2\/types\/post"}],"author":[{"embeddable":true,"href":"https:\/\/cooltivarte.com\/portal\/wp-json\/wp\/v2\/users\/8"}],"replies":[{"embeddable":true,"href":"https:\/\/cooltivarte.com\/portal\/wp-json\/wp\/v2\/comments?post=123138"}],"version-history":[{"count":6,"href":"https:\/\/cooltivarte.com\/portal\/wp-json\/wp\/v2\/posts\/123138\/revisions"}],"predecessor-version":[{"id":123314,"href":"https:\/\/cooltivarte.com\/portal\/wp-json\/wp\/v2\/posts\/123138\/revisions\/123314"}],"wp:featuredmedia":[{"embeddable":true,"href":"https:\/\/cooltivarte.com\/portal\/wp-json\/wp\/v2\/media\/123306"}],"wp:attachment":[{"href":"https:\/\/cooltivarte.com\/portal\/wp-json\/wp\/v2\/media?parent=123138"}],"wp:term":[{"taxonomy":"category","embeddable":true,"href":"https:\/\/cooltivarte.com\/portal\/wp-json\/wp\/v2\/categories?post=123138"},{"taxonomy":"post_tag","embeddable":true,"href":"https:\/\/cooltivarte.com\/portal\/wp-json\/wp\/v2\/tags?post=123138"}],"curies":[{"name":"wp","href":"https:\/\/api.w.org\/{rel}","templated":true}]}}