{"id":123125,"date":"2026-02-20T16:32:06","date_gmt":"2026-02-20T19:32:06","guid":{"rendered":"https:\/\/cooltivarte.com\/portal\/?p=123125"},"modified":"2026-02-21T19:55:00","modified_gmt":"2026-02-21T22:55:00","slug":"de-medicos-y-locos-todos-tenemos-un-poco-de-andres-martinuzzi","status":"publish","type":"post","link":"https:\/\/cooltivarte.com\/portal\/de-medicos-y-locos-todos-tenemos-un-poco-de-andres-martinuzzi\/","title":{"rendered":"De M\u00e9dicos y Locos, todos tenemos un poco de Andres Martinuzzi"},"content":{"rendered":"<p><img fetchpriority=\"high\" decoding=\"async\" class=\"aligncenter wp-image-123126 size-full\" title=\"De M\u00e9dicos y Locos, todos tenemos un poco de Andres Martinuzzi - Volumen 1 - Memorias Cl\u00ednicamente Sospechosas\" src=\"https:\/\/cooltivarte.com\/portal\/wp-content\/uploads\/2026\/02\/De-Medicos-y-Locos-todos-tenemos-un-poco-de-Andres-Martinuzzi-Volumen-1-Memorias-Clinicamente-Sospechosas.jpg\" alt=\"De M\u00e9dicos y Locos, todos tenemos un poco de Andres Martinuzzi - Volumen 1 - Memorias Cl\u00ednicamente Sospechosas\" width=\"300\" height=\"425\" srcset=\"https:\/\/cooltivarte.com\/portal\/wp-content\/uploads\/2026\/02\/De-Medicos-y-Locos-todos-tenemos-un-poco-de-Andres-Martinuzzi-Volumen-1-Memorias-Clinicamente-Sospechosas.jpg 300w, https:\/\/cooltivarte.com\/portal\/wp-content\/uploads\/2026\/02\/De-Medicos-y-Locos-todos-tenemos-un-poco-de-Andres-Martinuzzi-Volumen-1-Memorias-Clinicamente-Sospechosas-212x300.jpg 212w\" sizes=\"(max-width: 300px) 100vw, 300px\" \/><\/p>\n<p>&nbsp;<\/p>\n<h3><strong>De M\u00e9dicos y Locos, todos tenemos un poco. Volumen 1. : Memorias Cl\u00ednicamente Sospechosas de Andres Luciano Nicolas Martinuzzi<\/strong><\/h3>\n<p>&nbsp;<\/p>\n<p><span class=\"a-text-bold\">\u00bfEs posible mantener la cordura cuando tu oficina es una sala de Terapia Intensiva en un hospital p\u00fablico?<\/span><\/p>\n<p>Acompa\u00f1a al<strong> Dr. Andr\u00e9s Martinuzzi<\/strong> en este primer volumen de una serie donde la realidad m\u00e9dica se mezcla con la fantas\u00eda para narrar lo que los manuales de medicina omiten. Tras dos d\u00e9cadas en la &#8220;trinchera&#8221;, el autor nos abre las puertas de un mundo donde el drama de la vida y la muerte se camufla con situaciones tan absurdas que solo pueden ser reales&#8230; o casi.<\/p>\n<p>En estas p\u00e1ginas conocer\u00e1s a&nbsp;<span class=\"a-text-bold\">Javier<\/span>, un m\u00e9dico que intenta no naufragar en el caos cotidiano, y a&nbsp;<span class=\"a-text-bold\">Luciana<\/span>, su amiga y colega, con quien comparte la batalla diaria contra la enfermedad y la burocracia. Pero no est\u00e1n solos: entre los pasillos acecha&nbsp;<span class=\"a-text-bold\">Dante, &#8220;El Visitante&#8221;<\/span>, una presencia enigm\u00e1tica que parece marcar el ritmo de los latidos y los destinos en el hospital.<\/p>\n<p><span class=\"a-text-bold\">En el Volumen 1 descubrir\u00e1s:<\/span><\/p>\n<ul class=\"a-unordered-list a-vertical\">\n<li><span class=\"a-text-bold\">D\u00edas de Pr\u00e1ctica y Residencia:<\/span>&nbsp;El rito de iniciaci\u00f3n de quienes deben aprender a ser dioses y humanos al mismo tiempo, bajo una presi\u00f3n constante.<\/li>\n<li><span class=\"a-text-bold\">Personajes Inolvidables:<\/span>&nbsp;Desde &#8220;La Rubia del 38&#8221; hasta el entra\u00f1able &#8220;\u00d1a\u00f1u&#8221;, pacientes y colegas que dejan una marca imborrable en el alma (y en el historial cl\u00ednico).<\/li>\n<li><span class=\"a-text-bold\">Literatura M\u00e9dico-Fant\u00e1stica:<\/span>&nbsp;Una narrativa \u00fanica que utiliza el humor negro como anestesia para sobrevivir a la precariedad y a la intensidad de la medicina p\u00fablica.<\/li>\n<li><span class=\"a-text-bold\">El Inicio de la Tormenta:<\/span>&nbsp;Un recorrido que nos lleva desde las guardias eternas de febrero hasta ese silencio inquietante que precede a una de las grandes crisis sanitarias del 2009.<\/li>\n<\/ul>\n<p><span class=\"a-text-bold\">&#8220;De M\u00e9dicos y Locos&#8230;&#8221;<\/span>&nbsp;no es solo un libro de an\u00e9cdotas; es una invitaci\u00f3n a entender la medicina desde el asombro, la risa y la empat\u00eda profunda. Un homenaje a los que curan, a los que cuidan y a los que, a pesar de todo, se atreven a re\u00edr en la oscuridad.<\/p>\n<p><span class=\"a-text-bold\">Haz clic en &#8220;Leer ahora&#8221; y entra en la guardia. Te advertimos: los tiempos que vienen ser\u00e1n&#8230; interesantes.<\/span><\/p>\n<p><strong><a href=\"https:\/\/www.amazon.com\/dp\/B0GNTPYZQY\" target=\"_blank\" rel=\"noopener\">Disponible en Amazon<\/a><br \/>\n<\/strong><\/p>\n<p>&nbsp;<\/p>\n<blockquote class=\"tiktok-embed\" style=\"max-width: 605px; min-width: 325px;\" cite=\"https:\/\/www.tiktok.com\/@cooltivarte\/video\/7608971611739475207\" data-video-id=\"7608971611739475207\">\n<section><a title=\"@cooltivarte\" href=\"https:\/\/www.tiktok.com\/@cooltivarte?refer=embed\" target=\"_blank\" rel=\"noopener\">@cooltivarte<\/a>De M\u00e9dicos y Locos, todos tenemos un poco. Volumen 1. : Memorias Cl\u00ednicamente Sospechosas de Andres Luciano Nicolas Martinuzzi \u00bfEs posible mantener la cordura cuando tu oficina es una sala de Terapia Intensiva en un hospital p\u00fablico? Acompa\u00f1a al Dr. Andr\u00e9s Martinuzzi en este primer volumen de una serie donde la realidad m\u00e9dica se mezcla con la fantas\u00eda para narrar lo que los manuales de medicina omiten. Tras dos d\u00e9cadas en la \u201ctrinchera\u201d, el autor nos abre las puertas de un mundo donde el drama de la vida y la muerte se camufla con situaciones tan absurdas que solo pueden ser reales\u2026 o casi. En estas p\u00e1ginas conocer\u00e1s a&nbsp;Javier, un m\u00e9dico que intenta no naufragar en el caos cotidiano, y a&nbsp;Luciana, su amiga y colega, con quien comparte la batalla diaria contra la enfermedad y la burocracia. Pero no est\u00e1n solos: entre los pasillos acecha&nbsp;Dante, \u201cEl Visitante\u201d, una presencia enigm\u00e1tica que parece marcar el ritmo de los latidos y los destinos en el hospital. En el Volumen 1 descubrir\u00e1s: D\u00edas de Pr\u00e1ctica y Residencia:&nbsp;El rito de iniciaci\u00f3n de quienes deben aprender a ser dioses y humanos al mismo tiempo, bajo una presi\u00f3n constante. Personajes Inolvidables:&nbsp;Desde \u201cLa Rubia del 38\u201d hasta el entra\u00f1able \u201c\u00d1a\u00f1u\u201d, pacientes y colegas que dejan una marca imborrable en el alma (y en el historial cl\u00ednico). Literatura M\u00e9dico-Fant\u00e1stica:&nbsp;Una narrativa \u00fanica que utiliza el humor negro como anestesia para sobrevivir a la precariedad y a la intensidad de la medicina p\u00fablica. El Inicio de la Tormenta:&nbsp;Un recorrido que nos lleva desde las guardias eternas de febrero hasta ese silencio inquietante que precede a una de las grandes crisis sanitarias del 2009. \u201cDe M\u00e9dicos y Locos\u2026\u201d&nbsp;no es solo un libro de an\u00e9cdotas; es una invitaci\u00f3n a entender la medicina desde el asombro, la risa y la empat\u00eda profunda. Un homenaje a los que curan, a los que cuidan y a los que, a pesar de todo, se atreven a re\u00edr en la oscuridad. Haz clic en \u201cLeer ahora\u201d y entra en la guardia. Te advertimos: los tiempos que vienen ser\u00e1n\u2026 interesantes. https:\/\/cooltivarte.com\/portal\/de-medicos-y-locos-todos-tenemos-un-poco-de-andres-martinuzzi\/ #medicos #Locos #medicina #Residencia #literatura #libro #librodemedicina #clinica #Andr\u00e9sMartinuzzi #M\u00e9dico<a title=\"\u266c sonido original - cooltivarte\" href=\"https:\/\/www.tiktok.com\/music\/sonido-original-cooltivarte-7608971656721009426?refer=embed\" target=\"_blank\" rel=\"noopener\">\u266c sonido original &#8211; cooltivarte<\/a><\/section>\n<\/blockquote>\n<p><script async=\"\" src=\"https:\/\/www.tiktok.com\/embed.js\"><\/script><\/p>\n<p>&nbsp;<\/p>\n<p>&nbsp;<\/p>\n<figure id=\"attachment_123127\" aria-describedby=\"caption-attachment-123127\" style=\"width: 300px\" class=\"wp-caption aligncenter\"><img decoding=\"async\" class=\"wp-image-123127 size-full\" title=\"Dr. Andres Luciano Nicolas Martinuzzi\" src=\"https:\/\/cooltivarte.com\/portal\/wp-content\/uploads\/2026\/02\/Dr-Andres-Luciano-Nicolas-Martinuzzi.jpg\" alt=\"Dr. Andres Luciano Nicolas Martinuzzi\" width=\"300\" height=\"300\" srcset=\"https:\/\/cooltivarte.com\/portal\/wp-content\/uploads\/2026\/02\/Dr-Andres-Luciano-Nicolas-Martinuzzi.jpg 300w, https:\/\/cooltivarte.com\/portal\/wp-content\/uploads\/2026\/02\/Dr-Andres-Luciano-Nicolas-Martinuzzi-150x150.jpg 150w, https:\/\/cooltivarte.com\/portal\/wp-content\/uploads\/2026\/02\/Dr-Andres-Luciano-Nicolas-Martinuzzi-120x120.jpg 120w\" sizes=\"(max-width: 300px) 100vw, 300px\" \/><figcaption id=\"caption-attachment-123127\" class=\"wp-caption-text\">Dr. Andres Luciano Nicolas Martinuzzi<\/figcaption><\/figure>\n<p>&nbsp;<\/p>\n<p><a href=\"https:\/\/www.linkedin.com\/in\/andres-martinuzzi-44298317\/\" target=\"_blank\" rel=\"noopener\"><strong>Andr\u00e9s Martinuzzi<\/strong><\/a> combina el rigor de la medicina cr\u00edtica con la pasi\u00f3n por el storytelling. Especialista en Terapia Intensiva y Nutrici\u00f3n Cl\u00ednica egresado de la Universidad de Buenos Aires (UBA), cuenta con m\u00e1s de veinte a\u00f1os de experiencia en la &#8220;trinchera&#8221; m\u00e9dica. Su carrera abarca roles de liderazgo como Jefe de Servicio y Director de Residencia; actualmente, se desempe\u00f1a como Medical Affairs Manager en Fresenius Kabi, donde lidera iniciativas cient\u00edficas y educativas.<\/p>\n<p>Si bien ha publicado m\u00e1s de treinta art\u00edculos cient\u00edficos y libros t\u00e9cnicos sobre metabolismo, su verdadera pasi\u00f3n reside en el &#8220;Lado B&#8221; de la salud. Escribe para rescatar las an\u00e9cdotas humanas, surrealistas y a menudo hilarantes que ocurren en los pasillos del hospital, historias que la literatura acad\u00e9mica suele omitir.<\/p>\n<p>En su obra literaria, incluyendo &#8220;De M\u00e9dicos y Locos, todos tenemos un poco&#8221;, cultiva un estilo que define como &#8220;literatura m\u00e9dico-fant\u00e1stica&#8221;, fusionando la realidad cl\u00ednica con el absurdo de la naturaleza humana.<\/p>\n<p>Conecta con Andr\u00e9s:<\/p>\n<p>LinkedIn: <a href=\"https:\/\/www.linkedin.com\/in\/andres-martinuzzi-44298317\/\" target=\"_blank\" rel=\"noopener\">andres-martinuzzi-44298317<\/a><\/p>\n<p>Instagram: <a href=\"https:\/\/www.instagram.com\/andres.martinuzzi\" target=\"_blank\" rel=\"noopener\">@andres.martinuzzi<\/a><\/p>\n<p>ResearchGate: Andres-Martinuzzi<\/p>\n<p>Dr. Andres Luciano Nicolas Martinuzzi<\/p>\n<p>&nbsp;<\/p>\n<p>&nbsp;<\/p>\n","protected":false},"excerpt":{"rendered":"<p>De M\u00e9dicos y Locos, todos tenemos un poco. Volumen 1. : Memorias Cl\u00ednicamente Sospechosas de Andres Luciano Nicolas Martinuzzi<\/p>\n<p>\u00bfEs posible mantener la cordura cuando tu oficina es una sala de Terapia Intensiva en un hospital p\u00fablico?<\/p>\n<p>Acompa\u00f1a al Dr. Andr\u00e9s Martinuzzi en este primer volumen de una serie donde la realidad m\u00e9dica se mezcla con la fantas\u00eda para narrar lo que los manuales de medicina omiten. Tras dos d\u00e9cadas en la &#8220;trinchera&#8221;, el autor nos abre las puertas de un mundo donde el drama de la vida y la muerte se camufla con situaciones tan absurdas que solo pueden ser reales&#8230; o casi.<\/p>\n<p>En estas p\u00e1ginas conocer\u00e1s a\u00a0Javier, un m\u00e9dico que intenta no naufragar en el caos cotidiano, y a\u00a0Luciana, su amiga y colega, con quien comparte la batalla diaria contra la enfermedad y la burocracia. Pero no est\u00e1n solos: entre los pasillos acecha\u00a0Dante, &#8220;El Visitante&#8221;, una presencia enigm\u00e1tica que parece marcar el ritmo de los latidos y los destinos en el hospital.<\/p>\n<p>En el Volumen 1 descubrir\u00e1s:<\/p>\n<p>D\u00edas de Pr\u00e1ctica y Residencia:\u00a0El rito de iniciaci\u00f3n de quienes deben aprender a ser dioses y humanos al mismo tiempo, bajo una presi\u00f3n constante.<\/p>\n<p>Personajes Inolvidables:\u00a0Desde &#8220;La Rubia del 38&#8221; hasta el entra\u00f1able &#8220;\u00d1a\u00f1u&#8221;, pacientes y colegas que dejan una marca imborrable en el alma (y en el historial cl\u00ednico).<\/p>\n<p>Literatura M\u00e9dico-Fant\u00e1stica:\u00a0Una narrativa \u00fanica que utiliza el humor negro como anestesia para sobrevivir a la precariedad y a la intensidad de la medicina p\u00fablica.<\/p>\n<p>El Inicio de la Tormenta:\u00a0Un recorrido que nos lleva desde las guardias eternas de febrero hasta ese silencio inquietante que precede a una de las grandes crisis sanitarias del 2009.<\/p>\n<p>&#8220;De M\u00e9dicos y Locos&#8230;&#8221;\u00a0no es solo un libro de an\u00e9cdotas; es una invitaci\u00f3n a entender la medicina desde el asombro, la risa y la empat\u00eda profunda. Un homenaje a los que curan, a los que cuidan y a los que, a pesar de todo, se atreven a re\u00edr en la oscuridad.<\/p>\n<p>Haz clic en &#8220;Leer ahora&#8221; y entra en la guardia. Te advertimos: los tiempos que vienen ser\u00e1n&#8230; interesantes.<\/p>\n","protected":false},"author":8,"featured_media":123126,"comment_status":"closed","ping_status":"closed","sticky":false,"template":"","format":"standard","meta":{"om_disable_all_campaigns":false,"ngg_post_thumbnail":0,"jnews-multi-image_gallery":[],"jnews_single_post":{"format":"standard","override":[{"template":"4","parallax":"1","layout":"right-sidebar","sidebar":"default-sidebar","second_sidebar":"default-sidebar","sticky_sidebar":"1","share_position":"bottom","share_float_style":"share-monocrhome","show_share_counter":"1","show_view_counter":"1","show_featured":"1","show_post_meta":"1","show_post_author":"1","show_post_author_image":"1","show_post_date":"1","post_date_format":"default","post_date_format_custom":"Y\/m\/d","show_post_category":"1","post_reading_time_wpm":"300","post_calculate_word_method":"str_word_count","zoom_button_out_step":"2","zoom_button_in_step":"3","show_post_tag":"1","show_prev_next_post":"1","show_popup_post":"1","show_comment_section":"1","number_popup_post":"1","show_author_box":"1","show_post_related":"0","show_inline_post_related":"0"}],"image_override":[{"single_post_thumbnail_size":"no-crop","single_post_gallery_size":"crop-500"}],"trending_post_position":"meta","trending_post_label":"Trending","sponsored_post_label":"Sponsored by","disable_ad":"0","subtitle":"Volumen 1. : Memorias Cl\u00ednicamente Sospechosas."},"jnews_primary_category":[],"jnews_social_meta":[],"jnews_override_counter":{"view_counter_number":"0","share_counter_number":"0","like_counter_number":"0","dislike_counter_number":"0"},"footnotes":""},"categories":[56],"tags":[],"class_list":["post-123125","post","type-post","status-publish","format-standard","has-post-thumbnail","hentry","category-narradores"],"yoast_head":"<!-- This site is optimized with the Yoast SEO plugin v27.5 - https:\/\/yoast.com\/product\/yoast-seo-wordpress\/ -->\n<title>De M\u00e9dicos y Locos, todos tenemos un poco de Andres Martinuzzi - Cooltivarte Portal<\/title>\n<meta name=\"description\" content=\"Acompa\u00f1a al Dr. Andr\u00e9s Martinuzzi en este primer volumen de una serie donde la realidad m\u00e9dica se mezcla con la fantas\u00eda para narrar lo que los manuales de medicina omiten.\" \/>\n<meta name=\"robots\" content=\"index, follow, max-snippet:-1, max-image-preview:large, max-video-preview:-1\" \/>\n<link rel=\"canonical\" href=\"https:\/\/cooltivarte.com\/portal\/de-medicos-y-locos-todos-tenemos-un-poco-de-andres-martinuzzi\/\" \/>\n<meta property=\"og:locale\" content=\"es_ES\" \/>\n<meta property=\"og:type\" content=\"article\" \/>\n<meta property=\"og:title\" content=\"De M\u00e9dicos y Locos, todos tenemos un poco de Andres Martinuzzi - Volumen 1 - Memorias Cl\u00ednicamente Sospechosas\" \/>\n<meta property=\"og:description\" content=\"Acompa\u00f1a al Dr. Andr\u00e9s Martinuzzi en este primer volumen de una serie donde la realidad m\u00e9dica se mezcla con la fantas\u00eda para narrar lo que los manuales de medicina omiten.\" \/>\n<meta property=\"og:url\" content=\"https:\/\/cooltivarte.com\/portal\/de-medicos-y-locos-todos-tenemos-un-poco-de-andres-martinuzzi\/\" \/>\n<meta property=\"og:site_name\" content=\"Cooltivarte Portal\" \/>\n<meta property=\"article:publisher\" content=\"https:\/\/www.facebook.com\/cooltivartecom\/\" \/>\n<meta property=\"article:author\" content=\"https:\/\/www.facebook.com\/cooltivartecom\" \/>\n<meta property=\"article:published_time\" content=\"2026-02-20T19:32:06+00:00\" \/>\n<meta property=\"article:modified_time\" content=\"2026-02-21T22:55:00+00:00\" \/>\n<meta property=\"og:image\" content=\"https:\/\/cooltivarte.com\/portal\/wp-content\/uploads\/2026\/02\/De-Medicos-y-Locos-todos-tenemos-un-poco-de-Andres-Martinuzzi-Volumen-1-Memorias-Clinicamente-Sospechosas.jpg\" \/>\n\t<meta property=\"og:image:width\" content=\"300\" \/>\n\t<meta property=\"og:image:height\" content=\"425\" \/>\n\t<meta property=\"og:image:type\" content=\"image\/jpeg\" \/>\n<meta name=\"author\" content=\"Cooltivarte\" \/>\n<meta name=\"twitter:card\" content=\"summary_large_image\" \/>\n<meta name=\"twitter:title\" content=\"De M\u00e9dicos y Locos, todos tenemos un poco de Andres Martinuzzi - Volumen 1 - Memorias Cl\u00ednicamente Sospechosas\" \/>\n<meta name=\"twitter:description\" content=\"Acompa\u00f1a al Dr. Andr\u00e9s Martinuzzi en este primer volumen de una serie donde la realidad m\u00e9dica se mezcla con la fantas\u00eda para narrar lo que los manuales de medicina omiten.\" \/>\n<meta name=\"twitter:image\" content=\"https:\/\/cooltivarte.com\/portal\/wp-content\/uploads\/2026\/02\/De-Medicos-y-Locos-todos-tenemos-un-poco-de-Andres-Martinuzzi-Volumen-1-Memorias-Clinicamente-Sospechosas.jpg\" \/>\n<meta name=\"twitter:creator\" content=\"@https:\/\/x.com\/obolocultural\" \/>\n<meta name=\"twitter:site\" content=\"@obolocultural\" \/>\n<meta name=\"twitter:label1\" content=\"Escrito por\" \/>\n\t<meta name=\"twitter:data1\" content=\"Cooltivarte\" \/>\n\t<meta name=\"twitter:label2\" content=\"Tiempo de lectura\" \/>\n\t<meta name=\"twitter:data2\" content=\"4 minutos\" \/>\n<!-- \/ Yoast SEO plugin. -->","yoast_head_json":{"title":"De M\u00e9dicos y Locos, todos tenemos un poco de Andres Martinuzzi - Cooltivarte Portal","description":"Acompa\u00f1a al Dr. Andr\u00e9s Martinuzzi en este primer volumen de una serie donde la realidad m\u00e9dica se mezcla con la fantas\u00eda para narrar lo que los manuales de medicina omiten.","robots":{"index":"index","follow":"follow","max-snippet":"max-snippet:-1","max-image-preview":"max-image-preview:large","max-video-preview":"max-video-preview:-1"},"canonical":"https:\/\/cooltivarte.com\/portal\/de-medicos-y-locos-todos-tenemos-un-poco-de-andres-martinuzzi\/","og_locale":"es_ES","og_type":"article","og_title":"De M\u00e9dicos y Locos, todos tenemos un poco de Andres Martinuzzi - Volumen 1 - Memorias Cl\u00ednicamente Sospechosas","og_description":"Acompa\u00f1a al Dr. Andr\u00e9s Martinuzzi en este primer volumen de una serie donde la realidad m\u00e9dica se mezcla con la fantas\u00eda para narrar lo que los manuales de medicina omiten.","og_url":"https:\/\/cooltivarte.com\/portal\/de-medicos-y-locos-todos-tenemos-un-poco-de-andres-martinuzzi\/","og_site_name":"Cooltivarte Portal","article_publisher":"https:\/\/www.facebook.com\/cooltivartecom\/","article_author":"https:\/\/www.facebook.com\/cooltivartecom","article_published_time":"2026-02-20T19:32:06+00:00","article_modified_time":"2026-02-21T22:55:00+00:00","og_image":[{"width":300,"height":425,"url":"https:\/\/cooltivarte.com\/portal\/wp-content\/uploads\/2026\/02\/De-Medicos-y-Locos-todos-tenemos-un-poco-de-Andres-Martinuzzi-Volumen-1-Memorias-Clinicamente-Sospechosas.jpg","type":"image\/jpeg"}],"author":"Cooltivarte","twitter_card":"summary_large_image","twitter_title":"De M\u00e9dicos y Locos, todos tenemos un poco de Andres Martinuzzi - Volumen 1 - Memorias Cl\u00ednicamente Sospechosas","twitter_description":"Acompa\u00f1a al Dr. Andr\u00e9s Martinuzzi en este primer volumen de una serie donde la realidad m\u00e9dica se mezcla con la fantas\u00eda para narrar lo que los manuales de medicina omiten.","twitter_image":"https:\/\/cooltivarte.com\/portal\/wp-content\/uploads\/2026\/02\/De-Medicos-y-Locos-todos-tenemos-un-poco-de-Andres-Martinuzzi-Volumen-1-Memorias-Clinicamente-Sospechosas.jpg","twitter_creator":"@https:\/\/x.com\/obolocultural","twitter_site":"@obolocultural","twitter_misc":{"Escrito por":"Cooltivarte","Tiempo de lectura":"4 minutos"},"schema":{"@context":"https:\/\/schema.org","@graph":[{"@type":"NewsArticle","@id":"https:\/\/cooltivarte.com\/portal\/de-medicos-y-locos-todos-tenemos-un-poco-de-andres-martinuzzi\/#article","isPartOf":{"@id":"https:\/\/cooltivarte.com\/portal\/de-medicos-y-locos-todos-tenemos-un-poco-de-andres-martinuzzi\/"},"author":{"name":"Cooltivarte","@id":"https:\/\/cooltivarte.com\/portal\/#\/schema\/person\/ec2a4f4e71b740d0c559c0ab9a157e19"},"headline":"De M\u00e9dicos y Locos, todos tenemos un poco de Andres Martinuzzi","datePublished":"2026-02-20T19:32:06+00:00","dateModified":"2026-02-21T22:55:00+00:00","mainEntityOfPage":{"@id":"https:\/\/cooltivarte.com\/portal\/de-medicos-y-locos-todos-tenemos-un-poco-de-andres-martinuzzi\/"},"wordCount":1013,"publisher":{"@id":"https:\/\/cooltivarte.com\/portal\/#organization"},"image":{"@id":"https:\/\/cooltivarte.com\/portal\/de-medicos-y-locos-todos-tenemos-un-poco-de-andres-martinuzzi\/#primaryimage"},"thumbnailUrl":"https:\/\/cooltivarte.com\/portal\/wp-content\/uploads\/2026\/02\/De-Medicos-y-Locos-todos-tenemos-un-poco-de-Andres-Martinuzzi-Volumen-1-Memorias-Clinicamente-Sospechosas.jpg","articleSection":["Literatura"],"inLanguage":"es-AR"},{"@type":"WebPage","@id":"https:\/\/cooltivarte.com\/portal\/de-medicos-y-locos-todos-tenemos-un-poco-de-andres-martinuzzi\/","url":"https:\/\/cooltivarte.com\/portal\/de-medicos-y-locos-todos-tenemos-un-poco-de-andres-martinuzzi\/","name":"De M\u00e9dicos y Locos, todos tenemos un poco de Andres Martinuzzi - Cooltivarte Portal","isPartOf":{"@id":"https:\/\/cooltivarte.com\/portal\/#website"},"primaryImageOfPage":{"@id":"https:\/\/cooltivarte.com\/portal\/de-medicos-y-locos-todos-tenemos-un-poco-de-andres-martinuzzi\/#primaryimage"},"image":{"@id":"https:\/\/cooltivarte.com\/portal\/de-medicos-y-locos-todos-tenemos-un-poco-de-andres-martinuzzi\/#primaryimage"},"thumbnailUrl":"https:\/\/cooltivarte.com\/portal\/wp-content\/uploads\/2026\/02\/De-Medicos-y-Locos-todos-tenemos-un-poco-de-Andres-Martinuzzi-Volumen-1-Memorias-Clinicamente-Sospechosas.jpg","datePublished":"2026-02-20T19:32:06+00:00","dateModified":"2026-02-21T22:55:00+00:00","description":"Acompa\u00f1a al Dr. Andr\u00e9s Martinuzzi en este primer volumen de una serie donde la realidad m\u00e9dica se mezcla con la fantas\u00eda para narrar lo que los manuales de medicina omiten.","breadcrumb":{"@id":"https:\/\/cooltivarte.com\/portal\/de-medicos-y-locos-todos-tenemos-un-poco-de-andres-martinuzzi\/#breadcrumb"},"inLanguage":"es-AR","potentialAction":[{"@type":"ReadAction","target":["https:\/\/cooltivarte.com\/portal\/de-medicos-y-locos-todos-tenemos-un-poco-de-andres-martinuzzi\/"]}]},{"@type":"ImageObject","inLanguage":"es-AR","@id":"https:\/\/cooltivarte.com\/portal\/de-medicos-y-locos-todos-tenemos-un-poco-de-andres-martinuzzi\/#primaryimage","url":"https:\/\/cooltivarte.com\/portal\/wp-content\/uploads\/2026\/02\/De-Medicos-y-Locos-todos-tenemos-un-poco-de-Andres-Martinuzzi-Volumen-1-Memorias-Clinicamente-Sospechosas.jpg","contentUrl":"https:\/\/cooltivarte.com\/portal\/wp-content\/uploads\/2026\/02\/De-Medicos-y-Locos-todos-tenemos-un-poco-de-Andres-Martinuzzi-Volumen-1-Memorias-Clinicamente-Sospechosas.jpg","width":300,"height":425,"caption":"De M\u00e9dicos y Locos, todos tenemos un poco de Andres Martinuzzi - Volumen 1 - Memorias Cl\u00ednicamente Sospechosas"},{"@type":"BreadcrumbList","@id":"https:\/\/cooltivarte.com\/portal\/de-medicos-y-locos-todos-tenemos-un-poco-de-andres-martinuzzi\/#breadcrumb","itemListElement":[{"@type":"ListItem","position":1,"name":"Portada","item":"https:\/\/cooltivarte.com\/portal\/"},{"@type":"ListItem","position":2,"name":"De M\u00e9dicos y Locos, todos tenemos un poco de Andres Martinuzzi"}]},{"@type":"WebSite","@id":"https:\/\/cooltivarte.com\/portal\/#website","url":"https:\/\/cooltivarte.com\/portal\/","name":"Cooltivarte Portal","description":"Arte, cultura y turismo para el mundo ...","publisher":{"@id":"https:\/\/cooltivarte.com\/portal\/#organization"},"potentialAction":[{"@type":"SearchAction","target":{"@type":"EntryPoint","urlTemplate":"https:\/\/cooltivarte.com\/portal\/?s={search_term_string}"},"query-input":{"@type":"PropertyValueSpecification","valueRequired":true,"valueName":"search_term_string"}}],"inLanguage":"es-AR"},{"@type":"Organization","@id":"https:\/\/cooltivarte.com\/portal\/#organization","name":"cooltivarte","url":"https:\/\/cooltivarte.com\/portal\/","logo":{"@type":"ImageObject","inLanguage":"es-AR","@id":"https:\/\/cooltivarte.com\/portal\/#\/schema\/logo\/image\/","url":"https:\/\/cooltivarte.com\/portal\/wp-content\/uploads\/2020\/04\/logo-cooltivarte-v2.png","contentUrl":"https:\/\/cooltivarte.com\/portal\/wp-content\/uploads\/2020\/04\/logo-cooltivarte-v2.png","width":851,"height":243,"caption":"cooltivarte"},"image":{"@id":"https:\/\/cooltivarte.com\/portal\/#\/schema\/logo\/image\/"},"sameAs":["https:\/\/www.facebook.com\/cooltivartecom\/","https:\/\/x.com\/obolocultural","https:\/\/www.instagram.com\/_cooltivarte_\/","https:\/\/www.linkedin.com\/company\/-bolocultural?reportsuccess=8zaNG1HwhPbAR9iQhZ5rfGeqz_vQFftHun0ZWU0Wy9vNemRJ8vtcKdJvzQfW8XagyOJSKg0XvfJ1dp","https:\/\/www.pinterest.com\/cooltivarte\/","https:\/\/cooltivarte.tumblr.com\/","https:\/\/www.tiktok.com\/@cooltivarte","https:\/\/www.youtube.com\/@PrensaCooltivarte"]},{"@type":"Person","@id":"https:\/\/cooltivarte.com\/portal\/#\/schema\/person\/ec2a4f4e71b740d0c559c0ab9a157e19","name":"Cooltivarte","image":{"@type":"ImageObject","inLanguage":"es-AR","@id":"https:\/\/cooltivarte.com\/portal\/wp-content\/uploads\/2014\/05\/logo-cooltivarte-120x120.jpg","url":"https:\/\/cooltivarte.com\/portal\/wp-content\/uploads\/2014\/05\/logo-cooltivarte-120x120.jpg","contentUrl":"https:\/\/cooltivarte.com\/portal\/wp-content\/uploads\/2014\/05\/logo-cooltivarte-120x120.jpg","caption":"Cooltivarte"},"description":"Somos COOLTIVARTE.COM. Un portal digital dedicado a difundir el acontecer art\u00edstico y cultural del Uruguay. Estamos en la vuelta desde el a\u00f1o 2003, y como evoluci\u00f3n del bolet\u00edn Obolo Cultural, nos encontramos abocados a apoyar a los artistas nacionales brind\u00e1ndoles un espacio de difusi\u00f3n. Creemos en la idea de utilizar la potencialidad que hoy d\u00eda nos otorga la web, para que la cultura uruguaya y sus creadores dispongan de una din\u00e1mica ventana, que los ponga en contacto entre s\u00ed y con el mundo. Somos COOLTIVARTE.COM y pretendemos configurarnos como un portal din\u00e1mico, entretenido y atento a los nuevos emprendimientos, que busque siempre la interacci\u00f3n con los artistas.","sameAs":["http:\/\/www.cooltivarte.com","https:\/\/www.facebook.com\/cooltivartecom","https:\/\/www.instagram.com\/_cooltivarte_\/","https:\/\/www.linkedin.com\/company\/-bolocultural","https:\/\/www.pinterest.com\/cooltivarte\/","https:\/\/x.com\/https:\/\/x.com\/obolocultural","https:\/\/www.youtube.com\/@PrensaCooltivarte","https:\/\/www.tumblr.com\/blog\/cooltivarte"],"url":"https:\/\/cooltivarte.com\/portal\/author\/cooltivarte\/"}]}},"_links":{"self":[{"href":"https:\/\/cooltivarte.com\/portal\/wp-json\/wp\/v2\/posts\/123125","targetHints":{"allow":["GET"]}}],"collection":[{"href":"https:\/\/cooltivarte.com\/portal\/wp-json\/wp\/v2\/posts"}],"about":[{"href":"https:\/\/cooltivarte.com\/portal\/wp-json\/wp\/v2\/types\/post"}],"author":[{"embeddable":true,"href":"https:\/\/cooltivarte.com\/portal\/wp-json\/wp\/v2\/users\/8"}],"replies":[{"embeddable":true,"href":"https:\/\/cooltivarte.com\/portal\/wp-json\/wp\/v2\/comments?post=123125"}],"version-history":[{"count":4,"href":"https:\/\/cooltivarte.com\/portal\/wp-json\/wp\/v2\/posts\/123125\/revisions"}],"predecessor-version":[{"id":123199,"href":"https:\/\/cooltivarte.com\/portal\/wp-json\/wp\/v2\/posts\/123125\/revisions\/123199"}],"wp:featuredmedia":[{"embeddable":true,"href":"https:\/\/cooltivarte.com\/portal\/wp-json\/wp\/v2\/media\/123126"}],"wp:attachment":[{"href":"https:\/\/cooltivarte.com\/portal\/wp-json\/wp\/v2\/media?parent=123125"}],"wp:term":[{"taxonomy":"category","embeddable":true,"href":"https:\/\/cooltivarte.com\/portal\/wp-json\/wp\/v2\/categories?post=123125"},{"taxonomy":"post_tag","embeddable":true,"href":"https:\/\/cooltivarte.com\/portal\/wp-json\/wp\/v2\/tags?post=123125"}],"curies":[{"name":"wp","href":"https:\/\/api.w.org\/{rel}","templated":true}]}}