{"id":123056,"date":"2026-02-17T10:49:28","date_gmt":"2026-02-17T13:49:28","guid":{"rendered":"https:\/\/cooltivarte.com\/portal\/?p=123056"},"modified":"2026-02-17T10:49:28","modified_gmt":"2026-02-17T13:49:28","slug":"el-jardin-del-eden-punta-piedras-maldonado","status":"publish","type":"post","link":"https:\/\/cooltivarte.com\/portal\/el-jardin-del-eden-punta-piedras-maldonado\/","title":{"rendered":"El Jard\u00edn del Ed\u00e9n &#8211; Punta Piedras &#8211; Maldonado"},"content":{"rendered":"<p><img fetchpriority=\"high\" decoding=\"async\" class=\"aligncenter wp-image-123057 size-large\" title=\"El Jard\u00edn del Ed\u00e9n - Punta Piedras - Maldonado - Costantino - Rivera Laur\u00eda - Marzotto \u2013 Espacio Foto Arte Galer\u00eda por Daniel Benoit Cassou\" src=\"https:\/\/cooltivarte.com\/portal\/wp-content\/uploads\/2026\/02\/El-Jardin-del-Eden-768x1024.webp\" alt=\"El Jard\u00edn del Ed\u00e9n - Punta Piedras - Maldonado - Costantino - Rivera Laur\u00eda - Marzotto \u2013 Espacio Foto Arte Galer\u00eda por Daniel Benoit Cassou\" width=\"768\" height=\"1024\" srcset=\"https:\/\/cooltivarte.com\/portal\/wp-content\/uploads\/2026\/02\/El-Jardin-del-Eden-768x1024.webp 768w, https:\/\/cooltivarte.com\/portal\/wp-content\/uploads\/2026\/02\/El-Jardin-del-Eden-225x300.webp 225w, https:\/\/cooltivarte.com\/portal\/wp-content\/uploads\/2026\/02\/El-Jardin-del-Eden-1152x1536.webp 1152w, https:\/\/cooltivarte.com\/portal\/wp-content\/uploads\/2026\/02\/El-Jardin-del-Eden-1536x2048.webp 1536w, https:\/\/cooltivarte.com\/portal\/wp-content\/uploads\/2026\/02\/El-Jardin-del-Eden.webp 1600w\" sizes=\"(max-width: 768px) 100vw, 768px\" \/><\/p>\n<p>&nbsp;<\/p>\n<div class=\"wp-block-group has-global-padding is-layout-constrained wp-block-group-is-layout-constrained\">\n<h3 class=\"wp-block-post-title\"><strong>El Jard\u00edn del Ed\u00e9n<\/strong><\/h3>\n<\/div>\n<div class=\"entry-content wp-block-post-content has-global-padding is-layout-constrained wp-block-post-content-is-layout-constrained\">\n<p><strong>Punta Piedras, Maldonado.<\/strong><\/p>\n<p><strong>Costantino \/ Rivera Laur\u00eda \/ Marzotto \u2013 <a href=\"https:\/\/espaciofotoarte.com\/\" target=\"_blank\" rel=\"noopener\">Espacio Foto Arte Galer\u00eda<\/a><\/strong><\/p>\n<p>Ruta 10 Km 166.100, Altos de Punta Piedras- Del 15 de febrero 2026 a mediados de marzo.<\/p>\n<p>Una advertencia antes de entrar<\/p>\n<p>Si alguien espera una muestra \u201cagradable\u201d sobre flores y p\u00e1jaros, mejor que pase de largo.<\/p>\n<p>Aqu\u00ed no hay postal. Hay tesis.<\/p>\n<p>\u201c<strong><em>El Jard\u00edn del Ed\u00e9n<\/em><\/strong>\u201d no plantea la naturaleza como decoraci\u00f3n sino como problema filos\u00f3fico: \u00bfmiramos lo natural o simplemente lo consumimos?&nbsp;<\/p>\n<p>La exposici\u00f3n \u2014bien articulada conceptualmente a pesar de los reducidos espacios de la sala\u2014 rescata esa vieja discusi\u00f3n que la modernidad ilustrada releg\u00f3 durante siglos donde la experiencia est\u00e9tica de la naturaleza no es ingenua, es \u00e9tica.<\/p>\n<p>Y eso se siente desde el primer paso en este di\u00e1logo entre cer\u00e1mica, fotograf\u00eda y porcelana.<\/p>\n<p><a href=\"https:\/\/cooltivarte.com\/portal\/?s=Nicola+Costantino\" target=\"_blank\" rel=\"noopener\"><strong>Nicola Costantino<\/strong><\/a><\/p>\n<p>Costantino vuelve a demostrar por qu\u00e9 es una de las artistas m\u00e1s inteligentes de su generaci\u00f3n. Su serie PaRDeS \u2014\u201cpara\u00edso\u201d\u2014 no ilustra el jard\u00edn, en esta oportunidad lo subvierte.<\/p>\n<p>El bloque invertido, ra\u00edces hacia el cielo y flores suspendidas hacia abajo, desarma nuestra l\u00f3gica gravitatoria. No es un truco formal. Es una estrategia perceptiva que nos obliga a mirar de nuevo aquello que cre\u00edamos conocer.<\/p>\n<p>Su recuperaci\u00f3n y sofisticaci\u00f3n del nerikomi japon\u00e9s no es arqueolog\u00eda t\u00e9cnica; es expansi\u00f3n arquitect\u00f3nica. Nicola lleva la cer\u00e1mica al muro con una ambici\u00f3n casi monumental. La materia no adorna y pasa a estructurar pensamiento.<\/p>\n<p>Hay aqu\u00ed una tensi\u00f3n muy bien resuelta entre belleza y extra\u00f1amiento. Costantino seduce\u2026 y luego desestabiliza y all\u00ed radica su habitual encanto donde todo lo tenemos que volver a ver y donde la apariencia es diferente a la verdad oculta.<\/p>\n<p>Y eso, en estos tiempos de complacencia visual, es una virtud.<\/p>\n<p><strong><a href=\"https:\/\/cooltivarte.com\/portal\/?s=Paola+Marzotto\" target=\"_blank\" rel=\"noopener\">Paola Marzotto<\/a><\/strong><\/p>\n<p>Marzotto hace algo m\u00e1s radical de lo que parece y decide no intervenir sus fotograf\u00edas.<\/p>\n<p>Sus zinnias \u2014primer\u00edsimos planos, sin artificio digital\u2014 se sostienen en una \u00e9tica de la atenci\u00f3n. Aqu\u00ed no hay dramatizaci\u00f3n ni met\u00e1fora forzada. Hay presencia esc\u00e9nica.<\/p>\n<p>La serie funciona como una meditaci\u00f3n sobre la estructura fractal de la vida: repetici\u00f3n sin copia, orden sin rigidez. Cada flor parece un peque\u00f1o sistema solar que nos lleva a recordar la obra de Georgia O\u2019Keeffe.<\/p>\n<p>Lo interesante es que Marzotto renuncia al gesto autoral excesivo. En tiempos de hiperproducci\u00f3n est\u00e9tica, esa austeridad es casi pol\u00edtica.<\/p>\n<p>Su trabajo no grita. Obliga a detenerse. Y detenerse, hoy, es un acto de resistencia.<\/p>\n<p><strong><a href=\"https:\/\/cooltivarte.com\/portal\/?s=Carlos+Rivera+Laur%C3%ADa\" target=\"_blank\" rel=\"noopener\">Carlos Rivera Laur\u00eda<\/a><\/strong><\/p>\n<p>Este artista apuesta por la s\u00edntesis.<\/p>\n<p>Sus p\u00e1jaros \u2014porcelana verde y piezas con doble capa de oro\u2014 dialogan con la tradici\u00f3n moderna que inevitablemente remite a Constantin Brancusi. Pero no se trata de cita acad\u00e9mica sino de afinidad espiritual.<\/p>\n<p>La verticalidad, la repetici\u00f3n r\u00edtmica, la columna habitada: todo apunta a una arquitectura simb\u00f3lica entre tierra y cielo.<\/p>\n<p>Las piezas doradas tienen una presencia intensa, casi lit\u00fargica. No son ornamento. Son declaraci\u00f3n. El oro aqu\u00ed no es lujo sino que es luz condensada.<\/p>\n<p>Se percibe oficio. Se percibe m\u00e9todo. Y eso se agradece.<\/p>\n<p><strong>El conjunto&nbsp;<\/strong><\/p>\n<p>Lo m\u00e1s logrado de la muestra es que los tres discursos no compiten. Se complementan:<\/p>\n<p>Costantino cuestiona la percepci\u00f3n.<\/p>\n<p>Marzotto profundiza la contemplaci\u00f3n.<\/p>\n<p>Rivera Laur\u00eda propone elevaci\u00f3n.<\/p>\n<p>Si hay un punto debatible \u2014y lo digo sin vueltas\u2014 es que el concepto curatorial es fuerte, quiz\u00e1 demasiado expl\u00edcito. La naturaleza no necesita defensa te\u00f3rica cuando las obras ya sostienen el argumento. A veces menos texto permitir\u00eda m\u00e1s silencio.<\/p>\n<p>Pero el resultado general es s\u00f3lido.<\/p>\n<p>\u201cEl Jard\u00edn del Ed\u00e9n\u201d no es nostalgia de para\u00edso perdido. Es una invitaci\u00f3n a mirar con responsabilidad. Y tambi\u00e9n con placer.<\/p>\n<p>Porque s\u00ed hay belleza. Pero una belleza que exige conciencia.<\/p>\n<p>*<strong>Nicola Costantino<\/strong>, artista argentina nacida en 1964, es una de las figuras m\u00e1s relevantes del arte contempor\u00e1neo latinoamericano. Represent\u00f3 a Argentina en la Bienal de Venecia 2013 y ha exhibido en museos de Europa y Medio Oriente. Su obra, siempre conceptualmente rigurosa, ha transitado desde instalaciones de fuerte carga simb\u00f3lica hasta investigaciones recientes en cer\u00e1mica, donde explora t\u00e9cnicas como el nerikomi.<\/p>\n<p>En los \u00faltimos a\u00f1os consolid\u00f3 una l\u00ednea monumental vinculada al universo vegetal \u2014como Arb\u00f3rea Magna en Buenos Aires\u2014 y contin\u00faa expandiendo su pr\u00e1ctica hacia lenguajes interdisciplinarios.<\/p>\n<p>*<strong>Paola Marzotto<\/strong> (Portogruaro, Italia, 1955), se form\u00f3 en antropolog\u00eda y psicolog\u00eda en Roma. Inici\u00f3 su carrera como fotoperiodista y m\u00e1s tarde incursion\u00f3 en televisi\u00f3n, moda y activismo cultural.<\/p>\n<p>Desde 2021 se dedica plenamente a la fotograf\u00eda art\u00edstica con un enfoque centrado en la naturaleza como experiencia espiritual y ecol\u00f3gica. Su proyecto Antarctica: Melting Beauty form\u00f3 parte del calendario del Pabell\u00f3n Italiano en la Bienal de Venecia y ha sido exhibido en Europa y Am\u00e9rica Latina. Su trabajo propone una contemplaci\u00f3n atenta y \u00e9tica del paisaje.<\/p>\n<p>*<strong>Carlos Rivera Laur\u00eda<\/strong> (Santa Fe, Argentina, 1951) vive y trabaja entre Madrid, Segovia y el Pa\u00eds Vasco desde 1986. Su pr\u00e1ctica se centra en la cer\u00e1mica y la porcelana, con la figura del p\u00e1jaro como motivo recurrente asociado al vuelo, la migraci\u00f3n y la ingravidez.<\/p>\n<p>Ha expuesto en Am\u00e9rica, Europa y Marruecos, participando en ARCO y desarrollando obras vinculadas al Land Art. Cuenta con emplazamientos permanentes en jardines bot\u00e1nicos de Madrid, Palermo y Padua. Su producci\u00f3n combina s\u00edntesis formal, rigor t\u00e9cnico y una po\u00e9tica ligada a la naturaleza como espacio de transformaci\u00f3n.<\/p>\n<\/div>\n<p>&nbsp;<\/p>\n<div style=\"width: 640px;\" class=\"wp-video\"><!--[if lt IE 9]><script>document.createElement('video');<\/script><![endif]-->\n<video class=\"wp-video-shortcode\" id=\"video-123056-1\" width=\"640\" height=\"360\" preload=\"metadata\" controls=\"controls\"><source type=\"video\/mp4\" src=\"https:\/\/danielbenoit.art\/wp-content\/uploads\/2026\/02\/1b6573133919371520026fc26e50b200.mp4?_=1\" \/><a href=\"https:\/\/danielbenoit.art\/wp-content\/uploads\/2026\/02\/1b6573133919371520026fc26e50b200.mp4\">https:\/\/danielbenoit.art\/wp-content\/uploads\/2026\/02\/1b6573133919371520026fc26e50b200.mp4<\/a><\/video><\/div>\n<p>&nbsp;<\/p>\n<p>&nbsp;<\/p>\n","protected":false},"excerpt":{"rendered":"<p>El Jard\u00edn del Ed\u00e9n<\/p>\n<p>Punta Piedras, Maldonado.<\/p>\n<p>Costantino \/ Rivera Laur\u00eda \/ Marzotto \u2013 Espacio Foto Arte Galer\u00eda<\/p>\n<p>Ruta 10 Km 166.100, Altos de Punta Piedras- Del 15 de febrero 2026 a mediados de marzo.<\/p>\n<p>Una advertencia antes de entrar<\/p>\n<p>Si alguien espera una muestra \u201cagradable\u201d sobre flores y p\u00e1jaros, mejor que pase de largo.<\/p>\n<p>Aqu\u00ed no hay postal. Hay tesis.<\/p>\n<p>\u201cEl Jard\u00edn del Ed\u00e9n\u201d no plantea la naturaleza como decoraci\u00f3n sino como problema filos\u00f3fico: \u00bfmiramos lo natural o simplemente lo consumimos?\u00a0<\/p>\n<p>La exposici\u00f3n \u2014bien articulada conceptualmente a pesar de los reducidos espacios de la sala\u2014 rescata esa vieja discusi\u00f3n que la modernidad ilustrada releg\u00f3 durante siglos donde la experiencia est\u00e9tica de la naturaleza no es ingenua, es \u00e9tica.<\/p>\n<p>Y eso se siente desde el primer paso en este di\u00e1logo entre cer\u00e1mica, fotograf\u00eda y porcelana.<\/p>\n","protected":false},"author":14,"featured_media":123057,"comment_status":"closed","ping_status":"closed","sticky":false,"template":"","format":"standard","meta":{"om_disable_all_campaigns":false,"ngg_post_thumbnail":0,"jnews-multi-image_gallery":[],"jnews_single_post":{"format":"standard","override":[{"template":"4","parallax":"1","layout":"right-sidebar","sidebar":"default-sidebar","second_sidebar":"default-sidebar","sticky_sidebar":"1","share_position":"bottom","share_float_style":"share-monocrhome","show_share_counter":"1","show_view_counter":"1","show_featured":"1","show_post_meta":"1","show_post_author":"1","show_post_author_image":"1","show_post_date":"1","post_date_format":"default","post_date_format_custom":"Y\/m\/d","show_post_category":"1","post_reading_time_wpm":"300","post_calculate_word_method":"str_word_count","zoom_button_out_step":"2","zoom_button_in_step":"3","show_post_tag":"1","show_prev_next_post":"1","show_popup_post":"1","show_comment_section":"1","number_popup_post":"1","show_author_box":"1","show_post_related":"0","show_inline_post_related":"0"}],"image_override":[{"single_post_thumbnail_size":"no-crop","single_post_gallery_size":"crop-500"}],"trending_post_position":"meta","trending_post_label":"Trending","sponsored_post_label":"Sponsored by","disable_ad":"0","subtitle":"Costantino - Rivera Laur\u00eda - Marzotto \u2013 Espacio Foto Arte Galer\u00eda"},"jnews_primary_category":[],"jnews_social_meta":[],"jnews_override_counter":{"view_counter_number":"0","share_counter_number":"0","like_counter_number":"0","dislike_counter_number":"0"},"footnotes":""},"categories":[52],"tags":[25764,25760,25758,25763,1195,25762,21383,25759,25761],"class_list":["post-123056","post","type-post","status-publish","format-standard","has-post-thumbnail","hentry","category-artista","tag-carlos-rivera-lauria","tag-costantino","tag-el-jardin-del-eden","tag-espacio-foto-arte-galeria","tag-maldonado","tag-marzotto","tag-nicola-costantino","tag-punta-piedras","tag-rivera-lauria"],"yoast_head":"<!-- This site is optimized with the Yoast SEO plugin v27.5 - https:\/\/yoast.com\/product\/yoast-seo-wordpress\/ -->\n<title>El Jard\u00edn del Ed\u00e9n - Punta Piedras - Maldonado - Cooltivarte Portal<\/title>\n<meta name=\"description\" content=\"\u201cEl Jard\u00edn del Ed\u00e9n\u201d no plantea la naturaleza como decoraci\u00f3n sino como problema filos\u00f3fico: \u00bfmiramos lo natural o simplemente lo consumimos?\u00a0\" \/>\n<meta name=\"robots\" content=\"index, follow, max-snippet:-1, max-image-preview:large, max-video-preview:-1\" \/>\n<link rel=\"canonical\" href=\"https:\/\/cooltivarte.com\/portal\/el-jardin-del-eden-punta-piedras-maldonado\/\" \/>\n<meta property=\"og:locale\" content=\"es_ES\" \/>\n<meta property=\"og:type\" content=\"article\" \/>\n<meta property=\"og:title\" content=\"El Jard\u00edn del Ed\u00e9n - Punta Piedras - Maldonado - Costantino - Rivera Laur\u00eda - Marzotto \u2013 Espacio Foto Arte Galer\u00eda por Daniel Benoit Cassou\" \/>\n<meta property=\"og:description\" content=\"\u201cEl Jard\u00edn del Ed\u00e9n\u201d no plantea la naturaleza como decoraci\u00f3n sino como problema filos\u00f3fico: \u00bfmiramos lo natural o simplemente lo consumimos?\u00a0\" \/>\n<meta property=\"og:url\" content=\"https:\/\/cooltivarte.com\/portal\/el-jardin-del-eden-punta-piedras-maldonado\/\" \/>\n<meta property=\"og:site_name\" content=\"Cooltivarte Portal\" \/>\n<meta property=\"article:publisher\" content=\"https:\/\/www.facebook.com\/cooltivartecom\/\" \/>\n<meta property=\"article:author\" content=\"https:\/\/www.facebook.com\/daniel.benoit.3557?fref=ts\" \/>\n<meta property=\"article:published_time\" content=\"2026-02-17T13:49:28+00:00\" \/>\n<meta property=\"og:image\" content=\"https:\/\/cooltivarte.com\/portal\/wp-content\/uploads\/2026\/02\/El-Jardin-del-Eden.webp\" \/>\n\t<meta property=\"og:image:width\" content=\"1600\" \/>\n\t<meta property=\"og:image:height\" content=\"2133\" \/>\n\t<meta property=\"og:image:type\" content=\"image\/webp\" \/>\n<meta name=\"author\" content=\"Daniel Benoit Cassou\" \/>\n<meta name=\"twitter:card\" content=\"summary_large_image\" \/>\n<meta name=\"twitter:title\" content=\"El Jard\u00edn del Ed\u00e9n - Punta Piedras - Maldonado - Costantino - Rivera Laur\u00eda - Marzotto \u2013 Espacio Foto Arte Galer\u00eda por Daniel Benoit Cassou\" \/>\n<meta name=\"twitter:description\" content=\"\u201cEl Jard\u00edn del Ed\u00e9n\u201d no plantea la naturaleza como decoraci\u00f3n sino como problema filos\u00f3fico: \u00bfmiramos lo natural o simplemente lo consumimos?\u00a0\" \/>\n<meta name=\"twitter:image\" content=\"https:\/\/cooltivarte.com\/portal\/wp-content\/uploads\/2026\/02\/El-Jardin-del-Eden.webp\" \/>\n<meta name=\"twitter:creator\" content=\"@https:\/\/x.com\/obolocultural\" \/>\n<meta name=\"twitter:site\" content=\"@obolocultural\" \/>\n<meta name=\"twitter:label1\" content=\"Escrito por\" \/>\n\t<meta name=\"twitter:data1\" content=\"Daniel Benoit Cassou\" \/>\n\t<meta name=\"twitter:label2\" content=\"Tiempo de lectura\" \/>\n\t<meta name=\"twitter:data2\" content=\"5 minutos\" \/>\n<!-- \/ Yoast SEO plugin. -->","yoast_head_json":{"title":"El Jard\u00edn del Ed\u00e9n - Punta Piedras - Maldonado - Cooltivarte Portal","description":"\u201cEl Jard\u00edn del Ed\u00e9n\u201d no plantea la naturaleza como decoraci\u00f3n sino como problema filos\u00f3fico: \u00bfmiramos lo natural o simplemente lo consumimos?\u00a0","robots":{"index":"index","follow":"follow","max-snippet":"max-snippet:-1","max-image-preview":"max-image-preview:large","max-video-preview":"max-video-preview:-1"},"canonical":"https:\/\/cooltivarte.com\/portal\/el-jardin-del-eden-punta-piedras-maldonado\/","og_locale":"es_ES","og_type":"article","og_title":"El Jard\u00edn del Ed\u00e9n - Punta Piedras - Maldonado - Costantino - Rivera Laur\u00eda - Marzotto \u2013 Espacio Foto Arte Galer\u00eda por Daniel Benoit Cassou","og_description":"\u201cEl Jard\u00edn del Ed\u00e9n\u201d no plantea la naturaleza como decoraci\u00f3n sino como problema filos\u00f3fico: \u00bfmiramos lo natural o simplemente lo consumimos?\u00a0","og_url":"https:\/\/cooltivarte.com\/portal\/el-jardin-del-eden-punta-piedras-maldonado\/","og_site_name":"Cooltivarte Portal","article_publisher":"https:\/\/www.facebook.com\/cooltivartecom\/","article_author":"https:\/\/www.facebook.com\/daniel.benoit.3557?fref=ts","article_published_time":"2026-02-17T13:49:28+00:00","og_image":[{"width":1600,"height":2133,"url":"https:\/\/cooltivarte.com\/portal\/wp-content\/uploads\/2026\/02\/El-Jardin-del-Eden.webp","type":"image\/webp"}],"author":"Daniel Benoit Cassou","twitter_card":"summary_large_image","twitter_title":"El Jard\u00edn del Ed\u00e9n - Punta Piedras - Maldonado - Costantino - Rivera Laur\u00eda - Marzotto \u2013 Espacio Foto Arte Galer\u00eda por Daniel Benoit Cassou","twitter_description":"\u201cEl Jard\u00edn del Ed\u00e9n\u201d no plantea la naturaleza como decoraci\u00f3n sino como problema filos\u00f3fico: \u00bfmiramos lo natural o simplemente lo consumimos?\u00a0","twitter_image":"https:\/\/cooltivarte.com\/portal\/wp-content\/uploads\/2026\/02\/El-Jardin-del-Eden.webp","twitter_creator":"@https:\/\/x.com\/obolocultural","twitter_site":"@obolocultural","twitter_misc":{"Escrito por":"Daniel Benoit Cassou","Tiempo de lectura":"5 minutos"},"schema":{"@context":"https:\/\/schema.org","@graph":[{"@type":"NewsArticle","@id":"https:\/\/cooltivarte.com\/portal\/el-jardin-del-eden-punta-piedras-maldonado\/#article","isPartOf":{"@id":"https:\/\/cooltivarte.com\/portal\/el-jardin-del-eden-punta-piedras-maldonado\/"},"author":{"name":"Daniel Benoit Cassou","@id":"https:\/\/cooltivarte.com\/portal\/#\/schema\/person\/175e2af38af164206375abd19e491b3f"},"headline":"El Jard\u00edn del Ed\u00e9n &#8211; Punta Piedras &#8211; Maldonado","datePublished":"2026-02-17T13:49:28+00:00","mainEntityOfPage":{"@id":"https:\/\/cooltivarte.com\/portal\/el-jardin-del-eden-punta-piedras-maldonado\/"},"wordCount":985,"publisher":{"@id":"https:\/\/cooltivarte.com\/portal\/#organization"},"image":{"@id":"https:\/\/cooltivarte.com\/portal\/el-jardin-del-eden-punta-piedras-maldonado\/#primaryimage"},"thumbnailUrl":"https:\/\/cooltivarte.com\/portal\/wp-content\/uploads\/2026\/02\/El-Jardin-del-Eden.webp","keywords":["Carlos Rivera Laur\u00eda","Costantino","El Jard\u00edn del Ed\u00e9n","Espacio Foto Arte Galer\u00eda","Maldonado","Marzotto","Nicola Costantino","Punta Piedras","Rivera Laur\u00eda"],"articleSection":["Arte"],"inLanguage":"es-AR"},{"@type":"WebPage","@id":"https:\/\/cooltivarte.com\/portal\/el-jardin-del-eden-punta-piedras-maldonado\/","url":"https:\/\/cooltivarte.com\/portal\/el-jardin-del-eden-punta-piedras-maldonado\/","name":"El Jard\u00edn del Ed\u00e9n - Punta Piedras - Maldonado - Cooltivarte Portal","isPartOf":{"@id":"https:\/\/cooltivarte.com\/portal\/#website"},"primaryImageOfPage":{"@id":"https:\/\/cooltivarte.com\/portal\/el-jardin-del-eden-punta-piedras-maldonado\/#primaryimage"},"image":{"@id":"https:\/\/cooltivarte.com\/portal\/el-jardin-del-eden-punta-piedras-maldonado\/#primaryimage"},"thumbnailUrl":"https:\/\/cooltivarte.com\/portal\/wp-content\/uploads\/2026\/02\/El-Jardin-del-Eden.webp","datePublished":"2026-02-17T13:49:28+00:00","description":"\u201cEl Jard\u00edn del Ed\u00e9n\u201d no plantea la naturaleza como decoraci\u00f3n sino como problema filos\u00f3fico: \u00bfmiramos lo natural o simplemente lo consumimos?\u00a0","breadcrumb":{"@id":"https:\/\/cooltivarte.com\/portal\/el-jardin-del-eden-punta-piedras-maldonado\/#breadcrumb"},"inLanguage":"es-AR","potentialAction":[{"@type":"ReadAction","target":["https:\/\/cooltivarte.com\/portal\/el-jardin-del-eden-punta-piedras-maldonado\/"]}]},{"@type":"ImageObject","inLanguage":"es-AR","@id":"https:\/\/cooltivarte.com\/portal\/el-jardin-del-eden-punta-piedras-maldonado\/#primaryimage","url":"https:\/\/cooltivarte.com\/portal\/wp-content\/uploads\/2026\/02\/El-Jardin-del-Eden.webp","contentUrl":"https:\/\/cooltivarte.com\/portal\/wp-content\/uploads\/2026\/02\/El-Jardin-del-Eden.webp","width":1600,"height":2133,"caption":"El Jard\u00edn del Ed\u00e9n - Punta Piedras - Maldonado - Costantino - Rivera Laur\u00eda - Marzotto \u2013 Espacio Foto Arte Galer\u00eda por Daniel Benoit Cassou"},{"@type":"BreadcrumbList","@id":"https:\/\/cooltivarte.com\/portal\/el-jardin-del-eden-punta-piedras-maldonado\/#breadcrumb","itemListElement":[{"@type":"ListItem","position":1,"name":"Portada","item":"https:\/\/cooltivarte.com\/portal\/"},{"@type":"ListItem","position":2,"name":"El Jard\u00edn del Ed\u00e9n &#8211; Punta Piedras &#8211; Maldonado"}]},{"@type":"WebSite","@id":"https:\/\/cooltivarte.com\/portal\/#website","url":"https:\/\/cooltivarte.com\/portal\/","name":"Cooltivarte Portal","description":"Arte, cultura y turismo para el mundo ...","publisher":{"@id":"https:\/\/cooltivarte.com\/portal\/#organization"},"potentialAction":[{"@type":"SearchAction","target":{"@type":"EntryPoint","urlTemplate":"https:\/\/cooltivarte.com\/portal\/?s={search_term_string}"},"query-input":{"@type":"PropertyValueSpecification","valueRequired":true,"valueName":"search_term_string"}}],"inLanguage":"es-AR"},{"@type":"Organization","@id":"https:\/\/cooltivarte.com\/portal\/#organization","name":"cooltivarte","url":"https:\/\/cooltivarte.com\/portal\/","logo":{"@type":"ImageObject","inLanguage":"es-AR","@id":"https:\/\/cooltivarte.com\/portal\/#\/schema\/logo\/image\/","url":"https:\/\/cooltivarte.com\/portal\/wp-content\/uploads\/2020\/04\/logo-cooltivarte-v2.png","contentUrl":"https:\/\/cooltivarte.com\/portal\/wp-content\/uploads\/2020\/04\/logo-cooltivarte-v2.png","width":851,"height":243,"caption":"cooltivarte"},"image":{"@id":"https:\/\/cooltivarte.com\/portal\/#\/schema\/logo\/image\/"},"sameAs":["https:\/\/www.facebook.com\/cooltivartecom\/","https:\/\/x.com\/obolocultural","https:\/\/www.instagram.com\/_cooltivarte_\/","https:\/\/www.linkedin.com\/company\/-bolocultural?reportsuccess=8zaNG1HwhPbAR9iQhZ5rfGeqz_vQFftHun0ZWU0Wy9vNemRJ8vtcKdJvzQfW8XagyOJSKg0XvfJ1dp","https:\/\/www.pinterest.com\/cooltivarte\/","https:\/\/cooltivarte.tumblr.com\/","https:\/\/www.tiktok.com\/@cooltivarte","https:\/\/www.youtube.com\/@PrensaCooltivarte"]},{"@type":"Person","@id":"https:\/\/cooltivarte.com\/portal\/#\/schema\/person\/175e2af38af164206375abd19e491b3f","name":"Daniel Benoit Cassou","image":{"@type":"ImageObject","inLanguage":"es-AR","@id":"https:\/\/cooltivarte.com\/portal\/wp-content\/uploads\/2022\/11\/daniel-benoit-120x120.jpg","url":"https:\/\/cooltivarte.com\/portal\/wp-content\/uploads\/2022\/11\/daniel-benoit-120x120.jpg","contentUrl":"https:\/\/cooltivarte.com\/portal\/wp-content\/uploads\/2022\/11\/daniel-benoit-120x120.jpg","caption":"Daniel Benoit Cassou"},"description":"Daniel Benoit - (Uruguay, 1961), es contador p\u00fablico de profesi\u00f3n. Hizo su formaci\u00f3n art\u00edstica en los talleres de Hugo Longa, Clever Lara y Lacy Duarte; escultura con Jos\u00e9 Pelayo y fotograf\u00eda con Enrique Abal, Oscar Bonilla y Roberto Schettini. Realiz\u00f3 cursos de formaci\u00f3n te\u00f3rica con Nelson Di Maggio, Alfredo Torres, Nelson Bali\u00f1o y Emma Sanguinetti, entre otros. Ha participado en muestras de fotografias, colectivas asi como individuales: 2007 \u2013 Facultad de Ciencias Econ\u00f3micas; Centro Cultural Lapido; Club de Golf; Fotogramas - Montevideo 2009 \u2013 Galer\u00eda de arte La Pasionaria \u2013 Club de Golf - Montevideo 2010 \u2013 A la Follie; Trattoria La Commedia; Club de Golf \u2013 Montevideo 2011 \u2013 Museo del Azulejo; Fotograma; Club de Golf \u2013 Montevideo; Bienal X \u2013 Salto 2012 \u2013 Espacio Innova \u2013 Punta del Este Es asiduo asistente a las principales bienales de arte: Venecia, Lyon, San Pablo, Cuba, Porto Alegre, Lima, as\u00ed como ferias de Basilea, Paris, Buenos Aires, entre otras. Es coleccionista de arte nacional, asesor de arte contempor\u00e1neo, escribe en sus blogs y es columnista de la revista de arte nacional \u201cCooltivarte\u201d desde el 2012, asi como de la revista \u201cArte\u201d del periodico \u201cEl Pais\u201d. Blog","sameAs":["https:\/\/danielbenoit.art\/","https:\/\/www.facebook.com\/daniel.benoit.3557?fref=ts","https:\/\/www.instagram.com\/danielbenoitcassou\/","https:\/\/www.linkedin.com\/in\/daniel-benoit-87890a39\/","https:\/\/www.pinterest.com\/cooltivarte","https:\/\/x.com\/https:\/\/x.com\/obolocultural","https:\/\/www.youtube.com\/@PrensaCooltivarte","https:\/\/www.tumblr.com\/blog\/cooltivarte"],"url":"https:\/\/cooltivarte.com\/portal\/author\/benoit\/"}]}},"_links":{"self":[{"href":"https:\/\/cooltivarte.com\/portal\/wp-json\/wp\/v2\/posts\/123056","targetHints":{"allow":["GET"]}}],"collection":[{"href":"https:\/\/cooltivarte.com\/portal\/wp-json\/wp\/v2\/posts"}],"about":[{"href":"https:\/\/cooltivarte.com\/portal\/wp-json\/wp\/v2\/types\/post"}],"author":[{"embeddable":true,"href":"https:\/\/cooltivarte.com\/portal\/wp-json\/wp\/v2\/users\/14"}],"replies":[{"embeddable":true,"href":"https:\/\/cooltivarte.com\/portal\/wp-json\/wp\/v2\/comments?post=123056"}],"version-history":[{"count":1,"href":"https:\/\/cooltivarte.com\/portal\/wp-json\/wp\/v2\/posts\/123056\/revisions"}],"predecessor-version":[{"id":123058,"href":"https:\/\/cooltivarte.com\/portal\/wp-json\/wp\/v2\/posts\/123056\/revisions\/123058"}],"wp:featuredmedia":[{"embeddable":true,"href":"https:\/\/cooltivarte.com\/portal\/wp-json\/wp\/v2\/media\/123057"}],"wp:attachment":[{"href":"https:\/\/cooltivarte.com\/portal\/wp-json\/wp\/v2\/media?parent=123056"}],"wp:term":[{"taxonomy":"category","embeddable":true,"href":"https:\/\/cooltivarte.com\/portal\/wp-json\/wp\/v2\/categories?post=123056"},{"taxonomy":"post_tag","embeddable":true,"href":"https:\/\/cooltivarte.com\/portal\/wp-json\/wp\/v2\/tags?post=123056"}],"curies":[{"name":"wp","href":"https:\/\/api.w.org\/{rel}","templated":true}]}}