{"id":123048,"date":"2026-02-17T10:21:45","date_gmt":"2026-02-17T13:21:45","guid":{"rendered":"https:\/\/cooltivarte.com\/portal\/?p=123048"},"modified":"2026-02-17T10:21:45","modified_gmt":"2026-02-17T13:21:45","slug":"taller-y-charla-sobre-fernando-cabrera-en-el-centro-cultural-parque-del-plata","status":"publish","type":"post","link":"https:\/\/cooltivarte.com\/portal\/taller-y-charla-sobre-fernando-cabrera-en-el-centro-cultural-parque-del-plata\/","title":{"rendered":"Taller y charla sobre Fernando Cabrera en el Centro Cultural Parque del Plata"},"content":{"rendered":"<p><img fetchpriority=\"high\" decoding=\"async\" class=\"aligncenter wp-image-123049 size-large\" title=\"Cancioneros por el Uruguay\" src=\"https:\/\/cooltivarte.com\/portal\/wp-content\/uploads\/2026\/02\/Cancioneros-por-el-Uruguay-819x1024.jpg\" alt=\"Cancioneros por el Uruguay\" width=\"819\" height=\"1024\" srcset=\"https:\/\/cooltivarte.com\/portal\/wp-content\/uploads\/2026\/02\/Cancioneros-por-el-Uruguay-819x1024.jpg 819w, https:\/\/cooltivarte.com\/portal\/wp-content\/uploads\/2026\/02\/Cancioneros-por-el-Uruguay-240x300.jpg 240w, https:\/\/cooltivarte.com\/portal\/wp-content\/uploads\/2026\/02\/Cancioneros-por-el-Uruguay-768x960.jpg 768w, https:\/\/cooltivarte.com\/portal\/wp-content\/uploads\/2026\/02\/Cancioneros-por-el-Uruguay.jpg 1080w\" sizes=\"(max-width: 819px) 100vw, 819px\" \/><\/p>\n<p>&nbsp;<\/p>\n<div>El pr\u00f3ximo<b> s\u00e1bado 28 de febrero 2026<\/b>, el <strong>Taller Uruguayo de M\u00fasica Popular (TUMP)<\/strong> convoca al comienzo del<b>&nbsp;2\u00b0 Ciclo Cancioneros por el Uruguay<\/b>&nbsp;en el&nbsp;<b>Centro Cultural Parque del Plata (Canelones).<\/b><\/p>\n<p>Esta propuesta busca difundir la m\u00fasica popular en territorio a partir de los Cancioneros del TUMP y as\u00ed poner en valor el patrimonio de artistas como Eduardo Mateo, Fernando Cabrera, Eduardo Darnauchans y murgas de mujeres, feministas y transfeministas.<\/p>\n<p>El ciclo est\u00e1 dirigido a personas interesadas en la m\u00fasica popular uruguaya y busca fomentar su interpretaci\u00f3n en cuatro departamentos del pa\u00eds: Canelones, Tacuaremb\u00f3, Soriano y Treinta y Tres.<\/p>\n<p><b>Cada fecha tendr\u00e1 como protagonista a uno de los cancioneros a trav\u00e9s de dos instancias:<\/b><\/p>\n<ul>\n<li>Taller para guitarristas profesionales o aficionados\/as a cargo de Ney Peraza, guitarrista y principal responsable de las transcripciones de los cancioneros.<\/li>\n<li>Charla abierta a cargo de Guilherme de Alencar Pinto (coordinador general de los cancioneros), Peraza y un artista invitado\/a, dirigida a todo el p\u00fablico.<\/li>\n<\/ul>\n<p>La participaci\u00f3n en el taller requiere inscripci\u00f3n previa y es con cupos limitados.<br \/>\n<strong>El acceso a la charla es libre.<\/strong><br \/>\n<strong>Ambas instancias son gratuitas.<\/strong><\/p>\n<p><span style=\"font-size: large;\"><b>S\u00e1bado 28\/2: &nbsp;Taller y charla sobre <a href=\"https:\/\/cooltivarte.com\/portal\/?s=Fernando+Cabrera\" target=\"_blank\" rel=\"noopener\">Fernando Cabrera<\/a><\/b><\/span><br \/>\n<span style=\"font-size: large;\">Centro Cultural Parque del Plata (Canelones)<\/p>\n<p><u><b>Taller:&nbsp;<\/b>de 18 a 20 hs&nbsp;<\/u>\u2013 Requiere inscripci\u00f3n previa.<br \/>\n<\/span><\/p>\n<div class=\"gmail_default\"><span style=\"font-size: large;\"><a href=\"https:\/\/docs.google.com\/forms\/d\/e\/1FAIpQLSdAj3hahSiwXCFckdtHZRjtVvhSrJmt63hr-U315tXx6THpig\/viewform\" target=\"_blank\" rel=\"noopener\" data-saferedirecturl=\"https:\/\/www.google.com\/url?q=https:\/\/docs.google.com\/forms\/d\/e\/1FAIpQLSdAj3hahSiwXCFckdtHZRjtVvhSrJmt63hr-U315tXx6THpig\/viewform&amp;source=gmail&amp;ust=1771360028077000&amp;usg=AOvVaw0kN7i9CXHZXtPbWqzXMXEJ\"><b>Inscripciones aqu\u00ed<\/b><\/a><\/span><\/div>\n<div class=\"gmail_default\">&nbsp;<\/div>\n<p><span style=\"font-size: large;\"><u><b>Charla Abierta:&nbsp;<\/b>de 20:30 a 21:30h<\/u><br \/>\n<b>Acceso libre<br \/>\n<\/b>Participan: <a href=\"https:\/\/cooltivarte.com\/portal\/?s=Ney+Peraza\" target=\"_blank\" rel=\"noopener\"><strong>Ney Peraza<\/strong><\/a>, <a href=\"https:\/\/cooltivarte.com\/portal\/?s=Samantha+Navarro\" target=\"_blank\" rel=\"noopener\"><strong>Samantha Navarro<\/strong><\/a> y <a href=\"https:\/\/cooltivarte.com\/portal\/?s=Mart%C3%ADn+Laco\" target=\"_blank\" rel=\"noopener\"><strong>Mart\u00edn Laco<\/strong><\/a>.<\/span><\/div>\n<div><span style=\"font-size: large;\">&nbsp;<\/span><\/div>\n<div><span class=\"gmail_default\"><a id=\"m_3360617728481976121plusReplyChip-0\" class=\"gmail_plusreply\"><\/a>+Info:&nbsp;<\/span><a href=\"https:\/\/www.tump.edu.uy\/7340-2\/\" target=\"_blank\" rel=\"noopener\" data-saferedirecturl=\"https:\/\/www.google.com\/url?q=https:\/\/www.tump.edu.uy\/7340-2\/&amp;source=gmail&amp;ust=1771360028077000&amp;usg=AOvVaw2m1IN3Qc8oo43TRlR059fP\">https:\/\/www.tump.edu.<wbr \/>uy\/7340-2\/<\/a><br \/>\n<span style=\"font-size: large;\"><br \/>\n<\/span><\/p>\n<div class=\"gmail_default\">&nbsp;<\/div>\n<p><b>Apoya:&nbsp;<\/b>Centro Cultural Parque del Plata (Intendencia de Canelones)<span class=\"gmail_default\">&nbsp;y&nbsp;<\/span>Fundaci\u00f3n Ita\u00fa.<\/div>\n<div><b>Gestionan:&nbsp;<\/b>Duque Blanco y TUMP.<\/div>\n<div>&nbsp;<\/div>\n<div class=\"gmail_default\">&nbsp;<\/div>\n<p dir=\"ltr\"><span class=\"gmail_default\"><span id=\"m_3360617728481976121m_-786150412538115391gmail-docs-internal-guid-dc5544c2-7fff-b13d-3683-b92cb9370b9d\"><b>Sobre Ediciones del TUMP<\/b><br \/>\nEl Taller Uruguayo de M\u00fasica Popular, fundado en 1983, es una instituci\u00f3n dedicada a la ense\u00f1anza, promoci\u00f3n y generaci\u00f3n de pensamiento sobre la m\u00fasica popular, sobre todo la uruguaya. Desde 1996, a trav\u00e9s del sello Ediciones del TUMP y bajo la coordinaci\u00f3n de Guilherme de Alencar Pinto, ha editado diversas publicaciones entre las que se destaca la serie de siete cancioneros para guitarra de los autores: Eduardo Mateo, Jaime Roos, Fernando Cabrera, Alfredo Zitarrosa, Los Olimare\u00f1os, Jorge Drexler y Eduardo Darnauchans.<\/span><\/span><\/p>\n<p dir=\"ltr\">&nbsp;<\/p>\n<p dir=\"ltr\">&nbsp;<\/p>\n<p>&nbsp;<\/p>\n","protected":false},"excerpt":{"rendered":"<p>La participaci\u00f3n en el taller requiere inscripci\u00f3n previa y es con cupos limitados.<br \/>\nEl acceso a la charla es libre.<br \/>\nAmbas instancias son gratuitas.<\/p>\n<p>S\u00e1bado 28\/2: \u00a0Taller y charla sobre Fernando Cabrera<br \/>\nCentro Cultural Parque del Plata (Canelones)<\/p>\n<p>Taller:\u00a0de 18 a 20 hs\u00a0\u2013 Requiere inscripci\u00f3n previa.<\/p>\n<p>Inscripciones aqu\u00ed<\/p>\n<p>Charla Abierta:\u00a0de 20:30 a 21:30h<br \/>\nAcceso libre<br \/>\nParticipan: Ney Peraza, Samantha Navarro y Mart\u00edn Laco.<\/p>\n","protected":false},"author":8,"featured_media":123049,"comment_status":"closed","ping_status":"closed","sticky":false,"template":"","format":"standard","meta":{"om_disable_all_campaigns":false,"ngg_post_thumbnail":0,"jnews-multi-image_gallery":[],"jnews_single_post":{"format":"standard","override":[{"template":"4","parallax":"1","layout":"right-sidebar","sidebar":"default-sidebar","second_sidebar":"default-sidebar","sticky_sidebar":"1","share_position":"bottom","share_float_style":"share-monocrhome","show_share_counter":"1","show_view_counter":"1","show_featured":"1","show_post_meta":"1","show_post_author":"1","show_post_author_image":"1","show_post_date":"1","post_date_format":"default","post_date_format_custom":"Y\/m\/d","show_post_category":"1","post_reading_time_wpm":"300","post_calculate_word_method":"str_word_count","zoom_button_out_step":"2","zoom_button_in_step":"3","show_post_tag":"1","show_prev_next_post":"1","show_popup_post":"1","show_comment_section":"1","number_popup_post":"1","show_author_box":"1","show_post_related":"0","show_inline_post_related":"0"}],"image_override":[{"single_post_thumbnail_size":"no-crop","single_post_gallery_size":"crop-500"}],"trending_post_position":"meta","trending_post_label":"Trending","sponsored_post_label":"Sponsored by","disable_ad":"0","subtitle":"Ciclo: Cancioneros por el Uruguay"},"jnews_primary_category":[],"jnews_social_meta":[],"jnews_override_counter":{"view_counter_number":"0","share_counter_number":"0","like_counter_number":"0","dislike_counter_number":"0"},"footnotes":""},"categories":[3394],"tags":[15962,89,7866,65],"class_list":["post-123048","post","type-post","status-publish","format-standard","has-post-thumbnail","hentry","category-eventos","tag-centro-cultural-parque-del-plata","tag-fernando-cabrera","tag-taller-uruguayo-de-musica-popular","tag-tump"],"yoast_head":"<!-- This site is optimized with the Yoast SEO plugin v27.5 - https:\/\/yoast.com\/product\/yoast-seo-wordpress\/ -->\n<title>Taller y charla sobre Fernando Cabrera en el Centro Cultural Parque del Plata - Cooltivarte Portal<\/title>\n<meta name=\"description\" content=\"El pr\u00f3ximo s\u00e1bado 28 de febrero 2026, el Taller Uruguayo de M\u00fasica Popular (TUMP) convoca al comienzo del\u00a02\u00b0 Ciclo Cancioneros por el Uruguay\u00a0en el\u00a0Centro Cultural Parque del Plata (Canelones).\" \/>\n<meta name=\"robots\" content=\"index, follow, max-snippet:-1, max-image-preview:large, max-video-preview:-1\" \/>\n<link rel=\"canonical\" href=\"https:\/\/cooltivarte.com\/portal\/taller-y-charla-sobre-fernando-cabrera-en-el-centro-cultural-parque-del-plata\/\" \/>\n<meta property=\"og:locale\" content=\"es_ES\" \/>\n<meta property=\"og:type\" content=\"article\" \/>\n<meta property=\"og:title\" content=\"Taller y charla sobre Fernando Cabrera en el Centro Cultural Parque del Plata - S\u00e1bado 28\/2\/2026 -\" \/>\n<meta property=\"og:description\" content=\"El pr\u00f3ximo s\u00e1bado 28 de febrero 2026, el Taller Uruguayo de M\u00fasica Popular (TUMP) convoca al comienzo del\u00a02\u00b0 Ciclo Cancioneros por el Uruguay\u00a0en el\u00a0Centro Cultural Parque del Plata (Canelones).\" \/>\n<meta property=\"og:url\" content=\"https:\/\/cooltivarte.com\/portal\/taller-y-charla-sobre-fernando-cabrera-en-el-centro-cultural-parque-del-plata\/\" \/>\n<meta property=\"og:site_name\" content=\"Cooltivarte Portal\" \/>\n<meta property=\"article:publisher\" content=\"https:\/\/www.facebook.com\/cooltivartecom\/\" \/>\n<meta property=\"article:author\" content=\"https:\/\/www.facebook.com\/cooltivartecom\" \/>\n<meta property=\"article:published_time\" content=\"2026-02-17T13:21:45+00:00\" \/>\n<meta property=\"og:image\" content=\"https:\/\/cooltivarte.com\/portal\/wp-content\/uploads\/2026\/02\/Cancioneros-por-el-Uruguay.jpg\" \/>\n\t<meta property=\"og:image:width\" content=\"1080\" \/>\n\t<meta property=\"og:image:height\" content=\"1350\" \/>\n\t<meta property=\"og:image:type\" content=\"image\/jpeg\" \/>\n<meta name=\"author\" content=\"Cooltivarte\" \/>\n<meta name=\"twitter:card\" content=\"summary_large_image\" \/>\n<meta name=\"twitter:title\" content=\"Taller y charla sobre Fernando Cabrera en el Centro Cultural Parque del Plata - S\u00e1bado 28\/2\/2026 -\" \/>\n<meta name=\"twitter:description\" content=\"El pr\u00f3ximo s\u00e1bado 28 de febrero 2026, el Taller Uruguayo de M\u00fasica Popular (TUMP) convoca al comienzo del\u00a02\u00b0 Ciclo Cancioneros por el Uruguay\u00a0en el\u00a0Centro Cultural Parque del Plata (Canelones).\" \/>\n<meta name=\"twitter:image\" content=\"https:\/\/cooltivarte.com\/portal\/wp-content\/uploads\/2026\/02\/Cancioneros-por-el-Uruguay.jpg\" \/>\n<meta name=\"twitter:creator\" content=\"@https:\/\/x.com\/obolocultural\" \/>\n<meta name=\"twitter:site\" content=\"@obolocultural\" \/>\n<meta name=\"twitter:label1\" content=\"Escrito por\" \/>\n\t<meta name=\"twitter:data1\" content=\"Cooltivarte\" \/>\n\t<meta name=\"twitter:label2\" content=\"Tiempo de lectura\" \/>\n\t<meta name=\"twitter:data2\" content=\"2 minutos\" \/>\n<!-- \/ Yoast SEO plugin. -->","yoast_head_json":{"title":"Taller y charla sobre Fernando Cabrera en el Centro Cultural Parque del Plata - Cooltivarte Portal","description":"El pr\u00f3ximo s\u00e1bado 28 de febrero 2026, el Taller Uruguayo de M\u00fasica Popular (TUMP) convoca al comienzo del\u00a02\u00b0 Ciclo Cancioneros por el Uruguay\u00a0en el\u00a0Centro Cultural Parque del Plata (Canelones).","robots":{"index":"index","follow":"follow","max-snippet":"max-snippet:-1","max-image-preview":"max-image-preview:large","max-video-preview":"max-video-preview:-1"},"canonical":"https:\/\/cooltivarte.com\/portal\/taller-y-charla-sobre-fernando-cabrera-en-el-centro-cultural-parque-del-plata\/","og_locale":"es_ES","og_type":"article","og_title":"Taller y charla sobre Fernando Cabrera en el Centro Cultural Parque del Plata - S\u00e1bado 28\/2\/2026 -","og_description":"El pr\u00f3ximo s\u00e1bado 28 de febrero 2026, el Taller Uruguayo de M\u00fasica Popular (TUMP) convoca al comienzo del\u00a02\u00b0 Ciclo Cancioneros por el Uruguay\u00a0en el\u00a0Centro Cultural Parque del Plata (Canelones).","og_url":"https:\/\/cooltivarte.com\/portal\/taller-y-charla-sobre-fernando-cabrera-en-el-centro-cultural-parque-del-plata\/","og_site_name":"Cooltivarte Portal","article_publisher":"https:\/\/www.facebook.com\/cooltivartecom\/","article_author":"https:\/\/www.facebook.com\/cooltivartecom","article_published_time":"2026-02-17T13:21:45+00:00","og_image":[{"width":1080,"height":1350,"url":"https:\/\/cooltivarte.com\/portal\/wp-content\/uploads\/2026\/02\/Cancioneros-por-el-Uruguay.jpg","type":"image\/jpeg"}],"author":"Cooltivarte","twitter_card":"summary_large_image","twitter_title":"Taller y charla sobre Fernando Cabrera en el Centro Cultural Parque del Plata - S\u00e1bado 28\/2\/2026 -","twitter_description":"El pr\u00f3ximo s\u00e1bado 28 de febrero 2026, el Taller Uruguayo de M\u00fasica Popular (TUMP) convoca al comienzo del\u00a02\u00b0 Ciclo Cancioneros por el Uruguay\u00a0en el\u00a0Centro Cultural Parque del Plata (Canelones).","twitter_image":"https:\/\/cooltivarte.com\/portal\/wp-content\/uploads\/2026\/02\/Cancioneros-por-el-Uruguay.jpg","twitter_creator":"@https:\/\/x.com\/obolocultural","twitter_site":"@obolocultural","twitter_misc":{"Escrito por":"Cooltivarte","Tiempo de lectura":"2 minutos"},"schema":{"@context":"https:\/\/schema.org","@graph":[{"@type":"NewsArticle","@id":"https:\/\/cooltivarte.com\/portal\/taller-y-charla-sobre-fernando-cabrera-en-el-centro-cultural-parque-del-plata\/#article","isPartOf":{"@id":"https:\/\/cooltivarte.com\/portal\/taller-y-charla-sobre-fernando-cabrera-en-el-centro-cultural-parque-del-plata\/"},"author":{"name":"Cooltivarte","@id":"https:\/\/cooltivarte.com\/portal\/#\/schema\/person\/ec2a4f4e71b740d0c559c0ab9a157e19"},"headline":"Taller y charla sobre Fernando Cabrera en el Centro Cultural Parque del Plata","datePublished":"2026-02-17T13:21:45+00:00","mainEntityOfPage":{"@id":"https:\/\/cooltivarte.com\/portal\/taller-y-charla-sobre-fernando-cabrera-en-el-centro-cultural-parque-del-plata\/"},"wordCount":385,"publisher":{"@id":"https:\/\/cooltivarte.com\/portal\/#organization"},"image":{"@id":"https:\/\/cooltivarte.com\/portal\/taller-y-charla-sobre-fernando-cabrera-en-el-centro-cultural-parque-del-plata\/#primaryimage"},"thumbnailUrl":"https:\/\/cooltivarte.com\/portal\/wp-content\/uploads\/2026\/02\/Cancioneros-por-el-Uruguay.jpg","keywords":["Centro Cultural Parque del Plata","Fernando Cabrera","Taller Uruguayo de M\u00fasica Popular","tump"],"articleSection":["Eventos"],"inLanguage":"es-AR"},{"@type":"WebPage","@id":"https:\/\/cooltivarte.com\/portal\/taller-y-charla-sobre-fernando-cabrera-en-el-centro-cultural-parque-del-plata\/","url":"https:\/\/cooltivarte.com\/portal\/taller-y-charla-sobre-fernando-cabrera-en-el-centro-cultural-parque-del-plata\/","name":"Taller y charla sobre Fernando Cabrera en el Centro Cultural Parque del Plata - Cooltivarte Portal","isPartOf":{"@id":"https:\/\/cooltivarte.com\/portal\/#website"},"primaryImageOfPage":{"@id":"https:\/\/cooltivarte.com\/portal\/taller-y-charla-sobre-fernando-cabrera-en-el-centro-cultural-parque-del-plata\/#primaryimage"},"image":{"@id":"https:\/\/cooltivarte.com\/portal\/taller-y-charla-sobre-fernando-cabrera-en-el-centro-cultural-parque-del-plata\/#primaryimage"},"thumbnailUrl":"https:\/\/cooltivarte.com\/portal\/wp-content\/uploads\/2026\/02\/Cancioneros-por-el-Uruguay.jpg","datePublished":"2026-02-17T13:21:45+00:00","description":"El pr\u00f3ximo s\u00e1bado 28 de febrero 2026, el Taller Uruguayo de M\u00fasica Popular (TUMP) convoca al comienzo del\u00a02\u00b0 Ciclo Cancioneros por el Uruguay\u00a0en el\u00a0Centro Cultural Parque del Plata (Canelones).","breadcrumb":{"@id":"https:\/\/cooltivarte.com\/portal\/taller-y-charla-sobre-fernando-cabrera-en-el-centro-cultural-parque-del-plata\/#breadcrumb"},"inLanguage":"es-AR","potentialAction":[{"@type":"ReadAction","target":["https:\/\/cooltivarte.com\/portal\/taller-y-charla-sobre-fernando-cabrera-en-el-centro-cultural-parque-del-plata\/"]}]},{"@type":"ImageObject","inLanguage":"es-AR","@id":"https:\/\/cooltivarte.com\/portal\/taller-y-charla-sobre-fernando-cabrera-en-el-centro-cultural-parque-del-plata\/#primaryimage","url":"https:\/\/cooltivarte.com\/portal\/wp-content\/uploads\/2026\/02\/Cancioneros-por-el-Uruguay.jpg","contentUrl":"https:\/\/cooltivarte.com\/portal\/wp-content\/uploads\/2026\/02\/Cancioneros-por-el-Uruguay.jpg","width":1080,"height":1350,"caption":"Cancioneros por el Uruguay"},{"@type":"BreadcrumbList","@id":"https:\/\/cooltivarte.com\/portal\/taller-y-charla-sobre-fernando-cabrera-en-el-centro-cultural-parque-del-plata\/#breadcrumb","itemListElement":[{"@type":"ListItem","position":1,"name":"Portada","item":"https:\/\/cooltivarte.com\/portal\/"},{"@type":"ListItem","position":2,"name":"Taller y charla sobre Fernando Cabrera en el Centro Cultural Parque del Plata"}]},{"@type":"WebSite","@id":"https:\/\/cooltivarte.com\/portal\/#website","url":"https:\/\/cooltivarte.com\/portal\/","name":"Cooltivarte Portal","description":"Arte, cultura y turismo para el mundo ...","publisher":{"@id":"https:\/\/cooltivarte.com\/portal\/#organization"},"potentialAction":[{"@type":"SearchAction","target":{"@type":"EntryPoint","urlTemplate":"https:\/\/cooltivarte.com\/portal\/?s={search_term_string}"},"query-input":{"@type":"PropertyValueSpecification","valueRequired":true,"valueName":"search_term_string"}}],"inLanguage":"es-AR"},{"@type":"Organization","@id":"https:\/\/cooltivarte.com\/portal\/#organization","name":"cooltivarte","url":"https:\/\/cooltivarte.com\/portal\/","logo":{"@type":"ImageObject","inLanguage":"es-AR","@id":"https:\/\/cooltivarte.com\/portal\/#\/schema\/logo\/image\/","url":"https:\/\/cooltivarte.com\/portal\/wp-content\/uploads\/2020\/04\/logo-cooltivarte-v2.png","contentUrl":"https:\/\/cooltivarte.com\/portal\/wp-content\/uploads\/2020\/04\/logo-cooltivarte-v2.png","width":851,"height":243,"caption":"cooltivarte"},"image":{"@id":"https:\/\/cooltivarte.com\/portal\/#\/schema\/logo\/image\/"},"sameAs":["https:\/\/www.facebook.com\/cooltivartecom\/","https:\/\/x.com\/obolocultural","https:\/\/www.instagram.com\/_cooltivarte_\/","https:\/\/www.linkedin.com\/company\/-bolocultural?reportsuccess=8zaNG1HwhPbAR9iQhZ5rfGeqz_vQFftHun0ZWU0Wy9vNemRJ8vtcKdJvzQfW8XagyOJSKg0XvfJ1dp","https:\/\/www.pinterest.com\/cooltivarte\/","https:\/\/cooltivarte.tumblr.com\/","https:\/\/www.tiktok.com\/@cooltivarte","https:\/\/www.youtube.com\/@PrensaCooltivarte"]},{"@type":"Person","@id":"https:\/\/cooltivarte.com\/portal\/#\/schema\/person\/ec2a4f4e71b740d0c559c0ab9a157e19","name":"Cooltivarte","image":{"@type":"ImageObject","inLanguage":"es-AR","@id":"https:\/\/cooltivarte.com\/portal\/wp-content\/uploads\/2014\/05\/logo-cooltivarte-120x120.jpg","url":"https:\/\/cooltivarte.com\/portal\/wp-content\/uploads\/2014\/05\/logo-cooltivarte-120x120.jpg","contentUrl":"https:\/\/cooltivarte.com\/portal\/wp-content\/uploads\/2014\/05\/logo-cooltivarte-120x120.jpg","caption":"Cooltivarte"},"description":"Somos COOLTIVARTE.COM. Un portal digital dedicado a difundir el acontecer art\u00edstico y cultural del Uruguay. Estamos en la vuelta desde el a\u00f1o 2003, y como evoluci\u00f3n del bolet\u00edn Obolo Cultural, nos encontramos abocados a apoyar a los artistas nacionales brind\u00e1ndoles un espacio de difusi\u00f3n. Creemos en la idea de utilizar la potencialidad que hoy d\u00eda nos otorga la web, para que la cultura uruguaya y sus creadores dispongan de una din\u00e1mica ventana, que los ponga en contacto entre s\u00ed y con el mundo. Somos COOLTIVARTE.COM y pretendemos configurarnos como un portal din\u00e1mico, entretenido y atento a los nuevos emprendimientos, que busque siempre la interacci\u00f3n con los artistas.","sameAs":["http:\/\/www.cooltivarte.com","https:\/\/www.facebook.com\/cooltivartecom","https:\/\/www.instagram.com\/_cooltivarte_\/","https:\/\/www.linkedin.com\/company\/-bolocultural","https:\/\/www.pinterest.com\/cooltivarte\/","https:\/\/x.com\/https:\/\/x.com\/obolocultural","https:\/\/www.youtube.com\/@PrensaCooltivarte","https:\/\/www.tumblr.com\/blog\/cooltivarte"],"url":"https:\/\/cooltivarte.com\/portal\/author\/cooltivarte\/"}]}},"_links":{"self":[{"href":"https:\/\/cooltivarte.com\/portal\/wp-json\/wp\/v2\/posts\/123048","targetHints":{"allow":["GET"]}}],"collection":[{"href":"https:\/\/cooltivarte.com\/portal\/wp-json\/wp\/v2\/posts"}],"about":[{"href":"https:\/\/cooltivarte.com\/portal\/wp-json\/wp\/v2\/types\/post"}],"author":[{"embeddable":true,"href":"https:\/\/cooltivarte.com\/portal\/wp-json\/wp\/v2\/users\/8"}],"replies":[{"embeddable":true,"href":"https:\/\/cooltivarte.com\/portal\/wp-json\/wp\/v2\/comments?post=123048"}],"version-history":[{"count":1,"href":"https:\/\/cooltivarte.com\/portal\/wp-json\/wp\/v2\/posts\/123048\/revisions"}],"predecessor-version":[{"id":123050,"href":"https:\/\/cooltivarte.com\/portal\/wp-json\/wp\/v2\/posts\/123048\/revisions\/123050"}],"wp:featuredmedia":[{"embeddable":true,"href":"https:\/\/cooltivarte.com\/portal\/wp-json\/wp\/v2\/media\/123049"}],"wp:attachment":[{"href":"https:\/\/cooltivarte.com\/portal\/wp-json\/wp\/v2\/media?parent=123048"}],"wp:term":[{"taxonomy":"category","embeddable":true,"href":"https:\/\/cooltivarte.com\/portal\/wp-json\/wp\/v2\/categories?post=123048"},{"taxonomy":"post_tag","embeddable":true,"href":"https:\/\/cooltivarte.com\/portal\/wp-json\/wp\/v2\/tags?post=123048"}],"curies":[{"name":"wp","href":"https:\/\/api.w.org\/{rel}","templated":true}]}}