{"id":123039,"date":"2026-02-16T22:25:02","date_gmt":"2026-02-17T01:25:02","guid":{"rendered":"https:\/\/cooltivarte.com\/portal\/?p=123039"},"modified":"2026-02-16T22:25:02","modified_gmt":"2026-02-17T01:25:02","slug":"sector-fotoperiodismo-de-apu-convoca-a-firmar-en-defensa-del-trabajo-autoral","status":"publish","type":"post","link":"https:\/\/cooltivarte.com\/portal\/sector-fotoperiodismo-de-apu-convoca-a-firmar-en-defensa-del-trabajo-autoral\/","title":{"rendered":"Sector Fotoperiodismo de APU convoca a firmar en defensa del trabajo autoral"},"content":{"rendered":"<figure id=\"attachment_123040\" aria-describedby=\"caption-attachment-123040\" style=\"width: 1024px\" class=\"wp-caption aligncenter\"><img fetchpriority=\"high\" decoding=\"async\" class=\"wp-image-123040 size-large\" title=\"Sector Fotoperiodismo de APU convoca a firmar en defensa del trabajo autoral\" src=\"https:\/\/cooltivarte.com\/portal\/wp-content\/uploads\/2026\/02\/Fotoperiodismo-de-APU-1024x683.jpg\" alt=\"Sector Fotoperiodismo de APU convoca a firmar en defensa del trabajo autoral\" width=\"1024\" height=\"683\" srcset=\"https:\/\/cooltivarte.com\/portal\/wp-content\/uploads\/2026\/02\/Fotoperiodismo-de-APU-1024x683.jpg 1024w, https:\/\/cooltivarte.com\/portal\/wp-content\/uploads\/2026\/02\/Fotoperiodismo-de-APU-300x200.jpg 300w, https:\/\/cooltivarte.com\/portal\/wp-content\/uploads\/2026\/02\/Fotoperiodismo-de-APU-768x512.jpg 768w, https:\/\/cooltivarte.com\/portal\/wp-content\/uploads\/2026\/02\/Fotoperiodismo-de-APU.jpg 1200w\" sizes=\"(max-width: 1024px) 100vw, 1024px\" \/><figcaption id=\"caption-attachment-123040\" class=\"wp-caption-text\">Fuente: apu.uy<\/figcaption><\/figure>\n<p>&nbsp;<\/p>\n<h3><strong>Sector Fotoperiodismo de APU convoca a firmar en defensa del trabajo autoral<\/strong><\/h3>\n<p>A trav\u00e9s de la plataforma Change.org, fot\u00f3grafos y fot\u00f3grafas convocan a respaldar una petici\u00f3n p\u00fablica para exigir el respeto a los derechos patrimoniales de autor y frenar pr\u00e1cticas que consideran abusivas en concursos fotogr\u00e1ficos.<\/p>\n<div class=\"block block-layout-builder block-field-blocknodenoticiabody\">\n<div class=\"content\">\n<div class=\"clearfix text-formatted field field--name-body field--type-text-with-summary field--label-hidden field__item\">\n<p>El sector Fotoperiodismo de APU&nbsp;junto a fot\u00f3grafos profesionales, independientes e instituciones de ense\u00f1anza de fotograf\u00eda en Uruguay impulsan una campa\u00f1a de firmas en defensa de los derechos de autor en la fotograf\u00eda, ante la preocupaci\u00f3n por bases de concursos que establecen la cesi\u00f3n gratuita, irrevocable y por tiempo indefinido de los derechos de uso de las im\u00e1genes presentadas.<\/p>\n<p>La iniciativa surge a partir de situaciones recientes que, seg\u00fan se\u00f1alan, vac\u00edan de contenido real el derecho patrimonial de autores y autoras.<\/p>\n<p>La carta abierta advierte que las fotograf\u00edas son obras protegidas por la legislaci\u00f3n nacional e internacional y que detr\u00e1s de cada imagen hay trabajo, inversi\u00f3n y formaci\u00f3n profesional. Asimismo, cuestiona que en muchos concursos se habilite el uso irrestricto incluso de im\u00e1genes no premiadas, sin retribuci\u00f3n ni l\u00edmites claros.<\/p>\n<p>Desde APU convocan a fot\u00f3grafos, colectivos e instituciones culturales a no participar en convocatorias que exijan cesiones abusivas y a promover pr\u00e1cticas m\u00e1s justas y respetuosas del trabajo creativo.<\/p>\n<p>Quienes deseen sumarse a la petici\u00f3n pueden hacerlo en el siguiente enlace<strong>:&nbsp;<a href=\"https:\/\/www.change.org\/p\/carta-abierta-en-defensa-de-los-derechos-de-autor-en-la-fotograf%C3%ADa-en-uruguay\" target=\"_blank\" rel=\"noopener noreferrer\">https:\/\/www.change.org\/p\/carta-abierta-en-defensa-de-los-derechos-de-autor-en-la-fotograf%C3%ADa-en-uruguay<\/a><\/strong><\/p>\n<\/div>\n<p>Fuente: <a href=\"https:\/\/apu.uy\/noticias\/sector-fotoperiodismo-de-apu-convoca-firmar-en-defensa-del-trabajo-autoral\" target=\"_blank\" rel=\"noopener\">apu.uy<\/a><\/p>\n<\/div>\n<p>&nbsp;<\/p>\n<\/div>\n","protected":false},"excerpt":{"rendered":"<p>Sector Fotoperiodismo de APU convoca a firmar en defensa del trabajo autoral<\/p>\n<p>A trav\u00e9s de la plataforma Change.org, fot\u00f3grafos y fot\u00f3grafas convocan a respaldar una petici\u00f3n p\u00fablica para exigir el respeto a los derechos patrimoniales de autor y frenar pr\u00e1cticas que consideran abusivas en concursos fotogr\u00e1ficos.<\/p>\n<p>El sector Fotoperiodismo de APU\u00a0junto a fot\u00f3grafos profesionales, independientes e instituciones de ense\u00f1anza de fotograf\u00eda en Uruguay impulsan una campa\u00f1a de firmas en defensa de los derechos de autor en la fotograf\u00eda, ante la preocupaci\u00f3n por bases de concursos que establecen la cesi\u00f3n gratuita, irrevocable y por tiempo indefinido de los derechos de uso de las im\u00e1genes presentadas.<\/p>\n<p>La iniciativa surge a partir de situaciones recientes que, seg\u00fan se\u00f1alan, vac\u00edan de contenido real el derecho patrimonial de autores y autoras.<\/p>\n<p>La carta abierta advierte que las fotograf\u00edas son obras protegidas por la legislaci\u00f3n nacional e internacional y que detr\u00e1s de cada imagen hay trabajo, inversi\u00f3n y formaci\u00f3n profesional. Asimismo, cuestiona que en muchos concursos se habilite el uso irrestricto incluso de im\u00e1genes no premiadas, sin retribuci\u00f3n ni l\u00edmites claros.<\/p>\n<p>Desde APU convocan a fot\u00f3grafos, colectivos e instituciones culturales a no participar en convocatorias que exijan cesiones abusivas y a promover pr\u00e1cticas m\u00e1s justas y respetuosas del trabajo creativo.<\/p>\n","protected":false},"author":8,"featured_media":123040,"comment_status":"closed","ping_status":"closed","sticky":false,"template":"","format":"standard","meta":{"om_disable_all_campaigns":false,"ngg_post_thumbnail":0,"jnews-multi-image_gallery":[],"jnews_single_post":{"format":"standard","override":[{"template":"4","parallax":"1","layout":"right-sidebar","sidebar":"default-sidebar","second_sidebar":"default-sidebar","sticky_sidebar":"1","share_position":"bottom","share_float_style":"share-monocrhome","show_share_counter":"1","show_view_counter":"1","show_featured":"1","show_post_meta":"1","show_post_author":"1","show_post_author_image":"1","show_post_date":"1","post_date_format":"default","post_date_format_custom":"Y\/m\/d","show_post_category":"1","post_reading_time_wpm":"300","post_calculate_word_method":"str_word_count","zoom_button_out_step":"2","zoom_button_in_step":"3","show_post_tag":"1","show_prev_next_post":"1","show_popup_post":"1","show_comment_section":"1","number_popup_post":"1","show_author_box":"1","show_post_related":"0","show_inline_post_related":"0"}],"image_override":[{"single_post_thumbnail_size":"no-crop","single_post_gallery_size":"crop-500"}],"trending_post_position":"meta","trending_post_label":"Trending","sponsored_post_label":"Sponsored by","disable_ad":"0","subtitle":"Derechos patrimoniales"},"jnews_primary_category":[],"jnews_social_meta":[],"jnews_override_counter":{"view_counter_number":"0","share_counter_number":"0","like_counter_number":"0","dislike_counter_number":"0"},"footnotes":""},"categories":[53],"tags":[25754,25755,25753],"class_list":["post-123039","post","type-post","status-publish","format-standard","has-post-thumbnail","hentry","category-clic","tag-apu","tag-fotografos-profesionales","tag-fotoperiodismo"],"yoast_head":"<!-- This site is optimized with the Yoast SEO plugin v27.5 - https:\/\/yoast.com\/product\/yoast-seo-wordpress\/ -->\n<title>Sector Fotoperiodismo de APU convoca a firmar en defensa del trabajo autoral - Cooltivarte Portal<\/title>\n<meta name=\"description\" content=\"A trav\u00e9s de la plataforma Change.org, fot\u00f3grafos y fot\u00f3grafas convocan a respaldar una petici\u00f3n p\u00fablica para exigir el respeto a los derechos patrimoniales de autor y frenar pr\u00e1cticas que consideran abusivas en concursos fotogr\u00e1ficos.\" \/>\n<meta name=\"robots\" content=\"index, follow, max-snippet:-1, max-image-preview:large, max-video-preview:-1\" \/>\n<link rel=\"canonical\" href=\"https:\/\/cooltivarte.com\/portal\/sector-fotoperiodismo-de-apu-convoca-a-firmar-en-defensa-del-trabajo-autoral\/\" \/>\n<meta property=\"og:locale\" content=\"es_ES\" \/>\n<meta property=\"og:type\" content=\"article\" \/>\n<meta property=\"og:title\" content=\"Sector Fotoperiodismo de APU convoca a firmar en defensa del trabajo autoral\" \/>\n<meta property=\"og:description\" content=\"A trav\u00e9s de la plataforma Change.org, fot\u00f3grafos y fot\u00f3grafas convocan a respaldar una petici\u00f3n p\u00fablica para exigir el respeto a los derechos patrimoniales de autor y frenar pr\u00e1cticas que consideran abusivas en concursos fotogr\u00e1ficos.\" \/>\n<meta property=\"og:url\" content=\"https:\/\/cooltivarte.com\/portal\/sector-fotoperiodismo-de-apu-convoca-a-firmar-en-defensa-del-trabajo-autoral\/\" \/>\n<meta property=\"og:site_name\" content=\"Cooltivarte Portal\" \/>\n<meta property=\"article:publisher\" content=\"https:\/\/www.facebook.com\/cooltivartecom\/\" \/>\n<meta property=\"article:author\" content=\"https:\/\/www.facebook.com\/cooltivartecom\" \/>\n<meta property=\"article:published_time\" content=\"2026-02-17T01:25:02+00:00\" \/>\n<meta property=\"og:image\" content=\"https:\/\/cooltivarte.com\/portal\/wp-content\/uploads\/2026\/02\/Fotoperiodismo-de-APU.jpg\" \/>\n\t<meta property=\"og:image:width\" content=\"1200\" \/>\n\t<meta property=\"og:image:height\" content=\"800\" \/>\n\t<meta property=\"og:image:type\" content=\"image\/jpeg\" \/>\n<meta name=\"author\" content=\"Cooltivarte\" \/>\n<meta name=\"twitter:card\" content=\"summary_large_image\" \/>\n<meta name=\"twitter:title\" content=\"Sector Fotoperiodismo de APU convoca a firmar en defensa del trabajo autoral\" \/>\n<meta name=\"twitter:description\" content=\"A trav\u00e9s de la plataforma Change.org, fot\u00f3grafos y fot\u00f3grafas convocan a respaldar una petici\u00f3n p\u00fablica para exigir el respeto a los derechos patrimoniales de autor y frenar pr\u00e1cticas que consideran abusivas en concursos fotogr\u00e1ficos.\" \/>\n<meta name=\"twitter:image\" content=\"https:\/\/cooltivarte.com\/portal\/wp-content\/uploads\/2026\/02\/Fotoperiodismo-de-APU.jpg\" \/>\n<meta name=\"twitter:creator\" content=\"@https:\/\/x.com\/obolocultural\" \/>\n<meta name=\"twitter:site\" content=\"@obolocultural\" \/>\n<meta name=\"twitter:label1\" content=\"Escrito por\" \/>\n\t<meta name=\"twitter:data1\" content=\"Cooltivarte\" \/>\n\t<meta name=\"twitter:label2\" content=\"Tiempo de lectura\" \/>\n\t<meta name=\"twitter:data2\" content=\"2 minutos\" \/>\n<!-- \/ Yoast SEO plugin. -->","yoast_head_json":{"title":"Sector Fotoperiodismo de APU convoca a firmar en defensa del trabajo autoral - Cooltivarte Portal","description":"A trav\u00e9s de la plataforma Change.org, fot\u00f3grafos y fot\u00f3grafas convocan a respaldar una petici\u00f3n p\u00fablica para exigir el respeto a los derechos patrimoniales de autor y frenar pr\u00e1cticas que consideran abusivas en concursos fotogr\u00e1ficos.","robots":{"index":"index","follow":"follow","max-snippet":"max-snippet:-1","max-image-preview":"max-image-preview:large","max-video-preview":"max-video-preview:-1"},"canonical":"https:\/\/cooltivarte.com\/portal\/sector-fotoperiodismo-de-apu-convoca-a-firmar-en-defensa-del-trabajo-autoral\/","og_locale":"es_ES","og_type":"article","og_title":"Sector Fotoperiodismo de APU convoca a firmar en defensa del trabajo autoral","og_description":"A trav\u00e9s de la plataforma Change.org, fot\u00f3grafos y fot\u00f3grafas convocan a respaldar una petici\u00f3n p\u00fablica para exigir el respeto a los derechos patrimoniales de autor y frenar pr\u00e1cticas que consideran abusivas en concursos fotogr\u00e1ficos.","og_url":"https:\/\/cooltivarte.com\/portal\/sector-fotoperiodismo-de-apu-convoca-a-firmar-en-defensa-del-trabajo-autoral\/","og_site_name":"Cooltivarte Portal","article_publisher":"https:\/\/www.facebook.com\/cooltivartecom\/","article_author":"https:\/\/www.facebook.com\/cooltivartecom","article_published_time":"2026-02-17T01:25:02+00:00","og_image":[{"width":1200,"height":800,"url":"https:\/\/cooltivarte.com\/portal\/wp-content\/uploads\/2026\/02\/Fotoperiodismo-de-APU.jpg","type":"image\/jpeg"}],"author":"Cooltivarte","twitter_card":"summary_large_image","twitter_title":"Sector Fotoperiodismo de APU convoca a firmar en defensa del trabajo autoral","twitter_description":"A trav\u00e9s de la plataforma Change.org, fot\u00f3grafos y fot\u00f3grafas convocan a respaldar una petici\u00f3n p\u00fablica para exigir el respeto a los derechos patrimoniales de autor y frenar pr\u00e1cticas que consideran abusivas en concursos fotogr\u00e1ficos.","twitter_image":"https:\/\/cooltivarte.com\/portal\/wp-content\/uploads\/2026\/02\/Fotoperiodismo-de-APU.jpg","twitter_creator":"@https:\/\/x.com\/obolocultural","twitter_site":"@obolocultural","twitter_misc":{"Escrito por":"Cooltivarte","Tiempo de lectura":"2 minutos"},"schema":{"@context":"https:\/\/schema.org","@graph":[{"@type":"NewsArticle","@id":"https:\/\/cooltivarte.com\/portal\/sector-fotoperiodismo-de-apu-convoca-a-firmar-en-defensa-del-trabajo-autoral\/#article","isPartOf":{"@id":"https:\/\/cooltivarte.com\/portal\/sector-fotoperiodismo-de-apu-convoca-a-firmar-en-defensa-del-trabajo-autoral\/"},"author":{"name":"Cooltivarte","@id":"https:\/\/cooltivarte.com\/portal\/#\/schema\/person\/ec2a4f4e71b740d0c559c0ab9a157e19"},"headline":"Sector Fotoperiodismo de APU convoca a firmar en defensa del trabajo autoral","datePublished":"2026-02-17T01:25:02+00:00","mainEntityOfPage":{"@id":"https:\/\/cooltivarte.com\/portal\/sector-fotoperiodismo-de-apu-convoca-a-firmar-en-defensa-del-trabajo-autoral\/"},"wordCount":285,"publisher":{"@id":"https:\/\/cooltivarte.com\/portal\/#organization"},"image":{"@id":"https:\/\/cooltivarte.com\/portal\/sector-fotoperiodismo-de-apu-convoca-a-firmar-en-defensa-del-trabajo-autoral\/#primaryimage"},"thumbnailUrl":"https:\/\/cooltivarte.com\/portal\/wp-content\/uploads\/2026\/02\/Fotoperiodismo-de-APU.jpg","keywords":["APU","fot\u00f3grafos profesionales","Fotoperiodismo"],"articleSection":["Clic - Fotograf\u00eda"],"inLanguage":"es-AR"},{"@type":"WebPage","@id":"https:\/\/cooltivarte.com\/portal\/sector-fotoperiodismo-de-apu-convoca-a-firmar-en-defensa-del-trabajo-autoral\/","url":"https:\/\/cooltivarte.com\/portal\/sector-fotoperiodismo-de-apu-convoca-a-firmar-en-defensa-del-trabajo-autoral\/","name":"Sector Fotoperiodismo de APU convoca a firmar en defensa del trabajo autoral - Cooltivarte Portal","isPartOf":{"@id":"https:\/\/cooltivarte.com\/portal\/#website"},"primaryImageOfPage":{"@id":"https:\/\/cooltivarte.com\/portal\/sector-fotoperiodismo-de-apu-convoca-a-firmar-en-defensa-del-trabajo-autoral\/#primaryimage"},"image":{"@id":"https:\/\/cooltivarte.com\/portal\/sector-fotoperiodismo-de-apu-convoca-a-firmar-en-defensa-del-trabajo-autoral\/#primaryimage"},"thumbnailUrl":"https:\/\/cooltivarte.com\/portal\/wp-content\/uploads\/2026\/02\/Fotoperiodismo-de-APU.jpg","datePublished":"2026-02-17T01:25:02+00:00","description":"A trav\u00e9s de la plataforma Change.org, fot\u00f3grafos y fot\u00f3grafas convocan a respaldar una petici\u00f3n p\u00fablica para exigir el respeto a los derechos patrimoniales de autor y frenar pr\u00e1cticas que consideran abusivas en concursos fotogr\u00e1ficos.","breadcrumb":{"@id":"https:\/\/cooltivarte.com\/portal\/sector-fotoperiodismo-de-apu-convoca-a-firmar-en-defensa-del-trabajo-autoral\/#breadcrumb"},"inLanguage":"es-AR","potentialAction":[{"@type":"ReadAction","target":["https:\/\/cooltivarte.com\/portal\/sector-fotoperiodismo-de-apu-convoca-a-firmar-en-defensa-del-trabajo-autoral\/"]}]},{"@type":"ImageObject","inLanguage":"es-AR","@id":"https:\/\/cooltivarte.com\/portal\/sector-fotoperiodismo-de-apu-convoca-a-firmar-en-defensa-del-trabajo-autoral\/#primaryimage","url":"https:\/\/cooltivarte.com\/portal\/wp-content\/uploads\/2026\/02\/Fotoperiodismo-de-APU.jpg","contentUrl":"https:\/\/cooltivarte.com\/portal\/wp-content\/uploads\/2026\/02\/Fotoperiodismo-de-APU.jpg","width":1200,"height":800,"caption":"Sector Fotoperiodismo de APU convoca a firmar en defensa del trabajo autoral"},{"@type":"BreadcrumbList","@id":"https:\/\/cooltivarte.com\/portal\/sector-fotoperiodismo-de-apu-convoca-a-firmar-en-defensa-del-trabajo-autoral\/#breadcrumb","itemListElement":[{"@type":"ListItem","position":1,"name":"Portada","item":"https:\/\/cooltivarte.com\/portal\/"},{"@type":"ListItem","position":2,"name":"Sector Fotoperiodismo de APU convoca a firmar en defensa del trabajo autoral"}]},{"@type":"WebSite","@id":"https:\/\/cooltivarte.com\/portal\/#website","url":"https:\/\/cooltivarte.com\/portal\/","name":"Cooltivarte Portal","description":"Arte, cultura y turismo para el mundo ...","publisher":{"@id":"https:\/\/cooltivarte.com\/portal\/#organization"},"potentialAction":[{"@type":"SearchAction","target":{"@type":"EntryPoint","urlTemplate":"https:\/\/cooltivarte.com\/portal\/?s={search_term_string}"},"query-input":{"@type":"PropertyValueSpecification","valueRequired":true,"valueName":"search_term_string"}}],"inLanguage":"es-AR"},{"@type":"Organization","@id":"https:\/\/cooltivarte.com\/portal\/#organization","name":"cooltivarte","url":"https:\/\/cooltivarte.com\/portal\/","logo":{"@type":"ImageObject","inLanguage":"es-AR","@id":"https:\/\/cooltivarte.com\/portal\/#\/schema\/logo\/image\/","url":"https:\/\/cooltivarte.com\/portal\/wp-content\/uploads\/2020\/04\/logo-cooltivarte-v2.png","contentUrl":"https:\/\/cooltivarte.com\/portal\/wp-content\/uploads\/2020\/04\/logo-cooltivarte-v2.png","width":851,"height":243,"caption":"cooltivarte"},"image":{"@id":"https:\/\/cooltivarte.com\/portal\/#\/schema\/logo\/image\/"},"sameAs":["https:\/\/www.facebook.com\/cooltivartecom\/","https:\/\/x.com\/obolocultural","https:\/\/www.instagram.com\/_cooltivarte_\/","https:\/\/www.linkedin.com\/company\/-bolocultural?reportsuccess=8zaNG1HwhPbAR9iQhZ5rfGeqz_vQFftHun0ZWU0Wy9vNemRJ8vtcKdJvzQfW8XagyOJSKg0XvfJ1dp","https:\/\/www.pinterest.com\/cooltivarte\/","https:\/\/cooltivarte.tumblr.com\/","https:\/\/www.tiktok.com\/@cooltivarte","https:\/\/www.youtube.com\/@PrensaCooltivarte"]},{"@type":"Person","@id":"https:\/\/cooltivarte.com\/portal\/#\/schema\/person\/ec2a4f4e71b740d0c559c0ab9a157e19","name":"Cooltivarte","image":{"@type":"ImageObject","inLanguage":"es-AR","@id":"https:\/\/cooltivarte.com\/portal\/wp-content\/uploads\/2014\/05\/logo-cooltivarte-120x120.jpg","url":"https:\/\/cooltivarte.com\/portal\/wp-content\/uploads\/2014\/05\/logo-cooltivarte-120x120.jpg","contentUrl":"https:\/\/cooltivarte.com\/portal\/wp-content\/uploads\/2014\/05\/logo-cooltivarte-120x120.jpg","caption":"Cooltivarte"},"description":"Somos COOLTIVARTE.COM. Un portal digital dedicado a difundir el acontecer art\u00edstico y cultural del Uruguay. Estamos en la vuelta desde el a\u00f1o 2003, y como evoluci\u00f3n del bolet\u00edn Obolo Cultural, nos encontramos abocados a apoyar a los artistas nacionales brind\u00e1ndoles un espacio de difusi\u00f3n. Creemos en la idea de utilizar la potencialidad que hoy d\u00eda nos otorga la web, para que la cultura uruguaya y sus creadores dispongan de una din\u00e1mica ventana, que los ponga en contacto entre s\u00ed y con el mundo. Somos COOLTIVARTE.COM y pretendemos configurarnos como un portal din\u00e1mico, entretenido y atento a los nuevos emprendimientos, que busque siempre la interacci\u00f3n con los artistas.","sameAs":["http:\/\/www.cooltivarte.com","https:\/\/www.facebook.com\/cooltivartecom","https:\/\/www.instagram.com\/_cooltivarte_\/","https:\/\/www.linkedin.com\/company\/-bolocultural","https:\/\/www.pinterest.com\/cooltivarte\/","https:\/\/x.com\/https:\/\/x.com\/obolocultural","https:\/\/www.youtube.com\/@PrensaCooltivarte","https:\/\/www.tumblr.com\/blog\/cooltivarte"],"url":"https:\/\/cooltivarte.com\/portal\/author\/cooltivarte\/"}]}},"_links":{"self":[{"href":"https:\/\/cooltivarte.com\/portal\/wp-json\/wp\/v2\/posts\/123039","targetHints":{"allow":["GET"]}}],"collection":[{"href":"https:\/\/cooltivarte.com\/portal\/wp-json\/wp\/v2\/posts"}],"about":[{"href":"https:\/\/cooltivarte.com\/portal\/wp-json\/wp\/v2\/types\/post"}],"author":[{"embeddable":true,"href":"https:\/\/cooltivarte.com\/portal\/wp-json\/wp\/v2\/users\/8"}],"replies":[{"embeddable":true,"href":"https:\/\/cooltivarte.com\/portal\/wp-json\/wp\/v2\/comments?post=123039"}],"version-history":[{"count":1,"href":"https:\/\/cooltivarte.com\/portal\/wp-json\/wp\/v2\/posts\/123039\/revisions"}],"predecessor-version":[{"id":123041,"href":"https:\/\/cooltivarte.com\/portal\/wp-json\/wp\/v2\/posts\/123039\/revisions\/123041"}],"wp:featuredmedia":[{"embeddable":true,"href":"https:\/\/cooltivarte.com\/portal\/wp-json\/wp\/v2\/media\/123040"}],"wp:attachment":[{"href":"https:\/\/cooltivarte.com\/portal\/wp-json\/wp\/v2\/media?parent=123039"}],"wp:term":[{"taxonomy":"category","embeddable":true,"href":"https:\/\/cooltivarte.com\/portal\/wp-json\/wp\/v2\/categories?post=123039"},{"taxonomy":"post_tag","embeddable":true,"href":"https:\/\/cooltivarte.com\/portal\/wp-json\/wp\/v2\/tags?post=123039"}],"curies":[{"name":"wp","href":"https:\/\/api.w.org\/{rel}","templated":true}]}}