{"id":123013,"date":"2026-02-15T21:29:07","date_gmt":"2026-02-16T00:29:07","guid":{"rendered":"https:\/\/cooltivarte.com\/portal\/?p=123013"},"modified":"2026-02-15T21:29:07","modified_gmt":"2026-02-16T00:29:07","slug":"contra-el-odio-carolin-emcke","status":"publish","type":"post","link":"https:\/\/cooltivarte.com\/portal\/contra-el-odio-carolin-emcke\/","title":{"rendered":"&#8220;CONTRA EL ODIO&#8221; &#8211; Carolin Emcke"},"content":{"rendered":"<p><iframe title=\"CONTRA EL ODIO - Carolin Emcke\" src=\"https:\/\/www.youtube.com\/embed\/CBytYKDDJSw?si=wsJEGSYX3wSKHA2v\" width=\"100%\" height=\"515\" frameborder=\"0\" allowfullscreen=\"allowfullscreen\"><span data-mce-type=\"bookmark\" style=\"display: inline-block; width: 0px; overflow: hidden; line-height: 0;\" class=\"mce_SELRES_start\">\ufeff<\/span><\/iframe><br \/>\n&nbsp;<\/p>\n<p>\u201c<strong><em>Contra el Odio<\/em><\/strong>\u201d, es un libro de la fil\u00f3sofa y escritora alemana <a href=\"https:\/\/cooltivarte.com\/portal\/?s=Carolin+Emcke\" target=\"_blank\" rel=\"noopener\"><strong>Carolin Emcke<\/strong><\/a>, publicado en su idioma original en 2016 y traducido al espa\u00f1ol en 2017, por Editorial Taurus.<\/p>\n<p><strong>\u00bfC\u00f3mo lo hacen? Se pregunta Caroline Emcke, \u00bfC\u00f3mo odian de la forma en que lo hacen? \u00bfC\u00f3mo pueden estar tan seguros?<\/strong> Los odiadores tienen esa caracter\u00edstica: ser seguros, de lo contrario no podr\u00edan insultar y humillar a otros como lo hacen. Jud\u00edos, mujeres, negros, lesbianas, refugiados, musulmanes, pol\u00edticos, medios de comunicaci\u00f3n, intelectuales\u2026<\/p>\n<p>El odio se dirige hacia arriba o hacia abajo, nunca en sentido horizontal. Siempre el otro es una amenaza o un opresor, se fantasea con el otro como un peligro o como una plaga que se supone inferior. En los \u00faltimos a\u00f1os ha habido una sensaci\u00f3n muy marcada de que la era de la tolerancia ha ido demasiado lejos, y que eso de aceptar las diferencias, ya ha sido suficiente. Algo ha cambiado, hoy la gente odia abiertamente, sin restricciones.<\/p>\n<p>Odia sin verg\u00fcenza. Este cambio es de tal profundidad que pareciera que una persona debiera avergonzarse por mostrar respeto y ser cort\u00e9s, y debiera sentirse orgullosa de rechazar a los dem\u00e1s y vomitar vulgaridades. Se trata de un odio colectivo, moldeado ideol\u00f3gicamente, un odio que se cultiva, no es un odio repentino. No debemos acostumbrarnos.<\/p>\n<p>La \u00fanica forma de enfrentar al odio es rechazar su invitaci\u00f3n a adoptarlo. Aquellos que responde al odio con odio ya han permitido que los deforme. El odio solo puede ser impugnado por algo que le falta a los que odian: curiosidad y dudas. Se debe lograr que las fuentes que alimentan el odio, las estructuras que lo permiten, sus mecanismos, se vuelvan m\u00e1s visibles.<\/p>\n<p>Examinar c\u00f3mo funciona el odio y la violencia, en lugar de simplemente condenarlos, implica identificar en qu\u00e9 momento podr\u00eda haber sido diferente ese proceso. Describir los procesos de odio y violencia permite mostrar donde pueden ser interrumpidos. Como sociedad civil todos somos responsables de restar espacio a los que odian.<\/p>\n<p>&nbsp;<\/p>\n<p>&nbsp;<\/p>\n<p>&nbsp;<\/p>\n<p>&nbsp;<\/p>\n","protected":false},"excerpt":{"rendered":"<p>\u201cContra el Odio\u201d, es un libro de la fil\u00f3sofa y escritora alemana Carolin Emcke, publicado en su idioma original en 2016 y traducido al espa\u00f1ol en 2017, por Editorial Taurus.<\/p>\n<p>\u00bfC\u00f3mo lo hacen? Se pregunta Caroline Emcke, \u00bfC\u00f3mo odian de la forma en que lo hacen? \u00bfC\u00f3mo pueden estar tan seguros? Los odiadores tienen esa caracter\u00edstica: ser seguros, de lo contrario no podr\u00edan insultar y humillar a otros como lo hacen. Jud\u00edos, mujeres, negros, lesbianas, refugiados, musulmanes, pol\u00edticos, medios de comunicaci\u00f3n, intelectuales\u2026<\/p>\n<p>El odio se dirige hacia arriba o hacia abajo, nunca en sentido horizontal. Siempre el otro es una amenaza o un opresor, se fantasea con el otro como un peligro o como una plaga que se supone inferior. En los \u00faltimos a\u00f1os ha habido una sensaci\u00f3n muy marcada de que la era de la tolerancia ha ido demasiado lejos, y que eso de aceptar las diferencias, ya ha sido suficiente. Algo ha cambiado, hoy la gente odia abiertamente, sin restricciones.<\/p>\n<p>Odia sin verg\u00fcenza. Este cambio es de tal profundidad que pareciera que una persona debiera avergonzarse por mostrar respeto y ser cort\u00e9s, y debiera sentirse orgullosa de rechazar a los dem\u00e1s y vomitar vulgaridades. Se trata de un odio colectivo, moldeado ideol\u00f3gicamente, un odio que se cultiva, no es un odio repentino. No debemos acostumbrarnos.<\/p>\n<p>La \u00fanica forma de enfrentar al odio es rechazar su invitaci\u00f3n a adoptarlo. Aquellos que responde al odio con odio ya han permitido que los deforme. El odio solo puede ser impugnado por algo que le falta a los que odian: curiosidad y dudas. Se debe lograr que las fuentes que alimentan el odio, las estructuras que lo permiten, sus mecanismos, se vuelvan m\u00e1s visibles.<\/p>\n<p>Examinar c\u00f3mo funciona el odio y la violencia, en lugar de simplemente condenarlos, implica identificar en qu\u00e9 momento podr\u00eda haber sido diferente ese proceso. Describir los procesos de odio y violencia permite mostrar donde pueden ser interrumpidos. Como sociedad civil todos somos responsables de restar espacio a los que odian.<\/p>\n","protected":false},"author":186,"featured_media":123015,"comment_status":"closed","ping_status":"closed","sticky":false,"template":"","format":"standard","meta":{"om_disable_all_campaigns":false,"ngg_post_thumbnail":0,"jnews-multi-image_gallery":[],"jnews_single_post":{"format":"standard","override":[{"template":"4","parallax":"1","layout":"right-sidebar","sidebar":"default-sidebar","second_sidebar":"default-sidebar","sticky_sidebar":"1","share_position":"bottom","share_float_style":"share-monocrhome","show_share_counter":"1","show_view_counter":"1","show_featured":"1","show_post_meta":"1","show_post_author":"1","show_post_author_image":"1","show_post_date":"1","post_date_format":"default","post_date_format_custom":"Y\/m\/d","show_post_category":"1","post_reading_time_wpm":"300","post_calculate_word_method":"str_word_count","zoom_button_out_step":"2","zoom_button_in_step":"3","show_post_tag":"1","show_prev_next_post":"1","show_popup_post":"1","show_comment_section":"1","number_popup_post":"1","show_author_box":"1","show_post_related":"0","show_inline_post_related":"0"}],"image_override":[{"single_post_thumbnail_size":"no-crop","single_post_gallery_size":"crop-500"}],"trending_post_position":"meta","trending_post_label":"Trending","sponsored_post_label":"Sponsored by","disable_ad":"0","subtitle":"\u00bfC\u00f3mo lo hacen? Se pregunta Caroline Emcke, \u00bfC\u00f3mo odian de la forma en que lo hacen? \u00bfC\u00f3mo pueden estar tan seguros?"},"jnews_primary_category":[],"jnews_social_meta":[],"jnews_override_counter":{"view_counter_number":"0","share_counter_number":"0","like_counter_number":"0","dislike_counter_number":"0"},"footnotes":""},"categories":[56],"tags":[25749,25747,25748],"class_list":["post-123013","post","type-post","status-publish","format-standard","has-post-thumbnail","hentry","category-narradores","tag-carolin-emcke","tag-contra-el-odio","tag-filosofa"],"yoast_head":"<!-- This site is optimized with the Yoast SEO plugin v27.5 - https:\/\/yoast.com\/product\/yoast-seo-wordpress\/ -->\n<title>&quot;CONTRA EL ODIO&quot; - Carolin Emcke - Cooltivarte Portal<\/title>\n<meta name=\"description\" content=\"\u00bfC\u00f3mo lo hacen? Se pregunta Caroline Emcke, \u00bfC\u00f3mo odian de la forma en que lo hacen? \u00bfC\u00f3mo pueden estar tan seguros?\" \/>\n<meta name=\"robots\" content=\"index, follow, max-snippet:-1, max-image-preview:large, max-video-preview:-1\" \/>\n<link rel=\"canonical\" href=\"https:\/\/cooltivarte.com\/portal\/contra-el-odio-carolin-emcke\/\" \/>\n<meta property=\"og:locale\" content=\"es_ES\" \/>\n<meta property=\"og:type\" content=\"article\" \/>\n<meta property=\"og:title\" content=\"&quot;CONTRA EL ODIO&quot; - Carolin Emcke\" \/>\n<meta property=\"og:description\" content=\"\u00bfC\u00f3mo lo hacen? Se pregunta Caroline Emcke, \u00bfC\u00f3mo odian de la forma en que lo hacen? \u00bfC\u00f3mo pueden estar tan seguros?\" \/>\n<meta property=\"og:url\" content=\"https:\/\/cooltivarte.com\/portal\/contra-el-odio-carolin-emcke\/\" \/>\n<meta property=\"og:site_name\" content=\"Cooltivarte Portal\" \/>\n<meta property=\"article:publisher\" content=\"https:\/\/www.facebook.com\/cooltivartecom\/\" \/>\n<meta property=\"article:author\" content=\"http:\/\/www.facebook.com\/claudioateran\" \/>\n<meta property=\"article:published_time\" content=\"2026-02-16T00:29:07+00:00\" \/>\n<meta property=\"og:image\" content=\"https:\/\/cooltivarte.com\/portal\/wp-content\/uploads\/2026\/02\/CONTRA-EL-ODIO-Carolin-Emcke.jpg\" \/>\n\t<meta property=\"og:image:width\" content=\"1280\" \/>\n\t<meta property=\"og:image:height\" content=\"720\" \/>\n\t<meta property=\"og:image:type\" content=\"image\/jpeg\" \/>\n<meta name=\"author\" content=\"Claudio Alvarez Teran\" \/>\n<meta name=\"twitter:card\" content=\"summary_large_image\" \/>\n<meta name=\"twitter:title\" content=\"&quot;CONTRA EL ODIO&quot; - Carolin Emcke\" \/>\n<meta name=\"twitter:description\" content=\"\u00bfC\u00f3mo lo hacen? Se pregunta Caroline Emcke, \u00bfC\u00f3mo odian de la forma en que lo hacen? \u00bfC\u00f3mo pueden estar tan seguros?\" \/>\n<meta name=\"twitter:image\" content=\"https:\/\/cooltivarte.com\/portal\/wp-content\/uploads\/2026\/02\/CONTRA-EL-ODIO-Carolin-Emcke.jpg\" \/>\n<meta name=\"twitter:creator\" content=\"@http:\/\/twitter.com\/claudioateran\" \/>\n<meta name=\"twitter:site\" content=\"@obolocultural\" \/>\n<meta name=\"twitter:label1\" content=\"Escrito por\" \/>\n\t<meta name=\"twitter:data1\" content=\"Claudio Alvarez Teran\" \/>\n\t<meta name=\"twitter:label2\" content=\"Tiempo de lectura\" \/>\n\t<meta name=\"twitter:data2\" content=\"2 minutos\" \/>\n<!-- \/ Yoast SEO plugin. -->","yoast_head_json":{"title":"\"CONTRA EL ODIO\" - Carolin Emcke - Cooltivarte Portal","description":"\u00bfC\u00f3mo lo hacen? Se pregunta Caroline Emcke, \u00bfC\u00f3mo odian de la forma en que lo hacen? \u00bfC\u00f3mo pueden estar tan seguros?","robots":{"index":"index","follow":"follow","max-snippet":"max-snippet:-1","max-image-preview":"max-image-preview:large","max-video-preview":"max-video-preview:-1"},"canonical":"https:\/\/cooltivarte.com\/portal\/contra-el-odio-carolin-emcke\/","og_locale":"es_ES","og_type":"article","og_title":"\"CONTRA EL ODIO\" - Carolin Emcke","og_description":"\u00bfC\u00f3mo lo hacen? Se pregunta Caroline Emcke, \u00bfC\u00f3mo odian de la forma en que lo hacen? \u00bfC\u00f3mo pueden estar tan seguros?","og_url":"https:\/\/cooltivarte.com\/portal\/contra-el-odio-carolin-emcke\/","og_site_name":"Cooltivarte Portal","article_publisher":"https:\/\/www.facebook.com\/cooltivartecom\/","article_author":"http:\/\/www.facebook.com\/claudioateran","article_published_time":"2026-02-16T00:29:07+00:00","og_image":[{"width":1280,"height":720,"url":"https:\/\/cooltivarte.com\/portal\/wp-content\/uploads\/2026\/02\/CONTRA-EL-ODIO-Carolin-Emcke.jpg","type":"image\/jpeg"}],"author":"Claudio Alvarez Teran","twitter_card":"summary_large_image","twitter_title":"\"CONTRA EL ODIO\" - Carolin Emcke","twitter_description":"\u00bfC\u00f3mo lo hacen? Se pregunta Caroline Emcke, \u00bfC\u00f3mo odian de la forma en que lo hacen? \u00bfC\u00f3mo pueden estar tan seguros?","twitter_image":"https:\/\/cooltivarte.com\/portal\/wp-content\/uploads\/2026\/02\/CONTRA-EL-ODIO-Carolin-Emcke.jpg","twitter_creator":"@http:\/\/twitter.com\/claudioateran","twitter_site":"@obolocultural","twitter_misc":{"Escrito por":"Claudio Alvarez Teran","Tiempo de lectura":"2 minutos"},"schema":{"@context":"https:\/\/schema.org","@graph":[{"@type":"NewsArticle","@id":"https:\/\/cooltivarte.com\/portal\/contra-el-odio-carolin-emcke\/#article","isPartOf":{"@id":"https:\/\/cooltivarte.com\/portal\/contra-el-odio-carolin-emcke\/"},"author":{"name":"Claudio Alvarez Teran","@id":"https:\/\/cooltivarte.com\/portal\/#\/schema\/person\/f2f309191818c8778b66e5f42dfa868d"},"headline":"&#8220;CONTRA EL ODIO&#8221; &#8211; Carolin Emcke","datePublished":"2026-02-16T00:29:07+00:00","mainEntityOfPage":{"@id":"https:\/\/cooltivarte.com\/portal\/contra-el-odio-carolin-emcke\/"},"wordCount":361,"publisher":{"@id":"https:\/\/cooltivarte.com\/portal\/#organization"},"image":{"@id":"https:\/\/cooltivarte.com\/portal\/contra-el-odio-carolin-emcke\/#primaryimage"},"thumbnailUrl":"https:\/\/cooltivarte.com\/portal\/wp-content\/uploads\/2026\/02\/CONTRA-EL-ODIO-Carolin-Emcke.jpg","keywords":["Carolin Emcke","Contra el Odio","fil\u00f3sofa"],"articleSection":["Literatura"],"inLanguage":"es-AR"},{"@type":"WebPage","@id":"https:\/\/cooltivarte.com\/portal\/contra-el-odio-carolin-emcke\/","url":"https:\/\/cooltivarte.com\/portal\/contra-el-odio-carolin-emcke\/","name":"\"CONTRA EL ODIO\" - Carolin Emcke - Cooltivarte Portal","isPartOf":{"@id":"https:\/\/cooltivarte.com\/portal\/#website"},"primaryImageOfPage":{"@id":"https:\/\/cooltivarte.com\/portal\/contra-el-odio-carolin-emcke\/#primaryimage"},"image":{"@id":"https:\/\/cooltivarte.com\/portal\/contra-el-odio-carolin-emcke\/#primaryimage"},"thumbnailUrl":"https:\/\/cooltivarte.com\/portal\/wp-content\/uploads\/2026\/02\/CONTRA-EL-ODIO-Carolin-Emcke.jpg","datePublished":"2026-02-16T00:29:07+00:00","description":"\u00bfC\u00f3mo lo hacen? Se pregunta Caroline Emcke, \u00bfC\u00f3mo odian de la forma en que lo hacen? \u00bfC\u00f3mo pueden estar tan seguros?","breadcrumb":{"@id":"https:\/\/cooltivarte.com\/portal\/contra-el-odio-carolin-emcke\/#breadcrumb"},"inLanguage":"es-AR","potentialAction":[{"@type":"ReadAction","target":["https:\/\/cooltivarte.com\/portal\/contra-el-odio-carolin-emcke\/"]}]},{"@type":"ImageObject","inLanguage":"es-AR","@id":"https:\/\/cooltivarte.com\/portal\/contra-el-odio-carolin-emcke\/#primaryimage","url":"https:\/\/cooltivarte.com\/portal\/wp-content\/uploads\/2026\/02\/CONTRA-EL-ODIO-Carolin-Emcke.jpg","contentUrl":"https:\/\/cooltivarte.com\/portal\/wp-content\/uploads\/2026\/02\/CONTRA-EL-ODIO-Carolin-Emcke.jpg","width":1280,"height":720,"caption":"\"CONTRA EL ODIO\" - Carolin Emcke"},{"@type":"BreadcrumbList","@id":"https:\/\/cooltivarte.com\/portal\/contra-el-odio-carolin-emcke\/#breadcrumb","itemListElement":[{"@type":"ListItem","position":1,"name":"Portada","item":"https:\/\/cooltivarte.com\/portal\/"},{"@type":"ListItem","position":2,"name":"&#8220;CONTRA EL ODIO&#8221; &#8211; Carolin Emcke"}]},{"@type":"WebSite","@id":"https:\/\/cooltivarte.com\/portal\/#website","url":"https:\/\/cooltivarte.com\/portal\/","name":"Cooltivarte Portal","description":"Arte, cultura y turismo para el mundo ...","publisher":{"@id":"https:\/\/cooltivarte.com\/portal\/#organization"},"potentialAction":[{"@type":"SearchAction","target":{"@type":"EntryPoint","urlTemplate":"https:\/\/cooltivarte.com\/portal\/?s={search_term_string}"},"query-input":{"@type":"PropertyValueSpecification","valueRequired":true,"valueName":"search_term_string"}}],"inLanguage":"es-AR"},{"@type":"Organization","@id":"https:\/\/cooltivarte.com\/portal\/#organization","name":"cooltivarte","url":"https:\/\/cooltivarte.com\/portal\/","logo":{"@type":"ImageObject","inLanguage":"es-AR","@id":"https:\/\/cooltivarte.com\/portal\/#\/schema\/logo\/image\/","url":"https:\/\/cooltivarte.com\/portal\/wp-content\/uploads\/2020\/04\/logo-cooltivarte-v2.png","contentUrl":"https:\/\/cooltivarte.com\/portal\/wp-content\/uploads\/2020\/04\/logo-cooltivarte-v2.png","width":851,"height":243,"caption":"cooltivarte"},"image":{"@id":"https:\/\/cooltivarte.com\/portal\/#\/schema\/logo\/image\/"},"sameAs":["https:\/\/www.facebook.com\/cooltivartecom\/","https:\/\/x.com\/obolocultural","https:\/\/www.instagram.com\/_cooltivarte_\/","https:\/\/www.linkedin.com\/company\/-bolocultural?reportsuccess=8zaNG1HwhPbAR9iQhZ5rfGeqz_vQFftHun0ZWU0Wy9vNemRJ8vtcKdJvzQfW8XagyOJSKg0XvfJ1dp","https:\/\/www.pinterest.com\/cooltivarte\/","https:\/\/cooltivarte.tumblr.com\/","https:\/\/www.tiktok.com\/@cooltivarte","https:\/\/www.youtube.com\/@PrensaCooltivarte"]},{"@type":"Person","@id":"https:\/\/cooltivarte.com\/portal\/#\/schema\/person\/f2f309191818c8778b66e5f42dfa868d","name":"Claudio Alvarez Teran","image":{"@type":"ImageObject","inLanguage":"es-AR","@id":"https:\/\/cooltivarte.com\/portal\/wp-content\/uploads\/2022\/02\/claudio-120x120.jpg","url":"https:\/\/cooltivarte.com\/portal\/wp-content\/uploads\/2022\/02\/claudio-120x120.jpg","contentUrl":"https:\/\/cooltivarte.com\/portal\/wp-content\/uploads\/2022\/02\/claudio-120x120.jpg","caption":"Claudio Alvarez Teran"},"description":"Buenos Aires, Argentina Profesor en Escuela Polimodal Latinoam\u00e9rica Profesor en Fundaci\u00f3n de Altos Estudios Esteban Adrogu\u00e9 Profesor en Instituto Fodehum Profesor en Instituto Cielo Azul Coordinador General de Comunicaciones de la Confederaci\u00f3n Farmac\u00e9utica Argentina Dise\u00f1o Curricular de la Orientaci\u00f3n en Comunicaci\u00f3n de la Escuela Secundaria Orientada Ciclo Superior para la Direcci\u00f3n Provincial de Educaci\u00f3n Secundaria de la Direcci\u00f3n General de Cultura y Educaci\u00f3n de la Provincia de Buenos Aires. A\u00f1o 2009. Conferencia \u00abLas certezas de la Modernidad, las incertidumbres de la Posmodernidad\u00bb 2002-2006","sameAs":["http:\/\/alvarezteran.com.ar\/","http:\/\/www.facebook.com\/claudioateran","https:\/\/www.instagram.com\/_cooltivarte_\/","https:\/\/www.linkedin.com\/in\/claudio-alvarez-tern-98026218\/","https:\/\/www.pinterest.com\/cooltivarte","https:\/\/x.com\/http:\/\/twitter.com\/claudioateran","https:\/\/www.youtube.com\/user\/yoclaudio751\/featured","https:\/\/www.tumblr.com\/blog\/cooltivarte"],"url":"https:\/\/cooltivarte.com\/portal\/author\/claudio-alvarez-teran\/"}]}},"_links":{"self":[{"href":"https:\/\/cooltivarte.com\/portal\/wp-json\/wp\/v2\/posts\/123013","targetHints":{"allow":["GET"]}}],"collection":[{"href":"https:\/\/cooltivarte.com\/portal\/wp-json\/wp\/v2\/posts"}],"about":[{"href":"https:\/\/cooltivarte.com\/portal\/wp-json\/wp\/v2\/types\/post"}],"author":[{"embeddable":true,"href":"https:\/\/cooltivarte.com\/portal\/wp-json\/wp\/v2\/users\/186"}],"replies":[{"embeddable":true,"href":"https:\/\/cooltivarte.com\/portal\/wp-json\/wp\/v2\/comments?post=123013"}],"version-history":[{"count":1,"href":"https:\/\/cooltivarte.com\/portal\/wp-json\/wp\/v2\/posts\/123013\/revisions"}],"predecessor-version":[{"id":123016,"href":"https:\/\/cooltivarte.com\/portal\/wp-json\/wp\/v2\/posts\/123013\/revisions\/123016"}],"wp:featuredmedia":[{"embeddable":true,"href":"https:\/\/cooltivarte.com\/portal\/wp-json\/wp\/v2\/media\/123015"}],"wp:attachment":[{"href":"https:\/\/cooltivarte.com\/portal\/wp-json\/wp\/v2\/media?parent=123013"}],"wp:term":[{"taxonomy":"category","embeddable":true,"href":"https:\/\/cooltivarte.com\/portal\/wp-json\/wp\/v2\/categories?post=123013"},{"taxonomy":"post_tag","embeddable":true,"href":"https:\/\/cooltivarte.com\/portal\/wp-json\/wp\/v2\/tags?post=123013"}],"curies":[{"name":"wp","href":"https:\/\/api.w.org\/{rel}","templated":true}]}}