{"id":122995,"date":"2026-02-15T13:12:49","date_gmt":"2026-02-15T16:12:49","guid":{"rendered":"https:\/\/cooltivarte.com\/portal\/?p=122995"},"modified":"2026-02-15T13:22:58","modified_gmt":"2026-02-15T16:22:58","slug":"colectivo-sur_sur-en-el-living-de-las-musas-en-jose-ignacio","status":"publish","type":"post","link":"https:\/\/cooltivarte.com\/portal\/colectivo-sur_sur-en-el-living-de-las-musas-en-jose-ignacio\/","title":{"rendered":"Colectivo Sur_Sur en el living de Las Musas, en Jos\u00e9 Ignacio"},"content":{"rendered":"<p><img fetchpriority=\"high\" decoding=\"async\" class=\"aligncenter wp-image-122996 size-large\" title=\"Colectivo Sur_Sur en el living de Las Musas en Jos\u00e9 Ignacio por Daniel Benoit Cassou\" src=\"https:\/\/cooltivarte.com\/portal\/wp-content\/uploads\/2026\/02\/Colectivo-Sur_Sur-768x1024.webp\" alt=\"Colectivo Sur_Sur en el living de Las Musas en Jos\u00e9 Ignacio por Daniel Benoit Cassou\" width=\"768\" height=\"1024\" srcset=\"https:\/\/cooltivarte.com\/portal\/wp-content\/uploads\/2026\/02\/Colectivo-Sur_Sur-768x1024.webp 768w, https:\/\/cooltivarte.com\/portal\/wp-content\/uploads\/2026\/02\/Colectivo-Sur_Sur-225x300.webp 225w, https:\/\/cooltivarte.com\/portal\/wp-content\/uploads\/2026\/02\/Colectivo-Sur_Sur-1152x1536.webp 1152w, https:\/\/cooltivarte.com\/portal\/wp-content\/uploads\/2026\/02\/Colectivo-Sur_Sur-1536x2048.webp 1536w, https:\/\/cooltivarte.com\/portal\/wp-content\/uploads\/2026\/02\/Colectivo-Sur_Sur.webp 1600w\" sizes=\"(max-width: 768px) 100vw, 768px\" \/><\/p>\n<p>&nbsp;<\/p>\n<h3 class=\"wp-block-group has-global-padding is-layout-constrained wp-block-group-is-layout-constrained\"><strong>Colectivo Sur_Sur<\/strong><\/h3>\n<div class=\"entry-content wp-block-post-content has-global-padding is-layout-constrained wp-block-post-content-is-layout-constrained\">\n<p><strong>Jos\u00e9 Ignacio, Maldonado.<\/strong><\/p>\n<p>Esta semana abri\u00f3 la primera muestra de <a href=\"https:\/\/www.instagram.com\/sur_sur_collective\" target=\"_blank\" rel=\"noopener\"><strong>Colectivo Sur_Sur<\/strong><\/a> en el <strong>living de <a href=\"https:\/\/www.instagram.com\/lasmusas.uy\/\" target=\"_blank\" rel=\"noopener\">Las Musas<\/a><\/strong>, en Jos\u00e9 Ignacio. Y hay que decirlo sin anestesia: las obras son s\u00f3lidas, sensibles, bien pensadas. El problema no son ellas. Es la sala.<\/p>\n<p>El espacio \u2014hermoso, sofisticado, impecablemente decorado\u2014 tiene tanto car\u00e1cter que compite. No acompa\u00f1a, interviene.<\/p>\n<p>En lugar de permitir que las piezas respiren y dialoguen entre s\u00ed, las empuja a una convivencia forzada donde cada una parece hablar en voz baja\u2026 y sola.<\/p>\n<p>Y este no es un detalle menor. Si algo define a Sur_Sur es el trabajo colectivo. La escucha. El proceso compartido. La construcci\u00f3n de una mirada com\u00fan en la distancia.<\/p>\n<p>El colectivo Sur_Sur est\u00e1 integrado por: <a href=\"https:\/\/cooltivarte.com\/portal\/?s=Rita+Fischer\" target=\"_blank\" rel=\"noopener\"><strong>Rita Fischer<\/strong><\/a>, <a href=\"https:\/\/cooltivarte.com\/portal\/?s=Adela+Casacuberta\" target=\"_blank\" rel=\"noopener\"><strong>Adela Casacuberta<\/strong><\/a>, <a href=\"https:\/\/cooltivarte.com\/portal\/?s=Patricia+Bentancur\" target=\"_blank\" rel=\"noopener\"><strong>Patricia Bentancur<\/strong><\/a>, <a href=\"https:\/\/cooltivarte.com\/portal\/?s=Paula+do+Prado\" target=\"_blank\" rel=\"noopener\"><strong>Paula do Prado<\/strong><\/a> y <a href=\"https:\/\/cooltivarte.com\/portal\/?s=Tamara+Burlando\" target=\"_blank\" rel=\"noopener\"><strong>Tamara Burlando.<\/strong><\/a><\/p>\n<p>Se conforma a comienzos de 2021, en plena pandemia, como plataforma de intercambio entre artistas latinoamericanas situadas en distintos puntos del hemisferio sur \u2014principalmente Uruguay y Australia\u2014. La distancia como condici\u00f3n productiva. El aislamiento como detonante de pensamiento compartido.<\/p>\n<p>Su statement es claro y hace foco en priorizar el proceso por sobre el resultado. Entender la pr\u00e1ctica art\u00edstica como campo de resonancia y reciprocidad. Tensar lo individual en contacto con lo colectivo.<\/p>\n<p>Todo eso est\u00e1. Se percibe. Se siente en la calidad de las obras.<\/p>\n<p>La pieza que se impone<\/p>\n<p>Entre todas, \u201cBlood\/Sangre\u201d (2019) de <strong>Paula do Prado<\/strong> logra el verdadero protagonismo. Hay en esa obra una contundencia que atraviesa la escena. No necesita escenograf\u00eda. No necesita respaldo decorativo. Se sostiene sola y, parad\u00f3jicamente, es la que mejor evidencia cu\u00e1nto ganar\u00eda el conjunto en una sala menos protag\u00f3nica.<\/p>\n<p>La exposici\u00f3n re\u00fane trabajos individuales como primer gesto de estar juntas. Pero el espacio no termina de permitir esa intimidad que, seguramente, motiv\u00f3 el nacimiento del colectivo en 2021.<\/p>\n<p>El living funciona como galer\u00eda \u2014incluso con precios publicados\u2014 y cumple con su rol comercial. Nada que objetar en ese sentido. Pero una cosa es exhibir y otra es generar un dispositivo de di\u00e1logo real entre obras.<\/p>\n<p>Aqu\u00ed cada pieza parece vinculada al entorno m\u00e1s que a sus compa\u00f1eras.<\/p>\n<p>Y en un colectivo, eso es perder parte del sentido.<\/p>\n<p>Las artistas son muy buenas. El proyecto es serio. El pensamiento detr\u00e1s es consistente.<\/p>\n<p>Ahora bien: si el Sur quiere hablar en plural, necesita menos decoraci\u00f3n y m\u00e1s silencio alrededor.<\/p>\n<p>A veces, para que las obras dialoguen, lo mejor que puede hacer la sala es callarse.<\/p>\n<\/div>\n<p>&nbsp;<\/p>\n<div style=\"width: 640px;\" class=\"wp-video\"><!--[if lt IE 9]><script>document.createElement('video');<\/script><![endif]-->\n<video class=\"wp-video-shortcode\" id=\"video-122995-1\" width=\"640\" height=\"360\" preload=\"metadata\" controls=\"controls\"><source type=\"video\/mp4\" src=\"https:\/\/danielbenoit.art\/wp-content\/uploads\/2026\/02\/65661aeb2e411d270a479b5627fd03d6-1.mp4?_=1\" \/><a href=\"https:\/\/danielbenoit.art\/wp-content\/uploads\/2026\/02\/65661aeb2e411d270a479b5627fd03d6-1.mp4\">https:\/\/danielbenoit.art\/wp-content\/uploads\/2026\/02\/65661aeb2e411d270a479b5627fd03d6-1.mp4<\/a><\/video><\/div>\n<p>&nbsp;<\/p>\n<p>&nbsp;<\/p>\n<p>&nbsp;<\/p>\n<p>&nbsp;<\/p>\n","protected":false},"excerpt":{"rendered":"<p>Colectivo Sur_Sur<\/p>\n<p>Jos\u00e9 Ignacio, Maldonado.<\/p>\n<p>Esta semana abri\u00f3 la primera muestra de Colectivo Sur_Sur en el living de Las Musas, en Jos\u00e9 Ignacio. Y hay que decirlo sin anestesia: las obras son s\u00f3lidas, sensibles, bien pensadas. El problema no son ellas. Es la sala.<\/p>\n<p>El espacio \u2014hermoso, sofisticado, impecablemente decorado\u2014 tiene tanto car\u00e1cter que compite. No acompa\u00f1a, interviene.<\/p>\n<p>En lugar de permitir que las piezas respiren y dialoguen entre s\u00ed, las empuja a una convivencia forzada donde cada una parece hablar en voz baja\u2026 y sola.<\/p>\n<p>Y este no es un detalle menor. Si algo define a Sur_Sur es el trabajo colectivo. La escucha. El proceso compartido. La construcci\u00f3n de una mirada com\u00fan en la distancia.<\/p>\n<p>El colectivo Sur_Sur est\u00e1 integrado por: Rita Fischer, Adela Casacuberta, Patricia Bentancur, Paula do Prado y Tamara Burlando.<\/p>\n","protected":false},"author":14,"featured_media":122996,"comment_status":"closed","ping_status":"closed","sticky":false,"template":"","format":"standard","meta":{"om_disable_all_campaigns":false,"ngg_post_thumbnail":0,"jnews-multi-image_gallery":[],"jnews_single_post":{"subtitle":"Rita Fischer, Adela Casacuberta, Patricia Bentancur, Paula do Prado y Tamara Burlando","format":"standard","override":[{"template":"4","parallax":"1","layout":"right-sidebar","sidebar":"default-sidebar","second_sidebar":"default-sidebar","sticky_sidebar":"1","share_position":"bottom","share_float_style":"share-monocrhome","show_share_counter":"1","show_view_counter":"1","show_featured":"1","show_post_meta":"1","show_post_author":"1","show_post_author_image":"1","show_post_date":"1","post_date_format":"default","post_date_format_custom":"Y\/m\/d","show_post_category":"1","post_reading_time_wpm":"300","post_calculate_word_method":"str_word_count","zoom_button_out_step":"2","zoom_button_in_step":"3","show_post_tag":"1","show_prev_next_post":"1","show_popup_post":"1","show_comment_section":"1","number_popup_post":"1","show_author_box":"1","show_post_related":"0","show_inline_post_related":"0"}],"image_override":[{"single_post_thumbnail_size":"no-crop","single_post_gallery_size":"crop-500"}],"trending_post_position":"meta","trending_post_label":"Trending","sponsored_post_label":"Sponsored by","disable_ad":"0"},"jnews_primary_category":[],"jnews_social_meta":[],"jnews_override_counter":{"view_counter_number":"0","share_counter_number":"0","like_counter_number":"0","dislike_counter_number":"0"},"footnotes":""},"categories":[52],"tags":[23296,25740,2325,25741,16192,25742,1514,25737],"class_list":["post-122995","post","type-post","status-publish","format-standard","has-post-thumbnail","hentry","category-artista","tag-adela-casacuberta","tag-colectivo-sur_sur","tag-jose-ignacio","tag-living-de-las-musas","tag-patricia-bentancur","tag-paula-do-prado","tag-rita-fischer","tag-tamara-burlando"],"yoast_head":"<!-- This site is optimized with the Yoast SEO plugin v27.5 - https:\/\/yoast.com\/product\/yoast-seo-wordpress\/ -->\n<title>Colectivo Sur_Sur en el living de Las Musas, en Jos\u00e9 Ignacio - Cooltivarte Portal<\/title>\n<meta name=\"description\" content=\"Esta semana abri\u00f3 la primera muestra de Colectivo Sur_Sur en el living de Las Musas, en Jos\u00e9 Ignacio. Y hay que decirlo sin anestesia: las obras son s\u00f3lidas, sensibles, bien pensadas. El problema no son ellas. Es la sala.\" \/>\n<meta name=\"robots\" content=\"index, follow, max-snippet:-1, max-image-preview:large, max-video-preview:-1\" \/>\n<link rel=\"canonical\" href=\"https:\/\/cooltivarte.com\/portal\/colectivo-sur_sur-en-el-living-de-las-musas-en-jose-ignacio\/\" \/>\n<meta property=\"og:locale\" content=\"es_ES\" \/>\n<meta property=\"og:type\" content=\"article\" \/>\n<meta property=\"og:title\" content=\"Colectivo Sur_Sur en el living de Las Musas en Jos\u00e9 Ignacio por Daniel Benoit Cassou\" \/>\n<meta property=\"og:description\" content=\"Esta semana abri\u00f3 la primera muestra de Colectivo Sur_Sur en el living de Las Musas, en Jos\u00e9 Ignacio. Y hay que decirlo sin anestesia: las obras son s\u00f3lidas, sensibles, bien pensadas. El problema no son ellas. Es la sala.\" \/>\n<meta property=\"og:url\" content=\"https:\/\/cooltivarte.com\/portal\/colectivo-sur_sur-en-el-living-de-las-musas-en-jose-ignacio\/\" \/>\n<meta property=\"og:site_name\" content=\"Cooltivarte Portal\" \/>\n<meta property=\"article:publisher\" content=\"https:\/\/www.facebook.com\/cooltivartecom\/\" \/>\n<meta property=\"article:author\" content=\"https:\/\/www.facebook.com\/daniel.benoit.3557?fref=ts\" \/>\n<meta property=\"article:published_time\" content=\"2026-02-15T16:12:49+00:00\" \/>\n<meta property=\"article:modified_time\" content=\"2026-02-15T16:22:58+00:00\" \/>\n<meta property=\"og:image\" content=\"https:\/\/cooltivarte.com\/portal\/wp-content\/uploads\/2026\/02\/Colectivo-Sur_Sur.webp\" \/>\n\t<meta property=\"og:image:width\" content=\"1600\" \/>\n\t<meta property=\"og:image:height\" content=\"2133\" \/>\n\t<meta property=\"og:image:type\" content=\"image\/webp\" \/>\n<meta name=\"author\" content=\"Daniel Benoit Cassou\" \/>\n<meta name=\"twitter:card\" content=\"summary_large_image\" \/>\n<meta name=\"twitter:title\" content=\"Colectivo Sur_Sur en el living de Las Musas en Jos\u00e9 Ignacio por Daniel Benoit Cassou\" \/>\n<meta name=\"twitter:description\" content=\"Esta semana abri\u00f3 la primera muestra de Colectivo Sur_Sur en el living de Las Musas, en Jos\u00e9 Ignacio. Y hay que decirlo sin anestesia: las obras son s\u00f3lidas, sensibles, bien pensadas. El problema no son ellas. Es la sala.\" \/>\n<meta name=\"twitter:image\" content=\"https:\/\/cooltivarte.com\/portal\/wp-content\/uploads\/2026\/02\/Colectivo-Sur_Sur.webp\" \/>\n<meta name=\"twitter:creator\" content=\"@https:\/\/x.com\/obolocultural\" \/>\n<meta name=\"twitter:site\" content=\"@obolocultural\" \/>\n<meta name=\"twitter:label1\" content=\"Escrito por\" \/>\n\t<meta name=\"twitter:data1\" content=\"Daniel Benoit Cassou\" \/>\n\t<meta name=\"twitter:label2\" content=\"Tiempo de lectura\" \/>\n\t<meta name=\"twitter:data2\" content=\"3 minutos\" \/>\n<!-- \/ Yoast SEO plugin. -->","yoast_head_json":{"title":"Colectivo Sur_Sur en el living de Las Musas, en Jos\u00e9 Ignacio - Cooltivarte Portal","description":"Esta semana abri\u00f3 la primera muestra de Colectivo Sur_Sur en el living de Las Musas, en Jos\u00e9 Ignacio. Y hay que decirlo sin anestesia: las obras son s\u00f3lidas, sensibles, bien pensadas. El problema no son ellas. Es la sala.","robots":{"index":"index","follow":"follow","max-snippet":"max-snippet:-1","max-image-preview":"max-image-preview:large","max-video-preview":"max-video-preview:-1"},"canonical":"https:\/\/cooltivarte.com\/portal\/colectivo-sur_sur-en-el-living-de-las-musas-en-jose-ignacio\/","og_locale":"es_ES","og_type":"article","og_title":"Colectivo Sur_Sur en el living de Las Musas en Jos\u00e9 Ignacio por Daniel Benoit Cassou","og_description":"Esta semana abri\u00f3 la primera muestra de Colectivo Sur_Sur en el living de Las Musas, en Jos\u00e9 Ignacio. Y hay que decirlo sin anestesia: las obras son s\u00f3lidas, sensibles, bien pensadas. El problema no son ellas. Es la sala.","og_url":"https:\/\/cooltivarte.com\/portal\/colectivo-sur_sur-en-el-living-de-las-musas-en-jose-ignacio\/","og_site_name":"Cooltivarte Portal","article_publisher":"https:\/\/www.facebook.com\/cooltivartecom\/","article_author":"https:\/\/www.facebook.com\/daniel.benoit.3557?fref=ts","article_published_time":"2026-02-15T16:12:49+00:00","article_modified_time":"2026-02-15T16:22:58+00:00","og_image":[{"width":1600,"height":2133,"url":"https:\/\/cooltivarte.com\/portal\/wp-content\/uploads\/2026\/02\/Colectivo-Sur_Sur.webp","type":"image\/webp"}],"author":"Daniel Benoit Cassou","twitter_card":"summary_large_image","twitter_title":"Colectivo Sur_Sur en el living de Las Musas en Jos\u00e9 Ignacio por Daniel Benoit Cassou","twitter_description":"Esta semana abri\u00f3 la primera muestra de Colectivo Sur_Sur en el living de Las Musas, en Jos\u00e9 Ignacio. Y hay que decirlo sin anestesia: las obras son s\u00f3lidas, sensibles, bien pensadas. El problema no son ellas. Es la sala.","twitter_image":"https:\/\/cooltivarte.com\/portal\/wp-content\/uploads\/2026\/02\/Colectivo-Sur_Sur.webp","twitter_creator":"@https:\/\/x.com\/obolocultural","twitter_site":"@obolocultural","twitter_misc":{"Escrito por":"Daniel Benoit Cassou","Tiempo de lectura":"3 minutos"},"schema":{"@context":"https:\/\/schema.org","@graph":[{"@type":"NewsArticle","@id":"https:\/\/cooltivarte.com\/portal\/colectivo-sur_sur-en-el-living-de-las-musas-en-jose-ignacio\/#article","isPartOf":{"@id":"https:\/\/cooltivarte.com\/portal\/colectivo-sur_sur-en-el-living-de-las-musas-en-jose-ignacio\/"},"author":{"name":"Daniel Benoit Cassou","@id":"https:\/\/cooltivarte.com\/portal\/#\/schema\/person\/175e2af38af164206375abd19e491b3f"},"headline":"Colectivo Sur_Sur en el living de Las Musas, en Jos\u00e9 Ignacio","datePublished":"2026-02-15T16:12:49+00:00","dateModified":"2026-02-15T16:22:58+00:00","mainEntityOfPage":{"@id":"https:\/\/cooltivarte.com\/portal\/colectivo-sur_sur-en-el-living-de-las-musas-en-jose-ignacio\/"},"wordCount":462,"publisher":{"@id":"https:\/\/cooltivarte.com\/portal\/#organization"},"image":{"@id":"https:\/\/cooltivarte.com\/portal\/colectivo-sur_sur-en-el-living-de-las-musas-en-jose-ignacio\/#primaryimage"},"thumbnailUrl":"https:\/\/cooltivarte.com\/portal\/wp-content\/uploads\/2026\/02\/Colectivo-Sur_Sur.webp","keywords":["Adela Casacuberta","Colectivo Sur_Sur","Jos\u00e9 Ignacio","living de Las Musas","Patricia Bentancur","Paula do Prado","Rita Fischer","Tamara Burlando"],"articleSection":["Arte"],"inLanguage":"es-AR"},{"@type":"WebPage","@id":"https:\/\/cooltivarte.com\/portal\/colectivo-sur_sur-en-el-living-de-las-musas-en-jose-ignacio\/","url":"https:\/\/cooltivarte.com\/portal\/colectivo-sur_sur-en-el-living-de-las-musas-en-jose-ignacio\/","name":"Colectivo Sur_Sur en el living de Las Musas, en Jos\u00e9 Ignacio - Cooltivarte Portal","isPartOf":{"@id":"https:\/\/cooltivarte.com\/portal\/#website"},"primaryImageOfPage":{"@id":"https:\/\/cooltivarte.com\/portal\/colectivo-sur_sur-en-el-living-de-las-musas-en-jose-ignacio\/#primaryimage"},"image":{"@id":"https:\/\/cooltivarte.com\/portal\/colectivo-sur_sur-en-el-living-de-las-musas-en-jose-ignacio\/#primaryimage"},"thumbnailUrl":"https:\/\/cooltivarte.com\/portal\/wp-content\/uploads\/2026\/02\/Colectivo-Sur_Sur.webp","datePublished":"2026-02-15T16:12:49+00:00","dateModified":"2026-02-15T16:22:58+00:00","description":"Esta semana abri\u00f3 la primera muestra de Colectivo Sur_Sur en el living de Las Musas, en Jos\u00e9 Ignacio. Y hay que decirlo sin anestesia: las obras son s\u00f3lidas, sensibles, bien pensadas. El problema no son ellas. Es la sala.","breadcrumb":{"@id":"https:\/\/cooltivarte.com\/portal\/colectivo-sur_sur-en-el-living-de-las-musas-en-jose-ignacio\/#breadcrumb"},"inLanguage":"es-AR","potentialAction":[{"@type":"ReadAction","target":["https:\/\/cooltivarte.com\/portal\/colectivo-sur_sur-en-el-living-de-las-musas-en-jose-ignacio\/"]}]},{"@type":"ImageObject","inLanguage":"es-AR","@id":"https:\/\/cooltivarte.com\/portal\/colectivo-sur_sur-en-el-living-de-las-musas-en-jose-ignacio\/#primaryimage","url":"https:\/\/cooltivarte.com\/portal\/wp-content\/uploads\/2026\/02\/Colectivo-Sur_Sur.webp","contentUrl":"https:\/\/cooltivarte.com\/portal\/wp-content\/uploads\/2026\/02\/Colectivo-Sur_Sur.webp","width":1600,"height":2133,"caption":"Colectivo Sur_Sur en el living de Las Musas en Jos\u00e9 Ignacio por Daniel Benoit Cassou"},{"@type":"BreadcrumbList","@id":"https:\/\/cooltivarte.com\/portal\/colectivo-sur_sur-en-el-living-de-las-musas-en-jose-ignacio\/#breadcrumb","itemListElement":[{"@type":"ListItem","position":1,"name":"Portada","item":"https:\/\/cooltivarte.com\/portal\/"},{"@type":"ListItem","position":2,"name":"Colectivo Sur_Sur en el living de Las Musas, en Jos\u00e9 Ignacio"}]},{"@type":"WebSite","@id":"https:\/\/cooltivarte.com\/portal\/#website","url":"https:\/\/cooltivarte.com\/portal\/","name":"Cooltivarte Portal","description":"Arte, cultura y turismo para el mundo ...","publisher":{"@id":"https:\/\/cooltivarte.com\/portal\/#organization"},"potentialAction":[{"@type":"SearchAction","target":{"@type":"EntryPoint","urlTemplate":"https:\/\/cooltivarte.com\/portal\/?s={search_term_string}"},"query-input":{"@type":"PropertyValueSpecification","valueRequired":true,"valueName":"search_term_string"}}],"inLanguage":"es-AR"},{"@type":"Organization","@id":"https:\/\/cooltivarte.com\/portal\/#organization","name":"cooltivarte","url":"https:\/\/cooltivarte.com\/portal\/","logo":{"@type":"ImageObject","inLanguage":"es-AR","@id":"https:\/\/cooltivarte.com\/portal\/#\/schema\/logo\/image\/","url":"https:\/\/cooltivarte.com\/portal\/wp-content\/uploads\/2020\/04\/logo-cooltivarte-v2.png","contentUrl":"https:\/\/cooltivarte.com\/portal\/wp-content\/uploads\/2020\/04\/logo-cooltivarte-v2.png","width":851,"height":243,"caption":"cooltivarte"},"image":{"@id":"https:\/\/cooltivarte.com\/portal\/#\/schema\/logo\/image\/"},"sameAs":["https:\/\/www.facebook.com\/cooltivartecom\/","https:\/\/x.com\/obolocultural","https:\/\/www.instagram.com\/_cooltivarte_\/","https:\/\/www.linkedin.com\/company\/-bolocultural?reportsuccess=8zaNG1HwhPbAR9iQhZ5rfGeqz_vQFftHun0ZWU0Wy9vNemRJ8vtcKdJvzQfW8XagyOJSKg0XvfJ1dp","https:\/\/www.pinterest.com\/cooltivarte\/","https:\/\/cooltivarte.tumblr.com\/","https:\/\/www.tiktok.com\/@cooltivarte","https:\/\/www.youtube.com\/@PrensaCooltivarte"]},{"@type":"Person","@id":"https:\/\/cooltivarte.com\/portal\/#\/schema\/person\/175e2af38af164206375abd19e491b3f","name":"Daniel Benoit Cassou","image":{"@type":"ImageObject","inLanguage":"es-AR","@id":"https:\/\/cooltivarte.com\/portal\/wp-content\/uploads\/2022\/11\/daniel-benoit-120x120.jpg","url":"https:\/\/cooltivarte.com\/portal\/wp-content\/uploads\/2022\/11\/daniel-benoit-120x120.jpg","contentUrl":"https:\/\/cooltivarte.com\/portal\/wp-content\/uploads\/2022\/11\/daniel-benoit-120x120.jpg","caption":"Daniel Benoit Cassou"},"description":"Daniel Benoit - (Uruguay, 1961), es contador p\u00fablico de profesi\u00f3n. Hizo su formaci\u00f3n art\u00edstica en los talleres de Hugo Longa, Clever Lara y Lacy Duarte; escultura con Jos\u00e9 Pelayo y fotograf\u00eda con Enrique Abal, Oscar Bonilla y Roberto Schettini. Realiz\u00f3 cursos de formaci\u00f3n te\u00f3rica con Nelson Di Maggio, Alfredo Torres, Nelson Bali\u00f1o y Emma Sanguinetti, entre otros. Ha participado en muestras de fotografias, colectivas asi como individuales: 2007 \u2013 Facultad de Ciencias Econ\u00f3micas; Centro Cultural Lapido; Club de Golf; Fotogramas - Montevideo 2009 \u2013 Galer\u00eda de arte La Pasionaria \u2013 Club de Golf - Montevideo 2010 \u2013 A la Follie; Trattoria La Commedia; Club de Golf \u2013 Montevideo 2011 \u2013 Museo del Azulejo; Fotograma; Club de Golf \u2013 Montevideo; Bienal X \u2013 Salto 2012 \u2013 Espacio Innova \u2013 Punta del Este Es asiduo asistente a las principales bienales de arte: Venecia, Lyon, San Pablo, Cuba, Porto Alegre, Lima, as\u00ed como ferias de Basilea, Paris, Buenos Aires, entre otras. Es coleccionista de arte nacional, asesor de arte contempor\u00e1neo, escribe en sus blogs y es columnista de la revista de arte nacional \u201cCooltivarte\u201d desde el 2012, asi como de la revista \u201cArte\u201d del periodico \u201cEl Pais\u201d. Blog","sameAs":["https:\/\/danielbenoit.art\/","https:\/\/www.facebook.com\/daniel.benoit.3557?fref=ts","https:\/\/www.instagram.com\/danielbenoitcassou\/","https:\/\/www.linkedin.com\/in\/daniel-benoit-87890a39\/","https:\/\/www.pinterest.com\/cooltivarte","https:\/\/x.com\/https:\/\/x.com\/obolocultural","https:\/\/www.youtube.com\/@PrensaCooltivarte","https:\/\/www.tumblr.com\/blog\/cooltivarte"],"url":"https:\/\/cooltivarte.com\/portal\/author\/benoit\/"}]}},"_links":{"self":[{"href":"https:\/\/cooltivarte.com\/portal\/wp-json\/wp\/v2\/posts\/122995","targetHints":{"allow":["GET"]}}],"collection":[{"href":"https:\/\/cooltivarte.com\/portal\/wp-json\/wp\/v2\/posts"}],"about":[{"href":"https:\/\/cooltivarte.com\/portal\/wp-json\/wp\/v2\/types\/post"}],"author":[{"embeddable":true,"href":"https:\/\/cooltivarte.com\/portal\/wp-json\/wp\/v2\/users\/14"}],"replies":[{"embeddable":true,"href":"https:\/\/cooltivarte.com\/portal\/wp-json\/wp\/v2\/comments?post=122995"}],"version-history":[{"count":2,"href":"https:\/\/cooltivarte.com\/portal\/wp-json\/wp\/v2\/posts\/122995\/revisions"}],"predecessor-version":[{"id":122999,"href":"https:\/\/cooltivarte.com\/portal\/wp-json\/wp\/v2\/posts\/122995\/revisions\/122999"}],"wp:featuredmedia":[{"embeddable":true,"href":"https:\/\/cooltivarte.com\/portal\/wp-json\/wp\/v2\/media\/122996"}],"wp:attachment":[{"href":"https:\/\/cooltivarte.com\/portal\/wp-json\/wp\/v2\/media?parent=122995"}],"wp:term":[{"taxonomy":"category","embeddable":true,"href":"https:\/\/cooltivarte.com\/portal\/wp-json\/wp\/v2\/categories?post=122995"},{"taxonomy":"post_tag","embeddable":true,"href":"https:\/\/cooltivarte.com\/portal\/wp-json\/wp\/v2\/tags?post=122995"}],"curies":[{"name":"wp","href":"https:\/\/api.w.org\/{rel}","templated":true}]}}