{"id":122976,"date":"2026-02-15T12:04:42","date_gmt":"2026-02-15T15:04:42","guid":{"rendered":"https:\/\/cooltivarte.com\/portal\/?p=122976"},"modified":"2026-02-15T12:04:42","modified_gmt":"2026-02-15T15:04:42","slug":"ariel-otra-vez","status":"publish","type":"post","link":"https:\/\/cooltivarte.com\/portal\/ariel-otra-vez\/","title":{"rendered":"Ariel, otra vez"},"content":{"rendered":"<figure id=\"attachment_122977\" aria-describedby=\"caption-attachment-122977\" style=\"width: 768px\" class=\"wp-caption aligncenter\"><img fetchpriority=\"high\" decoding=\"async\" class=\"wp-image-122977 size-large\" title=\"Ariel, otra vez\" src=\"https:\/\/cooltivarte.com\/portal\/wp-content\/uploads\/2026\/02\/Ariel-otra-vez-768x1024.webp\" alt=\"Ariel, otra vez\" width=\"768\" height=\"1024\" srcset=\"https:\/\/cooltivarte.com\/portal\/wp-content\/uploads\/2026\/02\/Ariel-otra-vez-768x1024.webp 768w, https:\/\/cooltivarte.com\/portal\/wp-content\/uploads\/2026\/02\/Ariel-otra-vez-225x300.webp 225w, https:\/\/cooltivarte.com\/portal\/wp-content\/uploads\/2026\/02\/Ariel-otra-vez-1152x1536.webp 1152w, https:\/\/cooltivarte.com\/portal\/wp-content\/uploads\/2026\/02\/Ariel-otra-vez-1536x2048.webp 1536w, https:\/\/cooltivarte.com\/portal\/wp-content\/uploads\/2026\/02\/Ariel-otra-vez.webp 1600w\" sizes=\"(max-width: 768px) 100vw, 768px\" \/><figcaption id=\"caption-attachment-122977\" class=\"wp-caption-text\">Ariel<\/figcaption><\/figure>\n<div class=\"wp-block-group has-global-padding is-layout-constrained wp-block-group-is-layout-constrained\">\n<h1 class=\"wp-block-post-title\">Ariel, otra vez<\/h1>\n<\/div>\n<div class=\"entry-content wp-block-post-content has-global-padding is-layout-constrained wp-block-post-content-is-layout-constrained\">\n<p>En \u00e9pocas de turbulencias y confrontaciones entre latinos y sajones en Am\u00e9rica, sent\u00ed la necesidad de abordar este libro que fue tan referencial en la formaci\u00f3n de los j\u00f3venes en nuestro pa\u00eds.<\/p>\n<p><a href=\"https:\/\/cooltivarte.com\/portal\/?s=Ariel\" target=\"_blank\" rel=\"noopener\"><strong>Ariel<\/strong><\/a> de <a href=\"https:\/\/cooltivarte.com\/portal\/?s=Jos%C3%A9+Enrique+Rod%C3%B3\" target=\"_blank\" rel=\"noopener\"><strong>Jos\u00e9 Enrique Rod\u00f3<\/strong><\/a> (Montevideo, 1871-1917), plante\u00f3 a comienzos del siglo XX un conflicto que hoy vuelve a resonar con una claridad inc\u00f3moda: la tensi\u00f3n entre el esp\u00edritu y el utilitarismo.<\/p>\n<p>En este ensayo Rod\u00f3 construye su reflexi\u00f3n a partir de una oposici\u00f3n simb\u00f3lica.<\/p>\n<p>Ariel representa la elevaci\u00f3n moral, la cultura, la formaci\u00f3n integral.<br \/>\nCalib\u00e1n (personaje central en la obra La Tempestad de <a href=\"https:\/\/cooltivarte.com\/portal\/?s=William+Shakespeare\" target=\"_blank\" rel=\"noopener\">William Shakespeare<\/a>, 1611), lo inmediato, lo pragm\u00e1tico y lo puramente material conforman este an\u00e1lisis.<\/p>\n<p>No se trata de un rechazo al progreso, sino de una advertencia que es cuando la utilidad se convierte en \u00fanico valor momento en que la cultura se empobrece.<\/p>\n<p>En momentos en que reaparecen discursos de confrontaci\u00f3n entre sectores latinoamericanos y figuras como Donald Trump, o cuando el espect\u00e1culo medi\u00e1tico \u2014desde la pol\u00edtica hasta el show global encarnado por artistas como Bad Bunny\u2014 ocupa el centro de la escena cultural, la pregunta de Rod\u00f3 vuelve a tener filo.<\/p>\n<p>\u00bfQu\u00e9 modelo cultural estamos asumiendo?<br \/>\n\u00bfEl del rendimiento inmediato?<br \/>\n\u00bfEl de la espectacularizaci\u00f3n constante?<br \/>\n\u00bfO el de una identidad cr\u00edtica, formada, consciente?<\/p>\n<p>Ariel fue lectura obligatoria en generaciones liceales \u2014al menos en nuestras \u00e9pocas\u2014 aunque su prosa decimon\u00f3nica exige actualmente paciencia y fundamentalmente diccionario. Tal vez hoy habr\u00eda que reescribirlo en lenguaje contempor\u00e1neo no para suavizarlo, sino para volverlo accesible. Porque el problema que se\u00f1ala sigue vigente.<\/p>\n<p>Y no es casual que Ariel haya sido durante d\u00e9cadas pieza central de la educaci\u00f3n uruguaya. Coincidi\u00f3 con el proyecto republicano y reformista del pa\u00eds, reforz\u00f3 la tradici\u00f3n humanista impulsada por figuras como Jos\u00e9 Pedro Varela, y funcion\u00f3 como herramienta de formaci\u00f3n \u00e9tica e identidad latinoamericana. No era solo literatura: era construcci\u00f3n de ciudadan\u00eda. Formaba car\u00e1cter, elevaba el lenguaje y propon\u00eda una \u00e9lite intelectual responsable del destino cultural.<\/p>\n<p>Ya en el siglo XIX Rod\u00f3 cuestionaba el modelo estadounidense entendido como paradigma exclusivo de modernidad. No propon\u00eda aislamiento ni resentimiento. Propon\u00eda discernimiento. Am\u00e9rica Latina deb\u00eda dialogar con el mundo sin renunciar a su vocaci\u00f3n humanista.<\/p>\n<p>La vigencia del texto no est\u00e1 en su tono solemne ni en su idealismo elitista \u2014que hoy puede discutirse\u2014 sino en su n\u00facleo \u00e9tico: una civilizaci\u00f3n no se mide solo por su potencia econ\u00f3mica o medi\u00e1tica, sino por la calidad de su vida intelectual y moral.<\/p>\n<p>Releer Ariel hoy no es nostalgia escolar.<br \/>\nEs preguntarnos si seguimos pensando en t\u00e9rminos de cultura o si hemos aceptado, sin resistencia, que todo se reduzca a espect\u00e1culo y mercado.<\/p>\n<p>Rod\u00f3 apostaba por una Am\u00e9rica Latina que eligiera ser algo m\u00e1s que eficiente.<br \/>\nLa pregunta es si todav\u00eda queremos esa apuesta.<\/p>\n<\/div>\n<p>&nbsp;<\/p>\n","protected":false},"excerpt":{"rendered":"<p>Ariel, otra vez En \u00e9pocas de turbulencias y confrontaciones entre latinos y sajones en Am\u00e9rica, sent\u00ed la necesidad de abordar este libro que fue tan referencial en la formaci\u00f3n de los j\u00f3venes en nuestro pa\u00eds. Ariel de Jos\u00e9 Enrique Rod\u00f3 (Montevideo, 1871-1917), plante\u00f3 a comienzos del siglo XX un conflicto que hoy vuelve a resonar [&hellip;]<\/p>\n","protected":false},"author":14,"featured_media":122977,"comment_status":"closed","ping_status":"closed","sticky":false,"template":"","format":"standard","meta":{"om_disable_all_campaigns":false,"ngg_post_thumbnail":0,"jnews-multi-image_gallery":[],"jnews_single_post":{"format":"standard","override":[{"template":"4","parallax":"1","layout":"right-sidebar","sidebar":"default-sidebar","second_sidebar":"default-sidebar","sticky_sidebar":"1","share_position":"bottom","share_float_style":"share-monocrhome","show_share_counter":"1","show_view_counter":"1","show_featured":"1","show_post_meta":"1","show_post_author":"1","show_post_author_image":"1","show_post_date":"1","post_date_format":"default","post_date_format_custom":"Y\/m\/d","show_post_category":"1","post_reading_time_wpm":"300","post_calculate_word_method":"str_word_count","zoom_button_out_step":"2","zoom_button_in_step":"3","show_post_tag":"1","show_prev_next_post":"1","show_popup_post":"1","show_comment_section":"1","number_popup_post":"1","show_author_box":"1","show_post_related":"0","show_inline_post_related":"0"}],"image_override":[{"single_post_thumbnail_size":"no-crop","single_post_gallery_size":"crop-500"}],"trending_post_position":"meta","trending_post_label":"Trending","sponsored_post_label":"Sponsored by","disable_ad":"0","subtitle":"Jos\u00e9 Enrique Rod\u00f3 (Montevideo, 1871-1917)"},"jnews_primary_category":[],"jnews_social_meta":[],"jnews_override_counter":{"view_counter_number":"0","share_counter_number":"0","like_counter_number":"0","dislike_counter_number":"0"},"footnotes":""},"categories":[56],"tags":[13111,13107],"class_list":["post-122976","post","type-post","status-publish","format-standard","has-post-thumbnail","hentry","category-narradores","tag-ariel","tag-jose-enrique-rodo"],"yoast_head":"<!-- This site is optimized with the Yoast SEO plugin v27.5 - https:\/\/yoast.com\/product\/yoast-seo-wordpress\/ -->\n<title>Ariel, otra vez - Cooltivarte Portal<\/title>\n<meta name=\"description\" content=\"Ariel de Jos\u00e9 Enrique Rod\u00f3 (Montevideo, 1871-1917), plante\u00f3 a comienzos del siglo XX un conflicto que hoy vuelve a resonar con una claridad inc\u00f3moda: la tensi\u00f3n entre el esp\u00edritu y el utilitarismo.\" \/>\n<meta name=\"robots\" content=\"index, follow, max-snippet:-1, max-image-preview:large, max-video-preview:-1\" \/>\n<link rel=\"canonical\" href=\"https:\/\/cooltivarte.com\/portal\/ariel-otra-vez\/\" \/>\n<meta property=\"og:locale\" content=\"es_ES\" \/>\n<meta property=\"og:type\" content=\"article\" \/>\n<meta property=\"og:title\" content=\"Ariel, otra vez - Jos\u00e9 Enrique Rod\u00f3 (Montevideo, 1871-1917) por Daniel Benoit Cassou\" \/>\n<meta property=\"og:description\" content=\"Ariel de Jos\u00e9 Enrique Rod\u00f3 (Montevideo, 1871-1917), plante\u00f3 a comienzos del siglo XX un conflicto que hoy vuelve a resonar con una claridad inc\u00f3moda: la tensi\u00f3n entre el esp\u00edritu y el utilitarismo.\" \/>\n<meta property=\"og:url\" content=\"https:\/\/cooltivarte.com\/portal\/ariel-otra-vez\/\" \/>\n<meta property=\"og:site_name\" content=\"Cooltivarte Portal\" \/>\n<meta property=\"article:publisher\" content=\"https:\/\/www.facebook.com\/cooltivartecom\/\" \/>\n<meta property=\"article:author\" content=\"https:\/\/www.facebook.com\/daniel.benoit.3557?fref=ts\" \/>\n<meta property=\"article:published_time\" content=\"2026-02-15T15:04:42+00:00\" \/>\n<meta property=\"og:image\" content=\"https:\/\/cooltivarte.com\/portal\/wp-content\/uploads\/2026\/02\/Ariel-otra-vez.webp\" \/>\n\t<meta property=\"og:image:width\" content=\"1600\" \/>\n\t<meta property=\"og:image:height\" content=\"2133\" \/>\n\t<meta property=\"og:image:type\" content=\"image\/webp\" \/>\n<meta name=\"author\" content=\"Daniel Benoit Cassou\" \/>\n<meta name=\"twitter:card\" content=\"summary_large_image\" \/>\n<meta name=\"twitter:title\" content=\"Ariel, otra vez - Jos\u00e9 Enrique Rod\u00f3 (Montevideo, 1871-1917) por Daniel Benoit Cassou\" \/>\n<meta name=\"twitter:description\" content=\"Ariel de Jos\u00e9 Enrique Rod\u00f3 (Montevideo, 1871-1917), plante\u00f3 a comienzos del siglo XX un conflicto que hoy vuelve a resonar con una claridad inc\u00f3moda: la tensi\u00f3n entre el esp\u00edritu y el utilitarismo.\" \/>\n<meta name=\"twitter:image\" content=\"https:\/\/cooltivarte.com\/portal\/wp-content\/uploads\/2026\/02\/Ariel-otra-vez.webp\" \/>\n<meta name=\"twitter:creator\" content=\"@https:\/\/x.com\/obolocultural\" \/>\n<meta name=\"twitter:site\" content=\"@obolocultural\" \/>\n<meta name=\"twitter:label1\" content=\"Escrito por\" \/>\n\t<meta name=\"twitter:data1\" content=\"Daniel Benoit Cassou\" \/>\n\t<meta name=\"twitter:label2\" content=\"Tiempo de lectura\" \/>\n\t<meta name=\"twitter:data2\" content=\"3 minutos\" \/>\n<!-- \/ Yoast SEO plugin. -->","yoast_head_json":{"title":"Ariel, otra vez - Cooltivarte Portal","description":"Ariel de Jos\u00e9 Enrique Rod\u00f3 (Montevideo, 1871-1917), plante\u00f3 a comienzos del siglo XX un conflicto que hoy vuelve a resonar con una claridad inc\u00f3moda: la tensi\u00f3n entre el esp\u00edritu y el utilitarismo.","robots":{"index":"index","follow":"follow","max-snippet":"max-snippet:-1","max-image-preview":"max-image-preview:large","max-video-preview":"max-video-preview:-1"},"canonical":"https:\/\/cooltivarte.com\/portal\/ariel-otra-vez\/","og_locale":"es_ES","og_type":"article","og_title":"Ariel, otra vez - Jos\u00e9 Enrique Rod\u00f3 (Montevideo, 1871-1917) por Daniel Benoit Cassou","og_description":"Ariel de Jos\u00e9 Enrique Rod\u00f3 (Montevideo, 1871-1917), plante\u00f3 a comienzos del siglo XX un conflicto que hoy vuelve a resonar con una claridad inc\u00f3moda: la tensi\u00f3n entre el esp\u00edritu y el utilitarismo.","og_url":"https:\/\/cooltivarte.com\/portal\/ariel-otra-vez\/","og_site_name":"Cooltivarte Portal","article_publisher":"https:\/\/www.facebook.com\/cooltivartecom\/","article_author":"https:\/\/www.facebook.com\/daniel.benoit.3557?fref=ts","article_published_time":"2026-02-15T15:04:42+00:00","og_image":[{"width":1600,"height":2133,"url":"https:\/\/cooltivarte.com\/portal\/wp-content\/uploads\/2026\/02\/Ariel-otra-vez.webp","type":"image\/webp"}],"author":"Daniel Benoit Cassou","twitter_card":"summary_large_image","twitter_title":"Ariel, otra vez - Jos\u00e9 Enrique Rod\u00f3 (Montevideo, 1871-1917) por Daniel Benoit Cassou","twitter_description":"Ariel de Jos\u00e9 Enrique Rod\u00f3 (Montevideo, 1871-1917), plante\u00f3 a comienzos del siglo XX un conflicto que hoy vuelve a resonar con una claridad inc\u00f3moda: la tensi\u00f3n entre el esp\u00edritu y el utilitarismo.","twitter_image":"https:\/\/cooltivarte.com\/portal\/wp-content\/uploads\/2026\/02\/Ariel-otra-vez.webp","twitter_creator":"@https:\/\/x.com\/obolocultural","twitter_site":"@obolocultural","twitter_misc":{"Escrito por":"Daniel Benoit Cassou","Tiempo de lectura":"3 minutos"},"schema":{"@context":"https:\/\/schema.org","@graph":[{"@type":"NewsArticle","@id":"https:\/\/cooltivarte.com\/portal\/ariel-otra-vez\/#article","isPartOf":{"@id":"https:\/\/cooltivarte.com\/portal\/ariel-otra-vez\/"},"author":{"name":"Daniel Benoit Cassou","@id":"https:\/\/cooltivarte.com\/portal\/#\/schema\/person\/175e2af38af164206375abd19e491b3f"},"headline":"Ariel, otra vez","datePublished":"2026-02-15T15:04:42+00:00","mainEntityOfPage":{"@id":"https:\/\/cooltivarte.com\/portal\/ariel-otra-vez\/"},"wordCount":518,"publisher":{"@id":"https:\/\/cooltivarte.com\/portal\/#organization"},"image":{"@id":"https:\/\/cooltivarte.com\/portal\/ariel-otra-vez\/#primaryimage"},"thumbnailUrl":"https:\/\/cooltivarte.com\/portal\/wp-content\/uploads\/2026\/02\/Ariel-otra-vez.webp","keywords":["Ariel","Jos\u00e9 Enrique Rod\u00f3"],"articleSection":["Literatura"],"inLanguage":"es-AR"},{"@type":"WebPage","@id":"https:\/\/cooltivarte.com\/portal\/ariel-otra-vez\/","url":"https:\/\/cooltivarte.com\/portal\/ariel-otra-vez\/","name":"Ariel, otra vez - Cooltivarte Portal","isPartOf":{"@id":"https:\/\/cooltivarte.com\/portal\/#website"},"primaryImageOfPage":{"@id":"https:\/\/cooltivarte.com\/portal\/ariel-otra-vez\/#primaryimage"},"image":{"@id":"https:\/\/cooltivarte.com\/portal\/ariel-otra-vez\/#primaryimage"},"thumbnailUrl":"https:\/\/cooltivarte.com\/portal\/wp-content\/uploads\/2026\/02\/Ariel-otra-vez.webp","datePublished":"2026-02-15T15:04:42+00:00","description":"Ariel de Jos\u00e9 Enrique Rod\u00f3 (Montevideo, 1871-1917), plante\u00f3 a comienzos del siglo XX un conflicto que hoy vuelve a resonar con una claridad inc\u00f3moda: la tensi\u00f3n entre el esp\u00edritu y el utilitarismo.","breadcrumb":{"@id":"https:\/\/cooltivarte.com\/portal\/ariel-otra-vez\/#breadcrumb"},"inLanguage":"es-AR","potentialAction":[{"@type":"ReadAction","target":["https:\/\/cooltivarte.com\/portal\/ariel-otra-vez\/"]}]},{"@type":"ImageObject","inLanguage":"es-AR","@id":"https:\/\/cooltivarte.com\/portal\/ariel-otra-vez\/#primaryimage","url":"https:\/\/cooltivarte.com\/portal\/wp-content\/uploads\/2026\/02\/Ariel-otra-vez.webp","contentUrl":"https:\/\/cooltivarte.com\/portal\/wp-content\/uploads\/2026\/02\/Ariel-otra-vez.webp","width":1600,"height":2133,"caption":"Ariel, otra vez"},{"@type":"BreadcrumbList","@id":"https:\/\/cooltivarte.com\/portal\/ariel-otra-vez\/#breadcrumb","itemListElement":[{"@type":"ListItem","position":1,"name":"Portada","item":"https:\/\/cooltivarte.com\/portal\/"},{"@type":"ListItem","position":2,"name":"Ariel, otra vez"}]},{"@type":"WebSite","@id":"https:\/\/cooltivarte.com\/portal\/#website","url":"https:\/\/cooltivarte.com\/portal\/","name":"Cooltivarte Portal","description":"Arte, cultura y turismo para el mundo ...","publisher":{"@id":"https:\/\/cooltivarte.com\/portal\/#organization"},"potentialAction":[{"@type":"SearchAction","target":{"@type":"EntryPoint","urlTemplate":"https:\/\/cooltivarte.com\/portal\/?s={search_term_string}"},"query-input":{"@type":"PropertyValueSpecification","valueRequired":true,"valueName":"search_term_string"}}],"inLanguage":"es-AR"},{"@type":"Organization","@id":"https:\/\/cooltivarte.com\/portal\/#organization","name":"cooltivarte","url":"https:\/\/cooltivarte.com\/portal\/","logo":{"@type":"ImageObject","inLanguage":"es-AR","@id":"https:\/\/cooltivarte.com\/portal\/#\/schema\/logo\/image\/","url":"https:\/\/cooltivarte.com\/portal\/wp-content\/uploads\/2020\/04\/logo-cooltivarte-v2.png","contentUrl":"https:\/\/cooltivarte.com\/portal\/wp-content\/uploads\/2020\/04\/logo-cooltivarte-v2.png","width":851,"height":243,"caption":"cooltivarte"},"image":{"@id":"https:\/\/cooltivarte.com\/portal\/#\/schema\/logo\/image\/"},"sameAs":["https:\/\/www.facebook.com\/cooltivartecom\/","https:\/\/x.com\/obolocultural","https:\/\/www.instagram.com\/_cooltivarte_\/","https:\/\/www.linkedin.com\/company\/-bolocultural?reportsuccess=8zaNG1HwhPbAR9iQhZ5rfGeqz_vQFftHun0ZWU0Wy9vNemRJ8vtcKdJvzQfW8XagyOJSKg0XvfJ1dp","https:\/\/www.pinterest.com\/cooltivarte\/","https:\/\/cooltivarte.tumblr.com\/","https:\/\/www.tiktok.com\/@cooltivarte","https:\/\/www.youtube.com\/@PrensaCooltivarte"]},{"@type":"Person","@id":"https:\/\/cooltivarte.com\/portal\/#\/schema\/person\/175e2af38af164206375abd19e491b3f","name":"Daniel Benoit Cassou","image":{"@type":"ImageObject","inLanguage":"es-AR","@id":"https:\/\/cooltivarte.com\/portal\/wp-content\/uploads\/2022\/11\/daniel-benoit-120x120.jpg","url":"https:\/\/cooltivarte.com\/portal\/wp-content\/uploads\/2022\/11\/daniel-benoit-120x120.jpg","contentUrl":"https:\/\/cooltivarte.com\/portal\/wp-content\/uploads\/2022\/11\/daniel-benoit-120x120.jpg","caption":"Daniel Benoit Cassou"},"description":"Daniel Benoit - (Uruguay, 1961), es contador p\u00fablico de profesi\u00f3n. Hizo su formaci\u00f3n art\u00edstica en los talleres de Hugo Longa, Clever Lara y Lacy Duarte; escultura con Jos\u00e9 Pelayo y fotograf\u00eda con Enrique Abal, Oscar Bonilla y Roberto Schettini. Realiz\u00f3 cursos de formaci\u00f3n te\u00f3rica con Nelson Di Maggio, Alfredo Torres, Nelson Bali\u00f1o y Emma Sanguinetti, entre otros. Ha participado en muestras de fotografias, colectivas asi como individuales: 2007 \u2013 Facultad de Ciencias Econ\u00f3micas; Centro Cultural Lapido; Club de Golf; Fotogramas - Montevideo 2009 \u2013 Galer\u00eda de arte La Pasionaria \u2013 Club de Golf - Montevideo 2010 \u2013 A la Follie; Trattoria La Commedia; Club de Golf \u2013 Montevideo 2011 \u2013 Museo del Azulejo; Fotograma; Club de Golf \u2013 Montevideo; Bienal X \u2013 Salto 2012 \u2013 Espacio Innova \u2013 Punta del Este Es asiduo asistente a las principales bienales de arte: Venecia, Lyon, San Pablo, Cuba, Porto Alegre, Lima, as\u00ed como ferias de Basilea, Paris, Buenos Aires, entre otras. Es coleccionista de arte nacional, asesor de arte contempor\u00e1neo, escribe en sus blogs y es columnista de la revista de arte nacional \u201cCooltivarte\u201d desde el 2012, asi como de la revista \u201cArte\u201d del periodico \u201cEl Pais\u201d. Blog","sameAs":["https:\/\/danielbenoit.art\/","https:\/\/www.facebook.com\/daniel.benoit.3557?fref=ts","https:\/\/www.instagram.com\/danielbenoitcassou\/","https:\/\/www.linkedin.com\/in\/daniel-benoit-87890a39\/","https:\/\/www.pinterest.com\/cooltivarte","https:\/\/x.com\/https:\/\/x.com\/obolocultural","https:\/\/www.youtube.com\/@PrensaCooltivarte","https:\/\/www.tumblr.com\/blog\/cooltivarte"],"url":"https:\/\/cooltivarte.com\/portal\/author\/benoit\/"}]}},"_links":{"self":[{"href":"https:\/\/cooltivarte.com\/portal\/wp-json\/wp\/v2\/posts\/122976","targetHints":{"allow":["GET"]}}],"collection":[{"href":"https:\/\/cooltivarte.com\/portal\/wp-json\/wp\/v2\/posts"}],"about":[{"href":"https:\/\/cooltivarte.com\/portal\/wp-json\/wp\/v2\/types\/post"}],"author":[{"embeddable":true,"href":"https:\/\/cooltivarte.com\/portal\/wp-json\/wp\/v2\/users\/14"}],"replies":[{"embeddable":true,"href":"https:\/\/cooltivarte.com\/portal\/wp-json\/wp\/v2\/comments?post=122976"}],"version-history":[{"count":1,"href":"https:\/\/cooltivarte.com\/portal\/wp-json\/wp\/v2\/posts\/122976\/revisions"}],"predecessor-version":[{"id":122980,"href":"https:\/\/cooltivarte.com\/portal\/wp-json\/wp\/v2\/posts\/122976\/revisions\/122980"}],"wp:featuredmedia":[{"embeddable":true,"href":"https:\/\/cooltivarte.com\/portal\/wp-json\/wp\/v2\/media\/122977"}],"wp:attachment":[{"href":"https:\/\/cooltivarte.com\/portal\/wp-json\/wp\/v2\/media?parent=122976"}],"wp:term":[{"taxonomy":"category","embeddable":true,"href":"https:\/\/cooltivarte.com\/portal\/wp-json\/wp\/v2\/categories?post=122976"},{"taxonomy":"post_tag","embeddable":true,"href":"https:\/\/cooltivarte.com\/portal\/wp-json\/wp\/v2\/tags?post=122976"}],"curies":[{"name":"wp","href":"https:\/\/api.w.org\/{rel}","templated":true}]}}