{"id":122944,"date":"2026-02-13T20:39:21","date_gmt":"2026-02-13T23:39:21","guid":{"rendered":"https:\/\/cooltivarte.com\/portal\/?p=122944"},"modified":"2026-02-13T20:42:28","modified_gmt":"2026-02-13T23:42:28","slug":"balance-final-y-todos-los-ganadores-del-28o-festival-internacional-de-cine-de-punta-del-este","status":"publish","type":"post","link":"https:\/\/cooltivarte.com\/portal\/balance-final-y-todos-los-ganadores-del-28o-festival-internacional-de-cine-de-punta-del-este\/","title":{"rendered":"BALANCE FINAL Y TODOS LOS GANADORES DEL 28\u00ba FESTIVAL INTERNACIONAL DE CINE DE PUNTA DEL ESTE"},"content":{"rendered":"<figure id=\"attachment_121345\" aria-describedby=\"caption-attachment-121345\" style=\"width: 1024px\" class=\"wp-caption aligncenter\"><img fetchpriority=\"high\" decoding=\"async\" class=\"wp-image-121345 size-large\" title=\"28\u00ba Festival Internacional de Cine de Punta del Este\" src=\"https:\/\/cooltivarte.com\/portal\/wp-content\/uploads\/2026\/01\/Captura-de-pantalla-2026-01-06-173454-1024x189.jpg\" alt=\"28\u00ba Festival Internacional de Cine de Punta del Este - 7 al 13 de febrero de 2026\" width=\"1024\" height=\"189\" srcset=\"https:\/\/cooltivarte.com\/portal\/wp-content\/uploads\/2026\/01\/Captura-de-pantalla-2026-01-06-173454-1024x189.jpg 1024w, https:\/\/cooltivarte.com\/portal\/wp-content\/uploads\/2026\/01\/Captura-de-pantalla-2026-01-06-173454-300x55.jpg 300w, https:\/\/cooltivarte.com\/portal\/wp-content\/uploads\/2026\/01\/Captura-de-pantalla-2026-01-06-173454-768x142.jpg 768w, https:\/\/cooltivarte.com\/portal\/wp-content\/uploads\/2026\/01\/Captura-de-pantalla-2026-01-06-173454-1536x283.jpg 1536w, https:\/\/cooltivarte.com\/portal\/wp-content\/uploads\/2026\/01\/Captura-de-pantalla-2026-01-06-173454.jpg 1567w\" sizes=\"(max-width: 1024px) 100vw, 1024px\" \/><figcaption id=\"caption-attachment-121345\" class=\"wp-caption-text\">28\u00ba Festival Internacional de Cine de Punta del Este<\/figcaption><\/figure>\n<p>&nbsp;<\/p>\n<h2 style=\"font-weight: 400;\"><strong>BALANCE FINAL Y TODOS LOS GANADORES DEL&nbsp;<\/strong><strong>28\u00ba FESTIVAL INTERNACIONAL DE CINE DE PUNTA DEL ESTE<\/strong><\/h2>\n<p style=\"font-weight: 400;\"><strong>&nbsp;<\/strong><\/p>\n<p style=\"font-weight: 400;\">Ha finalizado con much\u00edsimo \u00e9xito y excelente repercusi\u00f3n en la prensa una nueva edici\u00f3n del evento audiovisual m\u00e1s esperado del verano este\u00f1o. El&nbsp;<strong>28\u00b0 Festival Internacional de Cine de Punta del Este<\/strong> (Maldonado, Uruguay) se ha llevado a cabo entre el s\u00e1bado 7 y el viernes 13 de febrero 2026 siendo nuevamente el centro de la cinematograf\u00eda regional, recibiendo a los invitados y visitantes como son los destacados artistas, realizadores y periodistas especializados. Las proyecciones se realizaron en la Sala Cantegril, el Teatro de Verano Margarita Xirg\u00fa y el Complejo GrupoCine de Punta del Este, con acceso libre y gratuito. Esta nueva edici\u00f3n fue organizada por la Intendencia de Maldonado a trav\u00e9s del Departamento de Cultura, y nuevamente cont\u00f3 con la Direcci\u00f3n Art\u00edstica de la Licenciada Daniela Cardarello.<\/p>\n<p style=\"font-weight: 400;\">&nbsp;<\/p>\n<p style=\"font-weight: 400;\">Una colmada sala del Cantegril recibi\u00f3 el anuncio y festej\u00f3 la entrega de los premios a los ganadores tanto los elegidos por los Jurados como por el Voto del P\u00fablico que asisti\u00f3 a todas sus funciones. Al finalizar la ceremonia de Clausura se exhibi\u00f3 la conmovedora comedia dram\u00e1tica&nbsp;<strong>DJ Ahmet<\/strong>&nbsp;(Macedonia del Norte-Rep\u00fablica Checa-Serbia-Croacia, 2025) opera prima del realizador neoyorquino-macedonio Georgi M. Unkovski. Tambi\u00e9n en la \u00faltima jornada durante el mediod\u00eda se llev\u00f3 a cabo un encuentro\/charla con el gran invitado y homenajeado del Festival, el realizador y productor argentino H\u00e9ctor Olivera, quien a sus 94 a\u00f1os aun se entusiasma contando sus an\u00e9cdotas, todas matizadas con sus sutiles humoradas y comentarios. La misma fua moderada por el cronista de cine Fernando Brenner, ocurrida en el Parador 31 (La Mansa) previo al almuerzo de las delegaciones, invitados y prensa.<\/p>\n<p style=\"font-weight: 400;\">&nbsp;<\/p>\n<p style=\"font-weight: 400;\">Sin duda, adem\u00e1s de la programaci\u00f3n de las pel\u00edculas, l\u00f3gicamente, fueron los hechos mas destacados de estas seis jornadas, las actividades especiales que se fueron desarrollando d\u00eda tras d\u00eda en locaciones especialmente preparadas para las charlas. Siempre con la presencia y las palabras del Prof. Andr\u00e9s Rapetti, Director General Departamento de Cultura y el Prof. Valent\u00edn Trujillo, Director de Programaci\u00f3n Cultural de la Intendencia de Maldonado. En el Cerro del Toro, en la vecina Piri\u00e1polis se realiz\u00f3 la mesa &#8220;El Cine en \u00e9pocas de Streaming\u201d con la participaci\u00f3n del director, productor y guionista argentino Hern\u00e1n Guerschuny, , el distribuidor de BuenCine y Programador uruguayo Gabriel Massa y el tambi\u00e9n distribuidor y presidente de la Compa\u00f1\u00eda ENEC Cine de Uruguay, \u00c1lvaro Caso contando no solo sus propias experiencias sino haciendo hincapi\u00e9 en los tiempo que se viven hoy d\u00eda con todo el avance tecnol\u00f3gico (la I.A.) y las posibilidades de comercializaci\u00f3n, distribuci\u00f3n y exhibici\u00f3n tanto por las plataformas de Streaming como por las salas de cine.<\/p>\n<p style=\"font-weight: 400;\">&nbsp;<\/p>\n<p style=\"font-weight: 400;\">Al d\u00eda siguiente en el muy atractivo y mejorado sitio de visita y recreaci\u00f3n, Pueblo Gaucho, se llev\u00f3 a cabo la &#8220;Ronda de Festivales Iberoamericanos&#8221; con<\/p>\n<p style=\"font-weight: 400;\">La participaci\u00f3n de 11 responsables de igual cantidad de Festivales de diferentes pa\u00edses quienes primero hicieron una presentaci\u00f3n de cada uno de sus eventos y caracter\u00edsticas de los mismos, para luego resumir cu\u00e1les son sus objetivos, sus problem\u00e1ticas, sus necesidades, sus b\u00fasquedas y sus nuevos desaf\u00edos. Este este muy provechoso y contundente encuentro estuvieron presentes Marilha Naccari (Productora y Curadora del Festival Internacional de Cine Florian\u00f3polis Audiovisual Mercosur (FAM), Santa Catarina, Brasil), Soledad San Juli\u00e1n (Productora General del Festival Internacional de Cine de las Alturas, Jujuy, Argentina), Edward Venero (Director del Festival de Cine de Lima PUCP, Per\u00fa), Paula De Luque (Realizadora y Directora general del Festival Internacional de Cine de la Provincia de Buenos Aires, La Plata, Argentina), David Duponchel (Director de tres festivales \u00c0 l\u2019Est (Francia), Al Este \u2013 Per\u00fa y y Al Este \u2013 Colombia), Zeca Brito (Director del Festival Internacional de Cine de la Frontera, Bage, RS, Brasil), Gisela Margarita P\u00e9rez Fonseca (Coordinadora de Alianzas Institucionales del Festival Internacional de Cine de Cartagena de India, Colombia), Claudio Pereira (Director art\u00edstico de la Semana Internacional del Cine de Valpara\u00edso, Chile), Rodrigo Magallanes (Director de la Muestra de Cine del Tridente de Punta del Diablo, Rocha, Uruguay), Lucas da Silva Ferreira (Productor e integrante de la Comisi\u00f3n Directiva del Festival Santa Cruz de Cinema, Santa Cruz do Sul, RGS, Brasil) y Pablo De Vita (Director del ARFECINE, Semana Internacional de Cine de Buenos Aires, Argentina).<\/p>\n<p style=\"font-weight: 400;\">&nbsp;<\/p>\n<p style=\"font-weight: 400;\">Y finalmente el &#8221;&nbsp;1er. Seminario Internacional de Cine y Turismo del Uruguay: la conversaci\u00f3n\u201d, un espacio previo para la reflexi\u00f3n y articulaci\u00f3n entre experiencias formativas, productivas y de investigaci\u00f3n en la intersecci\u00f3n entre el cine y el turismo. Se firm\u00f3 el convenio UTU con Este Audiovisual entre Virginia Verderese y Josefina Recchia. Estuvieron presentes Virginia Verderese (Directora General UTU), Edgard Rodr\u00edguez (Director General Turismo), Andr\u00e9s Rapetti (Director General Cultura) y Pablo Siri (Director de Dinatel del MIEM). Participaron en las distintas Mesas: Gabriela Dangelo y Victoria Lembo docentes e investigadoras del CURE Udelar, Zeca Brito Director de Cultura de Bag\u00e9, Brasil. Y representantes de Este Audiovisual: Virginia Scuro (Cina Cina), Bel\u00e9n Ballesteros y Vanesa Guala (Cinemarea), Florencia Sader (48 HFP), Nicol\u00e1s Azn\u00e1rez (Punta del Este Film Studios) , moderados por Josefina Recchia Presidenta de Este Audiovisual. Con la supervisi\u00f3n de Pepi Goncalvez, realizado en el sal\u00f3n de encuentros del Club Hotel Casapueblo en Punta Ballena.<\/p>\n<p style=\"font-weight: 400;\">&nbsp;<\/p>\n<p style=\"font-weight: 400;\">&nbsp;<\/p>\n<h3 style=\"font-weight: 400;\"><strong>JURADOS Y GANADORES<\/strong><\/h3>\n<p style=\"font-weight: 400;\">&nbsp;<\/p>\n<p style=\"font-weight: 400;\"><strong>Jurado Competencia Iberoamericana Ficci\u00f3n:<\/strong><\/p>\n<p style=\"font-weight: 400;\">&nbsp;<\/p>\n<p style=\"font-weight: 400;\">Marilha Naccari (Brasil), Gisela Margarita P\u00e9rez Fonseca, Colombia), Fernando Spiner (Argentina), C\u00e9sar Troncoso (Uruguay) y Mar\u00eda Zanocchi (Uruguay)<\/p>\n<p style=\"font-weight: 400;\">&nbsp;<\/p>\n<p style=\"font-weight: 400;\"><strong>Premio Mauricio Litman:<\/strong><\/p>\n<p style=\"font-weight: 400;\">&nbsp;<\/p>\n<ul>\n<li style=\"font-weight: 400;\">MEJOR PEL\u00cdCULA &#8211;&nbsp;<strong>1982 <\/strong>(Per\u00fa) de Garc\u00eda JC<\/li>\n<\/ul>\n<p style=\"font-weight: 400;\">&nbsp;<\/p>\n<ul>\n<li style=\"font-weight: 400;\">MEJOR DIRECTOR &#8211;&nbsp;<strong>Jos\u00e9 \u00c1ngel Alay\u00f3n <\/strong>por&nbsp;<strong>La Lucha<\/strong>&nbsp;(Espa\u00f1a-Colombia)<\/li>\n<\/ul>\n<p style=\"font-weight: 400;\">&nbsp;<\/p>\n<ul>\n<li style=\"font-weight: 400;\">MEJOR ACTRIZ &#8211;&nbsp;<strong>Aurora D\u00e1vila <\/strong>por&nbsp;<strong>Vainilla<\/strong>&nbsp;(M\u00e9xico) de Mayra Hermosillo<\/li>\n<\/ul>\n<p style=\"font-weight: 400;\">&nbsp;<\/p>\n<ul>\n<li style=\"font-weight: 400;\">MEJOR ACTOR &#8211; Ex-aecquo &#8211;&nbsp;<strong>Fernando Arze Echalar <\/strong>por&nbsp;<strong>Cielo&nbsp;<\/strong>(Bolivia\/Reino Unido) de Alberto Sciamma y&nbsp;<strong>Fabi\u00e1n Arenillas<\/strong>&nbsp;por&nbsp;<strong>Cuento de verano<\/strong>&nbsp;(Argentina) de Mat\u00edas Szulanski<\/li>\n<\/ul>\n<p style=\"font-weight: 400;\">&nbsp;<\/p>\n<ul>\n<li style=\"font-weight: 400;\">Menci\u00f3n Especial del Jurado para&nbsp;<strong>Hugo Colace <\/strong>por la fotograf\u00eda de&nbsp;<strong>Escritor&nbsp;<\/strong>(Argentina) de Paula de Luque.<\/li>\n<\/ul>\n<p style=\"font-weight: 400;\">&nbsp;<\/p>\n<p style=\"font-weight: 400;\">&nbsp;VOTO DEL P\u00daBLICO &#8211;&nbsp;<strong>Cuento de verano<\/strong>&nbsp;(Argentina) de Mat\u00edas Szulanski<\/p>\n<p style=\"font-weight: 400;\">&nbsp;<\/p>\n<p style=\"font-weight: 400;\">&nbsp;<\/p>\n<p style=\"font-weight: 400;\"><strong>Jurado Competencia Iberoamericana Documental:<\/strong><\/p>\n<p style=\"font-weight: 400;\">&nbsp;<\/p>\n<p style=\"font-weight: 400;\">Zeca Brito (Brasil), David Duponchel (Francia\/Per\u00fa) y Edward Venero (Per\u00fa)<\/p>\n<p style=\"font-weight: 400;\">&nbsp;<\/p>\n<p style=\"font-weight: 400;\"><strong>Premio Lobo Marino:<\/strong><\/p>\n<p style=\"font-weight: 400;\">&nbsp;<\/p>\n<ul>\n<li style=\"font-weight: 400;\">MEJOR PEL\u00cdCULA &#8211;&nbsp;<strong>Mama <\/strong>(Ecuador) de Ana Cristina Ben\u00edtez<\/li>\n<\/ul>\n<p style=\"font-weight: 400;\">&nbsp;<\/p>\n<ul>\n<li style=\"font-weight: 400;\">Menci\u00f3n especial del jurado para&nbsp;<strong>En camino a Leo <\/strong>(M\u00e9xico) de Ana B\u00e1rcenas Torres<\/li>\n<\/ul>\n<p style=\"font-weight: 400;\">&nbsp;<\/p>\n<p style=\"font-weight: 400;\">&nbsp;VOTO DEL P\u00daBLICO &#8211;&nbsp;<strong>Buscando a Shakespeare<\/strong>&nbsp;(Argentina) de Gustavo Garz\u00f3n<\/p>\n<p style=\"font-weight: 400;\">&nbsp;<\/p>\n<p style=\"font-weight: 400;\">&nbsp;<\/p>\n<p style=\"font-weight: 400;\"><strong>Jurado Asociaci\u00f3n de Cr\u00edticos de Cine del Uruguay:<\/strong><\/p>\n<p style=\"font-weight: 400;\">&nbsp;<\/p>\n<p style=\"font-weight: 400;\">Diego Faraone, Sergio Moreira y Fernando Palumbo.<\/p>\n<p style=\"font-weight: 400;\">&nbsp;<\/p>\n<p style=\"font-weight: 400;\"><strong>Premio ACCU<\/strong><\/p>\n<p style=\"font-weight: 400;\">&nbsp;<\/p>\n<ul>\n<li style=\"font-weight: 400;\">MEJOR PEL\u00cdCULA&nbsp;<strong>La Lucha <\/strong>(Espa\u00f1a-Colombia) de Jos\u00e9 \u00c1ngel Alay\u00f3n<\/li>\n<\/ul>\n<p style=\"font-weight: 400;\">&nbsp;<\/p>\n<ul>\n<li style=\"font-weight: 400;\">Mejor Documental&nbsp;<strong>Mama <\/strong>(Ecuador) de Ana Cristina Ben\u00edtez<\/li>\n<\/ul>\n<p style=\"font-weight: 400;\">&nbsp;<\/p>\n<ul>\n<li style=\"font-weight: 400;\">Menci\u00f3n Especial para&nbsp;<strong>Cielo <\/strong>(Bolivia\/Reino Unido) de Alberto Sciamma<\/li>\n<\/ul>\n<p style=\"font-weight: 400;\">&nbsp;<\/p>\n<ul>\n<li style=\"font-weight: 400;\">Menci\u00f3n Especial para&nbsp;<strong>Bajo el mismo sol <\/strong>(Rep\u00fablica Dominicana-Espa\u00f1a-Argentina) de Ulises Porra<\/li>\n<\/ul>\n<p>&nbsp;<\/p>\n<blockquote class=\"instagram-media\" style=\"background: #FFF; border: 0; border-radius: 3px; box-shadow: 0 0 1px 0 rgba(0,0,0,0.5),0 1px 10px 0 rgba(0,0,0,0.15); margin: 1px; max-width: 540px; min-width: 326px; padding: 0; width: calc(100% - 2px);\" data-instgrm-captioned=\"\" data-instgrm-permalink=\"https:\/\/www.instagram.com\/p\/DUt4dxNjvCY\/?utm_source=ig_embed&amp;utm_campaign=loading\" data-instgrm-version=\"14\">\n<div style=\"padding: 16px;\">\n<p>&nbsp;<\/p>\n<div style=\"display: flex; flex-direction: row; align-items: center;\">\n<div style=\"background-color: #f4f4f4; border-radius: 50%; flex-grow: 0; height: 40px; margin-right: 14px; width: 40px;\">&nbsp;<\/div>\n<div style=\"display: flex; flex-direction: column; flex-grow: 1; justify-content: center;\">\n<div style=\"background-color: #f4f4f4; border-radius: 4px; flex-grow: 0; height: 14px; margin-bottom: 6px; width: 100px;\">&nbsp;<\/div>\n<div style=\"background-color: #f4f4f4; border-radius: 4px; flex-grow: 0; height: 14px; width: 60px;\">&nbsp;<\/div>\n<\/div>\n<\/div>\n<div style=\"padding: 19% 0;\">&nbsp;<\/div>\n<div style=\"display: block; height: 50px; margin: 0 auto 12px; width: 50px;\">&nbsp;<\/div>\n<div style=\"padding-top: 8px;\">\n<div style=\"color: #3897f0; font-family: Arial,sans-serif; font-size: 14px; font-style: normal; font-weight: 550; line-height: 18px;\">Ver esta publicaci\u00f3n en Instagram<\/div>\n<\/div>\n<div style=\"padding: 12.5% 0;\">&nbsp;<\/div>\n<div style=\"display: flex; flex-direction: row; margin-bottom: 14px; align-items: center;\">\n<div>\n<div style=\"background-color: #f4f4f4; border-radius: 50%; height: 12.5px; width: 12.5px; transform: translateX(0px) translateY(7px);\">&nbsp;<\/div>\n<div style=\"background-color: #f4f4f4; height: 12.5px; transform: rotate(-45deg) translateX(3px) translateY(1px); width: 12.5px; flex-grow: 0; margin-right: 14px; margin-left: 2px;\">&nbsp;<\/div>\n<div style=\"background-color: #f4f4f4; border-radius: 50%; height: 12.5px; width: 12.5px; transform: translateX(9px) translateY(-18px);\">&nbsp;<\/div>\n<\/div>\n<div style=\"margin-left: 8px;\">\n<div style=\"background-color: #f4f4f4; border-radius: 50%; flex-grow: 0; height: 20px; width: 20px;\">&nbsp;<\/div>\n<div style=\"width: 0; height: 0; border-top: 2px solid transparent; border-left: 6px solid #f4f4f4; border-bottom: 2px solid transparent; transform: translateX(16px) translateY(-4px) rotate(30deg);\">&nbsp;<\/div>\n<\/div>\n<div style=\"margin-left: auto;\">\n<div style=\"width: 0px; border-top: 8px solid #F4F4F4; border-right: 8px solid transparent; transform: translateY(16px);\">&nbsp;<\/div>\n<div style=\"background-color: #f4f4f4; flex-grow: 0; height: 12px; width: 16px; transform: translateY(-4px);\">&nbsp;<\/div>\n<div style=\"width: 0; height: 0; border-top: 8px solid #F4F4F4; border-left: 8px solid transparent; transform: translateY(-4px) translateX(8px);\">&nbsp;<\/div>\n<\/div>\n<\/div>\n<div style=\"display: flex; flex-direction: column; flex-grow: 1; justify-content: center; margin-bottom: 24px;\">\n<div style=\"background-color: #f4f4f4; border-radius: 4px; flex-grow: 0; height: 14px; margin-bottom: 6px; width: 224px;\">&nbsp;<\/div>\n<div style=\"background-color: #f4f4f4; border-radius: 4px; flex-grow: 0; height: 14px; width: 144px;\">&nbsp;<\/div>\n<\/div>\n<p>&nbsp;<\/p>\n<p style=\"color: #c9c8cd; font-family: Arial,sans-serif; font-size: 14px; line-height: 17px; margin-bottom: 0; margin-top: 8px; overflow: hidden; padding: 8px 0 7px; text-align: center; text-overflow: ellipsis; white-space: nowrap;\"><a style=\"color: #c9c8cd; font-family: Arial,sans-serif; font-size: 14px; font-style: normal; font-weight: normal; line-height: 17px; text-decoration: none;\" href=\"https:\/\/www.instagram.com\/p\/DUt4dxNjvCY\/?utm_source=ig_embed&amp;utm_campaign=loading\" target=\"_blank\" rel=\"noopener\">Una publicaci\u00f3n compartida por cooltivarte.com (@_cooltivarte_)<\/a><\/p>\n<\/div>\n<\/blockquote>\n<p><script async=\"\" src=\"\/\/www.instagram.com\/embed.js\"><\/script><br \/>\n&nbsp;<\/p>\n<p>&nbsp;<\/p>\n<p>&nbsp;<\/p>\n<p>&nbsp;<\/p>\n<p>&nbsp;<\/p>\n","protected":false},"excerpt":{"rendered":"<p>BALANCE FINAL Y TODOS LOS GANADORES DEL\u00a028\u00ba FESTIVAL INTERNACIONAL DE CINE DE PUNTA DEL ESTE<\/p>\n<p>\u00a0<\/p>\n<p>Ha finalizado con much\u00edsimo \u00e9xito y excelente repercusi\u00f3n en la prensa una nueva edici\u00f3n del evento audiovisual m\u00e1s esperado del verano este\u00f1o. El\u00a028\u00b0 Festival Internacional de Cine de Punta del Este (Maldonado, Uruguay) se ha llevado a cabo entre el s\u00e1bado 7 y el viernes 13 de febrero 2026 siendo nuevamente el centro de la cinematograf\u00eda regional, recibiendo a los invitados y visitantes como son los destacados artistas, realizadores y periodistas especializados. Las proyecciones se realizaron en la Sala Cantegril, el Teatro de Verano Margarita Xirg\u00fa y el Complejo GrupoCine de Punta del Este, con acceso libre y gratuito. Esta nueva edici\u00f3n fue organizada por la Intendencia de Maldonado a trav\u00e9s del Departamento de Cultura, y nuevamente cont\u00f3 con la Direcci\u00f3n Art\u00edstica de la Licenciada Daniela Cardarello.<\/p>\n","protected":false},"author":8,"featured_media":121345,"comment_status":"closed","ping_status":"closed","sticky":false,"template":"","format":"standard","meta":{"om_disable_all_campaigns":false,"ngg_post_thumbnail":0,"jnews-multi-image_gallery":[],"jnews_single_post":{"format":"standard","override":[{"template":"4","parallax":"1","layout":"right-sidebar","sidebar":"default-sidebar","second_sidebar":"default-sidebar","sticky_sidebar":"1","share_position":"bottom","share_float_style":"share-monocrhome","show_share_counter":"1","show_view_counter":"1","show_featured":"1","show_post_meta":"1","show_post_author":"1","show_post_author_image":"1","show_post_date":"1","post_date_format":"default","post_date_format_custom":"Y\/m\/d","show_post_category":"1","post_reading_time_wpm":"300","post_calculate_word_method":"str_word_count","zoom_button_out_step":"2","zoom_button_in_step":"3","show_post_tag":"1","show_prev_next_post":"1","show_popup_post":"1","show_comment_section":"1","number_popup_post":"1","show_author_box":"1","show_post_related":"0","show_inline_post_related":"0"}],"image_override":[{"single_post_thumbnail_size":"no-crop","single_post_gallery_size":"crop-500"}],"trending_post_position":"meta","trending_post_label":"Trending","sponsored_post_label":"Sponsored by","disable_ad":"0","subtitle":"JURADOS Y GANADORES"},"jnews_primary_category":[],"jnews_social_meta":[],"jnews_override_counter":{"view_counter_number":"0","share_counter_number":"0","like_counter_number":"0","dislike_counter_number":"0"},"footnotes":""},"categories":[72],"tags":[10852],"class_list":["post-122944","post","type-post","status-publish","format-standard","has-post-thumbnail","hentry","category-cine","tag-festival-internacional-de-cine-de-punta-del-este"],"yoast_head":"<!-- This site is optimized with the Yoast SEO plugin v27.5 - https:\/\/yoast.com\/product\/yoast-seo-wordpress\/ -->\n<title>BALANCE FINAL Y TODOS LOS GANADORES DEL 28\u00ba FESTIVAL INTERNACIONAL DE CINE DE PUNTA DEL ESTE - Cooltivarte Portal<\/title>\n<meta name=\"description\" content=\"Una colmada sala del Cantegril recibi\u00f3 el anuncio y festej\u00f3 la entrega de los premios a los ganadores tanto los elegidos por los Jurados como por el Voto del P\u00fablico que asisti\u00f3 a todas sus funciones.\" \/>\n<meta name=\"robots\" content=\"index, follow, max-snippet:-1, max-image-preview:large, max-video-preview:-1\" \/>\n<link rel=\"canonical\" href=\"https:\/\/cooltivarte.com\/portal\/balance-final-y-todos-los-ganadores-del-28o-festival-internacional-de-cine-de-punta-del-este\/\" \/>\n<meta property=\"og:locale\" content=\"es_ES\" \/>\n<meta property=\"og:type\" content=\"article\" \/>\n<meta property=\"og:title\" content=\"BALANCE FINAL Y TODOS LOS GANADORES DEL 28\u00ba FESTIVAL INTERNACIONAL DE CINE DE PUNTA DEL ESTE\" \/>\n<meta property=\"og:description\" content=\"Una colmada sala del Cantegril recibi\u00f3 el anuncio y festej\u00f3 la entrega de los premios a los ganadores tanto los elegidos por los Jurados como por el Voto del P\u00fablico que asisti\u00f3 a todas sus funciones.\" \/>\n<meta property=\"og:url\" content=\"https:\/\/cooltivarte.com\/portal\/balance-final-y-todos-los-ganadores-del-28o-festival-internacional-de-cine-de-punta-del-este\/\" \/>\n<meta property=\"og:site_name\" content=\"Cooltivarte Portal\" \/>\n<meta property=\"article:publisher\" content=\"https:\/\/www.facebook.com\/cooltivartecom\/\" \/>\n<meta property=\"article:author\" content=\"https:\/\/www.facebook.com\/cooltivartecom\" \/>\n<meta property=\"article:published_time\" content=\"2026-02-13T23:39:21+00:00\" \/>\n<meta property=\"article:modified_time\" content=\"2026-02-13T23:42:28+00:00\" \/>\n<meta property=\"og:image\" content=\"https:\/\/cooltivarte.com\/portal\/wp-content\/uploads\/2026\/01\/Captura-de-pantalla-2026-01-06-173454.jpg\" \/>\n\t<meta property=\"og:image:width\" content=\"1567\" \/>\n\t<meta property=\"og:image:height\" content=\"289\" \/>\n\t<meta property=\"og:image:type\" content=\"image\/jpeg\" \/>\n<meta name=\"author\" content=\"Cooltivarte\" \/>\n<meta name=\"twitter:card\" content=\"summary_large_image\" \/>\n<meta name=\"twitter:title\" content=\"BALANCE FINAL Y TODOS LOS GANADORES DEL 28\u00ba FESTIVAL INTERNACIONAL DE CINE DE PUNTA DEL ESTE\" \/>\n<meta name=\"twitter:description\" content=\"Una colmada sala del Cantegril recibi\u00f3 el anuncio y festej\u00f3 la entrega de los premios a los ganadores tanto los elegidos por los Jurados como por el Voto del P\u00fablico que asisti\u00f3 a todas sus funciones.\" \/>\n<meta name=\"twitter:image\" content=\"https:\/\/cooltivarte.com\/portal\/wp-content\/uploads\/2026\/01\/Captura-de-pantalla-2026-01-06-173454.jpg\" \/>\n<meta name=\"twitter:creator\" content=\"@https:\/\/x.com\/obolocultural\" \/>\n<meta name=\"twitter:site\" content=\"@obolocultural\" \/>\n<meta name=\"twitter:label1\" content=\"Escrito por\" \/>\n\t<meta name=\"twitter:data1\" content=\"Cooltivarte\" \/>\n\t<meta name=\"twitter:label2\" content=\"Tiempo de lectura\" \/>\n\t<meta name=\"twitter:data2\" content=\"6 minutos\" \/>\n<!-- \/ Yoast SEO plugin. -->","yoast_head_json":{"title":"BALANCE FINAL Y TODOS LOS GANADORES DEL 28\u00ba FESTIVAL INTERNACIONAL DE CINE DE PUNTA DEL ESTE - Cooltivarte Portal","description":"Una colmada sala del Cantegril recibi\u00f3 el anuncio y festej\u00f3 la entrega de los premios a los ganadores tanto los elegidos por los Jurados como por el Voto del P\u00fablico que asisti\u00f3 a todas sus funciones.","robots":{"index":"index","follow":"follow","max-snippet":"max-snippet:-1","max-image-preview":"max-image-preview:large","max-video-preview":"max-video-preview:-1"},"canonical":"https:\/\/cooltivarte.com\/portal\/balance-final-y-todos-los-ganadores-del-28o-festival-internacional-de-cine-de-punta-del-este\/","og_locale":"es_ES","og_type":"article","og_title":"BALANCE FINAL Y TODOS LOS GANADORES DEL 28\u00ba FESTIVAL INTERNACIONAL DE CINE DE PUNTA DEL ESTE","og_description":"Una colmada sala del Cantegril recibi\u00f3 el anuncio y festej\u00f3 la entrega de los premios a los ganadores tanto los elegidos por los Jurados como por el Voto del P\u00fablico que asisti\u00f3 a todas sus funciones.","og_url":"https:\/\/cooltivarte.com\/portal\/balance-final-y-todos-los-ganadores-del-28o-festival-internacional-de-cine-de-punta-del-este\/","og_site_name":"Cooltivarte Portal","article_publisher":"https:\/\/www.facebook.com\/cooltivartecom\/","article_author":"https:\/\/www.facebook.com\/cooltivartecom","article_published_time":"2026-02-13T23:39:21+00:00","article_modified_time":"2026-02-13T23:42:28+00:00","og_image":[{"width":1567,"height":289,"url":"https:\/\/cooltivarte.com\/portal\/wp-content\/uploads\/2026\/01\/Captura-de-pantalla-2026-01-06-173454.jpg","type":"image\/jpeg"}],"author":"Cooltivarte","twitter_card":"summary_large_image","twitter_title":"BALANCE FINAL Y TODOS LOS GANADORES DEL 28\u00ba FESTIVAL INTERNACIONAL DE CINE DE PUNTA DEL ESTE","twitter_description":"Una colmada sala del Cantegril recibi\u00f3 el anuncio y festej\u00f3 la entrega de los premios a los ganadores tanto los elegidos por los Jurados como por el Voto del P\u00fablico que asisti\u00f3 a todas sus funciones.","twitter_image":"https:\/\/cooltivarte.com\/portal\/wp-content\/uploads\/2026\/01\/Captura-de-pantalla-2026-01-06-173454.jpg","twitter_creator":"@https:\/\/x.com\/obolocultural","twitter_site":"@obolocultural","twitter_misc":{"Escrito por":"Cooltivarte","Tiempo de lectura":"6 minutos"},"schema":{"@context":"https:\/\/schema.org","@graph":[{"@type":"NewsArticle","@id":"https:\/\/cooltivarte.com\/portal\/balance-final-y-todos-los-ganadores-del-28o-festival-internacional-de-cine-de-punta-del-este\/#article","isPartOf":{"@id":"https:\/\/cooltivarte.com\/portal\/balance-final-y-todos-los-ganadores-del-28o-festival-internacional-de-cine-de-punta-del-este\/"},"author":{"name":"Cooltivarte","@id":"https:\/\/cooltivarte.com\/portal\/#\/schema\/person\/ec2a4f4e71b740d0c559c0ab9a157e19"},"headline":"BALANCE FINAL Y TODOS LOS GANADORES DEL 28\u00ba FESTIVAL INTERNACIONAL DE CINE DE PUNTA DEL ESTE","datePublished":"2026-02-13T23:39:21+00:00","dateModified":"2026-02-13T23:42:28+00:00","mainEntityOfPage":{"@id":"https:\/\/cooltivarte.com\/portal\/balance-final-y-todos-los-ganadores-del-28o-festival-internacional-de-cine-de-punta-del-este\/"},"wordCount":1305,"publisher":{"@id":"https:\/\/cooltivarte.com\/portal\/#organization"},"image":{"@id":"https:\/\/cooltivarte.com\/portal\/balance-final-y-todos-los-ganadores-del-28o-festival-internacional-de-cine-de-punta-del-este\/#primaryimage"},"thumbnailUrl":"https:\/\/cooltivarte.com\/portal\/wp-content\/uploads\/2026\/01\/Captura-de-pantalla-2026-01-06-173454.jpg","keywords":["Festival Internacional de Cine de Punta del Este"],"articleSection":["Cine y TV"],"inLanguage":"es-AR"},{"@type":"WebPage","@id":"https:\/\/cooltivarte.com\/portal\/balance-final-y-todos-los-ganadores-del-28o-festival-internacional-de-cine-de-punta-del-este\/","url":"https:\/\/cooltivarte.com\/portal\/balance-final-y-todos-los-ganadores-del-28o-festival-internacional-de-cine-de-punta-del-este\/","name":"BALANCE FINAL Y TODOS LOS GANADORES DEL 28\u00ba FESTIVAL INTERNACIONAL DE CINE DE PUNTA DEL ESTE - Cooltivarte Portal","isPartOf":{"@id":"https:\/\/cooltivarte.com\/portal\/#website"},"primaryImageOfPage":{"@id":"https:\/\/cooltivarte.com\/portal\/balance-final-y-todos-los-ganadores-del-28o-festival-internacional-de-cine-de-punta-del-este\/#primaryimage"},"image":{"@id":"https:\/\/cooltivarte.com\/portal\/balance-final-y-todos-los-ganadores-del-28o-festival-internacional-de-cine-de-punta-del-este\/#primaryimage"},"thumbnailUrl":"https:\/\/cooltivarte.com\/portal\/wp-content\/uploads\/2026\/01\/Captura-de-pantalla-2026-01-06-173454.jpg","datePublished":"2026-02-13T23:39:21+00:00","dateModified":"2026-02-13T23:42:28+00:00","description":"Una colmada sala del Cantegril recibi\u00f3 el anuncio y festej\u00f3 la entrega de los premios a los ganadores tanto los elegidos por los Jurados como por el Voto del P\u00fablico que asisti\u00f3 a todas sus funciones.","breadcrumb":{"@id":"https:\/\/cooltivarte.com\/portal\/balance-final-y-todos-los-ganadores-del-28o-festival-internacional-de-cine-de-punta-del-este\/#breadcrumb"},"inLanguage":"es-AR","potentialAction":[{"@type":"ReadAction","target":["https:\/\/cooltivarte.com\/portal\/balance-final-y-todos-los-ganadores-del-28o-festival-internacional-de-cine-de-punta-del-este\/"]}]},{"@type":"ImageObject","inLanguage":"es-AR","@id":"https:\/\/cooltivarte.com\/portal\/balance-final-y-todos-los-ganadores-del-28o-festival-internacional-de-cine-de-punta-del-este\/#primaryimage","url":"https:\/\/cooltivarte.com\/portal\/wp-content\/uploads\/2026\/01\/Captura-de-pantalla-2026-01-06-173454.jpg","contentUrl":"https:\/\/cooltivarte.com\/portal\/wp-content\/uploads\/2026\/01\/Captura-de-pantalla-2026-01-06-173454.jpg","width":1567,"height":289,"caption":"28\u00ba Festival Internacional de Cine de Punta del Este - 7 al 13 de febrero de 2026"},{"@type":"BreadcrumbList","@id":"https:\/\/cooltivarte.com\/portal\/balance-final-y-todos-los-ganadores-del-28o-festival-internacional-de-cine-de-punta-del-este\/#breadcrumb","itemListElement":[{"@type":"ListItem","position":1,"name":"Portada","item":"https:\/\/cooltivarte.com\/portal\/"},{"@type":"ListItem","position":2,"name":"BALANCE FINAL Y TODOS LOS GANADORES DEL 28\u00ba FESTIVAL INTERNACIONAL DE CINE DE PUNTA DEL ESTE"}]},{"@type":"WebSite","@id":"https:\/\/cooltivarte.com\/portal\/#website","url":"https:\/\/cooltivarte.com\/portal\/","name":"Cooltivarte Portal","description":"Arte, cultura y turismo para el mundo ...","publisher":{"@id":"https:\/\/cooltivarte.com\/portal\/#organization"},"potentialAction":[{"@type":"SearchAction","target":{"@type":"EntryPoint","urlTemplate":"https:\/\/cooltivarte.com\/portal\/?s={search_term_string}"},"query-input":{"@type":"PropertyValueSpecification","valueRequired":true,"valueName":"search_term_string"}}],"inLanguage":"es-AR"},{"@type":"Organization","@id":"https:\/\/cooltivarte.com\/portal\/#organization","name":"cooltivarte","url":"https:\/\/cooltivarte.com\/portal\/","logo":{"@type":"ImageObject","inLanguage":"es-AR","@id":"https:\/\/cooltivarte.com\/portal\/#\/schema\/logo\/image\/","url":"https:\/\/cooltivarte.com\/portal\/wp-content\/uploads\/2020\/04\/logo-cooltivarte-v2.png","contentUrl":"https:\/\/cooltivarte.com\/portal\/wp-content\/uploads\/2020\/04\/logo-cooltivarte-v2.png","width":851,"height":243,"caption":"cooltivarte"},"image":{"@id":"https:\/\/cooltivarte.com\/portal\/#\/schema\/logo\/image\/"},"sameAs":["https:\/\/www.facebook.com\/cooltivartecom\/","https:\/\/x.com\/obolocultural","https:\/\/www.instagram.com\/_cooltivarte_\/","https:\/\/www.linkedin.com\/company\/-bolocultural?reportsuccess=8zaNG1HwhPbAR9iQhZ5rfGeqz_vQFftHun0ZWU0Wy9vNemRJ8vtcKdJvzQfW8XagyOJSKg0XvfJ1dp","https:\/\/www.pinterest.com\/cooltivarte\/","https:\/\/cooltivarte.tumblr.com\/","https:\/\/www.tiktok.com\/@cooltivarte","https:\/\/www.youtube.com\/@PrensaCooltivarte"]},{"@type":"Person","@id":"https:\/\/cooltivarte.com\/portal\/#\/schema\/person\/ec2a4f4e71b740d0c559c0ab9a157e19","name":"Cooltivarte","image":{"@type":"ImageObject","inLanguage":"es-AR","@id":"https:\/\/cooltivarte.com\/portal\/wp-content\/uploads\/2014\/05\/logo-cooltivarte-120x120.jpg","url":"https:\/\/cooltivarte.com\/portal\/wp-content\/uploads\/2014\/05\/logo-cooltivarte-120x120.jpg","contentUrl":"https:\/\/cooltivarte.com\/portal\/wp-content\/uploads\/2014\/05\/logo-cooltivarte-120x120.jpg","caption":"Cooltivarte"},"description":"Somos COOLTIVARTE.COM. Un portal digital dedicado a difundir el acontecer art\u00edstico y cultural del Uruguay. Estamos en la vuelta desde el a\u00f1o 2003, y como evoluci\u00f3n del bolet\u00edn Obolo Cultural, nos encontramos abocados a apoyar a los artistas nacionales brind\u00e1ndoles un espacio de difusi\u00f3n. Creemos en la idea de utilizar la potencialidad que hoy d\u00eda nos otorga la web, para que la cultura uruguaya y sus creadores dispongan de una din\u00e1mica ventana, que los ponga en contacto entre s\u00ed y con el mundo. Somos COOLTIVARTE.COM y pretendemos configurarnos como un portal din\u00e1mico, entretenido y atento a los nuevos emprendimientos, que busque siempre la interacci\u00f3n con los artistas.","sameAs":["http:\/\/www.cooltivarte.com","https:\/\/www.facebook.com\/cooltivartecom","https:\/\/www.instagram.com\/_cooltivarte_\/","https:\/\/www.linkedin.com\/company\/-bolocultural","https:\/\/www.pinterest.com\/cooltivarte\/","https:\/\/x.com\/https:\/\/x.com\/obolocultural","https:\/\/www.youtube.com\/@PrensaCooltivarte","https:\/\/www.tumblr.com\/blog\/cooltivarte"],"url":"https:\/\/cooltivarte.com\/portal\/author\/cooltivarte\/"}]}},"_links":{"self":[{"href":"https:\/\/cooltivarte.com\/portal\/wp-json\/wp\/v2\/posts\/122944","targetHints":{"allow":["GET"]}}],"collection":[{"href":"https:\/\/cooltivarte.com\/portal\/wp-json\/wp\/v2\/posts"}],"about":[{"href":"https:\/\/cooltivarte.com\/portal\/wp-json\/wp\/v2\/types\/post"}],"author":[{"embeddable":true,"href":"https:\/\/cooltivarte.com\/portal\/wp-json\/wp\/v2\/users\/8"}],"replies":[{"embeddable":true,"href":"https:\/\/cooltivarte.com\/portal\/wp-json\/wp\/v2\/comments?post=122944"}],"version-history":[{"count":3,"href":"https:\/\/cooltivarte.com\/portal\/wp-json\/wp\/v2\/posts\/122944\/revisions"}],"predecessor-version":[{"id":122947,"href":"https:\/\/cooltivarte.com\/portal\/wp-json\/wp\/v2\/posts\/122944\/revisions\/122947"}],"wp:featuredmedia":[{"embeddable":true,"href":"https:\/\/cooltivarte.com\/portal\/wp-json\/wp\/v2\/media\/121345"}],"wp:attachment":[{"href":"https:\/\/cooltivarte.com\/portal\/wp-json\/wp\/v2\/media?parent=122944"}],"wp:term":[{"taxonomy":"category","embeddable":true,"href":"https:\/\/cooltivarte.com\/portal\/wp-json\/wp\/v2\/categories?post=122944"},{"taxonomy":"post_tag","embeddable":true,"href":"https:\/\/cooltivarte.com\/portal\/wp-json\/wp\/v2\/tags?post=122944"}],"curies":[{"name":"wp","href":"https:\/\/api.w.org\/{rel}","templated":true}]}}