{"id":122917,"date":"2026-02-13T12:17:38","date_gmt":"2026-02-13T15:17:38","guid":{"rendered":"https:\/\/cooltivarte.com\/portal\/?p=122917"},"modified":"2026-02-13T13:00:56","modified_gmt":"2026-02-13T16:00:56","slug":"jorge-drexler-publica-toco-madera","status":"publish","type":"post","link":"https:\/\/cooltivarte.com\/portal\/jorge-drexler-publica-toco-madera\/","title":{"rendered":"JORGE DREXLER PUBLICA \u201cTOCO MADERA\u201d"},"content":{"rendered":"<figure id=\"attachment_122918\" aria-describedby=\"caption-attachment-122918\" style=\"width: 484px\" class=\"wp-caption aligncenter\"><img fetchpriority=\"high\" decoding=\"async\" class=\"wp-image-122918 size-full\" title=\"JORGE DREXLER PUBLICA \u201cTOCO MADERA\u201d PRIMER ADELANTO DE SU NUEVO \u00c1LBUM \u201cTARAC\u00c1\u201d\" src=\"https:\/\/cooltivarte.com\/portal\/wp-content\/uploads\/2026\/02\/TOCO-MADERA.jpg\" alt=\"JORGE DREXLER PUBLICA \u201cTOCO MADERA\u201d PRIMER ADELANTO DE SU NUEVO \u00c1LBUM \u201cTARAC\u00c1\u201d\" width=\"484\" height=\"484\" srcset=\"https:\/\/cooltivarte.com\/portal\/wp-content\/uploads\/2026\/02\/TOCO-MADERA.jpg 484w, https:\/\/cooltivarte.com\/portal\/wp-content\/uploads\/2026\/02\/TOCO-MADERA-300x300.jpg 300w, https:\/\/cooltivarte.com\/portal\/wp-content\/uploads\/2026\/02\/TOCO-MADERA-150x150.jpg 150w, https:\/\/cooltivarte.com\/portal\/wp-content\/uploads\/2026\/02\/TOCO-MADERA-120x120.jpg 120w, https:\/\/cooltivarte.com\/portal\/wp-content\/uploads\/2026\/02\/TOCO-MADERA-75x75.jpg 75w\" sizes=\"(max-width: 484px) 100vw, 484px\" \/><figcaption id=\"caption-attachment-122918\" class=\"wp-caption-text\">JORGE DREXLER<\/figcaption><\/figure>\n<p>&nbsp;<\/p>\n<h3><strong>JORGE DREXLER PUBLICA \u201c<a href=\"https:\/\/jorgedrexler.lnk.to\/Toco-madera\" target=\"_blank\" rel=\"noopener\">TOCO MADERA<\/a>\u201d, PRIMER ADELANTO DE SU NUEVO \u00c1LBUM \u201cTARAC\u00c1\u201d<\/strong><\/h3>\n<p>&nbsp;<\/p>\n<p>&nbsp;<br \/>\n<iframe title=\"Jorge Drexler - Toco madera (Video Oficial)\" src=\"https:\/\/www.youtube.com\/embed\/bIUMEbJdFY4?si=EVJFFNMBBpDv7Eco\" width=\"100%\" height=\"515\" frameborder=\"0\" allowfullscreen=\"allowfullscreen\"><span style=\"display: inline-block; width: 0px; overflow: hidden; line-height: 0;\" data-mce-type=\"bookmark\" class=\"mce_SELRES_start\">\ufeff<\/span><\/iframe><br \/>\n&nbsp;<\/p>\n<p><a href=\"https:\/\/cooltivarte.com\/portal\/?s=Jorge+Drexler\" target=\"_blank\" rel=\"noopener\"><strong>Jorge Drexler<\/strong><\/a> presenta este sorprendente adelanto, \u201c<a href=\"https:\/\/jorgedrexler.lnk.to\/Toco-madera\" target=\"_blank\" rel=\"noopener\"><em><strong>Toco madera<\/strong><\/em><\/a>\u201d, disponible desde hoy en todas las plataformas digitales.<\/p>\n<p>El artista uruguayo est\u00e1 de vuelta.<strong> Jorge Drexler<\/strong>, cantante y compositor, con una larga carrera vinculada a la m\u00fasica y las artes, presenta hoy el primer adelanto de su pr\u00f3ximo \u00e1lbum, titulado \u201cTarac\u00e1\u201d, que ser\u00e1 el&nbsp; decimoquinto disco de estudio de su trayectoria.<\/p>\n<p>\u201cToco madera\u201d es la primera ventana al imaginario de su nuevo disco, grabado en su mayor\u00eda en Montevideo. Una canci\u00f3n en\u00e9rgica y percusiva, sorprendente, y que pone al tambor en el centro de la canci\u00f3n, destacando el protagonismo y centralidad de la clave m\u00e1s conocida del candombe. La canci\u00f3n, escrita por <strong>Jorge Drexler<\/strong> y <a href=\"https:\/\/cooltivarte.com\/portal\/?s=Carlos+Casacuberta\" target=\"_blank\" rel=\"noopener\"><strong>Carlos&nbsp; Casacuberta<\/strong><\/a> -sobre una idea de <strong>Tadu V\u00e1zquez<\/strong>&#8211; est\u00e1 producida por <strong>Lucas Piedra Cueva<\/strong>, <strong>Mauro<\/strong>, <strong>Facundo Balta<\/strong> y el mismo <strong>Tadu V\u00e1zquez<\/strong>.<\/p>\n<p>El artista presenta el juego de palabras entre las dos acepciones de \u201ctocar madera\u201d.<\/p>\n<p>Por un lado, el ritual de tocar madera, universalmente empleado para no tentar al destino. Adem\u00e1s, en el candombe uruguayo, \u201ctocar madera\u201d se refiere a golpear la madera del tambor con el palo para marcar la clave r\u00edtmica.<\/p>\n<p>&nbsp;<\/p>\n<p><iframe title=\"Spotify Embed: Toco madera\" style=\"border-radius: 12px\" width=\"100%\" height=\"352\" frameborder=\"0\" allowfullscreen allow=\"autoplay; clipboard-write; encrypted-media; fullscreen; picture-in-picture\" loading=\"lazy\" src=\"https:\/\/open.spotify.com\/embed\/album\/5olISeCcVZ5I5XhEdGLf1d?si=-YZMQzXjQ7GiRNGOmkvekg&amp;utm_source=oembed\"><\/iframe><\/p>\n<p>&nbsp;<\/p>\n<p><strong>LETRA<\/strong><br \/>\nTu geolocalizador<br \/>\ndice que est\u00e1s alej\u00e1ndote.<br \/>\nTu punto se mueve, pero\u2026<br \/>\n\u00bfHacia d\u00f3nde?<br \/>\n\u00bfY hacia qui\u00e9n?<br \/>\nSab\u00eda que iba a pasar<br \/>\npero no sab\u00eda cu\u00e1ndo.<br \/>\nNo vemos a d\u00f3nde vamos<br \/>\npero vamos acelerando\u2026<br \/>\nTodo el mundo piensa que<br \/>\nhay algo mejor ah\u00ed fuera.<br \/>\nNo importa cu\u00e1l es la meta<br \/>\nsolo ganar la carrera\u2026<br \/>\nYo, por las dudas<br \/>\ntoco madera.<br \/>\nToco madera (x8)<br \/>\nTu geolocalizador<br \/>\nsigue tus pasos adonde van.<br \/>\nCreamos m\u00e1quinas sabias<br \/>\ncomo quien hornea pan.<br \/>\nTra\u00edas el alma empapada<br \/>\npero la p\u00f3lvora seca,<br \/>\ny entraste en mi vida como<br \/>\nPancho Villa en Zacatecas.<br \/>\nNo tengo claro si sos<br \/>\nmi guardia o mi carcelera,<br \/>\nyo no era supersticioso<br \/>\npero hoy no soy lo que era.<br \/>\nY por las dudas<br \/>\nToco madera (x8) (\u00a1madera como c\u00e1bala y clave!)<\/p>\n<p>&nbsp;<\/p>\n<p>Entre esta combinaci\u00f3n de usos del lenguaje -siempre ingenioso el uruguayo en sus composiciones-, pendula esta canci\u00f3n, firme, colectiva y potente.<\/p>\n<p>Acompa\u00f1ada por un videoclip conceptual y minimalista, dirigido por Mario Arenas; esta pieza es un ensayo sobre la importancia de esa clave r\u00edtmica y un homenaje particular del artista a uno de los ejes del ritmo del candombe.<\/p>\n<p>Esa premisa es recurrente en \u201cTarac\u00e1\u201d, donde podremos encontrar el candombe &#8211; ritmo afro-uruguayo por excelencia- con frecuencia, en una amalgama de bellas y significativas canciones.<\/p>\n<p>Hoy, el uruguayo inicia una nueva etapa en su trayectoria, m\u00e1s cerca de su origen expandiendo su marco creativo y tendiendo puentes para todos aquellos valientes que los cruzan. Durante las pr\u00f3ximas semanas iremos&nbsp; desvelando m\u00e1s informaci\u00f3n sobre este nuevo trabajo, su t\u00edtulo y el concepto que lo sostiene. La expectaci\u00f3n es<br \/>\nm\u00e1xima por saber c\u00f3mo se conformar\u00e1 este nuevo paso en el universo Drexler.<\/p>\n<p>&nbsp;<\/p>\n<blockquote class=\"tiktok-embed\" style=\"max-width: 605px; min-width: 325px;\" cite=\"https:\/\/www.tiktok.com\/@cooltivarte\/video\/7606377848462429447\" data-video-id=\"7606377848462429447\">\n<section><a title=\"@cooltivarte\" href=\"https:\/\/www.tiktok.com\/@cooltivarte?refer=embed\" target=\"_blank\" rel=\"noopener\">@cooltivarte<\/a>Jorge Drexler presenta este sorprendente adelanto, \u201cToco madera\u201d, disponible desde hoy en todas las plataformas digitales. El artista uruguayo est\u00e1 de vuelta. Jorge Drexler, cantante y compositor, con una larga carrera vinculada a la m\u00fasica y las artes, presenta hoy el primer adelanto de su pr\u00f3ximo \u00e1lbum, titulado \u201cTarac\u00e1\u201d, que ser\u00e1 el decimoquinto disco de estudio de su trayectoria. \u201cToco madera\u201d es la primera ventana al imaginario de su nuevo disco, grabado en su mayor\u00eda en Montevideo. Una canci\u00f3n en\u00e9rgica y percusiva, sorprendente, y que pone al tambor en el centro de la canci\u00f3n, destacando el protagonismo y centralidad de la clave m\u00e1s conocida del candombe. La canci\u00f3n, escrita por Jorge Drexler y Carlos Casacuberta -sobre una idea de Tadu V\u00e1zquez\u2013 est\u00e1 producida por Lucas Piedra Cueva, Mauro, Facundo Balta y el mismo Tadu V\u00e1zquez. El artista presenta el juego de palabras entre las dos acepciones de \u201ctocar madera\u201d. Por un lado, el ritual de tocar madera, universalmente empleado para no tentar al destino. Adem\u00e1s, en el candombe uruguayo, \u201ctocar madera\u201d se refiere a golpear la madera del tambor con el palo para marcar la clave r\u00edtmica. https:\/\/cooltivarte.com\/portal\/jorge-drexler-publica-toco-madera\/ #tocarmadera #JorgeDrexler #claver\u00edtmica #candombe #candombeuruguayo #tambor #m\u00fasica<\/p>\n<p><a title=\"\u266c sonido original - cooltivarte\" href=\"https:\/\/www.tiktok.com\/music\/sonido-original-cooltivarte-7606377959222823698?refer=embed\" target=\"_blank\" rel=\"noopener\">\u266c sonido original &#8211; cooltivarte<\/a><\/p>\n<\/section>\n<\/blockquote>\n<p><script async=\"\" src=\"https:\/\/www.tiktok.com\/embed.js\"><\/script><br \/>\n&nbsp;<\/p>\n<p>&nbsp;<\/p>\n<p>&nbsp;<\/p>\n<p>&nbsp;<\/p>\n<p>&nbsp;<\/p>\n","protected":false},"excerpt":{"rendered":"<p>Jorge Drexler presenta este sorprendente adelanto, \u201cToco madera\u201d, disponible desde hoy en todas las plataformas digitales.<\/p>\n<p>El artista uruguayo est\u00e1 de vuelta. Jorge Drexler, cantante y compositor, con una larga carrera vinculada a la m\u00fasica y las artes, presenta hoy el primer adelanto de su pr\u00f3ximo \u00e1lbum, titulado \u201cTarac\u00e1\u201d, que ser\u00e1 el\u00a0 decimoquinto disco de estudio de su trayectoria.<\/p>\n<p>\u201cToco madera\u201d es la primera ventana al imaginario de su nuevo disco, grabado en su mayor\u00eda en Montevideo. Una canci\u00f3n en\u00e9rgica y percusiva, sorprendente, y que pone al tambor en el centro de la canci\u00f3n, destacando el protagonismo y centralidad de la clave m\u00e1s conocida del candombe. La canci\u00f3n, escrita por Jorge Drexler y Carlos\u00a0 Casacuberta -sobre una idea de Tadu V\u00e1zquez- est\u00e1 producida por Lucas Piedra Cueva, Mauro, Facundo Balta y el mismo Tadu V\u00e1zquez.<\/p>\n<p>El artista presenta el juego de palabras entre las dos acepciones de \u201ctocar madera\u201d.<\/p>\n<p>Por un lado, el ritual de tocar madera, universalmente empleado para no tentar al destino. Adem\u00e1s, en el candombe uruguayo, \u201ctocar madera\u201d se refiere a golpear la madera del tambor con el palo para marcar la clave r\u00edtmica.<\/p>\n","protected":false},"author":8,"featured_media":122918,"comment_status":"closed","ping_status":"closed","sticky":false,"template":"","format":"standard","meta":{"om_disable_all_campaigns":false,"ngg_post_thumbnail":0,"jnews-multi-image_gallery":[],"jnews_single_post":{"format":"standard","override":[{"template":"4","parallax":"1","layout":"right-sidebar","sidebar":"default-sidebar","second_sidebar":"default-sidebar","sticky_sidebar":"1","share_position":"bottom","share_float_style":"share-monocrhome","show_share_counter":"1","show_view_counter":"1","show_featured":"1","show_post_meta":"1","show_post_author":"1","show_post_author_image":"1","show_post_date":"1","post_date_format":"default","post_date_format_custom":"Y\/m\/d","show_post_category":"1","post_reading_time_wpm":"300","post_calculate_word_method":"str_word_count","zoom_button_out_step":"2","zoom_button_in_step":"3","show_post_tag":"1","show_prev_next_post":"1","show_popup_post":"1","show_comment_section":"1","number_popup_post":"1","show_author_box":"1","show_post_related":"0","show_inline_post_related":"0"}],"image_override":[{"single_post_thumbnail_size":"no-crop","single_post_gallery_size":"crop-500"}],"trending_post_position":"meta","trending_post_label":"Trending","sponsored_post_label":"Sponsored by","disable_ad":"0","subtitle":"PRIMER ADELANTO DE SU NUEVO \u00c1LBUM \u201cTARAC\u00c1\u201d"},"jnews_primary_category":[],"jnews_social_meta":[],"jnews_override_counter":{"view_counter_number":"0","share_counter_number":"0","like_counter_number":"0","dislike_counter_number":"0"},"footnotes":""},"categories":[14772],"tags":[910,25718,25717],"class_list":["post-122917","post","type-post","status-publish","format-standard","has-post-thumbnail","hentry","category-video","tag-jorge-drexler","tag-taraca","tag-toco-madera"],"yoast_head":"<!-- This site is optimized with the Yoast SEO plugin v27.5 - https:\/\/yoast.com\/product\/yoast-seo-wordpress\/ -->\n<title>JORGE DREXLER PUBLICA \u201cTOCO MADERA\u201d - Cooltivarte Portal<\/title>\n<meta name=\"description\" content=\"El artista uruguayo est\u00e1 de vuelta. Jorge Drexler, cantante y compositor, con una larga carrera vinculada a la m\u00fasica y las artes, presenta hoy el primer adelanto de su pr\u00f3ximo \u00e1lbum, titulado \u201cTarac\u00e1\u201d, que ser\u00e1 el\u00a0 decimoquinto disco de estudio de su trayectoria.\" \/>\n<meta name=\"robots\" content=\"index, follow, max-snippet:-1, max-image-preview:large, max-video-preview:-1\" \/>\n<link rel=\"canonical\" href=\"https:\/\/cooltivarte.com\/portal\/jorge-drexler-publica-toco-madera\/\" \/>\n<meta property=\"og:locale\" content=\"es_ES\" \/>\n<meta property=\"og:type\" content=\"article\" \/>\n<meta property=\"og:title\" content=\"JORGE DREXLER PUBLICA \u201cTOCO MADERA\u201d PRIMER ADELANTO DE SU NUEVO \u00c1LBUM \u201cTARAC\u00c1\u201d\" \/>\n<meta property=\"og:description\" content=\"El artista uruguayo est\u00e1 de vuelta. Jorge Drexler, cantante y compositor, con una larga carrera vinculada a la m\u00fasica y las artes, presenta hoy el primer adelanto de su pr\u00f3ximo \u00e1lbum, titulado \u201cTarac\u00e1\u201d, que ser\u00e1 el\u00a0 decimoquinto disco de estudio de su trayectoria.\" \/>\n<meta property=\"og:url\" content=\"https:\/\/cooltivarte.com\/portal\/jorge-drexler-publica-toco-madera\/\" \/>\n<meta property=\"og:site_name\" content=\"Cooltivarte Portal\" \/>\n<meta property=\"article:publisher\" content=\"https:\/\/www.facebook.com\/cooltivartecom\/\" \/>\n<meta property=\"article:author\" content=\"https:\/\/www.facebook.com\/cooltivartecom\" \/>\n<meta property=\"article:published_time\" content=\"2026-02-13T15:17:38+00:00\" \/>\n<meta property=\"article:modified_time\" content=\"2026-02-13T16:00:56+00:00\" \/>\n<meta property=\"og:image\" content=\"https:\/\/cooltivarte.com\/portal\/wp-content\/uploads\/2026\/02\/TOCO-MADERA.jpg\" \/>\n\t<meta property=\"og:image:width\" content=\"484\" \/>\n\t<meta property=\"og:image:height\" content=\"484\" \/>\n\t<meta property=\"og:image:type\" content=\"image\/jpeg\" \/>\n<meta name=\"author\" content=\"Cooltivarte\" \/>\n<meta name=\"twitter:card\" content=\"summary_large_image\" \/>\n<meta name=\"twitter:title\" content=\"JORGE DREXLER PUBLICA \u201cTOCO MADERA\u201d PRIMER ADELANTO DE SU NUEVO \u00c1LBUM \u201cTARAC\u00c1\u201d\" \/>\n<meta name=\"twitter:description\" content=\"El artista uruguayo est\u00e1 de vuelta. Jorge Drexler, cantante y compositor, con una larga carrera vinculada a la m\u00fasica y las artes, presenta hoy el primer adelanto de su pr\u00f3ximo \u00e1lbum, titulado \u201cTarac\u00e1\u201d, que ser\u00e1 el\u00a0 decimoquinto disco de estudio de su trayectoria.\" \/>\n<meta name=\"twitter:image\" content=\"https:\/\/cooltivarte.com\/portal\/wp-content\/uploads\/2026\/02\/TOCO-MADERA.jpg\" \/>\n<meta name=\"twitter:creator\" content=\"@https:\/\/x.com\/obolocultural\" \/>\n<meta name=\"twitter:site\" content=\"@obolocultural\" \/>\n<meta name=\"twitter:label1\" content=\"Escrito por\" \/>\n\t<meta name=\"twitter:data1\" content=\"Cooltivarte\" \/>\n\t<meta name=\"twitter:label2\" content=\"Tiempo de lectura\" \/>\n\t<meta name=\"twitter:data2\" content=\"3 minutos\" \/>\n<!-- \/ Yoast SEO plugin. -->","yoast_head_json":{"title":"JORGE DREXLER PUBLICA \u201cTOCO MADERA\u201d - Cooltivarte Portal","description":"El artista uruguayo est\u00e1 de vuelta. Jorge Drexler, cantante y compositor, con una larga carrera vinculada a la m\u00fasica y las artes, presenta hoy el primer adelanto de su pr\u00f3ximo \u00e1lbum, titulado \u201cTarac\u00e1\u201d, que ser\u00e1 el\u00a0 decimoquinto disco de estudio de su trayectoria.","robots":{"index":"index","follow":"follow","max-snippet":"max-snippet:-1","max-image-preview":"max-image-preview:large","max-video-preview":"max-video-preview:-1"},"canonical":"https:\/\/cooltivarte.com\/portal\/jorge-drexler-publica-toco-madera\/","og_locale":"es_ES","og_type":"article","og_title":"JORGE DREXLER PUBLICA \u201cTOCO MADERA\u201d PRIMER ADELANTO DE SU NUEVO \u00c1LBUM \u201cTARAC\u00c1\u201d","og_description":"El artista uruguayo est\u00e1 de vuelta. Jorge Drexler, cantante y compositor, con una larga carrera vinculada a la m\u00fasica y las artes, presenta hoy el primer adelanto de su pr\u00f3ximo \u00e1lbum, titulado \u201cTarac\u00e1\u201d, que ser\u00e1 el\u00a0 decimoquinto disco de estudio de su trayectoria.","og_url":"https:\/\/cooltivarte.com\/portal\/jorge-drexler-publica-toco-madera\/","og_site_name":"Cooltivarte Portal","article_publisher":"https:\/\/www.facebook.com\/cooltivartecom\/","article_author":"https:\/\/www.facebook.com\/cooltivartecom","article_published_time":"2026-02-13T15:17:38+00:00","article_modified_time":"2026-02-13T16:00:56+00:00","og_image":[{"width":484,"height":484,"url":"https:\/\/cooltivarte.com\/portal\/wp-content\/uploads\/2026\/02\/TOCO-MADERA.jpg","type":"image\/jpeg"}],"author":"Cooltivarte","twitter_card":"summary_large_image","twitter_title":"JORGE DREXLER PUBLICA \u201cTOCO MADERA\u201d PRIMER ADELANTO DE SU NUEVO \u00c1LBUM \u201cTARAC\u00c1\u201d","twitter_description":"El artista uruguayo est\u00e1 de vuelta. Jorge Drexler, cantante y compositor, con una larga carrera vinculada a la m\u00fasica y las artes, presenta hoy el primer adelanto de su pr\u00f3ximo \u00e1lbum, titulado \u201cTarac\u00e1\u201d, que ser\u00e1 el\u00a0 decimoquinto disco de estudio de su trayectoria.","twitter_image":"https:\/\/cooltivarte.com\/portal\/wp-content\/uploads\/2026\/02\/TOCO-MADERA.jpg","twitter_creator":"@https:\/\/x.com\/obolocultural","twitter_site":"@obolocultural","twitter_misc":{"Escrito por":"Cooltivarte","Tiempo de lectura":"3 minutos"},"schema":{"@context":"https:\/\/schema.org","@graph":[{"@type":"NewsArticle","@id":"https:\/\/cooltivarte.com\/portal\/jorge-drexler-publica-toco-madera\/#article","isPartOf":{"@id":"https:\/\/cooltivarte.com\/portal\/jorge-drexler-publica-toco-madera\/"},"author":{"name":"Cooltivarte","@id":"https:\/\/cooltivarte.com\/portal\/#\/schema\/person\/ec2a4f4e71b740d0c559c0ab9a157e19"},"headline":"JORGE DREXLER PUBLICA \u201cTOCO MADERA\u201d","datePublished":"2026-02-13T15:17:38+00:00","dateModified":"2026-02-13T16:00:56+00:00","mainEntityOfPage":{"@id":"https:\/\/cooltivarte.com\/portal\/jorge-drexler-publica-toco-madera\/"},"wordCount":776,"publisher":{"@id":"https:\/\/cooltivarte.com\/portal\/#organization"},"image":{"@id":"https:\/\/cooltivarte.com\/portal\/jorge-drexler-publica-toco-madera\/#primaryimage"},"thumbnailUrl":"https:\/\/cooltivarte.com\/portal\/wp-content\/uploads\/2026\/02\/TOCO-MADERA.jpg","keywords":["Jorge Drexler","TARAC\u00c1","TOCO MADERA"],"articleSection":["Video"],"inLanguage":"es-AR"},{"@type":"WebPage","@id":"https:\/\/cooltivarte.com\/portal\/jorge-drexler-publica-toco-madera\/","url":"https:\/\/cooltivarte.com\/portal\/jorge-drexler-publica-toco-madera\/","name":"JORGE DREXLER PUBLICA \u201cTOCO MADERA\u201d - Cooltivarte Portal","isPartOf":{"@id":"https:\/\/cooltivarte.com\/portal\/#website"},"primaryImageOfPage":{"@id":"https:\/\/cooltivarte.com\/portal\/jorge-drexler-publica-toco-madera\/#primaryimage"},"image":{"@id":"https:\/\/cooltivarte.com\/portal\/jorge-drexler-publica-toco-madera\/#primaryimage"},"thumbnailUrl":"https:\/\/cooltivarte.com\/portal\/wp-content\/uploads\/2026\/02\/TOCO-MADERA.jpg","datePublished":"2026-02-13T15:17:38+00:00","dateModified":"2026-02-13T16:00:56+00:00","description":"El artista uruguayo est\u00e1 de vuelta. Jorge Drexler, cantante y compositor, con una larga carrera vinculada a la m\u00fasica y las artes, presenta hoy el primer adelanto de su pr\u00f3ximo \u00e1lbum, titulado \u201cTarac\u00e1\u201d, que ser\u00e1 el\u00a0 decimoquinto disco de estudio de su trayectoria.","breadcrumb":{"@id":"https:\/\/cooltivarte.com\/portal\/jorge-drexler-publica-toco-madera\/#breadcrumb"},"inLanguage":"es-AR","potentialAction":[{"@type":"ReadAction","target":["https:\/\/cooltivarte.com\/portal\/jorge-drexler-publica-toco-madera\/"]}]},{"@type":"ImageObject","inLanguage":"es-AR","@id":"https:\/\/cooltivarte.com\/portal\/jorge-drexler-publica-toco-madera\/#primaryimage","url":"https:\/\/cooltivarte.com\/portal\/wp-content\/uploads\/2026\/02\/TOCO-MADERA.jpg","contentUrl":"https:\/\/cooltivarte.com\/portal\/wp-content\/uploads\/2026\/02\/TOCO-MADERA.jpg","width":484,"height":484,"caption":"JORGE DREXLER PUBLICA \u201cTOCO MADERA\u201d PRIMER ADELANTO DE SU NUEVO \u00c1LBUM \u201cTARAC\u00c1\u201d"},{"@type":"BreadcrumbList","@id":"https:\/\/cooltivarte.com\/portal\/jorge-drexler-publica-toco-madera\/#breadcrumb","itemListElement":[{"@type":"ListItem","position":1,"name":"Portada","item":"https:\/\/cooltivarte.com\/portal\/"},{"@type":"ListItem","position":2,"name":"JORGE DREXLER PUBLICA \u201cTOCO MADERA\u201d"}]},{"@type":"WebSite","@id":"https:\/\/cooltivarte.com\/portal\/#website","url":"https:\/\/cooltivarte.com\/portal\/","name":"Cooltivarte Portal","description":"Arte, cultura y turismo para el mundo ...","publisher":{"@id":"https:\/\/cooltivarte.com\/portal\/#organization"},"potentialAction":[{"@type":"SearchAction","target":{"@type":"EntryPoint","urlTemplate":"https:\/\/cooltivarte.com\/portal\/?s={search_term_string}"},"query-input":{"@type":"PropertyValueSpecification","valueRequired":true,"valueName":"search_term_string"}}],"inLanguage":"es-AR"},{"@type":"Organization","@id":"https:\/\/cooltivarte.com\/portal\/#organization","name":"cooltivarte","url":"https:\/\/cooltivarte.com\/portal\/","logo":{"@type":"ImageObject","inLanguage":"es-AR","@id":"https:\/\/cooltivarte.com\/portal\/#\/schema\/logo\/image\/","url":"https:\/\/cooltivarte.com\/portal\/wp-content\/uploads\/2020\/04\/logo-cooltivarte-v2.png","contentUrl":"https:\/\/cooltivarte.com\/portal\/wp-content\/uploads\/2020\/04\/logo-cooltivarte-v2.png","width":851,"height":243,"caption":"cooltivarte"},"image":{"@id":"https:\/\/cooltivarte.com\/portal\/#\/schema\/logo\/image\/"},"sameAs":["https:\/\/www.facebook.com\/cooltivartecom\/","https:\/\/x.com\/obolocultural","https:\/\/www.instagram.com\/_cooltivarte_\/","https:\/\/www.linkedin.com\/company\/-bolocultural?reportsuccess=8zaNG1HwhPbAR9iQhZ5rfGeqz_vQFftHun0ZWU0Wy9vNemRJ8vtcKdJvzQfW8XagyOJSKg0XvfJ1dp","https:\/\/www.pinterest.com\/cooltivarte\/","https:\/\/cooltivarte.tumblr.com\/","https:\/\/www.tiktok.com\/@cooltivarte","https:\/\/www.youtube.com\/@PrensaCooltivarte"]},{"@type":"Person","@id":"https:\/\/cooltivarte.com\/portal\/#\/schema\/person\/ec2a4f4e71b740d0c559c0ab9a157e19","name":"Cooltivarte","image":{"@type":"ImageObject","inLanguage":"es-AR","@id":"https:\/\/cooltivarte.com\/portal\/wp-content\/uploads\/2014\/05\/logo-cooltivarte-120x120.jpg","url":"https:\/\/cooltivarte.com\/portal\/wp-content\/uploads\/2014\/05\/logo-cooltivarte-120x120.jpg","contentUrl":"https:\/\/cooltivarte.com\/portal\/wp-content\/uploads\/2014\/05\/logo-cooltivarte-120x120.jpg","caption":"Cooltivarte"},"description":"Somos COOLTIVARTE.COM. Un portal digital dedicado a difundir el acontecer art\u00edstico y cultural del Uruguay. Estamos en la vuelta desde el a\u00f1o 2003, y como evoluci\u00f3n del bolet\u00edn Obolo Cultural, nos encontramos abocados a apoyar a los artistas nacionales brind\u00e1ndoles un espacio de difusi\u00f3n. Creemos en la idea de utilizar la potencialidad que hoy d\u00eda nos otorga la web, para que la cultura uruguaya y sus creadores dispongan de una din\u00e1mica ventana, que los ponga en contacto entre s\u00ed y con el mundo. Somos COOLTIVARTE.COM y pretendemos configurarnos como un portal din\u00e1mico, entretenido y atento a los nuevos emprendimientos, que busque siempre la interacci\u00f3n con los artistas.","sameAs":["http:\/\/www.cooltivarte.com","https:\/\/www.facebook.com\/cooltivartecom","https:\/\/www.instagram.com\/_cooltivarte_\/","https:\/\/www.linkedin.com\/company\/-bolocultural","https:\/\/www.pinterest.com\/cooltivarte\/","https:\/\/x.com\/https:\/\/x.com\/obolocultural","https:\/\/www.youtube.com\/@PrensaCooltivarte","https:\/\/www.tumblr.com\/blog\/cooltivarte"],"url":"https:\/\/cooltivarte.com\/portal\/author\/cooltivarte\/"}]}},"_links":{"self":[{"href":"https:\/\/cooltivarte.com\/portal\/wp-json\/wp\/v2\/posts\/122917","targetHints":{"allow":["GET"]}}],"collection":[{"href":"https:\/\/cooltivarte.com\/portal\/wp-json\/wp\/v2\/posts"}],"about":[{"href":"https:\/\/cooltivarte.com\/portal\/wp-json\/wp\/v2\/types\/post"}],"author":[{"embeddable":true,"href":"https:\/\/cooltivarte.com\/portal\/wp-json\/wp\/v2\/users\/8"}],"replies":[{"embeddable":true,"href":"https:\/\/cooltivarte.com\/portal\/wp-json\/wp\/v2\/comments?post=122917"}],"version-history":[{"count":3,"href":"https:\/\/cooltivarte.com\/portal\/wp-json\/wp\/v2\/posts\/122917\/revisions"}],"predecessor-version":[{"id":122924,"href":"https:\/\/cooltivarte.com\/portal\/wp-json\/wp\/v2\/posts\/122917\/revisions\/122924"}],"wp:featuredmedia":[{"embeddable":true,"href":"https:\/\/cooltivarte.com\/portal\/wp-json\/wp\/v2\/media\/122918"}],"wp:attachment":[{"href":"https:\/\/cooltivarte.com\/portal\/wp-json\/wp\/v2\/media?parent=122917"}],"wp:term":[{"taxonomy":"category","embeddable":true,"href":"https:\/\/cooltivarte.com\/portal\/wp-json\/wp\/v2\/categories?post=122917"},{"taxonomy":"post_tag","embeddable":true,"href":"https:\/\/cooltivarte.com\/portal\/wp-json\/wp\/v2\/tags?post=122917"}],"curies":[{"name":"wp","href":"https:\/\/api.w.org\/{rel}","templated":true}]}}