{"id":122903,"date":"2026-02-13T10:00:32","date_gmt":"2026-02-13T13:00:32","guid":{"rendered":"https:\/\/cooltivarte.com\/portal\/?p=122903"},"modified":"2026-02-13T10:15:12","modified_gmt":"2026-02-13T13:15:12","slug":"shakira-en-concierto-gratuito-en-la-playa-de-copacabana","status":"publish","type":"post","link":"https:\/\/cooltivarte.com\/portal\/shakira-en-concierto-gratuito-en-la-playa-de-copacabana\/","title":{"rendered":"Shakira en concierto gratuito en la playa de Copacabana"},"content":{"rendered":"<figure id=\"attachment_122904\" aria-describedby=\"caption-attachment-122904\" style=\"width: 1012px\" class=\"wp-caption aligncenter\"><img fetchpriority=\"high\" decoding=\"async\" class=\"wp-image-122904 size-full\" title=\"SHAKIRA HACE HISTORIA EN URUGUAY \u2013 Diciembre 2025 \u2013 Foto Producci\u00f3n AM\" src=\"https:\/\/cooltivarte.com\/portal\/wp-content\/uploads\/2026\/02\/Shakira-en-concierto-gratuito-en-la-playa-de-Copacabana-2-de-mayo-de-2026-Rio-de-Janeiro.jpg\" alt=\"SHAKIRA HACE HISTORIA EN URUGUAY \u2013 Diciembre 2025 \u2013 Foto Producci\u00f3n AM\" width=\"1012\" height=\"564\" srcset=\"https:\/\/cooltivarte.com\/portal\/wp-content\/uploads\/2026\/02\/Shakira-en-concierto-gratuito-en-la-playa-de-Copacabana-2-de-mayo-de-2026-Rio-de-Janeiro.jpg 1012w, https:\/\/cooltivarte.com\/portal\/wp-content\/uploads\/2026\/02\/Shakira-en-concierto-gratuito-en-la-playa-de-Copacabana-2-de-mayo-de-2026-Rio-de-Janeiro-300x167.jpg 300w, https:\/\/cooltivarte.com\/portal\/wp-content\/uploads\/2026\/02\/Shakira-en-concierto-gratuito-en-la-playa-de-Copacabana-2-de-mayo-de-2026-Rio-de-Janeiro-768x428.jpg 768w\" sizes=\"(max-width: 1012px) 100vw, 1012px\" \/><figcaption id=\"caption-attachment-122904\" class=\"wp-caption-text\"><a href=\"https:\/\/cooltivarte.com\/portal\/shakira-anuncia-fecha-en-uruguay-las-mujeres-ya-no-lloran-world-tour\/\" target=\"_blank\" rel=\"noopener\">SHAKIRA HACE HISTORIA EN URUGUAY \u2013 Diciembre 2025<\/a> \u2013 Foto Producci\u00f3n AM<\/figcaption><\/figure>\n<p>&nbsp;<\/p>\n<p>El alcalde de <strong>R\u00edo de Janeiro<\/strong>, <a href=\"https:\/\/x.com\/eduardopaes\" target=\"_blank\" rel=\"noopener\"><strong>Eduardo Paes<\/strong><\/a>, public\u00f3 y confirm\u00f3 en su cuenta oficial en X que <a href=\"https:\/\/cooltivarte.com\/portal\/?s=Shakira\" target=\"_blank\" rel=\"noopener\"><strong>Shakira<\/strong><\/a> encabezar\u00e1 el <strong>concierto gratuito<\/strong> en la playa de <strong>Copacabana<\/strong> el <strong>2 de mayo de 2026<\/strong> como parte de <strong>Todo Mundo no Rio<\/strong><\/p>\n<p><a href=\"https:\/\/veja.abril.com.br\/coluna\/veja-gente\/prefeitura-do-rio-confirma-show-de-shakira-em-copacabana\" target=\"_blank\" rel=\"noopener\"><strong>Prefeitura<\/strong><\/a> (municipalidad) de R\u00edo, confirm\u00f3 en comunicado oficiales sobre el evento gratuito.<\/p>\n<p>&nbsp;<\/p>\n<p>&nbsp;<\/p>\n<blockquote class=\"twitter-tweet\">\n<p dir=\"ltr\" lang=\"pt\">A maior artista latina da hist\u00f3ria vai fazer hist\u00f3ria nas areias de Copacabana. O Rio te recebe de bra\u00e7os abertos, <a href=\"https:\/\/twitter.com\/shakira?ref_src=twsrc%5Etfw\">@shakira<\/a> <a href=\"https:\/\/t.co\/T1Zl5bNFJ9\">pic.twitter.com\/T1Zl5bNFJ9<\/a><\/p>\n<p>\u2014 Eduardo Paes (@eduardopaes) <a href=\"https:\/\/twitter.com\/eduardopaes\/status\/2022092095658590300?ref_src=twsrc%5Etfw\">February 12, 2026<\/a><\/p><\/blockquote>\n<p><script async=\"\" src=\"https:\/\/platform.twitter.com\/widgets.js\" charset=\"utf-8\"><\/script><br \/>\n&nbsp;<\/p>\n<p>&nbsp;<\/p>\n<p>&nbsp;<\/p>\n","protected":false},"excerpt":{"rendered":"<p>El alcalde de R\u00edo de Janeiro, Eduardo Paes, public\u00f3 y confirm\u00f3 en su cuenta oficial en X que Shakira encabezar\u00e1 el concierto gratuito en la playa de Copacabana el 2 de mayo de 2026 como parte de Todo Mundo no Rio<\/p>\n<p>Prefeitura (municipalidad) de R\u00edo, confirm\u00f3 en comunicado oficiales sobre el evento gratuito.<\/p>\n","protected":false},"author":8,"featured_media":122904,"comment_status":"closed","ping_status":"closed","sticky":false,"template":"","format":"standard","meta":{"om_disable_all_campaigns":false,"ngg_post_thumbnail":0,"jnews-multi-image_gallery":[],"jnews_single_post":{"format":"standard","override":[{"template":"4","parallax":"1","layout":"right-sidebar","sidebar":"default-sidebar","second_sidebar":"default-sidebar","sticky_sidebar":"1","share_position":"bottom","share_float_style":"share-monocrhome","show_share_counter":"1","show_view_counter":"1","show_featured":"1","show_post_meta":"1","show_post_author":"1","show_post_author_image":"1","show_post_date":"1","post_date_format":"default","post_date_format_custom":"Y\/m\/d","show_post_category":"1","post_reading_time_wpm":"300","post_calculate_word_method":"str_word_count","zoom_button_out_step":"2","zoom_button_in_step":"3","show_post_tag":"1","show_prev_next_post":"1","show_popup_post":"1","show_comment_section":"1","number_popup_post":"1","show_author_box":"1","show_post_related":"0","show_inline_post_related":"0"}],"image_override":[{"single_post_thumbnail_size":"no-crop","single_post_gallery_size":"crop-500"}],"trending_post_position":"meta","trending_post_label":"Trending","sponsored_post_label":"Sponsored by","disable_ad":"0","subtitle":"2 de mayo de 2026 - R\u00edo de Janeiro"},"jnews_primary_category":[],"jnews_social_meta":[],"jnews_override_counter":{"view_counter_number":"0","share_counter_number":"0","like_counter_number":"0","dislike_counter_number":"0"},"footnotes":""},"categories":[3394],"tags":[25713,25714,25715,235,8238],"class_list":["post-122903","post","type-post","status-publish","format-standard","has-post-thumbnail","hentry","category-eventos","tag-copacabana","tag-eduardo-paes","tag-prefeitura","tag-rio-de-janeiro","tag-shakira"],"yoast_head":"<!-- This site is optimized with the Yoast SEO plugin v27.5 - https:\/\/yoast.com\/product\/yoast-seo-wordpress\/ -->\n<title>Shakira en concierto gratuito en la playa de Copacabana - Cooltivarte Portal<\/title>\n<meta name=\"description\" content=\"El alcalde de R\u00edo de Janeiro, Eduardo Paes, public\u00f3 y confirm\u00f3 en su cuenta oficial en X que Shakira encabezar\u00e1 el concierto gratuito en la playa de Copacabana el 2 de mayo de 2026 como parte de Todo Mundo no Rio\" \/>\n<meta name=\"robots\" content=\"index, follow, max-snippet:-1, max-image-preview:large, max-video-preview:-1\" \/>\n<link rel=\"canonical\" href=\"https:\/\/cooltivarte.com\/portal\/shakira-en-concierto-gratuito-en-la-playa-de-copacabana\/\" \/>\n<meta property=\"og:locale\" content=\"es_ES\" \/>\n<meta property=\"og:type\" content=\"article\" \/>\n<meta property=\"og:title\" content=\"Shakira en concierto gratuito en la playa de Copacabana - 2 de mayo de 2026 - R\u00edo de Janeiro\" \/>\n<meta property=\"og:description\" content=\"El alcalde de R\u00edo de Janeiro, Eduardo Paes, public\u00f3 y confirm\u00f3 en su cuenta oficial en X que Shakira encabezar\u00e1 el concierto gratuito en la playa de Copacabana el 2 de mayo de 2026 como parte de Todo Mundo no Rio\" \/>\n<meta property=\"og:url\" content=\"https:\/\/cooltivarte.com\/portal\/shakira-en-concierto-gratuito-en-la-playa-de-copacabana\/\" \/>\n<meta property=\"og:site_name\" content=\"Cooltivarte Portal\" \/>\n<meta property=\"article:publisher\" content=\"https:\/\/www.facebook.com\/cooltivartecom\/\" \/>\n<meta property=\"article:author\" content=\"https:\/\/www.facebook.com\/cooltivartecom\" \/>\n<meta property=\"article:published_time\" content=\"2026-02-13T13:00:32+00:00\" \/>\n<meta property=\"article:modified_time\" content=\"2026-02-13T13:15:12+00:00\" \/>\n<meta property=\"og:image\" content=\"https:\/\/cooltivarte.com\/portal\/wp-content\/uploads\/2026\/02\/Shakira-en-concierto-gratuito-en-la-playa-de-Copacabana-2-de-mayo-de-2026-Rio-de-Janeiro.jpg\" \/>\n\t<meta property=\"og:image:width\" content=\"1012\" \/>\n\t<meta property=\"og:image:height\" content=\"564\" \/>\n\t<meta property=\"og:image:type\" content=\"image\/jpeg\" \/>\n<meta name=\"author\" content=\"Cooltivarte\" \/>\n<meta name=\"twitter:card\" content=\"summary_large_image\" \/>\n<meta name=\"twitter:title\" content=\"Shakira en concierto gratuito en la playa de Copacabana - 2 de mayo de 2026 - R\u00edo de Janeiro\" \/>\n<meta name=\"twitter:description\" content=\"El alcalde de R\u00edo de Janeiro, Eduardo Paes, public\u00f3 y confirm\u00f3 en su cuenta oficial en X que Shakira encabezar\u00e1 el concierto gratuito en la playa de Copacabana el 2 de mayo de 2026 como parte de Todo Mundo no Rio\" \/>\n<meta name=\"twitter:image\" content=\"https:\/\/cooltivarte.com\/portal\/wp-content\/uploads\/2026\/02\/Shakira-en-concierto-gratuito-en-la-playa-de-Copacabana-2-de-mayo-de-2026-Rio-de-Janeiro.jpg\" \/>\n<meta name=\"twitter:creator\" content=\"@https:\/\/x.com\/obolocultural\" \/>\n<meta name=\"twitter:site\" content=\"@obolocultural\" \/>\n<meta name=\"twitter:label1\" content=\"Escrito por\" \/>\n\t<meta name=\"twitter:data1\" content=\"Cooltivarte\" \/>\n\t<meta name=\"twitter:label2\" content=\"Tiempo de lectura\" \/>\n\t<meta name=\"twitter:data2\" content=\"1 minuto\" \/>\n<!-- \/ Yoast SEO plugin. -->","yoast_head_json":{"title":"Shakira en concierto gratuito en la playa de Copacabana - Cooltivarte Portal","description":"El alcalde de R\u00edo de Janeiro, Eduardo Paes, public\u00f3 y confirm\u00f3 en su cuenta oficial en X que Shakira encabezar\u00e1 el concierto gratuito en la playa de Copacabana el 2 de mayo de 2026 como parte de Todo Mundo no Rio","robots":{"index":"index","follow":"follow","max-snippet":"max-snippet:-1","max-image-preview":"max-image-preview:large","max-video-preview":"max-video-preview:-1"},"canonical":"https:\/\/cooltivarte.com\/portal\/shakira-en-concierto-gratuito-en-la-playa-de-copacabana\/","og_locale":"es_ES","og_type":"article","og_title":"Shakira en concierto gratuito en la playa de Copacabana - 2 de mayo de 2026 - R\u00edo de Janeiro","og_description":"El alcalde de R\u00edo de Janeiro, Eduardo Paes, public\u00f3 y confirm\u00f3 en su cuenta oficial en X que Shakira encabezar\u00e1 el concierto gratuito en la playa de Copacabana el 2 de mayo de 2026 como parte de Todo Mundo no Rio","og_url":"https:\/\/cooltivarte.com\/portal\/shakira-en-concierto-gratuito-en-la-playa-de-copacabana\/","og_site_name":"Cooltivarte Portal","article_publisher":"https:\/\/www.facebook.com\/cooltivartecom\/","article_author":"https:\/\/www.facebook.com\/cooltivartecom","article_published_time":"2026-02-13T13:00:32+00:00","article_modified_time":"2026-02-13T13:15:12+00:00","og_image":[{"width":1012,"height":564,"url":"https:\/\/cooltivarte.com\/portal\/wp-content\/uploads\/2026\/02\/Shakira-en-concierto-gratuito-en-la-playa-de-Copacabana-2-de-mayo-de-2026-Rio-de-Janeiro.jpg","type":"image\/jpeg"}],"author":"Cooltivarte","twitter_card":"summary_large_image","twitter_title":"Shakira en concierto gratuito en la playa de Copacabana - 2 de mayo de 2026 - R\u00edo de Janeiro","twitter_description":"El alcalde de R\u00edo de Janeiro, Eduardo Paes, public\u00f3 y confirm\u00f3 en su cuenta oficial en X que Shakira encabezar\u00e1 el concierto gratuito en la playa de Copacabana el 2 de mayo de 2026 como parte de Todo Mundo no Rio","twitter_image":"https:\/\/cooltivarte.com\/portal\/wp-content\/uploads\/2026\/02\/Shakira-en-concierto-gratuito-en-la-playa-de-Copacabana-2-de-mayo-de-2026-Rio-de-Janeiro.jpg","twitter_creator":"@https:\/\/x.com\/obolocultural","twitter_site":"@obolocultural","twitter_misc":{"Escrito por":"Cooltivarte","Tiempo de lectura":"1 minuto"},"schema":{"@context":"https:\/\/schema.org","@graph":[{"@type":"NewsArticle","@id":"https:\/\/cooltivarte.com\/portal\/shakira-en-concierto-gratuito-en-la-playa-de-copacabana\/#article","isPartOf":{"@id":"https:\/\/cooltivarte.com\/portal\/shakira-en-concierto-gratuito-en-la-playa-de-copacabana\/"},"author":{"name":"Cooltivarte","@id":"https:\/\/cooltivarte.com\/portal\/#\/schema\/person\/ec2a4f4e71b740d0c559c0ab9a157e19"},"headline":"Shakira en concierto gratuito en la playa de Copacabana","datePublished":"2026-02-13T13:00:32+00:00","dateModified":"2026-02-13T13:15:12+00:00","mainEntityOfPage":{"@id":"https:\/\/cooltivarte.com\/portal\/shakira-en-concierto-gratuito-en-la-playa-de-copacabana\/"},"wordCount":119,"publisher":{"@id":"https:\/\/cooltivarte.com\/portal\/#organization"},"image":{"@id":"https:\/\/cooltivarte.com\/portal\/shakira-en-concierto-gratuito-en-la-playa-de-copacabana\/#primaryimage"},"thumbnailUrl":"https:\/\/cooltivarte.com\/portal\/wp-content\/uploads\/2026\/02\/Shakira-en-concierto-gratuito-en-la-playa-de-Copacabana-2-de-mayo-de-2026-Rio-de-Janeiro.jpg","keywords":["Copacabana","Eduardo Paes","Prefeitura","r\u00edo de janeiro","Shakira"],"articleSection":["Eventos"],"inLanguage":"es-AR"},{"@type":"WebPage","@id":"https:\/\/cooltivarte.com\/portal\/shakira-en-concierto-gratuito-en-la-playa-de-copacabana\/","url":"https:\/\/cooltivarte.com\/portal\/shakira-en-concierto-gratuito-en-la-playa-de-copacabana\/","name":"Shakira en concierto gratuito en la playa de Copacabana - Cooltivarte Portal","isPartOf":{"@id":"https:\/\/cooltivarte.com\/portal\/#website"},"primaryImageOfPage":{"@id":"https:\/\/cooltivarte.com\/portal\/shakira-en-concierto-gratuito-en-la-playa-de-copacabana\/#primaryimage"},"image":{"@id":"https:\/\/cooltivarte.com\/portal\/shakira-en-concierto-gratuito-en-la-playa-de-copacabana\/#primaryimage"},"thumbnailUrl":"https:\/\/cooltivarte.com\/portal\/wp-content\/uploads\/2026\/02\/Shakira-en-concierto-gratuito-en-la-playa-de-Copacabana-2-de-mayo-de-2026-Rio-de-Janeiro.jpg","datePublished":"2026-02-13T13:00:32+00:00","dateModified":"2026-02-13T13:15:12+00:00","description":"El alcalde de R\u00edo de Janeiro, Eduardo Paes, public\u00f3 y confirm\u00f3 en su cuenta oficial en X que Shakira encabezar\u00e1 el concierto gratuito en la playa de Copacabana el 2 de mayo de 2026 como parte de Todo Mundo no Rio","breadcrumb":{"@id":"https:\/\/cooltivarte.com\/portal\/shakira-en-concierto-gratuito-en-la-playa-de-copacabana\/#breadcrumb"},"inLanguage":"es-AR","potentialAction":[{"@type":"ReadAction","target":["https:\/\/cooltivarte.com\/portal\/shakira-en-concierto-gratuito-en-la-playa-de-copacabana\/"]}]},{"@type":"ImageObject","inLanguage":"es-AR","@id":"https:\/\/cooltivarte.com\/portal\/shakira-en-concierto-gratuito-en-la-playa-de-copacabana\/#primaryimage","url":"https:\/\/cooltivarte.com\/portal\/wp-content\/uploads\/2026\/02\/Shakira-en-concierto-gratuito-en-la-playa-de-Copacabana-2-de-mayo-de-2026-Rio-de-Janeiro.jpg","contentUrl":"https:\/\/cooltivarte.com\/portal\/wp-content\/uploads\/2026\/02\/Shakira-en-concierto-gratuito-en-la-playa-de-Copacabana-2-de-mayo-de-2026-Rio-de-Janeiro.jpg","width":1012,"height":564,"caption":"Shakira en concierto gratuito en la playa de Copacabana - 2 de mayo de 2026 - R\u00edo de Janeiro"},{"@type":"BreadcrumbList","@id":"https:\/\/cooltivarte.com\/portal\/shakira-en-concierto-gratuito-en-la-playa-de-copacabana\/#breadcrumb","itemListElement":[{"@type":"ListItem","position":1,"name":"Portada","item":"https:\/\/cooltivarte.com\/portal\/"},{"@type":"ListItem","position":2,"name":"Shakira en concierto gratuito en la playa de Copacabana"}]},{"@type":"WebSite","@id":"https:\/\/cooltivarte.com\/portal\/#website","url":"https:\/\/cooltivarte.com\/portal\/","name":"Cooltivarte Portal","description":"Arte, cultura y turismo para el mundo ...","publisher":{"@id":"https:\/\/cooltivarte.com\/portal\/#organization"},"potentialAction":[{"@type":"SearchAction","target":{"@type":"EntryPoint","urlTemplate":"https:\/\/cooltivarte.com\/portal\/?s={search_term_string}"},"query-input":{"@type":"PropertyValueSpecification","valueRequired":true,"valueName":"search_term_string"}}],"inLanguage":"es-AR"},{"@type":"Organization","@id":"https:\/\/cooltivarte.com\/portal\/#organization","name":"cooltivarte","url":"https:\/\/cooltivarte.com\/portal\/","logo":{"@type":"ImageObject","inLanguage":"es-AR","@id":"https:\/\/cooltivarte.com\/portal\/#\/schema\/logo\/image\/","url":"https:\/\/cooltivarte.com\/portal\/wp-content\/uploads\/2020\/04\/logo-cooltivarte-v2.png","contentUrl":"https:\/\/cooltivarte.com\/portal\/wp-content\/uploads\/2020\/04\/logo-cooltivarte-v2.png","width":851,"height":243,"caption":"cooltivarte"},"image":{"@id":"https:\/\/cooltivarte.com\/portal\/#\/schema\/logo\/image\/"},"sameAs":["https:\/\/www.facebook.com\/cooltivartecom\/","https:\/\/x.com\/obolocultural","https:\/\/www.instagram.com\/_cooltivarte_\/","https:\/\/www.linkedin.com\/company\/-bolocultural?reportsuccess=8zaNG1HwhPbAR9iQhZ5rfGeqz_vQFftHun0ZWU0Wy9vNemRJ8vtcKdJvzQfW8XagyOJSKg0XvfJ1dp","https:\/\/www.pinterest.com\/cooltivarte\/","https:\/\/cooltivarte.tumblr.com\/","https:\/\/www.tiktok.com\/@cooltivarte","https:\/\/www.youtube.com\/@PrensaCooltivarte"]},{"@type":"Person","@id":"https:\/\/cooltivarte.com\/portal\/#\/schema\/person\/ec2a4f4e71b740d0c559c0ab9a157e19","name":"Cooltivarte","image":{"@type":"ImageObject","inLanguage":"es-AR","@id":"https:\/\/cooltivarte.com\/portal\/wp-content\/uploads\/2014\/05\/logo-cooltivarte-120x120.jpg","url":"https:\/\/cooltivarte.com\/portal\/wp-content\/uploads\/2014\/05\/logo-cooltivarte-120x120.jpg","contentUrl":"https:\/\/cooltivarte.com\/portal\/wp-content\/uploads\/2014\/05\/logo-cooltivarte-120x120.jpg","caption":"Cooltivarte"},"description":"Somos COOLTIVARTE.COM. Un portal digital dedicado a difundir el acontecer art\u00edstico y cultural del Uruguay. Estamos en la vuelta desde el a\u00f1o 2003, y como evoluci\u00f3n del bolet\u00edn Obolo Cultural, nos encontramos abocados a apoyar a los artistas nacionales brind\u00e1ndoles un espacio de difusi\u00f3n. Creemos en la idea de utilizar la potencialidad que hoy d\u00eda nos otorga la web, para que la cultura uruguaya y sus creadores dispongan de una din\u00e1mica ventana, que los ponga en contacto entre s\u00ed y con el mundo. Somos COOLTIVARTE.COM y pretendemos configurarnos como un portal din\u00e1mico, entretenido y atento a los nuevos emprendimientos, que busque siempre la interacci\u00f3n con los artistas.","sameAs":["http:\/\/www.cooltivarte.com","https:\/\/www.facebook.com\/cooltivartecom","https:\/\/www.instagram.com\/_cooltivarte_\/","https:\/\/www.linkedin.com\/company\/-bolocultural","https:\/\/www.pinterest.com\/cooltivarte\/","https:\/\/x.com\/https:\/\/x.com\/obolocultural","https:\/\/www.youtube.com\/@PrensaCooltivarte","https:\/\/www.tumblr.com\/blog\/cooltivarte"],"url":"https:\/\/cooltivarte.com\/portal\/author\/cooltivarte\/"}]}},"_links":{"self":[{"href":"https:\/\/cooltivarte.com\/portal\/wp-json\/wp\/v2\/posts\/122903","targetHints":{"allow":["GET"]}}],"collection":[{"href":"https:\/\/cooltivarte.com\/portal\/wp-json\/wp\/v2\/posts"}],"about":[{"href":"https:\/\/cooltivarte.com\/portal\/wp-json\/wp\/v2\/types\/post"}],"author":[{"embeddable":true,"href":"https:\/\/cooltivarte.com\/portal\/wp-json\/wp\/v2\/users\/8"}],"replies":[{"embeddable":true,"href":"https:\/\/cooltivarte.com\/portal\/wp-json\/wp\/v2\/comments?post=122903"}],"version-history":[{"count":3,"href":"https:\/\/cooltivarte.com\/portal\/wp-json\/wp\/v2\/posts\/122903\/revisions"}],"predecessor-version":[{"id":122907,"href":"https:\/\/cooltivarte.com\/portal\/wp-json\/wp\/v2\/posts\/122903\/revisions\/122907"}],"wp:featuredmedia":[{"embeddable":true,"href":"https:\/\/cooltivarte.com\/portal\/wp-json\/wp\/v2\/media\/122904"}],"wp:attachment":[{"href":"https:\/\/cooltivarte.com\/portal\/wp-json\/wp\/v2\/media?parent=122903"}],"wp:term":[{"taxonomy":"category","embeddable":true,"href":"https:\/\/cooltivarte.com\/portal\/wp-json\/wp\/v2\/categories?post=122903"},{"taxonomy":"post_tag","embeddable":true,"href":"https:\/\/cooltivarte.com\/portal\/wp-json\/wp\/v2\/tags?post=122903"}],"curies":[{"name":"wp","href":"https:\/\/api.w.org\/{rel}","templated":true}]}}