{"id":122756,"date":"2026-02-09T20:53:56","date_gmt":"2026-02-09T23:53:56","guid":{"rendered":"https:\/\/cooltivarte.com\/portal\/?p=122756"},"modified":"2026-02-09T20:56:05","modified_gmt":"2026-02-09T23:56:05","slug":"entrevista-a-jorge-alastra-y-andres-echevarria-poesia-y-canciones-en-el-castillo","status":"publish","type":"post","link":"https:\/\/cooltivarte.com\/portal\/entrevista-a-jorge-alastra-y-andres-echevarria-poesia-y-canciones-en-el-castillo\/","title":{"rendered":"Entrevista a Jorge Alastra y Andr\u00e9s Echevarr\u00eda &#8211; Poes\u00eda y canciones en el Castillo"},"content":{"rendered":"<p><iframe title=\"Poes\u00eda y canciones en el Castillo: Entrevista a Jorge Alastra y Andr\u00e9s Echevarr\u00eda\" src=\"https:\/\/www.youtube.com\/embed\/b6KyYhjb9wk?si=OzNJMZ-1KSiLbTJq\" width=\"100%\" height=\"515\" frameborder=\"0\" allowfullscreen=\"allowfullscreen\"><span data-mce-type=\"bookmark\" style=\"display: inline-block; width: 0px; overflow: hidden; line-height: 0;\" class=\"mce_SELRES_start\">\ufeff<\/span><\/iframe><br \/>\n&nbsp;<\/p>\n<h3><strong>Poes\u00eda y canciones en el Castillo: Entrevista a Jorge Alastra y Andr\u00e9s Echevarr\u00eda<\/strong><\/h3>\n<p><strong><br \/>\nMar\u00eda Jos\u00e9 Pieri<\/strong> y <strong>Diego Castro Famea<\/strong> se encontraron en el <strong>Castillo Pittamiglio de Montevideo<\/strong> con dos grandes artistas: el m\u00fasico <a href=\"https:\/\/cooltivarte.com\/portal\/?s=Jorge+Alastra\" target=\"_blank\" rel=\"noopener\"><strong>Jorge Alastra<\/strong><\/a> y el poeta <a href=\"https:\/\/cooltivarte.com\/portal\/?s=Andr%C3%A9s+Echevarr%C3%ADa\" target=\"_blank\" rel=\"noopener\"><strong>Andr\u00e9s Echevarr\u00eda<\/strong><\/a>.<\/p>\n<p>En esta charla, nos adelant<strong>an los detalles de su espect\u00e1culo &#8220;<em>Las cosas verdaderas<\/em>&#8220;, que presentar\u00e1n el pr\u00f3ximo viernes<\/strong> 13 de febrero 2026 en el <strong>Castillo Pittamiglio de Las Flores<\/strong> (Maldonado). Una propuesta que une poes\u00eda y canciones en un entorno m\u00e1gico, como parte del ciclo &#8220;<strong><em>Poes\u00eda &amp; M\u00fasica &#8211; Verano 2026<\/em><\/strong>&#8220;.<\/p>\n<p>Hablamos sobre la alquimia entre la palabra y la melod\u00eda, y c\u00f3mo estos dos universos creativos se potencian en escena.<\/p>\n<p>\u00a1No te pierdas esta nota llena de arte y m\u00edstica!<\/p>\n<p><strong>INFO DEL SHOW:&nbsp;<\/strong><br \/>\nViernes 13 de Febrero 2026 &#8211; 20 Hs.&nbsp;<br \/>\n<strong>Castillo Pittamiglio<\/strong> (Ruta 71, Estaci\u00f3n Las Flores, Maldonado).&nbsp;<br \/>\n\ufe0f Entrada Libre.<\/p>\n<p>&nbsp;<\/p>\n<p>&nbsp;<\/p>\n","protected":false},"excerpt":{"rendered":"<p>Poes\u00eda y canciones en el Castillo: Entrevista a Jorge Alastra y Andr\u00e9s Echevarr\u00eda<\/p>\n<p>Mar\u00eda Jos\u00e9 Pieri y Diego Castro Famea se encontraron en el Castillo Pittamiglio de Montevideo con dos grandes artistas: el m\u00fasico Jorge Alastra y el poeta Andr\u00e9s Echevarr\u00eda.<\/p>\n<p>En esta charla, nos adelantan los detalles de su espect\u00e1culo &#8220;Las cosas verdaderas&#8221;, que presentar\u00e1n el pr\u00f3ximo viernes 13 de febrero 2026 en el Castillo Pittamiglio de Las Flores (Maldonado). Una propuesta que une poes\u00eda y canciones en un entorno m\u00e1gico, como parte del ciclo &#8220;Poes\u00eda &#038; M\u00fasica &#8211; Verano 2026&#8221;.<\/p>\n<p>Hablamos sobre la alquimia entre la palabra y la melod\u00eda, y c\u00f3mo estos dos universos creativos se potencian en escena.<\/p>\n<p>\u00a1No te pierdas esta nota llena de arte y m\u00edstica!<\/p>\n<p>INFO DEL SHOW:\u00a0<br \/>\n Viernes 13 de Febrero 2026 &#8211; 20 Hs.\u00a0<br \/>\n Castillo Pittamiglio (Ruta 71, Estaci\u00f3n Las Flores, Maldonado).\u00a0<br \/>\n\ufe0f Entrada Libre.<\/p>\n","protected":false},"author":221,"featured_media":122757,"comment_status":"closed","ping_status":"closed","sticky":false,"template":"","format":"standard","meta":{"om_disable_all_campaigns":false,"ngg_post_thumbnail":0,"jnews-multi-image_gallery":[],"jnews_single_post":{"subtitle":"Viernes 13 de Febrero 2026 - 20 Hs.\u00a0 - Castillo Pittamiglio de Las Flores (Maldonado)","format":"standard","override":[{"template":"4","parallax":"1","layout":"right-sidebar","sidebar":"default-sidebar","second_sidebar":"default-sidebar","sticky_sidebar":"1","share_position":"bottom","share_float_style":"share-monocrhome","show_share_counter":"1","show_view_counter":"1","show_featured":"1","show_post_meta":"1","show_post_author":"1","show_post_author_image":"1","show_post_date":"1","post_date_format":"default","post_date_format_custom":"Y\/m\/d","show_post_category":"1","post_reading_time_wpm":"300","post_calculate_word_method":"str_word_count","zoom_button_out_step":"2","zoom_button_in_step":"3","show_post_tag":"1","show_prev_next_post":"1","show_popup_post":"1","show_comment_section":"1","number_popup_post":"1","show_author_box":"1","show_post_related":"0","show_inline_post_related":"0"}],"image_override":[{"single_post_thumbnail_size":"no-crop","single_post_gallery_size":"crop-500"}],"trending_post_position":"meta","trending_post_label":"Trending","sponsored_post_label":"Sponsored by","disable_ad":"0"},"jnews_primary_category":[],"jnews_social_meta":[],"jnews_override_counter":{"view_counter_number":"0","share_counter_number":"0","like_counter_number":"0","dislike_counter_number":"0"},"footnotes":""},"categories":[55],"tags":[8499,488,24239,368,25679,197],"class_list":["post-122756","post","type-post","status-publish","format-standard","has-post-thumbnail","hentry","category-poesia","tag-andres-echevarria","tag-canciones","tag-castillo-pittamiglio","tag-jorge-alastra","tag-las-cosas-verdaderas","tag-poesia-2"],"yoast_head":"<!-- This site is optimized with the Yoast SEO plugin v27.5 - https:\/\/yoast.com\/product\/yoast-seo-wordpress\/ -->\n<title>Entrevista a Jorge Alastra y Andr\u00e9s Echevarr\u00eda - Poes\u00eda y canciones en el Castillo - Cooltivarte Portal<\/title>\n<meta name=\"description\" content=\"COOLTIVARTE.COM es un portal digital colaborativo de actualizaci\u00f3n permanente dedicado a difundir el acontecer art\u00edstico y cultural, entrevista artistas, gestores y productores de las diferentes disciplinas del arte, y publicando art\u00edculos de reflexi\u00f3n de producci\u00f3n propia sobre los elementos culturales.\" \/>\n<meta name=\"robots\" content=\"index, follow, max-snippet:-1, max-image-preview:large, max-video-preview:-1\" \/>\n<link rel=\"canonical\" href=\"https:\/\/cooltivarte.com\/portal\/entrevista-a-jorge-alastra-y-andres-echevarria-poesia-y-canciones-en-el-castillo\/\" \/>\n<meta property=\"og:locale\" content=\"es_ES\" \/>\n<meta property=\"og:type\" content=\"article\" \/>\n<meta property=\"og:title\" content=\"Entrevista a Jorge Alastra y Andr\u00e9s Echevarr\u00eda - Poes\u00eda y canciones en el Castillo by Mar\u00eda Jos\u00e9 Pieri y Diego Castro Famea\" \/>\n<meta property=\"og:description\" content=\"COOLTIVARTE.COM es un portal digital colaborativo de actualizaci\u00f3n permanente dedicado a difundir el acontecer art\u00edstico y cultural, entrevista artistas, gestores y productores de las diferentes disciplinas del arte, y publicando art\u00edculos de reflexi\u00f3n de producci\u00f3n propia sobre los elementos culturales.\" \/>\n<meta property=\"og:url\" content=\"https:\/\/cooltivarte.com\/portal\/entrevista-a-jorge-alastra-y-andres-echevarria-poesia-y-canciones-en-el-castillo\/\" \/>\n<meta property=\"og:site_name\" content=\"Cooltivarte Portal\" \/>\n<meta property=\"article:publisher\" content=\"https:\/\/www.facebook.com\/cooltivartecom\/\" \/>\n<meta property=\"article:author\" content=\"https:\/\/www.facebook.com\/maria.jose.pieri\" \/>\n<meta property=\"article:published_time\" content=\"2026-02-09T23:53:56+00:00\" \/>\n<meta property=\"article:modified_time\" content=\"2026-02-09T23:56:05+00:00\" \/>\n<meta property=\"og:image\" content=\"https:\/\/cooltivarte.com\/portal\/wp-content\/uploads\/2026\/02\/Entrevista-a-Jorge-Alastra-y-Andres-Echevarria-Poesia-y-canciones-en-el-Castillo-.png\" \/>\n\t<meta property=\"og:image:width\" content=\"1170\" \/>\n\t<meta property=\"og:image:height\" content=\"667\" \/>\n\t<meta property=\"og:image:type\" content=\"image\/png\" \/>\n<meta name=\"author\" content=\"Mar\u00eda Jos\u00e9 Pieri\" \/>\n<meta name=\"twitter:card\" content=\"summary_large_image\" \/>\n<meta name=\"twitter:title\" content=\"Entrevista a Jorge Alastra y Andr\u00e9s Echevarr\u00eda - Poes\u00eda y canciones en el Castillo by Mar\u00eda Jos\u00e9 Pieri y Diego Castro Famea\" \/>\n<meta name=\"twitter:image\" content=\"https:\/\/cooltivarte.com\/portal\/wp-content\/uploads\/2026\/02\/Entrevista-a-Jorge-Alastra-y-Andres-Echevarria-Poesia-y-canciones-en-el-Castillo-.png\" \/>\n<meta name=\"twitter:creator\" content=\"@https:\/\/x.com\/majo70\" \/>\n<meta name=\"twitter:site\" content=\"@obolocultural\" \/>\n<meta name=\"twitter:label1\" content=\"Escrito por\" \/>\n\t<meta name=\"twitter:data1\" content=\"Mar\u00eda Jos\u00e9 Pieri\" \/>\n\t<meta name=\"twitter:label2\" content=\"Tiempo de lectura\" \/>\n\t<meta name=\"twitter:data2\" content=\"1 minuto\" \/>\n<!-- \/ Yoast SEO plugin. -->","yoast_head_json":{"title":"Entrevista a Jorge Alastra y Andr\u00e9s Echevarr\u00eda - Poes\u00eda y canciones en el Castillo - Cooltivarte Portal","description":"COOLTIVARTE.COM es un portal digital colaborativo de actualizaci\u00f3n permanente dedicado a difundir el acontecer art\u00edstico y cultural, entrevista artistas, gestores y productores de las diferentes disciplinas del arte, y publicando art\u00edculos de reflexi\u00f3n de producci\u00f3n propia sobre los elementos culturales.","robots":{"index":"index","follow":"follow","max-snippet":"max-snippet:-1","max-image-preview":"max-image-preview:large","max-video-preview":"max-video-preview:-1"},"canonical":"https:\/\/cooltivarte.com\/portal\/entrevista-a-jorge-alastra-y-andres-echevarria-poesia-y-canciones-en-el-castillo\/","og_locale":"es_ES","og_type":"article","og_title":"Entrevista a Jorge Alastra y Andr\u00e9s Echevarr\u00eda - Poes\u00eda y canciones en el Castillo by Mar\u00eda Jos\u00e9 Pieri y Diego Castro Famea","og_description":"COOLTIVARTE.COM es un portal digital colaborativo de actualizaci\u00f3n permanente dedicado a difundir el acontecer art\u00edstico y cultural, entrevista artistas, gestores y productores de las diferentes disciplinas del arte, y publicando art\u00edculos de reflexi\u00f3n de producci\u00f3n propia sobre los elementos culturales.","og_url":"https:\/\/cooltivarte.com\/portal\/entrevista-a-jorge-alastra-y-andres-echevarria-poesia-y-canciones-en-el-castillo\/","og_site_name":"Cooltivarte Portal","article_publisher":"https:\/\/www.facebook.com\/cooltivartecom\/","article_author":"https:\/\/www.facebook.com\/maria.jose.pieri","article_published_time":"2026-02-09T23:53:56+00:00","article_modified_time":"2026-02-09T23:56:05+00:00","og_image":[{"width":1170,"height":667,"url":"https:\/\/cooltivarte.com\/portal\/wp-content\/uploads\/2026\/02\/Entrevista-a-Jorge-Alastra-y-Andres-Echevarria-Poesia-y-canciones-en-el-Castillo-.png","type":"image\/png"}],"author":"Mar\u00eda Jos\u00e9 Pieri","twitter_card":"summary_large_image","twitter_title":"Entrevista a Jorge Alastra y Andr\u00e9s Echevarr\u00eda - Poes\u00eda y canciones en el Castillo by Mar\u00eda Jos\u00e9 Pieri y Diego Castro Famea","twitter_image":"https:\/\/cooltivarte.com\/portal\/wp-content\/uploads\/2026\/02\/Entrevista-a-Jorge-Alastra-y-Andres-Echevarria-Poesia-y-canciones-en-el-Castillo-.png","twitter_creator":"@https:\/\/x.com\/majo70","twitter_site":"@obolocultural","twitter_misc":{"Escrito por":"Mar\u00eda Jos\u00e9 Pieri","Tiempo de lectura":"1 minuto"},"schema":{"@context":"https:\/\/schema.org","@graph":[{"@type":"NewsArticle","@id":"https:\/\/cooltivarte.com\/portal\/entrevista-a-jorge-alastra-y-andres-echevarria-poesia-y-canciones-en-el-castillo\/#article","isPartOf":{"@id":"https:\/\/cooltivarte.com\/portal\/entrevista-a-jorge-alastra-y-andres-echevarria-poesia-y-canciones-en-el-castillo\/"},"author":{"name":"Mar\u00eda Jos\u00e9 Pieri","@id":"https:\/\/cooltivarte.com\/portal\/#\/schema\/person\/06ef0e0148e87cc17ab57dd1c0ecab47"},"headline":"Entrevista a Jorge Alastra y Andr\u00e9s Echevarr\u00eda &#8211; Poes\u00eda y canciones en el Castillo","datePublished":"2026-02-09T23:53:56+00:00","dateModified":"2026-02-09T23:56:05+00:00","mainEntityOfPage":{"@id":"https:\/\/cooltivarte.com\/portal\/entrevista-a-jorge-alastra-y-andres-echevarria-poesia-y-canciones-en-el-castillo\/"},"wordCount":177,"publisher":{"@id":"https:\/\/cooltivarte.com\/portal\/#organization"},"image":{"@id":"https:\/\/cooltivarte.com\/portal\/entrevista-a-jorge-alastra-y-andres-echevarria-poesia-y-canciones-en-el-castillo\/#primaryimage"},"thumbnailUrl":"https:\/\/cooltivarte.com\/portal\/wp-content\/uploads\/2026\/02\/Entrevista-a-Jorge-Alastra-y-Andres-Echevarria-Poesia-y-canciones-en-el-Castillo-.png","keywords":["ANDR\u00c9S ECHEVARR\u00cdA","canciones","Castillo Pittamiglio","Jorge Alastra","Las cosas verdaderas","Poes\u00eda"],"articleSection":["Poetas"],"inLanguage":"es-AR"},{"@type":"WebPage","@id":"https:\/\/cooltivarte.com\/portal\/entrevista-a-jorge-alastra-y-andres-echevarria-poesia-y-canciones-en-el-castillo\/","url":"https:\/\/cooltivarte.com\/portal\/entrevista-a-jorge-alastra-y-andres-echevarria-poesia-y-canciones-en-el-castillo\/","name":"Entrevista a Jorge Alastra y Andr\u00e9s Echevarr\u00eda - Poes\u00eda y canciones en el Castillo - Cooltivarte Portal","isPartOf":{"@id":"https:\/\/cooltivarte.com\/portal\/#website"},"primaryImageOfPage":{"@id":"https:\/\/cooltivarte.com\/portal\/entrevista-a-jorge-alastra-y-andres-echevarria-poesia-y-canciones-en-el-castillo\/#primaryimage"},"image":{"@id":"https:\/\/cooltivarte.com\/portal\/entrevista-a-jorge-alastra-y-andres-echevarria-poesia-y-canciones-en-el-castillo\/#primaryimage"},"thumbnailUrl":"https:\/\/cooltivarte.com\/portal\/wp-content\/uploads\/2026\/02\/Entrevista-a-Jorge-Alastra-y-Andres-Echevarria-Poesia-y-canciones-en-el-Castillo-.png","datePublished":"2026-02-09T23:53:56+00:00","dateModified":"2026-02-09T23:56:05+00:00","description":"COOLTIVARTE.COM es un portal digital colaborativo de actualizaci\u00f3n permanente dedicado a difundir el acontecer art\u00edstico y cultural, entrevista artistas, gestores y productores de las diferentes disciplinas del arte, y publicando art\u00edculos de reflexi\u00f3n de producci\u00f3n propia sobre los elementos culturales.","breadcrumb":{"@id":"https:\/\/cooltivarte.com\/portal\/entrevista-a-jorge-alastra-y-andres-echevarria-poesia-y-canciones-en-el-castillo\/#breadcrumb"},"inLanguage":"es-AR","potentialAction":[{"@type":"ReadAction","target":["https:\/\/cooltivarte.com\/portal\/entrevista-a-jorge-alastra-y-andres-echevarria-poesia-y-canciones-en-el-castillo\/"]}]},{"@type":"ImageObject","inLanguage":"es-AR","@id":"https:\/\/cooltivarte.com\/portal\/entrevista-a-jorge-alastra-y-andres-echevarria-poesia-y-canciones-en-el-castillo\/#primaryimage","url":"https:\/\/cooltivarte.com\/portal\/wp-content\/uploads\/2026\/02\/Entrevista-a-Jorge-Alastra-y-Andres-Echevarria-Poesia-y-canciones-en-el-Castillo-.png","contentUrl":"https:\/\/cooltivarte.com\/portal\/wp-content\/uploads\/2026\/02\/Entrevista-a-Jorge-Alastra-y-Andres-Echevarria-Poesia-y-canciones-en-el-Castillo-.png","width":1170,"height":667,"caption":"Entrevista a Jorge Alastra y Andr\u00e9s Echevarr\u00eda - Poes\u00eda y canciones en el Castillo"},{"@type":"BreadcrumbList","@id":"https:\/\/cooltivarte.com\/portal\/entrevista-a-jorge-alastra-y-andres-echevarria-poesia-y-canciones-en-el-castillo\/#breadcrumb","itemListElement":[{"@type":"ListItem","position":1,"name":"Portada","item":"https:\/\/cooltivarte.com\/portal\/"},{"@type":"ListItem","position":2,"name":"Entrevista a Jorge Alastra y Andr\u00e9s Echevarr\u00eda &#8211; Poes\u00eda y canciones en el Castillo"}]},{"@type":"WebSite","@id":"https:\/\/cooltivarte.com\/portal\/#website","url":"https:\/\/cooltivarte.com\/portal\/","name":"Cooltivarte Portal","description":"Arte, cultura y turismo para el mundo ...","publisher":{"@id":"https:\/\/cooltivarte.com\/portal\/#organization"},"potentialAction":[{"@type":"SearchAction","target":{"@type":"EntryPoint","urlTemplate":"https:\/\/cooltivarte.com\/portal\/?s={search_term_string}"},"query-input":{"@type":"PropertyValueSpecification","valueRequired":true,"valueName":"search_term_string"}}],"inLanguage":"es-AR"},{"@type":"Organization","@id":"https:\/\/cooltivarte.com\/portal\/#organization","name":"cooltivarte","url":"https:\/\/cooltivarte.com\/portal\/","logo":{"@type":"ImageObject","inLanguage":"es-AR","@id":"https:\/\/cooltivarte.com\/portal\/#\/schema\/logo\/image\/","url":"https:\/\/cooltivarte.com\/portal\/wp-content\/uploads\/2020\/04\/logo-cooltivarte-v2.png","contentUrl":"https:\/\/cooltivarte.com\/portal\/wp-content\/uploads\/2020\/04\/logo-cooltivarte-v2.png","width":851,"height":243,"caption":"cooltivarte"},"image":{"@id":"https:\/\/cooltivarte.com\/portal\/#\/schema\/logo\/image\/"},"sameAs":["https:\/\/www.facebook.com\/cooltivartecom\/","https:\/\/x.com\/obolocultural","https:\/\/www.instagram.com\/_cooltivarte_\/","https:\/\/www.linkedin.com\/company\/-bolocultural?reportsuccess=8zaNG1HwhPbAR9iQhZ5rfGeqz_vQFftHun0ZWU0Wy9vNemRJ8vtcKdJvzQfW8XagyOJSKg0XvfJ1dp","https:\/\/www.pinterest.com\/cooltivarte\/","https:\/\/cooltivarte.tumblr.com\/","https:\/\/www.tiktok.com\/@cooltivarte","https:\/\/www.youtube.com\/@PrensaCooltivarte"]},{"@type":"Person","@id":"https:\/\/cooltivarte.com\/portal\/#\/schema\/person\/06ef0e0148e87cc17ab57dd1c0ecab47","name":"Mar\u00eda Jos\u00e9 Pieri","image":{"@type":"ImageObject","inLanguage":"es-AR","@id":"https:\/\/cooltivarte.com\/portal\/wp-content\/uploads\/2024\/07\/Majo-Pieri-120x120.jpeg","url":"https:\/\/cooltivarte.com\/portal\/wp-content\/uploads\/2024\/07\/Majo-Pieri-120x120.jpeg","contentUrl":"https:\/\/cooltivarte.com\/portal\/wp-content\/uploads\/2024\/07\/Majo-Pieri-120x120.jpeg","caption":"Mar\u00eda Jos\u00e9 Pieri"},"description":"UDELAR, CIENCIAS DE LA COMUNICACI\u00d3N Mujer y madre de adolescente, descubr\u00ed hace a\u00f1os el mundo de la producci\u00f3n teatral, en b\u00fasqueda de profundizar en conocimientos y herramientas para poder desarrollar m\u00e1s esa veta en presente y futuro.","sameAs":["https:\/\/cooltivarte.com\/portal\/author\/maria-jose-pieri\/","https:\/\/www.facebook.com\/maria.jose.pieri","https:\/\/www.instagram.com\/majo_p970\/","https:\/\/www.linkedin.com\/in\/maria-jose-pieri-5939a921\/","https:\/\/www.pinterest.com\/cooltivarte","https:\/\/x.com\/https:\/\/x.com\/majo70","https:\/\/www.youtube.com\/@PrensaCooltivarte","https:\/\/www.tumblr.com\/blog\/cooltivarte"],"url":"https:\/\/cooltivarte.com\/portal\/author\/maria-jose-pieri\/"}]}},"_links":{"self":[{"href":"https:\/\/cooltivarte.com\/portal\/wp-json\/wp\/v2\/posts\/122756","targetHints":{"allow":["GET"]}}],"collection":[{"href":"https:\/\/cooltivarte.com\/portal\/wp-json\/wp\/v2\/posts"}],"about":[{"href":"https:\/\/cooltivarte.com\/portal\/wp-json\/wp\/v2\/types\/post"}],"author":[{"embeddable":true,"href":"https:\/\/cooltivarte.com\/portal\/wp-json\/wp\/v2\/users\/221"}],"replies":[{"embeddable":true,"href":"https:\/\/cooltivarte.com\/portal\/wp-json\/wp\/v2\/comments?post=122756"}],"version-history":[{"count":2,"href":"https:\/\/cooltivarte.com\/portal\/wp-json\/wp\/v2\/posts\/122756\/revisions"}],"predecessor-version":[{"id":122759,"href":"https:\/\/cooltivarte.com\/portal\/wp-json\/wp\/v2\/posts\/122756\/revisions\/122759"}],"wp:featuredmedia":[{"embeddable":true,"href":"https:\/\/cooltivarte.com\/portal\/wp-json\/wp\/v2\/media\/122757"}],"wp:attachment":[{"href":"https:\/\/cooltivarte.com\/portal\/wp-json\/wp\/v2\/media?parent=122756"}],"wp:term":[{"taxonomy":"category","embeddable":true,"href":"https:\/\/cooltivarte.com\/portal\/wp-json\/wp\/v2\/categories?post=122756"},{"taxonomy":"post_tag","embeddable":true,"href":"https:\/\/cooltivarte.com\/portal\/wp-json\/wp\/v2\/tags?post=122756"}],"curies":[{"name":"wp","href":"https:\/\/api.w.org\/{rel}","templated":true}]}}