{"id":122750,"date":"2026-02-09T20:04:47","date_gmt":"2026-02-09T23:04:47","guid":{"rendered":"https:\/\/cooltivarte.com\/portal\/?p=122750"},"modified":"2026-02-09T20:10:20","modified_gmt":"2026-02-09T23:10:20","slug":"fallos-del-desfile-de-llamadas-2026-carnaval","status":"publish","type":"post","link":"https:\/\/cooltivarte.com\/portal\/fallos-del-desfile-de-llamadas-2026-carnaval\/","title":{"rendered":"Fallos del Desfile de Llamadas 2026 &#8211; Carnaval"},"content":{"rendered":"<figure id=\"attachment_122751\" aria-describedby=\"caption-attachment-122751\" style=\"width: 683px\" class=\"wp-caption aligncenter\"><img fetchpriority=\"high\" decoding=\"async\" class=\"wp-image-122751 size-large\" title=\"Desfile de Llamadas 2026 \u2013 6 de febrero \u2013 Barrios Sur y Palermo de Montevideo by Federico David\" src=\"https:\/\/cooltivarte.com\/portal\/wp-content\/uploads\/2026\/02\/CUAREIM-1080-Desfile-de-Llamadas-2026-\u2013-6-de-febrero-\u2013-Barrios-Sur-y-Palermo-de-Montevideo-by-Federico-David-683x1024.jpg\" alt=\"Desfile de Llamadas 2026 \u2013 6 de febrero \u2013 Barrios Sur y Palermo de Montevideo by Federico David\" width=\"683\" height=\"1024\" srcset=\"https:\/\/cooltivarte.com\/portal\/wp-content\/uploads\/2026\/02\/CUAREIM-1080-Desfile-de-Llamadas-2026-\u2013-6-de-febrero-\u2013-Barrios-Sur-y-Palermo-de-Montevideo-by-Federico-David-683x1024.jpg 683w, https:\/\/cooltivarte.com\/portal\/wp-content\/uploads\/2026\/02\/CUAREIM-1080-Desfile-de-Llamadas-2026-\u2013-6-de-febrero-\u2013-Barrios-Sur-y-Palermo-de-Montevideo-by-Federico-David-200x300.jpg 200w, https:\/\/cooltivarte.com\/portal\/wp-content\/uploads\/2026\/02\/CUAREIM-1080-Desfile-de-Llamadas-2026-\u2013-6-de-febrero-\u2013-Barrios-Sur-y-Palermo-de-Montevideo-by-Federico-David-768x1152.jpg 768w, https:\/\/cooltivarte.com\/portal\/wp-content\/uploads\/2026\/02\/CUAREIM-1080-Desfile-de-Llamadas-2026-\u2013-6-de-febrero-\u2013-Barrios-Sur-y-Palermo-de-Montevideo-by-Federico-David-1024x1536.jpg 1024w, https:\/\/cooltivarte.com\/portal\/wp-content\/uploads\/2026\/02\/CUAREIM-1080-Desfile-de-Llamadas-2026-\u2013-6-de-febrero-\u2013-Barrios-Sur-y-Palermo-de-Montevideo-by-Federico-David.jpg 1197w\" sizes=\"(max-width: 683px) 100vw, 683px\" \/><figcaption id=\"caption-attachment-122751\" class=\"wp-caption-text\">Desfile de Llamadas 2026 \u2013 6 de febrero \u2013 Barrios Sur y Palermo de Montevideo by Federico David<\/figcaption><\/figure>\n<p>&nbsp;<\/p>\n<h3><a href=\"https:\/\/cooltivarte.com\/portal\/?s=Carnaval\" target=\"_blank\" rel=\"noopener\">Carnaval<\/a><br \/>\nFallos del <a href=\"https:\/\/cooltivarte.com\/portal\/?s=Desfile+de+Llamadas+2026\" target=\"_blank\" rel=\"noopener\">Desfile de Llamadas 2026<\/a><\/h3>\n<p><a href=\"https:\/\/cooltivarte.com\/portal\/?s=Cuareim+1080\" target=\"_blank\" rel=\"noopener\"><strong>Cuareim 1080<\/strong><\/a> fue la ganadora entre las 44 comparsas que concursaron y recorrieron la calle Isla de Flores, desde Zelmar Michelini hasta Minas, al celebrar una de las fiestas m\u00e1s grandes del pa\u00eds.<\/p>\n<p>&nbsp;<\/p>\n<p data-renderer-start-pos=\"624\">Las posiciones finales de las comparsas con sus respectivos puntajes fueron los siguientes:<\/p>\n<div dir=\"auto\" data-smartmail=\"gmail_signature\">1.&nbsp;<strong>Cuareim 1080<\/strong>, 2606 puntos&nbsp;<\/div>\n<div dir=\"auto\" data-smartmail=\"gmail_signature\">2.<strong>&nbsp;Valores,<\/strong>&nbsp;2570 puntos&nbsp;<\/div>\n<div dir=\"auto\" data-smartmail=\"gmail_signature\">3.&nbsp;<strong>Yambo Kenia,<\/strong>&nbsp;2506 puntos<\/div>\n<div dir=\"auto\" data-smartmail=\"gmail_signature\">4.<strong>&nbsp;Cencerib\u00f3<\/strong>, 2499 puntos&nbsp;<\/div>\n<div dir=\"auto\" data-smartmail=\"gmail_signature\">5.<strong>&nbsp;Lonjas de Ciudad Vieja<\/strong>, 2449 puntos&nbsp;<\/div>\n<div dir=\"auto\" data-smartmail=\"gmail_signature\">6.&nbsp;<strong>La Unicand\u00f3<\/strong>, 2445 puntos&nbsp;<\/div>\n<div dir=\"auto\" data-smartmail=\"gmail_signature\">7.<strong>&nbsp;M\u00e1s que lonja<\/strong>, 2403 puntos&nbsp;<\/div>\n<div dir=\"auto\" data-smartmail=\"gmail_signature\">8.<strong>&nbsp;Nimba<\/strong>, 2393 puntos&nbsp;<\/div>\n<div dir=\"auto\" data-smartmail=\"gmail_signature\">9.&nbsp;<strong>La Sara del Cord\u00f3n<\/strong>, 2376 puntos&nbsp;<\/div>\n<div dir=\"auto\" data-smartmail=\"gmail_signature\">10.<strong>&nbsp;Integraci\u00f3n<\/strong>, 2374 puntos&nbsp;<\/div>\n<div dir=\"auto\" data-smartmail=\"gmail_signature\">11.<strong>&nbsp;La Tang\u00f3<\/strong>, 2363 puntos&nbsp;<\/div>\n<div dir=\"auto\" data-smartmail=\"gmail_signature\">12.&nbsp;<strong>Candonga Africana<\/strong>, 2346 puntos&nbsp;<\/div>\n<div dir=\"auto\" data-smartmail=\"gmail_signature\">13.<strong>&nbsp;La Jacinta<\/strong>, 2326 puntos<\/div>\n<div dir=\"auto\" data-smartmail=\"gmail_signature\">14.&nbsp;<strong>Lonjas de Cuareim<\/strong>&nbsp;2313 puntos<\/div>\n<div dir=\"auto\" data-smartmail=\"gmail_signature\">15.&nbsp;<strong>Batea de Tacuar\u00ed<\/strong>, 2304 puntos&nbsp;<\/div>\n<div dir=\"auto\" data-smartmail=\"gmail_signature\">16.<strong>&nbsp;La Fuerza<\/strong>, 2279 puntos&nbsp;<\/div>\n<div dir=\"auto\">17.<strong>&nbsp;La Rod\u00f3<\/strong>, 2250 puntos&nbsp;<\/div>\n<div dir=\"auto\">18<strong>.&nbsp;Kalumkemb\u00e9<\/strong>, 2235 puntos&nbsp;<\/div>\n<div dir=\"auto\">19.<strong>&nbsp;Barrica<\/strong>, 2231 puntos&nbsp;<\/div>\n<div dir=\"auto\">20.&nbsp;<strong>Eleggu\u00e1<\/strong>, 2210 puntos&nbsp;<\/div>\n<div dir=\"auto\">21.&nbsp;<strong>Afrocan<\/strong>, 2205 puntos&nbsp;<\/div>\n<div dir=\"auto\">22.&nbsp;<strong>La Facala<\/strong>, 2192 puntos&nbsp;<\/div>\n<div dir=\"auto\">23.&nbsp;<strong>La Sombra Candombe,&nbsp;<\/strong>2179 puntos&nbsp;<\/div>\n<div dir=\"auto\">24. <strong>La que mueve Ciudad del Plata<\/strong>, 2163 puntos&nbsp;<\/div>\n<div dir=\"auto\">25. <strong>Lonjas de San Marcos<\/strong>, 2158 puntos&nbsp;<\/div>\n<div dir=\"auto\">26. <strong>La Fabini<\/strong>, 2154 puntos&nbsp;<\/div>\n<div dir=\"auto\">27.<strong> La Gozadera<\/strong>, 2118 puntos&nbsp;<\/div>\n<div dir=\"auto\">28.<strong> Son Candomberos<\/strong>, 2093 puntos&nbsp;<\/div>\n<div dir=\"auto\">29.<strong> Malanque<\/strong>, 2090 puntos&nbsp;<\/div>\n<div dir=\"auto\">30. <strong>Makondo<\/strong>, 2073 puntos&nbsp;<\/div>\n<div dir=\"auto\">31. <strong>La Malunga<\/strong>, 2060 puntos&nbsp;<\/div>\n<div dir=\"auto\">32. <strong>Zumba\u00e9<\/strong>, 2039 puntos<\/div>\n<div dir=\"auto\">33. <strong>CLB Lonjas de Belgrano<\/strong>, 2022 puntos<\/div>\n<div dir=\"auto\">34. <strong>La Negra<\/strong>, 2017 puntos&nbsp;<\/div>\n<div dir=\"auto\">35. <strong>Rosario 250<\/strong>, 2016 puntos&nbsp;<\/div>\n<div dir=\"auto\">36.<strong> Ubuntu<\/strong>, 2015 puntos<\/div>\n<div dir=\"auto\">37. <strong>Al Son de Tula<\/strong>, 1950 puntos&nbsp;<\/div>\n<div dir=\"auto\">38.<strong> El Vacil\u00f3n de Rieles<\/strong>, 1932 puntos&nbsp;<\/div>\n<div dir=\"auto\">39. <strong>Hay q\u2019darle<\/strong>, 1919 puntos<\/div>\n<div dir=\"auto\">40.<strong> La Covacha<\/strong>, 1868 puntos&nbsp;<\/div>\n<div dir=\"auto\">41. <strong>Kimbundu<\/strong>, 1795 puntos&nbsp;<\/div>\n<div dir=\"auto\">42. <strong>La V\u00eda<\/strong>, 1787 puntos&nbsp;<\/div>\n<div dir=\"auto\">43. <strong>Kind\u00fa<\/strong>, 1690 puntos&nbsp;<\/div>\n<div dir=\"auto\">44. <strong>Fortaleza Candombera<\/strong>, 1622 puntos<\/div>\n<div dir=\"auto\" data-smartmail=\"gmail_signature\">&nbsp;<\/div>\n<div dir=\"auto\" data-smartmail=\"gmail_signature\">\n<p><strong>ACLARACI\u00d3N<\/strong><\/p>\n<p>Como consecuencia de un error administrativo, durante la madrugada en la que se procedi\u00f3 a la comunicaci\u00f3n del fallo se omiti\u00f3 la aplicaci\u00f3n de la sanci\u00f3n prevista en el art\u00edculo 37 del Reglamento a la comparsa ubicada en el puesto n\u00famero 17 (<strong>Zumba\u00e9<\/strong>), la cual hab\u00eda sido notificada oportunamente al momento de detectarse la infracci\u00f3n.<\/p>\n<p>Constatada dicha omisi\u00f3n, y en estricto cumplimiento de la normativa vigente, se procedi\u00f3 a aplicar la sanci\u00f3n correspondiente, lo que determina la modificaci\u00f3n del fallo a partir del puesto mencionado. Zumba\u00e9 pas\u00f3 a ocupar el puesto 32.<\/p>\n<\/div>\n<div dir=\"auto\" data-smartmail=\"gmail_signature\">&nbsp;<\/div>\n<div dir=\"auto\" data-smartmail=\"gmail_signature\">Las primeras 23 comparsas -de acuerdo al puntaje establecido por el jurado- quedar\u00e1n habilitadas para participar del Desfile de Llamadas 2027.&nbsp;<\/div>\n<div dir=\"auto\" data-smartmail=\"gmail_signature\">&nbsp;<\/div>\n<div dir=\"auto\" data-smartmail=\"gmail_signature\">Los restantes 23 lugares previstos para dicho desfile, ser\u00e1n ocupados por aquellas comparsas que pasen la correspondiente Llamada de Admisi\u00f3n.<\/div>\n<p data-renderer-start-pos=\"730\">Con el objetivo de estimular y compensar el esfuerzo art\u00edstico de figuras y cuadros, tambi\u00e9n se distingui\u00f3 a:<\/p>\n<div dir=\"auto\" data-smartmail=\"gmail_signature\"><strong>Menciones<\/strong><\/div>\n<div dir=\"auto\" data-smartmail=\"gmail_signature\">&nbsp;<\/div>\n<ul>\n<li>\n<div dir=\"auto\" data-smartmail=\"gmail_signature\">Mejor cuerda de tambores: <strong>Valores<\/strong><\/div>\n<\/li>\n<li>\n<div dir=\"auto\" data-smartmail=\"gmail_signature\">Mejor cuerpo de baile: <strong>Cuareim 1080<\/strong><\/div>\n<\/li>\n<li>\n<div dir=\"auto\" data-smartmail=\"gmail_signature\">Mejor cuadro de gramilla: <strong>Malanque&nbsp;<\/strong><\/div>\n<\/li>\n<li>\n<div dir=\"auto\" data-smartmail=\"gmail_signature\">Mejor escobero: <strong>Maximiliano Su\u00e1rez<\/strong> <strong>(Integraci\u00f3n)<\/strong><\/div>\n<\/li>\n<li>\n<div dir=\"auto\" data-smartmail=\"gmail_signature\">Mejor cuadro de trofeos: <strong>Valores&nbsp;<\/strong><\/div>\n<\/li>\n<li>\n<div dir=\"auto\" data-smartmail=\"gmail_signature\">Mejor vedette: <strong>Micaela Pintos (La Sara del Cord\u00f3n)<\/strong><\/div>\n<\/li>\n<li>\n<div dir=\"auto\" data-smartmail=\"gmail_signature\">Mejor partener:<strong> Carlos Alem\u00e1n (Zumbae)<\/strong><\/div>\n<\/li>\n<\/ul>\n<h4><strong>Jurados del desfile<\/strong><\/h4>\n<p data-renderer-start-pos=\"38\">Las personas designadas para integrar el Jurado del Desfile de Llamadas 2026 fueron:<\/p>\n<p data-renderer-start-pos=\"38\"><span data-testid=\"comment-base-item-720073\"><strong data-renderer-mark=\"true\">RUBRO 1 &#8211; Cuerda de Tambores<\/strong><\/span><br \/>\n<span data-testid=\"comment-base-item-720073\">Alejandro Simone<\/span><br \/>\n<span data-testid=\"comment-base-item-720073\">Fernando Silva \u201cHur\u00f3n\u201d<\/span><br \/>\n<span data-testid=\"comment-base-item-720073\">Miguel Garc\u00eda<\/span><br \/>\n<span data-testid=\"comment-base-item-720073\">Leticia Tazzi<\/span><\/p>\n<p data-renderer-start-pos=\"136\"><span data-testid=\"comment-base-item-720073\"><strong data-renderer-mark=\"true\">RUBRO 2 &#8211; Danzas y desplazamientos<\/strong><\/span><br \/>\n<span data-testid=\"comment-base-item-720073\">Rafael Mart\u00ednez<\/span><br \/>\n<span data-testid=\"comment-base-item-720073\">Michelle Silva<\/span><br \/>\n<span data-testid=\"comment-base-item-720073\">Alejandra Clavijo<\/span><br \/>\n<span data-testid=\"comment-base-item-720073\">Vicky Carrizo<\/span><\/p>\n<p data-renderer-start-pos=\"235\"><span data-testid=\"comment-base-item-720073\"><strong data-renderer-mark=\"true\">RUBRO 3 &#8211; Personajes t\u00edpicos y ancestralidad<\/strong><\/span><br \/>\n<span data-testid=\"comment-base-item-720073\">Julio Gonz\u00e1lez Gonzalito<\/span><br \/>\n<span data-testid=\"comment-base-item-720073\">Pedro Tab\u00e1res&nbsp;<\/span><br \/>\n<span data-testid=\"comment-base-item-720073\">Ma. del Carmen Mara Rodr\u00edguez<\/span><br \/>\n<span data-testid=\"comment-base-item-720073\">\u00c1ngela Ramirez<\/span><\/p>\n<p data-renderer-start-pos=\"367\"><span data-testid=\"comment-base-item-720073\"><strong data-renderer-mark=\"true\">RUBRO 4 &#8211; Visi\u00f3n Global de la Propuesta<\/strong><\/span><br \/>\n<span data-testid=\"comment-base-item-720073\">Alvaro Marotta<\/span><br \/>\n<span data-testid=\"comment-base-item-720073\">Mariela Gotuzzo<\/span><br \/>\n<span data-testid=\"comment-base-item-720073\">Martin Iribarren<\/span><br \/>\n<span data-testid=\"comment-base-item-720073\">Lucrecia De Le\u00f3n<\/span><\/p>\n<p data-renderer-start-pos=\"473\"><span data-testid=\"comment-base-item-720073\"><strong data-renderer-mark=\"true\">Presidente:<\/strong>&nbsp;Alfredo Leiros<\/span><\/p>\n<p data-renderer-start-pos=\"473\">Fuente: <a href=\"https:\/\/montevideo.gub.uy\/noticias\/fallos-del-desfile-de-llamadas-2026\" target=\"_blank\" rel=\"noopener\">montevideo.gub.uy<\/a><\/p>\n<p data-renderer-start-pos=\"473\">&nbsp;<\/p>\n<p data-renderer-start-pos=\"473\">&nbsp;<\/p>\n","protected":false},"excerpt":{"rendered":"<p>Carnaval<br \/>\nFallos del Desfile de Llamadas 2026<\/p>\n<p>Cuareim 1080 fue la ganadora entre las 44 comparsas que concursaron y recorrieron la calle Isla de Flores, desde Zelmar Michelini hasta Minas, al celebrar una de las fiestas m\u00e1s grandes del pa\u00eds.<\/p>\n<p>Las posiciones finales de las comparsas con sus respectivos puntajes fueron los siguientes:<\/p>\n","protected":false},"author":8,"featured_media":122751,"comment_status":"closed","ping_status":"closed","sticky":false,"template":"","format":"standard","meta":{"om_disable_all_campaigns":false,"ngg_post_thumbnail":0,"jnews-multi-image_gallery":[],"jnews_single_post":{"format":"standard","override":[{"template":"4","parallax":"1","layout":"right-sidebar","sidebar":"default-sidebar","second_sidebar":"default-sidebar","sticky_sidebar":"1","share_position":"bottom","share_float_style":"share-monocrhome","show_share_counter":"1","show_view_counter":"1","show_featured":"1","show_post_meta":"1","show_post_author":"1","show_post_author_image":"1","show_post_date":"1","post_date_format":"default","post_date_format_custom":"Y\/m\/d","show_post_category":"1","post_reading_time_wpm":"300","post_calculate_word_method":"str_word_count","zoom_button_out_step":"2","zoom_button_in_step":"3","show_post_tag":"1","show_prev_next_post":"1","show_popup_post":"1","show_comment_section":"1","number_popup_post":"1","show_author_box":"1","show_post_related":"0","show_inline_post_related":"0"}],"image_override":[{"single_post_thumbnail_size":"no-crop","single_post_gallery_size":"crop-500"}],"trending_post_position":"meta","trending_post_label":"Trending","sponsored_post_label":"Sponsored by","disable_ad":"0","subtitle":"Cuareim 1080 fue la ganadora entre las 44 comparsas que concursaron y recorrieron la calle Isla de Flores"},"jnews_primary_category":[],"jnews_social_meta":[],"jnews_override_counter":{"view_counter_number":"0","share_counter_number":"0","like_counter_number":"0","dislike_counter_number":"0"},"footnotes":""},"categories":[51],"tags":[11292,25668,18822],"class_list":["post-122750","post","type-post","status-publish","format-standard","has-post-thumbnail","hentry","category-noticias","tag-cuareim-1080","tag-desfile-de-llamadas-2026","tag-fallos"],"yoast_head":"<!-- This site is optimized with the Yoast SEO plugin v27.5 - https:\/\/yoast.com\/product\/yoast-seo-wordpress\/ -->\n<title>Fallos del Desfile de Llamadas 2026 - Carnaval - Cooltivarte Portal<\/title>\n<meta name=\"description\" content=\"Cuareim 1080 fue la ganadora entre las 44 comparsas que concursaron y recorrieron la calle Isla de Flores, desde Zelmar Michelini hasta Minas, al celebrar una de las fiestas m\u00e1s grandes del pa\u00eds.\" \/>\n<meta name=\"robots\" content=\"index, follow, max-snippet:-1, max-image-preview:large, max-video-preview:-1\" \/>\n<link rel=\"canonical\" href=\"https:\/\/cooltivarte.com\/portal\/fallos-del-desfile-de-llamadas-2026-carnaval\/\" \/>\n<meta property=\"og:locale\" content=\"es_ES\" \/>\n<meta property=\"og:type\" content=\"article\" \/>\n<meta property=\"og:title\" content=\"Fallos del Desfile de Llamadas 2026 - Carnaval - Cuareim 1080 fue la ganadora entre las 44 comparsas que concursaron y recorrieron la calle Isla de Flores\" \/>\n<meta property=\"og:description\" content=\"Cuareim 1080 fue la ganadora entre las 44 comparsas que concursaron y recorrieron la calle Isla de Flores, desde Zelmar Michelini hasta Minas, al celebrar una de las fiestas m\u00e1s grandes del pa\u00eds.\" \/>\n<meta property=\"og:url\" content=\"https:\/\/cooltivarte.com\/portal\/fallos-del-desfile-de-llamadas-2026-carnaval\/\" \/>\n<meta property=\"og:site_name\" content=\"Cooltivarte Portal\" \/>\n<meta property=\"article:publisher\" content=\"https:\/\/www.facebook.com\/cooltivartecom\/\" \/>\n<meta property=\"article:author\" content=\"https:\/\/www.facebook.com\/cooltivartecom\" \/>\n<meta property=\"article:published_time\" content=\"2026-02-09T23:04:47+00:00\" \/>\n<meta property=\"article:modified_time\" content=\"2026-02-09T23:10:20+00:00\" \/>\n<meta property=\"og:image\" content=\"https:\/\/cooltivarte.com\/portal\/wp-content\/uploads\/2026\/02\/CUAREIM-1080-Desfile-de-Llamadas-2026-\u2013-6-de-febrero-\u2013-Barrios-Sur-y-Palermo-de-Montevideo-by-Federico-David.jpg\" \/>\n\t<meta property=\"og:image:width\" content=\"1197\" \/>\n\t<meta property=\"og:image:height\" content=\"1795\" \/>\n\t<meta property=\"og:image:type\" content=\"image\/jpeg\" \/>\n<meta name=\"author\" content=\"Cooltivarte\" \/>\n<meta name=\"twitter:card\" content=\"summary_large_image\" \/>\n<meta name=\"twitter:title\" content=\"Fallos del Desfile de Llamadas 2026 - Carnaval - Cuareim 1080 fue la ganadora entre las 44 comparsas que concursaron y recorrieron la calle Isla de Flores\" \/>\n<meta name=\"twitter:description\" content=\"Cuareim 1080 fue la ganadora entre las 44 comparsas que concursaron y recorrieron la calle Isla de Flores, desde Zelmar Michelini hasta Minas, al celebrar una de las fiestas m\u00e1s grandes del pa\u00eds.\" \/>\n<meta name=\"twitter:image\" content=\"https:\/\/cooltivarte.com\/portal\/wp-content\/uploads\/2026\/02\/CUAREIM-1080-Desfile-de-Llamadas-2026-\u2013-6-de-febrero-\u2013-Barrios-Sur-y-Palermo-de-Montevideo-by-Federico-David.jpg\" \/>\n<meta name=\"twitter:creator\" content=\"@https:\/\/x.com\/obolocultural\" \/>\n<meta name=\"twitter:site\" content=\"@obolocultural\" \/>\n<meta name=\"twitter:label1\" content=\"Escrito por\" \/>\n\t<meta name=\"twitter:data1\" content=\"Cooltivarte\" \/>\n\t<meta name=\"twitter:label2\" content=\"Tiempo de lectura\" \/>\n\t<meta name=\"twitter:data2\" content=\"4 minutos\" \/>\n<!-- \/ Yoast SEO plugin. -->","yoast_head_json":{"title":"Fallos del Desfile de Llamadas 2026 - Carnaval - Cooltivarte Portal","description":"Cuareim 1080 fue la ganadora entre las 44 comparsas que concursaron y recorrieron la calle Isla de Flores, desde Zelmar Michelini hasta Minas, al celebrar una de las fiestas m\u00e1s grandes del pa\u00eds.","robots":{"index":"index","follow":"follow","max-snippet":"max-snippet:-1","max-image-preview":"max-image-preview:large","max-video-preview":"max-video-preview:-1"},"canonical":"https:\/\/cooltivarte.com\/portal\/fallos-del-desfile-de-llamadas-2026-carnaval\/","og_locale":"es_ES","og_type":"article","og_title":"Fallos del Desfile de Llamadas 2026 - Carnaval - Cuareim 1080 fue la ganadora entre las 44 comparsas que concursaron y recorrieron la calle Isla de Flores","og_description":"Cuareim 1080 fue la ganadora entre las 44 comparsas que concursaron y recorrieron la calle Isla de Flores, desde Zelmar Michelini hasta Minas, al celebrar una de las fiestas m\u00e1s grandes del pa\u00eds.","og_url":"https:\/\/cooltivarte.com\/portal\/fallos-del-desfile-de-llamadas-2026-carnaval\/","og_site_name":"Cooltivarte Portal","article_publisher":"https:\/\/www.facebook.com\/cooltivartecom\/","article_author":"https:\/\/www.facebook.com\/cooltivartecom","article_published_time":"2026-02-09T23:04:47+00:00","article_modified_time":"2026-02-09T23:10:20+00:00","og_image":[{"width":1197,"height":1795,"url":"https:\/\/cooltivarte.com\/portal\/wp-content\/uploads\/2026\/02\/CUAREIM-1080-Desfile-de-Llamadas-2026-\u2013-6-de-febrero-\u2013-Barrios-Sur-y-Palermo-de-Montevideo-by-Federico-David.jpg","type":"image\/jpeg"}],"author":"Cooltivarte","twitter_card":"summary_large_image","twitter_title":"Fallos del Desfile de Llamadas 2026 - Carnaval - Cuareim 1080 fue la ganadora entre las 44 comparsas que concursaron y recorrieron la calle Isla de Flores","twitter_description":"Cuareim 1080 fue la ganadora entre las 44 comparsas que concursaron y recorrieron la calle Isla de Flores, desde Zelmar Michelini hasta Minas, al celebrar una de las fiestas m\u00e1s grandes del pa\u00eds.","twitter_image":"https:\/\/cooltivarte.com\/portal\/wp-content\/uploads\/2026\/02\/CUAREIM-1080-Desfile-de-Llamadas-2026-\u2013-6-de-febrero-\u2013-Barrios-Sur-y-Palermo-de-Montevideo-by-Federico-David.jpg","twitter_creator":"@https:\/\/x.com\/obolocultural","twitter_site":"@obolocultural","twitter_misc":{"Escrito por":"Cooltivarte","Tiempo de lectura":"4 minutos"},"schema":{"@context":"https:\/\/schema.org","@graph":[{"@type":"NewsArticle","@id":"https:\/\/cooltivarte.com\/portal\/fallos-del-desfile-de-llamadas-2026-carnaval\/#article","isPartOf":{"@id":"https:\/\/cooltivarte.com\/portal\/fallos-del-desfile-de-llamadas-2026-carnaval\/"},"author":{"name":"Cooltivarte","@id":"https:\/\/cooltivarte.com\/portal\/#\/schema\/person\/ec2a4f4e71b740d0c559c0ab9a157e19"},"headline":"Fallos del Desfile de Llamadas 2026 &#8211; Carnaval","datePublished":"2026-02-09T23:04:47+00:00","dateModified":"2026-02-09T23:10:20+00:00","mainEntityOfPage":{"@id":"https:\/\/cooltivarte.com\/portal\/fallos-del-desfile-de-llamadas-2026-carnaval\/"},"wordCount":595,"publisher":{"@id":"https:\/\/cooltivarte.com\/portal\/#organization"},"image":{"@id":"https:\/\/cooltivarte.com\/portal\/fallos-del-desfile-de-llamadas-2026-carnaval\/#primaryimage"},"thumbnailUrl":"https:\/\/cooltivarte.com\/portal\/wp-content\/uploads\/2026\/02\/CUAREIM-1080-Desfile-de-Llamadas-2026-\u2013-6-de-febrero-\u2013-Barrios-Sur-y-Palermo-de-Montevideo-by-Federico-David.jpg","keywords":["Cuareim 1080","Desfile de Llamadas 2026","Fallos"],"articleSection":["Noticias"],"inLanguage":"es-AR"},{"@type":"WebPage","@id":"https:\/\/cooltivarte.com\/portal\/fallos-del-desfile-de-llamadas-2026-carnaval\/","url":"https:\/\/cooltivarte.com\/portal\/fallos-del-desfile-de-llamadas-2026-carnaval\/","name":"Fallos del Desfile de Llamadas 2026 - Carnaval - Cooltivarte Portal","isPartOf":{"@id":"https:\/\/cooltivarte.com\/portal\/#website"},"primaryImageOfPage":{"@id":"https:\/\/cooltivarte.com\/portal\/fallos-del-desfile-de-llamadas-2026-carnaval\/#primaryimage"},"image":{"@id":"https:\/\/cooltivarte.com\/portal\/fallos-del-desfile-de-llamadas-2026-carnaval\/#primaryimage"},"thumbnailUrl":"https:\/\/cooltivarte.com\/portal\/wp-content\/uploads\/2026\/02\/CUAREIM-1080-Desfile-de-Llamadas-2026-\u2013-6-de-febrero-\u2013-Barrios-Sur-y-Palermo-de-Montevideo-by-Federico-David.jpg","datePublished":"2026-02-09T23:04:47+00:00","dateModified":"2026-02-09T23:10:20+00:00","description":"Cuareim 1080 fue la ganadora entre las 44 comparsas que concursaron y recorrieron la calle Isla de Flores, desde Zelmar Michelini hasta Minas, al celebrar una de las fiestas m\u00e1s grandes del pa\u00eds.","breadcrumb":{"@id":"https:\/\/cooltivarte.com\/portal\/fallos-del-desfile-de-llamadas-2026-carnaval\/#breadcrumb"},"inLanguage":"es-AR","potentialAction":[{"@type":"ReadAction","target":["https:\/\/cooltivarte.com\/portal\/fallos-del-desfile-de-llamadas-2026-carnaval\/"]}]},{"@type":"ImageObject","inLanguage":"es-AR","@id":"https:\/\/cooltivarte.com\/portal\/fallos-del-desfile-de-llamadas-2026-carnaval\/#primaryimage","url":"https:\/\/cooltivarte.com\/portal\/wp-content\/uploads\/2026\/02\/CUAREIM-1080-Desfile-de-Llamadas-2026-\u2013-6-de-febrero-\u2013-Barrios-Sur-y-Palermo-de-Montevideo-by-Federico-David.jpg","contentUrl":"https:\/\/cooltivarte.com\/portal\/wp-content\/uploads\/2026\/02\/CUAREIM-1080-Desfile-de-Llamadas-2026-\u2013-6-de-febrero-\u2013-Barrios-Sur-y-Palermo-de-Montevideo-by-Federico-David.jpg","width":1197,"height":1795,"caption":"Desfile de Llamadas 2026 \u2013 6 de febrero \u2013 Barrios Sur y Palermo de Montevideo by Federico David"},{"@type":"BreadcrumbList","@id":"https:\/\/cooltivarte.com\/portal\/fallos-del-desfile-de-llamadas-2026-carnaval\/#breadcrumb","itemListElement":[{"@type":"ListItem","position":1,"name":"Portada","item":"https:\/\/cooltivarte.com\/portal\/"},{"@type":"ListItem","position":2,"name":"Fallos del Desfile de Llamadas 2026 &#8211; Carnaval"}]},{"@type":"WebSite","@id":"https:\/\/cooltivarte.com\/portal\/#website","url":"https:\/\/cooltivarte.com\/portal\/","name":"Cooltivarte Portal","description":"Arte, cultura y turismo para el mundo ...","publisher":{"@id":"https:\/\/cooltivarte.com\/portal\/#organization"},"potentialAction":[{"@type":"SearchAction","target":{"@type":"EntryPoint","urlTemplate":"https:\/\/cooltivarte.com\/portal\/?s={search_term_string}"},"query-input":{"@type":"PropertyValueSpecification","valueRequired":true,"valueName":"search_term_string"}}],"inLanguage":"es-AR"},{"@type":"Organization","@id":"https:\/\/cooltivarte.com\/portal\/#organization","name":"cooltivarte","url":"https:\/\/cooltivarte.com\/portal\/","logo":{"@type":"ImageObject","inLanguage":"es-AR","@id":"https:\/\/cooltivarte.com\/portal\/#\/schema\/logo\/image\/","url":"https:\/\/cooltivarte.com\/portal\/wp-content\/uploads\/2020\/04\/logo-cooltivarte-v2.png","contentUrl":"https:\/\/cooltivarte.com\/portal\/wp-content\/uploads\/2020\/04\/logo-cooltivarte-v2.png","width":851,"height":243,"caption":"cooltivarte"},"image":{"@id":"https:\/\/cooltivarte.com\/portal\/#\/schema\/logo\/image\/"},"sameAs":["https:\/\/www.facebook.com\/cooltivartecom\/","https:\/\/x.com\/obolocultural","https:\/\/www.instagram.com\/_cooltivarte_\/","https:\/\/www.linkedin.com\/company\/-bolocultural?reportsuccess=8zaNG1HwhPbAR9iQhZ5rfGeqz_vQFftHun0ZWU0Wy9vNemRJ8vtcKdJvzQfW8XagyOJSKg0XvfJ1dp","https:\/\/www.pinterest.com\/cooltivarte\/","https:\/\/cooltivarte.tumblr.com\/","https:\/\/www.tiktok.com\/@cooltivarte","https:\/\/www.youtube.com\/@PrensaCooltivarte"]},{"@type":"Person","@id":"https:\/\/cooltivarte.com\/portal\/#\/schema\/person\/ec2a4f4e71b740d0c559c0ab9a157e19","name":"Cooltivarte","image":{"@type":"ImageObject","inLanguage":"es-AR","@id":"https:\/\/cooltivarte.com\/portal\/wp-content\/uploads\/2014\/05\/logo-cooltivarte-120x120.jpg","url":"https:\/\/cooltivarte.com\/portal\/wp-content\/uploads\/2014\/05\/logo-cooltivarte-120x120.jpg","contentUrl":"https:\/\/cooltivarte.com\/portal\/wp-content\/uploads\/2014\/05\/logo-cooltivarte-120x120.jpg","caption":"Cooltivarte"},"description":"Somos COOLTIVARTE.COM. Un portal digital dedicado a difundir el acontecer art\u00edstico y cultural del Uruguay. Estamos en la vuelta desde el a\u00f1o 2003, y como evoluci\u00f3n del bolet\u00edn Obolo Cultural, nos encontramos abocados a apoyar a los artistas nacionales brind\u00e1ndoles un espacio de difusi\u00f3n. Creemos en la idea de utilizar la potencialidad que hoy d\u00eda nos otorga la web, para que la cultura uruguaya y sus creadores dispongan de una din\u00e1mica ventana, que los ponga en contacto entre s\u00ed y con el mundo. Somos COOLTIVARTE.COM y pretendemos configurarnos como un portal din\u00e1mico, entretenido y atento a los nuevos emprendimientos, que busque siempre la interacci\u00f3n con los artistas.","sameAs":["http:\/\/www.cooltivarte.com","https:\/\/www.facebook.com\/cooltivartecom","https:\/\/www.instagram.com\/_cooltivarte_\/","https:\/\/www.linkedin.com\/company\/-bolocultural","https:\/\/www.pinterest.com\/cooltivarte\/","https:\/\/x.com\/https:\/\/x.com\/obolocultural","https:\/\/www.youtube.com\/@PrensaCooltivarte","https:\/\/www.tumblr.com\/blog\/cooltivarte"],"url":"https:\/\/cooltivarte.com\/portal\/author\/cooltivarte\/"}]}},"_links":{"self":[{"href":"https:\/\/cooltivarte.com\/portal\/wp-json\/wp\/v2\/posts\/122750","targetHints":{"allow":["GET"]}}],"collection":[{"href":"https:\/\/cooltivarte.com\/portal\/wp-json\/wp\/v2\/posts"}],"about":[{"href":"https:\/\/cooltivarte.com\/portal\/wp-json\/wp\/v2\/types\/post"}],"author":[{"embeddable":true,"href":"https:\/\/cooltivarte.com\/portal\/wp-json\/wp\/v2\/users\/8"}],"replies":[{"embeddable":true,"href":"https:\/\/cooltivarte.com\/portal\/wp-json\/wp\/v2\/comments?post=122750"}],"version-history":[{"count":3,"href":"https:\/\/cooltivarte.com\/portal\/wp-json\/wp\/v2\/posts\/122750\/revisions"}],"predecessor-version":[{"id":122754,"href":"https:\/\/cooltivarte.com\/portal\/wp-json\/wp\/v2\/posts\/122750\/revisions\/122754"}],"wp:featuredmedia":[{"embeddable":true,"href":"https:\/\/cooltivarte.com\/portal\/wp-json\/wp\/v2\/media\/122751"}],"wp:attachment":[{"href":"https:\/\/cooltivarte.com\/portal\/wp-json\/wp\/v2\/media?parent=122750"}],"wp:term":[{"taxonomy":"category","embeddable":true,"href":"https:\/\/cooltivarte.com\/portal\/wp-json\/wp\/v2\/categories?post=122750"},{"taxonomy":"post_tag","embeddable":true,"href":"https:\/\/cooltivarte.com\/portal\/wp-json\/wp\/v2\/tags?post=122750"}],"curies":[{"name":"wp","href":"https:\/\/api.w.org\/{rel}","templated":true}]}}