{"id":122698,"date":"2026-02-07T10:30:47","date_gmt":"2026-02-07T13:30:47","guid":{"rendered":"https:\/\/cooltivarte.com\/portal\/?p=122698"},"modified":"2026-02-08T11:11:25","modified_gmt":"2026-02-08T14:11:25","slug":"patos-cabreros-cronica-de-una-actuacion","status":"publish","type":"post","link":"https:\/\/cooltivarte.com\/portal\/patos-cabreros-cronica-de-una-actuacion\/","title":{"rendered":"Patos Cabreros &#8211; Cr\u00f3nica de una actuaci\u00f3n completa"},"content":{"rendered":"<figure id=\"attachment_122699\" aria-describedby=\"caption-attachment-122699\" style=\"width: 1024px\" class=\"wp-caption aligncenter\"><img fetchpriority=\"high\" decoding=\"async\" class=\"wp-image-122699 size-large\" title=\"Patos Cabreros - Cr\u00f3nica de una actuaci\u00f3n by Diego Castro Famea\" src=\"https:\/\/cooltivarte.com\/portal\/wp-content\/uploads\/2026\/02\/Patos-Cabreros-Cronica-de-una-actuacion-by-Diego-Castro-Famea-1024x683.jpg\" alt=\"Patos Cabreros - Cr\u00f3nica de una actuaci\u00f3n by Diego Castro Famea\" width=\"1024\" height=\"683\" srcset=\"https:\/\/cooltivarte.com\/portal\/wp-content\/uploads\/2026\/02\/Patos-Cabreros-Cronica-de-una-actuacion-by-Diego-Castro-Famea-1024x683.jpg 1024w, https:\/\/cooltivarte.com\/portal\/wp-content\/uploads\/2026\/02\/Patos-Cabreros-Cronica-de-una-actuacion-by-Diego-Castro-Famea-300x200.jpg 300w, https:\/\/cooltivarte.com\/portal\/wp-content\/uploads\/2026\/02\/Patos-Cabreros-Cronica-de-una-actuacion-by-Diego-Castro-Famea-768x512.jpg 768w, https:\/\/cooltivarte.com\/portal\/wp-content\/uploads\/2026\/02\/Patos-Cabreros-Cronica-de-una-actuacion-by-Diego-Castro-Famea-1536x1024.jpg 1536w, https:\/\/cooltivarte.com\/portal\/wp-content\/uploads\/2026\/02\/Patos-Cabreros-Cronica-de-una-actuacion-by-Diego-Castro-Famea.jpg 2048w\" sizes=\"(max-width: 1024px) 100vw, 1024px\" \/><figcaption id=\"caption-attachment-122699\" class=\"wp-caption-text\">Patos Cabreros &#8211; Cr\u00f3nica de una actuaci\u00f3n &#8211; Foto Diego Castro Famea<\/figcaption><\/figure>\n<p>&nbsp;<\/p>\n<h3><strong>Una tardecita con los <a href=\"https:\/\/cooltivarte.com\/portal\/?s=Patos+Cabreros\" target=\"_blank\" rel=\"noopener\">Patos Cabreros<\/a> \u2013 Club Colonia \u2013 03\/02\/26<\/strong><\/h3>\n<p>&nbsp;<\/p>\n<p><span style=\"font-weight: 400\">Van llegando puntuales, uno a uno, al ensayo propuesto a las 19 horas por el director esc\u00e9nico <a href=\"https:\/\/cooltivarte.com\/portal\/?s=Pablo+Riquero\" target=\"_blank\" rel=\"noopener\"><strong>Pablo Riquero<\/strong><\/a>. Algunos ya vienen maquillados. Se sientan cada uno en su silla, que horas antes fueron prolijamente dispuestas en semic\u00edrculo, frente a la del director y tres atr\u00e1s para los integrantes de la bater\u00eda.<\/span><\/p>\n<p><span style=\"font-weight: 400\">Hay mate, bebidas refrescantes y energizantes. Es un d\u00eda MUY caluroso y con mucha humedad.<\/span><\/p>\n<p><span style=\"font-weight: 400\">El objetivo es repasar la actuaci\u00f3n, se viene la primera presentaci\u00f3n en el Teatro de Verano, ser\u00e1 el domingo 8 de febrero a \u00faltima hora. Se trata de la Etapa 3 que fue suspendida en su momento por un paro de Adeom.\u00a0<\/span><\/p>\n<p><span style=\"font-weight: 400\">Antes de empezar, se comentan informalmente actuaciones y textos de otras murgas: intercambian opiniones, se\u00f1alan errores y aciertos, mencionan elecciones musicales y conceptos ya usados anteriormente. Se critica la falta de originalidad en el tratamiento de algunos temas.\u00a0<\/span><\/p>\n<p><span style=\"font-weight: 400\">Ya cuando est\u00e1n todos en el club, quien marca la batuta es Pablo junto a uno de los letristas: <a href=\"https:\/\/cooltivarte.com\/portal\/?s=Maximiliano+P%C3%A9rez\" target=\"_blank\" rel=\"noopener\"><strong>Maximiliano P\u00e9rez<\/strong><\/a>, quien est\u00e1 mucho m\u00e1s involucrado que s\u00f3lo en los textos. Igualmente varios de los componentes se animan a hacer comentarios, y cada aporte se escucha atentamente.<\/span><\/p>\n<p><span style=\"font-weight: 400\">\u201cSin dudas\u201d se llama el espect\u00e1culo de este a\u00f1o, las dudas y las certezas recorren todo el texto. Se corrigen peque\u00f1os detalles, que generan un admirado comentario: \u201c\u00a1la comedia nacional corre por tus venas!\u201d. P\u00e9rez insiste en la importancia de concentrar la energ\u00eda de todos los componentes en cada acci\u00f3n de la murga. Ensayan un peque\u00f1o cambio que hace toda la diferencia, Maxi aprueba con un gesto.<\/span><\/p>\n<p><span style=\"font-weight: 400\">Se habla del \u201crendimiento\u201d de la actuaci\u00f3n, de lo que funciona en los tablados, o no. Lo que a veces anda y otras veces no, adjudican la diferencia a la interpretaci\u00f3n por parte del grupo. En ese momento Riquero les hace parar de las sillas, ensayar con los cuerpos. Todos acatan de inmediato, hay mucho compromiso. Se mencionan novedades del vestuario, que se incorporar\u00e1n en la actuaci\u00f3n del Teatro de Verano, y pueden afectar la puesta en escena. <strong>Maxi \u201cel Pulpa\u201d M\u00e9ndez<\/strong>, el puestista, toma las riendas en este momento, organizando la distribuci\u00f3n de los componentes sobre unas peque\u00f1as tribunas al fondo del \u201cescenario\u201d. Nada se deja al azar.<\/span><\/p>\n<p><span style=\"font-weight: 400\">Una nube nos cubre y empiezan a caer gotas, que intentan borrar las palabras que escribo en mi libretita. Se sigue ensayando, mirando de reojo al cielo. Mencionan detalles t\u00e9cnicos, como la distancia para vocalizar ante los micr\u00f3fonos. Una pensar\u00eda que a estos \u201cveteranos\u201d carnavaleros ya no hay que indicarles nada, pero sin embargo se hace y todos reciben las instrucciones con respeto y atenci\u00f3n. \u201cEn los tablados est\u00e1 pasando algo\u201d surge del coro un alerta, respecto a una din\u00e1mica sobre el escenario. Se toma nota y se ensayan soluciones.<\/span><\/p>\n<p><span style=\"font-weight: 400\">Es muy interesante el trabajo personalizado del director musical con cada cuerda del coro, incluso con cada uno de los cantores. Me resulta incre\u00edble c\u00f3mo puede detectar detalles en forma individual, cuando est\u00e1n cantando los trece a la vez.<\/span><\/p>\n<p><span style=\"font-weight: 400\">Mientras alguno confiesa \u201cse me tranca el disco duro\u201d, <strong>Luisito Ortiz<\/strong> repasa con <strong>Maxi P\u00e9rez<\/strong> detalles de una intervenci\u00f3n humor\u00edstica.<\/span><\/p>\n<p><span style=\"font-weight: 400\">Estar en un ensayo sin amplificar implica maravillarse cuando en el medio de un repaso, los cantores \u201cabren el chorro\u201d y estando tan cerquita, el vozarr\u00f3n te despeina, la emoci\u00f3n te atraviesa.<\/span><\/p>\n<p><span style=\"font-weight: 400\">Y tambi\u00e9n sorprende que esta incre\u00edble muestra de arte y talento popular suceda en el patio de un club de barrio como es el Club Colonia, donde en simult\u00e1neo se dan clases de artes marciales, se ven implementos para hacer pilates, los asociados entran y salen a sus actividades sin prestar mayor atenci\u00f3n, es natural que todo suceda al mismo tiempo y en el mismo espacio.<\/span><\/p>\n<p><span style=\"font-weight: 400\">Paso por el ba\u00f1o, muy prolijo y limpio. Sin embargo, un detalle revela que aqu\u00ed hay carnaval: tanto la pileta como el jab\u00f3n, tienen rastros de brillantina. Mientras la murga termina los \u00faltimos ajustes del ensayo, los utileros se agitan entre ellos para empezar a cargar los trajes y dem\u00e1s implementos en el \u00f3mnibus que les llevar\u00e1 de recorrida por los tablados. Esta noche, tienen tres.\u00a0<\/span><\/p>\n<p><span style=\"font-weight: 400\">Diego va a hacer unas fotos de los utileros y me trae una primicia: quien conduce el enorme \u00f3mnibus carnavalero es <strong>Giovanna De Sio<\/strong>, una chofera que hace dos a\u00f1os se dedica a la conducci\u00f3n de grandes veh\u00edculos, y este es su primer a\u00f1o saliendo en carnaval. Cree ser la \u00fanica mujer en esa funci\u00f3n, no ha escuchado de otras. Como en muchos aspectos del rubro, la mayor\u00eda de los participantes son varones. La acompa\u00f1a su hija que se encarga de la venta de las remeras de la murga en redes sociales y en los tablados. Y que son un \u00e9xito. Ambas se encuentran muy c\u00f3modas en el grupo, dicen que se sienten bienvenidas y arropadas, pese a que un d\u00eda tuvo que ser reemplazada por su marido y le dijeron que no la extra\u00f1aron. Justo llega la community manager del conjunto, <strong>Catherine Alvez<\/strong>, y manifiesta \u201cantes era s\u00f3lo Luc\u00eda, ahora ya somos m\u00e1s mujeres en el grupo, los estamos colonizando\u201d. Y revela que al contrario de lo que le dijeron a Giovanna, el d\u00eda que falt\u00f3 se la extra\u00f1\u00f3 mucho y todo el tiempo le hicieron sentir al chofer suplente, que no era tan bueno como ella. Giovanna cuenta que ella es una persona resolutiva: si tiene que llegar a un tablado a determinada hora, va a hacer todo de su parte para poder cumplir con el compromiso. Piensa que incluso su inexperiencia le da la frescura de no saber que hay cosas que no se pueden lograr, y por eso ha hecho posibles trayectos o estacionamientos imposibles, ante la mirada at\u00f3nita de otros m\u00e1s veteranos.\u00a0<\/span><\/p>\n<p><span style=\"font-weight: 400\">Dejamos a Giovanna y los utileros con los \u00faltimos detalles antes de partir del club, y nos desplazamos hasta el tablado 1\u00ba de Mayo, donde comenzar\u00e1 la actuaci\u00f3n esta noche. Esperando junto a la puerta de los artistas, observamos que son recibidos fraternalmente por el personal de seguridad con un \u201cbienvenidos una vez m\u00e1s\u201d. Muchos abrazos y palmadas, pese al calor infernal que sentimos todos y m\u00e1s los integrantes de los <strong>Patos Cabreros<\/strong> que ya vienen con el vestuario puesto. El espacio para el bus est\u00e1 ocupado por el veh\u00edculo del conjunto anterior, por lo tanto Giovanna tuvo que estacionar a unos cuantos metros de la puerta, lo que implica que los utileros tengan que hacer varios viajes para trasladar sus materiales y los componentes se arriman despacio, cargando los trajes y dosificando la energ\u00eda.<\/span><\/p>\n<p><span style=\"font-weight: 400\">El tablado se encuentra con localidades agotadas, pese a ser martes. \u201cEs noche de murgas\u201d me dan como explicaci\u00f3n. Desde el escenario anuncian que los Patos van a hacer la actuaci\u00f3n completa, y la noticia es recibida con un gran aplauso. Tambi\u00e9n mencionan el libro \u201c<a href=\"https:\/\/cooltivarte.com\/portal\/?s=Cantate+una\" target=\"_blank\" rel=\"noopener\"><em><strong>Cantate una<\/strong><\/em><\/a>\u201d del cual es co-autor<strong> Pablo Riquero<\/strong> y que se encuentra a la venta en un stand de libros del tablado. \u00bfLibros en un tablado? Pues s\u00ed. Y no es el \u00fanico.<\/span><\/p>\n<p><span style=\"font-weight: 400\">Antes de comenzar, la murga le dedica un \u201cque los cumplas feliz\u201d en tono murguero a alguien, acompa\u00f1ada por todo el p\u00fablico.<\/span><\/p>\n<p><span style=\"font-weight: 400\">La actuaci\u00f3n arranca con la clarinada de <strong>Ricardo \u201cCanario\u201d Villalba<\/strong> y el auditorio luego de escuchar con mucho respeto, rompe en aplausos. La presentaci\u00f3n es recibida con alegr\u00eda, Luc\u00eda baja a la platea, y arranca su actuaci\u00f3n sentada entre el p\u00fablico, dialogando con Luis en el escenario. La gente responde con risas y aplausos a cada situaci\u00f3n de esta pareja. Luc\u00eda ha evolucionado de standapera a cupletera, y se ha ganado el respeto del p\u00fablico carnavalero. Y Luis es un todo terreno que no descansa un minuto, est\u00e1 en constante movimiento e interpreta su papel desde el texto y con una potencia corporal incre\u00edble.<\/span><\/p>\n<p><span style=\"font-weight: 400\">Noto en la actuaci\u00f3n, la puesta en pr\u00e1ctica de aquellos peque\u00f1os ajustes de la puesta en escena, marcados apenas unas horas antes. Cada cuarteta del salpic\u00f3n, que culmina con el canto de alguno de los sobreprimos que tiene la murga, es festejada. Son todos goles, cada uno con su timbre y su impronta y es una delicia verles y escucharles.<\/span><\/p>\n<p><span style=\"font-weight: 400\">La murga presenta luego \u201cla tapadita\u201d -un cuadro heredado naturalmente de <a href=\"https:\/\/cooltivarte.com\/portal\/?s=Asaltantes+con+Patente\" target=\"_blank\" rel=\"noopener\"><strong>Asaltantes con Patente<\/strong><\/a>-, que termina con un \u201cpalo\u201d al gobierno actual que es muy festejado.<\/span><\/p>\n<p><span style=\"font-weight: 400\">El cupl\u00e9 de la masculinidad comienza al ritmo de la canci\u00f3n de la pel\u00edcula animada R\u00edo y pega fuerte. El discurso final de Lucia despierta muchos aplausos, luego de que con humor se criticara mucho el machismo en sus mil formas. Es interesante que esta reflexi\u00f3n en boca de una mujer, est\u00e9 escrita por varones, o al menos as\u00ed figura en la ficha t\u00e9cnica.<\/span><\/p>\n<p><span style=\"font-weight: 400\">El segundo cupl\u00e9, sobre la \u201chappycracia\u201d vac\u00eda y su reclamo sobre la salud mental es muy efectivo y tambi\u00e9n es recibido con vehemencia.\u00a0<\/span><\/p>\n<p><span style=\"font-weight: 400\">La canci\u00f3n final menciona a la recientemente aprobada Ley de Eutanasia y la posibilidad de tomar la \u00faltima decisi\u00f3n con libertad y dignidad. Est\u00e1 a cargo nuevamente del<strong> Canario Villalba<\/strong>, al que se suman en etapas <strong>Mat\u00edas Bravo<\/strong>,<strong> Agust\u00edn Pittaluga<\/strong> y el <strong>Pulpa M\u00e9ndez<\/strong>. Un cuadrazo.<\/span><\/p>\n<p><span style=\"font-weight: 400\">La despedida inicia con una tonada de los Beatles, y le canta a las certezas con una oda a la familia, los amigos\u2026 en definitiva, al amor. Antes de empezar la bajada, la gente ya est\u00e1 parada, acompa\u00f1ando con aplausos. Realmente una actuaci\u00f3n por todo lo alto, pese al calor que es realmente sofocante. Es una proeza que estos tremendos artistas puedan brindar este tipo de espect\u00e1culos de gran calidad, bajo la cantidad de tela que se encuentran.\u00a0<\/span><\/p>\n<p><span style=\"font-weight: 400\">La bajada termina al pie de las gradas, junto al p\u00fablico que paga la entrada m\u00e1s barata. La vuelta al \u00f3mnibus es lenta, la gente les detiene a todos, pidiendo fotos, saludando. Ellos se detienen con paciencia y alegr\u00eda, prestando los sombreros para la selfie o abrazando a amigos y conocidos. Llama la atenci\u00f3n una gurisa que persigue a varios no con un celular, sino con un cuadernito, pide aut\u00f3grafos y les hace leer algo que todos le comentan con sorpresa y afecto.\u00a0<\/span><\/p>\n<p><span style=\"font-weight: 400\">Y all\u00e1 corren los <strong>Patos Cabreros<\/strong> al pr\u00f3ximo escenario. Sal\u00fa carnaval.<\/span><\/p>\n<p>&nbsp;<\/p>\n<h3>\u00a0<a href=\"https:\/\/www.facebook.com\/media\/set\/?set=a.1442109117952943&amp;type=3\" target=\"_blank\" rel=\"noopener\">Ir a la fotogaler\u00eda<\/a><\/h3>\n<blockquote class=\"instagram-media\" style=\"background: #FFF;border: 0;border-radius: 3px;margin: 1px;max-width: 540px;min-width: 326px;padding: 0;width: calc(100% - 2px)\" data-instgrm-captioned=\"\" data-instgrm-permalink=\"https:\/\/www.instagram.com\/p\/DUdXmn1jjSC\/?utm_source=ig_embed&amp;utm_campaign=loading\" data-instgrm-version=\"14\">\n<div style=\"padding: 16px\">\n<p>&nbsp;<\/p>\n<div style=\"display: flex;flex-direction: row;align-items: center\">\n<div style=\"background-color: #f4f4f4;border-radius: 50%;flex-grow: 0;height: 40px;margin-right: 14px;width: 40px\"><\/div>\n<div style=\"display: flex;flex-direction: column;flex-grow: 1;justify-content: center\">\n<div style=\"background-color: #f4f4f4;border-radius: 4px;flex-grow: 0;height: 14px;margin-bottom: 6px;width: 100px\"><\/div>\n<div style=\"background-color: #f4f4f4;border-radius: 4px;flex-grow: 0;height: 14px;width: 60px\"><\/div>\n<\/div>\n<\/div>\n<div style=\"padding: 19% 0\"><\/div>\n<div style=\"display: block;height: 50px;margin: 0 auto 12px;width: 50px\"><\/div>\n<div style=\"padding-top: 8px\">\n<div style=\"color: #3897f0;font-family: Arial,sans-serif;font-size: 14px;font-style: normal;font-weight: 550;line-height: 18px\">Ver esta publicaci\u00f3n en Instagram<\/div>\n<\/div>\n<div style=\"padding: 12.5% 0\"><\/div>\n<div style=\"display: flex;flex-direction: row;margin-bottom: 14px;align-items: center\">\n<div>\n<div style=\"background-color: #f4f4f4;border-radius: 50%;height: 12.5px;width: 12.5px\"><\/div>\n<div style=\"background-color: #f4f4f4;height: 12.5px;width: 12.5px;flex-grow: 0;margin-right: 14px;margin-left: 2px\"><\/div>\n<div style=\"background-color: #f4f4f4;border-radius: 50%;height: 12.5px;width: 12.5px\"><\/div>\n<\/div>\n<div style=\"margin-left: 8px\">\n<div style=\"background-color: #f4f4f4;border-radius: 50%;flex-grow: 0;height: 20px;width: 20px\"><\/div>\n<div style=\"width: 0;height: 0;border-top: 2px solid transparent;border-left: 6px solid #f4f4f4;border-bottom: 2px solid transparent\"><\/div>\n<\/div>\n<div style=\"margin-left: auto\">\n<div style=\"width: 0px;border-top: 8px solid #F4F4F4;border-right: 8px solid transparent\"><\/div>\n<div style=\"background-color: #f4f4f4;flex-grow: 0;height: 12px;width: 16px\"><\/div>\n<div style=\"width: 0;height: 0;border-top: 8px solid #F4F4F4;border-left: 8px solid transparent\"><\/div>\n<\/div>\n<\/div>\n<div style=\"display: flex;flex-direction: column;flex-grow: 1;justify-content: center;margin-bottom: 24px\">\n<div style=\"background-color: #f4f4f4;border-radius: 4px;flex-grow: 0;height: 14px;margin-bottom: 6px;width: 224px\"><\/div>\n<div style=\"background-color: #f4f4f4;border-radius: 4px;flex-grow: 0;height: 14px;width: 144px\"><\/div>\n<\/div>\n<p>&nbsp;<\/p>\n<p style=\"color: #c9c8cd;font-family: Arial,sans-serif;font-size: 14px;line-height: 17px;margin-bottom: 0;margin-top: 8px;overflow: hidden;padding: 8px 0 7px;text-align: center\"><a style=\"color: #c9c8cd;font-family: Arial,sans-serif;font-size: 14px;font-style: normal;font-weight: normal;line-height: 17px;text-decoration: none\" href=\"https:\/\/www.instagram.com\/p\/DUdXmn1jjSC\/?utm_source=ig_embed&amp;utm_campaign=loading\" target=\"_blank\" rel=\"noopener\">Una publicaci\u00f3n compartida por cooltivarte.com (@_cooltivarte_)<\/a><\/p>\n<\/div>\n<\/blockquote>\n<p>&nbsp;<\/p>\n","protected":false},"excerpt":{"rendered":"<p>Una tardecita con los Patos Cabreros \u2013 Club Colonia \u2013 03\/02\/26<\/p>\n<p>Van llegando puntuales, uno a uno, al ensayo propuesto a las 19 horas por el director esc\u00e9nico Pablo Riquero. Algunos ya vienen maquillados. Se sientan cada uno en su silla, que horas antes fueron prolijamente dispuestas en semic\u00edrculo, frente a la del director y tres atr\u00e1s para los integrantes de la bater\u00eda.<\/p>\n<p>Hay mate, bebidas refrescantes y energizantes. Es un d\u00eda MUY caluroso y con mucha humedad.<\/p>\n<p>El objetivo es repasar la actuaci\u00f3n, se viene la primera presentaci\u00f3n en el Teatro de Verano, ser\u00e1 el domingo 8 de febrero a \u00faltima hora. Se trata de la Etapa 3 que fue suspendida en su momento por un paro de Adeom.\u00a0<\/p>\n<p>Antes de empezar, se comentan informalmente actuaciones y textos de otras murgas: intercambian opiniones, se\u00f1alan errores y aciertos, mencionan elecciones musicales y conceptos ya usados anteriormente. Se critica la falta de originalidad en el tratamiento de algunos temas.\u00a0<\/p>\n<p>Ya cuando est\u00e1n todos en el club, quien marca la batuta es Pablo junto a uno de los letristas: Maximiliano P\u00e9rez, quien est\u00e1 mucho m\u00e1s involucrado que s\u00f3lo en los textos. Igualmente varios de los componentes se animan a hacer comentarios, y cada aporte se escucha atentamente.<\/p>\n","protected":false},"author":221,"featured_media":122699,"comment_status":"closed","ping_status":"closed","sticky":false,"template":"","format":"standard","meta":{"om_disable_all_campaigns":false,"ngg_post_thumbnail":0,"jnews-multi-image_gallery":[],"jnews_single_post":{"subtitle":"Una tardecita con los Patos Cabreros \u2013 Club Colonia - 03\/02\/26","format":"standard","override":[{"template":"4","parallax":"1","layout":"right-sidebar","sidebar":"default-sidebar","second_sidebar":"default-sidebar","sticky_sidebar":"1","share_position":"bottom","share_float_style":"share-monocrhome","show_share_counter":"1","show_view_counter":"1","show_featured":"1","show_post_meta":"1","show_post_author":"1","show_post_author_image":"1","show_post_date":"1","post_date_format":"default","post_date_format_custom":"Y\/m\/d","show_post_category":"1","post_reading_time_wpm":"300","post_calculate_word_method":"str_word_count","zoom_button_out_step":"2","zoom_button_in_step":"3","show_post_tag":"1","show_prev_next_post":"1","show_popup_post":"1","show_comment_section":"1","number_popup_post":"1","show_author_box":"1","show_post_related":"0","show_inline_post_related":"0"}],"image_override":[{"single_post_thumbnail_size":"no-crop","single_post_gallery_size":"crop-500"}],"trending_post_position":"meta","trending_post_label":"Trending","sponsored_post_label":"Sponsored by","disable_ad":"0"},"jnews_primary_category":[],"jnews_social_meta":[],"jnews_override_counter":{"view_counter_number":"0","share_counter_number":"0","like_counter_number":"0","dislike_counter_number":"0"},"footnotes":""},"categories":[4573],"tags":[587,14879,25672,25663,25661,25664,21164,25662,25653,4185],"class_list":["post-122698","post","type-post","status-publish","format-standard","has-post-thumbnail","hentry","category-cobertura-sensible","tag-carnaval","tag-christian-ibarzabal","tag-club-colonia","tag-esuardo-rigaud","tag-jose-pepino-ministeri","tag-maximiliano-perez","tag-murga-uruguaya","tag-nelson-ferro","tag-pablo-riquero","tag-patos-cabreros"],"yoast_head":"<!-- This site is optimized with the Yoast SEO plugin v27.5 - https:\/\/yoast.com\/product\/yoast-seo-wordpress\/ -->\n<title>Patos Cabreros - Cr\u00f3nica de una actuaci\u00f3n completa - Cooltivarte Portal<\/title>\n<meta name=\"description\" content=\"Patos Cabreros es una murga uruguaya que particip\u00f3 por primera vez en el Carnaval en 1927.\" \/>\n<meta name=\"robots\" content=\"index, follow, max-snippet:-1, max-image-preview:large, max-video-preview:-1\" \/>\n<link rel=\"canonical\" href=\"https:\/\/cooltivarte.com\/portal\/patos-cabreros-cronica-de-una-actuacion\/\" \/>\n<meta property=\"og:locale\" content=\"es_ES\" \/>\n<meta property=\"og:type\" content=\"article\" \/>\n<meta property=\"og:title\" content=\"Patos Cabreros - Cr\u00f3nica de una actuaci\u00f3n completa by Mar\u00eda Jos\u00e9 Pieri - Foto Diego Castro Famea\" \/>\n<meta property=\"og:description\" content=\"Patos Cabreros es una murga uruguaya que particip\u00f3 por primera vez en el Carnaval en 1927.\" \/>\n<meta property=\"og:url\" content=\"https:\/\/cooltivarte.com\/portal\/patos-cabreros-cronica-de-una-actuacion\/\" \/>\n<meta property=\"og:site_name\" content=\"Cooltivarte Portal\" \/>\n<meta property=\"article:publisher\" content=\"https:\/\/www.facebook.com\/cooltivartecom\/\" \/>\n<meta property=\"article:author\" content=\"https:\/\/www.facebook.com\/maria.jose.pieri\" \/>\n<meta property=\"article:published_time\" content=\"2026-02-07T13:30:47+00:00\" \/>\n<meta property=\"article:modified_time\" content=\"2026-02-08T14:11:25+00:00\" \/>\n<meta property=\"og:image\" content=\"https:\/\/cooltivarte.com\/portal\/wp-content\/uploads\/2026\/02\/Patos-Cabreros-Cronica-de-una-actuacion-by-Diego-Castro-Famea.jpg\" \/>\n\t<meta property=\"og:image:width\" content=\"2048\" \/>\n\t<meta property=\"og:image:height\" content=\"1365\" \/>\n\t<meta property=\"og:image:type\" content=\"image\/jpeg\" \/>\n<meta name=\"author\" content=\"Mar\u00eda Jos\u00e9 Pieri\" \/>\n<meta name=\"twitter:card\" content=\"summary_large_image\" \/>\n<meta name=\"twitter:title\" content=\"Patos Cabreros - Cr\u00f3nica de una actuaci\u00f3n completa by Mar\u00eda Jos\u00e9 Pieri - Foto Diego Castro Famea\" \/>\n<meta name=\"twitter:description\" content=\"Patos Cabreros es una murga uruguaya que particip\u00f3 por primera vez en el Carnaval en 1927.\" \/>\n<meta name=\"twitter:image\" content=\"https:\/\/cooltivarte.com\/portal\/wp-content\/uploads\/2026\/02\/Patos-Cabreros-Cronica-de-una-actuacion-by-Diego-Castro-Famea.jpg\" \/>\n<meta name=\"twitter:creator\" content=\"@https:\/\/x.com\/majo70\" \/>\n<meta name=\"twitter:site\" content=\"@obolocultural\" \/>\n<meta name=\"twitter:label1\" content=\"Escrito por\" \/>\n\t<meta name=\"twitter:data1\" content=\"Mar\u00eda Jos\u00e9 Pieri\" \/>\n\t<meta name=\"twitter:label2\" content=\"Tiempo de lectura\" \/>\n\t<meta name=\"twitter:data2\" content=\"9 minutos\" \/>\n<!-- \/ Yoast SEO plugin. -->","yoast_head_json":{"title":"Patos Cabreros - Cr\u00f3nica de una actuaci\u00f3n completa - Cooltivarte Portal","description":"Patos Cabreros es una murga uruguaya que particip\u00f3 por primera vez en el Carnaval en 1927.","robots":{"index":"index","follow":"follow","max-snippet":"max-snippet:-1","max-image-preview":"max-image-preview:large","max-video-preview":"max-video-preview:-1"},"canonical":"https:\/\/cooltivarte.com\/portal\/patos-cabreros-cronica-de-una-actuacion\/","og_locale":"es_ES","og_type":"article","og_title":"Patos Cabreros - Cr\u00f3nica de una actuaci\u00f3n completa by Mar\u00eda Jos\u00e9 Pieri - Foto Diego Castro Famea","og_description":"Patos Cabreros es una murga uruguaya que particip\u00f3 por primera vez en el Carnaval en 1927.","og_url":"https:\/\/cooltivarte.com\/portal\/patos-cabreros-cronica-de-una-actuacion\/","og_site_name":"Cooltivarte Portal","article_publisher":"https:\/\/www.facebook.com\/cooltivartecom\/","article_author":"https:\/\/www.facebook.com\/maria.jose.pieri","article_published_time":"2026-02-07T13:30:47+00:00","article_modified_time":"2026-02-08T14:11:25+00:00","og_image":[{"width":2048,"height":1365,"url":"https:\/\/cooltivarte.com\/portal\/wp-content\/uploads\/2026\/02\/Patos-Cabreros-Cronica-de-una-actuacion-by-Diego-Castro-Famea.jpg","type":"image\/jpeg"}],"author":"Mar\u00eda Jos\u00e9 Pieri","twitter_card":"summary_large_image","twitter_title":"Patos Cabreros - Cr\u00f3nica de una actuaci\u00f3n completa by Mar\u00eda Jos\u00e9 Pieri - Foto Diego Castro Famea","twitter_description":"Patos Cabreros es una murga uruguaya que particip\u00f3 por primera vez en el Carnaval en 1927.","twitter_image":"https:\/\/cooltivarte.com\/portal\/wp-content\/uploads\/2026\/02\/Patos-Cabreros-Cronica-de-una-actuacion-by-Diego-Castro-Famea.jpg","twitter_creator":"@https:\/\/x.com\/majo70","twitter_site":"@obolocultural","twitter_misc":{"Escrito por":"Mar\u00eda Jos\u00e9 Pieri","Tiempo de lectura":"9 minutos"},"schema":{"@context":"https:\/\/schema.org","@graph":[{"@type":"NewsArticle","@id":"https:\/\/cooltivarte.com\/portal\/patos-cabreros-cronica-de-una-actuacion\/#article","isPartOf":{"@id":"https:\/\/cooltivarte.com\/portal\/patos-cabreros-cronica-de-una-actuacion\/"},"author":{"name":"Mar\u00eda Jos\u00e9 Pieri","@id":"https:\/\/cooltivarte.com\/portal\/#\/schema\/person\/06ef0e0148e87cc17ab57dd1c0ecab47"},"headline":"Patos Cabreros &#8211; Cr\u00f3nica de una actuaci\u00f3n completa","datePublished":"2026-02-07T13:30:47+00:00","dateModified":"2026-02-08T14:11:25+00:00","mainEntityOfPage":{"@id":"https:\/\/cooltivarte.com\/portal\/patos-cabreros-cronica-de-una-actuacion\/"},"wordCount":1848,"publisher":{"@id":"https:\/\/cooltivarte.com\/portal\/#organization"},"image":{"@id":"https:\/\/cooltivarte.com\/portal\/patos-cabreros-cronica-de-una-actuacion\/#primaryimage"},"thumbnailUrl":"https:\/\/cooltivarte.com\/portal\/wp-content\/uploads\/2026\/02\/Patos-Cabreros-Cronica-de-una-actuacion-by-Diego-Castro-Famea.jpg","keywords":["Carnaval","Christian Ibarzabal","Club Colonia","Esuardo Rigaud","Jos\u00e9 \"Pepino\" Ministeri","Maximiliano P\u00e9rez","murga uruguaya","Nelson Ferro","Pablo Riquero","patos cabreros"],"articleSection":["Muestra Sensible"],"inLanguage":"es-AR"},{"@type":"WebPage","@id":"https:\/\/cooltivarte.com\/portal\/patos-cabreros-cronica-de-una-actuacion\/","url":"https:\/\/cooltivarte.com\/portal\/patos-cabreros-cronica-de-una-actuacion\/","name":"Patos Cabreros - Cr\u00f3nica de una actuaci\u00f3n completa - Cooltivarte Portal","isPartOf":{"@id":"https:\/\/cooltivarte.com\/portal\/#website"},"primaryImageOfPage":{"@id":"https:\/\/cooltivarte.com\/portal\/patos-cabreros-cronica-de-una-actuacion\/#primaryimage"},"image":{"@id":"https:\/\/cooltivarte.com\/portal\/patos-cabreros-cronica-de-una-actuacion\/#primaryimage"},"thumbnailUrl":"https:\/\/cooltivarte.com\/portal\/wp-content\/uploads\/2026\/02\/Patos-Cabreros-Cronica-de-una-actuacion-by-Diego-Castro-Famea.jpg","datePublished":"2026-02-07T13:30:47+00:00","dateModified":"2026-02-08T14:11:25+00:00","description":"Patos Cabreros es una murga uruguaya que particip\u00f3 por primera vez en el Carnaval en 1927.","breadcrumb":{"@id":"https:\/\/cooltivarte.com\/portal\/patos-cabreros-cronica-de-una-actuacion\/#breadcrumb"},"inLanguage":"es-AR","potentialAction":[{"@type":"ReadAction","target":["https:\/\/cooltivarte.com\/portal\/patos-cabreros-cronica-de-una-actuacion\/"]}]},{"@type":"ImageObject","inLanguage":"es-AR","@id":"https:\/\/cooltivarte.com\/portal\/patos-cabreros-cronica-de-una-actuacion\/#primaryimage","url":"https:\/\/cooltivarte.com\/portal\/wp-content\/uploads\/2026\/02\/Patos-Cabreros-Cronica-de-una-actuacion-by-Diego-Castro-Famea.jpg","contentUrl":"https:\/\/cooltivarte.com\/portal\/wp-content\/uploads\/2026\/02\/Patos-Cabreros-Cronica-de-una-actuacion-by-Diego-Castro-Famea.jpg","width":2048,"height":1365,"caption":"Patos Cabreros - Cr\u00f3nica de una actuaci\u00f3n by Diego Castro Famea"},{"@type":"BreadcrumbList","@id":"https:\/\/cooltivarte.com\/portal\/patos-cabreros-cronica-de-una-actuacion\/#breadcrumb","itemListElement":[{"@type":"ListItem","position":1,"name":"Portada","item":"https:\/\/cooltivarte.com\/portal\/"},{"@type":"ListItem","position":2,"name":"Patos Cabreros &#8211; Cr\u00f3nica de una actuaci\u00f3n completa"}]},{"@type":"WebSite","@id":"https:\/\/cooltivarte.com\/portal\/#website","url":"https:\/\/cooltivarte.com\/portal\/","name":"Cooltivarte Portal","description":"Arte, cultura y turismo para el mundo ...","publisher":{"@id":"https:\/\/cooltivarte.com\/portal\/#organization"},"potentialAction":[{"@type":"SearchAction","target":{"@type":"EntryPoint","urlTemplate":"https:\/\/cooltivarte.com\/portal\/?s={search_term_string}"},"query-input":{"@type":"PropertyValueSpecification","valueRequired":true,"valueName":"search_term_string"}}],"inLanguage":"es-AR"},{"@type":"Organization","@id":"https:\/\/cooltivarte.com\/portal\/#organization","name":"cooltivarte","url":"https:\/\/cooltivarte.com\/portal\/","logo":{"@type":"ImageObject","inLanguage":"es-AR","@id":"https:\/\/cooltivarte.com\/portal\/#\/schema\/logo\/image\/","url":"https:\/\/cooltivarte.com\/portal\/wp-content\/uploads\/2020\/04\/logo-cooltivarte-v2.png","contentUrl":"https:\/\/cooltivarte.com\/portal\/wp-content\/uploads\/2020\/04\/logo-cooltivarte-v2.png","width":851,"height":243,"caption":"cooltivarte"},"image":{"@id":"https:\/\/cooltivarte.com\/portal\/#\/schema\/logo\/image\/"},"sameAs":["https:\/\/www.facebook.com\/cooltivartecom\/","https:\/\/x.com\/obolocultural","https:\/\/www.instagram.com\/_cooltivarte_\/","https:\/\/www.linkedin.com\/company\/-bolocultural?reportsuccess=8zaNG1HwhPbAR9iQhZ5rfGeqz_vQFftHun0ZWU0Wy9vNemRJ8vtcKdJvzQfW8XagyOJSKg0XvfJ1dp","https:\/\/www.pinterest.com\/cooltivarte\/","https:\/\/cooltivarte.tumblr.com\/","https:\/\/www.tiktok.com\/@cooltivarte","https:\/\/www.youtube.com\/@PrensaCooltivarte"]},{"@type":"Person","@id":"https:\/\/cooltivarte.com\/portal\/#\/schema\/person\/06ef0e0148e87cc17ab57dd1c0ecab47","name":"Mar\u00eda Jos\u00e9 Pieri","image":{"@type":"ImageObject","inLanguage":"es-AR","@id":"https:\/\/cooltivarte.com\/portal\/wp-content\/uploads\/2024\/07\/Majo-Pieri-120x120.jpeg","url":"https:\/\/cooltivarte.com\/portal\/wp-content\/uploads\/2024\/07\/Majo-Pieri-120x120.jpeg","contentUrl":"https:\/\/cooltivarte.com\/portal\/wp-content\/uploads\/2024\/07\/Majo-Pieri-120x120.jpeg","caption":"Mar\u00eda Jos\u00e9 Pieri"},"description":"UDELAR, CIENCIAS DE LA COMUNICACI\u00d3N Mujer y madre de adolescente, descubr\u00ed hace a\u00f1os el mundo de la producci\u00f3n teatral, en b\u00fasqueda de profundizar en conocimientos y herramientas para poder desarrollar m\u00e1s esa veta en presente y futuro.","sameAs":["https:\/\/cooltivarte.com\/portal\/author\/maria-jose-pieri\/","https:\/\/www.facebook.com\/maria.jose.pieri","https:\/\/www.instagram.com\/majo_p970\/","https:\/\/www.linkedin.com\/in\/maria-jose-pieri-5939a921\/","https:\/\/www.pinterest.com\/cooltivarte","https:\/\/x.com\/https:\/\/x.com\/majo70","https:\/\/www.youtube.com\/@PrensaCooltivarte","https:\/\/www.tumblr.com\/blog\/cooltivarte"],"url":"https:\/\/cooltivarte.com\/portal\/author\/maria-jose-pieri\/"}]}},"_links":{"self":[{"href":"https:\/\/cooltivarte.com\/portal\/wp-json\/wp\/v2\/posts\/122698","targetHints":{"allow":["GET"]}}],"collection":[{"href":"https:\/\/cooltivarte.com\/portal\/wp-json\/wp\/v2\/posts"}],"about":[{"href":"https:\/\/cooltivarte.com\/portal\/wp-json\/wp\/v2\/types\/post"}],"author":[{"embeddable":true,"href":"https:\/\/cooltivarte.com\/portal\/wp-json\/wp\/v2\/users\/221"}],"replies":[{"embeddable":true,"href":"https:\/\/cooltivarte.com\/portal\/wp-json\/wp\/v2\/comments?post=122698"}],"version-history":[{"count":7,"href":"https:\/\/cooltivarte.com\/portal\/wp-json\/wp\/v2\/posts\/122698\/revisions"}],"predecessor-version":[{"id":122730,"href":"https:\/\/cooltivarte.com\/portal\/wp-json\/wp\/v2\/posts\/122698\/revisions\/122730"}],"wp:featuredmedia":[{"embeddable":true,"href":"https:\/\/cooltivarte.com\/portal\/wp-json\/wp\/v2\/media\/122699"}],"wp:attachment":[{"href":"https:\/\/cooltivarte.com\/portal\/wp-json\/wp\/v2\/media?parent=122698"}],"wp:term":[{"taxonomy":"category","embeddable":true,"href":"https:\/\/cooltivarte.com\/portal\/wp-json\/wp\/v2\/categories?post=122698"},{"taxonomy":"post_tag","embeddable":true,"href":"https:\/\/cooltivarte.com\/portal\/wp-json\/wp\/v2\/tags?post=122698"}],"curies":[{"name":"wp","href":"https:\/\/api.w.org\/{rel}","templated":true}]}}