{"id":122643,"date":"2026-02-05T19:08:59","date_gmt":"2026-02-05T22:08:59","guid":{"rendered":"https:\/\/cooltivarte.com\/portal\/?p=122643"},"modified":"2026-02-05T20:06:46","modified_gmt":"2026-02-05T23:06:46","slug":"spuntone-mendaro-otra-vez-abril-en-vivo","status":"publish","type":"post","link":"https:\/\/cooltivarte.com\/portal\/spuntone-mendaro-otra-vez-abril-en-vivo\/","title":{"rendered":"SPUNTONE MENDARO &#8211; Otra vez abril en vivo"},"content":{"rendered":"<p><iframe title=\"SPUNTONE MENDARO - Otra vez abril [Teatro de Verano]\" src=\"https:\/\/www.youtube.com\/embed\/uYU1zHKhk90?si=cIgwp7dGUsZfQo_t\" width=\"100%\" height=\"515\" frameborder=\"0\" allowfullscreen=\"allowfullscreen\"><span data-mce-type=\"bookmark\" style=\"display: inline-block; width: 0px; overflow: hidden; line-height: 0;\" class=\"mce_SELRES_start\">\ufeff<\/span><\/iframe><\/p>\n<p>&nbsp;<\/p>\n<p><strong>Otra vez abril &#8211; En vivo [Teatro de Verano]<\/strong><\/p>\n<p>Grabaci\u00f3n en vivo por la celebraci\u00f3n de los 15 a\u00f1os de <a href=\"https:\/\/cooltivarte.com\/portal\/?s=Spuntone+y+Mendaro\" target=\"_blank\" rel=\"noopener\"><strong>Spuntone y Mendaro<\/strong><\/a> en el<strong> Teatro de Verano<\/strong> de Montevideo.<\/p>\n<p>Grabaci\u00f3n &#8211; Sebasti\u00e1n Fern\u00e1ndez \/ Mart\u00edn Fern\u00e1ndez&nbsp;<br \/>\nMix y Master &#8211; Gonzalo S\u00e1nchez&nbsp;<\/p>\n<p>Produccion y management &#8211; Mauro Beltr\u00e1n&nbsp;<\/p>\n<p>&nbsp;<\/p>\n<p>&nbsp;<\/p>\n<p>&nbsp;<br \/>\n<script async src=\"https:\/\/pagead2.googlesyndication.com\/pagead\/js\/adsbygoogle.js?client=ca-pub-1258162831753121\"\n     crossorigin=\"anonymous\"><\/script><br \/>\n<ins class=\"adsbygoogle\"\n     style=\"display:block; text-align:center;\"\n     data-ad-layout=\"in-article\"\n     data-ad-format=\"fluid\"\n     data-ad-client=\"ca-pub-1258162831753121\"\n     data-ad-slot=\"9254952921\"><\/ins><br \/>\n<script>\n     (adsbygoogle = window.adsbygoogle || []).push({});\n<\/script><br \/>\n&nbsp;<\/p>\n<p>&nbsp;<\/p>\n","protected":false},"excerpt":{"rendered":"<p>Otra vez abril &#8211; En vivo [Teatro de Verano]<\/p>\n<p>Grabaci\u00f3n en vivo por la celebraci\u00f3n de los 15 a\u00f1os de Spuntone y Mendaro en el Teatro de Verano de Montevideo.<\/p>\n<p>Grabaci\u00f3n &#8211; Sebasti\u00e1n Fern\u00e1ndez \/ Mart\u00edn Fern\u00e1ndez\u00a0<br \/>\nMix y Master &#8211; Gonzalo S\u00e1nchez\u00a0<\/p>\n","protected":false},"author":8,"featured_media":122644,"comment_status":"closed","ping_status":"closed","sticky":false,"template":"","format":"standard","meta":{"om_disable_all_campaigns":false,"ngg_post_thumbnail":0,"jnews-multi-image_gallery":[],"jnews_single_post":{"format":"standard","override":[{"template":"4","parallax":"1","layout":"right-sidebar","sidebar":"default-sidebar","second_sidebar":"default-sidebar","sticky_sidebar":"1","share_position":"bottom","share_float_style":"share-monocrhome","show_share_counter":"1","show_view_counter":"1","show_featured":"1","show_post_meta":"1","show_post_author":"1","show_post_author_image":"1","show_post_date":"1","post_date_format":"default","post_date_format_custom":"Y\/m\/d","show_post_category":"1","post_reading_time_wpm":"300","post_calculate_word_method":"str_word_count","zoom_button_out_step":"2","zoom_button_in_step":"3","show_post_tag":"1","show_prev_next_post":"1","show_popup_post":"1","show_comment_section":"1","number_popup_post":"1","show_author_box":"1","show_post_related":"0","show_inline_post_related":"0"}],"image_override":[{"single_post_thumbnail_size":"no-crop","single_post_gallery_size":"crop-500"}],"trending_post_position":"meta","trending_post_label":"Trending","sponsored_post_label":"Sponsored by","disable_ad":"0","subtitle":"Teatro de Verano"},"jnews_primary_category":[],"jnews_social_meta":[],"jnews_override_counter":{"view_counter_number":"0","share_counter_number":"0","like_counter_number":"0","dislike_counter_number":"0"},"footnotes":""},"categories":[14772],"tags":[3973,1147],"class_list":["post-122643","post","type-post","status-publish","format-standard","has-post-thumbnail","hentry","category-video","tag-spuntone-y-mendaro","tag-teatro-de-verano"],"yoast_head":"<!-- This site is optimized with the Yoast SEO plugin v27.5 - https:\/\/yoast.com\/product\/yoast-seo-wordpress\/ -->\n<title>SPUNTONE MENDARO - Otra vez abril en vivo - Cooltivarte Portal<\/title>\n<meta name=\"description\" content=\"Grabaci\u00f3n en vivo por la celebraci\u00f3n de los 15 a\u00f1os de Spuntone y Mendaro en el Teatro de Verano de Montevideo.\" \/>\n<meta name=\"robots\" content=\"index, follow, max-snippet:-1, max-image-preview:large, max-video-preview:-1\" \/>\n<link rel=\"canonical\" href=\"https:\/\/cooltivarte.com\/portal\/spuntone-mendaro-otra-vez-abril-en-vivo\/\" \/>\n<meta property=\"og:locale\" content=\"es_ES\" \/>\n<meta property=\"og:type\" content=\"article\" \/>\n<meta property=\"og:title\" content=\"SPUNTONE MENDARO - Otra vez abril [Teatro de Verano]\" \/>\n<meta property=\"og:description\" content=\"Grabaci\u00f3n en vivo por la celebraci\u00f3n de los 15 a\u00f1os de Spuntone y Mendaro en el Teatro de Verano de Montevideo.\" \/>\n<meta property=\"og:url\" content=\"https:\/\/cooltivarte.com\/portal\/spuntone-mendaro-otra-vez-abril-en-vivo\/\" \/>\n<meta property=\"og:site_name\" content=\"Cooltivarte Portal\" \/>\n<meta property=\"article:publisher\" content=\"https:\/\/www.facebook.com\/cooltivartecom\/\" \/>\n<meta property=\"article:author\" content=\"https:\/\/www.facebook.com\/cooltivartecom\" \/>\n<meta property=\"article:published_time\" content=\"2026-02-05T22:08:59+00:00\" \/>\n<meta property=\"article:modified_time\" content=\"2026-02-05T23:06:46+00:00\" \/>\n<meta property=\"og:image\" content=\"https:\/\/cooltivarte.com\/portal\/wp-content\/uploads\/2026\/02\/SPUNTONE-MENDARO-Otra-vez-abril.jpg\" \/>\n\t<meta property=\"og:image:width\" content=\"1280\" \/>\n\t<meta property=\"og:image:height\" content=\"720\" \/>\n\t<meta property=\"og:image:type\" content=\"image\/jpeg\" \/>\n<meta name=\"author\" content=\"Cooltivarte\" \/>\n<meta name=\"twitter:card\" content=\"summary_large_image\" \/>\n<meta name=\"twitter:title\" content=\"SPUNTONE MENDARO - Otra vez abril [Teatro de Verano]\" \/>\n<meta name=\"twitter:description\" content=\"Grabaci\u00f3n en vivo por la celebraci\u00f3n de los 15 a\u00f1os de Spuntone y Mendaro en el Teatro de Verano de Montevideo.\" \/>\n<meta name=\"twitter:image\" content=\"https:\/\/cooltivarte.com\/portal\/wp-content\/uploads\/2026\/02\/SPUNTONE-MENDARO-Otra-vez-abril.jpg\" \/>\n<meta name=\"twitter:creator\" content=\"@https:\/\/x.com\/obolocultural\" \/>\n<meta name=\"twitter:site\" content=\"@obolocultural\" \/>\n<meta name=\"twitter:label1\" content=\"Escrito por\" \/>\n\t<meta name=\"twitter:data1\" content=\"Cooltivarte\" \/>\n\t<meta name=\"twitter:label2\" content=\"Tiempo de lectura\" \/>\n\t<meta name=\"twitter:data2\" content=\"1 minuto\" \/>\n<!-- \/ Yoast SEO plugin. -->","yoast_head_json":{"title":"SPUNTONE MENDARO - Otra vez abril en vivo - Cooltivarte Portal","description":"Grabaci\u00f3n en vivo por la celebraci\u00f3n de los 15 a\u00f1os de Spuntone y Mendaro en el Teatro de Verano de Montevideo.","robots":{"index":"index","follow":"follow","max-snippet":"max-snippet:-1","max-image-preview":"max-image-preview:large","max-video-preview":"max-video-preview:-1"},"canonical":"https:\/\/cooltivarte.com\/portal\/spuntone-mendaro-otra-vez-abril-en-vivo\/","og_locale":"es_ES","og_type":"article","og_title":"SPUNTONE MENDARO - Otra vez abril [Teatro de Verano]","og_description":"Grabaci\u00f3n en vivo por la celebraci\u00f3n de los 15 a\u00f1os de Spuntone y Mendaro en el Teatro de Verano de Montevideo.","og_url":"https:\/\/cooltivarte.com\/portal\/spuntone-mendaro-otra-vez-abril-en-vivo\/","og_site_name":"Cooltivarte Portal","article_publisher":"https:\/\/www.facebook.com\/cooltivartecom\/","article_author":"https:\/\/www.facebook.com\/cooltivartecom","article_published_time":"2026-02-05T22:08:59+00:00","article_modified_time":"2026-02-05T23:06:46+00:00","og_image":[{"width":1280,"height":720,"url":"https:\/\/cooltivarte.com\/portal\/wp-content\/uploads\/2026\/02\/SPUNTONE-MENDARO-Otra-vez-abril.jpg","type":"image\/jpeg"}],"author":"Cooltivarte","twitter_card":"summary_large_image","twitter_title":"SPUNTONE MENDARO - Otra vez abril [Teatro de Verano]","twitter_description":"Grabaci\u00f3n en vivo por la celebraci\u00f3n de los 15 a\u00f1os de Spuntone y Mendaro en el Teatro de Verano de Montevideo.","twitter_image":"https:\/\/cooltivarte.com\/portal\/wp-content\/uploads\/2026\/02\/SPUNTONE-MENDARO-Otra-vez-abril.jpg","twitter_creator":"@https:\/\/x.com\/obolocultural","twitter_site":"@obolocultural","twitter_misc":{"Escrito por":"Cooltivarte","Tiempo de lectura":"1 minuto"},"schema":{"@context":"https:\/\/schema.org","@graph":[{"@type":"NewsArticle","@id":"https:\/\/cooltivarte.com\/portal\/spuntone-mendaro-otra-vez-abril-en-vivo\/#article","isPartOf":{"@id":"https:\/\/cooltivarte.com\/portal\/spuntone-mendaro-otra-vez-abril-en-vivo\/"},"author":{"name":"Cooltivarte","@id":"https:\/\/cooltivarte.com\/portal\/#\/schema\/person\/ec2a4f4e71b740d0c559c0ab9a157e19"},"headline":"SPUNTONE MENDARO &#8211; Otra vez abril en vivo","datePublished":"2026-02-05T22:08:59+00:00","dateModified":"2026-02-05T23:06:46+00:00","mainEntityOfPage":{"@id":"https:\/\/cooltivarte.com\/portal\/spuntone-mendaro-otra-vez-abril-en-vivo\/"},"wordCount":74,"publisher":{"@id":"https:\/\/cooltivarte.com\/portal\/#organization"},"image":{"@id":"https:\/\/cooltivarte.com\/portal\/spuntone-mendaro-otra-vez-abril-en-vivo\/#primaryimage"},"thumbnailUrl":"https:\/\/cooltivarte.com\/portal\/wp-content\/uploads\/2026\/02\/SPUNTONE-MENDARO-Otra-vez-abril.jpg","keywords":["Spuntone y Mendaro","Teatro de Verano"],"articleSection":["Video"],"inLanguage":"es-AR"},{"@type":"WebPage","@id":"https:\/\/cooltivarte.com\/portal\/spuntone-mendaro-otra-vez-abril-en-vivo\/","url":"https:\/\/cooltivarte.com\/portal\/spuntone-mendaro-otra-vez-abril-en-vivo\/","name":"SPUNTONE MENDARO - Otra vez abril en vivo - Cooltivarte Portal","isPartOf":{"@id":"https:\/\/cooltivarte.com\/portal\/#website"},"primaryImageOfPage":{"@id":"https:\/\/cooltivarte.com\/portal\/spuntone-mendaro-otra-vez-abril-en-vivo\/#primaryimage"},"image":{"@id":"https:\/\/cooltivarte.com\/portal\/spuntone-mendaro-otra-vez-abril-en-vivo\/#primaryimage"},"thumbnailUrl":"https:\/\/cooltivarte.com\/portal\/wp-content\/uploads\/2026\/02\/SPUNTONE-MENDARO-Otra-vez-abril.jpg","datePublished":"2026-02-05T22:08:59+00:00","dateModified":"2026-02-05T23:06:46+00:00","description":"Grabaci\u00f3n en vivo por la celebraci\u00f3n de los 15 a\u00f1os de Spuntone y Mendaro en el Teatro de Verano de Montevideo.","breadcrumb":{"@id":"https:\/\/cooltivarte.com\/portal\/spuntone-mendaro-otra-vez-abril-en-vivo\/#breadcrumb"},"inLanguage":"es-AR","potentialAction":[{"@type":"ReadAction","target":["https:\/\/cooltivarte.com\/portal\/spuntone-mendaro-otra-vez-abril-en-vivo\/"]}]},{"@type":"ImageObject","inLanguage":"es-AR","@id":"https:\/\/cooltivarte.com\/portal\/spuntone-mendaro-otra-vez-abril-en-vivo\/#primaryimage","url":"https:\/\/cooltivarte.com\/portal\/wp-content\/uploads\/2026\/02\/SPUNTONE-MENDARO-Otra-vez-abril.jpg","contentUrl":"https:\/\/cooltivarte.com\/portal\/wp-content\/uploads\/2026\/02\/SPUNTONE-MENDARO-Otra-vez-abril.jpg","width":1280,"height":720,"caption":"SPUNTONE MENDARO - Otra vez abril [Teatro de Verano]"},{"@type":"BreadcrumbList","@id":"https:\/\/cooltivarte.com\/portal\/spuntone-mendaro-otra-vez-abril-en-vivo\/#breadcrumb","itemListElement":[{"@type":"ListItem","position":1,"name":"Portada","item":"https:\/\/cooltivarte.com\/portal\/"},{"@type":"ListItem","position":2,"name":"SPUNTONE MENDARO &#8211; Otra vez abril en vivo"}]},{"@type":"WebSite","@id":"https:\/\/cooltivarte.com\/portal\/#website","url":"https:\/\/cooltivarte.com\/portal\/","name":"Cooltivarte Portal","description":"Arte, cultura y turismo para el mundo ...","publisher":{"@id":"https:\/\/cooltivarte.com\/portal\/#organization"},"potentialAction":[{"@type":"SearchAction","target":{"@type":"EntryPoint","urlTemplate":"https:\/\/cooltivarte.com\/portal\/?s={search_term_string}"},"query-input":{"@type":"PropertyValueSpecification","valueRequired":true,"valueName":"search_term_string"}}],"inLanguage":"es-AR"},{"@type":"Organization","@id":"https:\/\/cooltivarte.com\/portal\/#organization","name":"cooltivarte","url":"https:\/\/cooltivarte.com\/portal\/","logo":{"@type":"ImageObject","inLanguage":"es-AR","@id":"https:\/\/cooltivarte.com\/portal\/#\/schema\/logo\/image\/","url":"https:\/\/cooltivarte.com\/portal\/wp-content\/uploads\/2020\/04\/logo-cooltivarte-v2.png","contentUrl":"https:\/\/cooltivarte.com\/portal\/wp-content\/uploads\/2020\/04\/logo-cooltivarte-v2.png","width":851,"height":243,"caption":"cooltivarte"},"image":{"@id":"https:\/\/cooltivarte.com\/portal\/#\/schema\/logo\/image\/"},"sameAs":["https:\/\/www.facebook.com\/cooltivartecom\/","https:\/\/x.com\/obolocultural","https:\/\/www.instagram.com\/_cooltivarte_\/","https:\/\/www.linkedin.com\/company\/-bolocultural?reportsuccess=8zaNG1HwhPbAR9iQhZ5rfGeqz_vQFftHun0ZWU0Wy9vNemRJ8vtcKdJvzQfW8XagyOJSKg0XvfJ1dp","https:\/\/www.pinterest.com\/cooltivarte\/","https:\/\/cooltivarte.tumblr.com\/","https:\/\/www.tiktok.com\/@cooltivarte","https:\/\/www.youtube.com\/@PrensaCooltivarte"]},{"@type":"Person","@id":"https:\/\/cooltivarte.com\/portal\/#\/schema\/person\/ec2a4f4e71b740d0c559c0ab9a157e19","name":"Cooltivarte","image":{"@type":"ImageObject","inLanguage":"es-AR","@id":"https:\/\/cooltivarte.com\/portal\/wp-content\/uploads\/2014\/05\/logo-cooltivarte-120x120.jpg","url":"https:\/\/cooltivarte.com\/portal\/wp-content\/uploads\/2014\/05\/logo-cooltivarte-120x120.jpg","contentUrl":"https:\/\/cooltivarte.com\/portal\/wp-content\/uploads\/2014\/05\/logo-cooltivarte-120x120.jpg","caption":"Cooltivarte"},"description":"Somos COOLTIVARTE.COM. Un portal digital dedicado a difundir el acontecer art\u00edstico y cultural del Uruguay. Estamos en la vuelta desde el a\u00f1o 2003, y como evoluci\u00f3n del bolet\u00edn Obolo Cultural, nos encontramos abocados a apoyar a los artistas nacionales brind\u00e1ndoles un espacio de difusi\u00f3n. Creemos en la idea de utilizar la potencialidad que hoy d\u00eda nos otorga la web, para que la cultura uruguaya y sus creadores dispongan de una din\u00e1mica ventana, que los ponga en contacto entre s\u00ed y con el mundo. Somos COOLTIVARTE.COM y pretendemos configurarnos como un portal din\u00e1mico, entretenido y atento a los nuevos emprendimientos, que busque siempre la interacci\u00f3n con los artistas.","sameAs":["http:\/\/www.cooltivarte.com","https:\/\/www.facebook.com\/cooltivartecom","https:\/\/www.instagram.com\/_cooltivarte_\/","https:\/\/www.linkedin.com\/company\/-bolocultural","https:\/\/www.pinterest.com\/cooltivarte\/","https:\/\/x.com\/https:\/\/x.com\/obolocultural","https:\/\/www.youtube.com\/@PrensaCooltivarte","https:\/\/www.tumblr.com\/blog\/cooltivarte"],"url":"https:\/\/cooltivarte.com\/portal\/author\/cooltivarte\/"}]}},"_links":{"self":[{"href":"https:\/\/cooltivarte.com\/portal\/wp-json\/wp\/v2\/posts\/122643","targetHints":{"allow":["GET"]}}],"collection":[{"href":"https:\/\/cooltivarte.com\/portal\/wp-json\/wp\/v2\/posts"}],"about":[{"href":"https:\/\/cooltivarte.com\/portal\/wp-json\/wp\/v2\/types\/post"}],"author":[{"embeddable":true,"href":"https:\/\/cooltivarte.com\/portal\/wp-json\/wp\/v2\/users\/8"}],"replies":[{"embeddable":true,"href":"https:\/\/cooltivarte.com\/portal\/wp-json\/wp\/v2\/comments?post=122643"}],"version-history":[{"count":3,"href":"https:\/\/cooltivarte.com\/portal\/wp-json\/wp\/v2\/posts\/122643\/revisions"}],"predecessor-version":[{"id":122648,"href":"https:\/\/cooltivarte.com\/portal\/wp-json\/wp\/v2\/posts\/122643\/revisions\/122648"}],"wp:featuredmedia":[{"embeddable":true,"href":"https:\/\/cooltivarte.com\/portal\/wp-json\/wp\/v2\/media\/122644"}],"wp:attachment":[{"href":"https:\/\/cooltivarte.com\/portal\/wp-json\/wp\/v2\/media?parent=122643"}],"wp:term":[{"taxonomy":"category","embeddable":true,"href":"https:\/\/cooltivarte.com\/portal\/wp-json\/wp\/v2\/categories?post=122643"},{"taxonomy":"post_tag","embeddable":true,"href":"https:\/\/cooltivarte.com\/portal\/wp-json\/wp\/v2\/tags?post=122643"}],"curies":[{"name":"wp","href":"https:\/\/api.w.org\/{rel}","templated":true}]}}