{"id":122635,"date":"2026-02-05T18:46:37","date_gmt":"2026-02-05T21:46:37","guid":{"rendered":"https:\/\/cooltivarte.com\/portal\/?p=122635"},"modified":"2026-02-05T18:55:30","modified_gmt":"2026-02-05T21:55:30","slug":"fey-llega-por-primera-vez-a-montevideo","status":"publish","type":"post","link":"https:\/\/cooltivarte.com\/portal\/fey-llega-por-primera-vez-a-montevideo\/","title":{"rendered":"FEY LLEGA POR PRIMERA VEZ A MONTEVIDEO"},"content":{"rendered":"<p><img fetchpriority=\"high\" decoding=\"async\" class=\"aligncenter wp-image-122636 size-full\" title=\"FEY LLEGA POR PRIMERA VEZ A MONTEVIDEO - TEATRO METRO - martes 28 de abril 2026\" src=\"https:\/\/cooltivarte.com\/portal\/wp-content\/uploads\/2026\/02\/FEY-por-primera-vez-en-uruguay.jpg\" alt=\"FEY LLEGA POR PRIMERA VEZ A MONTEVIDEO - TEATRO METRO - martes 28 de abril 2026\" width=\"644\" height=\"364\" srcset=\"https:\/\/cooltivarte.com\/portal\/wp-content\/uploads\/2026\/02\/FEY-por-primera-vez-en-uruguay.jpg 644w, https:\/\/cooltivarte.com\/portal\/wp-content\/uploads\/2026\/02\/FEY-por-primera-vez-en-uruguay-300x170.jpg 300w\" sizes=\"(max-width: 644px) 100vw, 644px\" \/><\/p>\n<p>&nbsp;<\/p>\n<h2 dir=\"ltr\" style=\"text-align: left;\" align=\"center\"><span style=\"font-family: Arial;\"><span style=\"font-family: Arial Black; font-size: xx-large;\">FEY LLEGA POR PRIMERA VEZ A MONTEVIDEO<\/span><\/span><\/h2>\n<h2 dir=\"ltr\" style=\"text-align: left;\" align=\"center\"><span style=\"font-family: Arial;\">CON UN SHOW IMPERDIBLE EN EL TEATRO METRO<\/span><\/h2>\n<h2 dir=\"ltr\" style=\"text-align: left;\" align=\"center\"><a href=\"https:\/\/redtickets.uy\/evento\/FEY--HITS-TOUR-30-Aniversario\/27240\/\" target=\"_blank\" rel=\"noopener\" data-saferedirecturl=\"https:\/\/www.google.com\/url?q=https:\/\/redtickets.uy\/evento\/FEY--HITS-TOUR-30-Aniversario\/27240\/&amp;source=gmail&amp;ust=1770414020903000&amp;usg=AOvVaw3A-HDv4k_sfBbFlprgNJyC\"><span style=\"font-size: large;\">ENTRADAS EN VENTA<\/span><\/a><\/h2>\n<h4 dir=\"ltr\" style=\"text-align: left;\" align=\"center\"><span style=\"font-family: Arial;\">La ic\u00f3nica cantante mexicana&nbsp;<strong>Fey<\/strong>&nbsp;se presentar\u00e1&nbsp;<strong>por primera vez en Montevideo<\/strong>&nbsp;el&nbsp;<strong>martes 28 de abril<\/strong>&nbsp;en el&nbsp;<strong>Teatro Metro<\/strong>,&nbsp;<\/span><span style=\"font-family: Arial;\">en un show muy esperado que marcar\u00e1 un hito para el p\u00fablico uruguayo amante del pop latino.<\/span><\/h4>\n<p dir=\"ltr\" style=\"text-align: left;\" align=\"center\"><span style=\"font-family: Arial;\">Con m\u00e1s de&nbsp;<strong>30 a\u00f1os de trayectoria<\/strong>, Fey es una de las artistas m\u00e1s influyentes del pop en espa\u00f1ol.<\/span><\/p>\n<p dir=\"ltr\" style=\"text-align: left;\" align=\"center\"><span style=\"font-family: Arial;\">Desde su debut en 1995, construy\u00f3 una carrera s\u00f3lida y exitosa que la llev\u00f3 a conquistar escenarios de toda Latinoam\u00e9rica, Estados Unidos y Europa, convirti\u00e9ndose en un verdadero \u00edcono de los a\u00f1os 90 y 2000.<\/span><\/p>\n<p dir=\"ltr\" style=\"text-align: left;\" align=\"center\"><span style=\"font-family: Arial;\">Canciones como&nbsp;<em>\u201cAz\u00facar Amargo\u201d<\/em>,&nbsp;<em>\u201cNi T\u00fa Ni Nadie\u201d<\/em>,&nbsp;<em>\u201cMedia Naranja\u201d<\/em>&nbsp;y&nbsp;<em>\u201cD\u00edselo con Flores\u201d<\/em>&nbsp;no solo encabezaron rankings en m\u00faltiples pa\u00edses, sino que permanecieron durante m\u00e1s de 30 semanas en los charts de Billboard,<\/span><\/p>\n<p dir=\"ltr\" style=\"text-align: left;\" align=\"center\"><span style=\"font-family: Arial;\">marcando a toda una generaci\u00f3n y manteni\u00e9ndose vigentes hasta hoy.<\/span><\/p>\n<p dir=\"ltr\" style=\"text-align: left;\" align=\"center\"><span style=\"font-family: Arial;\">El show en Montevideo forma parte de la celebraci\u00f3n de sus&nbsp;<strong>tres d\u00e9cadas de carrera<\/strong>, luego del \u00e9xito de su reciente&nbsp;<em>Hits Tour 30 Aniversario<\/em>, una gira que agot\u00f3 numerosas funciones en M\u00e9xico \u2014<\/span><\/p>\n<p dir=\"ltr\" style=\"text-align: left;\" align=\"center\"><span style=\"font-family: Arial;\">incluyendo presentaciones en el Auditorio Nacional\u2014 y recorri\u00f3 importantes ciudades de Estados Unidos y Latinoam\u00e9rica. Esta nueva etapa encuentra a Fey en plena vigencia art\u00edstica, combinando nostalgia, energ\u00eda y una puesta en escena actual.<\/span><\/p>\n<p dir=\"ltr\" style=\"text-align: left;\" align=\"center\"><span style=\"font-family: Arial;\">En su primera visita al pa\u00eds, la artista ofrecer\u00e1 un espect\u00e1culo cargado de emoci\u00f3n, con un repertorio que recorre sus grandes \u00e9xitos, una producci\u00f3n cuidada y una conexi\u00f3n directa con el p\u00fablico,<\/span><\/p>\n<p dir=\"ltr\" style=\"text-align: left;\" align=\"center\"><span style=\"font-family: Arial;\">en una noche pensada tanto para quienes crecieron con su m\u00fasica como para nuevas generaciones que siguen descubriendo su obra.<\/span><\/p>\n<p dir=\"ltr\" style=\"text-align: left;\" align=\"center\"><strong><span style=\"font-family: Arial;\">FEY \u2013 EN VIVO EN MONTEVIDEO &#8211;&nbsp; HITS TOUR 30 ANIVERSARIO<\/span><\/strong><\/p>\n<p dir=\"ltr\" style=\"text-align: left;\" align=\"center\"><strong><span style=\"font-family: Arial;\">Club El Pa\u00eds 2 x 1 (cupos limitados)<\/span><\/strong><\/p>\n<p dir=\"ltr\" style=\"text-align: left;\" align=\"center\">&nbsp;<\/p>\n<p dir=\"ltr\" style=\"text-align: left;\" align=\"center\">&nbsp;<\/p>\n<p dir=\"ltr\" style=\"text-align: left;\" align=\"center\">&nbsp;<\/p>\n<p><script async=\"\" src=\"https:\/\/pagead2.googlesyndication.com\/pagead\/js\/adsbygoogle.js?client=ca-pub-1258162831753121\" crossorigin=\"anonymous\"><\/script><br \/>\n<ins class=\"adsbygoogle\" style=\"display: block; text-align: center;\" data-ad-layout=\"in-article\" data-ad-format=\"fluid\" data-ad-client=\"ca-pub-1258162831753121\" data-ad-slot=\"9254952921\"><\/ins><br \/>\n<script>\n     (adsbygoogle = window.adsbygoogle || []).push({});\n<\/script><\/p>\n<p dir=\"ltr\" style=\"text-align: left;\" align=\"center\">&nbsp;<\/p>\n","protected":false},"excerpt":{"rendered":"<p>FEY LLEGA POR PRIMERA VEZ A MONTEVIDEO<br \/>\nCON UN SHOW IMPERDIBLE EN EL TEATRO METRO<br \/>\nENTRADAS EN VENTA<br \/>\nLa ic\u00f3nica cantante mexicana\u00a0Fey\u00a0se presentar\u00e1\u00a0por primera vez en Montevideo\u00a0el\u00a0martes 28 de abril\u00a0en el\u00a0Teatro Metro,\u00a0en un show muy esperado que marcar\u00e1 un hito para el p\u00fablico uruguayo amante del pop latino.<\/p>\n<p>Con m\u00e1s de\u00a030 a\u00f1os de trayectoria, Fey es una de las artistas m\u00e1s influyentes del pop en espa\u00f1ol.<\/p>\n","protected":false},"author":8,"featured_media":122636,"comment_status":"closed","ping_status":"closed","sticky":false,"template":"","format":"standard","meta":{"om_disable_all_campaigns":false,"ngg_post_thumbnail":0,"jnews-multi-image_gallery":[],"jnews_single_post":{"format":"standard","override":[{"template":"4","parallax":"1","layout":"right-sidebar","sidebar":"default-sidebar","second_sidebar":"default-sidebar","sticky_sidebar":"1","share_position":"bottom","share_float_style":"share-monocrhome","show_share_counter":"1","show_view_counter":"1","show_featured":"1","show_post_meta":"1","show_post_author":"1","show_post_author_image":"1","show_post_date":"1","post_date_format":"default","post_date_format_custom":"Y\/m\/d","show_post_category":"1","post_reading_time_wpm":"300","post_calculate_word_method":"str_word_count","zoom_button_out_step":"2","zoom_button_in_step":"3","show_post_tag":"1","show_prev_next_post":"1","show_popup_post":"1","show_comment_section":"1","number_popup_post":"1","show_author_box":"1","show_post_related":"0","show_inline_post_related":"0"}],"image_override":[{"single_post_thumbnail_size":"no-crop","single_post_gallery_size":"crop-500"}],"trending_post_position":"meta","trending_post_label":"Trending","sponsored_post_label":"Sponsored by","disable_ad":"0","subtitle":"TEATRO METRO - martes 28 de abril 2026"},"jnews_primary_category":[],"jnews_social_meta":[],"jnews_override_counter":{"view_counter_number":"0","share_counter_number":"0","like_counter_number":"0","dislike_counter_number":"0"},"footnotes":""},"categories":[3394],"tags":[25648,25647,1432],"class_list":["post-122635","post","type-post","status-publish","format-standard","has-post-thumbnail","hentry","category-eventos","tag-cantante-mexicana","tag-fey","tag-teatro-metro"],"yoast_head":"<!-- This site is optimized with the Yoast SEO plugin v27.5 - https:\/\/yoast.com\/product\/yoast-seo-wordpress\/ -->\n<title>FEY LLEGA POR PRIMERA VEZ A MONTEVIDEO - Cooltivarte Portal<\/title>\n<meta name=\"description\" content=\"La ic\u00f3nica cantante mexicana\u00a0Fey\u00a0se presentar\u00e1\u00a0por primera vez en Montevideo\u00a0el\u00a0martes 28 de abril\u00a0en el\u00a0Teatro Metro,\u00a0en un show muy esperado que marcar\u00e1 un hito para el p\u00fablico uruguayo amante del pop latino.\" \/>\n<meta name=\"robots\" content=\"index, follow, max-snippet:-1, max-image-preview:large, max-video-preview:-1\" \/>\n<link rel=\"canonical\" href=\"https:\/\/cooltivarte.com\/portal\/fey-llega-por-primera-vez-a-montevideo\/\" \/>\n<meta property=\"og:locale\" content=\"es_ES\" \/>\n<meta property=\"og:type\" content=\"article\" \/>\n<meta property=\"og:title\" content=\"FEY LLEGA POR PRIMERA VEZ A MONTEVIDEO - TEATRO METRO - martes 28 de abril 2026\" \/>\n<meta property=\"og:description\" content=\"La ic\u00f3nica cantante mexicana\u00a0Fey\u00a0se presentar\u00e1\u00a0por primera vez en Montevideo\u00a0el\u00a0martes 28 de abril\u00a0en el\u00a0Teatro Metro,\u00a0en un show muy esperado que marcar\u00e1 un hito para el p\u00fablico uruguayo amante del pop latino.\" \/>\n<meta property=\"og:url\" content=\"https:\/\/cooltivarte.com\/portal\/fey-llega-por-primera-vez-a-montevideo\/\" \/>\n<meta property=\"og:site_name\" content=\"Cooltivarte Portal\" \/>\n<meta property=\"article:publisher\" content=\"https:\/\/www.facebook.com\/cooltivartecom\/\" \/>\n<meta property=\"article:author\" content=\"https:\/\/www.facebook.com\/cooltivartecom\" \/>\n<meta property=\"article:published_time\" content=\"2026-02-05T21:46:37+00:00\" \/>\n<meta property=\"article:modified_time\" content=\"2026-02-05T21:55:30+00:00\" \/>\n<meta property=\"og:image\" content=\"https:\/\/cooltivarte.com\/portal\/wp-content\/uploads\/2026\/02\/FEY-por-primera-vez-en-uruguay.jpg\" \/>\n\t<meta property=\"og:image:width\" content=\"644\" \/>\n\t<meta property=\"og:image:height\" content=\"364\" \/>\n\t<meta property=\"og:image:type\" content=\"image\/jpeg\" \/>\n<meta name=\"author\" content=\"Cooltivarte\" \/>\n<meta name=\"twitter:card\" content=\"summary_large_image\" \/>\n<meta name=\"twitter:title\" content=\"FEY LLEGA POR PRIMERA VEZ A MONTEVIDEO - TEATRO METRO - martes 28 de abril 2026\" \/>\n<meta name=\"twitter:description\" content=\"La ic\u00f3nica cantante mexicana\u00a0Fey\u00a0se presentar\u00e1\u00a0por primera vez en Montevideo\u00a0el\u00a0martes 28 de abril\u00a0en el\u00a0Teatro Metro,\u00a0en un show muy esperado que marcar\u00e1 un hito para el p\u00fablico uruguayo amante del pop latino.\" \/>\n<meta name=\"twitter:image\" content=\"https:\/\/cooltivarte.com\/portal\/wp-content\/uploads\/2026\/02\/FEY-por-primera-vez-en-uruguay.jpg\" \/>\n<meta name=\"twitter:creator\" content=\"@https:\/\/x.com\/obolocultural\" \/>\n<meta name=\"twitter:site\" content=\"@obolocultural\" \/>\n<meta name=\"twitter:label1\" content=\"Escrito por\" \/>\n\t<meta name=\"twitter:data1\" content=\"Cooltivarte\" \/>\n\t<meta name=\"twitter:label2\" content=\"Tiempo de lectura\" \/>\n\t<meta name=\"twitter:data2\" content=\"2 minutos\" \/>\n<!-- \/ Yoast SEO plugin. -->","yoast_head_json":{"title":"FEY LLEGA POR PRIMERA VEZ A MONTEVIDEO - Cooltivarte Portal","description":"La ic\u00f3nica cantante mexicana\u00a0Fey\u00a0se presentar\u00e1\u00a0por primera vez en Montevideo\u00a0el\u00a0martes 28 de abril\u00a0en el\u00a0Teatro Metro,\u00a0en un show muy esperado que marcar\u00e1 un hito para el p\u00fablico uruguayo amante del pop latino.","robots":{"index":"index","follow":"follow","max-snippet":"max-snippet:-1","max-image-preview":"max-image-preview:large","max-video-preview":"max-video-preview:-1"},"canonical":"https:\/\/cooltivarte.com\/portal\/fey-llega-por-primera-vez-a-montevideo\/","og_locale":"es_ES","og_type":"article","og_title":"FEY LLEGA POR PRIMERA VEZ A MONTEVIDEO - TEATRO METRO - martes 28 de abril 2026","og_description":"La ic\u00f3nica cantante mexicana\u00a0Fey\u00a0se presentar\u00e1\u00a0por primera vez en Montevideo\u00a0el\u00a0martes 28 de abril\u00a0en el\u00a0Teatro Metro,\u00a0en un show muy esperado que marcar\u00e1 un hito para el p\u00fablico uruguayo amante del pop latino.","og_url":"https:\/\/cooltivarte.com\/portal\/fey-llega-por-primera-vez-a-montevideo\/","og_site_name":"Cooltivarte Portal","article_publisher":"https:\/\/www.facebook.com\/cooltivartecom\/","article_author":"https:\/\/www.facebook.com\/cooltivartecom","article_published_time":"2026-02-05T21:46:37+00:00","article_modified_time":"2026-02-05T21:55:30+00:00","og_image":[{"width":644,"height":364,"url":"https:\/\/cooltivarte.com\/portal\/wp-content\/uploads\/2026\/02\/FEY-por-primera-vez-en-uruguay.jpg","type":"image\/jpeg"}],"author":"Cooltivarte","twitter_card":"summary_large_image","twitter_title":"FEY LLEGA POR PRIMERA VEZ A MONTEVIDEO - TEATRO METRO - martes 28 de abril 2026","twitter_description":"La ic\u00f3nica cantante mexicana\u00a0Fey\u00a0se presentar\u00e1\u00a0por primera vez en Montevideo\u00a0el\u00a0martes 28 de abril\u00a0en el\u00a0Teatro Metro,\u00a0en un show muy esperado que marcar\u00e1 un hito para el p\u00fablico uruguayo amante del pop latino.","twitter_image":"https:\/\/cooltivarte.com\/portal\/wp-content\/uploads\/2026\/02\/FEY-por-primera-vez-en-uruguay.jpg","twitter_creator":"@https:\/\/x.com\/obolocultural","twitter_site":"@obolocultural","twitter_misc":{"Escrito por":"Cooltivarte","Tiempo de lectura":"2 minutos"},"schema":{"@context":"https:\/\/schema.org","@graph":[{"@type":"NewsArticle","@id":"https:\/\/cooltivarte.com\/portal\/fey-llega-por-primera-vez-a-montevideo\/#article","isPartOf":{"@id":"https:\/\/cooltivarte.com\/portal\/fey-llega-por-primera-vez-a-montevideo\/"},"author":{"name":"Cooltivarte","@id":"https:\/\/cooltivarte.com\/portal\/#\/schema\/person\/ec2a4f4e71b740d0c559c0ab9a157e19"},"headline":"FEY LLEGA POR PRIMERA VEZ A MONTEVIDEO","datePublished":"2026-02-05T21:46:37+00:00","dateModified":"2026-02-05T21:55:30+00:00","mainEntityOfPage":{"@id":"https:\/\/cooltivarte.com\/portal\/fey-llega-por-primera-vez-a-montevideo\/"},"wordCount":342,"publisher":{"@id":"https:\/\/cooltivarte.com\/portal\/#organization"},"image":{"@id":"https:\/\/cooltivarte.com\/portal\/fey-llega-por-primera-vez-a-montevideo\/#primaryimage"},"thumbnailUrl":"https:\/\/cooltivarte.com\/portal\/wp-content\/uploads\/2026\/02\/FEY-por-primera-vez-en-uruguay.jpg","keywords":["cantante mexicana","Fey","Teatro Metro"],"articleSection":["Eventos"],"inLanguage":"es-AR"},{"@type":"WebPage","@id":"https:\/\/cooltivarte.com\/portal\/fey-llega-por-primera-vez-a-montevideo\/","url":"https:\/\/cooltivarte.com\/portal\/fey-llega-por-primera-vez-a-montevideo\/","name":"FEY LLEGA POR PRIMERA VEZ A MONTEVIDEO - Cooltivarte Portal","isPartOf":{"@id":"https:\/\/cooltivarte.com\/portal\/#website"},"primaryImageOfPage":{"@id":"https:\/\/cooltivarte.com\/portal\/fey-llega-por-primera-vez-a-montevideo\/#primaryimage"},"image":{"@id":"https:\/\/cooltivarte.com\/portal\/fey-llega-por-primera-vez-a-montevideo\/#primaryimage"},"thumbnailUrl":"https:\/\/cooltivarte.com\/portal\/wp-content\/uploads\/2026\/02\/FEY-por-primera-vez-en-uruguay.jpg","datePublished":"2026-02-05T21:46:37+00:00","dateModified":"2026-02-05T21:55:30+00:00","description":"La ic\u00f3nica cantante mexicana\u00a0Fey\u00a0se presentar\u00e1\u00a0por primera vez en Montevideo\u00a0el\u00a0martes 28 de abril\u00a0en el\u00a0Teatro Metro,\u00a0en un show muy esperado que marcar\u00e1 un hito para el p\u00fablico uruguayo amante del pop latino.","breadcrumb":{"@id":"https:\/\/cooltivarte.com\/portal\/fey-llega-por-primera-vez-a-montevideo\/#breadcrumb"},"inLanguage":"es-AR","potentialAction":[{"@type":"ReadAction","target":["https:\/\/cooltivarte.com\/portal\/fey-llega-por-primera-vez-a-montevideo\/"]}]},{"@type":"ImageObject","inLanguage":"es-AR","@id":"https:\/\/cooltivarte.com\/portal\/fey-llega-por-primera-vez-a-montevideo\/#primaryimage","url":"https:\/\/cooltivarte.com\/portal\/wp-content\/uploads\/2026\/02\/FEY-por-primera-vez-en-uruguay.jpg","contentUrl":"https:\/\/cooltivarte.com\/portal\/wp-content\/uploads\/2026\/02\/FEY-por-primera-vez-en-uruguay.jpg","width":644,"height":364,"caption":"FEY LLEGA POR PRIMERA VEZ A MONTEVIDEO - TEATRO METRO - martes 28 de abril 2026"},{"@type":"BreadcrumbList","@id":"https:\/\/cooltivarte.com\/portal\/fey-llega-por-primera-vez-a-montevideo\/#breadcrumb","itemListElement":[{"@type":"ListItem","position":1,"name":"Portada","item":"https:\/\/cooltivarte.com\/portal\/"},{"@type":"ListItem","position":2,"name":"FEY LLEGA POR PRIMERA VEZ A MONTEVIDEO"}]},{"@type":"WebSite","@id":"https:\/\/cooltivarte.com\/portal\/#website","url":"https:\/\/cooltivarte.com\/portal\/","name":"Cooltivarte Portal","description":"Arte, cultura y turismo para el mundo ...","publisher":{"@id":"https:\/\/cooltivarte.com\/portal\/#organization"},"potentialAction":[{"@type":"SearchAction","target":{"@type":"EntryPoint","urlTemplate":"https:\/\/cooltivarte.com\/portal\/?s={search_term_string}"},"query-input":{"@type":"PropertyValueSpecification","valueRequired":true,"valueName":"search_term_string"}}],"inLanguage":"es-AR"},{"@type":"Organization","@id":"https:\/\/cooltivarte.com\/portal\/#organization","name":"cooltivarte","url":"https:\/\/cooltivarte.com\/portal\/","logo":{"@type":"ImageObject","inLanguage":"es-AR","@id":"https:\/\/cooltivarte.com\/portal\/#\/schema\/logo\/image\/","url":"https:\/\/cooltivarte.com\/portal\/wp-content\/uploads\/2020\/04\/logo-cooltivarte-v2.png","contentUrl":"https:\/\/cooltivarte.com\/portal\/wp-content\/uploads\/2020\/04\/logo-cooltivarte-v2.png","width":851,"height":243,"caption":"cooltivarte"},"image":{"@id":"https:\/\/cooltivarte.com\/portal\/#\/schema\/logo\/image\/"},"sameAs":["https:\/\/www.facebook.com\/cooltivartecom\/","https:\/\/x.com\/obolocultural","https:\/\/www.instagram.com\/_cooltivarte_\/","https:\/\/www.linkedin.com\/company\/-bolocultural?reportsuccess=8zaNG1HwhPbAR9iQhZ5rfGeqz_vQFftHun0ZWU0Wy9vNemRJ8vtcKdJvzQfW8XagyOJSKg0XvfJ1dp","https:\/\/www.pinterest.com\/cooltivarte\/","https:\/\/cooltivarte.tumblr.com\/","https:\/\/www.tiktok.com\/@cooltivarte","https:\/\/www.youtube.com\/@PrensaCooltivarte"]},{"@type":"Person","@id":"https:\/\/cooltivarte.com\/portal\/#\/schema\/person\/ec2a4f4e71b740d0c559c0ab9a157e19","name":"Cooltivarte","image":{"@type":"ImageObject","inLanguage":"es-AR","@id":"https:\/\/cooltivarte.com\/portal\/wp-content\/uploads\/2014\/05\/logo-cooltivarte-120x120.jpg","url":"https:\/\/cooltivarte.com\/portal\/wp-content\/uploads\/2014\/05\/logo-cooltivarte-120x120.jpg","contentUrl":"https:\/\/cooltivarte.com\/portal\/wp-content\/uploads\/2014\/05\/logo-cooltivarte-120x120.jpg","caption":"Cooltivarte"},"description":"Somos COOLTIVARTE.COM. Un portal digital dedicado a difundir el acontecer art\u00edstico y cultural del Uruguay. Estamos en la vuelta desde el a\u00f1o 2003, y como evoluci\u00f3n del bolet\u00edn Obolo Cultural, nos encontramos abocados a apoyar a los artistas nacionales brind\u00e1ndoles un espacio de difusi\u00f3n. Creemos en la idea de utilizar la potencialidad que hoy d\u00eda nos otorga la web, para que la cultura uruguaya y sus creadores dispongan de una din\u00e1mica ventana, que los ponga en contacto entre s\u00ed y con el mundo. Somos COOLTIVARTE.COM y pretendemos configurarnos como un portal din\u00e1mico, entretenido y atento a los nuevos emprendimientos, que busque siempre la interacci\u00f3n con los artistas.","sameAs":["http:\/\/www.cooltivarte.com","https:\/\/www.facebook.com\/cooltivartecom","https:\/\/www.instagram.com\/_cooltivarte_\/","https:\/\/www.linkedin.com\/company\/-bolocultural","https:\/\/www.pinterest.com\/cooltivarte\/","https:\/\/x.com\/https:\/\/x.com\/obolocultural","https:\/\/www.youtube.com\/@PrensaCooltivarte","https:\/\/www.tumblr.com\/blog\/cooltivarte"],"url":"https:\/\/cooltivarte.com\/portal\/author\/cooltivarte\/"}]}},"_links":{"self":[{"href":"https:\/\/cooltivarte.com\/portal\/wp-json\/wp\/v2\/posts\/122635","targetHints":{"allow":["GET"]}}],"collection":[{"href":"https:\/\/cooltivarte.com\/portal\/wp-json\/wp\/v2\/posts"}],"about":[{"href":"https:\/\/cooltivarte.com\/portal\/wp-json\/wp\/v2\/types\/post"}],"author":[{"embeddable":true,"href":"https:\/\/cooltivarte.com\/portal\/wp-json\/wp\/v2\/users\/8"}],"replies":[{"embeddable":true,"href":"https:\/\/cooltivarte.com\/portal\/wp-json\/wp\/v2\/comments?post=122635"}],"version-history":[{"count":3,"href":"https:\/\/cooltivarte.com\/portal\/wp-json\/wp\/v2\/posts\/122635\/revisions"}],"predecessor-version":[{"id":122639,"href":"https:\/\/cooltivarte.com\/portal\/wp-json\/wp\/v2\/posts\/122635\/revisions\/122639"}],"wp:featuredmedia":[{"embeddable":true,"href":"https:\/\/cooltivarte.com\/portal\/wp-json\/wp\/v2\/media\/122636"}],"wp:attachment":[{"href":"https:\/\/cooltivarte.com\/portal\/wp-json\/wp\/v2\/media?parent=122635"}],"wp:term":[{"taxonomy":"category","embeddable":true,"href":"https:\/\/cooltivarte.com\/portal\/wp-json\/wp\/v2\/categories?post=122635"},{"taxonomy":"post_tag","embeddable":true,"href":"https:\/\/cooltivarte.com\/portal\/wp-json\/wp\/v2\/tags?post=122635"}],"curies":[{"name":"wp","href":"https:\/\/api.w.org\/{rel}","templated":true}]}}