{"id":122432,"date":"2026-02-28T08:49:44","date_gmt":"2026-02-28T11:49:44","guid":{"rendered":"https:\/\/cooltivarte.com\/portal\/?p=122432"},"modified":"2026-03-04T20:19:56","modified_gmt":"2026-03-04T23:19:56","slug":"programacion-carnaval-2026-velodromo-municipal","status":"publish","type":"post","link":"https:\/\/cooltivarte.com\/portal\/programacion-carnaval-2026-velodromo-municipal\/","title":{"rendered":"Programaci\u00f3n Carnaval 2026 &#8211; Vel\u00f3dromo Municipal"},"content":{"rendered":"<figure id=\"attachment_122435\" aria-describedby=\"caption-attachment-122435\" style=\"width: 1024px\" class=\"wp-caption aligncenter\"><img fetchpriority=\"high\" decoding=\"async\" class=\"wp-image-122435 size-large\" title=\"Fuente foto - carnavalvelodromo.com.uy\" src=\"https:\/\/cooltivarte.com\/portal\/wp-content\/uploads\/2026\/02\/velodromo-1024x230.jpg\" alt=\"velodromo\" width=\"1024\" height=\"230\" srcset=\"https:\/\/cooltivarte.com\/portal\/wp-content\/uploads\/2026\/02\/velodromo-1024x230.jpg 1024w, https:\/\/cooltivarte.com\/portal\/wp-content\/uploads\/2026\/02\/velodromo-300x67.jpg 300w, https:\/\/cooltivarte.com\/portal\/wp-content\/uploads\/2026\/02\/velodromo-768x172.jpg 768w, https:\/\/cooltivarte.com\/portal\/wp-content\/uploads\/2026\/02\/velodromo-1536x345.jpg 1536w, https:\/\/cooltivarte.com\/portal\/wp-content\/uploads\/2026\/02\/velodromo.jpg 2000w\" sizes=\"(max-width: 1024px) 100vw, 1024px\" \/><figcaption id=\"caption-attachment-122435\" class=\"wp-caption-text\">Fuente foto &#8211; carnavalvelodromo.com.uy<\/figcaption><\/figure>\n<p>&nbsp;<\/p>\n<h3><strong>Carnaval 2026<\/strong><\/h3>\n<h3><strong>Programaci\u00f3n Vel\u00f3dromo Municipal de Montevideo<br \/>\n<\/strong><\/h3>\n<p>&nbsp;<\/p>\n<h3><strong><span class=\"JCzEY tNxQIb\"><span class=\"CSkcDe\">\u00bfQu\u00e9 eventos hay en el Vel\u00f3dromo?<\/span><\/span><\/strong><\/h3>\n<p>&nbsp;<\/p>\n<ul id=\"home-slider\">\n<li class=\"pager\">\n<h3 class=\"item-title\"><strong>Viernes 6<\/strong><\/h3>\n<div class=\"item-description\">\n<p><strong>19:30 hs. Festival solidario con los hermanos cubanos<\/strong><\/p>\n<p>La Trasnochada<br \/>\nPatos Cabreros<br \/>\nFalta y Resto<br \/>\nSociedad An\u00f3nima<br \/>\nCurtidores de Hongos<br \/>\nDiablos Verdes<br \/>\nLa Gran Mu\u00f1eca<\/p>\n<\/div>\n<\/li>\n<li class=\"pager\">\n<h3 class=\"item-title\"><strong>S\u00e1bado 7<\/strong><\/h3>\n<div class=\"item-description\">\n<p><strong>19:30 hs Vel\u00f3dromo Solidario con Madres y Familiares de Detenidos Desaparecidos<\/strong><\/p>\n<p>Diablos Verdes<br \/>\nDo\u00f1a Bastarda<br \/>\nQueso Magro<br \/>\nLa Gran Mu\u00f1eca<br \/>\nPatos Cabreros<br \/>\nCay\u00f3 la Cabra<br \/>\nFalta y Resto<\/p>\n<p>El orden de presentaci\u00f3n no es necesariamente \u00e9ste<\/p>\n<\/div>\n<\/li>\n<\/ul>\n<p>&nbsp;<\/p>\n<p>&nbsp;<\/p>\n<p>&nbsp;<\/p>\n<p>&nbsp;<\/p>\n<h2><strong>Precios<\/strong><\/h2>\n<p><strong>PLATEA NUMERADA<\/strong><\/p>\n<p>Lunes a jueves &#8230;&#8230;&#8230;&#8230;&#8230;&#8230;&#8230;&#8230;&#8230;&#8230;&#8230; $ 450<br \/>\nViernes a domingos y feriados&#8230;&#8230;&#8230;&#8230;$ 500<\/p>\n<p><strong>TRIBUNA SIN NUMERAR<\/strong><\/p>\n<p>Lunes a jueves &#8230;&#8230;&#8230;&#8230;&#8230;&#8230;&#8230;&#8230;&#8230;&#8230;&#8230;.$ 400<br \/>\nViernes a domingos y feriados\u2026\u2026\u2026 $ 420<\/p>\n<p><strong>Tribuna bonificada<\/strong><\/p>\n<p>todos los d\u00edas &#8230;.. $ 250<br \/>\n(Jubilados, afiliados a sindicatos del PIT-CNT,<br \/>\nTarjeta solidaria Fucvam, Fecovi)<\/p>\n<p>Menores de 12 y Credencial Verde de la IM GRATIS EN TRIBUNA<br \/>\nTODOS LOS D\u00cdAS<\/p>\n<p><strong>PROMOCIONES ESPECIALES TODOS LOS D\u00cdAS<\/strong><\/p>\n<p>BROU (de 19.00 hs a 23.30 hs) 50% en tribunas&nbsp;&nbsp;<br \/>\nOCA (de 19.00 hs a 23.30 hs) 2 x 1 en tribunas<br \/>\nANDA 2&#215;1 en tribunas<br \/>\nANCAPuntos (de 19.00 hs a 21.30 hs),<a href=\"https:\/\/www.carnavalvelodromo.com.uy\/images\/stories\/cuadro%20de%20ancapuntos.png\" target=\"_blank\" rel=\"noopener\"> ver tabla de canje de puntos,<\/a><br \/>\nTCC cupo diario libres, luego 2&#215;1 en tribunas, a gestionar en TCC<br \/>\nMontevideo Libre (de 19.00 hs a 22.00 hs) cupo diario gratis de mi\u00e9rcoles a s\u00e1bados<br \/>\nSocio Espectacular (de 19.00 hs a 23.30 hs) cupo diario gratis en tribuna<\/p>\n<p>&nbsp;<\/p>\n<p>&nbsp;<\/p>\n<p><strong>VENTA DE ENTRADAS POR <a href=\"https:\/\/redtickets.uy\/busqueda?,velodromo,0,0\" target=\"_blank\" rel=\"noopener\">REDTICKETS<\/a> Y EN BOLETER\u00cdA DEL VEL\u00d3DROMO<\/strong><\/p>\n<p>&nbsp;<\/p>\n<h3>Lineas de \u00d3mnibus<\/h3>\n<p><span class=\"naranja\">103 &#8211; Los Aromos Km 23&nbsp; &nbsp;145 &#8211; Complejo Am\u00e9rica&nbsp; &nbsp; 174 &#8211; Aviaci\u00f3n p\/Lezica&nbsp; &nbsp;185 &#8211; Barrio Casab\u00f3 (Bajo Valencia)<\/span><\/p>\n<p>Salida: Despu\u00e9s del \u00faltimo conjunto.<\/p>\n<p>&nbsp;<\/p>\n<p>Vel\u00f3dromo Municipal de Montevideo<\/p>\n<p>Avda. Ram\u00f3n Benzano 3471 Montevideo, Uruguay<\/p>\n<p><a href=\"https:\/\/www.carnavalvelodromo.com.uy\/\" target=\"_blank\" rel=\"noopener\">carnavalvelodromo.com.uy<\/a><\/p>\n<p>&nbsp;<br \/>\n<script async=\"\" src=\"https:\/\/pagead2.googlesyndication.com\/pagead\/js\/adsbygoogle.js?client=ca-pub-1258162831753121\" crossorigin=\"anonymous\"><\/script><br \/>\n<ins class=\"adsbygoogle\" style=\"display: block; text-align: center;\" data-ad-layout=\"in-article\" data-ad-format=\"fluid\" data-ad-client=\"ca-pub-1258162831753121\" data-ad-slot=\"9254952921\"><\/ins><br \/>\n<script>\n     (adsbygoogle = window.adsbygoogle || []).push({});\n<\/script><br \/>\n&nbsp;<\/p>\n","protected":false},"excerpt":{"rendered":"<p>Carnaval 2026<br \/>\nProgramaci\u00f3n Vel\u00f3dromo Municipal de Montevideo<\/p>\n<p>\u00bfQu\u00e9 eventos hay en el Vel\u00f3dromo?<\/p>\n","protected":false},"author":8,"featured_media":122435,"comment_status":"closed","ping_status":"closed","sticky":false,"template":"","format":"standard","meta":{"om_disable_all_campaigns":false,"ngg_post_thumbnail":0,"jnews-multi-image_gallery":[],"jnews_single_post":{"subtitle":"\u00bfQu\u00e9 eventos hay en el Vel\u00f3dromo?","format":"standard","override":[{"template":"4","parallax":"1","layout":"right-sidebar","sidebar":"default-sidebar","second_sidebar":"default-sidebar","sticky_sidebar":"1","share_position":"bottom","share_float_style":"share-monocrhome","show_share_counter":"1","show_view_counter":"1","show_featured":"1","show_post_meta":"1","show_post_author":"1","show_post_author_image":"1","show_post_date":"1","post_date_format":"default","post_date_format_custom":"Y\/m\/d","show_post_category":"1","post_reading_time_wpm":"300","post_calculate_word_method":"str_word_count","zoom_button_out_step":"2","zoom_button_in_step":"3","show_post_tag":"1","show_prev_next_post":"1","show_popup_post":"1","show_comment_section":"1","number_popup_post":"1","show_author_box":"1","show_post_related":"0","show_inline_post_related":"0"}],"image_override":[{"single_post_thumbnail_size":"no-crop","single_post_gallery_size":"crop-500"}],"trending_post_position":"meta","trending_post_label":"Trending","sponsored_post_label":"Sponsored by","disable_ad":"0"},"jnews_primary_category":[],"jnews_social_meta":[],"jnews_override_counter":{"view_counter_number":"0","share_counter_number":"0","like_counter_number":"0","dislike_counter_number":"0"},"footnotes":""},"categories":[3394],"tags":[24801,20467,10504,25727,25728,25729,25726,2699,586],"class_list":["post-122432","post","type-post","status-publish","format-standard","has-post-thumbnail","hentry","category-eventos","tag-carnaval-2026","tag-cartelera","tag-programacion","tag-programacion-velodromo-2026","tag-tablado-del-velodromo","tag-tablado-velodromo-2026","tag-velodromo-cartelera-2026","tag-velodromo-municipal","tag-velodromo-municipal-de-montevideo"],"yoast_head":"<!-- This site is optimized with the Yoast SEO plugin v27.5 - https:\/\/yoast.com\/product\/yoast-seo-wordpress\/ -->\n<title>Programaci\u00f3n Carnaval 2026 - Vel\u00f3dromo Municipal - Cooltivarte Portal<\/title>\n<meta name=\"description\" content=\"Carnaval en el Vel\u00f3dromo | Una fiesta de la cultura uruguaya - \u00bfQu\u00e9 eventos hay en el Vel\u00f3dromo?\" \/>\n<meta name=\"robots\" content=\"index, follow, max-snippet:-1, max-image-preview:large, max-video-preview:-1\" \/>\n<link rel=\"canonical\" href=\"https:\/\/cooltivarte.com\/portal\/programacion-carnaval-2026-velodromo-municipal\/\" \/>\n<meta property=\"og:locale\" content=\"es_ES\" \/>\n<meta property=\"og:type\" content=\"article\" \/>\n<meta property=\"og:title\" content=\"Programaci\u00f3n Carnaval 2026 - Vel\u00f3dromo Municipal\" \/>\n<meta property=\"og:description\" content=\"Carnaval en el Vel\u00f3dromo | Una fiesta de la cultura uruguaya - \u00bfQu\u00e9 eventos hay en el Vel\u00f3dromo?\" \/>\n<meta property=\"og:url\" content=\"https:\/\/cooltivarte.com\/portal\/programacion-carnaval-2026-velodromo-municipal\/\" \/>\n<meta property=\"og:site_name\" content=\"Cooltivarte Portal\" \/>\n<meta property=\"article:publisher\" content=\"https:\/\/www.facebook.com\/cooltivartecom\/\" \/>\n<meta property=\"article:author\" content=\"https:\/\/www.facebook.com\/cooltivartecom\" \/>\n<meta property=\"article:published_time\" content=\"2026-02-28T11:49:44+00:00\" \/>\n<meta property=\"article:modified_time\" content=\"2026-03-04T23:19:56+00:00\" \/>\n<meta property=\"og:image\" content=\"https:\/\/cooltivarte.com\/portal\/wp-content\/uploads\/2026\/02\/velodromo.jpg\" \/>\n\t<meta property=\"og:image:width\" content=\"2000\" \/>\n\t<meta property=\"og:image:height\" content=\"449\" \/>\n\t<meta property=\"og:image:type\" content=\"image\/jpeg\" \/>\n<meta name=\"author\" content=\"Cooltivarte\" \/>\n<meta name=\"twitter:card\" content=\"summary_large_image\" \/>\n<meta name=\"twitter:title\" content=\"Programaci\u00f3n Carnaval 2026 - Vel\u00f3dromo Municipal\" \/>\n<meta name=\"twitter:description\" content=\"Carnaval en el Vel\u00f3dromo | Una fiesta de la cultura uruguaya - \u00bfQu\u00e9 eventos hay en el Vel\u00f3dromo?\" \/>\n<meta name=\"twitter:image\" content=\"https:\/\/cooltivarte.com\/portal\/wp-content\/uploads\/2026\/02\/velodromo.jpg\" \/>\n<meta name=\"twitter:creator\" content=\"@https:\/\/x.com\/obolocultural\" \/>\n<meta name=\"twitter:site\" content=\"@obolocultural\" \/>\n<meta name=\"twitter:label1\" content=\"Escrito por\" \/>\n\t<meta name=\"twitter:data1\" content=\"Cooltivarte\" \/>\n\t<meta name=\"twitter:label2\" content=\"Tiempo de lectura\" \/>\n\t<meta name=\"twitter:data2\" content=\"2 minutos\" \/>\n<!-- \/ Yoast SEO plugin. -->","yoast_head_json":{"title":"Programaci\u00f3n Carnaval 2026 - Vel\u00f3dromo Municipal - Cooltivarte Portal","description":"Carnaval en el Vel\u00f3dromo | Una fiesta de la cultura uruguaya - \u00bfQu\u00e9 eventos hay en el Vel\u00f3dromo?","robots":{"index":"index","follow":"follow","max-snippet":"max-snippet:-1","max-image-preview":"max-image-preview:large","max-video-preview":"max-video-preview:-1"},"canonical":"https:\/\/cooltivarte.com\/portal\/programacion-carnaval-2026-velodromo-municipal\/","og_locale":"es_ES","og_type":"article","og_title":"Programaci\u00f3n Carnaval 2026 - Vel\u00f3dromo Municipal","og_description":"Carnaval en el Vel\u00f3dromo | Una fiesta de la cultura uruguaya - \u00bfQu\u00e9 eventos hay en el Vel\u00f3dromo?","og_url":"https:\/\/cooltivarte.com\/portal\/programacion-carnaval-2026-velodromo-municipal\/","og_site_name":"Cooltivarte Portal","article_publisher":"https:\/\/www.facebook.com\/cooltivartecom\/","article_author":"https:\/\/www.facebook.com\/cooltivartecom","article_published_time":"2026-02-28T11:49:44+00:00","article_modified_time":"2026-03-04T23:19:56+00:00","og_image":[{"width":2000,"height":449,"url":"https:\/\/cooltivarte.com\/portal\/wp-content\/uploads\/2026\/02\/velodromo.jpg","type":"image\/jpeg"}],"author":"Cooltivarte","twitter_card":"summary_large_image","twitter_title":"Programaci\u00f3n Carnaval 2026 - Vel\u00f3dromo Municipal","twitter_description":"Carnaval en el Vel\u00f3dromo | Una fiesta de la cultura uruguaya - \u00bfQu\u00e9 eventos hay en el Vel\u00f3dromo?","twitter_image":"https:\/\/cooltivarte.com\/portal\/wp-content\/uploads\/2026\/02\/velodromo.jpg","twitter_creator":"@https:\/\/x.com\/obolocultural","twitter_site":"@obolocultural","twitter_misc":{"Escrito por":"Cooltivarte","Tiempo de lectura":"2 minutos"},"schema":{"@context":"https:\/\/schema.org","@graph":[{"@type":"NewsArticle","@id":"https:\/\/cooltivarte.com\/portal\/programacion-carnaval-2026-velodromo-municipal\/#article","isPartOf":{"@id":"https:\/\/cooltivarte.com\/portal\/programacion-carnaval-2026-velodromo-municipal\/"},"author":{"name":"Cooltivarte","@id":"https:\/\/cooltivarte.com\/portal\/#\/schema\/person\/ec2a4f4e71b740d0c559c0ab9a157e19"},"headline":"Programaci\u00f3n Carnaval 2026 &#8211; Vel\u00f3dromo Municipal","datePublished":"2026-02-28T11:49:44+00:00","dateModified":"2026-03-04T23:19:56+00:00","mainEntityOfPage":{"@id":"https:\/\/cooltivarte.com\/portal\/programacion-carnaval-2026-velodromo-municipal\/"},"wordCount":304,"publisher":{"@id":"https:\/\/cooltivarte.com\/portal\/#organization"},"image":{"@id":"https:\/\/cooltivarte.com\/portal\/programacion-carnaval-2026-velodromo-municipal\/#primaryimage"},"thumbnailUrl":"https:\/\/cooltivarte.com\/portal\/wp-content\/uploads\/2026\/02\/velodromo.jpg","keywords":["Carnaval 2026","cartelera","Programaci\u00f3n","programacion vel\u00f3dromo 2026","tablado del velodromo","tablado velodromo 2026","vel\u00f3dromo cartelera 2026","VELODROMO MUNICIPAL","Vel\u00f3dromo Municipal de Montevideo"],"articleSection":["Eventos"],"inLanguage":"es-AR"},{"@type":"WebPage","@id":"https:\/\/cooltivarte.com\/portal\/programacion-carnaval-2026-velodromo-municipal\/","url":"https:\/\/cooltivarte.com\/portal\/programacion-carnaval-2026-velodromo-municipal\/","name":"Programaci\u00f3n Carnaval 2026 - Vel\u00f3dromo Municipal - Cooltivarte Portal","isPartOf":{"@id":"https:\/\/cooltivarte.com\/portal\/#website"},"primaryImageOfPage":{"@id":"https:\/\/cooltivarte.com\/portal\/programacion-carnaval-2026-velodromo-municipal\/#primaryimage"},"image":{"@id":"https:\/\/cooltivarte.com\/portal\/programacion-carnaval-2026-velodromo-municipal\/#primaryimage"},"thumbnailUrl":"https:\/\/cooltivarte.com\/portal\/wp-content\/uploads\/2026\/02\/velodromo.jpg","datePublished":"2026-02-28T11:49:44+00:00","dateModified":"2026-03-04T23:19:56+00:00","description":"Carnaval en el Vel\u00f3dromo | Una fiesta de la cultura uruguaya - \u00bfQu\u00e9 eventos hay en el Vel\u00f3dromo?","breadcrumb":{"@id":"https:\/\/cooltivarte.com\/portal\/programacion-carnaval-2026-velodromo-municipal\/#breadcrumb"},"inLanguage":"es-AR","potentialAction":[{"@type":"ReadAction","target":["https:\/\/cooltivarte.com\/portal\/programacion-carnaval-2026-velodromo-municipal\/"]}]},{"@type":"ImageObject","inLanguage":"es-AR","@id":"https:\/\/cooltivarte.com\/portal\/programacion-carnaval-2026-velodromo-municipal\/#primaryimage","url":"https:\/\/cooltivarte.com\/portal\/wp-content\/uploads\/2026\/02\/velodromo.jpg","contentUrl":"https:\/\/cooltivarte.com\/portal\/wp-content\/uploads\/2026\/02\/velodromo.jpg","width":2000,"height":449,"caption":"velodromo"},{"@type":"BreadcrumbList","@id":"https:\/\/cooltivarte.com\/portal\/programacion-carnaval-2026-velodromo-municipal\/#breadcrumb","itemListElement":[{"@type":"ListItem","position":1,"name":"Portada","item":"https:\/\/cooltivarte.com\/portal\/"},{"@type":"ListItem","position":2,"name":"Programaci\u00f3n Carnaval 2026 &#8211; Vel\u00f3dromo Municipal"}]},{"@type":"WebSite","@id":"https:\/\/cooltivarte.com\/portal\/#website","url":"https:\/\/cooltivarte.com\/portal\/","name":"Cooltivarte Portal","description":"Arte, cultura y turismo para el mundo ...","publisher":{"@id":"https:\/\/cooltivarte.com\/portal\/#organization"},"potentialAction":[{"@type":"SearchAction","target":{"@type":"EntryPoint","urlTemplate":"https:\/\/cooltivarte.com\/portal\/?s={search_term_string}"},"query-input":{"@type":"PropertyValueSpecification","valueRequired":true,"valueName":"search_term_string"}}],"inLanguage":"es-AR"},{"@type":"Organization","@id":"https:\/\/cooltivarte.com\/portal\/#organization","name":"cooltivarte","url":"https:\/\/cooltivarte.com\/portal\/","logo":{"@type":"ImageObject","inLanguage":"es-AR","@id":"https:\/\/cooltivarte.com\/portal\/#\/schema\/logo\/image\/","url":"https:\/\/cooltivarte.com\/portal\/wp-content\/uploads\/2020\/04\/logo-cooltivarte-v2.png","contentUrl":"https:\/\/cooltivarte.com\/portal\/wp-content\/uploads\/2020\/04\/logo-cooltivarte-v2.png","width":851,"height":243,"caption":"cooltivarte"},"image":{"@id":"https:\/\/cooltivarte.com\/portal\/#\/schema\/logo\/image\/"},"sameAs":["https:\/\/www.facebook.com\/cooltivartecom\/","https:\/\/x.com\/obolocultural","https:\/\/www.instagram.com\/_cooltivarte_\/","https:\/\/www.linkedin.com\/company\/-bolocultural?reportsuccess=8zaNG1HwhPbAR9iQhZ5rfGeqz_vQFftHun0ZWU0Wy9vNemRJ8vtcKdJvzQfW8XagyOJSKg0XvfJ1dp","https:\/\/www.pinterest.com\/cooltivarte\/","https:\/\/cooltivarte.tumblr.com\/","https:\/\/www.tiktok.com\/@cooltivarte","https:\/\/www.youtube.com\/@PrensaCooltivarte"]},{"@type":"Person","@id":"https:\/\/cooltivarte.com\/portal\/#\/schema\/person\/ec2a4f4e71b740d0c559c0ab9a157e19","name":"Cooltivarte","image":{"@type":"ImageObject","inLanguage":"es-AR","@id":"https:\/\/cooltivarte.com\/portal\/wp-content\/uploads\/2014\/05\/logo-cooltivarte-120x120.jpg","url":"https:\/\/cooltivarte.com\/portal\/wp-content\/uploads\/2014\/05\/logo-cooltivarte-120x120.jpg","contentUrl":"https:\/\/cooltivarte.com\/portal\/wp-content\/uploads\/2014\/05\/logo-cooltivarte-120x120.jpg","caption":"Cooltivarte"},"description":"Somos COOLTIVARTE.COM. Un portal digital dedicado a difundir el acontecer art\u00edstico y cultural del Uruguay. Estamos en la vuelta desde el a\u00f1o 2003, y como evoluci\u00f3n del bolet\u00edn Obolo Cultural, nos encontramos abocados a apoyar a los artistas nacionales brind\u00e1ndoles un espacio de difusi\u00f3n. Creemos en la idea de utilizar la potencialidad que hoy d\u00eda nos otorga la web, para que la cultura uruguaya y sus creadores dispongan de una din\u00e1mica ventana, que los ponga en contacto entre s\u00ed y con el mundo. Somos COOLTIVARTE.COM y pretendemos configurarnos como un portal din\u00e1mico, entretenido y atento a los nuevos emprendimientos, que busque siempre la interacci\u00f3n con los artistas.","sameAs":["http:\/\/www.cooltivarte.com","https:\/\/www.facebook.com\/cooltivartecom","https:\/\/www.instagram.com\/_cooltivarte_\/","https:\/\/www.linkedin.com\/company\/-bolocultural","https:\/\/www.pinterest.com\/cooltivarte\/","https:\/\/x.com\/https:\/\/x.com\/obolocultural","https:\/\/www.youtube.com\/@PrensaCooltivarte","https:\/\/www.tumblr.com\/blog\/cooltivarte"],"url":"https:\/\/cooltivarte.com\/portal\/author\/cooltivarte\/"}]}},"_links":{"self":[{"href":"https:\/\/cooltivarte.com\/portal\/wp-json\/wp\/v2\/posts\/122432","targetHints":{"allow":["GET"]}}],"collection":[{"href":"https:\/\/cooltivarte.com\/portal\/wp-json\/wp\/v2\/posts"}],"about":[{"href":"https:\/\/cooltivarte.com\/portal\/wp-json\/wp\/v2\/types\/post"}],"author":[{"embeddable":true,"href":"https:\/\/cooltivarte.com\/portal\/wp-json\/wp\/v2\/users\/8"}],"replies":[{"embeddable":true,"href":"https:\/\/cooltivarte.com\/portal\/wp-json\/wp\/v2\/comments?post=122432"}],"version-history":[{"count":23,"href":"https:\/\/cooltivarte.com\/portal\/wp-json\/wp\/v2\/posts\/122432\/revisions"}],"predecessor-version":[{"id":123611,"href":"https:\/\/cooltivarte.com\/portal\/wp-json\/wp\/v2\/posts\/122432\/revisions\/123611"}],"wp:featuredmedia":[{"embeddable":true,"href":"https:\/\/cooltivarte.com\/portal\/wp-json\/wp\/v2\/media\/122435"}],"wp:attachment":[{"href":"https:\/\/cooltivarte.com\/portal\/wp-json\/wp\/v2\/media?parent=122432"}],"wp:term":[{"taxonomy":"category","embeddable":true,"href":"https:\/\/cooltivarte.com\/portal\/wp-json\/wp\/v2\/categories?post=122432"},{"taxonomy":"post_tag","embeddable":true,"href":"https:\/\/cooltivarte.com\/portal\/wp-json\/wp\/v2\/tags?post=122432"}],"curies":[{"name":"wp","href":"https:\/\/api.w.org\/{rel}","templated":true}]}}