{"id":122416,"date":"2026-02-16T09:17:12","date_gmt":"2026-02-16T12:17:12","guid":{"rendered":"https:\/\/cooltivarte.com\/portal\/?p=122416"},"modified":"2026-02-17T10:09:20","modified_gmt":"2026-02-17T13:09:20","slug":"no-te-va-gustar-fortaleza-santa-teresa","status":"publish","type":"post","link":"https:\/\/cooltivarte.com\/portal\/no-te-va-gustar-fortaleza-santa-teresa\/","title":{"rendered":"No Te Va Gustar &#8211; Fortaleza Santa Teresa"},"content":{"rendered":"<p><img fetchpriority=\"high\" decoding=\"async\" class=\"aligncenter wp-image-122417 size-full\" title=\"No Te Va Gustar - Fortaleza Santa Teresa - 16 de febrero 2026 - Florece En El Caos\" src=\"https:\/\/cooltivarte.com\/portal\/wp-content\/uploads\/2026\/01\/No-Te-Va-Gustar.png\" alt=\"No Te Va Gustar - Fortaleza Santa Teresa - 16 de febrero 2026 - Florece En El Caos\" width=\"653\" height=\"817\" srcset=\"https:\/\/cooltivarte.com\/portal\/wp-content\/uploads\/2026\/01\/No-Te-Va-Gustar.png 653w, https:\/\/cooltivarte.com\/portal\/wp-content\/uploads\/2026\/01\/No-Te-Va-Gustar-240x300.png 240w\" sizes=\"(max-width: 653px) 100vw, 653px\" \/><\/p>\n<p>&nbsp;<\/p>\n<p><strong><a href=\"https:\/\/cooltivarte.com\/portal\/?s=No+Te+Va+Gustar\" target=\"_blank\" rel=\"noopener\">No Te Va Gustar<\/a> &#8211; <a href=\"https:\/\/www.google.com\/maps\/place\/Fortaleza+de+Santa+Teresa\/@-33.9723963,-53.5491288,17z\/data=!3m1!4b1!4m6!3m5!1s0x950d1dcb7cbb5fad:0xa812dbb5abe809!8m2!3d-33.9723963!4d-53.5491288!16s%2Fm%2F0gvrb1j?entry=ttu&amp;g_ep=EgoyMDI2MDEyOC4wIKXMDSoASAFQAw%3D%3D\" target=\"_blank\" rel=\"noopener\">Fortaleza Santa Teresa<\/a> &#8211; 16 de febrero 2026 &#8211; <a href=\"https:\/\/cooltivarte.com\/portal\/?s=Florece+En+El+Caos\" target=\"_blank\" rel=\"noopener\">Florece En El Caos<\/a><\/strong><\/p>\n<p>&nbsp;<\/p>\n<p>El primer show del a\u00f1o y de toda la gira de <strong>Florece En El Caos<\/strong> ser\u00e1 el pr\u00f3ximo lunes 16 de febrero en<strong> Santa Teresa<\/strong> con <strong>ENTRADA LIBRE<\/strong>!!!!<\/p>\n<p>Este show se enmarca dentro del festejo del Bicentenario de Uruguay.<\/p>\n<p>&nbsp;<br \/>\n<iframe title=\"NTVG - Bicentenario de la liberaci\u00f3n de las fortalezas\" src=\"https:\/\/www.youtube.com\/embed\/gkUucrjmYXc?si=9wFiNJQVlMdytXsJ\" width=\"100%\" height=\"515\" frameborder=\"0\" allowfullscreen=\"allowfullscreen\"><span data-mce-type=\"bookmark\" style=\"display: inline-block; width: 0px; overflow: hidden; line-height: 0;\" class=\"mce_SELRES_start\">\ufeff<\/span><\/iframe><br \/>\n&nbsp;<\/p>\n<p>&nbsp;<\/p>\n<p>&nbsp;<\/p>\n","protected":false},"excerpt":{"rendered":"<p>No Te Va Gustar &#8211; Fortaleza Santa Teresa &#8211; 16 de febrero 2026 &#8211; Florece En El Caos<\/p>\n<p>El primer show del a\u00f1o y de toda la gira de Florece En El Caos ser\u00e1 el pr\u00f3ximo lunes 16 de febrero en Santa Teresa con ENTRADA LIBRE!!!!<\/p>\n<p>Este show se enmarca dentro del festejo del Bicentenario de Uruguay.<\/p>\n","protected":false},"author":8,"featured_media":122417,"comment_status":"closed","ping_status":"closed","sticky":false,"template":"","format":"standard","meta":{"om_disable_all_campaigns":false,"ngg_post_thumbnail":0,"jnews-multi-image_gallery":[],"jnews_single_post":{"format":"standard","override":[{"template":"4","parallax":"1","layout":"right-sidebar","sidebar":"default-sidebar","second_sidebar":"default-sidebar","sticky_sidebar":"1","share_position":"bottom","share_float_style":"share-monocrhome","show_share_counter":"1","show_view_counter":"1","show_featured":"1","show_post_meta":"1","show_post_author":"1","show_post_author_image":"1","show_post_date":"1","post_date_format":"default","post_date_format_custom":"Y\/m\/d","show_post_category":"1","post_reading_time_wpm":"300","post_calculate_word_method":"str_word_count","zoom_button_out_step":"2","zoom_button_in_step":"3","show_post_tag":"1","show_prev_next_post":"1","show_popup_post":"1","show_comment_section":"1","number_popup_post":"1","show_author_box":"1","show_post_related":"0","show_inline_post_related":"0"}],"image_override":[{"single_post_thumbnail_size":"no-crop","single_post_gallery_size":"crop-500"}],"trending_post_position":"meta","trending_post_label":"Trending","sponsored_post_label":"Sponsored by","disable_ad":"0","subtitle":"16 de febrero 2026 - Florece En El Caos - ENTRADA LIBRE"},"jnews_primary_category":[],"jnews_social_meta":[],"jnews_override_counter":{"view_counter_number":"0","share_counter_number":"0","like_counter_number":"0","dislike_counter_number":"0"},"footnotes":""},"categories":[51],"tags":[25591,25359,25590,451],"class_list":["post-122416","post","type-post","status-publish","format-standard","has-post-thumbnail","hentry","category-noticias","tag-bicentenario-de-uruguay","tag-florece-en-el-caos","tag-fortaleza-santa-teresa","tag-no-te-va-gustar"],"yoast_head":"<!-- This site is optimized with the Yoast SEO plugin v27.5 - https:\/\/yoast.com\/product\/yoast-seo-wordpress\/ -->\n<title>No Te Va Gustar - Fortaleza Santa Teresa - Cooltivarte Portal<\/title>\n<meta name=\"description\" content=\"El primer show del a\u00f1o y de toda la gira de Florece En El Caos ser\u00e1 el pr\u00f3ximo lunes 16 de febrero en Santa Teresa con ENTRADA LIBRE!!!!\" \/>\n<meta name=\"robots\" content=\"index, follow, max-snippet:-1, max-image-preview:large, max-video-preview:-1\" \/>\n<link rel=\"canonical\" href=\"https:\/\/cooltivarte.com\/portal\/no-te-va-gustar-fortaleza-santa-teresa\/\" \/>\n<meta property=\"og:locale\" content=\"es_ES\" \/>\n<meta property=\"og:type\" content=\"article\" \/>\n<meta property=\"og:title\" content=\"No Te Va Gustar - Fortaleza Santa Teresa - 16 de febrero 2026 - Florece En El Caos\" \/>\n<meta property=\"og:description\" content=\"El primer show del a\u00f1o y de toda la gira de Florece En El Caos ser\u00e1 el pr\u00f3ximo lunes 16 de febrero en Santa Teresa con ENTRADA LIBRE!!!!\" \/>\n<meta property=\"og:url\" content=\"https:\/\/cooltivarte.com\/portal\/no-te-va-gustar-fortaleza-santa-teresa\/\" \/>\n<meta property=\"og:site_name\" content=\"Cooltivarte Portal\" \/>\n<meta property=\"article:publisher\" content=\"https:\/\/www.facebook.com\/cooltivartecom\/\" \/>\n<meta property=\"article:author\" content=\"https:\/\/www.facebook.com\/cooltivartecom\" \/>\n<meta property=\"article:published_time\" content=\"2026-02-16T12:17:12+00:00\" \/>\n<meta property=\"article:modified_time\" content=\"2026-02-17T13:09:20+00:00\" \/>\n<meta property=\"og:image\" content=\"https:\/\/cooltivarte.com\/portal\/wp-content\/uploads\/2026\/01\/No-Te-Va-Gustar.png\" \/>\n\t<meta property=\"og:image:width\" content=\"653\" \/>\n\t<meta property=\"og:image:height\" content=\"817\" \/>\n\t<meta property=\"og:image:type\" content=\"image\/png\" \/>\n<meta name=\"author\" content=\"Cooltivarte\" \/>\n<meta name=\"twitter:card\" content=\"summary_large_image\" \/>\n<meta name=\"twitter:title\" content=\"No Te Va Gustar - Fortaleza Santa Teresa - 16 de febrero 2026 - Florece En El Caos\" \/>\n<meta name=\"twitter:description\" content=\"El primer show del a\u00f1o y de toda la gira de Florece En El Caos ser\u00e1 el pr\u00f3ximo lunes 16 de febrero en Santa Teresa con ENTRADA LIBRE!!!!\" \/>\n<meta name=\"twitter:image\" content=\"https:\/\/cooltivarte.com\/portal\/wp-content\/uploads\/2026\/01\/No-Te-Va-Gustar.png\" \/>\n<meta name=\"twitter:creator\" content=\"@https:\/\/x.com\/obolocultural\" \/>\n<meta name=\"twitter:site\" content=\"@obolocultural\" \/>\n<meta name=\"twitter:label1\" content=\"Escrito por\" \/>\n\t<meta name=\"twitter:data1\" content=\"Cooltivarte\" \/>\n\t<meta name=\"twitter:label2\" content=\"Tiempo de lectura\" \/>\n\t<meta name=\"twitter:data2\" content=\"1 minuto\" \/>\n<!-- \/ Yoast SEO plugin. -->","yoast_head_json":{"title":"No Te Va Gustar - Fortaleza Santa Teresa - Cooltivarte Portal","description":"El primer show del a\u00f1o y de toda la gira de Florece En El Caos ser\u00e1 el pr\u00f3ximo lunes 16 de febrero en Santa Teresa con ENTRADA LIBRE!!!!","robots":{"index":"index","follow":"follow","max-snippet":"max-snippet:-1","max-image-preview":"max-image-preview:large","max-video-preview":"max-video-preview:-1"},"canonical":"https:\/\/cooltivarte.com\/portal\/no-te-va-gustar-fortaleza-santa-teresa\/","og_locale":"es_ES","og_type":"article","og_title":"No Te Va Gustar - Fortaleza Santa Teresa - 16 de febrero 2026 - Florece En El Caos","og_description":"El primer show del a\u00f1o y de toda la gira de Florece En El Caos ser\u00e1 el pr\u00f3ximo lunes 16 de febrero en Santa Teresa con ENTRADA LIBRE!!!!","og_url":"https:\/\/cooltivarte.com\/portal\/no-te-va-gustar-fortaleza-santa-teresa\/","og_site_name":"Cooltivarte Portal","article_publisher":"https:\/\/www.facebook.com\/cooltivartecom\/","article_author":"https:\/\/www.facebook.com\/cooltivartecom","article_published_time":"2026-02-16T12:17:12+00:00","article_modified_time":"2026-02-17T13:09:20+00:00","og_image":[{"width":653,"height":817,"url":"https:\/\/cooltivarte.com\/portal\/wp-content\/uploads\/2026\/01\/No-Te-Va-Gustar.png","type":"image\/png"}],"author":"Cooltivarte","twitter_card":"summary_large_image","twitter_title":"No Te Va Gustar - Fortaleza Santa Teresa - 16 de febrero 2026 - Florece En El Caos","twitter_description":"El primer show del a\u00f1o y de toda la gira de Florece En El Caos ser\u00e1 el pr\u00f3ximo lunes 16 de febrero en Santa Teresa con ENTRADA LIBRE!!!!","twitter_image":"https:\/\/cooltivarte.com\/portal\/wp-content\/uploads\/2026\/01\/No-Te-Va-Gustar.png","twitter_creator":"@https:\/\/x.com\/obolocultural","twitter_site":"@obolocultural","twitter_misc":{"Escrito por":"Cooltivarte","Tiempo de lectura":"1 minuto"},"schema":{"@context":"https:\/\/schema.org","@graph":[{"@type":"NewsArticle","@id":"https:\/\/cooltivarte.com\/portal\/no-te-va-gustar-fortaleza-santa-teresa\/#article","isPartOf":{"@id":"https:\/\/cooltivarte.com\/portal\/no-te-va-gustar-fortaleza-santa-teresa\/"},"author":{"name":"Cooltivarte","@id":"https:\/\/cooltivarte.com\/portal\/#\/schema\/person\/ec2a4f4e71b740d0c559c0ab9a157e19"},"headline":"No Te Va Gustar &#8211; Fortaleza Santa Teresa","datePublished":"2026-02-16T12:17:12+00:00","dateModified":"2026-02-17T13:09:20+00:00","mainEntityOfPage":{"@id":"https:\/\/cooltivarte.com\/portal\/no-te-va-gustar-fortaleza-santa-teresa\/"},"wordCount":70,"publisher":{"@id":"https:\/\/cooltivarte.com\/portal\/#organization"},"image":{"@id":"https:\/\/cooltivarte.com\/portal\/no-te-va-gustar-fortaleza-santa-teresa\/#primaryimage"},"thumbnailUrl":"https:\/\/cooltivarte.com\/portal\/wp-content\/uploads\/2026\/01\/No-Te-Va-Gustar.png","keywords":["Bicentenario de Uruguay","Florece En El Caos","Fortaleza Santa Teresa","No Te Va Gustar"],"articleSection":["Noticias"],"inLanguage":"es-AR"},{"@type":"WebPage","@id":"https:\/\/cooltivarte.com\/portal\/no-te-va-gustar-fortaleza-santa-teresa\/","url":"https:\/\/cooltivarte.com\/portal\/no-te-va-gustar-fortaleza-santa-teresa\/","name":"No Te Va Gustar - Fortaleza Santa Teresa - Cooltivarte Portal","isPartOf":{"@id":"https:\/\/cooltivarte.com\/portal\/#website"},"primaryImageOfPage":{"@id":"https:\/\/cooltivarte.com\/portal\/no-te-va-gustar-fortaleza-santa-teresa\/#primaryimage"},"image":{"@id":"https:\/\/cooltivarte.com\/portal\/no-te-va-gustar-fortaleza-santa-teresa\/#primaryimage"},"thumbnailUrl":"https:\/\/cooltivarte.com\/portal\/wp-content\/uploads\/2026\/01\/No-Te-Va-Gustar.png","datePublished":"2026-02-16T12:17:12+00:00","dateModified":"2026-02-17T13:09:20+00:00","description":"El primer show del a\u00f1o y de toda la gira de Florece En El Caos ser\u00e1 el pr\u00f3ximo lunes 16 de febrero en Santa Teresa con ENTRADA LIBRE!!!!","breadcrumb":{"@id":"https:\/\/cooltivarte.com\/portal\/no-te-va-gustar-fortaleza-santa-teresa\/#breadcrumb"},"inLanguage":"es-AR","potentialAction":[{"@type":"ReadAction","target":["https:\/\/cooltivarte.com\/portal\/no-te-va-gustar-fortaleza-santa-teresa\/"]}]},{"@type":"ImageObject","inLanguage":"es-AR","@id":"https:\/\/cooltivarte.com\/portal\/no-te-va-gustar-fortaleza-santa-teresa\/#primaryimage","url":"https:\/\/cooltivarte.com\/portal\/wp-content\/uploads\/2026\/01\/No-Te-Va-Gustar.png","contentUrl":"https:\/\/cooltivarte.com\/portal\/wp-content\/uploads\/2026\/01\/No-Te-Va-Gustar.png","width":653,"height":817,"caption":"No Te Va Gustar - Fortaleza Santa Teresa - 16 de febrero 2026 - Florece En El Caos"},{"@type":"BreadcrumbList","@id":"https:\/\/cooltivarte.com\/portal\/no-te-va-gustar-fortaleza-santa-teresa\/#breadcrumb","itemListElement":[{"@type":"ListItem","position":1,"name":"Portada","item":"https:\/\/cooltivarte.com\/portal\/"},{"@type":"ListItem","position":2,"name":"No Te Va Gustar &#8211; Fortaleza Santa Teresa"}]},{"@type":"WebSite","@id":"https:\/\/cooltivarte.com\/portal\/#website","url":"https:\/\/cooltivarte.com\/portal\/","name":"Cooltivarte Portal","description":"Arte, cultura y turismo para el mundo ...","publisher":{"@id":"https:\/\/cooltivarte.com\/portal\/#organization"},"potentialAction":[{"@type":"SearchAction","target":{"@type":"EntryPoint","urlTemplate":"https:\/\/cooltivarte.com\/portal\/?s={search_term_string}"},"query-input":{"@type":"PropertyValueSpecification","valueRequired":true,"valueName":"search_term_string"}}],"inLanguage":"es-AR"},{"@type":"Organization","@id":"https:\/\/cooltivarte.com\/portal\/#organization","name":"cooltivarte","url":"https:\/\/cooltivarte.com\/portal\/","logo":{"@type":"ImageObject","inLanguage":"es-AR","@id":"https:\/\/cooltivarte.com\/portal\/#\/schema\/logo\/image\/","url":"https:\/\/cooltivarte.com\/portal\/wp-content\/uploads\/2020\/04\/logo-cooltivarte-v2.png","contentUrl":"https:\/\/cooltivarte.com\/portal\/wp-content\/uploads\/2020\/04\/logo-cooltivarte-v2.png","width":851,"height":243,"caption":"cooltivarte"},"image":{"@id":"https:\/\/cooltivarte.com\/portal\/#\/schema\/logo\/image\/"},"sameAs":["https:\/\/www.facebook.com\/cooltivartecom\/","https:\/\/x.com\/obolocultural","https:\/\/www.instagram.com\/_cooltivarte_\/","https:\/\/www.linkedin.com\/company\/-bolocultural?reportsuccess=8zaNG1HwhPbAR9iQhZ5rfGeqz_vQFftHun0ZWU0Wy9vNemRJ8vtcKdJvzQfW8XagyOJSKg0XvfJ1dp","https:\/\/www.pinterest.com\/cooltivarte\/","https:\/\/cooltivarte.tumblr.com\/","https:\/\/www.tiktok.com\/@cooltivarte","https:\/\/www.youtube.com\/@PrensaCooltivarte"]},{"@type":"Person","@id":"https:\/\/cooltivarte.com\/portal\/#\/schema\/person\/ec2a4f4e71b740d0c559c0ab9a157e19","name":"Cooltivarte","image":{"@type":"ImageObject","inLanguage":"es-AR","@id":"https:\/\/cooltivarte.com\/portal\/wp-content\/uploads\/2014\/05\/logo-cooltivarte-120x120.jpg","url":"https:\/\/cooltivarte.com\/portal\/wp-content\/uploads\/2014\/05\/logo-cooltivarte-120x120.jpg","contentUrl":"https:\/\/cooltivarte.com\/portal\/wp-content\/uploads\/2014\/05\/logo-cooltivarte-120x120.jpg","caption":"Cooltivarte"},"description":"Somos COOLTIVARTE.COM. Un portal digital dedicado a difundir el acontecer art\u00edstico y cultural del Uruguay. Estamos en la vuelta desde el a\u00f1o 2003, y como evoluci\u00f3n del bolet\u00edn Obolo Cultural, nos encontramos abocados a apoyar a los artistas nacionales brind\u00e1ndoles un espacio de difusi\u00f3n. Creemos en la idea de utilizar la potencialidad que hoy d\u00eda nos otorga la web, para que la cultura uruguaya y sus creadores dispongan de una din\u00e1mica ventana, que los ponga en contacto entre s\u00ed y con el mundo. Somos COOLTIVARTE.COM y pretendemos configurarnos como un portal din\u00e1mico, entretenido y atento a los nuevos emprendimientos, que busque siempre la interacci\u00f3n con los artistas.","sameAs":["http:\/\/www.cooltivarte.com","https:\/\/www.facebook.com\/cooltivartecom","https:\/\/www.instagram.com\/_cooltivarte_\/","https:\/\/www.linkedin.com\/company\/-bolocultural","https:\/\/www.pinterest.com\/cooltivarte\/","https:\/\/x.com\/https:\/\/x.com\/obolocultural","https:\/\/www.youtube.com\/@PrensaCooltivarte","https:\/\/www.tumblr.com\/blog\/cooltivarte"],"url":"https:\/\/cooltivarte.com\/portal\/author\/cooltivarte\/"}]}},"_links":{"self":[{"href":"https:\/\/cooltivarte.com\/portal\/wp-json\/wp\/v2\/posts\/122416","targetHints":{"allow":["GET"]}}],"collection":[{"href":"https:\/\/cooltivarte.com\/portal\/wp-json\/wp\/v2\/posts"}],"about":[{"href":"https:\/\/cooltivarte.com\/portal\/wp-json\/wp\/v2\/types\/post"}],"author":[{"embeddable":true,"href":"https:\/\/cooltivarte.com\/portal\/wp-json\/wp\/v2\/users\/8"}],"replies":[{"embeddable":true,"href":"https:\/\/cooltivarte.com\/portal\/wp-json\/wp\/v2\/comments?post=122416"}],"version-history":[{"count":4,"href":"https:\/\/cooltivarte.com\/portal\/wp-json\/wp\/v2\/posts\/122416\/revisions"}],"predecessor-version":[{"id":123047,"href":"https:\/\/cooltivarte.com\/portal\/wp-json\/wp\/v2\/posts\/122416\/revisions\/123047"}],"wp:featuredmedia":[{"embeddable":true,"href":"https:\/\/cooltivarte.com\/portal\/wp-json\/wp\/v2\/media\/122417"}],"wp:attachment":[{"href":"https:\/\/cooltivarte.com\/portal\/wp-json\/wp\/v2\/media?parent=122416"}],"wp:term":[{"taxonomy":"category","embeddable":true,"href":"https:\/\/cooltivarte.com\/portal\/wp-json\/wp\/v2\/categories?post=122416"},{"taxonomy":"post_tag","embeddable":true,"href":"https:\/\/cooltivarte.com\/portal\/wp-json\/wp\/v2\/tags?post=122416"}],"curies":[{"name":"wp","href":"https:\/\/api.w.org\/{rel}","templated":true}]}}