{"id":122242,"date":"2026-02-13T09:56:15","date_gmt":"2026-02-13T12:56:15","guid":{"rendered":"https:\/\/cooltivarte.com\/portal\/?p=122242"},"modified":"2026-02-13T11:01:39","modified_gmt":"2026-02-13T14:01:39","slug":"jorge-alastra-andres-echevarria-en-castillo-pittamiglio","status":"publish","type":"post","link":"https:\/\/cooltivarte.com\/portal\/jorge-alastra-andres-echevarria-en-castillo-pittamiglio\/","title":{"rendered":"JORGE ALASTRA &#038; ANDR\u00c9S ECHEVARR\u00cdA en Castillo Pittamiglio"},"content":{"rendered":"<p><img fetchpriority=\"high\" decoding=\"async\" class=\"aligncenter wp-image-122243 size-large\" title=\"JORGE ALASTRA &amp;amp; ANDR\u00c9S ECHEVARR\u00cdA en Castillo Pittamiglio\" src=\"https:\/\/cooltivarte.com\/portal\/wp-content\/uploads\/2026\/01\/JORGE-ALASTRA-ANDRES-ECHEVARRIA-en-Castillo-Pittamiglio-819x1024.jpg\" alt=\"JORGE ALASTRA &amp; ANDR\u00c9S ECHEVARR\u00cdA en Castillo Pittamiglio\" width=\"819\" height=\"1024\" srcset=\"https:\/\/cooltivarte.com\/portal\/wp-content\/uploads\/2026\/01\/JORGE-ALASTRA-ANDRES-ECHEVARRIA-en-Castillo-Pittamiglio-819x1024.jpg 819w, https:\/\/cooltivarte.com\/portal\/wp-content\/uploads\/2026\/01\/JORGE-ALASTRA-ANDRES-ECHEVARRIA-en-Castillo-Pittamiglio-240x300.jpg 240w, https:\/\/cooltivarte.com\/portal\/wp-content\/uploads\/2026\/01\/JORGE-ALASTRA-ANDRES-ECHEVARRIA-en-Castillo-Pittamiglio-768x960.jpg 768w, https:\/\/cooltivarte.com\/portal\/wp-content\/uploads\/2026\/01\/JORGE-ALASTRA-ANDRES-ECHEVARRIA-en-Castillo-Pittamiglio.jpg 1080w\" sizes=\"(max-width: 819px) 100vw, 819px\" \/><\/p>\n<p>&nbsp;<\/p>\n<h3><strong>JORGE ALASTRA &amp; ANDR\u00c9S ECHEVARR\u00cdA<\/strong><\/h3>\n<p><strong>PRESENTAN: <\/strong><strong>&#8220;<em>LAS COSAS VERDADERAS&nbsp;<\/em><\/strong><strong><em>poes\u00eda &amp; canciones<\/em>&#8220;<\/strong><\/p>\n<p><strong>13 FEBRERO 2026 &#8211; 20 Hs.<br \/>\n<\/strong><\/p>\n<p><strong>ENTRADA LIBRE<\/strong><\/p>\n<p><strong>Castillo Pittamiglio<\/strong><\/p>\n<p>Ruta 71 Estaci\u00f3n <strong>Las Flores<\/strong><\/p>\n<p><strong>LAS FLORES &#8211; MALDONADO<\/strong><\/p>\n<p>&nbsp;<\/p>\n<h3><strong>POES\u00cdA &amp; M\u00daSICA&nbsp;2026<\/strong><\/h3>\n<p>Poes\u00eda &amp; M\u00fasica busca tender un puente entre la palabra po\u00e9tica y la canci\u00f3n, donde ambas disciplinas dialogan en un mismo escenario; m\u00fasica y literatura conviven arm\u00f3nicamente en un encuentro puente entre textos y canciones de autores nacionales.<\/p>\n<p><strong>\u00abLAS COSAS VERDADERAS:&nbsp;<\/strong><strong>poes\u00eda &amp; canciones<\/strong><strong>\u00bb<\/strong><\/p>\n<p>Un espect\u00e1culo que fusiona las creaciones art\u00edsticas del m\u00fasico y cantautor <a href=\"https:\/\/cooltivarte.com\/portal\/?s=Jorge+Alastra\" target=\"_blank\" rel=\"noopener\"><strong>Jorge Alastra<\/strong><\/a> junto al docente y escritor <strong><a href=\"https:\/\/cooltivarte.com\/portal\/?s=Andr%C3%A9s+Echevarr%C3%ADa\" target=\"_blank\" rel=\"noopener\">Andr\u00e9s Echevarr\u00eda<\/a><\/strong>, quienes proponen un recorrido por diferentes tem\u00e1ticas, explorando la cultura uruguaya y universal a trav\u00e9s de sus principales referentes.&nbsp;<\/p>\n<p>&nbsp;<\/p>\n<p><strong>&nbsp;<\/strong><\/p>\n<p><strong>Jorge Alastra<\/strong><\/p>\n<p>Compositor, arreglador, guitarrista y productor musical. Edit\u00f3 cuatro trabajos como solista con el sello&nbsp;<em>Perro Andaluz<\/em>:&nbsp;<em>Parte<\/em>&nbsp;(2007),&nbsp;<em>Puente A\u00e9reo&nbsp;<\/em>(2009),&nbsp;<em>Tres<\/em>&nbsp;(2012) y&nbsp;<em>Azar<\/em>&nbsp;(2016). Fue fundador, guitarrista, arreglador y productor de&nbsp;Malajunta Tango Tr\u00edo. Obtuvo varias distinciones por su actividad profesional: Premio Graffiti (2008) por la producci\u00f3n de&nbsp;Una de Cabrera, Premio Graffiti (2013) a Mejor Disco de Tango con&nbsp;Malajunta. Brind\u00f3 talleres de m\u00fasica y actualmente es docente de guitarra y composici\u00f3n, y periodista cultural.&nbsp;<\/p>\n<p><strong>&nbsp;<\/strong><\/p>\n<p><strong>Andr\u00e9s Echevarr\u00eda<\/strong><\/p>\n<p>Poeta, ensayista y acad\u00e9mico, miembro de la Academia Nacional de Letras de Uruguay. Cuenta con una destacada trayectoria dentro de la literatura nacional, sus poemas y ensayos figuran en diversas antolog\u00edas y revistas literarias de Uruguay y el extranjero. Desde 2015 y hasta 2024 ejerci\u00f3 como docente del Taller Literario de la Direcci\u00f3n General de Cultura de la Intendencia de Maldonado. Particip\u00f3 en congresos y festivales internacionales, al igual que en varias oportunidades como jurado en el Premio Nacional.&nbsp;Entre sus trabajos publicados est\u00e1n:&nbsp;<em>El animal in\u00fatil<\/em>,&nbsp;<em>Hotel de solitarios vodeviles<\/em>,&nbsp;<em>Teatro y poes\u00eda<\/em>,&nbsp;<em>Anatom\u00eda de lo aparente<\/em>,&nbsp;<em>Cartas de C\u00e9sar Vallejo a Pablo Abril de Vivero<\/em>,&nbsp;<em>La sombra quieta de la letra F<\/em>,&nbsp;<em>Origami<\/em>,&nbsp;<em>Cuando la luna vuelve a su casa<\/em>,&nbsp;<em>La plaza del \u00c1ngelus<\/em>,&nbsp;<em>La sombra de las horas<\/em>,&nbsp;<em>Se\u00f1ales elementales<\/em>,<em>&nbsp;<\/em>y&nbsp;<em>Manifiesto de un bosque<\/em>.&nbsp;<\/p>\n<p>&nbsp;<\/p>\n<p>&nbsp;<\/p>\n","protected":false},"excerpt":{"rendered":"<p>JORGE ALASTRA &#038; ANDR\u00c9S ECHEVARR\u00cdA<\/p>\n<p>PRESENTAN: &#8220;LAS COSAS VERDADERAS\u00a0poes\u00eda &#038; canciones&#8221;<\/p>\n<p>13 FEBRERO 2026 &#8211; 20 Hs.<\/p>\n<p>ENTRADA LIBRE<\/p>\n<p>Castillo Pittamiglio<\/p>\n<p>Ruta 71 Estaci\u00f3n Las Flores<\/p>\n<p>LAS FLORES &#8211; MALDONADO<\/p>\n<p>POES\u00cdA &#038; M\u00daSICA\u00a02026<\/p>\n<p>Poes\u00eda &#038; M\u00fasica busca tender un puente entre la palabra po\u00e9tica y la canci\u00f3n, donde ambas disciplinas dialogan en un mismo escenario; m\u00fasica y literatura conviven arm\u00f3nicamente en un encuentro puente entre textos y canciones de autores nacionales.<\/p>\n<p>\u00abLAS COSAS VERDADERAS:\u00a0poes\u00eda &#038; canciones\u00bb<\/p>\n<p>Un espect\u00e1culo que fusiona las creaciones art\u00edsticas del m\u00fasico y cantautor Jorge Alastra junto al docente y escritor Andr\u00e9s Echevarr\u00eda, quienes proponen un recorrido por diferentes tem\u00e1ticas, explorando la cultura uruguaya y universal a trav\u00e9s de sus principales referentes.\u00a0<\/p>\n","protected":false},"author":8,"featured_media":122243,"comment_status":"closed","ping_status":"closed","sticky":false,"template":"","format":"standard","meta":{"om_disable_all_campaigns":false,"ngg_post_thumbnail":0,"jnews-multi-image_gallery":[],"jnews_single_post":{"format":"standard","override":[{"template":"4","parallax":"1","layout":"right-sidebar","sidebar":"default-sidebar","second_sidebar":"default-sidebar","sticky_sidebar":"1","share_position":"bottom","share_float_style":"share-monocrhome","show_share_counter":"1","show_view_counter":"1","show_featured":"1","show_post_meta":"1","show_post_author":"1","show_post_author_image":"1","show_post_date":"1","post_date_format":"default","post_date_format_custom":"Y\/m\/d","show_post_category":"1","post_reading_time_wpm":"300","post_calculate_word_method":"str_word_count","zoom_button_out_step":"2","zoom_button_in_step":"3","show_post_tag":"1","show_prev_next_post":"1","show_popup_post":"1","show_comment_section":"1","number_popup_post":"1","show_author_box":"1","show_post_related":"0","show_inline_post_related":"0"}],"image_override":[{"single_post_thumbnail_size":"no-crop","single_post_gallery_size":"crop-500"}],"trending_post_position":"meta","trending_post_label":"Trending","sponsored_post_label":"Sponsored by","disable_ad":"0","subtitle":"13 FEBRERO 2026 - 20 Hs. - ENTRADA LIBRE"},"jnews_primary_category":[],"jnews_social_meta":[],"jnews_override_counter":{"view_counter_number":"0","share_counter_number":"0","like_counter_number":"0","dislike_counter_number":"0"},"footnotes":""},"categories":[3394],"tags":[8499,24239,368,9430,1195,25552],"class_list":["post-122242","post","type-post","status-publish","format-standard","has-post-thumbnail","hentry","category-eventos","tag-andres-echevarria","tag-castillo-pittamiglio","tag-jorge-alastra","tag-las-flores","tag-maldonado","tag-poesia-musica"],"yoast_head":"<!-- This site is optimized with the Yoast SEO plugin v27.5 - https:\/\/yoast.com\/product\/yoast-seo-wordpress\/ -->\n<title>JORGE ALASTRA &amp; ANDR\u00c9S ECHEVARR\u00cdA en Castillo Pittamiglio - Cooltivarte Portal<\/title>\n<meta name=\"description\" content=\"Poes\u00eda &amp; M\u00fasica busca tender un puente entre la palabra po\u00e9tica y la canci\u00f3n, donde ambas disciplinas dialogan en un mismo escenario; m\u00fasica y literatura conviven arm\u00f3nicamente en un encuentro puente entre textos y canciones de autores nacionales.\" \/>\n<meta name=\"robots\" content=\"index, follow, max-snippet:-1, max-image-preview:large, max-video-preview:-1\" \/>\n<link rel=\"canonical\" href=\"https:\/\/cooltivarte.com\/portal\/jorge-alastra-andres-echevarria-en-castillo-pittamiglio\/\" \/>\n<meta property=\"og:locale\" content=\"es_ES\" \/>\n<meta property=\"og:type\" content=\"article\" \/>\n<meta property=\"og:title\" content=\"JORGE ALASTRA &amp; ANDR\u00c9S ECHEVARR\u00cdA en Castillo Pittamiglio - 13 FEBRERO 2026 - 20 Hs. - ENTRADA LIBRE\" \/>\n<meta property=\"og:description\" content=\"Poes\u00eda &amp; M\u00fasica busca tender un puente entre la palabra po\u00e9tica y la canci\u00f3n, donde ambas disciplinas dialogan en un mismo escenario; m\u00fasica y literatura conviven arm\u00f3nicamente en un encuentro puente entre textos y canciones de autores nacionales.\" \/>\n<meta property=\"og:url\" content=\"https:\/\/cooltivarte.com\/portal\/jorge-alastra-andres-echevarria-en-castillo-pittamiglio\/\" \/>\n<meta property=\"og:site_name\" content=\"Cooltivarte Portal\" \/>\n<meta property=\"article:publisher\" content=\"https:\/\/www.facebook.com\/cooltivartecom\/\" \/>\n<meta property=\"article:author\" content=\"https:\/\/www.facebook.com\/cooltivartecom\" \/>\n<meta property=\"article:published_time\" content=\"2026-02-13T12:56:15+00:00\" \/>\n<meta property=\"article:modified_time\" content=\"2026-02-13T14:01:39+00:00\" \/>\n<meta property=\"og:image\" content=\"https:\/\/cooltivarte.com\/portal\/wp-content\/uploads\/2026\/01\/JORGE-ALASTRA-ANDRES-ECHEVARRIA-en-Castillo-Pittamiglio.jpg\" \/>\n\t<meta property=\"og:image:width\" content=\"1080\" \/>\n\t<meta property=\"og:image:height\" content=\"1350\" \/>\n\t<meta property=\"og:image:type\" content=\"image\/jpeg\" \/>\n<meta name=\"author\" content=\"Cooltivarte\" \/>\n<meta name=\"twitter:card\" content=\"summary_large_image\" \/>\n<meta name=\"twitter:title\" content=\"JORGE ALASTRA &amp; ANDR\u00c9S ECHEVARR\u00cdA en Castillo Pittamiglio - 13 FEBRERO 2026 - 20 Hs. - ENTRADA LIBRE\" \/>\n<meta name=\"twitter:description\" content=\"Poes\u00eda &amp; M\u00fasica busca tender un puente entre la palabra po\u00e9tica y la canci\u00f3n, donde ambas disciplinas dialogan en un mismo escenario; m\u00fasica y literatura conviven arm\u00f3nicamente en un encuentro puente entre textos y canciones de autores nacionales.\" \/>\n<meta name=\"twitter:image\" content=\"https:\/\/cooltivarte.com\/portal\/wp-content\/uploads\/2026\/01\/JORGE-ALASTRA-ANDRES-ECHEVARRIA-en-Castillo-Pittamiglio.jpg\" \/>\n<meta name=\"twitter:creator\" content=\"@https:\/\/x.com\/obolocultural\" \/>\n<meta name=\"twitter:site\" content=\"@obolocultural\" \/>\n<meta name=\"twitter:label1\" content=\"Escrito por\" \/>\n\t<meta name=\"twitter:data1\" content=\"Cooltivarte\" \/>\n\t<meta name=\"twitter:label2\" content=\"Tiempo de lectura\" \/>\n\t<meta name=\"twitter:data2\" content=\"2 minutos\" \/>\n<!-- \/ Yoast SEO plugin. -->","yoast_head_json":{"title":"JORGE ALASTRA & ANDR\u00c9S ECHEVARR\u00cdA en Castillo Pittamiglio - Cooltivarte Portal","description":"Poes\u00eda & M\u00fasica busca tender un puente entre la palabra po\u00e9tica y la canci\u00f3n, donde ambas disciplinas dialogan en un mismo escenario; m\u00fasica y literatura conviven arm\u00f3nicamente en un encuentro puente entre textos y canciones de autores nacionales.","robots":{"index":"index","follow":"follow","max-snippet":"max-snippet:-1","max-image-preview":"max-image-preview:large","max-video-preview":"max-video-preview:-1"},"canonical":"https:\/\/cooltivarte.com\/portal\/jorge-alastra-andres-echevarria-en-castillo-pittamiglio\/","og_locale":"es_ES","og_type":"article","og_title":"JORGE ALASTRA & ANDR\u00c9S ECHEVARR\u00cdA en Castillo Pittamiglio - 13 FEBRERO 2026 - 20 Hs. - ENTRADA LIBRE","og_description":"Poes\u00eda & M\u00fasica busca tender un puente entre la palabra po\u00e9tica y la canci\u00f3n, donde ambas disciplinas dialogan en un mismo escenario; m\u00fasica y literatura conviven arm\u00f3nicamente en un encuentro puente entre textos y canciones de autores nacionales.","og_url":"https:\/\/cooltivarte.com\/portal\/jorge-alastra-andres-echevarria-en-castillo-pittamiglio\/","og_site_name":"Cooltivarte Portal","article_publisher":"https:\/\/www.facebook.com\/cooltivartecom\/","article_author":"https:\/\/www.facebook.com\/cooltivartecom","article_published_time":"2026-02-13T12:56:15+00:00","article_modified_time":"2026-02-13T14:01:39+00:00","og_image":[{"width":1080,"height":1350,"url":"https:\/\/cooltivarte.com\/portal\/wp-content\/uploads\/2026\/01\/JORGE-ALASTRA-ANDRES-ECHEVARRIA-en-Castillo-Pittamiglio.jpg","type":"image\/jpeg"}],"author":"Cooltivarte","twitter_card":"summary_large_image","twitter_title":"JORGE ALASTRA & ANDR\u00c9S ECHEVARR\u00cdA en Castillo Pittamiglio - 13 FEBRERO 2026 - 20 Hs. - ENTRADA LIBRE","twitter_description":"Poes\u00eda & M\u00fasica busca tender un puente entre la palabra po\u00e9tica y la canci\u00f3n, donde ambas disciplinas dialogan en un mismo escenario; m\u00fasica y literatura conviven arm\u00f3nicamente en un encuentro puente entre textos y canciones de autores nacionales.","twitter_image":"https:\/\/cooltivarte.com\/portal\/wp-content\/uploads\/2026\/01\/JORGE-ALASTRA-ANDRES-ECHEVARRIA-en-Castillo-Pittamiglio.jpg","twitter_creator":"@https:\/\/x.com\/obolocultural","twitter_site":"@obolocultural","twitter_misc":{"Escrito por":"Cooltivarte","Tiempo de lectura":"2 minutos"},"schema":{"@context":"https:\/\/schema.org","@graph":[{"@type":"NewsArticle","@id":"https:\/\/cooltivarte.com\/portal\/jorge-alastra-andres-echevarria-en-castillo-pittamiglio\/#article","isPartOf":{"@id":"https:\/\/cooltivarte.com\/portal\/jorge-alastra-andres-echevarria-en-castillo-pittamiglio\/"},"author":{"name":"Cooltivarte","@id":"https:\/\/cooltivarte.com\/portal\/#\/schema\/person\/ec2a4f4e71b740d0c559c0ab9a157e19"},"headline":"JORGE ALASTRA &#038; ANDR\u00c9S ECHEVARR\u00cdA en Castillo Pittamiglio","datePublished":"2026-02-13T12:56:15+00:00","dateModified":"2026-02-13T14:01:39+00:00","mainEntityOfPage":{"@id":"https:\/\/cooltivarte.com\/portal\/jorge-alastra-andres-echevarria-en-castillo-pittamiglio\/"},"wordCount":409,"publisher":{"@id":"https:\/\/cooltivarte.com\/portal\/#organization"},"image":{"@id":"https:\/\/cooltivarte.com\/portal\/jorge-alastra-andres-echevarria-en-castillo-pittamiglio\/#primaryimage"},"thumbnailUrl":"https:\/\/cooltivarte.com\/portal\/wp-content\/uploads\/2026\/01\/JORGE-ALASTRA-ANDRES-ECHEVARRIA-en-Castillo-Pittamiglio.jpg","keywords":["ANDR\u00c9S ECHEVARR\u00cdA","Castillo Pittamiglio","Jorge Alastra","Las Flores","Maldonado","Poes\u00eda &amp; M\u00fasica"],"articleSection":["Eventos"],"inLanguage":"es-AR"},{"@type":"WebPage","@id":"https:\/\/cooltivarte.com\/portal\/jorge-alastra-andres-echevarria-en-castillo-pittamiglio\/","url":"https:\/\/cooltivarte.com\/portal\/jorge-alastra-andres-echevarria-en-castillo-pittamiglio\/","name":"JORGE ALASTRA & ANDR\u00c9S ECHEVARR\u00cdA en Castillo Pittamiglio - Cooltivarte Portal","isPartOf":{"@id":"https:\/\/cooltivarte.com\/portal\/#website"},"primaryImageOfPage":{"@id":"https:\/\/cooltivarte.com\/portal\/jorge-alastra-andres-echevarria-en-castillo-pittamiglio\/#primaryimage"},"image":{"@id":"https:\/\/cooltivarte.com\/portal\/jorge-alastra-andres-echevarria-en-castillo-pittamiglio\/#primaryimage"},"thumbnailUrl":"https:\/\/cooltivarte.com\/portal\/wp-content\/uploads\/2026\/01\/JORGE-ALASTRA-ANDRES-ECHEVARRIA-en-Castillo-Pittamiglio.jpg","datePublished":"2026-02-13T12:56:15+00:00","dateModified":"2026-02-13T14:01:39+00:00","description":"Poes\u00eda & M\u00fasica busca tender un puente entre la palabra po\u00e9tica y la canci\u00f3n, donde ambas disciplinas dialogan en un mismo escenario; m\u00fasica y literatura conviven arm\u00f3nicamente en un encuentro puente entre textos y canciones de autores nacionales.","breadcrumb":{"@id":"https:\/\/cooltivarte.com\/portal\/jorge-alastra-andres-echevarria-en-castillo-pittamiglio\/#breadcrumb"},"inLanguage":"es-AR","potentialAction":[{"@type":"ReadAction","target":["https:\/\/cooltivarte.com\/portal\/jorge-alastra-andres-echevarria-en-castillo-pittamiglio\/"]}]},{"@type":"ImageObject","inLanguage":"es-AR","@id":"https:\/\/cooltivarte.com\/portal\/jorge-alastra-andres-echevarria-en-castillo-pittamiglio\/#primaryimage","url":"https:\/\/cooltivarte.com\/portal\/wp-content\/uploads\/2026\/01\/JORGE-ALASTRA-ANDRES-ECHEVARRIA-en-Castillo-Pittamiglio.jpg","contentUrl":"https:\/\/cooltivarte.com\/portal\/wp-content\/uploads\/2026\/01\/JORGE-ALASTRA-ANDRES-ECHEVARRIA-en-Castillo-Pittamiglio.jpg","width":1080,"height":1350,"caption":"JORGE ALASTRA & ANDR\u00c9S ECHEVARR\u00cdA en Castillo Pittamiglio"},{"@type":"BreadcrumbList","@id":"https:\/\/cooltivarte.com\/portal\/jorge-alastra-andres-echevarria-en-castillo-pittamiglio\/#breadcrumb","itemListElement":[{"@type":"ListItem","position":1,"name":"Portada","item":"https:\/\/cooltivarte.com\/portal\/"},{"@type":"ListItem","position":2,"name":"JORGE ALASTRA &#038; ANDR\u00c9S ECHEVARR\u00cdA en Castillo Pittamiglio"}]},{"@type":"WebSite","@id":"https:\/\/cooltivarte.com\/portal\/#website","url":"https:\/\/cooltivarte.com\/portal\/","name":"Cooltivarte Portal","description":"Arte, cultura y turismo para el mundo ...","publisher":{"@id":"https:\/\/cooltivarte.com\/portal\/#organization"},"potentialAction":[{"@type":"SearchAction","target":{"@type":"EntryPoint","urlTemplate":"https:\/\/cooltivarte.com\/portal\/?s={search_term_string}"},"query-input":{"@type":"PropertyValueSpecification","valueRequired":true,"valueName":"search_term_string"}}],"inLanguage":"es-AR"},{"@type":"Organization","@id":"https:\/\/cooltivarte.com\/portal\/#organization","name":"cooltivarte","url":"https:\/\/cooltivarte.com\/portal\/","logo":{"@type":"ImageObject","inLanguage":"es-AR","@id":"https:\/\/cooltivarte.com\/portal\/#\/schema\/logo\/image\/","url":"https:\/\/cooltivarte.com\/portal\/wp-content\/uploads\/2020\/04\/logo-cooltivarte-v2.png","contentUrl":"https:\/\/cooltivarte.com\/portal\/wp-content\/uploads\/2020\/04\/logo-cooltivarte-v2.png","width":851,"height":243,"caption":"cooltivarte"},"image":{"@id":"https:\/\/cooltivarte.com\/portal\/#\/schema\/logo\/image\/"},"sameAs":["https:\/\/www.facebook.com\/cooltivartecom\/","https:\/\/x.com\/obolocultural","https:\/\/www.instagram.com\/_cooltivarte_\/","https:\/\/www.linkedin.com\/company\/-bolocultural?reportsuccess=8zaNG1HwhPbAR9iQhZ5rfGeqz_vQFftHun0ZWU0Wy9vNemRJ8vtcKdJvzQfW8XagyOJSKg0XvfJ1dp","https:\/\/www.pinterest.com\/cooltivarte\/","https:\/\/cooltivarte.tumblr.com\/","https:\/\/www.tiktok.com\/@cooltivarte","https:\/\/www.youtube.com\/@PrensaCooltivarte"]},{"@type":"Person","@id":"https:\/\/cooltivarte.com\/portal\/#\/schema\/person\/ec2a4f4e71b740d0c559c0ab9a157e19","name":"Cooltivarte","image":{"@type":"ImageObject","inLanguage":"es-AR","@id":"https:\/\/cooltivarte.com\/portal\/wp-content\/uploads\/2014\/05\/logo-cooltivarte-120x120.jpg","url":"https:\/\/cooltivarte.com\/portal\/wp-content\/uploads\/2014\/05\/logo-cooltivarte-120x120.jpg","contentUrl":"https:\/\/cooltivarte.com\/portal\/wp-content\/uploads\/2014\/05\/logo-cooltivarte-120x120.jpg","caption":"Cooltivarte"},"description":"Somos COOLTIVARTE.COM. Un portal digital dedicado a difundir el acontecer art\u00edstico y cultural del Uruguay. Estamos en la vuelta desde el a\u00f1o 2003, y como evoluci\u00f3n del bolet\u00edn Obolo Cultural, nos encontramos abocados a apoyar a los artistas nacionales brind\u00e1ndoles un espacio de difusi\u00f3n. Creemos en la idea de utilizar la potencialidad que hoy d\u00eda nos otorga la web, para que la cultura uruguaya y sus creadores dispongan de una din\u00e1mica ventana, que los ponga en contacto entre s\u00ed y con el mundo. Somos COOLTIVARTE.COM y pretendemos configurarnos como un portal din\u00e1mico, entretenido y atento a los nuevos emprendimientos, que busque siempre la interacci\u00f3n con los artistas.","sameAs":["http:\/\/www.cooltivarte.com","https:\/\/www.facebook.com\/cooltivartecom","https:\/\/www.instagram.com\/_cooltivarte_\/","https:\/\/www.linkedin.com\/company\/-bolocultural","https:\/\/www.pinterest.com\/cooltivarte\/","https:\/\/x.com\/https:\/\/x.com\/obolocultural","https:\/\/www.youtube.com\/@PrensaCooltivarte","https:\/\/www.tumblr.com\/blog\/cooltivarte"],"url":"https:\/\/cooltivarte.com\/portal\/author\/cooltivarte\/"}]}},"_links":{"self":[{"href":"https:\/\/cooltivarte.com\/portal\/wp-json\/wp\/v2\/posts\/122242","targetHints":{"allow":["GET"]}}],"collection":[{"href":"https:\/\/cooltivarte.com\/portal\/wp-json\/wp\/v2\/posts"}],"about":[{"href":"https:\/\/cooltivarte.com\/portal\/wp-json\/wp\/v2\/types\/post"}],"author":[{"embeddable":true,"href":"https:\/\/cooltivarte.com\/portal\/wp-json\/wp\/v2\/users\/8"}],"replies":[{"embeddable":true,"href":"https:\/\/cooltivarte.com\/portal\/wp-json\/wp\/v2\/comments?post=122242"}],"version-history":[{"count":1,"href":"https:\/\/cooltivarte.com\/portal\/wp-json\/wp\/v2\/posts\/122242\/revisions"}],"predecessor-version":[{"id":122244,"href":"https:\/\/cooltivarte.com\/portal\/wp-json\/wp\/v2\/posts\/122242\/revisions\/122244"}],"wp:featuredmedia":[{"embeddable":true,"href":"https:\/\/cooltivarte.com\/portal\/wp-json\/wp\/v2\/media\/122243"}],"wp:attachment":[{"href":"https:\/\/cooltivarte.com\/portal\/wp-json\/wp\/v2\/media?parent=122242"}],"wp:term":[{"taxonomy":"category","embeddable":true,"href":"https:\/\/cooltivarte.com\/portal\/wp-json\/wp\/v2\/categories?post=122242"},{"taxonomy":"post_tag","embeddable":true,"href":"https:\/\/cooltivarte.com\/portal\/wp-json\/wp\/v2\/tags?post=122242"}],"curies":[{"name":"wp","href":"https:\/\/api.w.org\/{rel}","templated":true}]}}