{"id":122207,"date":"2026-03-04T09:38:10","date_gmt":"2026-03-04T12:38:10","guid":{"rendered":"https:\/\/cooltivarte.com\/portal\/?p=122207"},"modified":"2026-03-04T22:28:52","modified_gmt":"2026-03-05T01:28:52","slug":"concurso-oficial-de-carnaval-2026-teatro-de-verano-ramon-collazo","status":"publish","type":"post","link":"https:\/\/cooltivarte.com\/portal\/concurso-oficial-de-carnaval-2026-teatro-de-verano-ramon-collazo\/","title":{"rendered":"Concurso Oficial de Carnaval 2026 &#8211; Teatro de Verano Ram\u00f3n Collazo"},"content":{"rendered":"<p><img fetchpriority=\"high\" decoding=\"async\" class=\"aligncenter wp-image-122208 size-full\" title=\"Concurso Oficial de Carnaval 2026\" src=\"https:\/\/cooltivarte.com\/portal\/wp-content\/uploads\/2026\/01\/Concurso-Oficial-de-Carnaval-2026.png\" alt=\"Concurso Oficial de Carnaval 2026\" width=\"812\" height=\"461\" srcset=\"https:\/\/cooltivarte.com\/portal\/wp-content\/uploads\/2026\/01\/Concurso-Oficial-de-Carnaval-2026.png 812w, https:\/\/cooltivarte.com\/portal\/wp-content\/uploads\/2026\/01\/Concurso-Oficial-de-Carnaval-2026-300x170.png 300w, https:\/\/cooltivarte.com\/portal\/wp-content\/uploads\/2026\/01\/Concurso-Oficial-de-Carnaval-2026-768x436.png 768w\" sizes=\"(max-width: 812px) 100vw, 812px\" \/><\/p>\n<div class=\"col-md-7 content\">&nbsp;<\/div>\n<div>&nbsp;<\/div>\n<h3><strong>Concurso Oficial de Carnaval 2026 &#8211; Teatro de Verano Ram\u00f3n Collazo<\/strong><\/h3>\n<div>\n<p><strong>Entradas a la venta a trav\u00e9s de Abitab (venta web y f\u00edsica) y Boleter\u00eda del Teatro en funciones no agotadas.&nbsp;&nbsp;<\/strong><\/p>\n<p>Los espect\u00e1culos podr\u00e1n verse en vivo a trav\u00e9s de <a href=\"https:\/\/vtv.com.uy\/\" target=\"_blank\" rel=\"noopener\">VTV<\/a>, <a href=\"https:\/\/anteltv.com.uy\/\" target=\"_blank\" rel=\"noopener\">Antel TV<\/a>, <a href=\"https:\/\/www.montecable.com\/\" target=\"_blank\" rel=\"noopener\">Montecable<\/a>, canales de emisi\u00f3n por cable del interior y <a href=\"https:\/\/www.youtube.com\/c\/Tenfieldoficial\" target=\"_blank\" rel=\"noopener\">YouTube<\/a> (Tenfieldoficial).<\/p>\n<\/div>\n<p>&nbsp;<\/p>\n<ul>\n<li>\n<h3>Horarios<\/h3>\n<p>19:00 &#8211; Apertura de puertas<\/p>\n<p>19:00 &#8211; Apertura de Boleter\u00eda<\/p>\n<p>20:00 &#8211; Inicio de etapa&nbsp;<\/li>\n<\/ul>\n<p>&nbsp;<\/p>\n<p>&nbsp;<\/p>\n<p>&nbsp;<\/p>\n<h2><strong>Programaci\u00f3n &#8211; Rueda de Ganadores<\/strong><\/h2>\n<h3><strong>D\u00eda 1&nbsp;<\/strong><strong>&#8211;<\/strong><strong>&nbsp;Viernes 6 de marzo&nbsp;<\/strong><\/h3>\n<p>20:00 | La Compa\u00f1\u00eda (Primer Premio Revistas)<\/p>\n<p>21:30 | Cyranos (Segundo Premio Humoristas)<\/p>\n<p>23:00 | Momosapiens (Primer Premio Parodistas)<\/p>\n<h3><strong>D\u00eda 2 &#8211; S\u00e1bado 7 de marzo<\/strong><\/h3>\n<p>20:00 | Yambo Kenia (Primer Premio Sociedad de Negros y Lubolos)<\/p>\n<p>21:30 | Tab\u00fa (Segundo Premio Revistas)<\/p>\n<p>23:00 | Sociedad An\u00f3nima (Primer Premio Humoristas)<\/p>\n<p>00:30 | La Gran Mu\u00f1eca (Segundo Premio Murgas)&nbsp;<\/p>\n<h3><strong>D\u00eda 3 &#8211; Lunes 9 de marzo&nbsp;<\/strong><\/h3>\n<p>20:00 | Valores&nbsp;(Segundo Premio Sociedad de Negros y Lubolos)<\/p>\n<p>21:30 | Caballeros&nbsp;(Segundo Premio Parodistas)<\/p>\n<p>23:00 | Do\u00f1a Bastarda (Primer Premio Murgas)<\/p>\n<p>&nbsp;<\/p>\n<p>&nbsp;<\/p>\n<p>&nbsp;<\/p>\n<p>&nbsp;<\/p>\n<p><strong>L\u00edneas CUTCSA a la salida<\/strong><\/p>\n<p>103 Los Aromos (Km 23)<\/p>\n<p>117 Ciudad Vieja (Teatro Sol\u00eds)<\/p>\n<p>128 Paso de la Arena<\/p>\n<p>145 Complejo Am\u00e9rica<\/p>\n<p>185 Barrio Casab\u00f3 (Bajo Valencia)<\/p>\n<p>174 Aviaci\u00f3n (p\/Lezica)<\/p>\n<p>192 Manga<\/p>\n<p>&nbsp;<\/p>\n<p>Fuente: <a href=\"https:\/\/teatrodeverano.montevideo.gub.uy\" target=\"_blank\" rel=\"noopener\">teatrodeverano.montevideo.gub.uy<\/a><\/p>\n<p>&nbsp;<\/p>\n<p>&nbsp;<\/p>\n<p>&nbsp;<\/p>\n<p>&nbsp;<\/p>\n<p>&nbsp;<br \/>\n<script async=\"\" src=\"https:\/\/pagead2.googlesyndication.com\/pagead\/js\/adsbygoogle.js?client=ca-pub-1258162831753121\" crossorigin=\"anonymous\"><\/script><br \/>\n<ins class=\"adsbygoogle\" style=\"display: block; text-align: center;\" data-ad-layout=\"in-article\" data-ad-format=\"fluid\" data-ad-client=\"ca-pub-1258162831753121\" data-ad-slot=\"9254952921\"><\/ins><br \/>\n<script>\n     (adsbygoogle = window.adsbygoogle || []<span data-mce-type=\"bookmark\" style=\"display: inline-block; width: 0px; overflow: hidden; line-height: 0;\" class=\"mce_SELRES_end\">\ufeff<\/span><span style=\"display: inline-block; width: 0px; overflow: hidden; line-height: 0;\" data-mce-type=\"bookmark\" class=\"mce_SELRES_end\">\ufeff<\/span>).push({});\n<\/script><br \/>\n&nbsp;<\/p>\n<p>&nbsp;<\/p>\n<p>&nbsp;<\/p>\n<p>&nbsp;<\/p>\n","protected":false},"excerpt":{"rendered":"<p>Concurso Oficial de Carnaval 2026 &#8211; Teatro de Verano Ram\u00f3n Collazo<\/p>\n<p>Una nueva edici\u00f3n del Concurso Oficial de Carnaval comenz\u00f3 el lunes 26 de enero de 2026.<\/p>\n<p>Entradas a la venta a trav\u00e9s de Abitab (venta web y f\u00edsica) y Boleter\u00eda del Teatro en funciones no agotadas.<\/p>\n<p>Los espect\u00e1culos podr\u00e1n verse en vivo a trav\u00e9s de VTV, Antel TV, Montecable, canales de emisi\u00f3n por cable del interior y YouTube (Tenfieldoficial).<\/p>\n","protected":false},"author":8,"featured_media":122208,"comment_status":"closed","ping_status":"closed","sticky":false,"template":"","format":"standard","meta":{"om_disable_all_campaigns":false,"ngg_post_thumbnail":0,"jnews-multi-image_gallery":[],"jnews_single_post":{"format":"standard","override":[{"template":"4","parallax":"1","layout":"right-sidebar","sidebar":"default-sidebar","second_sidebar":"default-sidebar","sticky_sidebar":"1","share_position":"bottom","share_float_style":"share-monocrhome","show_share_counter":"1","show_view_counter":"1","show_featured":"1","show_post_meta":"1","show_post_author":"1","show_post_author_image":"1","show_post_date":"1","post_date_format":"default","post_date_format_custom":"Y\/m\/d","show_post_category":"1","post_reading_time_wpm":"300","post_calculate_word_method":"str_word_count","zoom_button_out_step":"2","zoom_button_in_step":"3","show_post_tag":"1","show_prev_next_post":"1","show_popup_post":"1","show_comment_section":"1","number_popup_post":"1","show_author_box":"1","show_post_related":"0","show_inline_post_related":"0"}],"image_override":[{"single_post_thumbnail_size":"no-crop","single_post_gallery_size":"crop-500"}],"trending_post_position":"meta","trending_post_label":"Trending","sponsored_post_label":"Sponsored by","disable_ad":"0","subtitle":"Programaci\u00f3n - Rueda de ganadores: 6, 7 y 9 de marzo"},"jnews_primary_category":[],"jnews_social_meta":[],"jnews_override_counter":{"view_counter_number":"0","share_counter_number":"0","like_counter_number":"0","dislike_counter_number":"0"},"footnotes":""},"categories":[3394],"tags":[5640,25538,10504,25789,25681,5379],"class_list":["post-122207","post","type-post","status-publish","format-standard","has-post-thumbnail","hentry","category-eventos","tag-concurso-oficial-de-carnaval","tag-primera-rueda","tag-programacion","tag-programacion-liguilla","tag-segunda-rueda","tag-teatro-de-verano-ramon-collazo"],"yoast_head":"<!-- This site is optimized with the Yoast SEO plugin v27.5 - https:\/\/yoast.com\/product\/yoast-seo-wordpress\/ -->\n<title>Concurso Oficial de Carnaval 2026 - Teatro de Verano Ram\u00f3n Collazo - Cooltivarte Portal<\/title>\n<meta name=\"description\" content=\"Una nueva edici\u00f3n del Concurso Oficial de Carnaval comenz\u00f3 el lunes 26 de enero de 2026.\" \/>\n<meta name=\"robots\" content=\"index, follow, max-snippet:-1, max-image-preview:large, max-video-preview:-1\" \/>\n<link rel=\"canonical\" href=\"https:\/\/cooltivarte.com\/portal\/concurso-oficial-de-carnaval-2026-teatro-de-verano-ramon-collazo\/\" \/>\n<meta property=\"og:locale\" content=\"es_ES\" \/>\n<meta property=\"og:type\" content=\"article\" \/>\n<meta property=\"og:title\" content=\"Concurso Oficial de Carnaval 2026 - Teatro de Verano Ram\u00f3n Collazo - Programaci\u00f3n\" \/>\n<meta property=\"og:description\" content=\"Una nueva edici\u00f3n del Concurso Oficial de Carnaval comenz\u00f3 el lunes 26 de enero de 2026.\" \/>\n<meta property=\"og:url\" content=\"https:\/\/cooltivarte.com\/portal\/concurso-oficial-de-carnaval-2026-teatro-de-verano-ramon-collazo\/\" \/>\n<meta property=\"og:site_name\" content=\"Cooltivarte Portal\" \/>\n<meta property=\"article:publisher\" content=\"https:\/\/www.facebook.com\/cooltivartecom\/\" \/>\n<meta property=\"article:author\" content=\"https:\/\/www.facebook.com\/cooltivartecom\" \/>\n<meta property=\"article:published_time\" content=\"2026-03-04T12:38:10+00:00\" \/>\n<meta property=\"article:modified_time\" content=\"2026-03-05T01:28:52+00:00\" \/>\n<meta property=\"og:image\" content=\"https:\/\/cooltivarte.com\/portal\/wp-content\/uploads\/2026\/01\/Concurso-Oficial-de-Carnaval-2026.png\" \/>\n\t<meta property=\"og:image:width\" content=\"812\" \/>\n\t<meta property=\"og:image:height\" content=\"461\" \/>\n\t<meta property=\"og:image:type\" content=\"image\/png\" \/>\n<meta name=\"author\" content=\"Cooltivarte\" \/>\n<meta name=\"twitter:card\" content=\"summary_large_image\" \/>\n<meta name=\"twitter:title\" content=\"Concurso Oficial de Carnaval 2026 - Teatro de Verano Ram\u00f3n Collazo - Programaci\u00f3n\" \/>\n<meta name=\"twitter:description\" content=\"Una nueva edici\u00f3n del Concurso Oficial de Carnaval comenz\u00f3 el lunes 26 de enero de 2026.\" \/>\n<meta name=\"twitter:image\" content=\"https:\/\/cooltivarte.com\/portal\/wp-content\/uploads\/2026\/01\/Concurso-Oficial-de-Carnaval-2026.png\" \/>\n<meta name=\"twitter:creator\" content=\"@https:\/\/x.com\/obolocultural\" \/>\n<meta name=\"twitter:site\" content=\"@obolocultural\" \/>\n<meta name=\"twitter:label1\" content=\"Escrito por\" \/>\n\t<meta name=\"twitter:data1\" content=\"Cooltivarte\" \/>\n\t<meta name=\"twitter:label2\" content=\"Tiempo de lectura\" \/>\n\t<meta name=\"twitter:data2\" content=\"2 minutos\" \/>\n<!-- \/ Yoast SEO plugin. -->","yoast_head_json":{"title":"Concurso Oficial de Carnaval 2026 - Teatro de Verano Ram\u00f3n Collazo - Cooltivarte Portal","description":"Una nueva edici\u00f3n del Concurso Oficial de Carnaval comenz\u00f3 el lunes 26 de enero de 2026.","robots":{"index":"index","follow":"follow","max-snippet":"max-snippet:-1","max-image-preview":"max-image-preview:large","max-video-preview":"max-video-preview:-1"},"canonical":"https:\/\/cooltivarte.com\/portal\/concurso-oficial-de-carnaval-2026-teatro-de-verano-ramon-collazo\/","og_locale":"es_ES","og_type":"article","og_title":"Concurso Oficial de Carnaval 2026 - Teatro de Verano Ram\u00f3n Collazo - Programaci\u00f3n","og_description":"Una nueva edici\u00f3n del Concurso Oficial de Carnaval comenz\u00f3 el lunes 26 de enero de 2026.","og_url":"https:\/\/cooltivarte.com\/portal\/concurso-oficial-de-carnaval-2026-teatro-de-verano-ramon-collazo\/","og_site_name":"Cooltivarte Portal","article_publisher":"https:\/\/www.facebook.com\/cooltivartecom\/","article_author":"https:\/\/www.facebook.com\/cooltivartecom","article_published_time":"2026-03-04T12:38:10+00:00","article_modified_time":"2026-03-05T01:28:52+00:00","og_image":[{"width":812,"height":461,"url":"https:\/\/cooltivarte.com\/portal\/wp-content\/uploads\/2026\/01\/Concurso-Oficial-de-Carnaval-2026.png","type":"image\/png"}],"author":"Cooltivarte","twitter_card":"summary_large_image","twitter_title":"Concurso Oficial de Carnaval 2026 - Teatro de Verano Ram\u00f3n Collazo - Programaci\u00f3n","twitter_description":"Una nueva edici\u00f3n del Concurso Oficial de Carnaval comenz\u00f3 el lunes 26 de enero de 2026.","twitter_image":"https:\/\/cooltivarte.com\/portal\/wp-content\/uploads\/2026\/01\/Concurso-Oficial-de-Carnaval-2026.png","twitter_creator":"@https:\/\/x.com\/obolocultural","twitter_site":"@obolocultural","twitter_misc":{"Escrito por":"Cooltivarte","Tiempo de lectura":"2 minutos"},"schema":{"@context":"https:\/\/schema.org","@graph":[{"@type":"NewsArticle","@id":"https:\/\/cooltivarte.com\/portal\/concurso-oficial-de-carnaval-2026-teatro-de-verano-ramon-collazo\/#article","isPartOf":{"@id":"https:\/\/cooltivarte.com\/portal\/concurso-oficial-de-carnaval-2026-teatro-de-verano-ramon-collazo\/"},"author":{"name":"Cooltivarte","@id":"https:\/\/cooltivarte.com\/portal\/#\/schema\/person\/ec2a4f4e71b740d0c559c0ab9a157e19"},"headline":"Concurso Oficial de Carnaval 2026 &#8211; Teatro de Verano Ram\u00f3n Collazo","datePublished":"2026-03-04T12:38:10+00:00","dateModified":"2026-03-05T01:28:52+00:00","mainEntityOfPage":{"@id":"https:\/\/cooltivarte.com\/portal\/concurso-oficial-de-carnaval-2026-teatro-de-verano-ramon-collazo\/"},"wordCount":234,"publisher":{"@id":"https:\/\/cooltivarte.com\/portal\/#organization"},"image":{"@id":"https:\/\/cooltivarte.com\/portal\/concurso-oficial-de-carnaval-2026-teatro-de-verano-ramon-collazo\/#primaryimage"},"thumbnailUrl":"https:\/\/cooltivarte.com\/portal\/wp-content\/uploads\/2026\/01\/Concurso-Oficial-de-Carnaval-2026.png","keywords":["concurso oficial de carnaval","Primera Rueda","Programaci\u00f3n","Programaci\u00f3n Liguilla","Segunda Rueda","Teatro de Verano Ram\u00f3n Collazo"],"articleSection":["Eventos"],"inLanguage":"es-AR"},{"@type":"WebPage","@id":"https:\/\/cooltivarte.com\/portal\/concurso-oficial-de-carnaval-2026-teatro-de-verano-ramon-collazo\/","url":"https:\/\/cooltivarte.com\/portal\/concurso-oficial-de-carnaval-2026-teatro-de-verano-ramon-collazo\/","name":"Concurso Oficial de Carnaval 2026 - Teatro de Verano Ram\u00f3n Collazo - Cooltivarte Portal","isPartOf":{"@id":"https:\/\/cooltivarte.com\/portal\/#website"},"primaryImageOfPage":{"@id":"https:\/\/cooltivarte.com\/portal\/concurso-oficial-de-carnaval-2026-teatro-de-verano-ramon-collazo\/#primaryimage"},"image":{"@id":"https:\/\/cooltivarte.com\/portal\/concurso-oficial-de-carnaval-2026-teatro-de-verano-ramon-collazo\/#primaryimage"},"thumbnailUrl":"https:\/\/cooltivarte.com\/portal\/wp-content\/uploads\/2026\/01\/Concurso-Oficial-de-Carnaval-2026.png","datePublished":"2026-03-04T12:38:10+00:00","dateModified":"2026-03-05T01:28:52+00:00","description":"Una nueva edici\u00f3n del Concurso Oficial de Carnaval comenz\u00f3 el lunes 26 de enero de 2026.","breadcrumb":{"@id":"https:\/\/cooltivarte.com\/portal\/concurso-oficial-de-carnaval-2026-teatro-de-verano-ramon-collazo\/#breadcrumb"},"inLanguage":"es-AR","potentialAction":[{"@type":"ReadAction","target":["https:\/\/cooltivarte.com\/portal\/concurso-oficial-de-carnaval-2026-teatro-de-verano-ramon-collazo\/"]}]},{"@type":"ImageObject","inLanguage":"es-AR","@id":"https:\/\/cooltivarte.com\/portal\/concurso-oficial-de-carnaval-2026-teatro-de-verano-ramon-collazo\/#primaryimage","url":"https:\/\/cooltivarte.com\/portal\/wp-content\/uploads\/2026\/01\/Concurso-Oficial-de-Carnaval-2026.png","contentUrl":"https:\/\/cooltivarte.com\/portal\/wp-content\/uploads\/2026\/01\/Concurso-Oficial-de-Carnaval-2026.png","width":812,"height":461,"caption":"Concurso Oficial de Carnaval 2026"},{"@type":"BreadcrumbList","@id":"https:\/\/cooltivarte.com\/portal\/concurso-oficial-de-carnaval-2026-teatro-de-verano-ramon-collazo\/#breadcrumb","itemListElement":[{"@type":"ListItem","position":1,"name":"Portada","item":"https:\/\/cooltivarte.com\/portal\/"},{"@type":"ListItem","position":2,"name":"Concurso Oficial de Carnaval 2026 &#8211; Teatro de Verano Ram\u00f3n Collazo"}]},{"@type":"WebSite","@id":"https:\/\/cooltivarte.com\/portal\/#website","url":"https:\/\/cooltivarte.com\/portal\/","name":"Cooltivarte Portal","description":"Arte, cultura y turismo para el mundo ...","publisher":{"@id":"https:\/\/cooltivarte.com\/portal\/#organization"},"potentialAction":[{"@type":"SearchAction","target":{"@type":"EntryPoint","urlTemplate":"https:\/\/cooltivarte.com\/portal\/?s={search_term_string}"},"query-input":{"@type":"PropertyValueSpecification","valueRequired":true,"valueName":"search_term_string"}}],"inLanguage":"es-AR"},{"@type":"Organization","@id":"https:\/\/cooltivarte.com\/portal\/#organization","name":"cooltivarte","url":"https:\/\/cooltivarte.com\/portal\/","logo":{"@type":"ImageObject","inLanguage":"es-AR","@id":"https:\/\/cooltivarte.com\/portal\/#\/schema\/logo\/image\/","url":"https:\/\/cooltivarte.com\/portal\/wp-content\/uploads\/2020\/04\/logo-cooltivarte-v2.png","contentUrl":"https:\/\/cooltivarte.com\/portal\/wp-content\/uploads\/2020\/04\/logo-cooltivarte-v2.png","width":851,"height":243,"caption":"cooltivarte"},"image":{"@id":"https:\/\/cooltivarte.com\/portal\/#\/schema\/logo\/image\/"},"sameAs":["https:\/\/www.facebook.com\/cooltivartecom\/","https:\/\/x.com\/obolocultural","https:\/\/www.instagram.com\/_cooltivarte_\/","https:\/\/www.linkedin.com\/company\/-bolocultural?reportsuccess=8zaNG1HwhPbAR9iQhZ5rfGeqz_vQFftHun0ZWU0Wy9vNemRJ8vtcKdJvzQfW8XagyOJSKg0XvfJ1dp","https:\/\/www.pinterest.com\/cooltivarte\/","https:\/\/cooltivarte.tumblr.com\/","https:\/\/www.tiktok.com\/@cooltivarte","https:\/\/www.youtube.com\/@PrensaCooltivarte"]},{"@type":"Person","@id":"https:\/\/cooltivarte.com\/portal\/#\/schema\/person\/ec2a4f4e71b740d0c559c0ab9a157e19","name":"Cooltivarte","image":{"@type":"ImageObject","inLanguage":"es-AR","@id":"https:\/\/cooltivarte.com\/portal\/wp-content\/uploads\/2014\/05\/logo-cooltivarte-120x120.jpg","url":"https:\/\/cooltivarte.com\/portal\/wp-content\/uploads\/2014\/05\/logo-cooltivarte-120x120.jpg","contentUrl":"https:\/\/cooltivarte.com\/portal\/wp-content\/uploads\/2014\/05\/logo-cooltivarte-120x120.jpg","caption":"Cooltivarte"},"description":"Somos COOLTIVARTE.COM. Un portal digital dedicado a difundir el acontecer art\u00edstico y cultural del Uruguay. Estamos en la vuelta desde el a\u00f1o 2003, y como evoluci\u00f3n del bolet\u00edn Obolo Cultural, nos encontramos abocados a apoyar a los artistas nacionales brind\u00e1ndoles un espacio de difusi\u00f3n. Creemos en la idea de utilizar la potencialidad que hoy d\u00eda nos otorga la web, para que la cultura uruguaya y sus creadores dispongan de una din\u00e1mica ventana, que los ponga en contacto entre s\u00ed y con el mundo. Somos COOLTIVARTE.COM y pretendemos configurarnos como un portal din\u00e1mico, entretenido y atento a los nuevos emprendimientos, que busque siempre la interacci\u00f3n con los artistas.","sameAs":["http:\/\/www.cooltivarte.com","https:\/\/www.facebook.com\/cooltivartecom","https:\/\/www.instagram.com\/_cooltivarte_\/","https:\/\/www.linkedin.com\/company\/-bolocultural","https:\/\/www.pinterest.com\/cooltivarte\/","https:\/\/x.com\/https:\/\/x.com\/obolocultural","https:\/\/www.youtube.com\/@PrensaCooltivarte","https:\/\/www.tumblr.com\/blog\/cooltivarte"],"url":"https:\/\/cooltivarte.com\/portal\/author\/cooltivarte\/"}]}},"_links":{"self":[{"href":"https:\/\/cooltivarte.com\/portal\/wp-json\/wp\/v2\/posts\/122207","targetHints":{"allow":["GET"]}}],"collection":[{"href":"https:\/\/cooltivarte.com\/portal\/wp-json\/wp\/v2\/posts"}],"about":[{"href":"https:\/\/cooltivarte.com\/portal\/wp-json\/wp\/v2\/types\/post"}],"author":[{"embeddable":true,"href":"https:\/\/cooltivarte.com\/portal\/wp-json\/wp\/v2\/users\/8"}],"replies":[{"embeddable":true,"href":"https:\/\/cooltivarte.com\/portal\/wp-json\/wp\/v2\/comments?post=122207"}],"version-history":[{"count":19,"href":"https:\/\/cooltivarte.com\/portal\/wp-json\/wp\/v2\/posts\/122207\/revisions"}],"predecessor-version":[{"id":123623,"href":"https:\/\/cooltivarte.com\/portal\/wp-json\/wp\/v2\/posts\/122207\/revisions\/123623"}],"wp:featuredmedia":[{"embeddable":true,"href":"https:\/\/cooltivarte.com\/portal\/wp-json\/wp\/v2\/media\/122208"}],"wp:attachment":[{"href":"https:\/\/cooltivarte.com\/portal\/wp-json\/wp\/v2\/media?parent=122207"}],"wp:term":[{"taxonomy":"category","embeddable":true,"href":"https:\/\/cooltivarte.com\/portal\/wp-json\/wp\/v2\/categories?post=122207"},{"taxonomy":"post_tag","embeddable":true,"href":"https:\/\/cooltivarte.com\/portal\/wp-json\/wp\/v2\/tags?post=122207"}],"curies":[{"name":"wp","href":"https:\/\/api.w.org\/{rel}","templated":true}]}}