{"id":121925,"date":"2026-01-23T20:36:59","date_gmt":"2026-01-23T23:36:59","guid":{"rendered":"https:\/\/cooltivarte.com\/portal\/?p=121925"},"modified":"2026-01-23T20:43:33","modified_gmt":"2026-01-23T23:43:33","slug":"desfile-inaugural-del-carnaval-2026-fallos","status":"publish","type":"post","link":"https:\/\/cooltivarte.com\/portal\/desfile-inaugural-del-carnaval-2026-fallos\/","title":{"rendered":"Desfile Inaugural del Carnaval 2026 &#8211; Fallos"},"content":{"rendered":"<figure id=\"attachment_121926\" aria-describedby=\"caption-attachment-121926\" style=\"width: 1024px\" class=\"wp-caption aligncenter\"><img fetchpriority=\"high\" decoding=\"async\" class=\"wp-image-121926 size-large\" title=\"Desfile Inaugural del Carnaval 2026 - 22 Enero 2026 - Avenida 18 de Julio - Foto - Jonathan La Paz\" src=\"https:\/\/cooltivarte.com\/portal\/wp-content\/uploads\/2026\/01\/Desfile-Inaugural-del-Carnaval-2026-22-Enero-2026-Avenida-18-de-Julio-Foto-Jonathan-La-Paz-1024x684.jpg\" alt=\"Desfile Inaugural del Carnaval 2026 - 22 Enero 2026 - Avenida 18 de Julio - Foto - Jonathan La Paz\" width=\"1024\" height=\"684\" srcset=\"https:\/\/cooltivarte.com\/portal\/wp-content\/uploads\/2026\/01\/Desfile-Inaugural-del-Carnaval-2026-22-Enero-2026-Avenida-18-de-Julio-Foto-Jonathan-La-Paz-1024x684.jpg 1024w, https:\/\/cooltivarte.com\/portal\/wp-content\/uploads\/2026\/01\/Desfile-Inaugural-del-Carnaval-2026-22-Enero-2026-Avenida-18-de-Julio-Foto-Jonathan-La-Paz-300x200.jpg 300w, https:\/\/cooltivarte.com\/portal\/wp-content\/uploads\/2026\/01\/Desfile-Inaugural-del-Carnaval-2026-22-Enero-2026-Avenida-18-de-Julio-Foto-Jonathan-La-Paz-768x513.jpg 768w, https:\/\/cooltivarte.com\/portal\/wp-content\/uploads\/2026\/01\/Desfile-Inaugural-del-Carnaval-2026-22-Enero-2026-Avenida-18-de-Julio-Foto-Jonathan-La-Paz-1536x1025.jpg 1536w, https:\/\/cooltivarte.com\/portal\/wp-content\/uploads\/2026\/01\/Desfile-Inaugural-del-Carnaval-2026-22-Enero-2026-Avenida-18-de-Julio-Foto-Jonathan-La-Paz.jpg 2048w\" sizes=\"(max-width: 1024px) 100vw, 1024px\" \/><figcaption id=\"caption-attachment-121926\" class=\"wp-caption-text\">Desfile Inaugural del Carnaval 2026 &#8211; 22 Enero 2026 &#8211; Avenida 18 de Julio &#8211; Foto &#8211; Jonathan La Paz<\/figcaption><\/figure>\n<h3><strong>Fallos del Desfile Inaugural del Carnaval 2026<\/strong><\/h3>\n<p><strong>Los Choby\u00b4s (Humoristas), Patos Cabreros (Murga), Z\u00edngaros (Parodistas), La Compa\u00f1ia (Revista) y Valores (Sociedad de Negros y Lubolos) son los conjuntos ganadores.<\/strong><\/p>\n<p>&nbsp;<br \/>\n&nbsp;<\/p>\n<h3>&nbsp;<a href=\"https:\/\/www.facebook.com\/media\/set\/?set=a.1430657859098069&amp;type=3\" target=\"_blank\" rel=\"noopener\">Ir a la fotogaler\u00eda<\/a><\/h3>\n<p><iframe style=\"border: none; overflow: hidden;\" src=\"https:\/\/www.facebook.com\/plugins\/post.php?href=https%3A%2F%2Fwww.facebook.com%2Fmedia%2Fset%2F%3Fset%3Da.1430657859098069%26type%3D3&amp;width=100%\" width=\"100%\" height=\"669\" frameborder=\"0\" scrolling=\"no\"><\/iframe><br \/>\n&nbsp;<\/p>\n<p data-renderer-start-pos=\"310\">El desfile inaugural de Carnaval se realiz\u00f3 el jueves 22 de enero 2026 por avenida 18 de Julio, desde plaza Independencia hasta plaza Cagancha, donde se mont\u00f3 un escenario para que los conjuntos realizaran una breve presentaci\u00f3n de su espect\u00e1culo.<\/p>\n<h4><strong>Puntajes por categor\u00eda<\/strong><\/h4>\n<div dir=\"auto\" data-smartmail=\"gmail_signature\"><strong>Murgas<\/strong><\/div>\n<div dir=\"auto\" data-smartmail=\"gmail_signature\">&nbsp;<\/div>\n<ul>\n<li>\n<div dir=\"auto\" data-smartmail=\"gmail_signature\">Patos Cabreros, 189 puntos&nbsp;<\/div>\n<\/li>\n<li>\n<div dir=\"auto\" data-smartmail=\"gmail_signature\">Do\u00f1a Bastarda, 175 puntos&nbsp;<\/div>\n<\/li>\n<li>\n<div dir=\"auto\" data-smartmail=\"gmail_signature\">Falta y Resto, 173 puntos<\/div>\n<\/li>\n<li>\n<div dir=\"auto\" data-smartmail=\"gmail_signature\">Un T\u00edtulo Viejo, 169 puntos&nbsp;<\/div>\n<\/li>\n<li>\n<div dir=\"auto\" data-smartmail=\"gmail_signature\">La Nueva Milonga, 163 puntos<\/div>\n<\/li>\n<li>\n<div dir=\"auto\" data-smartmail=\"gmail_signature\">La Gran Mu\u00f1eca, 161 puntos<\/div>\n<\/li>\n<li>\n<div dir=\"auto\" data-smartmail=\"gmail_signature\">La Trasnochada, 161 puntos&nbsp;<\/div>\n<\/li>\n<li>\n<div dir=\"auto\" data-smartmail=\"gmail_signature\">A la bartola, 160 puntos<\/div>\n<\/li>\n<li>\n<div dir=\"auto\" data-smartmail=\"gmail_signature\">Curtidores de Hongos, 158 puntos&nbsp;<\/div>\n<\/li>\n<li>\n<div dir=\"auto\" data-smartmail=\"gmail_signature\">Los Diablos Verdes, 152 puntos&nbsp;<\/div>\n<\/li>\n<li>\n<div dir=\"auto\" data-smartmail=\"gmail_signature\">Jorge, 149 puntos&nbsp;<\/div>\n<\/li>\n<li>\n<div dir=\"auto\" data-smartmail=\"gmail_signature\">La Mojigata, 148 puntos&nbsp;<\/div>\n<\/li>\n<li>\n<div dir=\"auto\" data-smartmail=\"gmail_signature\">Don Bochinche y Compa\u00f1\u00eda, 146 puntos<\/div>\n<\/li>\n<li>\n<div dir=\"auto\" data-smartmail=\"gmail_signature\">Cay\u00f3 la Cabra, 143 puntos<\/div>\n<\/li>\n<li>\n<div dir=\"auto\" data-smartmail=\"gmail_signature\">Queso Magro, 142 puntos&nbsp;<\/div>\n<\/li>\n<li>\n<div dir=\"auto\" data-smartmail=\"gmail_signature\">Gente Grande, 140 puntos<\/div>\n<\/li>\n<li>\n<div dir=\"auto\" data-smartmail=\"gmail_signature\">Mi Vieja Mula, 139 puntos&nbsp;<\/div>\n<\/li>\n<li>\n<div dir=\"auto\" data-smartmail=\"gmail_signature\">Jard\u00edn del Pueblo, 134 puntos<\/div>\n<\/li>\n<li>\n<div dir=\"auto\" data-smartmail=\"gmail_signature\">La Margarita, 119 puntos&nbsp;<\/div>\n<\/li>\n<\/ul>\n<div dir=\"auto\" data-smartmail=\"gmail_signature\">&nbsp;<\/div>\n<div dir=\"auto\" data-smartmail=\"gmail_signature\"><strong>Humoristas&nbsp;<\/strong><\/div>\n<div dir=\"auto\" data-smartmail=\"gmail_signature\">&nbsp;<\/div>\n<ul>\n<li>\n<div dir=\"auto\" data-smartmail=\"gmail_signature\">Los Choby\u2019s, 189 puntos<\/div>\n<\/li>\n<li>\n<div dir=\"auto\" data-smartmail=\"gmail_signature\">Los Rolin, 185 puntos&nbsp;<\/div>\n<\/li>\n<li>\n<div dir=\"auto\" data-smartmail=\"gmail_signature\">Sociedad An\u00f3nima, 172 puntos&nbsp;<\/div>\n<\/li>\n<li>\n<div dir=\"auto\" data-smartmail=\"gmail_signature\">Cyranos, 161 puntos<\/div>\n<\/li>\n<li>\n<div dir=\"auto\" data-smartmail=\"gmail_signature\">Social Club, 160 puntos<\/div>\n<\/li>\n<\/ul>\n<div dir=\"auto\" data-smartmail=\"gmail_signature\">&nbsp;<\/div>\n<div dir=\"auto\" data-smartmail=\"gmail_signature\"><strong>Parodistas&nbsp;<\/strong><\/div>\n<div dir=\"auto\" data-smartmail=\"gmail_signature\">&nbsp;<\/div>\n<ul>\n<li>\n<div dir=\"auto\" data-smartmail=\"gmail_signature\">Z\u00edngaros, 190 puntos&nbsp;<\/div>\n<\/li>\n<li>\n<div dir=\"auto\" data-smartmail=\"gmail_signature\">Los Muchachos, 185 puntos<\/div>\n<\/li>\n<li>\n<div dir=\"auto\" data-smartmail=\"gmail_signature\">Momosapiens, 184 puntos<\/div>\n<\/li>\n<li>\n<div dir=\"auto\" data-smartmail=\"gmail_signature\">Caballeros, 177 puntos&nbsp;<\/div>\n<\/li>\n<li>\n<div dir=\"auto\" data-smartmail=\"gmail_signature\">Los Adam\u2019s, 172 puntos&nbsp;<\/div>\n<\/li>\n<\/ul>\n<div dir=\"auto\" data-smartmail=\"gmail_signature\">&nbsp;<\/div>\n<div dir=\"auto\" data-smartmail=\"gmail_signature\"><strong>Revistas&nbsp;<\/strong><\/div>\n<div dir=\"auto\" data-smartmail=\"gmail_signature\">&nbsp;<\/div>\n<ul>\n<li>\n<div dir=\"auto\" data-smartmail=\"gmail_signature\">La Compa\u00f1\u00eda, 186 puntos<\/div>\n<\/li>\n<li>\n<div dir=\"auto\" data-smartmail=\"gmail_signature\">Tab\u00fa, 184 puntos&nbsp;<\/div>\n<\/li>\n<li>\n<div dir=\"auto\" data-smartmail=\"gmail_signature\">Carambola, 173 puntos<\/div>\n<\/li>\n<li>\n<div dir=\"auto\" data-smartmail=\"gmail_signature\">Madame G\u00f3tica, 157 puntos&nbsp;<\/div>\n<\/li>\n<li>\n<div dir=\"auto\" data-smartmail=\"gmail_signature\">House, 149 puntos&nbsp;<\/div>\n<\/li>\n<\/ul>\n<div dir=\"auto\" data-smartmail=\"gmail_signature\">&nbsp;<\/div>\n<div dir=\"auto\" data-smartmail=\"gmail_signature\"><strong>Sociedades de Negros y Lubolos<\/strong><\/div>\n<div dir=\"auto\" data-smartmail=\"gmail_signature\">&nbsp;<\/div>\n<ul>\n<li>\n<div dir=\"auto\" data-smartmail=\"gmail_signature\">Valores, 180 puntos&nbsp;<\/div>\n<\/li>\n<li>\n<div dir=\"auto\" data-smartmail=\"gmail_signature\">M\u00e1s que lonja, 179 puntos<\/div>\n<\/li>\n<li>\n<div dir=\"auto\" data-smartmail=\"gmail_signature\">Yambo Kenia, 165 puntos&nbsp;<\/div>\n<\/li>\n<li>\n<div dir=\"auto\" data-smartmail=\"gmail_signature\">La Sara del Cord\u00f3n, 162 puntos&nbsp;<\/div>\n<\/li>\n<li>\n<div dir=\"auto\" data-smartmail=\"gmail_signature\">Integraci\u00f3n, 141 puntos&nbsp;<\/div>\n<\/li>\n<li>\n<div dir=\"auto\" data-smartmail=\"gmail_signature\">Herencia Ancestral, 130 puntos&nbsp;<\/div>\n<\/li>\n<\/ul>\n<h4><strong>Menciones del Desfile Inaugural del Carnaval<\/strong><\/h4>\n<ul>\n<li>\n<div dir=\"auto\" data-smartmail=\"gmail_signature\">Cuerpo de baile: Tab\u00fa.<\/div>\n<\/li>\n<li>\n<div dir=\"auto\" data-smartmail=\"gmail_signature\">Personaje de Parodistas: Dupla Trump y Maduro (Horacio Rubino y Federico Pereyra de Momosapiens).<\/div>\n<\/li>\n<li>\n<div dir=\"auto\" data-smartmail=\"gmail_signature\">Personaje de Humoristas: Alien con Virgilio (Mauricio Su\u00e1rez de Los Rolin).<\/div>\n<\/li>\n<li>\n<div dir=\"auto\" data-smartmail=\"gmail_signature\">Bater\u00eda de murga: Patos Cabreros.<\/div>\n<\/li>\n<li>\n<div dir=\"auto\" data-smartmail=\"gmail_signature\">Director de murga: Diego Perrou (Curtidores de Hongos).<\/div>\n<\/li>\n<\/ul>\n<p data-renderer-start-pos=\"670\">El <strong>Jurado<\/strong> designado para el Desfile Inaugural del Carnaval estuvo compuesto por:<\/p>\n<div class=\"css-1fd6doq\" data-testid=\"issue-comment-base.ui.comment.ak-comment.713547-body\">\n<div>\n<div class=\"_16jlkb7n _1o9zkb7n _i0dl1osq _1ul9idpf _swxz1kw7\">\n<div class=\"_1bsb1osq _7cca15wb\" role=\"presentation\">\n<div class=\"css-3qfej8\">\n<div class=\"ak-renderer-wrapper is-comment css-pw7jst\">\n<div class=\"css-fz71mm\">\n<div class=\"ak-renderer-document\">\n<p><strong>Presidente<\/strong><\/p>\n<ul>\n<li>Fabi\u00e1n Cardozo<\/li>\n<\/ul>\n<p><strong>Jurados Categor\u00eda Murgas<\/strong><\/p>\n<ul>\n<li>Pablo Barrios<\/li>\n<li>Juan Angel D\u00edaz<\/li>\n<li>Gabriela G\u00f3mez<\/li>\n<li>Edgardo Gonz\u00e1lez<\/li>\n<li>Fernando Rodr\u00edguez<\/li>\n<\/ul>\n<p><strong>Jurados Categor\u00edas Parodistas, Humoristas, Revistas y Sociedad de Negros y Lubolos.<\/strong><\/p>\n<ul>\n<li>Ricardo Aulet<\/li>\n<li>Nilda Ciparelli<\/li>\n<li>Ana Laura De Brito<\/li>\n<li>V\u00edctor Magallanes<\/li>\n<li>Darwin Pirri<\/li>\n<\/ul>\n<\/div>\n<\/div>\n<\/div>\n<\/div>\n<\/div>\n<\/div>\n<\/div>\n<\/div>\n<p>&nbsp;<\/p>\n<p>Fuente fallos: <a href=\"https:\/\/montevideo.gub.uy\/noticias\/fallos-del-desfile-inaugural-del-carnaval-2026\" target=\"_blank\" rel=\"noopener\">montevideo.gub.uy<\/a><\/p>\n<p>&nbsp;<\/p>\n<blockquote class=\"instagram-media\" style=\"background: #FFF; border: 0; border-radius: 3px; box-shadow: 0 0 1px 0 rgba(0,0,0,0.5),0 1px 10px 0 rgba(0,0,0,0.15); margin: 1px; max-width: 540px; min-width: 326px; padding: 0; width: calc(100% - 2px);\" data-instgrm-captioned=\"\" data-instgrm-permalink=\"https:\/\/www.instagram.com\/p\/DT3z58Xjseo\/?utm_source=ig_embed&amp;utm_campaign=loading\" data-instgrm-version=\"14\">\n<div style=\"padding: 16px;\">\n<p>&nbsp;<\/p>\n<div style=\"display: flex; flex-direction: row; align-items: center;\">\n<div style=\"background-color: #f4f4f4; border-radius: 50%; flex-grow: 0; height: 40px; margin-right: 14px; width: 40px;\">&nbsp;<\/div>\n<div style=\"display: flex; flex-direction: column; flex-grow: 1; justify-content: center;\">\n<div style=\"background-color: #f4f4f4; border-radius: 4px; flex-grow: 0; height: 14px; margin-bottom: 6px; width: 100px;\">&nbsp;<\/div>\n<div style=\"background-color: #f4f4f4; border-radius: 4px; flex-grow: 0; height: 14px; width: 60px;\">&nbsp;<\/div>\n<\/div>\n<\/div>\n<div style=\"padding: 19% 0;\">&nbsp;<\/div>\n<div style=\"display: block; height: 50px; margin: 0 auto 12px; width: 50px;\">&nbsp;<\/div>\n<div style=\"padding-top: 8px;\">\n<div style=\"color: #3897f0; font-family: Arial,sans-serif; font-size: 14px; font-style: normal; font-weight: 550; line-height: 18px;\">Ver esta publicaci\u00f3n en Instagram<\/div>\n<\/div>\n<div style=\"padding: 12.5% 0;\">&nbsp;<\/div>\n<div style=\"display: flex; flex-direction: row; margin-bottom: 14px; align-items: center;\">\n<div>\n<div style=\"background-color: #f4f4f4; border-radius: 50%; height: 12.5px; width: 12.5px; transform: translateX(0px) translateY(7px);\">&nbsp;<\/div>\n<div style=\"background-color: #f4f4f4; height: 12.5px; transform: rotate(-45deg) translateX(3px) translateY(1px); width: 12.5px; flex-grow: 0; margin-right: 14px; margin-left: 2px;\">&nbsp;<\/div>\n<div style=\"background-color: #f4f4f4; border-radius: 50%; height: 12.5px; width: 12.5px; transform: translateX(9px) translateY(-18px);\">&nbsp;<\/div>\n<\/div>\n<div style=\"margin-left: 8px;\">\n<div style=\"background-color: #f4f4f4; border-radius: 50%; flex-grow: 0; height: 20px; width: 20px;\">&nbsp;<\/div>\n<div style=\"width: 0; height: 0; border-top: 2px solid transparent; border-left: 6px solid #f4f4f4; border-bottom: 2px solid transparent; transform: translateX(16px) translateY(-4px) rotate(30deg);\">&nbsp;<\/div>\n<\/div>\n<div style=\"margin-left: auto;\">\n<div style=\"width: 0px; border-top: 8px solid #F4F4F4; border-right: 8px solid transparent; transform: translateY(16px);\">&nbsp;<\/div>\n<div style=\"background-color: #f4f4f4; flex-grow: 0; height: 12px; width: 16px; transform: translateY(-4px);\">&nbsp;<\/div>\n<div style=\"width: 0; height: 0; border-top: 8px solid #F4F4F4; border-left: 8px solid transparent; transform: translateY(-4px) translateX(8px);\">&nbsp;<\/div>\n<\/div>\n<\/div>\n<div style=\"display: flex; flex-direction: column; flex-grow: 1; justify-content: center; margin-bottom: 24px;\">\n<div style=\"background-color: #f4f4f4; border-radius: 4px; flex-grow: 0; height: 14px; margin-bottom: 6px; width: 224px;\">&nbsp;<\/div>\n<div style=\"background-color: #f4f4f4; border-radius: 4px; flex-grow: 0; height: 14px; width: 144px;\">&nbsp;<\/div>\n<\/div>\n<p>&nbsp;<\/p>\n<p style=\"color: #c9c8cd; font-family: Arial,sans-serif; font-size: 14px; line-height: 17px; margin-bottom: 0; margin-top: 8px; overflow: hidden; padding: 8px 0 7px; text-align: center; text-overflow: ellipsis; white-space: nowrap;\"><a style=\"color: #c9c8cd; font-family: Arial,sans-serif; font-size: 14px; font-style: normal; font-weight: normal; line-height: 17px; text-decoration: none;\" href=\"https:\/\/www.instagram.com\/p\/DT3z58Xjseo\/?utm_source=ig_embed&amp;utm_campaign=loading\" target=\"_blank\" rel=\"noopener\">Una publicaci\u00f3n compartida por cooltivarte.com (@_cooltivarte_)<\/a><\/p>\n<\/div>\n<\/blockquote>\n<p><script async=\"\" src=\"\/\/www.instagram.com\/embed.js\"><\/script><br \/>\n&nbsp;<\/p>\n<p>&nbsp;<\/p>\n<p>&nbsp;<\/p>\n<p>&nbsp;<\/p>\n<p>&nbsp;<\/p>\n","protected":false},"excerpt":{"rendered":"<p>Fallos del Desfile Inaugural del Carnaval 2026<\/p>\n<p>Los Choby\u00b4s (Humoristas), Patos Cabreros (Murga), Z\u00edngaros (Parodistas), La Compa\u00f1ia (Revista) y Valores (Sociedad de Negros y Lubolos) son los conjuntos ganadores.<\/p>\n<p>\u00a0<\/p>\n","protected":false},"author":158,"featured_media":121926,"comment_status":"closed","ping_status":"closed","sticky":false,"template":"","format":"standard","meta":{"om_disable_all_campaigns":false,"ngg_post_thumbnail":0,"jnews-multi-image_gallery":[],"jnews_single_post":{"format":"standard","override":[{"template":"4","parallax":"1","layout":"right-sidebar","sidebar":"default-sidebar","second_sidebar":"default-sidebar","sticky_sidebar":"1","share_position":"bottom","share_float_style":"share-monocrhome","show_share_counter":"1","show_view_counter":"1","show_featured":"1","show_post_meta":"1","show_post_author":"1","show_post_author_image":"1","show_post_date":"1","post_date_format":"default","post_date_format_custom":"Y\/m\/d","show_post_category":"1","post_reading_time_wpm":"300","post_calculate_word_method":"str_word_count","zoom_button_out_step":"2","zoom_button_in_step":"3","show_post_tag":"1","show_prev_next_post":"1","show_popup_post":"1","show_comment_section":"1","number_popup_post":"1","show_author_box":"1","show_post_related":"0","show_inline_post_related":"0"}],"image_override":[{"single_post_thumbnail_size":"no-crop","single_post_gallery_size":"crop-500"}],"trending_post_position":"meta","trending_post_label":"Trending","sponsored_post_label":"Sponsored by","disable_ad":"0","subtitle":"Compitieron 40 conjuntos"},"jnews_primary_category":[],"jnews_social_meta":[],"jnews_override_counter":{"view_counter_number":"0","share_counter_number":"0","like_counter_number":"0","dislike_counter_number":"0"},"footnotes":""},"categories":[50],"tags":[25487,19021,19022,4185,83,8015],"class_list":["post-121925","post","type-post","status-publish","format-standard","has-post-thumbnail","hentry","category-coberturas","tag-desfile-inaugural-de-carnaval","tag-la-compania","tag-los-chobys","tag-patos-cabreros","tag-valores","tag-zingaros"],"yoast_head":"<!-- This site is optimized with the Yoast SEO plugin v27.5 - https:\/\/yoast.com\/product\/yoast-seo-wordpress\/ -->\n<title>Desfile Inaugural del Carnaval 2026 - Fallos - Cooltivarte Portal<\/title>\n<meta name=\"description\" content=\"Los Choby\u00b4s (Humoristas), Patos Cabreros (Murga), Z\u00edngaros (Parodistas), La Compa\u00f1ia (Revista) y Valores (Sociedad de Negros y Lubolos) son los conjuntos ganadores.\" \/>\n<meta name=\"robots\" content=\"index, follow, max-snippet:-1, max-image-preview:large, max-video-preview:-1\" \/>\n<link rel=\"canonical\" href=\"https:\/\/cooltivarte.com\/portal\/desfile-inaugural-del-carnaval-2026-fallos\/\" \/>\n<meta property=\"og:locale\" content=\"es_ES\" \/>\n<meta property=\"og:type\" content=\"article\" \/>\n<meta property=\"og:title\" content=\"Desfile Inaugural del Carnaval 2026 - Fallos - 22 Enero 2026 - Avenida 18 de Julio - Foto - Jonathan La Paz\" \/>\n<meta property=\"og:description\" content=\"Los Choby\u00b4s (Humoristas), Patos Cabreros (Murga), Z\u00edngaros (Parodistas), La Compa\u00f1ia (Revista) y Valores (Sociedad de Negros y Lubolos) son los conjuntos ganadores.\" \/>\n<meta property=\"og:url\" content=\"https:\/\/cooltivarte.com\/portal\/desfile-inaugural-del-carnaval-2026-fallos\/\" \/>\n<meta property=\"og:site_name\" content=\"Cooltivarte Portal\" \/>\n<meta property=\"article:publisher\" content=\"https:\/\/www.facebook.com\/cooltivartecom\/\" \/>\n<meta property=\"article:author\" content=\"https:\/\/www.facebook.com\/thisisjon9\" \/>\n<meta property=\"article:published_time\" content=\"2026-01-23T23:36:59+00:00\" \/>\n<meta property=\"article:modified_time\" content=\"2026-01-23T23:43:33+00:00\" \/>\n<meta property=\"og:image\" content=\"https:\/\/cooltivarte.com\/portal\/wp-content\/uploads\/2026\/01\/Desfile-Inaugural-del-Carnaval-2026-22-Enero-2026-Avenida-18-de-Julio-Foto-Jonathan-La-Paz.jpg\" \/>\n\t<meta property=\"og:image:width\" content=\"2048\" \/>\n\t<meta property=\"og:image:height\" content=\"1367\" \/>\n\t<meta property=\"og:image:type\" content=\"image\/jpeg\" \/>\n<meta name=\"author\" content=\"Jonathan La Paz\" \/>\n<meta name=\"twitter:card\" content=\"summary_large_image\" \/>\n<meta name=\"twitter:title\" content=\"Desfile Inaugural del Carnaval 2026 - Fallos - 22 Enero 2026 - Avenida 18 de Julio - Foto - Jonathan La Paz\" \/>\n<meta name=\"twitter:description\" content=\"Los Choby\u00b4s (Humoristas), Patos Cabreros (Murga), Z\u00edngaros (Parodistas), La Compa\u00f1ia (Revista) y Valores (Sociedad de Negros y Lubolos) son los conjuntos ganadores.\" \/>\n<meta name=\"twitter:image\" content=\"https:\/\/cooltivarte.com\/portal\/wp-content\/uploads\/2026\/01\/Desfile-Inaugural-del-Carnaval-2026-22-Enero-2026-Avenida-18-de-Julio-Foto-Jonathan-La-Paz.jpg\" \/>\n<meta name=\"twitter:creator\" content=\"@https:\/\/x.com\/obolocultural\" \/>\n<meta name=\"twitter:site\" content=\"@obolocultural\" \/>\n<meta name=\"twitter:label1\" content=\"Escrito por\" \/>\n\t<meta name=\"twitter:data1\" content=\"Jonathan La Paz\" \/>\n\t<meta name=\"twitter:label2\" content=\"Tiempo de lectura\" \/>\n\t<meta name=\"twitter:data2\" content=\"3 minutos\" \/>\n<!-- \/ Yoast SEO plugin. -->","yoast_head_json":{"title":"Desfile Inaugural del Carnaval 2026 - Fallos - Cooltivarte Portal","description":"Los Choby\u00b4s (Humoristas), Patos Cabreros (Murga), Z\u00edngaros (Parodistas), La Compa\u00f1ia (Revista) y Valores (Sociedad de Negros y Lubolos) son los conjuntos ganadores.","robots":{"index":"index","follow":"follow","max-snippet":"max-snippet:-1","max-image-preview":"max-image-preview:large","max-video-preview":"max-video-preview:-1"},"canonical":"https:\/\/cooltivarte.com\/portal\/desfile-inaugural-del-carnaval-2026-fallos\/","og_locale":"es_ES","og_type":"article","og_title":"Desfile Inaugural del Carnaval 2026 - Fallos - 22 Enero 2026 - Avenida 18 de Julio - Foto - Jonathan La Paz","og_description":"Los Choby\u00b4s (Humoristas), Patos Cabreros (Murga), Z\u00edngaros (Parodistas), La Compa\u00f1ia (Revista) y Valores (Sociedad de Negros y Lubolos) son los conjuntos ganadores.","og_url":"https:\/\/cooltivarte.com\/portal\/desfile-inaugural-del-carnaval-2026-fallos\/","og_site_name":"Cooltivarte Portal","article_publisher":"https:\/\/www.facebook.com\/cooltivartecom\/","article_author":"https:\/\/www.facebook.com\/thisisjon9","article_published_time":"2026-01-23T23:36:59+00:00","article_modified_time":"2026-01-23T23:43:33+00:00","og_image":[{"width":2048,"height":1367,"url":"https:\/\/cooltivarte.com\/portal\/wp-content\/uploads\/2026\/01\/Desfile-Inaugural-del-Carnaval-2026-22-Enero-2026-Avenida-18-de-Julio-Foto-Jonathan-La-Paz.jpg","type":"image\/jpeg"}],"author":"Jonathan La Paz","twitter_card":"summary_large_image","twitter_title":"Desfile Inaugural del Carnaval 2026 - Fallos - 22 Enero 2026 - Avenida 18 de Julio - Foto - Jonathan La Paz","twitter_description":"Los Choby\u00b4s (Humoristas), Patos Cabreros (Murga), Z\u00edngaros (Parodistas), La Compa\u00f1ia (Revista) y Valores (Sociedad de Negros y Lubolos) son los conjuntos ganadores.","twitter_image":"https:\/\/cooltivarte.com\/portal\/wp-content\/uploads\/2026\/01\/Desfile-Inaugural-del-Carnaval-2026-22-Enero-2026-Avenida-18-de-Julio-Foto-Jonathan-La-Paz.jpg","twitter_creator":"@https:\/\/x.com\/obolocultural","twitter_site":"@obolocultural","twitter_misc":{"Escrito por":"Jonathan La Paz","Tiempo de lectura":"3 minutos"},"schema":{"@context":"https:\/\/schema.org","@graph":[{"@type":"NewsArticle","@id":"https:\/\/cooltivarte.com\/portal\/desfile-inaugural-del-carnaval-2026-fallos\/#article","isPartOf":{"@id":"https:\/\/cooltivarte.com\/portal\/desfile-inaugural-del-carnaval-2026-fallos\/"},"author":{"name":"Jonathan La Paz","@id":"https:\/\/cooltivarte.com\/portal\/#\/schema\/person\/36d1c9291c39e18c78dc1a0fcbbf5b45"},"headline":"Desfile Inaugural del Carnaval 2026 &#8211; Fallos","datePublished":"2026-01-23T23:36:59+00:00","dateModified":"2026-01-23T23:43:33+00:00","mainEntityOfPage":{"@id":"https:\/\/cooltivarte.com\/portal\/desfile-inaugural-del-carnaval-2026-fallos\/"},"wordCount":450,"publisher":{"@id":"https:\/\/cooltivarte.com\/portal\/#organization"},"image":{"@id":"https:\/\/cooltivarte.com\/portal\/desfile-inaugural-del-carnaval-2026-fallos\/#primaryimage"},"thumbnailUrl":"https:\/\/cooltivarte.com\/portal\/wp-content\/uploads\/2026\/01\/Desfile-Inaugural-del-Carnaval-2026-22-Enero-2026-Avenida-18-de-Julio-Foto-Jonathan-La-Paz.jpg","keywords":["desfile inaugural de Carnaval","La Compa\u00f1\u00eda","Los Chobys","patos cabreros","valores","Z\u00edngaros"],"articleSection":["Coberturas"],"inLanguage":"es-AR"},{"@type":"WebPage","@id":"https:\/\/cooltivarte.com\/portal\/desfile-inaugural-del-carnaval-2026-fallos\/","url":"https:\/\/cooltivarte.com\/portal\/desfile-inaugural-del-carnaval-2026-fallos\/","name":"Desfile Inaugural del Carnaval 2026 - Fallos - Cooltivarte Portal","isPartOf":{"@id":"https:\/\/cooltivarte.com\/portal\/#website"},"primaryImageOfPage":{"@id":"https:\/\/cooltivarte.com\/portal\/desfile-inaugural-del-carnaval-2026-fallos\/#primaryimage"},"image":{"@id":"https:\/\/cooltivarte.com\/portal\/desfile-inaugural-del-carnaval-2026-fallos\/#primaryimage"},"thumbnailUrl":"https:\/\/cooltivarte.com\/portal\/wp-content\/uploads\/2026\/01\/Desfile-Inaugural-del-Carnaval-2026-22-Enero-2026-Avenida-18-de-Julio-Foto-Jonathan-La-Paz.jpg","datePublished":"2026-01-23T23:36:59+00:00","dateModified":"2026-01-23T23:43:33+00:00","description":"Los Choby\u00b4s (Humoristas), Patos Cabreros (Murga), Z\u00edngaros (Parodistas), La Compa\u00f1ia (Revista) y Valores (Sociedad de Negros y Lubolos) son los conjuntos ganadores.","breadcrumb":{"@id":"https:\/\/cooltivarte.com\/portal\/desfile-inaugural-del-carnaval-2026-fallos\/#breadcrumb"},"inLanguage":"es-AR","potentialAction":[{"@type":"ReadAction","target":["https:\/\/cooltivarte.com\/portal\/desfile-inaugural-del-carnaval-2026-fallos\/"]}]},{"@type":"ImageObject","inLanguage":"es-AR","@id":"https:\/\/cooltivarte.com\/portal\/desfile-inaugural-del-carnaval-2026-fallos\/#primaryimage","url":"https:\/\/cooltivarte.com\/portal\/wp-content\/uploads\/2026\/01\/Desfile-Inaugural-del-Carnaval-2026-22-Enero-2026-Avenida-18-de-Julio-Foto-Jonathan-La-Paz.jpg","contentUrl":"https:\/\/cooltivarte.com\/portal\/wp-content\/uploads\/2026\/01\/Desfile-Inaugural-del-Carnaval-2026-22-Enero-2026-Avenida-18-de-Julio-Foto-Jonathan-La-Paz.jpg","width":2048,"height":1367,"caption":"Desfile Inaugural del Carnaval 2026 - 22 Enero 2026 - Avenida 18 de Julio - Foto - Jonathan La Paz"},{"@type":"BreadcrumbList","@id":"https:\/\/cooltivarte.com\/portal\/desfile-inaugural-del-carnaval-2026-fallos\/#breadcrumb","itemListElement":[{"@type":"ListItem","position":1,"name":"Portada","item":"https:\/\/cooltivarte.com\/portal\/"},{"@type":"ListItem","position":2,"name":"Desfile Inaugural del Carnaval 2026 &#8211; Fallos"}]},{"@type":"WebSite","@id":"https:\/\/cooltivarte.com\/portal\/#website","url":"https:\/\/cooltivarte.com\/portal\/","name":"Cooltivarte Portal","description":"Arte, cultura y turismo para el mundo ...","publisher":{"@id":"https:\/\/cooltivarte.com\/portal\/#organization"},"potentialAction":[{"@type":"SearchAction","target":{"@type":"EntryPoint","urlTemplate":"https:\/\/cooltivarte.com\/portal\/?s={search_term_string}"},"query-input":{"@type":"PropertyValueSpecification","valueRequired":true,"valueName":"search_term_string"}}],"inLanguage":"es-AR"},{"@type":"Organization","@id":"https:\/\/cooltivarte.com\/portal\/#organization","name":"cooltivarte","url":"https:\/\/cooltivarte.com\/portal\/","logo":{"@type":"ImageObject","inLanguage":"es-AR","@id":"https:\/\/cooltivarte.com\/portal\/#\/schema\/logo\/image\/","url":"https:\/\/cooltivarte.com\/portal\/wp-content\/uploads\/2020\/04\/logo-cooltivarte-v2.png","contentUrl":"https:\/\/cooltivarte.com\/portal\/wp-content\/uploads\/2020\/04\/logo-cooltivarte-v2.png","width":851,"height":243,"caption":"cooltivarte"},"image":{"@id":"https:\/\/cooltivarte.com\/portal\/#\/schema\/logo\/image\/"},"sameAs":["https:\/\/www.facebook.com\/cooltivartecom\/","https:\/\/x.com\/obolocultural","https:\/\/www.instagram.com\/_cooltivarte_\/","https:\/\/www.linkedin.com\/company\/-bolocultural?reportsuccess=8zaNG1HwhPbAR9iQhZ5rfGeqz_vQFftHun0ZWU0Wy9vNemRJ8vtcKdJvzQfW8XagyOJSKg0XvfJ1dp","https:\/\/www.pinterest.com\/cooltivarte\/","https:\/\/cooltivarte.tumblr.com\/","https:\/\/www.tiktok.com\/@cooltivarte","https:\/\/www.youtube.com\/@PrensaCooltivarte"]},{"@type":"Person","@id":"https:\/\/cooltivarte.com\/portal\/#\/schema\/person\/36d1c9291c39e18c78dc1a0fcbbf5b45","name":"Jonathan La Paz","image":{"@type":"ImageObject","inLanguage":"es-AR","@id":"https:\/\/cooltivarte.com\/portal\/wp-content\/uploads\/2019\/11\/Jonathan-Gates-120x120.jpg","url":"https:\/\/cooltivarte.com\/portal\/wp-content\/uploads\/2019\/11\/Jonathan-Gates-120x120.jpg","contentUrl":"https:\/\/cooltivarte.com\/portal\/wp-content\/uploads\/2019\/11\/Jonathan-Gates-120x120.jpg","caption":"Jonathan La Paz"},"description":"Inspirado por grandes nombres de la fotograf\u00eda en conciertos como Adam Elmakias y Thomas Falcone. Este joven se mueve adentro del ambiente indie tratando de capturar momentos en peque\u00f1os y grandes escenarios, con dedicaci\u00f3n y pasi\u00f3n empieza su camino en el mundo de la fotograf\u00eda digital a mediados del 2019 y ya cuenta con mas de 25 coberturas realizadas entre fotos y audiovisuales. La pasi\u00f3n por la m\u00fasica nacional y la herencia creativa de sus padres le brindan una gran motivaci\u00f3n y inspiraci\u00f3n en el momento de realizar sus trabajos.","sameAs":["https:\/\/www.facebook.com\/thisisjon9","https:\/\/www.instagram.com\/jonathan.lapz\/","https:\/\/www.linkedin.com\/company\/-bolocultural","https:\/\/www.pinterest.com\/cooltivarte","https:\/\/x.com\/https:\/\/x.com\/obolocultural","https:\/\/www.youtube.com\/@PrensaCooltivarte","https:\/\/www.tumblr.com\/blog\/cooltivarte"],"url":"https:\/\/cooltivarte.com\/portal\/author\/jonathan-gates\/"}]}},"_links":{"self":[{"href":"https:\/\/cooltivarte.com\/portal\/wp-json\/wp\/v2\/posts\/121925","targetHints":{"allow":["GET"]}}],"collection":[{"href":"https:\/\/cooltivarte.com\/portal\/wp-json\/wp\/v2\/posts"}],"about":[{"href":"https:\/\/cooltivarte.com\/portal\/wp-json\/wp\/v2\/types\/post"}],"author":[{"embeddable":true,"href":"https:\/\/cooltivarte.com\/portal\/wp-json\/wp\/v2\/users\/158"}],"replies":[{"embeddable":true,"href":"https:\/\/cooltivarte.com\/portal\/wp-json\/wp\/v2\/comments?post=121925"}],"version-history":[{"count":3,"href":"https:\/\/cooltivarte.com\/portal\/wp-json\/wp\/v2\/posts\/121925\/revisions"}],"predecessor-version":[{"id":121929,"href":"https:\/\/cooltivarte.com\/portal\/wp-json\/wp\/v2\/posts\/121925\/revisions\/121929"}],"wp:featuredmedia":[{"embeddable":true,"href":"https:\/\/cooltivarte.com\/portal\/wp-json\/wp\/v2\/media\/121926"}],"wp:attachment":[{"href":"https:\/\/cooltivarte.com\/portal\/wp-json\/wp\/v2\/media?parent=121925"}],"wp:term":[{"taxonomy":"category","embeddable":true,"href":"https:\/\/cooltivarte.com\/portal\/wp-json\/wp\/v2\/categories?post=121925"},{"taxonomy":"post_tag","embeddable":true,"href":"https:\/\/cooltivarte.com\/portal\/wp-json\/wp\/v2\/tags?post=121925"}],"curies":[{"name":"wp","href":"https:\/\/api.w.org\/{rel}","templated":true}]}}