{"id":121920,"date":"2026-01-23T20:03:28","date_gmt":"2026-01-23T23:03:28","guid":{"rendered":"https:\/\/cooltivarte.com\/portal\/?p=121920"},"modified":"2026-01-23T20:10:30","modified_gmt":"2026-01-23T23:10:30","slug":"desfile-de-carnaval-2026","status":"publish","type":"post","link":"https:\/\/cooltivarte.com\/portal\/desfile-de-carnaval-2026\/","title":{"rendered":"Desfile de Carnaval 2026"},"content":{"rendered":"<figure id=\"attachment_121921\" aria-describedby=\"caption-attachment-121921\" style=\"width: 1024px\" class=\"wp-caption aligncenter\"><img fetchpriority=\"high\" decoding=\"async\" class=\"wp-image-121921 size-large\" title=\"Desfile Carnaval Montevideo - 22 Enero 2026 - Avenida 18 de Julio - Foto- Diego Castro Famea\" src=\"https:\/\/cooltivarte.com\/portal\/wp-content\/uploads\/2026\/01\/Desfile-Carnaval-Montevideo-22-Enero-2026-Avenida-18-de-Julio-Foto-Diego-Castro-Famea-1024x683.jpg\" alt=\"Desfile Carnaval Montevideo - 22 Enero 2026 - Avenida 18 de Julio - Foto- Diego Castro Famea\" width=\"1024\" height=\"683\" srcset=\"https:\/\/cooltivarte.com\/portal\/wp-content\/uploads\/2026\/01\/Desfile-Carnaval-Montevideo-22-Enero-2026-Avenida-18-de-Julio-Foto-Diego-Castro-Famea-1024x683.jpg 1024w, https:\/\/cooltivarte.com\/portal\/wp-content\/uploads\/2026\/01\/Desfile-Carnaval-Montevideo-22-Enero-2026-Avenida-18-de-Julio-Foto-Diego-Castro-Famea-300x200.jpg 300w, https:\/\/cooltivarte.com\/portal\/wp-content\/uploads\/2026\/01\/Desfile-Carnaval-Montevideo-22-Enero-2026-Avenida-18-de-Julio-Foto-Diego-Castro-Famea-768x512.jpg 768w, https:\/\/cooltivarte.com\/portal\/wp-content\/uploads\/2026\/01\/Desfile-Carnaval-Montevideo-22-Enero-2026-Avenida-18-de-Julio-Foto-Diego-Castro-Famea-1536x1024.jpg 1536w, https:\/\/cooltivarte.com\/portal\/wp-content\/uploads\/2026\/01\/Desfile-Carnaval-Montevideo-22-Enero-2026-Avenida-18-de-Julio-Foto-Diego-Castro-Famea.jpg 2048w\" sizes=\"(max-width: 1024px) 100vw, 1024px\" \/><figcaption id=\"caption-attachment-121921\" class=\"wp-caption-text\">Desfile Carnaval Montevideo &#8211; 22 Enero 2026 &#8211; Avenida 18 de Julio &#8211; Foto- Diego Castro Famea<\/figcaption><\/figure>\n<p>Comienzo tienen las cosas y el carnaval montevideano si bien hace rato que empez\u00f3 (prueba de admisi\u00f3n, carnaval de las promesas, murga joven), tiene un hito indiscutible hace m\u00e1s de 150 a\u00f1os: el desfile inaugural, que actualmente se realiza sobre la Avenida 18 de Julio entre Plaza Independencia y Plaza Libertad o Cagancha.&nbsp;<\/p>\n<div dir=\"auto\">Se trata de un evento importante en s\u00ed mismo, porque tiene su propio concurso con premios simb\u00f3licos y en met\u00e1lico. Adem\u00e1s, habilita a los conjuntos a participar del Concurso Oficial que comenzar\u00e1 el pr\u00f3ximo lunes 26 en el Teatro de Verano.&nbsp;<\/div>\n<div dir=\"auto\">&nbsp;<\/div>\n<div dir=\"auto\">Por \u00faltimo, marca el fin de los ensayos y festivales, y el inicio de las presentaciones en los tablados comerciales y populares.&nbsp;<\/div>\n<div dir=\"auto\">&nbsp;<\/div>\n<div dir=\"auto\">Este a\u00f1o el evento fue organizado por la Intendencia por una divisi\u00f3n de Festejos con autoridades renovadas, y con presupuesto de la anterior administraci\u00f3n.&nbsp;<\/div>\n<div dir=\"auto\">&nbsp;<\/div>\n<div dir=\"auto\">A su vez hubo much\u00edsimas formas de acceder a la transmisi\u00f3n audiovisual del desfile, tanto en tv abierta, paga y por las radios p\u00fablicas. Como considero que hay suficiente material audiovisual sobre el trayecto en s\u00ed y los conjuntos que desfilaron, eleg\u00ed este a\u00f1o centrarme en lo que sucede delante y detr\u00e1s de los palcos oficiales, colocados en Plaza Libertad.&nbsp;<\/div>\n<div dir=\"auto\">&nbsp;<\/div>\n<div dir=\"auto\">Se trata de 3 plateas a cada lado de la Avenida: sur y norte, que miran a la avenida pero con una ligera inclinaci\u00f3n hacia el escenario situado bajo la estatua de la Libertad, donde realizan una peque\u00f1a actuaci\u00f3n las murgas, antes de retirarse.&nbsp;<\/div>\n<div dir=\"auto\">&nbsp;<\/div>\n<div dir=\"auto\">Se considera que los otros conjuntos: comparsas de negros y lubolos, revistas, humoristas y parodistas, pueden hacer muestra de su canto y baile durante el desfile; no as\u00ed las murgas, que necesitan detenerse a cantar ante la amplificaci\u00f3n.&nbsp;<\/div>\n<div dir=\"auto\">&nbsp;<\/div>\n<div dir=\"auto\">Entonces esos palcos estaban llenos anoche, realmente. Incluso demasiado llenos, porque por alg\u00fan motivo hab\u00eda m\u00e1s en el lado sur y el personal de la intendencia debi\u00f3 hacer varios trasvases de gente hacia el norte, tomando medidas de seguridad para hacer el cruce por detr\u00e1s del escenario. Aparentemente si bien los menores de edad no son contabilizados a los efectos de los asientos, si un mayor lleva varios ni\u00f1os, en alg\u00fan lugar se deben instalar, y eso motiv\u00f3 la falta de localidades en el sector sur.&nbsp;<\/div>\n<div dir=\"auto\">&nbsp;<\/div>\n<div dir=\"auto\">Generalmente en el norte est\u00e1n invitadas autoridades nacionales y departamentales (que se aseguran salir en c\u00e1mara). En el sur van ediles y concejales. En ambos sectores se instalan organizaciones relacionadas con el carnaval y tambi\u00e9n los favorecidos en distintos sorteos.&nbsp;<\/div>\n<div dir=\"auto\">&nbsp;<\/div>\n<div dir=\"auto\">El acceso a los palcos es restringido pero no s\u00f3lo van espectadores: en los costados, abajo y detr\u00e1s se encuentran cientos de personas desempe\u00f1ando m\u00faltiples tareas, logrando vislumbrar el desfile en peque\u00f1os momentos puntuales.&nbsp;<\/div>\n<div dir=\"auto\">&nbsp;<\/div>\n<div dir=\"auto\">Adem\u00e1s del presidente del jurado Fabi\u00e1n Cardozo y el responsable de la gerencia de Festejos y Espect\u00e1culos Eduardo Rabelino, que se les ve\u00eda muy activos en todo momento; hab\u00eda funcionarios&nbsp;identificados en distintas \u00e1reas: festejos, iluminaci\u00f3n, ambiente; pero tambi\u00e9n de limpieza, de armado de las estructuras, de los distintos canales de tv en vivo (mucha gente con auriculares y micr\u00f3fonos, todos muy ocupados) como ser camar\u00f3grafos, productores, presentadores, comentaristas, steadicams, gente que maneja los cables, las gr\u00faas, los monitores y retornos, etc. Cientos de fot\u00f3grafos tratando de hacer su trabajo en el limitado espacio iluminado (este a\u00f1o fue bueno en decoraci\u00f3n, pero magro en iluminaci\u00f3n, fuera de donde estaba la televisi\u00f3n). Personal de seguridad y tambi\u00e9n polic\u00edas.&nbsp;<\/div>\n<div dir=\"auto\">&nbsp;<\/div>\n<div dir=\"auto\">M\u00e1s lejos camionetas con monitores, que se encargan de la transmisi\u00f3n en vivo, soportados por generadores de electricidad.&nbsp;<\/div>\n<div dir=\"auto\">&nbsp;<\/div>\n<div dir=\"auto\">Los ba\u00f1os qu\u00edmicos son atendidos con diligencia y profesionalismo por dos se\u00f1oras muy detallistas que son hist\u00f3ricas del desfile, y no dejan que se armen filas, todo fluye con rapidez.&nbsp;<\/div>\n<div dir=\"auto\">&nbsp;<\/div>\n<div dir=\"auto\">Varios stands: el punto violeta para asesoramiento sobre violencia de g\u00e9nero, pero luego otros que quiz\u00e1s no todos esperaban: Coca Cola con suministro gratis de vasos con refresco y supermercados Ta-Ta regalando pop dulce y globos con mucha simpat\u00eda.&nbsp;<\/div>\n<div dir=\"auto\">&nbsp;<\/div>\n<div dir=\"auto\">Pop que la gente disfrutaba pero debo decir que al ser gratis, algunos no se preocupaban de que se cayera al piso, por lo cual hab\u00eda una respetable alfombra de la golosina sobre la acera, o te pod\u00eda caer una lluvia en la cabeza si pasabas por debajo de la platea.&nbsp;<\/div>\n<div dir=\"auto\">&nbsp;<\/div>\n<div dir=\"auto\">Ante esto una cuadrilla de limpiadoras se pasaba barriendo y recogiendo por entre los andamios, sin pausa.&nbsp;<\/div>\n<div dir=\"auto\">Otras opciones comerciales: carrito de chorizos y hamburguesas, y vendedores de burbujeros y dem\u00e1s entretenimiento para ni\u00f1os. Tambi\u00e9n alguien maquillaba en el momento.&nbsp;<\/div>\n<div dir=\"auto\">&nbsp;<\/div>\n<div dir=\"auto\">Los gurises sin embargo si no estaban viendo el desfile, se entreten\u00edan mayormente recogiendo, valorando e intercambiando (cual figuritas) los papelitos de brillantes colores que tiran los distintos conjuntos a su paso. Los m\u00e1s valorados: los brillantes y tornasolados. Si bien al principio los levantaban del suelo a su alrededor, luego inventaban todo tipo de mecanismos para acceder al otro lado de la valla: soplar, hacer viento para que \u201cvuelen\u201d o meter manitos y palitos por debajo del vallado, con el consiguiente peligro de que alguien sin querer los pisara.<\/div>\n<div dir=\"auto\">&nbsp;<\/div>\n<div dir=\"auto\">Llegaron al atrevimiento de pedir a alg\u00fan funcionario que le arrimara \u201caquel que brilla\u201d y debo decir que todos fueron muy amables, quiz\u00e1s recordando la ilusi\u00f3n que ellos mismos sent\u00edan de chicos. Ya promediando el desfile, y ante un bache luego de las revistas (de m\u00e1s de 5 minutos), varios&nbsp;se animaron a saltar al otro lado, a la calle hasta que sus referentes adultos les hicieron volver con premura, con un tesoro en las manos. Debo decir que durante toda la noche vi muchos ni\u00f1os chicos corriendo solos por todos lados, y sin embargo hab\u00eda un manto de cuidado en general, que hizo que no hubiera ning\u00fan percance al respecto.&nbsp;<\/div>\n<div dir=\"auto\">&nbsp;<\/div>\n<div dir=\"auto\">Realmente los palcos oficiales estuvieron llenos pr\u00e1cticamente todo el tiempo, muchas familias, mucha gurisada y tambi\u00e9n gente joven. En la medida que alguna persona&nbsp;se retiraba, su lugar era ocupado de inmediato.&nbsp;<\/div>\n<div dir=\"auto\">&nbsp;<\/div>\n<div dir=\"auto\">No as\u00ed las sillas que acompa\u00f1an todo el trayecto del desfile: tres filas de sillas de pl\u00e1stico blancas, muy juntas entre s\u00ed, de muy dif\u00edcil e inc\u00f3modo acceso habitualmente, y este a\u00f1o no s\u00f3lo fueron muy caras sino que las pusieron a la venta en Abitab reci\u00e9n el martes de tarde. Una demora inexplicable, siendo que hace meses se sabe la fecha.&nbsp;<\/div>\n<div dir=\"auto\">&nbsp;<\/div>\n<div dir=\"auto\">En definitiva, estimo que se vendi\u00f3 un tercio de las sillas, y sin embargo detr\u00e1s de ellas se acumulaba la gente, para ver de parado y gratis. Un triste espect\u00e1culo para los conjuntos, desfilar ante tan magro p\u00fablico, y en definitiva el m\u00e1s entusiasta, bastante lejos.&nbsp;<\/div>\n<div dir=\"auto\">&nbsp;<\/div>\n<div dir=\"auto\">Otro factor que quiz\u00e1s hizo que al final del desfile los parodistas desfilaran pr\u00e1cticamente solos, fue que era tarde y jueves. Si bien el desfile comenz\u00f3 a las 19.30, la gran cantidad de participantes fuera de concurso hicieron que reci\u00e9n a las 21 comenzara realmente el concurso. Los ni\u00f1os se duermen, la gente tiene que trabajar al otro d\u00eda y la locomoci\u00f3n no me consta que est\u00e9 reforzada para movilizar a la gente que all\u00ed se encuentra. Son factores a tomar en cuenta a la hora de retirarse.&nbsp;<\/div>\n<div dir=\"auto\">&nbsp;<\/div>\n<div dir=\"auto\">Sin embargo, una sorpresa esperaba a los conjuntos luego de atravesar la plaza y salir del resplandor de los reflectores: 2 cuadras de vallado, absolutamente colmadas de gente esperando para ver a los conjuntos. Pr\u00e1cticamente a oscuras, los v\u00edtores y aplausos acompa\u00f1an a los componentes que cansados luego de darlo todo (y realmente es incre\u00edble el nivel de energ\u00eda que dejan en el desfile) se encontraron con el verdadero p\u00fablico, el que hace horas espera, inc\u00f3modo pero feliz de que comience el carnaval m\u00e1s largo del mundo.&nbsp;<\/div>\n<div dir=\"auto\">&nbsp;<\/div>\n<div dir=\"auto\">Creo que puede ser un buen recordatorio a los carnavaleros, de cu\u00e1l es el prop\u00f3sito real de la fiesta: alegrar, re\u00edr, conmover, hacer olvidar por un rato las penas, y convertirnos en una comunidad m\u00e1s amable los unos con los otros.&nbsp;<\/div>\n<div dir=\"auto\">&nbsp;<\/div>\n<div dir=\"auto\">Sal\u00fa carnaval.&nbsp;<\/div>\n<div dir=\"auto\">&nbsp;<\/div>\n<p>&nbsp;<\/p>\n<h3>&nbsp;<a href=\"https:\/\/www.facebook.com\/media\/set\/?set=a.1430598419104013&amp;type=3\" target=\"_blank\" rel=\"noopener\">Ir a la fotogaler\u00eda<\/a><\/h3>\n<p><iframe style=\"border: none; overflow: hidden;\" src=\"https:\/\/www.facebook.com\/plugins\/post.php?href=https%3A%2F%2Fwww.facebook.com%2Fmedia%2Fset%2F%3Fset%3Da.1430598419104013%26type%3D3&amp;width=100%\" width=\"100%\" height=\"669\" frameborder=\"0\" scrolling=\"no\"><\/iframe><br \/>\n&nbsp;<\/p>\n<div dir=\"auto\">&nbsp;<\/div>\n<blockquote class=\"instagram-media\" style=\"background: #FFF; border: 0; border-radius: 3px; box-shadow: 0 0 1px 0 rgba(0,0,0,0.5),0 1px 10px 0 rgba(0,0,0,0.15); margin: 1px; max-width: 540px; min-width: 326px; padding: 0; width: calc(100% - 2px);\" data-instgrm-captioned=\"\" data-instgrm-permalink=\"https:\/\/www.instagram.com\/p\/DT3wISRDv5c\/?utm_source=ig_embed&amp;utm_campaign=loading\" data-instgrm-version=\"14\">\n<div style=\"padding: 16px;\">\n<p>&nbsp;<\/p>\n<div style=\"display: flex; flex-direction: row; align-items: center;\">\n<div style=\"background-color: #f4f4f4; border-radius: 50%; flex-grow: 0; height: 40px; margin-right: 14px; width: 40px;\">&nbsp;<\/div>\n<div style=\"display: flex; flex-direction: column; flex-grow: 1; justify-content: center;\">\n<div style=\"background-color: #f4f4f4; border-radius: 4px; flex-grow: 0; height: 14px; margin-bottom: 6px; width: 100px;\">&nbsp;<\/div>\n<div style=\"background-color: #f4f4f4; border-radius: 4px; flex-grow: 0; height: 14px; width: 60px;\">&nbsp;<\/div>\n<\/div>\n<\/div>\n<div style=\"padding: 19% 0;\">&nbsp;<\/div>\n<div style=\"display: block; height: 50px; margin: 0 auto 12px; width: 50px;\">&nbsp;<\/div>\n<div style=\"padding-top: 8px;\">\n<div style=\"color: #3897f0; font-family: Arial,sans-serif; font-size: 14px; font-style: normal; font-weight: 550; line-height: 18px;\">Ver esta publicaci\u00f3n en Instagram<\/div>\n<\/div>\n<div style=\"padding: 12.5% 0;\">&nbsp;<\/div>\n<div style=\"display: flex; flex-direction: row; margin-bottom: 14px; align-items: center;\">\n<div>\n<div style=\"background-color: #f4f4f4; border-radius: 50%; height: 12.5px; width: 12.5px; transform: translateX(0px) translateY(7px);\">&nbsp;<\/div>\n<div style=\"background-color: #f4f4f4; height: 12.5px; transform: rotate(-45deg) translateX(3px) translateY(1px); width: 12.5px; flex-grow: 0; margin-right: 14px; margin-left: 2px;\">&nbsp;<\/div>\n<div style=\"background-color: #f4f4f4; border-radius: 50%; height: 12.5px; width: 12.5px; transform: translateX(9px) translateY(-18px);\">&nbsp;<\/div>\n<\/div>\n<div style=\"margin-left: 8px;\">\n<div style=\"background-color: #f4f4f4; border-radius: 50%; flex-grow: 0; height: 20px; width: 20px;\">&nbsp;<\/div>\n<div style=\"width: 0; height: 0; border-top: 2px solid transparent; border-left: 6px solid #f4f4f4; border-bottom: 2px solid transparent; transform: translateX(16px) translateY(-4px) rotate(30deg);\">&nbsp;<\/div>\n<\/div>\n<div style=\"margin-left: auto;\">\n<div style=\"width: 0px; border-top: 8px solid #F4F4F4; border-right: 8px solid transparent; transform: translateY(16px);\">&nbsp;<\/div>\n<div style=\"background-color: #f4f4f4; flex-grow: 0; height: 12px; width: 16px; transform: translateY(-4px);\">&nbsp;<\/div>\n<div style=\"width: 0; height: 0; border-top: 8px solid #F4F4F4; border-left: 8px solid transparent; transform: translateY(-4px) translateX(8px);\">&nbsp;<\/div>\n<\/div>\n<\/div>\n<div style=\"display: flex; flex-direction: column; flex-grow: 1; justify-content: center; margin-bottom: 24px;\">\n<div style=\"background-color: #f4f4f4; border-radius: 4px; flex-grow: 0; height: 14px; margin-bottom: 6px; width: 224px;\">&nbsp;<\/div>\n<div style=\"background-color: #f4f4f4; border-radius: 4px; flex-grow: 0; height: 14px; width: 144px;\">&nbsp;<\/div>\n<\/div>\n<p>&nbsp;<\/p>\n<p style=\"color: #c9c8cd; font-family: Arial,sans-serif; font-size: 14px; line-height: 17px; margin-bottom: 0; margin-top: 8px; overflow: hidden; padding: 8px 0 7px; text-align: center; text-overflow: ellipsis; white-space: nowrap;\"><a style=\"color: #c9c8cd; font-family: Arial,sans-serif; font-size: 14px; font-style: normal; font-weight: normal; line-height: 17px; text-decoration: none;\" href=\"https:\/\/www.instagram.com\/p\/DT3wISRDv5c\/?utm_source=ig_embed&amp;utm_campaign=loading\" target=\"_blank\" rel=\"noopener\">Una publicaci\u00f3n compartida por cooltivarte.com (@_cooltivarte_)<\/a><\/p>\n<\/div>\n<\/blockquote>\n<p><script async=\"\" src=\"\/\/www.instagram.com\/embed.js\"><\/script><\/p>\n<div dir=\"auto\">&nbsp;<\/div>\n","protected":false},"excerpt":{"rendered":"<p>Comienzo tienen las cosas y el carnaval montevideano si bien hace rato que empez\u00f3 (prueba de admisi\u00f3n, carnaval de las promesas, murga joven), tiene un hito indiscutible hace m\u00e1s de 150 a\u00f1os: el desfile inaugural, que actualmente se realiza sobre la Avenida 18 de Julio entre Plaza Independencia y Plaza Libertad o Cagancha.\u00a0<\/p>\n<p>Se trata de un evento importante en s\u00ed mismo, porque tiene su propio concurso con premios simb\u00f3licos y en met\u00e1lico. Adem\u00e1s, habilita a los conjuntos a participar del Concurso Oficial que comenzar\u00e1 el pr\u00f3ximo lunes 26 en el Teatro de Verano.\u00a0<\/p>\n<p>Por \u00faltimo, marca el fin de los ensayos y festivales, y el inicio de las presentaciones en los tablados comerciales y populares.\u00a0<\/p>\n<p>Este a\u00f1o el evento fue organizado por la Intendencia por una divisi\u00f3n de Festejos con autoridades renovadas, y con presupuesto de la anterior administraci\u00f3n.\u00a0<\/p>\n","protected":false},"author":221,"featured_media":121921,"comment_status":"closed","ping_status":"closed","sticky":false,"template":"","format":"standard","meta":{"om_disable_all_campaigns":false,"ngg_post_thumbnail":0,"jnews-multi-image_gallery":[],"jnews_single_post":{"subtitle":"Avenida 18 de Julio entre Plaza Independencia y Plaza Libertad o Cagancha","format":"standard","override":[{"template":"4","parallax":"1","layout":"right-sidebar","sidebar":"default-sidebar","second_sidebar":"default-sidebar","sticky_sidebar":"1","share_position":"bottom","share_float_style":"share-monocrhome","show_share_counter":"1","show_view_counter":"1","show_featured":"1","show_post_meta":"1","show_post_author":"1","show_post_author_image":"1","show_post_date":"1","post_date_format":"default","post_date_format_custom":"Y\/m\/d","show_post_category":"1","post_reading_time_wpm":"300","post_calculate_word_method":"str_word_count","zoom_button_out_step":"2","zoom_button_in_step":"3","show_post_tag":"1","show_prev_next_post":"1","show_popup_post":"1","show_comment_section":"1","number_popup_post":"1","show_author_box":"1","show_post_related":"0","show_inline_post_related":"0"}],"image_override":[{"single_post_thumbnail_size":"no-crop","single_post_gallery_size":"crop-500"}],"trending_post_position":"meta","trending_post_label":"Trending","sponsored_post_label":"Sponsored by","disable_ad":"0"},"jnews_primary_category":[],"jnews_social_meta":[],"jnews_override_counter":{"view_counter_number":"0","share_counter_number":"0","like_counter_number":"0","dislike_counter_number":"0"},"footnotes":""},"categories":[50],"tags":[25486,4165,25485,1902,1901,1898,10696],"class_list":["post-121920","post","type-post","status-publish","format-standard","has-post-thumbnail","hentry","category-coberturas","tag-carnavaleros","tag-comparsas","tag-desfile-de-carnaval-2026","tag-humoristas","tag-negros-y-lubolos","tag-parodistas","tag-revistas"],"yoast_head":"<!-- This site is optimized with the Yoast SEO plugin v27.5 - https:\/\/yoast.com\/product\/yoast-seo-wordpress\/ -->\n<title>Desfile de Carnaval 2026 - Cooltivarte Portal<\/title>\n<meta name=\"description\" content=\"Se considera que los otros conjuntos: comparsas de negros y lubolos, revistas, humoristas y parodistas, pueden hacer muestra de su canto y baile durante el desfile; no as\u00ed las murgas, que necesitan detenerse a cantar ante la amplificaci\u00f3n.\u00a0\" \/>\n<meta name=\"robots\" content=\"index, follow, max-snippet:-1, max-image-preview:large, max-video-preview:-1\" \/>\n<link rel=\"canonical\" href=\"https:\/\/cooltivarte.com\/portal\/desfile-de-carnaval-2026\/\" \/>\n<meta property=\"og:locale\" content=\"es_ES\" \/>\n<meta property=\"og:type\" content=\"article\" \/>\n<meta property=\"og:title\" content=\"Desfile de Carnaval 2026 by Mar\u00eda Jos\u00e9 Pieri - Foto Diego Castro Famea\" \/>\n<meta property=\"og:description\" content=\"Se considera que los otros conjuntos: comparsas de negros y lubolos, revistas, humoristas y parodistas, pueden hacer muestra de su canto y baile durante el desfile; no as\u00ed las murgas, que necesitan detenerse a cantar ante la amplificaci\u00f3n.\u00a0\" \/>\n<meta property=\"og:url\" content=\"https:\/\/cooltivarte.com\/portal\/desfile-de-carnaval-2026\/\" \/>\n<meta property=\"og:site_name\" content=\"Cooltivarte Portal\" \/>\n<meta property=\"article:publisher\" content=\"https:\/\/www.facebook.com\/cooltivartecom\/\" \/>\n<meta property=\"article:author\" content=\"https:\/\/www.facebook.com\/maria.jose.pieri\" \/>\n<meta property=\"article:published_time\" content=\"2026-01-23T23:03:28+00:00\" \/>\n<meta property=\"article:modified_time\" content=\"2026-01-23T23:10:30+00:00\" \/>\n<meta property=\"og:image\" content=\"https:\/\/cooltivarte.com\/portal\/wp-content\/uploads\/2026\/01\/Desfile-Carnaval-Montevideo-22-Enero-2026-Avenida-18-de-Julio-Foto-Diego-Castro-Famea.jpg\" \/>\n\t<meta property=\"og:image:width\" content=\"2048\" \/>\n\t<meta property=\"og:image:height\" content=\"1365\" \/>\n\t<meta property=\"og:image:type\" content=\"image\/jpeg\" \/>\n<meta name=\"author\" content=\"Mar\u00eda Jos\u00e9 Pieri\" \/>\n<meta name=\"twitter:card\" content=\"summary_large_image\" \/>\n<meta name=\"twitter:title\" content=\"Desfile de Carnaval 2026 by Mar\u00eda Jos\u00e9 Pieri - Foto Diego Castro Famea\" \/>\n<meta name=\"twitter:description\" content=\"Se considera que los otros conjuntos: comparsas de negros y lubolos, revistas, humoristas y parodistas, pueden hacer muestra de su canto y baile durante el desfile; no as\u00ed las murgas, que necesitan detenerse a cantar ante la amplificaci\u00f3n.\u00a0\" \/>\n<meta name=\"twitter:image\" content=\"https:\/\/cooltivarte.com\/portal\/wp-content\/uploads\/2026\/01\/Desfile-Carnaval-Montevideo-22-Enero-2026-Avenida-18-de-Julio-Foto-Diego-Castro-Famea.jpg\" \/>\n<meta name=\"twitter:creator\" content=\"@https:\/\/x.com\/majo70\" \/>\n<meta name=\"twitter:site\" content=\"@obolocultural\" \/>\n<meta name=\"twitter:label1\" content=\"Escrito por\" \/>\n\t<meta name=\"twitter:data1\" content=\"Mar\u00eda Jos\u00e9 Pieri\" \/>\n\t<meta name=\"twitter:label2\" content=\"Tiempo de lectura\" \/>\n\t<meta name=\"twitter:data2\" content=\"7 minutos\" \/>\n<!-- \/ Yoast SEO plugin. -->","yoast_head_json":{"title":"Desfile de Carnaval 2026 - Cooltivarte Portal","description":"Se considera que los otros conjuntos: comparsas de negros y lubolos, revistas, humoristas y parodistas, pueden hacer muestra de su canto y baile durante el desfile; no as\u00ed las murgas, que necesitan detenerse a cantar ante la amplificaci\u00f3n.\u00a0","robots":{"index":"index","follow":"follow","max-snippet":"max-snippet:-1","max-image-preview":"max-image-preview:large","max-video-preview":"max-video-preview:-1"},"canonical":"https:\/\/cooltivarte.com\/portal\/desfile-de-carnaval-2026\/","og_locale":"es_ES","og_type":"article","og_title":"Desfile de Carnaval 2026 by Mar\u00eda Jos\u00e9 Pieri - Foto Diego Castro Famea","og_description":"Se considera que los otros conjuntos: comparsas de negros y lubolos, revistas, humoristas y parodistas, pueden hacer muestra de su canto y baile durante el desfile; no as\u00ed las murgas, que necesitan detenerse a cantar ante la amplificaci\u00f3n.\u00a0","og_url":"https:\/\/cooltivarte.com\/portal\/desfile-de-carnaval-2026\/","og_site_name":"Cooltivarte Portal","article_publisher":"https:\/\/www.facebook.com\/cooltivartecom\/","article_author":"https:\/\/www.facebook.com\/maria.jose.pieri","article_published_time":"2026-01-23T23:03:28+00:00","article_modified_time":"2026-01-23T23:10:30+00:00","og_image":[{"width":2048,"height":1365,"url":"https:\/\/cooltivarte.com\/portal\/wp-content\/uploads\/2026\/01\/Desfile-Carnaval-Montevideo-22-Enero-2026-Avenida-18-de-Julio-Foto-Diego-Castro-Famea.jpg","type":"image\/jpeg"}],"author":"Mar\u00eda Jos\u00e9 Pieri","twitter_card":"summary_large_image","twitter_title":"Desfile de Carnaval 2026 by Mar\u00eda Jos\u00e9 Pieri - Foto Diego Castro Famea","twitter_description":"Se considera que los otros conjuntos: comparsas de negros y lubolos, revistas, humoristas y parodistas, pueden hacer muestra de su canto y baile durante el desfile; no as\u00ed las murgas, que necesitan detenerse a cantar ante la amplificaci\u00f3n.\u00a0","twitter_image":"https:\/\/cooltivarte.com\/portal\/wp-content\/uploads\/2026\/01\/Desfile-Carnaval-Montevideo-22-Enero-2026-Avenida-18-de-Julio-Foto-Diego-Castro-Famea.jpg","twitter_creator":"@https:\/\/x.com\/majo70","twitter_site":"@obolocultural","twitter_misc":{"Escrito por":"Mar\u00eda Jos\u00e9 Pieri","Tiempo de lectura":"7 minutos"},"schema":{"@context":"https:\/\/schema.org","@graph":[{"@type":"NewsArticle","@id":"https:\/\/cooltivarte.com\/portal\/desfile-de-carnaval-2026\/#article","isPartOf":{"@id":"https:\/\/cooltivarte.com\/portal\/desfile-de-carnaval-2026\/"},"author":{"name":"Mar\u00eda Jos\u00e9 Pieri","@id":"https:\/\/cooltivarte.com\/portal\/#\/schema\/person\/06ef0e0148e87cc17ab57dd1c0ecab47"},"headline":"Desfile de Carnaval 2026","datePublished":"2026-01-23T23:03:28+00:00","dateModified":"2026-01-23T23:10:30+00:00","mainEntityOfPage":{"@id":"https:\/\/cooltivarte.com\/portal\/desfile-de-carnaval-2026\/"},"wordCount":1511,"publisher":{"@id":"https:\/\/cooltivarte.com\/portal\/#organization"},"image":{"@id":"https:\/\/cooltivarte.com\/portal\/desfile-de-carnaval-2026\/#primaryimage"},"thumbnailUrl":"https:\/\/cooltivarte.com\/portal\/wp-content\/uploads\/2026\/01\/Desfile-Carnaval-Montevideo-22-Enero-2026-Avenida-18-de-Julio-Foto-Diego-Castro-Famea.jpg","keywords":["carnavaleros","comparsas","Desfile de Carnaval 2026","Humoristas","Negros y Lubolos","parodistas","revistas"],"articleSection":["Coberturas"],"inLanguage":"es-AR"},{"@type":"WebPage","@id":"https:\/\/cooltivarte.com\/portal\/desfile-de-carnaval-2026\/","url":"https:\/\/cooltivarte.com\/portal\/desfile-de-carnaval-2026\/","name":"Desfile de Carnaval 2026 - Cooltivarte Portal","isPartOf":{"@id":"https:\/\/cooltivarte.com\/portal\/#website"},"primaryImageOfPage":{"@id":"https:\/\/cooltivarte.com\/portal\/desfile-de-carnaval-2026\/#primaryimage"},"image":{"@id":"https:\/\/cooltivarte.com\/portal\/desfile-de-carnaval-2026\/#primaryimage"},"thumbnailUrl":"https:\/\/cooltivarte.com\/portal\/wp-content\/uploads\/2026\/01\/Desfile-Carnaval-Montevideo-22-Enero-2026-Avenida-18-de-Julio-Foto-Diego-Castro-Famea.jpg","datePublished":"2026-01-23T23:03:28+00:00","dateModified":"2026-01-23T23:10:30+00:00","description":"Se considera que los otros conjuntos: comparsas de negros y lubolos, revistas, humoristas y parodistas, pueden hacer muestra de su canto y baile durante el desfile; no as\u00ed las murgas, que necesitan detenerse a cantar ante la amplificaci\u00f3n.\u00a0","breadcrumb":{"@id":"https:\/\/cooltivarte.com\/portal\/desfile-de-carnaval-2026\/#breadcrumb"},"inLanguage":"es-AR","potentialAction":[{"@type":"ReadAction","target":["https:\/\/cooltivarte.com\/portal\/desfile-de-carnaval-2026\/"]}]},{"@type":"ImageObject","inLanguage":"es-AR","@id":"https:\/\/cooltivarte.com\/portal\/desfile-de-carnaval-2026\/#primaryimage","url":"https:\/\/cooltivarte.com\/portal\/wp-content\/uploads\/2026\/01\/Desfile-Carnaval-Montevideo-22-Enero-2026-Avenida-18-de-Julio-Foto-Diego-Castro-Famea.jpg","contentUrl":"https:\/\/cooltivarte.com\/portal\/wp-content\/uploads\/2026\/01\/Desfile-Carnaval-Montevideo-22-Enero-2026-Avenida-18-de-Julio-Foto-Diego-Castro-Famea.jpg","width":2048,"height":1365,"caption":"Desfile Carnaval Montevideo - 22 Enero 2026 - Avenida 18 de Julio - Foto- Diego Castro Famea"},{"@type":"BreadcrumbList","@id":"https:\/\/cooltivarte.com\/portal\/desfile-de-carnaval-2026\/#breadcrumb","itemListElement":[{"@type":"ListItem","position":1,"name":"Portada","item":"https:\/\/cooltivarte.com\/portal\/"},{"@type":"ListItem","position":2,"name":"Desfile de Carnaval 2026"}]},{"@type":"WebSite","@id":"https:\/\/cooltivarte.com\/portal\/#website","url":"https:\/\/cooltivarte.com\/portal\/","name":"Cooltivarte Portal","description":"Arte, cultura y turismo para el mundo ...","publisher":{"@id":"https:\/\/cooltivarte.com\/portal\/#organization"},"potentialAction":[{"@type":"SearchAction","target":{"@type":"EntryPoint","urlTemplate":"https:\/\/cooltivarte.com\/portal\/?s={search_term_string}"},"query-input":{"@type":"PropertyValueSpecification","valueRequired":true,"valueName":"search_term_string"}}],"inLanguage":"es-AR"},{"@type":"Organization","@id":"https:\/\/cooltivarte.com\/portal\/#organization","name":"cooltivarte","url":"https:\/\/cooltivarte.com\/portal\/","logo":{"@type":"ImageObject","inLanguage":"es-AR","@id":"https:\/\/cooltivarte.com\/portal\/#\/schema\/logo\/image\/","url":"https:\/\/cooltivarte.com\/portal\/wp-content\/uploads\/2020\/04\/logo-cooltivarte-v2.png","contentUrl":"https:\/\/cooltivarte.com\/portal\/wp-content\/uploads\/2020\/04\/logo-cooltivarte-v2.png","width":851,"height":243,"caption":"cooltivarte"},"image":{"@id":"https:\/\/cooltivarte.com\/portal\/#\/schema\/logo\/image\/"},"sameAs":["https:\/\/www.facebook.com\/cooltivartecom\/","https:\/\/x.com\/obolocultural","https:\/\/www.instagram.com\/_cooltivarte_\/","https:\/\/www.linkedin.com\/company\/-bolocultural?reportsuccess=8zaNG1HwhPbAR9iQhZ5rfGeqz_vQFftHun0ZWU0Wy9vNemRJ8vtcKdJvzQfW8XagyOJSKg0XvfJ1dp","https:\/\/www.pinterest.com\/cooltivarte\/","https:\/\/cooltivarte.tumblr.com\/","https:\/\/www.tiktok.com\/@cooltivarte","https:\/\/www.youtube.com\/@PrensaCooltivarte"]},{"@type":"Person","@id":"https:\/\/cooltivarte.com\/portal\/#\/schema\/person\/06ef0e0148e87cc17ab57dd1c0ecab47","name":"Mar\u00eda Jos\u00e9 Pieri","image":{"@type":"ImageObject","inLanguage":"es-AR","@id":"https:\/\/cooltivarte.com\/portal\/wp-content\/uploads\/2024\/07\/Majo-Pieri-120x120.jpeg","url":"https:\/\/cooltivarte.com\/portal\/wp-content\/uploads\/2024\/07\/Majo-Pieri-120x120.jpeg","contentUrl":"https:\/\/cooltivarte.com\/portal\/wp-content\/uploads\/2024\/07\/Majo-Pieri-120x120.jpeg","caption":"Mar\u00eda Jos\u00e9 Pieri"},"description":"UDELAR, CIENCIAS DE LA COMUNICACI\u00d3N Mujer y madre de adolescente, descubr\u00ed hace a\u00f1os el mundo de la producci\u00f3n teatral, en b\u00fasqueda de profundizar en conocimientos y herramientas para poder desarrollar m\u00e1s esa veta en presente y futuro.","sameAs":["https:\/\/cooltivarte.com\/portal\/author\/maria-jose-pieri\/","https:\/\/www.facebook.com\/maria.jose.pieri","https:\/\/www.instagram.com\/majo_p970\/","https:\/\/www.linkedin.com\/in\/maria-jose-pieri-5939a921\/","https:\/\/www.pinterest.com\/cooltivarte","https:\/\/x.com\/https:\/\/x.com\/majo70","https:\/\/www.youtube.com\/@PrensaCooltivarte","https:\/\/www.tumblr.com\/blog\/cooltivarte"],"url":"https:\/\/cooltivarte.com\/portal\/author\/maria-jose-pieri\/"}]}},"_links":{"self":[{"href":"https:\/\/cooltivarte.com\/portal\/wp-json\/wp\/v2\/posts\/121920","targetHints":{"allow":["GET"]}}],"collection":[{"href":"https:\/\/cooltivarte.com\/portal\/wp-json\/wp\/v2\/posts"}],"about":[{"href":"https:\/\/cooltivarte.com\/portal\/wp-json\/wp\/v2\/types\/post"}],"author":[{"embeddable":true,"href":"https:\/\/cooltivarte.com\/portal\/wp-json\/wp\/v2\/users\/221"}],"replies":[{"embeddable":true,"href":"https:\/\/cooltivarte.com\/portal\/wp-json\/wp\/v2\/comments?post=121920"}],"version-history":[{"count":2,"href":"https:\/\/cooltivarte.com\/portal\/wp-json\/wp\/v2\/posts\/121920\/revisions"}],"predecessor-version":[{"id":121923,"href":"https:\/\/cooltivarte.com\/portal\/wp-json\/wp\/v2\/posts\/121920\/revisions\/121923"}],"wp:featuredmedia":[{"embeddable":true,"href":"https:\/\/cooltivarte.com\/portal\/wp-json\/wp\/v2\/media\/121921"}],"wp:attachment":[{"href":"https:\/\/cooltivarte.com\/portal\/wp-json\/wp\/v2\/media?parent=121920"}],"wp:term":[{"taxonomy":"category","embeddable":true,"href":"https:\/\/cooltivarte.com\/portal\/wp-json\/wp\/v2\/categories?post=121920"},{"taxonomy":"post_tag","embeddable":true,"href":"https:\/\/cooltivarte.com\/portal\/wp-json\/wp\/v2\/tags?post=121920"}],"curies":[{"name":"wp","href":"https:\/\/api.w.org\/{rel}","templated":true}]}}