{"id":121899,"date":"2026-03-14T08:15:30","date_gmt":"2026-03-14T11:15:30","guid":{"rendered":"https:\/\/cooltivarte.com\/portal\/?p=121899"},"modified":"2026-03-14T11:39:02","modified_gmt":"2026-03-14T14:39:02","slug":"la-autentica-banda-de-joaquin-sabina-llega-a-montevideo","status":"publish","type":"post","link":"https:\/\/cooltivarte.com\/portal\/la-autentica-banda-de-joaquin-sabina-llega-a-montevideo\/","title":{"rendered":"LA AUT\u00c9NTICA BANDA DE JOAQU\u00cdN SABINA LLEGA A MONTEVIDEO"},"content":{"rendered":"<p><img fetchpriority=\"high\" decoding=\"async\" class=\"aligncenter wp-image-123899 size-large\" title=\"A un a\u00f1o de la despedida de Joaqu\u00edn Sabina de los escenarios, La Banda Sabinera se presentar\u00e1 el 24 de marzo 2026 en el Teatro El Galp\u00f3n.\" src=\"https:\/\/cooltivarte.com\/portal\/wp-content\/uploads\/2026\/01\/La-Banda-Sabinera-1024x620.jpg\" alt=\"A un a\u00f1o de la despedida de Joaqu\u00edn Sabina de los escenarios, La Banda Sabinera se presentar\u00e1 el 24 de marzo 2026 en el Teatro El Galp\u00f3n.\" width=\"1024\" height=\"620\" srcset=\"https:\/\/cooltivarte.com\/portal\/wp-content\/uploads\/2026\/01\/La-Banda-Sabinera-1024x620.jpg 1024w, https:\/\/cooltivarte.com\/portal\/wp-content\/uploads\/2026\/01\/La-Banda-Sabinera-300x182.jpg 300w, https:\/\/cooltivarte.com\/portal\/wp-content\/uploads\/2026\/01\/La-Banda-Sabinera-768x465.jpg 768w, https:\/\/cooltivarte.com\/portal\/wp-content\/uploads\/2026\/01\/La-Banda-Sabinera-1536x930.jpg 1536w, https:\/\/cooltivarte.com\/portal\/wp-content\/uploads\/2026\/01\/La-Banda-Sabinera.jpg 1600w\" sizes=\"(max-width: 1024px) 100vw, 1024px\" \/><\/p>\n<p>&nbsp;<\/p>\n<p>&nbsp;<\/p>\n<h3><strong>LA AUT\u00c9NTICA BANDA DE JOAQU\u00cdN SABINA LLEGA A MONTEVIDEO<\/strong><\/h3>\n<p>A un a\u00f1o de la despedida de <a href=\"https:\/\/cooltivarte.com\/portal\/?s=Joaqu%C3%ADn+Sabina\" target=\"_blank\" rel=\"noopener\"><strong>Joaqu\u00edn Sabina<\/strong><\/a> de los escenarios,<strong> La Banda Sabinera<\/strong> se presentar\u00e1 el 24 de marzo 2026 en el <strong>Teatro El Galp\u00f3n<\/strong>.<\/p>\n<p><a href=\"https:\/\/redtickets.uy\/evento\/LA-BANDA-SABINERA-Sala-Campodonico\/28041\/\" target=\"_blank\" rel=\"noopener\">Entradas en venta<\/a><\/p>\n<p>&nbsp;<\/p>\n<p><strong>COMUNICADO OFICIAL DE LA BANDA SABINERA<\/strong>: A trav\u00e9s de Leona Producciones, comunicamos que<strong> LA BANDA SABINERA<\/strong>, que se presentar\u00e1 el d\u00eda 24 de marzo a las 21 horas, cambia de locaci\u00f3n: del Auditorio Nacional del Sodre pasa al<strong> Teatro El Galp\u00f3n<\/strong>. Las entradas conservan total validez y ser\u00e1n reubicadas con absoluto respeto hacia los lugares adquiridos.&nbsp;<\/p>\n<p>Quienes a\u00fan no tengan sus tickets pueden realizar su compra en RedTickets en iguales condiciones, donde ya est\u00e1n disponibles. Muchas gracias por su comprensi\u00f3n y apoyo.<\/p>\n<p>&nbsp;<\/p>\n<p>Bajo el lema&nbsp;<strong>\u201cGiramos cuando el jefe descansa, buscando valientes que quieran cantar con nosotros\u201d<\/strong>, la aut\u00e9ntica banda de Sabina contin\u00faa celebrando el cancionero del artista espa\u00f1ol, luego de que se despidiera de los escenarios y especialmente de nuestro pa\u00eds a comienzos de 2025 en el Estadio Centenario. Sabina se retir\u00f3, pero sus canciones est\u00e1n m\u00e1s vigentes que nunca: suenan en las plataformas, en los recuerdos de millones de fan\u00e1ticos \u00a1y tambi\u00e9n en vivo!<\/p>\n<p>El grupo cerr\u00f3 el a\u00f1o pasado con una serie de&nbsp;<strong>shows importantes<\/strong>y abre esta nueva etapa con una gira que tendr\u00e1 en Uruguay una de sus paradas m\u00e1s esperadas. Ser\u00e1, adem\u00e1s,&nbsp;<strong>la primera vez que La Banda Sabinera se presente en solitario en la ciudad,<\/strong>luego de haber sido protagonistas de esos pasajes inolvidables en los conciertos de Sabina, cuando el poeta se retiraba a cambiar de vestuario y ellos tomaban el escenario con absoluta libertad.<\/p>\n<p>En esas apariciones ya dejaron su marca: fluyen, se divierten y, fundamentalmente,&nbsp;<strong>transmiten much\u00edsimo<\/strong>, ofreciendo interpretaciones \u00fanicas de los grandes himnos sabineros, con una conexi\u00f3n genuina con el p\u00fablico y un profundo respeto por la obra.<\/p>\n<p>&nbsp;<\/p>\n<p><script async=\"\" src=\"https:\/\/pagead2.googlesyndication.com\/pagead\/js\/adsbygoogle.js?client=ca-pub-1258162831753121\" crossorigin=\"anonymous\"><\/script><br \/>\n<ins class=\"adsbygoogle\" style=\"display: block; text-align: center;\" data-ad-layout=\"in-article\" data-ad-format=\"fluid\" data-ad-client=\"ca-pub-1258162831753121\" data-ad-slot=\"9254952921\"><\/ins><br \/>\n<script>\n     (adsbygoogle = window.adsbygoogle || []).push({});\n<\/script><br \/>\n&nbsp;<\/p>\n<p>&nbsp;<\/p>\n","protected":false},"excerpt":{"rendered":"<p>LA AUT\u00c9NTICA BANDA DE JOAQU\u00cdN SABINA LLEGA A MONTEVIDEO<\/p>\n<p>A un a\u00f1o de la despedida de Joaqu\u00edn Sabina de los escenarios, La Banda Sabinera se presentar\u00e1 el 24 de marzo 2026 en el Teatro El Galp\u00f3n.<\/p>\n<p>Entradas en venta<\/p>\n<p>COMUNICADO OFICIAL DE LA BANDA SABINERA: A trav\u00e9s de Leona Producciones, comunicamos que LA BANDA SABINERA, que se presentar\u00e1 el d\u00eda 24 de marzo a las 21 horas, cambia de locaci\u00f3n: del Auditorio Nacional del Sodre pasa al Teatro El Galp\u00f3n. Las entradas conservan total validez y ser\u00e1n reubicadas con absoluto respeto hacia los lugares adquiridos.\u00a0<\/p>\n<p>Quienes a\u00fan no tengan sus tickets pueden realizar su compra en RedTickets en iguales condiciones, donde ya est\u00e1n disponibles. Muchas gracias por su comprensi\u00f3n y apoyo.<\/p>\n<p>Bajo el lema\u00a0\u201cGiramos cuando el jefe descansa, buscando valientes que quieran cantar con nosotros\u201d, la aut\u00e9ntica banda de Sabina contin\u00faa celebrando el cancionero del artista espa\u00f1ol, luego de que se despidiera de los escenarios y especialmente de nuestro pa\u00eds a comienzos de 2025 en el Estadio Centenario. Sabina se retir\u00f3, pero sus canciones est\u00e1n m\u00e1s vigentes que nunca: suenan en las plataformas, en los recuerdos de millones de fan\u00e1ticos \u00a1y tambi\u00e9n en vivo!<\/p>\n<p>El grupo cerr\u00f3 el a\u00f1o pasado con una serie de\u00a0shows importantesy abre esta nueva etapa con una gira que tendr\u00e1 en Uruguay una de sus paradas m\u00e1s esperadas. Ser\u00e1, adem\u00e1s,\u00a0la primera vez que La Banda Sabinera se presente en solitario en la ciudad,luego de haber sido protagonistas de esos pasajes inolvidables en los conciertos de Sabina, cuando el poeta se retiraba a cambiar de vestuario y ellos tomaban el escenario con absoluta libertad.<\/p>\n<p>En esas apariciones ya dejaron su marca: fluyen, se divierten y, fundamentalmente,\u00a0transmiten much\u00edsimo, ofreciendo interpretaciones \u00fanicas de los grandes himnos sabineros, con una conexi\u00f3n genuina con el p\u00fablico y un profundo respeto por la obra.<\/p>\n","protected":false},"author":8,"featured_media":123899,"comment_status":"closed","ping_status":"closed","sticky":false,"template":"","format":"standard","meta":{"om_disable_all_campaigns":false,"ngg_post_thumbnail":0,"jnews-multi-image_gallery":[],"jnews_single_post":{"format":"standard","override":[{"template":"4","parallax":"1","layout":"right-sidebar","sidebar":"default-sidebar","second_sidebar":"default-sidebar","sticky_sidebar":"1","share_position":"bottom","share_float_style":"share-monocrhome","show_share_counter":"1","show_view_counter":"1","show_featured":"1","show_post_meta":"1","show_post_author":"1","show_post_author_image":"1","show_post_date":"1","post_date_format":"default","post_date_format_custom":"Y\/m\/d","show_post_category":"1","post_reading_time_wpm":"300","post_calculate_word_method":"str_word_count","zoom_button_out_step":"2","zoom_button_in_step":"3","show_post_tag":"1","show_prev_next_post":"1","show_popup_post":"1","show_comment_section":"1","number_popup_post":"1","show_author_box":"1","show_post_related":"0","show_inline_post_related":"0"}],"image_override":[{"single_post_thumbnail_size":"no-crop","single_post_gallery_size":"crop-500"}],"trending_post_position":"meta","trending_post_label":"Trending","sponsored_post_label":"Sponsored by","disable_ad":"0","subtitle":"A un a\u00f1o de la despedida de Joaqu\u00edn Sabina de los escenarios, La Banda Sabinera se presentar\u00e1 el 24 de marzo 2026 en el Teatro El Galp\u00f3n"},"jnews_primary_category":[],"jnews_social_meta":[],"jnews_override_counter":{"view_counter_number":"0","share_counter_number":"0","like_counter_number":"0","dislike_counter_number":"0"},"footnotes":""},"categories":[3394],"tags":[1383,25483,566],"class_list":["post-121899","post","type-post","status-publish","format-standard","has-post-thumbnail","hentry","category-eventos","tag-joaquin-sabina","tag-la-banda-sabinera","tag-teatro-el-galpon"],"yoast_head":"<!-- This site is optimized with the Yoast SEO plugin v27.5 - https:\/\/yoast.com\/product\/yoast-seo-wordpress\/ -->\n<title>LA AUT\u00c9NTICA BANDA DE JOAQU\u00cdN SABINA LLEGA A MONTEVIDEO - Cooltivarte Portal<\/title>\n<meta name=\"description\" content=\"A un a\u00f1o de la despedida de Joaqu\u00edn Sabina de los escenarios, La Banda Sabinera se presentar\u00e1 el 24 de marzo 2026 en el Teatro El Galp\u00f3n.\" \/>\n<meta name=\"robots\" content=\"index, follow, max-snippet:-1, max-image-preview:large, max-video-preview:-1\" \/>\n<link rel=\"canonical\" href=\"https:\/\/cooltivarte.com\/portal\/la-autentica-banda-de-joaquin-sabina-llega-a-montevideo\/\" \/>\n<meta property=\"og:locale\" content=\"es_ES\" \/>\n<meta property=\"og:type\" content=\"article\" \/>\n<meta property=\"og:title\" content=\"LA AUT\u00c9NTICA BANDA DE JOAQU\u00cdN SABINA LLEGA A MONTEVIDEO\" \/>\n<meta property=\"og:description\" content=\"A un a\u00f1o de la despedida de Joaqu\u00edn Sabina de los escenarios, La Banda Sabinera se presentar\u00e1 el 24 de marzo 2026 en el Teatro El Galp\u00f3n.\" \/>\n<meta property=\"og:url\" content=\"https:\/\/cooltivarte.com\/portal\/la-autentica-banda-de-joaquin-sabina-llega-a-montevideo\/\" \/>\n<meta property=\"og:site_name\" content=\"Cooltivarte Portal\" \/>\n<meta property=\"article:publisher\" content=\"https:\/\/www.facebook.com\/cooltivartecom\/\" \/>\n<meta property=\"article:author\" content=\"https:\/\/www.facebook.com\/cooltivartecom\" \/>\n<meta property=\"article:published_time\" content=\"2026-03-14T11:15:30+00:00\" \/>\n<meta property=\"article:modified_time\" content=\"2026-03-14T14:39:02+00:00\" \/>\n<meta property=\"og:image\" content=\"https:\/\/cooltivarte.com\/portal\/wp-content\/uploads\/2026\/01\/La-Banda-Sabinera.jpg\" \/>\n\t<meta property=\"og:image:width\" content=\"1600\" \/>\n\t<meta property=\"og:image:height\" content=\"969\" \/>\n\t<meta property=\"og:image:type\" content=\"image\/jpeg\" \/>\n<meta name=\"author\" content=\"Cooltivarte\" \/>\n<meta name=\"twitter:card\" content=\"summary_large_image\" \/>\n<meta name=\"twitter:title\" content=\"LA AUT\u00c9NTICA BANDA DE JOAQU\u00cdN SABINA LLEGA A MONTEVIDEO\" \/>\n<meta name=\"twitter:description\" content=\"A un a\u00f1o de la despedida de Joaqu\u00edn Sabina de los escenarios, La Banda Sabinera se presentar\u00e1 el 24 de marzo 2026 en el Teatro El Galp\u00f3n.\" \/>\n<meta name=\"twitter:image\" content=\"https:\/\/cooltivarte.com\/portal\/wp-content\/uploads\/2026\/01\/La-Banda-Sabinera.jpg\" \/>\n<meta name=\"twitter:creator\" content=\"@https:\/\/x.com\/obolocultural\" \/>\n<meta name=\"twitter:site\" content=\"@obolocultural\" \/>\n<meta name=\"twitter:label1\" content=\"Escrito por\" \/>\n\t<meta name=\"twitter:data1\" content=\"Cooltivarte\" \/>\n\t<meta name=\"twitter:label2\" content=\"Tiempo de lectura\" \/>\n\t<meta name=\"twitter:data2\" content=\"2 minutos\" \/>\n<!-- \/ Yoast SEO plugin. -->","yoast_head_json":{"title":"LA AUT\u00c9NTICA BANDA DE JOAQU\u00cdN SABINA LLEGA A MONTEVIDEO - Cooltivarte Portal","description":"A un a\u00f1o de la despedida de Joaqu\u00edn Sabina de los escenarios, La Banda Sabinera se presentar\u00e1 el 24 de marzo 2026 en el Teatro El Galp\u00f3n.","robots":{"index":"index","follow":"follow","max-snippet":"max-snippet:-1","max-image-preview":"max-image-preview:large","max-video-preview":"max-video-preview:-1"},"canonical":"https:\/\/cooltivarte.com\/portal\/la-autentica-banda-de-joaquin-sabina-llega-a-montevideo\/","og_locale":"es_ES","og_type":"article","og_title":"LA AUT\u00c9NTICA BANDA DE JOAQU\u00cdN SABINA LLEGA A MONTEVIDEO","og_description":"A un a\u00f1o de la despedida de Joaqu\u00edn Sabina de los escenarios, La Banda Sabinera se presentar\u00e1 el 24 de marzo 2026 en el Teatro El Galp\u00f3n.","og_url":"https:\/\/cooltivarte.com\/portal\/la-autentica-banda-de-joaquin-sabina-llega-a-montevideo\/","og_site_name":"Cooltivarte Portal","article_publisher":"https:\/\/www.facebook.com\/cooltivartecom\/","article_author":"https:\/\/www.facebook.com\/cooltivartecom","article_published_time":"2026-03-14T11:15:30+00:00","article_modified_time":"2026-03-14T14:39:02+00:00","og_image":[{"width":1600,"height":969,"url":"https:\/\/cooltivarte.com\/portal\/wp-content\/uploads\/2026\/01\/La-Banda-Sabinera.jpg","type":"image\/jpeg"}],"author":"Cooltivarte","twitter_card":"summary_large_image","twitter_title":"LA AUT\u00c9NTICA BANDA DE JOAQU\u00cdN SABINA LLEGA A MONTEVIDEO","twitter_description":"A un a\u00f1o de la despedida de Joaqu\u00edn Sabina de los escenarios, La Banda Sabinera se presentar\u00e1 el 24 de marzo 2026 en el Teatro El Galp\u00f3n.","twitter_image":"https:\/\/cooltivarte.com\/portal\/wp-content\/uploads\/2026\/01\/La-Banda-Sabinera.jpg","twitter_creator":"@https:\/\/x.com\/obolocultural","twitter_site":"@obolocultural","twitter_misc":{"Escrito por":"Cooltivarte","Tiempo de lectura":"2 minutos"},"schema":{"@context":"https:\/\/schema.org","@graph":[{"@type":"NewsArticle","@id":"https:\/\/cooltivarte.com\/portal\/la-autentica-banda-de-joaquin-sabina-llega-a-montevideo\/#article","isPartOf":{"@id":"https:\/\/cooltivarte.com\/portal\/la-autentica-banda-de-joaquin-sabina-llega-a-montevideo\/"},"author":{"name":"Cooltivarte","@id":"https:\/\/cooltivarte.com\/portal\/#\/schema\/person\/ec2a4f4e71b740d0c559c0ab9a157e19"},"headline":"LA AUT\u00c9NTICA BANDA DE JOAQU\u00cdN SABINA LLEGA A MONTEVIDEO","datePublished":"2026-03-14T11:15:30+00:00","dateModified":"2026-03-14T14:39:02+00:00","mainEntityOfPage":{"@id":"https:\/\/cooltivarte.com\/portal\/la-autentica-banda-de-joaquin-sabina-llega-a-montevideo\/"},"wordCount":352,"publisher":{"@id":"https:\/\/cooltivarte.com\/portal\/#organization"},"image":{"@id":"https:\/\/cooltivarte.com\/portal\/la-autentica-banda-de-joaquin-sabina-llega-a-montevideo\/#primaryimage"},"thumbnailUrl":"https:\/\/cooltivarte.com\/portal\/wp-content\/uploads\/2026\/01\/La-Banda-Sabinera.jpg","keywords":["Joaqu\u00edn Sabina","La Banda Sabinera","Teatro El Galp\u00f3n"],"articleSection":["Eventos"],"inLanguage":"es-AR"},{"@type":"WebPage","@id":"https:\/\/cooltivarte.com\/portal\/la-autentica-banda-de-joaquin-sabina-llega-a-montevideo\/","url":"https:\/\/cooltivarte.com\/portal\/la-autentica-banda-de-joaquin-sabina-llega-a-montevideo\/","name":"LA AUT\u00c9NTICA BANDA DE JOAQU\u00cdN SABINA LLEGA A MONTEVIDEO - Cooltivarte Portal","isPartOf":{"@id":"https:\/\/cooltivarte.com\/portal\/#website"},"primaryImageOfPage":{"@id":"https:\/\/cooltivarte.com\/portal\/la-autentica-banda-de-joaquin-sabina-llega-a-montevideo\/#primaryimage"},"image":{"@id":"https:\/\/cooltivarte.com\/portal\/la-autentica-banda-de-joaquin-sabina-llega-a-montevideo\/#primaryimage"},"thumbnailUrl":"https:\/\/cooltivarte.com\/portal\/wp-content\/uploads\/2026\/01\/La-Banda-Sabinera.jpg","datePublished":"2026-03-14T11:15:30+00:00","dateModified":"2026-03-14T14:39:02+00:00","description":"A un a\u00f1o de la despedida de Joaqu\u00edn Sabina de los escenarios, La Banda Sabinera se presentar\u00e1 el 24 de marzo 2026 en el Teatro El Galp\u00f3n.","breadcrumb":{"@id":"https:\/\/cooltivarte.com\/portal\/la-autentica-banda-de-joaquin-sabina-llega-a-montevideo\/#breadcrumb"},"inLanguage":"es-AR","potentialAction":[{"@type":"ReadAction","target":["https:\/\/cooltivarte.com\/portal\/la-autentica-banda-de-joaquin-sabina-llega-a-montevideo\/"]}]},{"@type":"ImageObject","inLanguage":"es-AR","@id":"https:\/\/cooltivarte.com\/portal\/la-autentica-banda-de-joaquin-sabina-llega-a-montevideo\/#primaryimage","url":"https:\/\/cooltivarte.com\/portal\/wp-content\/uploads\/2026\/01\/La-Banda-Sabinera.jpg","contentUrl":"https:\/\/cooltivarte.com\/portal\/wp-content\/uploads\/2026\/01\/La-Banda-Sabinera.jpg","width":1600,"height":969,"caption":"A un a\u00f1o de la despedida de Joaqu\u00edn Sabina de los escenarios, La Banda Sabinera se presentar\u00e1 el 24 de marzo 2026 en el Teatro El Galp\u00f3n."},{"@type":"BreadcrumbList","@id":"https:\/\/cooltivarte.com\/portal\/la-autentica-banda-de-joaquin-sabina-llega-a-montevideo\/#breadcrumb","itemListElement":[{"@type":"ListItem","position":1,"name":"Portada","item":"https:\/\/cooltivarte.com\/portal\/"},{"@type":"ListItem","position":2,"name":"LA AUT\u00c9NTICA BANDA DE JOAQU\u00cdN SABINA LLEGA A MONTEVIDEO"}]},{"@type":"WebSite","@id":"https:\/\/cooltivarte.com\/portal\/#website","url":"https:\/\/cooltivarte.com\/portal\/","name":"Cooltivarte Portal","description":"Arte, cultura y turismo para el mundo ...","publisher":{"@id":"https:\/\/cooltivarte.com\/portal\/#organization"},"potentialAction":[{"@type":"SearchAction","target":{"@type":"EntryPoint","urlTemplate":"https:\/\/cooltivarte.com\/portal\/?s={search_term_string}"},"query-input":{"@type":"PropertyValueSpecification","valueRequired":true,"valueName":"search_term_string"}}],"inLanguage":"es-AR"},{"@type":"Organization","@id":"https:\/\/cooltivarte.com\/portal\/#organization","name":"cooltivarte","url":"https:\/\/cooltivarte.com\/portal\/","logo":{"@type":"ImageObject","inLanguage":"es-AR","@id":"https:\/\/cooltivarte.com\/portal\/#\/schema\/logo\/image\/","url":"https:\/\/cooltivarte.com\/portal\/wp-content\/uploads\/2020\/04\/logo-cooltivarte-v2.png","contentUrl":"https:\/\/cooltivarte.com\/portal\/wp-content\/uploads\/2020\/04\/logo-cooltivarte-v2.png","width":851,"height":243,"caption":"cooltivarte"},"image":{"@id":"https:\/\/cooltivarte.com\/portal\/#\/schema\/logo\/image\/"},"sameAs":["https:\/\/www.facebook.com\/cooltivartecom\/","https:\/\/x.com\/obolocultural","https:\/\/www.instagram.com\/_cooltivarte_\/","https:\/\/www.linkedin.com\/company\/-bolocultural?reportsuccess=8zaNG1HwhPbAR9iQhZ5rfGeqz_vQFftHun0ZWU0Wy9vNemRJ8vtcKdJvzQfW8XagyOJSKg0XvfJ1dp","https:\/\/www.pinterest.com\/cooltivarte\/","https:\/\/cooltivarte.tumblr.com\/","https:\/\/www.tiktok.com\/@cooltivarte","https:\/\/www.youtube.com\/@PrensaCooltivarte"]},{"@type":"Person","@id":"https:\/\/cooltivarte.com\/portal\/#\/schema\/person\/ec2a4f4e71b740d0c559c0ab9a157e19","name":"Cooltivarte","image":{"@type":"ImageObject","inLanguage":"es-AR","@id":"https:\/\/cooltivarte.com\/portal\/wp-content\/uploads\/2014\/05\/logo-cooltivarte-120x120.jpg","url":"https:\/\/cooltivarte.com\/portal\/wp-content\/uploads\/2014\/05\/logo-cooltivarte-120x120.jpg","contentUrl":"https:\/\/cooltivarte.com\/portal\/wp-content\/uploads\/2014\/05\/logo-cooltivarte-120x120.jpg","caption":"Cooltivarte"},"description":"Somos COOLTIVARTE.COM. Un portal digital dedicado a difundir el acontecer art\u00edstico y cultural del Uruguay. Estamos en la vuelta desde el a\u00f1o 2003, y como evoluci\u00f3n del bolet\u00edn Obolo Cultural, nos encontramos abocados a apoyar a los artistas nacionales brind\u00e1ndoles un espacio de difusi\u00f3n. Creemos en la idea de utilizar la potencialidad que hoy d\u00eda nos otorga la web, para que la cultura uruguaya y sus creadores dispongan de una din\u00e1mica ventana, que los ponga en contacto entre s\u00ed y con el mundo. Somos COOLTIVARTE.COM y pretendemos configurarnos como un portal din\u00e1mico, entretenido y atento a los nuevos emprendimientos, que busque siempre la interacci\u00f3n con los artistas.","sameAs":["http:\/\/www.cooltivarte.com","https:\/\/www.facebook.com\/cooltivartecom","https:\/\/www.instagram.com\/_cooltivarte_\/","https:\/\/www.linkedin.com\/company\/-bolocultural","https:\/\/www.pinterest.com\/cooltivarte\/","https:\/\/x.com\/https:\/\/x.com\/obolocultural","https:\/\/www.youtube.com\/@PrensaCooltivarte","https:\/\/www.tumblr.com\/blog\/cooltivarte"],"url":"https:\/\/cooltivarte.com\/portal\/author\/cooltivarte\/"}]}},"_links":{"self":[{"href":"https:\/\/cooltivarte.com\/portal\/wp-json\/wp\/v2\/posts\/121899","targetHints":{"allow":["GET"]}}],"collection":[{"href":"https:\/\/cooltivarte.com\/portal\/wp-json\/wp\/v2\/posts"}],"about":[{"href":"https:\/\/cooltivarte.com\/portal\/wp-json\/wp\/v2\/types\/post"}],"author":[{"embeddable":true,"href":"https:\/\/cooltivarte.com\/portal\/wp-json\/wp\/v2\/users\/8"}],"replies":[{"embeddable":true,"href":"https:\/\/cooltivarte.com\/portal\/wp-json\/wp\/v2\/comments?post=121899"}],"version-history":[{"count":5,"href":"https:\/\/cooltivarte.com\/portal\/wp-json\/wp\/v2\/posts\/121899\/revisions"}],"predecessor-version":[{"id":123902,"href":"https:\/\/cooltivarte.com\/portal\/wp-json\/wp\/v2\/posts\/121899\/revisions\/123902"}],"wp:featuredmedia":[{"embeddable":true,"href":"https:\/\/cooltivarte.com\/portal\/wp-json\/wp\/v2\/media\/123899"}],"wp:attachment":[{"href":"https:\/\/cooltivarte.com\/portal\/wp-json\/wp\/v2\/media?parent=121899"}],"wp:term":[{"taxonomy":"category","embeddable":true,"href":"https:\/\/cooltivarte.com\/portal\/wp-json\/wp\/v2\/categories?post=121899"},{"taxonomy":"post_tag","embeddable":true,"href":"https:\/\/cooltivarte.com\/portal\/wp-json\/wp\/v2\/tags?post=121899"}],"curies":[{"name":"wp","href":"https:\/\/api.w.org\/{rel}","templated":true}]}}