{"id":121777,"date":"2026-01-23T17:53:46","date_gmt":"2026-01-23T20:53:46","guid":{"rendered":"https:\/\/cooltivarte.com\/portal\/?p=121777"},"modified":"2026-01-24T10:24:06","modified_gmt":"2026-01-24T13:24:06","slug":"ctba-chejov-ibsen-kartun-verano-porteno-con-el-mejor-teatro","status":"publish","type":"post","link":"https:\/\/cooltivarte.com\/portal\/ctba-chejov-ibsen-kartun-verano-porteno-con-el-mejor-teatro\/","title":{"rendered":"[CTBA] Ch\u00e9jov, Ibsen, Kartun: verano porte\u00f1o con el mejor teatro"},"content":{"rendered":"\r\n<p><img fetchpriority=\"high\" decoding=\"async\" class=\"aligncenter wp-image-121915 size-large\" title=\"[CTBA] Ch\u00e9jov - Ibsen - Kartun: verano porte\u00f1o con el mejor teatro\" src=\"https:\/\/cooltivarte.com\/portal\/wp-content\/uploads\/2026\/01\/WhatsApp_Image_2026-01-22_at_12.03.29-1024x442.jpg\" alt=\"[CTBA] Ch\u00e9jov - Ibsen - Kartun: verano porte\u00f1o con el mejor teatro\" width=\"1024\" height=\"442\" srcset=\"https:\/\/cooltivarte.com\/portal\/wp-content\/uploads\/2026\/01\/WhatsApp_Image_2026-01-22_at_12.03.29-1024x442.jpg 1024w, https:\/\/cooltivarte.com\/portal\/wp-content\/uploads\/2026\/01\/WhatsApp_Image_2026-01-22_at_12.03.29-300x130.jpg 300w, https:\/\/cooltivarte.com\/portal\/wp-content\/uploads\/2026\/01\/WhatsApp_Image_2026-01-22_at_12.03.29-768x332.jpg 768w, https:\/\/cooltivarte.com\/portal\/wp-content\/uploads\/2026\/01\/WhatsApp_Image_2026-01-22_at_12.03.29.jpg 1440w\" sizes=\"(max-width: 1024px) 100vw, 1024px\" \/><\/p>\r\n<p>&nbsp;<\/p>\r\n<p><strong>En el marco de Cultura de Verano, desde el viernes 6 de febrero regresan al Complejo Teatral de Buenos Aires tres de las obras m\u00e1s destacadas del a\u00f1o pasado.<\/strong><\/p>\r\n<p>&nbsp;<\/p>\r\n<p>La Temporada 2026 del Complejo Teatral de Buenos Aires comienza en febrero con la reposici\u00f3n de algunos de los espect\u00e1culos estrenados durante la segunda mitad del a\u00f1o pasado y que merecieron el reconocimiento del p\u00fablico.&nbsp;<\/p>\r\n<p>Las obras se enmarcan en&nbsp;<strong>Cultura de Verano<\/strong>, el programa organizado por el Ministerio de Cultura de la Ciudad que ofrecer\u00e1 propuestas para disfrutar Buenos Aires.<\/p>\r\n<p>&nbsp;<\/p>\r\n<p>Desde el&nbsp;<strong>viernes 6<\/strong>&nbsp;volver\u00e1 a presentarse&nbsp;<strong><em>La gaviota<\/em><\/strong>, la celebrada versi\u00f3n que Rub\u00e9n Szuchmacher mont\u00f3 del cl\u00e1sico de Ant\u00f3n Ch\u00e9jov, una de las cumbres del teatro de todas las \u00e9pocas, en la Sala Casacuberta del Teatro San Mart\u00edn (Av. Corrientes 1530).<\/p>\r\n<p>&nbsp;<\/p>\r\n<p>Muriel Santa Ana, Diego Cremonesi, Juan Cottet, Carolina Kopelioff, Vando Villamil, Mar\u00eda In\u00e9s Sancerni, Mauricio Minetti, Pablo Caramelo, Carolina Saade, Diego S\u00e1nchez White, Fernando Sayago, Alejandro Vizzotti y Jimena Villoldo integran el elenco de este montaje que subir\u00e1 a escena de&nbsp;<strong>mi\u00e9rcoles a s\u00e1bados a las 20.30 horas y los domingos a las 19.30 horas.<\/strong>&nbsp;<\/p>\r\n<p>&nbsp;<\/p>\r\n<p>El mismo&nbsp;<strong>viernes 6<\/strong>, pero en el Teatro Presidente Alvear (Av. Corrientes 1659), volver\u00e1 la nueva versi\u00f3n de&nbsp;<strong><em>Los pilares de la sociedad<\/em><\/strong>, la pieza con la que Henrik Ibsen denuncia la hipocres\u00eda moral y social de la burgues\u00eda de su tiempo en la piel de Karsten Bernick, un poderoso empresario considerado un &#8220;pilar de la sociedad&#8221; que esconde negocios turbios, enga\u00f1os y dobleces del pasado.<\/p>\r\n<p>&nbsp;<\/p>\r\n<p>Con direcci\u00f3n de Jorge Su\u00e1rez,&nbsp;<strong><em>Los pilares de la sociedad<\/em><\/strong><strong>&nbsp;<\/strong>est\u00e1 interpretada por Mart\u00edn Seefeld, Eleonora Wexler, Mara Bestelli, Gerardo Chendo, Edgardo Moreira, Pablo Finamore, Antonia Bengoechea, Alfredo Castellani, Daniela Catz, Susana Giannone, Gilda Scarpetta, Agust\u00edn Su\u00e1rez, Lolo Crespo, Fernando Sureda, Luis Longhi y Donata Girotti. Las funciones ser\u00e1n de&nbsp;<strong>mi\u00e9rcoles a s\u00e1bados a las 20 horas y los domingos a las 19<\/strong>.&nbsp;<\/p>\r\n<p>&nbsp;<\/p>\r\n<p>Finalmente, en el Teatro Sarmiento (Av. Sarmiento 2715) regresar\u00e1 la pieza m\u00e1s reciente de Mauricio Kartun<em>,&nbsp;<\/em><strong><em>Baco Polaco<\/em><\/strong>, un pastiche de&nbsp;<em>Las bacantes<\/em>, de Eur\u00edpides que traslada la famosa tragedia a un pueblo del interior profundo en los a\u00f1os treinta. Desde el&nbsp;<strong>viernes 6&nbsp;<\/strong>las funciones ser\u00e1n de<strong>&nbsp;jueves a domingos a las 20 horas<\/strong>.&nbsp;<\/p>\r\n<p>&nbsp;<\/p>\r\n<p>Las entradas para los espect\u00e1culos pueden adquirirse en las boleter\u00edas de cada sala o a trav\u00e9s de&nbsp;<a href=\"http:\/\/www.complejoteatral.gob.ar\" target=\"_blank\" rel=\"noopener noreferrer\">www.complejoteatral.gob.ar<\/a>.<\/p>\r\n<div>Av. Corrientes 1530 &#8211; 7\u00b0 piso<br \/>(C1042AAO)<\/div>\r\n<div>Ciudad Aut\u00f3noma de Buenos Aires<br \/>Argentina<\/div>\r\n<div>&nbsp;<\/div>\r\n<div>&nbsp;<\/div>\r\n<div>&nbsp;<\/div>\r\n","protected":false},"excerpt":{"rendered":"<p>&nbsp; En el marco de Cultura de Verano, desde el viernes 6 de febrero regresan al Complejo Teatral de Buenos Aires tres de las obras m\u00e1s destacadas del a\u00f1o pasado. &nbsp; La Temporada 2026 del Complejo Teatral de Buenos Aires comienza en febrero con la reposici\u00f3n de algunos de los espect\u00e1culos estrenados durante la segunda [&hellip;]<\/p>\n","protected":false},"author":134,"featured_media":121915,"comment_status":"closed","ping_status":"closed","sticky":false,"template":"","format":"standard","meta":{"om_disable_all_campaigns":false,"ngg_post_thumbnail":0,"jnews-multi-image_gallery":[],"jnews_single_post":{"format":"standard","override":[{"template":"4","parallax":"1","layout":"right-sidebar","sidebar":"default-sidebar","second_sidebar":"default-sidebar","sticky_sidebar":"1","share_position":"bottom","share_float_style":"share-monocrhome","show_share_counter":"1","show_view_counter":"1","show_featured":"1","show_post_meta":"1","show_post_author":"1","show_post_author_image":"1","show_post_date":"1","post_date_format":"default","post_date_format_custom":"Y\/m\/d","show_post_category":"1","post_reading_time_wpm":"300","post_calculate_word_method":"str_word_count","zoom_button_out_step":"2","zoom_button_in_step":"3","show_post_tag":"1","show_prev_next_post":"1","show_popup_post":"1","show_comment_section":"1","number_popup_post":"1","show_author_box":"1","show_post_related":"0","show_inline_post_related":"0"}],"image_override":[{"single_post_thumbnail_size":"no-crop","single_post_gallery_size":"crop-500"}],"trending_post_position":"meta","trending_post_label":"Trending","sponsored_post_label":"Sponsored by","disable_ad":"0","subtitle":""},"jnews_primary_category":[],"jnews_social_meta":[],"jnews_override_counter":{"view_counter_number":"0","share_counter_number":"0","like_counter_number":"0","dislike_counter_number":"0"},"footnotes":""},"categories":[6008],"tags":[4737,25498,25499],"class_list":["post-121777","post","type-post","status-publish","format-standard","has-post-thumbnail","hentry","category-desde-buenos-aires","tag-chejov","tag-ibsen","tag-kartun"],"yoast_head":"<!-- This site is optimized with the Yoast SEO plugin v27.5 - https:\/\/yoast.com\/product\/yoast-seo-wordpress\/ -->\n<title>[CTBA] Ch\u00e9jov, Ibsen, Kartun: verano porte\u00f1o con el mejor teatro - Cooltivarte Portal<\/title>\n<meta name=\"description\" content=\"En el marco de Cultura de Verano, desde el viernes 6 de febrero regresan al Complejo Teatral de Buenos Aires tres de las obras m\u00e1s destacadas del a\u00f1o pasado.\" \/>\n<meta name=\"robots\" content=\"index, follow, max-snippet:-1, max-image-preview:large, max-video-preview:-1\" \/>\n<link rel=\"canonical\" href=\"https:\/\/cooltivarte.com\/portal\/ctba-chejov-ibsen-kartun-verano-porteno-con-el-mejor-teatro\/\" \/>\n<meta property=\"og:locale\" content=\"es_ES\" \/>\n<meta property=\"og:type\" content=\"article\" \/>\n<meta property=\"og:title\" content=\"[CTBA] Ch\u00e9jov, Ibsen, Kartun: verano porte\u00f1o con el mejor teatro - Cooltivarte Portal\" \/>\n<meta property=\"og:description\" content=\"En el marco de Cultura de Verano, desde el viernes 6 de febrero regresan al Complejo Teatral de Buenos Aires tres de las obras m\u00e1s destacadas del a\u00f1o pasado.\" \/>\n<meta property=\"og:url\" content=\"https:\/\/cooltivarte.com\/portal\/ctba-chejov-ibsen-kartun-verano-porteno-con-el-mejor-teatro\/\" \/>\n<meta property=\"og:site_name\" content=\"Cooltivarte Portal\" \/>\n<meta property=\"article:publisher\" content=\"https:\/\/www.facebook.com\/cooltivartecom\/\" \/>\n<meta property=\"article:author\" content=\"https:\/\/www.facebook.com\/pato.bue?ref=br_rs\" \/>\n<meta property=\"article:published_time\" content=\"2026-01-23T20:53:46+00:00\" \/>\n<meta property=\"article:modified_time\" content=\"2026-01-24T13:24:06+00:00\" \/>\n<meta property=\"og:image\" content=\"https:\/\/cooltivarte.com\/portal\/wp-content\/uploads\/2026\/01\/WhatsApp_Image_2026-01-22_at_12.03.29.jpg\" \/>\n\t<meta property=\"og:image:width\" content=\"1440\" \/>\n\t<meta property=\"og:image:height\" content=\"622\" \/>\n\t<meta property=\"og:image:type\" content=\"image\/jpeg\" \/>\n<meta name=\"author\" content=\"Patricia Ianniruberto\" \/>\n<meta name=\"twitter:card\" content=\"summary_large_image\" \/>\n<meta name=\"twitter:creator\" content=\"@https:\/\/x.com\/obolocultural\" \/>\n<meta name=\"twitter:site\" content=\"@obolocultural\" \/>\n<meta name=\"twitter:label1\" content=\"Escrito por\" \/>\n\t<meta name=\"twitter:data1\" content=\"Patricia Ianniruberto\" \/>\n\t<meta name=\"twitter:label2\" content=\"Tiempo de lectura\" \/>\n\t<meta name=\"twitter:data2\" content=\"3 minutos\" \/>\n<!-- \/ Yoast SEO plugin. -->","yoast_head_json":{"title":"[CTBA] Ch\u00e9jov, Ibsen, Kartun: verano porte\u00f1o con el mejor teatro - Cooltivarte Portal","description":"En el marco de Cultura de Verano, desde el viernes 6 de febrero regresan al Complejo Teatral de Buenos Aires tres de las obras m\u00e1s destacadas del a\u00f1o pasado.","robots":{"index":"index","follow":"follow","max-snippet":"max-snippet:-1","max-image-preview":"max-image-preview:large","max-video-preview":"max-video-preview:-1"},"canonical":"https:\/\/cooltivarte.com\/portal\/ctba-chejov-ibsen-kartun-verano-porteno-con-el-mejor-teatro\/","og_locale":"es_ES","og_type":"article","og_title":"[CTBA] Ch\u00e9jov, Ibsen, Kartun: verano porte\u00f1o con el mejor teatro - Cooltivarte Portal","og_description":"En el marco de Cultura de Verano, desde el viernes 6 de febrero regresan al Complejo Teatral de Buenos Aires tres de las obras m\u00e1s destacadas del a\u00f1o pasado.","og_url":"https:\/\/cooltivarte.com\/portal\/ctba-chejov-ibsen-kartun-verano-porteno-con-el-mejor-teatro\/","og_site_name":"Cooltivarte Portal","article_publisher":"https:\/\/www.facebook.com\/cooltivartecom\/","article_author":"https:\/\/www.facebook.com\/pato.bue?ref=br_rs","article_published_time":"2026-01-23T20:53:46+00:00","article_modified_time":"2026-01-24T13:24:06+00:00","og_image":[{"width":1440,"height":622,"url":"https:\/\/cooltivarte.com\/portal\/wp-content\/uploads\/2026\/01\/WhatsApp_Image_2026-01-22_at_12.03.29.jpg","type":"image\/jpeg"}],"author":"Patricia Ianniruberto","twitter_card":"summary_large_image","twitter_creator":"@https:\/\/x.com\/obolocultural","twitter_site":"@obolocultural","twitter_misc":{"Escrito por":"Patricia Ianniruberto","Tiempo de lectura":"3 minutos"},"schema":{"@context":"https:\/\/schema.org","@graph":[{"@type":"NewsArticle","@id":"https:\/\/cooltivarte.com\/portal\/ctba-chejov-ibsen-kartun-verano-porteno-con-el-mejor-teatro\/#article","isPartOf":{"@id":"https:\/\/cooltivarte.com\/portal\/ctba-chejov-ibsen-kartun-verano-porteno-con-el-mejor-teatro\/"},"author":{"name":"Patricia Ianniruberto","@id":"https:\/\/cooltivarte.com\/portal\/#\/schema\/person\/efd7b91a624d2d005d1571effe8c04b9"},"headline":"[CTBA] Ch\u00e9jov, Ibsen, Kartun: verano porte\u00f1o con el mejor teatro","datePublished":"2026-01-23T20:53:46+00:00","dateModified":"2026-01-24T13:24:06+00:00","mainEntityOfPage":{"@id":"https:\/\/cooltivarte.com\/portal\/ctba-chejov-ibsen-kartun-verano-porteno-con-el-mejor-teatro\/"},"wordCount":470,"publisher":{"@id":"https:\/\/cooltivarte.com\/portal\/#organization"},"image":{"@id":"https:\/\/cooltivarte.com\/portal\/ctba-chejov-ibsen-kartun-verano-porteno-con-el-mejor-teatro\/#primaryimage"},"thumbnailUrl":"https:\/\/cooltivarte.com\/portal\/wp-content\/uploads\/2026\/01\/WhatsApp_Image_2026-01-22_at_12.03.29.jpg","keywords":["Ch\u00e9jov","Ibsen","Kartun"],"articleSection":["Desde Buenos Aires"],"inLanguage":"es-AR"},{"@type":"WebPage","@id":"https:\/\/cooltivarte.com\/portal\/ctba-chejov-ibsen-kartun-verano-porteno-con-el-mejor-teatro\/","url":"https:\/\/cooltivarte.com\/portal\/ctba-chejov-ibsen-kartun-verano-porteno-con-el-mejor-teatro\/","name":"[CTBA] Ch\u00e9jov, Ibsen, Kartun: verano porte\u00f1o con el mejor teatro - Cooltivarte Portal","isPartOf":{"@id":"https:\/\/cooltivarte.com\/portal\/#website"},"primaryImageOfPage":{"@id":"https:\/\/cooltivarte.com\/portal\/ctba-chejov-ibsen-kartun-verano-porteno-con-el-mejor-teatro\/#primaryimage"},"image":{"@id":"https:\/\/cooltivarte.com\/portal\/ctba-chejov-ibsen-kartun-verano-porteno-con-el-mejor-teatro\/#primaryimage"},"thumbnailUrl":"https:\/\/cooltivarte.com\/portal\/wp-content\/uploads\/2026\/01\/WhatsApp_Image_2026-01-22_at_12.03.29.jpg","datePublished":"2026-01-23T20:53:46+00:00","dateModified":"2026-01-24T13:24:06+00:00","description":"En el marco de Cultura de Verano, desde el viernes 6 de febrero regresan al Complejo Teatral de Buenos Aires tres de las obras m\u00e1s destacadas del a\u00f1o pasado.","breadcrumb":{"@id":"https:\/\/cooltivarte.com\/portal\/ctba-chejov-ibsen-kartun-verano-porteno-con-el-mejor-teatro\/#breadcrumb"},"inLanguage":"es-AR","potentialAction":[{"@type":"ReadAction","target":["https:\/\/cooltivarte.com\/portal\/ctba-chejov-ibsen-kartun-verano-porteno-con-el-mejor-teatro\/"]}]},{"@type":"ImageObject","inLanguage":"es-AR","@id":"https:\/\/cooltivarte.com\/portal\/ctba-chejov-ibsen-kartun-verano-porteno-con-el-mejor-teatro\/#primaryimage","url":"https:\/\/cooltivarte.com\/portal\/wp-content\/uploads\/2026\/01\/WhatsApp_Image_2026-01-22_at_12.03.29.jpg","contentUrl":"https:\/\/cooltivarte.com\/portal\/wp-content\/uploads\/2026\/01\/WhatsApp_Image_2026-01-22_at_12.03.29.jpg","width":1440,"height":622,"caption":"[CTBA] Ch\u00e9jov - Ibsen - Kartun: verano porte\u00f1o con el mejor teatro"},{"@type":"BreadcrumbList","@id":"https:\/\/cooltivarte.com\/portal\/ctba-chejov-ibsen-kartun-verano-porteno-con-el-mejor-teatro\/#breadcrumb","itemListElement":[{"@type":"ListItem","position":1,"name":"Portada","item":"https:\/\/cooltivarte.com\/portal\/"},{"@type":"ListItem","position":2,"name":"[CTBA] Ch\u00e9jov, Ibsen, Kartun: verano porte\u00f1o con el mejor teatro"}]},{"@type":"WebSite","@id":"https:\/\/cooltivarte.com\/portal\/#website","url":"https:\/\/cooltivarte.com\/portal\/","name":"Cooltivarte Portal","description":"Arte, cultura y turismo para el mundo ...","publisher":{"@id":"https:\/\/cooltivarte.com\/portal\/#organization"},"potentialAction":[{"@type":"SearchAction","target":{"@type":"EntryPoint","urlTemplate":"https:\/\/cooltivarte.com\/portal\/?s={search_term_string}"},"query-input":{"@type":"PropertyValueSpecification","valueRequired":true,"valueName":"search_term_string"}}],"inLanguage":"es-AR"},{"@type":"Organization","@id":"https:\/\/cooltivarte.com\/portal\/#organization","name":"cooltivarte","url":"https:\/\/cooltivarte.com\/portal\/","logo":{"@type":"ImageObject","inLanguage":"es-AR","@id":"https:\/\/cooltivarte.com\/portal\/#\/schema\/logo\/image\/","url":"https:\/\/cooltivarte.com\/portal\/wp-content\/uploads\/2020\/04\/logo-cooltivarte-v2.png","contentUrl":"https:\/\/cooltivarte.com\/portal\/wp-content\/uploads\/2020\/04\/logo-cooltivarte-v2.png","width":851,"height":243,"caption":"cooltivarte"},"image":{"@id":"https:\/\/cooltivarte.com\/portal\/#\/schema\/logo\/image\/"},"sameAs":["https:\/\/www.facebook.com\/cooltivartecom\/","https:\/\/x.com\/obolocultural","https:\/\/www.instagram.com\/_cooltivarte_\/","https:\/\/www.linkedin.com\/company\/-bolocultural?reportsuccess=8zaNG1HwhPbAR9iQhZ5rfGeqz_vQFftHun0ZWU0Wy9vNemRJ8vtcKdJvzQfW8XagyOJSKg0XvfJ1dp","https:\/\/www.pinterest.com\/cooltivarte\/","https:\/\/cooltivarte.tumblr.com\/","https:\/\/www.tiktok.com\/@cooltivarte","https:\/\/www.youtube.com\/@PrensaCooltivarte"]},{"@type":"Person","@id":"https:\/\/cooltivarte.com\/portal\/#\/schema\/person\/efd7b91a624d2d005d1571effe8c04b9","name":"Patricia Ianniruberto","image":{"@type":"ImageObject","inLanguage":"es-AR","@id":"https:\/\/cooltivarte.com\/portal\/wp-content\/uploads\/2018\/04\/patricia-ianniruberto-120x120.jpg","url":"https:\/\/cooltivarte.com\/portal\/wp-content\/uploads\/2018\/04\/patricia-ianniruberto-120x120.jpg","contentUrl":"https:\/\/cooltivarte.com\/portal\/wp-content\/uploads\/2018\/04\/patricia-ianniruberto-120x120.jpg","caption":"Patricia Ianniruberto"},"description":"Patricia Ianniruberto. Egresada de Bellas Artes (Inst. Beato Ang\u00e9lico). Curs\u00f3 Dise\u00f1o Gr\u00e1fico y Comunicaci\u00f3n Visual (UBA) y producci\u00f3n de cine (SICA). Ejerci\u00f3 como docente de Bellas Artes y de Dise\u00f1o I y II (UBA). Freelance de agencias de publicidad y cineanimaci\u00f3n. Como dise\u00f1adora independiente se especializ\u00f3 en comunicaci\u00f3n visual, prensa y producci\u00f3n, asesorando a empresas en imagen corporativa, producci\u00f3n integral de contenidos y piezas de comunicaci\u00f3n: folletos, cat\u00e1logos, revistas, stands, web, tv, v\u00eda p\u00fablica, asesoramiento en derechos de autor, marcas y dominios junto al Estudio Lauritsen. Desarroll\u00f3 proyectos pioneros de tecnolog\u00eda en Internet y aplicaciones interactivas (netmedia). Locaciones: cine y medios. En Uruguay: seleccionada: Taller de promoci\u00f3n y distribuci\u00f3n Mercosur: nuevas herramientas multiplataforma\/Mercosur Audiovisual (Programa de Cooperaci\u00f3n con la Comunidad Europea). Representaci\u00f3n y gesti\u00f3n de notas en instituciones p\u00fablicas y privadas vinculadas al arte y la cultura. Corresponsal de revistas de cultura y colaboradora de medios gr\u00e1ficos y digitales. Edici\u00f3n y producci\u00f3n de contenidos multiplataforma. Gesti\u00f3n cultural y de prensa-Corresponsal en Buenos Aires: Argentina\/Uruguay.","sameAs":["https:\/\/www.facebook.com\/pato.bue?ref=br_rs","https:\/\/www.instagram.com\/_cooltivarte_\/","https:\/\/www.linkedin.com\/company\/-bolocultural\/","https:\/\/www.pinterest.com\/cooltivarte\/","https:\/\/x.com\/https:\/\/x.com\/obolocultural","https:\/\/www.youtube.com\/@PrensaCooltivarte","https:\/\/cooltivarte.tumblr.com\/"],"url":"https:\/\/cooltivarte.com\/portal\/author\/patricia-ianniruberto\/"}]}},"_links":{"self":[{"href":"https:\/\/cooltivarte.com\/portal\/wp-json\/wp\/v2\/posts\/121777","targetHints":{"allow":["GET"]}}],"collection":[{"href":"https:\/\/cooltivarte.com\/portal\/wp-json\/wp\/v2\/posts"}],"about":[{"href":"https:\/\/cooltivarte.com\/portal\/wp-json\/wp\/v2\/types\/post"}],"author":[{"embeddable":true,"href":"https:\/\/cooltivarte.com\/portal\/wp-json\/wp\/v2\/users\/134"}],"replies":[{"embeddable":true,"href":"https:\/\/cooltivarte.com\/portal\/wp-json\/wp\/v2\/comments?post=121777"}],"version-history":[{"count":4,"href":"https:\/\/cooltivarte.com\/portal\/wp-json\/wp\/v2\/posts\/121777\/revisions"}],"predecessor-version":[{"id":121966,"href":"https:\/\/cooltivarte.com\/portal\/wp-json\/wp\/v2\/posts\/121777\/revisions\/121966"}],"wp:featuredmedia":[{"embeddable":true,"href":"https:\/\/cooltivarte.com\/portal\/wp-json\/wp\/v2\/media\/121915"}],"wp:attachment":[{"href":"https:\/\/cooltivarte.com\/portal\/wp-json\/wp\/v2\/media?parent=121777"}],"wp:term":[{"taxonomy":"category","embeddable":true,"href":"https:\/\/cooltivarte.com\/portal\/wp-json\/wp\/v2\/categories?post=121777"},{"taxonomy":"post_tag","embeddable":true,"href":"https:\/\/cooltivarte.com\/portal\/wp-json\/wp\/v2\/tags?post=121777"}],"curies":[{"name":"wp","href":"https:\/\/api.w.org\/{rel}","templated":true}]}}