{"id":121686,"date":"2026-01-16T20:09:05","date_gmt":"2026-01-16T23:09:05","guid":{"rendered":"https:\/\/cooltivarte.com\/portal\/?p=121686"},"modified":"2026-01-26T17:56:35","modified_gmt":"2026-01-26T20:56:35","slug":"fito-paez-sale-el-sol-en-montevideo","status":"publish","type":"post","link":"https:\/\/cooltivarte.com\/portal\/fito-paez-sale-el-sol-en-montevideo\/","title":{"rendered":"FITO P\u00c1EZ &#8211; SALE EL SOL EN MONTEVIDEO"},"content":{"rendered":"<p><img fetchpriority=\"high\" decoding=\"async\" class=\"aligncenter wp-image-121687 size-full\" title=\"FITO P\u00c1EZ - SALE EL SOL EN MONTEVIDEO - 15 de mayo 2026 en el Antel Arena\" src=\"https:\/\/cooltivarte.com\/portal\/wp-content\/uploads\/2026\/01\/FITO-PAEZ-SALE-EL-SOL-EN-MONTEVIDEO-15-de-mayo-2026-en-el-Antel-Arena.jpg\" alt=\"FITO P\u00c1EZ - SALE EL SOL EN MONTEVIDEO - 15 de mayo 2026 en el Antel Arena\" width=\"681\" height=\"912\" srcset=\"https:\/\/cooltivarte.com\/portal\/wp-content\/uploads\/2026\/01\/FITO-PAEZ-SALE-EL-SOL-EN-MONTEVIDEO-15-de-mayo-2026-en-el-Antel-Arena.jpg 681w, https:\/\/cooltivarte.com\/portal\/wp-content\/uploads\/2026\/01\/FITO-PAEZ-SALE-EL-SOL-EN-MONTEVIDEO-15-de-mayo-2026-en-el-Antel-Arena-224x300.jpg 224w\" sizes=\"(max-width: 681px) 100vw, 681px\" \/><\/p>\n<p>&nbsp;<\/p>\n<h3><strong>FITO P\u00c1EZ &#8211; SALE EL SOL EN MONTEVIDEO &#8211; 15 de mayo 2026 en el Antel Arena<\/strong><\/h3>\n<p><a href=\"https:\/\/tickantel.com.uy\/inicio\/alta_demanda\/40020099\/espectaculo\/Fito%20P%C3%A1ez\" target=\"_blank\" rel=\"noopener\">Entradas en venta&nbsp;<\/a><\/p>\n<p>&nbsp;<\/p>\n<p>El 15 de mayo, la voz cantante llega al Antel Arena con su tour \u201cSale el sol\u201d.<br \/>\nUn espect\u00e1culo que inaugura una nueva etapa art\u00edstica: concebido desde cero, con versiones in\u00e9ditas de sus grandes himnos, nuevas lecturas de su repertorio y canciones de \u201cNovela\u201d.<\/p>\n<ul>\n<li>Preventa exclusiva para clientes BBVA desde el 13 de enero a las 10.00 am. hasta el 15 de enero a las 10.00 am. o hasta agotar stock.<\/li>\n<li>Venta general habilitada con todos los medios de pago desde el 15 de enero a las 10.01 am.<\/li>\n<\/ul>\n<p>&nbsp;<\/p>\n<p>El tour marca el inicio de una etapa completamente nueva en la vida art\u00edstica de&nbsp;<strong>Fito<\/strong>: un espect\u00e1culo concebido desde cero, con versiones in\u00e9ditas de sus grandes canciones y una selecci\u00f3n de temas pensada con precisi\u00f3n artesanal.<br \/>\nLuego de un a\u00f1o consagratorio con&nbsp;<strong><em>\u201cP\u00e1ez Tecknicolor\u201d<\/em>&nbsp;<\/strong>\u2014la gira que recorri\u00f3 Espa\u00f1a, Per\u00fa, Colombia y cerr\u00f3 en noviembre con presentaciones en Estados Unidos\u2014, el artista se embarca ahora en un proyecto distinto, dise\u00f1ado como una experiencia \u00fanica, donde cada arreglo, cada sonido y cada detalle esc\u00e9nico fueron elegidos con la minuciosidad de quien conoce profundamente su propio universo.<\/p>\n<p><strong>SALE EL SOL TOUR 2026<\/strong>&nbsp;es, al mismo tiempo, un viaje por las canciones m\u00e1s emblem\u00e1ticas de su repertorio y una nueva lectura de ellas.<\/p>\n<p><strong>Fito<\/strong>&nbsp;las revisita, las reinterpreta y las resignifica, ofreciendo un concierto que late con la energ\u00eda de su presente y la emoci\u00f3n de toda una vida dedicada a la m\u00fasica.<\/p>\n<p>En esta nueva propuesta tambi\u00e9n se integran piezas de&nbsp;<em>\u201c<strong>Novela\u201d<\/strong><\/em>, su m\u00e1s reciente \u00e1lbum conceptual y cinematogr\u00e1fico, celebrado por la cr\u00edtica y el p\u00fablico como una de sus obras m\u00e1s ambiciosas.<\/p>\n<p>El regreso al escenario montevideano promete ser una celebraci\u00f3n de la m\u00fasica, la poes\u00eda y la conexi\u00f3n irrepetible con el p\u00fablico uruguayo.<\/p>\n<p><strong>M\u00e1s que una gira, SALE EL SOL es una declaraci\u00f3n art\u00edstica: una invitaci\u00f3n a ver a <a href=\"https:\/\/cooltivarte.com\/portal\/?s=Fito+P%C3%A1ez\" target=\"_blank\" rel=\"noopener\">Fito P\u00e1ez<\/a> como nunca antes, en un momento de plenitud creativa y b\u00fasqueda constante.<\/strong><\/p>\n<p>&nbsp;<\/p>\n<p>&nbsp;TOUR 2026&nbsp;<br \/>\n<strong><em>FECHAS<\/em><em>&nbsp;CONFIRMADAS<\/em><\/strong><\/p>\n<p><img decoding=\"async\" class=\"an1\" draggable=\"false\" src=\"https:\/\/fonts.gstatic.com\/s\/e\/notoemoji\/16.0\/1f1e6_1f1f7\/72.png\" alt=\"\" data-emoji=\"\" aria-label=\"\"\/>&nbsp;<strong>08 de febrero<\/strong>&nbsp;&#8211; Festival Internacional de Pe\u00f1as<a href=\"https:\/\/gaucho.us2.list-manage.com\/track\/click?u=4831dbb184733bcf99b22f68f&amp;id=2cb82811dc&amp;e=9fa7a45928\" target=\"_blank\" rel=\"noopener\" data-saferedirecturl=\"https:\/\/www.google.com\/url?q=https:\/\/gaucho.us2.list-manage.com\/track\/click?u%3D4831dbb184733bcf99b22f68f%26id%3D2cb82811dc%26e%3D9fa7a45928&amp;source=gmail&amp;ust=1768745670828000&amp;usg=AOvVaw0HAEXBJTwmpjI9Qml74wHP\">,&nbsp;<\/a><strong>Villa Mar\u00eda&nbsp;<\/strong><span>&#8211;&nbsp;<\/span><a href=\"https:\/\/gaucho.us2.list-manage.com\/track\/click?u=4831dbb184733bcf99b22f68f&amp;id=f81d8e89f3&amp;e=9fa7a45928\" target=\"_blank\" rel=\"noopener\" data-saferedirecturl=\"https:\/\/www.google.com\/url?q=https:\/\/gaucho.us2.list-manage.com\/track\/click?u%3D4831dbb184733bcf99b22f68f%26id%3Df81d8e89f3%26e%3D9fa7a45928&amp;source=gmail&amp;ust=1768745670828000&amp;usg=AOvVaw0SlMMgOkh6RWPZvzf47dfD\">Tickets Aqu\u00ed<\/a><br \/>\n<img decoding=\"async\" class=\"an1\" draggable=\"false\" src=\"https:\/\/fonts.gstatic.com\/s\/e\/notoemoji\/16.0\/1f1e6_1f1f7\/72.png\" alt=\"\" data-emoji=\"\" aria-label=\"\"\/>&nbsp;<strong>15 de febrero<\/strong>&nbsp;&#8211; Cosquin Rock 2026<a href=\"https:\/\/gaucho.us2.list-manage.com\/track\/click?u=4831dbb184733bcf99b22f68f&amp;id=b095729236&amp;e=9fa7a45928\" target=\"_blank\" rel=\"noopener\" data-saferedirecturl=\"https:\/\/www.google.com\/url?q=https:\/\/gaucho.us2.list-manage.com\/track\/click?u%3D4831dbb184733bcf99b22f68f%26id%3Db095729236%26e%3D9fa7a45928&amp;source=gmail&amp;ust=1768745670828000&amp;usg=AOvVaw2NrLEN0kaACp0f-5OxwaDb\">,&nbsp;<\/a><strong>C\u00f3rdoba&nbsp;<\/strong><span>&#8211;&nbsp;<\/span><a href=\"https:\/\/gaucho.us2.list-manage.com\/track\/click?u=4831dbb184733bcf99b22f68f&amp;id=8661bc19d6&amp;e=9fa7a45928\" target=\"_blank\" rel=\"noopener\" data-saferedirecturl=\"https:\/\/www.google.com\/url?q=https:\/\/gaucho.us2.list-manage.com\/track\/click?u%3D4831dbb184733bcf99b22f68f%26id%3D8661bc19d6%26e%3D9fa7a45928&amp;source=gmail&amp;ust=1768745670828000&amp;usg=AOvVaw1Xk9j_EH7Ca6vXdLIqcPcJ\">Tickets Aqu\u00ed<\/a><br \/>\n<img decoding=\"async\" class=\"an1\" draggable=\"false\" src=\"https:\/\/fonts.gstatic.com\/s\/e\/notoemoji\/16.0\/1f1e6_1f1f7\/72.png\" alt=\"\" data-emoji=\"\" aria-label=\"\"\/>&nbsp;<strong>10 de marzo<\/strong>&nbsp;&#8211;&nbsp;<em>Sinf\u00f3nico<\/em>, Teatro El C\u00edrculo<a href=\"https:\/\/gaucho.us2.list-manage.com\/track\/click?u=4831dbb184733bcf99b22f68f&amp;id=fd6ab16a12&amp;e=9fa7a45928\" target=\"_blank\" rel=\"noopener\" data-saferedirecturl=\"https:\/\/www.google.com\/url?q=https:\/\/gaucho.us2.list-manage.com\/track\/click?u%3D4831dbb184733bcf99b22f68f%26id%3Dfd6ab16a12%26e%3D9fa7a45928&amp;source=gmail&amp;ust=1768745670828000&amp;usg=AOvVaw1CFifH4HbmR3mL4sd01nqZ\">,&nbsp;<\/a><strong>Rosario&nbsp;<\/strong><span>&#8211;&nbsp;<\/span><a href=\"https:\/\/gaucho.us2.list-manage.com\/track\/click?u=4831dbb184733bcf99b22f68f&amp;id=4f2a436193&amp;e=9fa7a45928\" target=\"_blank\" rel=\"noopener\" data-saferedirecturl=\"https:\/\/www.google.com\/url?q=https:\/\/gaucho.us2.list-manage.com\/track\/click?u%3D4831dbb184733bcf99b22f68f%26id%3D4f2a436193%26e%3D9fa7a45928&amp;source=gmail&amp;ust=1768745670828000&amp;usg=AOvVaw0Gx9WYXSZpGZWtTSUxQyWh\">Tickets Aqu\u00ed<\/a><br \/>\n<img decoding=\"async\" class=\"an1\" draggable=\"false\" src=\"https:\/\/fonts.gstatic.com\/s\/e\/notoemoji\/16.0\/1f1e6_1f1f7\/72.png\" alt=\"\" data-emoji=\"\" aria-label=\"\"\/>&nbsp;<strong>11 de marzo<\/strong>&nbsp;&#8211;&nbsp;<em>Piano Solo<\/em>, Teatro Astengo,&nbsp;<strong>Rosario&nbsp;<\/strong><span>&#8211;&nbsp;<\/span><a href=\"https:\/\/gaucho.us2.list-manage.com\/track\/click?u=4831dbb184733bcf99b22f68f&amp;id=dc3b773dbc&amp;e=9fa7a45928\" target=\"_blank\" rel=\"noopener\" data-saferedirecturl=\"https:\/\/www.google.com\/url?q=https:\/\/gaucho.us2.list-manage.com\/track\/click?u%3D4831dbb184733bcf99b22f68f%26id%3Ddc3b773dbc%26e%3D9fa7a45928&amp;source=gmail&amp;ust=1768745670828000&amp;usg=AOvVaw33MLjtxrnPWAkDEJUeHxDB\">Tickets Aqu\u00ed<\/a><br \/>\n<img decoding=\"async\" class=\"an1\" draggable=\"false\" src=\"https:\/\/fonts.gstatic.com\/s\/e\/notoemoji\/16.0\/1f1e6_1f1f7\/72.png\" alt=\"\" data-emoji=\"\" aria-label=\"\"\/>&nbsp;<strong>13 de marzo<\/strong>&nbsp;&#8211;&nbsp;<em>Novela,<\/em>Teatro El C\u00edrculo<a href=\"https:\/\/gaucho.us2.list-manage.com\/track\/click?u=4831dbb184733bcf99b22f68f&amp;id=a7c9c72250&amp;e=9fa7a45928\" target=\"_blank\" rel=\"noopener\" data-saferedirecturl=\"https:\/\/www.google.com\/url?q=https:\/\/gaucho.us2.list-manage.com\/track\/click?u%3D4831dbb184733bcf99b22f68f%26id%3Da7c9c72250%26e%3D9fa7a45928&amp;source=gmail&amp;ust=1768745670828000&amp;usg=AOvVaw0EIlF3osXXnHmCfPwqIo56\">,<\/a>&nbsp;<strong>Rosario&nbsp;<\/strong><span>&#8211;&nbsp;<\/span><a href=\"https:\/\/gaucho.us2.list-manage.com\/track\/click?u=4831dbb184733bcf99b22f68f&amp;id=c2f55eb69b&amp;e=9fa7a45928\" target=\"_blank\" rel=\"noopener\" data-saferedirecturl=\"https:\/\/www.google.com\/url?q=https:\/\/gaucho.us2.list-manage.com\/track\/click?u%3D4831dbb184733bcf99b22f68f%26id%3Dc2f55eb69b%26e%3D9fa7a45928&amp;source=gmail&amp;ust=1768745670828000&amp;usg=AOvVaw19fXr0W9Yj5Fq-BrWDUpGj\">Tickets Aqu\u00ed<\/a><br \/>\n<img decoding=\"async\" class=\"an1\" draggable=\"false\" src=\"https:\/\/fonts.gstatic.com\/s\/e\/notoemoji\/16.0\/1f1e6_1f1f7\/72.png\" alt=\"\" data-emoji=\"\" aria-label=\"\"\/>&nbsp;<strong>14 de marzo<\/strong>&nbsp;&#8211; Monumento a la Bandera<a href=\"https:\/\/gaucho.us2.list-manage.com\/track\/click?u=4831dbb184733bcf99b22f68f&amp;id=aa65b04594&amp;e=9fa7a45928\" target=\"_blank\" rel=\"noopener\" data-saferedirecturl=\"https:\/\/www.google.com\/url?q=https:\/\/gaucho.us2.list-manage.com\/track\/click?u%3D4831dbb184733bcf99b22f68f%26id%3Daa65b04594%26e%3D9fa7a45928&amp;source=gmail&amp;ust=1768745670828000&amp;usg=AOvVaw0WKhkYFv9fAtPZgHRWis1x\">,<\/a>&nbsp;<strong>Rosario&nbsp;<\/strong><span>&#8211;&nbsp;<span style=\"color: #daa520;\">Entrada Libre<\/span><\/span><br \/>\n<img decoding=\"async\" class=\"an1\" draggable=\"false\" src=\"https:\/\/fonts.gstatic.com\/s\/e\/notoemoji\/16.0\/1f1e6_1f1f7\/72.png\" alt=\"\" data-emoji=\"\" aria-label=\"\"\/>&nbsp;<strong>19 de marzo<\/strong>&nbsp;&#8211; Movistar Arena<a href=\"https:\/\/gaucho.us2.list-manage.com\/track\/click?u=4831dbb184733bcf99b22f68f&amp;id=12af44e233&amp;e=9fa7a45928\" target=\"_blank\" rel=\"noopener\" data-saferedirecturl=\"https:\/\/www.google.com\/url?q=https:\/\/gaucho.us2.list-manage.com\/track\/click?u%3D4831dbb184733bcf99b22f68f%26id%3D12af44e233%26e%3D9fa7a45928&amp;source=gmail&amp;ust=1768745670828000&amp;usg=AOvVaw1OLUlF2rA_JSnjv5AbGegy\">,<\/a>&nbsp;<strong>Buenos Aires&nbsp;<\/strong><span>&#8211;&nbsp;<\/span>\u2736&nbsp;<span><em><strong>SOLD OUT&nbsp;<\/strong><\/em><\/span>\u2736<br \/>\n<img decoding=\"async\" class=\"an1\" draggable=\"false\" src=\"https:\/\/fonts.gstatic.com\/s\/e\/notoemoji\/16.0\/1f1e6_1f1f7\/72.png\" alt=\"\" data-emoji=\"\" aria-label=\"\"\/>&nbsp;<strong>20 de marzo<\/strong>&nbsp;&#8211; Movistar Arena<a href=\"https:\/\/gaucho.us2.list-manage.com\/track\/click?u=4831dbb184733bcf99b22f68f&amp;id=b5d1e58c71&amp;e=9fa7a45928\" target=\"_blank\" rel=\"noopener\" data-saferedirecturl=\"https:\/\/www.google.com\/url?q=https:\/\/gaucho.us2.list-manage.com\/track\/click?u%3D4831dbb184733bcf99b22f68f%26id%3Db5d1e58c71%26e%3D9fa7a45928&amp;source=gmail&amp;ust=1768745670828000&amp;usg=AOvVaw1UJznhapvCtuIpeH_3PL4d\">,<\/a>&nbsp;<strong>Buenos Aires&nbsp;<\/strong><span>&#8211;&nbsp;<\/span>\u2736&nbsp;<span><em><strong>SOLD OUT&nbsp;<\/strong><\/em><\/span>\u2736<br \/>\n<img decoding=\"async\" class=\"an1\" draggable=\"false\" src=\"https:\/\/fonts.gstatic.com\/s\/e\/notoemoji\/16.0\/1f1e6_1f1f7\/72.png\" alt=\"\" data-emoji=\"\" aria-label=\"\"\/>&nbsp;<strong>10 de abril<\/strong>&nbsp;&#8211; Movistar Arena<a href=\"https:\/\/gaucho.us2.list-manage.com\/track\/click?u=4831dbb184733bcf99b22f68f&amp;id=97e5739460&amp;e=9fa7a45928\" target=\"_blank\" rel=\"noopener\" data-saferedirecturl=\"https:\/\/www.google.com\/url?q=https:\/\/gaucho.us2.list-manage.com\/track\/click?u%3D4831dbb184733bcf99b22f68f%26id%3D97e5739460%26e%3D9fa7a45928&amp;source=gmail&amp;ust=1768745670828000&amp;usg=AOvVaw0okmNLHH8i7bWfmEkNBhuR\">,<\/a>&nbsp;<strong>Buenos Aires<\/strong><strong>&nbsp;<\/strong><span>&#8211;&nbsp;<\/span><a href=\"https:\/\/gaucho.us2.list-manage.com\/track\/click?u=4831dbb184733bcf99b22f68f&amp;id=0aa92a3715&amp;e=9fa7a45928\" target=\"_blank\" rel=\"noopener\" data-saferedirecturl=\"https:\/\/www.google.com\/url?q=https:\/\/gaucho.us2.list-manage.com\/track\/click?u%3D4831dbb184733bcf99b22f68f%26id%3D0aa92a3715%26e%3D9fa7a45928&amp;source=gmail&amp;ust=1768745670828000&amp;usg=AOvVaw1XwuyEVwTbwSoPttCsRrmP\">Tickets Aqu\u00ed<\/a><br \/>\n<img decoding=\"async\" class=\"an1\" draggable=\"false\" src=\"https:\/\/fonts.gstatic.com\/s\/e\/notoemoji\/16.0\/1f1e6_1f1f7\/72.png\" alt=\"\" data-emoji=\"\" aria-label=\"\"\/>&nbsp;<strong>15 de abril<\/strong>&nbsp;&#8211; Estadio Ruca Che<a href=\"https:\/\/gaucho.us2.list-manage.com\/track\/click?u=4831dbb184733bcf99b22f68f&amp;id=49ad79cb91&amp;e=9fa7a45928\" target=\"_blank\" rel=\"noopener\" data-saferedirecturl=\"https:\/\/www.google.com\/url?q=https:\/\/gaucho.us2.list-manage.com\/track\/click?u%3D4831dbb184733bcf99b22f68f%26id%3D49ad79cb91%26e%3D9fa7a45928&amp;source=gmail&amp;ust=1768745670828000&amp;usg=AOvVaw2z7Hug_z46Gtgc6J9ghjRk\">,<\/a>&nbsp;<strong>Neuquen<\/strong><strong>&nbsp;<\/strong><span>&#8211;&nbsp;<\/span><a href=\"https:\/\/gaucho.us2.list-manage.com\/track\/click?u=4831dbb184733bcf99b22f68f&amp;id=3d3c153a9b&amp;e=9fa7a45928\" target=\"_blank\" rel=\"noopener\" data-saferedirecturl=\"https:\/\/www.google.com\/url?q=https:\/\/gaucho.us2.list-manage.com\/track\/click?u%3D4831dbb184733bcf99b22f68f%26id%3D3d3c153a9b%26e%3D9fa7a45928&amp;source=gmail&amp;ust=1768745670828000&amp;usg=AOvVaw2dduZecO-51KzBK8EIW8xn\">Tickets Aqu\u00ed<\/a><br \/>\n<img decoding=\"async\" class=\"an1\" draggable=\"false\" src=\"https:\/\/fonts.gstatic.com\/s\/e\/notoemoji\/16.0\/1f1e6_1f1f7\/72.png\" alt=\"\" data-emoji=\"\" aria-label=\"\"\/>&nbsp;<strong>17 de abril<\/strong>&nbsp;&#8211; Arena Maip\u00fa<a href=\"https:\/\/gaucho.us2.list-manage.com\/track\/click?u=4831dbb184733bcf99b22f68f&amp;id=4b89f2fe87&amp;e=9fa7a45928\" target=\"_blank\" rel=\"noopener\" data-saferedirecturl=\"https:\/\/www.google.com\/url?q=https:\/\/gaucho.us2.list-manage.com\/track\/click?u%3D4831dbb184733bcf99b22f68f%26id%3D4b89f2fe87%26e%3D9fa7a45928&amp;source=gmail&amp;ust=1768745670828000&amp;usg=AOvVaw03TcUQ7ctmnXCcogDsAjMw\">,<\/a>&nbsp;<strong>Mendoza<\/strong><strong>&nbsp;<\/strong><span>&#8211;&nbsp;<\/span><a href=\"https:\/\/gaucho.us2.list-manage.com\/track\/click?u=4831dbb184733bcf99b22f68f&amp;id=22a1bc55ef&amp;e=9fa7a45928\" target=\"_blank\" rel=\"noopener\" data-saferedirecturl=\"https:\/\/www.google.com\/url?q=https:\/\/gaucho.us2.list-manage.com\/track\/click?u%3D4831dbb184733bcf99b22f68f%26id%3D22a1bc55ef%26e%3D9fa7a45928&amp;source=gmail&amp;ust=1768745670828000&amp;usg=AOvVaw0loo9vSjuYDxXJoMmKgXYE\">Tickets Aqu\u00ed<\/a><br \/>\n<img decoding=\"async\" class=\"an1\" draggable=\"false\" src=\"https:\/\/fonts.gstatic.com\/s\/e\/notoemoji\/16.0\/1f1fa_1f1fe\/72.png\" alt=\"\" data-emoji=\"\" aria-label=\"\"\/>&nbsp;<strong>15 de mayo<\/strong>&nbsp;&#8211; Antel Arena<a href=\"https:\/\/gaucho.us2.list-manage.com\/track\/click?u=4831dbb184733bcf99b22f68f&amp;id=6384ca52b5&amp;e=9fa7a45928\" target=\"_blank\" rel=\"noopener\" data-saferedirecturl=\"https:\/\/www.google.com\/url?q=https:\/\/gaucho.us2.list-manage.com\/track\/click?u%3D4831dbb184733bcf99b22f68f%26id%3D6384ca52b5%26e%3D9fa7a45928&amp;source=gmail&amp;ust=1768745670828000&amp;usg=AOvVaw33BN7Lqa0PUSAls4OGmuuc\">,<\/a>&nbsp;<strong>Montevideo<\/strong><strong>&nbsp;<\/strong><span>&#8211;&nbsp;<\/span><a href=\"https:\/\/gaucho.us2.list-manage.com\/track\/click?u=4831dbb184733bcf99b22f68f&amp;id=6fb49d41ea&amp;e=9fa7a45928\" target=\"_blank\" rel=\"noopener\" data-saferedirecturl=\"https:\/\/www.google.com\/url?q=https:\/\/gaucho.us2.list-manage.com\/track\/click?u%3D4831dbb184733bcf99b22f68f%26id%3D6fb49d41ea%26e%3D9fa7a45928&amp;source=gmail&amp;ust=1768745670828000&amp;usg=AOvVaw3PUcQUFiG_MZwFNZINAFAM\">Tickets Aqu\u00ed<\/a><\/p>\n<p>&nbsp;<br \/>\n<script async src=\"https:\/\/pagead2.googlesyndication.com\/pagead\/js\/adsbygoogle.js?client=ca-pub-1258162831753121\"\n     crossorigin=\"anonymous\"><\/script><br \/>\n<ins class=\"adsbygoogle\"\n     style=\"display:block; text-align:center;\"\n     data-ad-layout=\"in-article\"\n     data-ad-format=\"fluid\"\n     data-ad-client=\"ca-pub-1258162831753121\"\n     data-ad-slot=\"9254952921\"><\/ins><br \/>\n<script>\n     (adsbygoogle = window.adsbygoogle || []).push({});\n<\/script><br \/>\n&nbsp;<\/p>\n","protected":false},"excerpt":{"rendered":"<p>FITO P\u00c1EZ &#8211; SALE EL SOL EN MONTEVIDEO &#8211; 15 de mayo 2026 en el Antel Arena<\/p>\n<p>Entradas en venta\u00a0<\/p>\n<p>El 15 de mayo, la voz cantante llega al Antel Arena con su tour \u201cSale el sol\u201d.<br \/>\nUn espect\u00e1culo que inaugura una nueva etapa art\u00edstica: concebido desde cero, con versiones in\u00e9ditas de sus grandes himnos, nuevas lecturas de su repertorio y canciones de \u201cNovela\u201d.<\/p>\n<p>Preventa exclusiva para clientes BBVA desde el 13 de enero a las 10.00 am. hasta el 15 de enero a las 10.00 am. o hasta agotar stock.<br \/>\nVenta general habilitada con todos los medios de pago desde el 15 de enero a las 10.01 am.<\/p>\n<p>El tour marca el inicio de una etapa completamente nueva en la vida art\u00edstica de\u00a0Fito: un espect\u00e1culo concebido desde cero, con versiones in\u00e9ditas de sus grandes canciones y una selecci\u00f3n de temas pensada con precisi\u00f3n artesanal.<br \/>\nLuego de un a\u00f1o consagratorio con\u00a0\u201cP\u00e1ez Tecknicolor\u201d\u00a0\u2014la gira que recorri\u00f3 Espa\u00f1a, Per\u00fa, Colombia y cerr\u00f3 en noviembre con presentaciones en Estados Unidos\u2014, el artista se embarca ahora en un proyecto distinto, dise\u00f1ado como una experiencia \u00fanica, donde cada arreglo, cada sonido y cada detalle esc\u00e9nico fueron elegidos con la minuciosidad de quien conoce profundamente su propio universo.<\/p>\n<p>SALE EL SOL TOUR 2026\u00a0es, al mismo tiempo, un viaje por las canciones m\u00e1s emblem\u00e1ticas de su repertorio y una nueva lectura de ellas.<\/p>\n<p>Fito\u00a0las revisita, las reinterpreta y las resignifica, ofreciendo un concierto que late con la energ\u00eda de su presente y la emoci\u00f3n de toda una vida dedicada a la m\u00fasica.<\/p>\n<p>En esta nueva propuesta tambi\u00e9n se integran piezas de\u00a0\u201cNovela\u201d, su m\u00e1s reciente \u00e1lbum conceptual y cinematogr\u00e1fico, celebrado por la cr\u00edtica y el p\u00fablico como una de sus obras m\u00e1s ambiciosas.<\/p>\n<p>El regreso al escenario montevideano promete ser una celebraci\u00f3n de la m\u00fasica, la poes\u00eda y la conexi\u00f3n irrepetible con el p\u00fablico uruguayo.<\/p>\n<p>M\u00e1s que una gira, SALE EL SOL es una declaraci\u00f3n art\u00edstica: una invitaci\u00f3n a ver a Fito P\u00e1ez como nunca antes, en un momento de plenitud creativa y b\u00fasqueda constante.<\/p>\n","protected":false},"author":8,"featured_media":121687,"comment_status":"closed","ping_status":"closed","sticky":false,"template":"","format":"standard","meta":{"om_disable_all_campaigns":false,"ngg_post_thumbnail":0,"jnews-multi-image_gallery":[],"jnews_single_post":{"format":"standard","override":[{"template":"4","parallax":"1","layout":"right-sidebar","sidebar":"default-sidebar","second_sidebar":"default-sidebar","sticky_sidebar":"1","share_position":"bottom","share_float_style":"share-monocrhome","show_share_counter":"1","show_view_counter":"1","show_featured":"1","show_post_meta":"1","show_post_author":"1","show_post_author_image":"1","show_post_date":"1","post_date_format":"default","post_date_format_custom":"Y\/m\/d","show_post_category":"1","post_reading_time_wpm":"300","post_calculate_word_method":"str_word_count","zoom_button_out_step":"2","zoom_button_in_step":"3","show_post_tag":"1","show_prev_next_post":"1","show_popup_post":"1","show_comment_section":"1","number_popup_post":"1","show_author_box":"1","show_post_related":"0","show_inline_post_related":"0"}],"image_override":[{"single_post_thumbnail_size":"no-crop","single_post_gallery_size":"crop-500"}],"trending_post_position":"meta","trending_post_label":"Trending","sponsored_post_label":"Sponsored by","disable_ad":"0","subtitle":"15 de mayo 2026 en el Antel Arena"},"jnews_primary_category":[],"jnews_social_meta":[],"jnews_override_counter":{"view_counter_number":"0","share_counter_number":"0","like_counter_number":"0","dislike_counter_number":"0"},"footnotes":""},"categories":[3394],"tags":[7467,358,25422,25421],"class_list":["post-121686","post","type-post","status-publish","format-standard","has-post-thumbnail","hentry","category-eventos","tag-antel-arena","tag-fito-paez","tag-sale-el-sol","tag-sale-el-sol-tour-2026"],"yoast_head":"<!-- This site is optimized with the Yoast SEO plugin v27.5 - https:\/\/yoast.com\/product\/yoast-seo-wordpress\/ -->\n<title>FITO P\u00c1EZ - SALE EL SOL EN MONTEVIDEO - Cooltivarte Portal<\/title>\n<meta name=\"description\" content=\"M\u00e1s que una gira, SALE EL SOL es una declaraci\u00f3n art\u00edstica: una invitaci\u00f3n a ver a Fito P\u00e1ez como nunca antes, en un momento de plenitud creativa y b\u00fasqueda constante.\" \/>\n<meta name=\"robots\" content=\"index, follow, max-snippet:-1, max-image-preview:large, max-video-preview:-1\" \/>\n<link rel=\"canonical\" href=\"https:\/\/cooltivarte.com\/portal\/fito-paez-sale-el-sol-en-montevideo\/\" \/>\n<meta property=\"og:locale\" content=\"es_ES\" \/>\n<meta property=\"og:type\" content=\"article\" \/>\n<meta property=\"og:title\" content=\"FITO P\u00c1EZ - SALE EL SOL EN MONTEVIDEO - 15 de mayo 2026 en el Antel Arena\" \/>\n<meta property=\"og:description\" content=\"M\u00e1s que una gira, SALE EL SOL es una declaraci\u00f3n art\u00edstica: una invitaci\u00f3n a ver a Fito P\u00e1ez como nunca antes, en un momento de plenitud creativa y b\u00fasqueda constante.\" \/>\n<meta property=\"og:url\" content=\"https:\/\/cooltivarte.com\/portal\/fito-paez-sale-el-sol-en-montevideo\/\" \/>\n<meta property=\"og:site_name\" content=\"Cooltivarte Portal\" \/>\n<meta property=\"article:publisher\" content=\"https:\/\/www.facebook.com\/cooltivartecom\/\" \/>\n<meta property=\"article:author\" content=\"https:\/\/www.facebook.com\/cooltivartecom\" \/>\n<meta property=\"article:published_time\" content=\"2026-01-16T23:09:05+00:00\" \/>\n<meta property=\"article:modified_time\" content=\"2026-01-26T20:56:35+00:00\" \/>\n<meta property=\"og:image\" content=\"https:\/\/cooltivarte.com\/portal\/wp-content\/uploads\/2026\/01\/FITO-PAEZ-SALE-EL-SOL-EN-MONTEVIDEO-15-de-mayo-2026-en-el-Antel-Arena.jpg\" \/>\n\t<meta property=\"og:image:width\" content=\"681\" \/>\n\t<meta property=\"og:image:height\" content=\"912\" \/>\n\t<meta property=\"og:image:type\" content=\"image\/jpeg\" \/>\n<meta name=\"author\" content=\"Cooltivarte\" \/>\n<meta name=\"twitter:card\" content=\"summary_large_image\" \/>\n<meta name=\"twitter:title\" content=\"FITO P\u00c1EZ - SALE EL SOL EN MONTEVIDEO - 15 de mayo 2026 en el Antel Arena\" \/>\n<meta name=\"twitter:description\" content=\"M\u00e1s que una gira, SALE EL SOL es una declaraci\u00f3n art\u00edstica: una invitaci\u00f3n a ver a Fito P\u00e1ez como nunca antes, en un momento de plenitud creativa y b\u00fasqueda constante.\" \/>\n<meta name=\"twitter:image\" content=\"https:\/\/cooltivarte.com\/portal\/wp-content\/uploads\/2026\/01\/FITO-PAEZ-SALE-EL-SOL-EN-MONTEVIDEO-15-de-mayo-2026-en-el-Antel-Arena.jpg\" \/>\n<meta name=\"twitter:creator\" content=\"@https:\/\/x.com\/obolocultural\" \/>\n<meta name=\"twitter:site\" content=\"@obolocultural\" \/>\n<meta name=\"twitter:label1\" content=\"Escrito por\" \/>\n\t<meta name=\"twitter:data1\" content=\"Cooltivarte\" \/>\n\t<meta name=\"twitter:label2\" content=\"Tiempo de lectura\" \/>\n\t<meta name=\"twitter:data2\" content=\"5 minutos\" \/>\n<!-- \/ Yoast SEO plugin. -->","yoast_head_json":{"title":"FITO P\u00c1EZ - SALE EL SOL EN MONTEVIDEO - Cooltivarte Portal","description":"M\u00e1s que una gira, SALE EL SOL es una declaraci\u00f3n art\u00edstica: una invitaci\u00f3n a ver a Fito P\u00e1ez como nunca antes, en un momento de plenitud creativa y b\u00fasqueda constante.","robots":{"index":"index","follow":"follow","max-snippet":"max-snippet:-1","max-image-preview":"max-image-preview:large","max-video-preview":"max-video-preview:-1"},"canonical":"https:\/\/cooltivarte.com\/portal\/fito-paez-sale-el-sol-en-montevideo\/","og_locale":"es_ES","og_type":"article","og_title":"FITO P\u00c1EZ - SALE EL SOL EN MONTEVIDEO - 15 de mayo 2026 en el Antel Arena","og_description":"M\u00e1s que una gira, SALE EL SOL es una declaraci\u00f3n art\u00edstica: una invitaci\u00f3n a ver a Fito P\u00e1ez como nunca antes, en un momento de plenitud creativa y b\u00fasqueda constante.","og_url":"https:\/\/cooltivarte.com\/portal\/fito-paez-sale-el-sol-en-montevideo\/","og_site_name":"Cooltivarte Portal","article_publisher":"https:\/\/www.facebook.com\/cooltivartecom\/","article_author":"https:\/\/www.facebook.com\/cooltivartecom","article_published_time":"2026-01-16T23:09:05+00:00","article_modified_time":"2026-01-26T20:56:35+00:00","og_image":[{"width":681,"height":912,"url":"https:\/\/cooltivarte.com\/portal\/wp-content\/uploads\/2026\/01\/FITO-PAEZ-SALE-EL-SOL-EN-MONTEVIDEO-15-de-mayo-2026-en-el-Antel-Arena.jpg","type":"image\/jpeg"}],"author":"Cooltivarte","twitter_card":"summary_large_image","twitter_title":"FITO P\u00c1EZ - SALE EL SOL EN MONTEVIDEO - 15 de mayo 2026 en el Antel Arena","twitter_description":"M\u00e1s que una gira, SALE EL SOL es una declaraci\u00f3n art\u00edstica: una invitaci\u00f3n a ver a Fito P\u00e1ez como nunca antes, en un momento de plenitud creativa y b\u00fasqueda constante.","twitter_image":"https:\/\/cooltivarte.com\/portal\/wp-content\/uploads\/2026\/01\/FITO-PAEZ-SALE-EL-SOL-EN-MONTEVIDEO-15-de-mayo-2026-en-el-Antel-Arena.jpg","twitter_creator":"@https:\/\/x.com\/obolocultural","twitter_site":"@obolocultural","twitter_misc":{"Escrito por":"Cooltivarte","Tiempo de lectura":"5 minutos"},"schema":{"@context":"https:\/\/schema.org","@graph":[{"@type":"NewsArticle","@id":"https:\/\/cooltivarte.com\/portal\/fito-paez-sale-el-sol-en-montevideo\/#article","isPartOf":{"@id":"https:\/\/cooltivarte.com\/portal\/fito-paez-sale-el-sol-en-montevideo\/"},"author":{"name":"Cooltivarte","@id":"https:\/\/cooltivarte.com\/portal\/#\/schema\/person\/ec2a4f4e71b740d0c559c0ab9a157e19"},"headline":"FITO P\u00c1EZ &#8211; SALE EL SOL EN MONTEVIDEO","datePublished":"2026-01-16T23:09:05+00:00","dateModified":"2026-01-26T20:56:35+00:00","mainEntityOfPage":{"@id":"https:\/\/cooltivarte.com\/portal\/fito-paez-sale-el-sol-en-montevideo\/"},"wordCount":593,"publisher":{"@id":"https:\/\/cooltivarte.com\/portal\/#organization"},"image":{"@id":"https:\/\/cooltivarte.com\/portal\/fito-paez-sale-el-sol-en-montevideo\/#primaryimage"},"thumbnailUrl":"https:\/\/cooltivarte.com\/portal\/wp-content\/uploads\/2026\/01\/FITO-PAEZ-SALE-EL-SOL-EN-MONTEVIDEO-15-de-mayo-2026-en-el-Antel-Arena.jpg","keywords":["Antel Arena","Fito P\u00e1ez","SALE EL SOL","SALE EL SOL TOUR 2026"],"articleSection":["Eventos"],"inLanguage":"es-AR"},{"@type":"WebPage","@id":"https:\/\/cooltivarte.com\/portal\/fito-paez-sale-el-sol-en-montevideo\/","url":"https:\/\/cooltivarte.com\/portal\/fito-paez-sale-el-sol-en-montevideo\/","name":"FITO P\u00c1EZ - SALE EL SOL EN MONTEVIDEO - Cooltivarte Portal","isPartOf":{"@id":"https:\/\/cooltivarte.com\/portal\/#website"},"primaryImageOfPage":{"@id":"https:\/\/cooltivarte.com\/portal\/fito-paez-sale-el-sol-en-montevideo\/#primaryimage"},"image":{"@id":"https:\/\/cooltivarte.com\/portal\/fito-paez-sale-el-sol-en-montevideo\/#primaryimage"},"thumbnailUrl":"https:\/\/cooltivarte.com\/portal\/wp-content\/uploads\/2026\/01\/FITO-PAEZ-SALE-EL-SOL-EN-MONTEVIDEO-15-de-mayo-2026-en-el-Antel-Arena.jpg","datePublished":"2026-01-16T23:09:05+00:00","dateModified":"2026-01-26T20:56:35+00:00","description":"M\u00e1s que una gira, SALE EL SOL es una declaraci\u00f3n art\u00edstica: una invitaci\u00f3n a ver a Fito P\u00e1ez como nunca antes, en un momento de plenitud creativa y b\u00fasqueda constante.","breadcrumb":{"@id":"https:\/\/cooltivarte.com\/portal\/fito-paez-sale-el-sol-en-montevideo\/#breadcrumb"},"inLanguage":"es-AR","potentialAction":[{"@type":"ReadAction","target":["https:\/\/cooltivarte.com\/portal\/fito-paez-sale-el-sol-en-montevideo\/"]}]},{"@type":"ImageObject","inLanguage":"es-AR","@id":"https:\/\/cooltivarte.com\/portal\/fito-paez-sale-el-sol-en-montevideo\/#primaryimage","url":"https:\/\/cooltivarte.com\/portal\/wp-content\/uploads\/2026\/01\/FITO-PAEZ-SALE-EL-SOL-EN-MONTEVIDEO-15-de-mayo-2026-en-el-Antel-Arena.jpg","contentUrl":"https:\/\/cooltivarte.com\/portal\/wp-content\/uploads\/2026\/01\/FITO-PAEZ-SALE-EL-SOL-EN-MONTEVIDEO-15-de-mayo-2026-en-el-Antel-Arena.jpg","width":681,"height":912,"caption":"FITO P\u00c1EZ - SALE EL SOL EN MONTEVIDEO - 15 de mayo 2026 en el Antel Arena"},{"@type":"BreadcrumbList","@id":"https:\/\/cooltivarte.com\/portal\/fito-paez-sale-el-sol-en-montevideo\/#breadcrumb","itemListElement":[{"@type":"ListItem","position":1,"name":"Portada","item":"https:\/\/cooltivarte.com\/portal\/"},{"@type":"ListItem","position":2,"name":"FITO P\u00c1EZ &#8211; SALE EL SOL EN MONTEVIDEO"}]},{"@type":"WebSite","@id":"https:\/\/cooltivarte.com\/portal\/#website","url":"https:\/\/cooltivarte.com\/portal\/","name":"Cooltivarte Portal","description":"Arte, cultura y turismo para el mundo ...","publisher":{"@id":"https:\/\/cooltivarte.com\/portal\/#organization"},"potentialAction":[{"@type":"SearchAction","target":{"@type":"EntryPoint","urlTemplate":"https:\/\/cooltivarte.com\/portal\/?s={search_term_string}"},"query-input":{"@type":"PropertyValueSpecification","valueRequired":true,"valueName":"search_term_string"}}],"inLanguage":"es-AR"},{"@type":"Organization","@id":"https:\/\/cooltivarte.com\/portal\/#organization","name":"cooltivarte","url":"https:\/\/cooltivarte.com\/portal\/","logo":{"@type":"ImageObject","inLanguage":"es-AR","@id":"https:\/\/cooltivarte.com\/portal\/#\/schema\/logo\/image\/","url":"https:\/\/cooltivarte.com\/portal\/wp-content\/uploads\/2020\/04\/logo-cooltivarte-v2.png","contentUrl":"https:\/\/cooltivarte.com\/portal\/wp-content\/uploads\/2020\/04\/logo-cooltivarte-v2.png","width":851,"height":243,"caption":"cooltivarte"},"image":{"@id":"https:\/\/cooltivarte.com\/portal\/#\/schema\/logo\/image\/"},"sameAs":["https:\/\/www.facebook.com\/cooltivartecom\/","https:\/\/x.com\/obolocultural","https:\/\/www.instagram.com\/_cooltivarte_\/","https:\/\/www.linkedin.com\/company\/-bolocultural?reportsuccess=8zaNG1HwhPbAR9iQhZ5rfGeqz_vQFftHun0ZWU0Wy9vNemRJ8vtcKdJvzQfW8XagyOJSKg0XvfJ1dp","https:\/\/www.pinterest.com\/cooltivarte\/","https:\/\/cooltivarte.tumblr.com\/","https:\/\/www.tiktok.com\/@cooltivarte","https:\/\/www.youtube.com\/@PrensaCooltivarte"]},{"@type":"Person","@id":"https:\/\/cooltivarte.com\/portal\/#\/schema\/person\/ec2a4f4e71b740d0c559c0ab9a157e19","name":"Cooltivarte","image":{"@type":"ImageObject","inLanguage":"es-AR","@id":"https:\/\/cooltivarte.com\/portal\/wp-content\/uploads\/2014\/05\/logo-cooltivarte-120x120.jpg","url":"https:\/\/cooltivarte.com\/portal\/wp-content\/uploads\/2014\/05\/logo-cooltivarte-120x120.jpg","contentUrl":"https:\/\/cooltivarte.com\/portal\/wp-content\/uploads\/2014\/05\/logo-cooltivarte-120x120.jpg","caption":"Cooltivarte"},"description":"Somos COOLTIVARTE.COM. Un portal digital dedicado a difundir el acontecer art\u00edstico y cultural del Uruguay. Estamos en la vuelta desde el a\u00f1o 2003, y como evoluci\u00f3n del bolet\u00edn Obolo Cultural, nos encontramos abocados a apoyar a los artistas nacionales brind\u00e1ndoles un espacio de difusi\u00f3n. Creemos en la idea de utilizar la potencialidad que hoy d\u00eda nos otorga la web, para que la cultura uruguaya y sus creadores dispongan de una din\u00e1mica ventana, que los ponga en contacto entre s\u00ed y con el mundo. Somos COOLTIVARTE.COM y pretendemos configurarnos como un portal din\u00e1mico, entretenido y atento a los nuevos emprendimientos, que busque siempre la interacci\u00f3n con los artistas.","sameAs":["http:\/\/www.cooltivarte.com","https:\/\/www.facebook.com\/cooltivartecom","https:\/\/www.instagram.com\/_cooltivarte_\/","https:\/\/www.linkedin.com\/company\/-bolocultural","https:\/\/www.pinterest.com\/cooltivarte\/","https:\/\/x.com\/https:\/\/x.com\/obolocultural","https:\/\/www.youtube.com\/@PrensaCooltivarte","https:\/\/www.tumblr.com\/blog\/cooltivarte"],"url":"https:\/\/cooltivarte.com\/portal\/author\/cooltivarte\/"}]}},"_links":{"self":[{"href":"https:\/\/cooltivarte.com\/portal\/wp-json\/wp\/v2\/posts\/121686","targetHints":{"allow":["GET"]}}],"collection":[{"href":"https:\/\/cooltivarte.com\/portal\/wp-json\/wp\/v2\/posts"}],"about":[{"href":"https:\/\/cooltivarte.com\/portal\/wp-json\/wp\/v2\/types\/post"}],"author":[{"embeddable":true,"href":"https:\/\/cooltivarte.com\/portal\/wp-json\/wp\/v2\/users\/8"}],"replies":[{"embeddable":true,"href":"https:\/\/cooltivarte.com\/portal\/wp-json\/wp\/v2\/comments?post=121686"}],"version-history":[{"count":3,"href":"https:\/\/cooltivarte.com\/portal\/wp-json\/wp\/v2\/posts\/121686\/revisions"}],"predecessor-version":[{"id":122011,"href":"https:\/\/cooltivarte.com\/portal\/wp-json\/wp\/v2\/posts\/121686\/revisions\/122011"}],"wp:featuredmedia":[{"embeddable":true,"href":"https:\/\/cooltivarte.com\/portal\/wp-json\/wp\/v2\/media\/121687"}],"wp:attachment":[{"href":"https:\/\/cooltivarte.com\/portal\/wp-json\/wp\/v2\/media?parent=121686"}],"wp:term":[{"taxonomy":"category","embeddable":true,"href":"https:\/\/cooltivarte.com\/portal\/wp-json\/wp\/v2\/categories?post=121686"},{"taxonomy":"post_tag","embeddable":true,"href":"https:\/\/cooltivarte.com\/portal\/wp-json\/wp\/v2\/tags?post=121686"}],"curies":[{"name":"wp","href":"https:\/\/api.w.org\/{rel}","templated":true}]}}