{"id":121577,"date":"2026-01-19T17:34:32","date_gmt":"2026-01-19T20:34:32","guid":{"rendered":"https:\/\/cooltivarte.com\/portal\/?p=121577"},"modified":"2026-04-12T23:06:39","modified_gmt":"2026-04-13T02:06:39","slug":"seria-una-pena-que-se-marchitaran-las-plantas-de-ivor-martinic","status":"publish","type":"post","link":"https:\/\/cooltivarte.com\/portal\/seria-una-pena-que-se-marchitaran-las-plantas-de-ivor-martinic\/","title":{"rendered":"&#8220;Ser\u00eda una pena que se marchitaran las plantas&#8221; de Ivor Martinic"},"content":{"rendered":"\r\n<p><em>Una pareja atraviesa la ruptura en un departamento que guarda la memoria de lo vivido: discusiones peque\u00f1as, gestos tiernos, recuerdos que no siempre coinciden, y unas plantas que esperan no marchitarse.<\/em><br \/><br \/>Entre lo \u00edntimo y lo teatral, una voz inesperada acompa\u00f1a la escena y abre grietas por donde se filtra la pregunta esencial: \u00bfc\u00f3mo amamos, c\u00f3mo dejamos de amar y qu\u00e9 queda de nosotros despu\u00e9s?<br \/><br \/>Una historia sobre el amor y su p\u00e9rdida, sobre lo que permanece y lo que se olvida&#8230;<\/p>\r\n<div>&nbsp;<\/div>\r\n<div><img fetchpriority=\"high\" decoding=\"async\" class=\"aligncenter size-large wp-image-121778\" src=\"https:\/\/cooltivarte.com\/portal\/wp-content\/uploads\/2026\/01\/seria_una_pena_que_se_marchitaran-588x1024.png\" alt=\"\" width=\"588\" height=\"1024\" srcset=\"https:\/\/cooltivarte.com\/portal\/wp-content\/uploads\/2026\/01\/seria_una_pena_que_se_marchitaran-588x1024.png 588w, https:\/\/cooltivarte.com\/portal\/wp-content\/uploads\/2026\/01\/seria_una_pena_que_se_marchitaran-172x300.png 172w, https:\/\/cooltivarte.com\/portal\/wp-content\/uploads\/2026\/01\/seria_una_pena_que_se_marchitaran-768x1337.png 768w, https:\/\/cooltivarte.com\/portal\/wp-content\/uploads\/2026\/01\/seria_una_pena_que_se_marchitaran.png 772w\" sizes=\"(max-width: 588px) 100vw, 588px\" \/><b>Autor\u00eda:&nbsp;<\/b><span class=\"v1font-line-height-xl\">Ivor Martinic. <\/span><b>Act\u00faan:&nbsp;<\/b><span class=\"v1font-line-height-xl\">Nadia F\u00fcrst, Mauro J. P\u00e9rez, Toto Salinas.<b>Direcci\u00f3n:&nbsp;<\/b>Samir Carrillo.<\/span><\/div>\r\n<div>&nbsp;<\/div>\r\n<div>&nbsp;<\/div>\r\n<div>&nbsp;<\/div>\r\n<div>&nbsp;<\/div>\r\n<div><span class=\"v1font-line-height-xl\"> <img decoding=\"async\" class=\"aligncenter size-full wp-image-121783\" src=\"https:\/\/cooltivarte.com\/portal\/wp-content\/uploads\/2026\/01\/Ivor_Martinic-1.jpg\" alt=\"\" width=\"1000\" height=\"678\" srcset=\"https:\/\/cooltivarte.com\/portal\/wp-content\/uploads\/2026\/01\/Ivor_Martinic-1.jpg 1000w, https:\/\/cooltivarte.com\/portal\/wp-content\/uploads\/2026\/01\/Ivor_Martinic-1-300x203.jpg 300w, https:\/\/cooltivarte.com\/portal\/wp-content\/uploads\/2026\/01\/Ivor_Martinic-1-768x521.jpg 768w\" sizes=\"(max-width: 1000px) 100vw, 1000px\" \/><\/span><strong>Ivor Martinic<\/strong> (Split, 1984) es un reconocido dramaturgo croata, graduado en Zagreb, con m\u00e1s de 20 premios nacionales e internacionales. Debut\u00f3 en 2009 con Aqu\u00ed dice el t\u00edtulo del drama sobre Ante, pero alcanz\u00f3 gran notoriedad con Drama sobre Mirjana y los que la rodean (2010) y, sobre todo, con Mi hijo s\u00f3lo camina un poco m\u00e1s lento (2011), una de las obras m\u00e1s premiadas de Croacia. Su teatro se ha representado en Europa y Latinoam\u00e9rica, con especial \u00e9xito en Argentina, donde colabora estrechamente con el director Guillermo Cacace desde 2014. La versi\u00f3n argentina de Mi hijo s\u00f3lo camina un poco m\u00e1s lento fue considerada &#8220;fen\u00f3meno del teatro off&#8221;. En 2019 fund\u00f3 la compa\u00f1\u00eda independiente T25 y desde entonces combina escritura, direcci\u00f3n y actuaci\u00f3n. Entre sus obras recientes est\u00e1n Ser\u00eda una pena que se marchitaran las plantas, Drama feliz de un joven del pa\u00eds m\u00e1s violento del mundo y El premio gordo. Hoy vive en Barcelona y presenta sus trabajos en Europa y Latinoam\u00e9rica.<br \/><br \/><br \/>S\u00c1BADOS A LAS 20.30 HORAS<br \/><br \/>El M\u00e9todo Kair\u00f3s &#8211; El Salvador 4530<br \/><br \/>Entradas en venta por<a href=\"https:\/\/www.alternativateatral.com.ar\/\"> Alternativa Teatral<\/a><\/div>\r\n","protected":false},"excerpt":{"rendered":"<p>Una pareja atraviesa la ruptura en un departamento que guarda la memoria de lo vivido: discusiones peque\u00f1as, gestos tiernos, recuerdos que no siempre coinciden, y unas plantas que esperan no marchitarse.<\/p>\n<p>Entre lo \u00edntimo y lo teatral, una voz inesperada acompa\u00f1a la escena y abre grietas por donde se filtra la pregunta esencial: \u00bfc\u00f3mo amamos, c\u00f3mo dejamos de amar y qu\u00e9 queda de nosotros despu\u00e9s?<\/p>\n<p>Una historia sobre el amor y su p\u00e9rdida, sobre lo que permanece y lo que se olvida&#8230;<\/p>\n","protected":false},"author":134,"featured_media":121781,"comment_status":"closed","ping_status":"closed","sticky":false,"template":"","format":"standard","meta":{"om_disable_all_campaigns":false,"ngg_post_thumbnail":0,"jnews-multi-image_gallery":[],"jnews_single_post":{"format":"standard","override":[{"template":"4","parallax":"1","layout":"right-sidebar","sidebar":"default-sidebar","second_sidebar":"default-sidebar","sticky_sidebar":"1","share_position":"bottom","share_float_style":"share-monocrhome","show_share_counter":"1","show_view_counter":"1","show_featured":"1","show_post_meta":"1","show_post_author":"1","show_post_author_image":"1","show_post_date":"1","post_date_format":"default","post_date_format_custom":"Y\/m\/d","show_post_category":"1","post_reading_time_wpm":"300","post_calculate_word_method":"str_word_count","zoom_button_out_step":"2","zoom_button_in_step":"3","show_post_tag":"1","show_prev_next_post":"1","show_popup_post":"1","show_comment_section":"1","number_popup_post":"1","show_author_box":"1","show_post_related":"0","show_inline_post_related":"0"}],"image_override":[{"single_post_thumbnail_size":"no-crop","single_post_gallery_size":"crop-500"}],"trending_post_position":"meta","trending_post_label":"Trending","sponsored_post_label":"Sponsored by","disable_ad":"0","subtitle":""},"jnews_primary_category":[],"jnews_social_meta":[],"jnews_override_counter":{"view_counter_number":"0","share_counter_number":"0","like_counter_number":"0","dislike_counter_number":"0"},"footnotes":""},"categories":[6008],"tags":[],"class_list":["post-121577","post","type-post","status-publish","format-standard","has-post-thumbnail","hentry","category-desde-buenos-aires"],"yoast_head":"<!-- This site is optimized with the Yoast SEO plugin v27.5 - https:\/\/yoast.com\/product\/yoast-seo-wordpress\/ -->\n<title>&quot;Ser\u00eda una pena que se marchitaran las plantas&quot; de Ivor Martinic - Cooltivarte Portal<\/title>\n<meta name=\"description\" content=\"Una pareja atraviesa la ruptura en un departamento que guarda la memoria de lo vivido: discusiones peque\u00f1as, gestos tiernos, recuerdos que no siempre coinciden, y unas plantas que esperan no marchitarse.\" \/>\n<meta name=\"robots\" content=\"index, follow, max-snippet:-1, max-image-preview:large, max-video-preview:-1\" \/>\n<link rel=\"canonical\" href=\"https:\/\/cooltivarte.com\/portal\/seria-una-pena-que-se-marchitaran-las-plantas-de-ivor-martinic\/\" \/>\n<meta property=\"og:locale\" content=\"es_ES\" \/>\n<meta property=\"og:type\" content=\"article\" \/>\n<meta property=\"og:title\" content=\"&quot;Ser\u00eda una pena que se marchitaran las plantas&quot; de Ivor Martinic - Cooltivarte Portal\" \/>\n<meta property=\"og:description\" content=\"Una pareja atraviesa la ruptura en un departamento que guarda la memoria de lo vivido: discusiones peque\u00f1as, gestos tiernos, recuerdos que no siempre coinciden, y unas plantas que esperan no marchitarse.\" \/>\n<meta property=\"og:url\" content=\"https:\/\/cooltivarte.com\/portal\/seria-una-pena-que-se-marchitaran-las-plantas-de-ivor-martinic\/\" \/>\n<meta property=\"og:site_name\" content=\"Cooltivarte Portal\" \/>\n<meta property=\"article:publisher\" content=\"https:\/\/www.facebook.com\/cooltivartecom\/\" \/>\n<meta property=\"article:author\" content=\"https:\/\/www.facebook.com\/pato.bue?ref=br_rs\" \/>\n<meta property=\"article:published_time\" content=\"2026-01-19T20:34:32+00:00\" \/>\n<meta property=\"article:modified_time\" content=\"2026-04-13T02:06:39+00:00\" \/>\n<meta property=\"og:image\" content=\"https:\/\/cooltivarte.com\/portal\/wp-content\/uploads\/2026\/01\/seria_una_pena_-_febrero_2026.jpeg\" \/>\n\t<meta property=\"og:image:width\" content=\"1080\" \/>\n\t<meta property=\"og:image:height\" content=\"1350\" \/>\n\t<meta property=\"og:image:type\" content=\"image\/jpeg\" \/>\n<meta name=\"author\" content=\"Patricia Ianniruberto\" \/>\n<meta name=\"twitter:card\" content=\"summary_large_image\" \/>\n<meta name=\"twitter:creator\" content=\"@https:\/\/x.com\/obolocultural\" \/>\n<meta name=\"twitter:site\" content=\"@obolocultural\" \/>\n<meta name=\"twitter:label1\" content=\"Escrito por\" \/>\n\t<meta name=\"twitter:data1\" content=\"Patricia Ianniruberto\" \/>\n\t<meta name=\"twitter:label2\" content=\"Tiempo de lectura\" \/>\n\t<meta name=\"twitter:data2\" content=\"2 minutos\" \/>\n<!-- \/ Yoast SEO plugin. -->","yoast_head_json":{"title":"\"Ser\u00eda una pena que se marchitaran las plantas\" de Ivor Martinic - Cooltivarte Portal","description":"Una pareja atraviesa la ruptura en un departamento que guarda la memoria de lo vivido: discusiones peque\u00f1as, gestos tiernos, recuerdos que no siempre coinciden, y unas plantas que esperan no marchitarse.","robots":{"index":"index","follow":"follow","max-snippet":"max-snippet:-1","max-image-preview":"max-image-preview:large","max-video-preview":"max-video-preview:-1"},"canonical":"https:\/\/cooltivarte.com\/portal\/seria-una-pena-que-se-marchitaran-las-plantas-de-ivor-martinic\/","og_locale":"es_ES","og_type":"article","og_title":"\"Ser\u00eda una pena que se marchitaran las plantas\" de Ivor Martinic - Cooltivarte Portal","og_description":"Una pareja atraviesa la ruptura en un departamento que guarda la memoria de lo vivido: discusiones peque\u00f1as, gestos tiernos, recuerdos que no siempre coinciden, y unas plantas que esperan no marchitarse.","og_url":"https:\/\/cooltivarte.com\/portal\/seria-una-pena-que-se-marchitaran-las-plantas-de-ivor-martinic\/","og_site_name":"Cooltivarte Portal","article_publisher":"https:\/\/www.facebook.com\/cooltivartecom\/","article_author":"https:\/\/www.facebook.com\/pato.bue?ref=br_rs","article_published_time":"2026-01-19T20:34:32+00:00","article_modified_time":"2026-04-13T02:06:39+00:00","og_image":[{"width":1080,"height":1350,"url":"https:\/\/cooltivarte.com\/portal\/wp-content\/uploads\/2026\/01\/seria_una_pena_-_febrero_2026.jpeg","type":"image\/jpeg"}],"author":"Patricia Ianniruberto","twitter_card":"summary_large_image","twitter_creator":"@https:\/\/x.com\/obolocultural","twitter_site":"@obolocultural","twitter_misc":{"Escrito por":"Patricia Ianniruberto","Tiempo de lectura":"2 minutos"},"schema":{"@context":"https:\/\/schema.org","@graph":[{"@type":"NewsArticle","@id":"https:\/\/cooltivarte.com\/portal\/seria-una-pena-que-se-marchitaran-las-plantas-de-ivor-martinic\/#article","isPartOf":{"@id":"https:\/\/cooltivarte.com\/portal\/seria-una-pena-que-se-marchitaran-las-plantas-de-ivor-martinic\/"},"author":{"name":"Patricia Ianniruberto","@id":"https:\/\/cooltivarte.com\/portal\/#\/schema\/person\/efd7b91a624d2d005d1571effe8c04b9"},"headline":"&#8220;Ser\u00eda una pena que se marchitaran las plantas&#8221; de Ivor Martinic","datePublished":"2026-01-19T20:34:32+00:00","dateModified":"2026-04-13T02:06:39+00:00","mainEntityOfPage":{"@id":"https:\/\/cooltivarte.com\/portal\/seria-una-pena-que-se-marchitaran-las-plantas-de-ivor-martinic\/"},"wordCount":321,"publisher":{"@id":"https:\/\/cooltivarte.com\/portal\/#organization"},"image":{"@id":"https:\/\/cooltivarte.com\/portal\/seria-una-pena-que-se-marchitaran-las-plantas-de-ivor-martinic\/#primaryimage"},"thumbnailUrl":"https:\/\/cooltivarte.com\/portal\/wp-content\/uploads\/2026\/01\/seria_una_pena_-_febrero_2026.jpeg","articleSection":["Desde Buenos Aires"],"inLanguage":"es-AR"},{"@type":"WebPage","@id":"https:\/\/cooltivarte.com\/portal\/seria-una-pena-que-se-marchitaran-las-plantas-de-ivor-martinic\/","url":"https:\/\/cooltivarte.com\/portal\/seria-una-pena-que-se-marchitaran-las-plantas-de-ivor-martinic\/","name":"\"Ser\u00eda una pena que se marchitaran las plantas\" de Ivor Martinic - Cooltivarte Portal","isPartOf":{"@id":"https:\/\/cooltivarte.com\/portal\/#website"},"primaryImageOfPage":{"@id":"https:\/\/cooltivarte.com\/portal\/seria-una-pena-que-se-marchitaran-las-plantas-de-ivor-martinic\/#primaryimage"},"image":{"@id":"https:\/\/cooltivarte.com\/portal\/seria-una-pena-que-se-marchitaran-las-plantas-de-ivor-martinic\/#primaryimage"},"thumbnailUrl":"https:\/\/cooltivarte.com\/portal\/wp-content\/uploads\/2026\/01\/seria_una_pena_-_febrero_2026.jpeg","datePublished":"2026-01-19T20:34:32+00:00","dateModified":"2026-04-13T02:06:39+00:00","description":"Una pareja atraviesa la ruptura en un departamento que guarda la memoria de lo vivido: discusiones peque\u00f1as, gestos tiernos, recuerdos que no siempre coinciden, y unas plantas que esperan no marchitarse.","breadcrumb":{"@id":"https:\/\/cooltivarte.com\/portal\/seria-una-pena-que-se-marchitaran-las-plantas-de-ivor-martinic\/#breadcrumb"},"inLanguage":"es-AR","potentialAction":[{"@type":"ReadAction","target":["https:\/\/cooltivarte.com\/portal\/seria-una-pena-que-se-marchitaran-las-plantas-de-ivor-martinic\/"]}]},{"@type":"ImageObject","inLanguage":"es-AR","@id":"https:\/\/cooltivarte.com\/portal\/seria-una-pena-que-se-marchitaran-las-plantas-de-ivor-martinic\/#primaryimage","url":"https:\/\/cooltivarte.com\/portal\/wp-content\/uploads\/2026\/01\/seria_una_pena_-_febrero_2026.jpeg","contentUrl":"https:\/\/cooltivarte.com\/portal\/wp-content\/uploads\/2026\/01\/seria_una_pena_-_febrero_2026.jpeg","width":1080,"height":1350},{"@type":"BreadcrumbList","@id":"https:\/\/cooltivarte.com\/portal\/seria-una-pena-que-se-marchitaran-las-plantas-de-ivor-martinic\/#breadcrumb","itemListElement":[{"@type":"ListItem","position":1,"name":"Portada","item":"https:\/\/cooltivarte.com\/portal\/"},{"@type":"ListItem","position":2,"name":"&#8220;Ser\u00eda una pena que se marchitaran las plantas&#8221; de Ivor Martinic"}]},{"@type":"WebSite","@id":"https:\/\/cooltivarte.com\/portal\/#website","url":"https:\/\/cooltivarte.com\/portal\/","name":"Cooltivarte Portal","description":"Arte, cultura y turismo para el mundo ...","publisher":{"@id":"https:\/\/cooltivarte.com\/portal\/#organization"},"potentialAction":[{"@type":"SearchAction","target":{"@type":"EntryPoint","urlTemplate":"https:\/\/cooltivarte.com\/portal\/?s={search_term_string}"},"query-input":{"@type":"PropertyValueSpecification","valueRequired":true,"valueName":"search_term_string"}}],"inLanguage":"es-AR"},{"@type":"Organization","@id":"https:\/\/cooltivarte.com\/portal\/#organization","name":"cooltivarte","url":"https:\/\/cooltivarte.com\/portal\/","logo":{"@type":"ImageObject","inLanguage":"es-AR","@id":"https:\/\/cooltivarte.com\/portal\/#\/schema\/logo\/image\/","url":"https:\/\/cooltivarte.com\/portal\/wp-content\/uploads\/2020\/04\/logo-cooltivarte-v2.png","contentUrl":"https:\/\/cooltivarte.com\/portal\/wp-content\/uploads\/2020\/04\/logo-cooltivarte-v2.png","width":851,"height":243,"caption":"cooltivarte"},"image":{"@id":"https:\/\/cooltivarte.com\/portal\/#\/schema\/logo\/image\/"},"sameAs":["https:\/\/www.facebook.com\/cooltivartecom\/","https:\/\/x.com\/obolocultural","https:\/\/www.instagram.com\/_cooltivarte_\/","https:\/\/www.linkedin.com\/company\/-bolocultural?reportsuccess=8zaNG1HwhPbAR9iQhZ5rfGeqz_vQFftHun0ZWU0Wy9vNemRJ8vtcKdJvzQfW8XagyOJSKg0XvfJ1dp","https:\/\/www.pinterest.com\/cooltivarte\/","https:\/\/cooltivarte.tumblr.com\/","https:\/\/www.tiktok.com\/@cooltivarte","https:\/\/www.youtube.com\/@PrensaCooltivarte"]},{"@type":"Person","@id":"https:\/\/cooltivarte.com\/portal\/#\/schema\/person\/efd7b91a624d2d005d1571effe8c04b9","name":"Patricia Ianniruberto","image":{"@type":"ImageObject","inLanguage":"es-AR","@id":"https:\/\/cooltivarte.com\/portal\/wp-content\/uploads\/2018\/04\/patricia-ianniruberto-120x120.jpg","url":"https:\/\/cooltivarte.com\/portal\/wp-content\/uploads\/2018\/04\/patricia-ianniruberto-120x120.jpg","contentUrl":"https:\/\/cooltivarte.com\/portal\/wp-content\/uploads\/2018\/04\/patricia-ianniruberto-120x120.jpg","caption":"Patricia Ianniruberto"},"description":"Patricia Ianniruberto. Egresada de Bellas Artes (Inst. Beato Ang\u00e9lico). Curs\u00f3 Dise\u00f1o Gr\u00e1fico y Comunicaci\u00f3n Visual (UBA) y producci\u00f3n de cine (SICA). Ejerci\u00f3 como docente de Bellas Artes y de Dise\u00f1o I y II (UBA). Freelance de agencias de publicidad y cineanimaci\u00f3n. Como dise\u00f1adora independiente se especializ\u00f3 en comunicaci\u00f3n visual, prensa y producci\u00f3n, asesorando a empresas en imagen corporativa, producci\u00f3n integral de contenidos y piezas de comunicaci\u00f3n: folletos, cat\u00e1logos, revistas, stands, web, tv, v\u00eda p\u00fablica, asesoramiento en derechos de autor, marcas y dominios junto al Estudio Lauritsen. Desarroll\u00f3 proyectos pioneros de tecnolog\u00eda en Internet y aplicaciones interactivas (netmedia). Locaciones: cine y medios. En Uruguay: seleccionada: Taller de promoci\u00f3n y distribuci\u00f3n Mercosur: nuevas herramientas multiplataforma\/Mercosur Audiovisual (Programa de Cooperaci\u00f3n con la Comunidad Europea). Representaci\u00f3n y gesti\u00f3n de notas en instituciones p\u00fablicas y privadas vinculadas al arte y la cultura. Corresponsal de revistas de cultura y colaboradora de medios gr\u00e1ficos y digitales. Edici\u00f3n y producci\u00f3n de contenidos multiplataforma. Gesti\u00f3n cultural y de prensa-Corresponsal en Buenos Aires: Argentina\/Uruguay.","sameAs":["https:\/\/www.facebook.com\/pato.bue?ref=br_rs","https:\/\/www.instagram.com\/_cooltivarte_\/","https:\/\/www.linkedin.com\/company\/-bolocultural\/","https:\/\/www.pinterest.com\/cooltivarte\/","https:\/\/x.com\/https:\/\/x.com\/obolocultural","https:\/\/www.youtube.com\/@PrensaCooltivarte","https:\/\/cooltivarte.tumblr.com\/"],"url":"https:\/\/cooltivarte.com\/portal\/author\/patricia-ianniruberto\/"}]}},"_links":{"self":[{"href":"https:\/\/cooltivarte.com\/portal\/wp-json\/wp\/v2\/posts\/121577","targetHints":{"allow":["GET"]}}],"collection":[{"href":"https:\/\/cooltivarte.com\/portal\/wp-json\/wp\/v2\/posts"}],"about":[{"href":"https:\/\/cooltivarte.com\/portal\/wp-json\/wp\/v2\/types\/post"}],"author":[{"embeddable":true,"href":"https:\/\/cooltivarte.com\/portal\/wp-json\/wp\/v2\/users\/134"}],"replies":[{"embeddable":true,"href":"https:\/\/cooltivarte.com\/portal\/wp-json\/wp\/v2\/comments?post=121577"}],"version-history":[{"count":6,"href":"https:\/\/cooltivarte.com\/portal\/wp-json\/wp\/v2\/posts\/121577\/revisions"}],"predecessor-version":[{"id":125267,"href":"https:\/\/cooltivarte.com\/portal\/wp-json\/wp\/v2\/posts\/121577\/revisions\/125267"}],"wp:featuredmedia":[{"embeddable":true,"href":"https:\/\/cooltivarte.com\/portal\/wp-json\/wp\/v2\/media\/121781"}],"wp:attachment":[{"href":"https:\/\/cooltivarte.com\/portal\/wp-json\/wp\/v2\/media?parent=121577"}],"wp:term":[{"taxonomy":"category","embeddable":true,"href":"https:\/\/cooltivarte.com\/portal\/wp-json\/wp\/v2\/categories?post=121577"},{"taxonomy":"post_tag","embeddable":true,"href":"https:\/\/cooltivarte.com\/portal\/wp-json\/wp\/v2\/tags?post=121577"}],"curies":[{"name":"wp","href":"https:\/\/api.w.org\/{rel}","templated":true}]}}