{"id":121502,"date":"2026-01-10T18:50:10","date_gmt":"2026-01-10T21:50:10","guid":{"rendered":"https:\/\/cooltivarte.com\/portal\/?p=121502"},"modified":"2026-01-26T17:59:04","modified_gmt":"2026-01-26T20:59:04","slug":"sofia-viola-en-uruguay-gira-verano-2026","status":"publish","type":"post","link":"https:\/\/cooltivarte.com\/portal\/sofia-viola-en-uruguay-gira-verano-2026\/","title":{"rendered":"SOF\u00cdA VIOLA EN URUGUAY &#8211; GIRA VERANO 2026"},"content":{"rendered":"<p><img fetchpriority=\"high\" decoding=\"async\" class=\"aligncenter wp-image-121503 size-large\" title=\"SOF\u00cdA VIOLA EN URUGUAY - GIRA VERANO 2026\" src=\"https:\/\/cooltivarte.com\/portal\/wp-content\/uploads\/2026\/01\/SOFIA-VIOLA-EN-URUGUAY-576x1024.jpg\" alt=\"SOF\u00cdA VIOLA EN URUGUAY - GIRA VERANO 2026\" width=\"576\" height=\"1024\" srcset=\"https:\/\/cooltivarte.com\/portal\/wp-content\/uploads\/2026\/01\/SOFIA-VIOLA-EN-URUGUAY-576x1024.jpg 576w, https:\/\/cooltivarte.com\/portal\/wp-content\/uploads\/2026\/01\/SOFIA-VIOLA-EN-URUGUAY-169x300.jpg 169w, https:\/\/cooltivarte.com\/portal\/wp-content\/uploads\/2026\/01\/SOFIA-VIOLA-EN-URUGUAY.jpg 720w\" sizes=\"(max-width: 576px) 100vw, 576px\" \/><\/p>\n<p>&nbsp;<\/p>\n<p>&nbsp;<\/p>\n<p><strong>SOF\u00cdA VIOLA EN URUGUAY<\/strong><br \/>\n<strong>GIRA VERANO 2026<\/strong><\/p>\n<p>La talentosa cantautora argentina <a href=\"https:\/\/cooltivarte.com\/portal\/?s=Sof%C3%ADa+Viola\" target=\"_blank\" rel=\"noopener\"><strong>Sof\u00eda Viola<\/strong><\/a> llega a Uruguay para presentar su espect\u00e1culo \u00fanico, fusionando folklore, cumbia, jazz y m\u00e1s. \u00a1No te pierdas tu energ\u00eda en vivo!<\/p>\n<p>&nbsp;<\/p>\n<p><span dir=\"auto\"><u><em>Agenda de espect\u00e1culos restantes:<\/em><\/u><\/span><\/p>\n<p><span dir=\"auto\">&#8211; S\u00e1bado 10\/01<br \/>\n<strong>Punta Rubia<\/strong>&nbsp;&#8211; El Castillo Lunar<\/span><\/p>\n<p><span dir=\"auto\">&#8211; Lunes 12\/01<br \/>\n<strong>La Paloma<\/strong>&nbsp;&#8211; Parador Tres Mar\u00edas<\/span><\/p>\n<p><span dir=\"auto\">&#8211; Martes 13\/01<br \/>\n<strong>Punta del Este<\/strong>&nbsp;&#8211; Pueblo Narak\u00e1n<\/span><\/p>\n<p><span dir=\"auto\">&#8211; Mi\u00e9rcoles 14\/01<br \/>\n<strong>Montevideo<\/strong>&nbsp;&#8211; La Cretina<\/span><\/p>\n<p><em><u><strong><span dir=\"auto\">Toda la informaci\u00f3n de espect\u00e1culos en<\/span><\/strong><\/u><a href=\"https:\/\/www.instagram.com\/seaproduce\/\" target=\"_blank\" rel=\"noopener\" data-saferedirecturl=\"https:\/\/www.google.com\/url?q=https:\/\/facebook.us15.list-manage.com\/track\/click?u%3D06a7361b6c992d71a5b6b10c7%26id%3D325e7f2e1f%26e%3D74f2d15f2e&amp;source=gmail&amp;ust=1768165592618000&amp;usg=AOvVaw263J-OUecN8whoXuI_zm1U\"><span dir=\"auto\">&nbsp;SEA PRODUCE &gt;&gt;<\/span><\/a><\/em><\/p>\n<p>&nbsp;<br \/>\n<script async src=\"https:\/\/pagead2.googlesyndication.com\/pagead\/js\/adsbygoogle.js?client=ca-pub-1258162831753121\"\n     crossorigin=\"anonymous\"><\/script><br \/>\n<ins class=\"adsbygoogle\"\n     style=\"display:block; text-align:center;\"\n     data-ad-layout=\"in-article\"\n     data-ad-format=\"fluid\"\n     data-ad-client=\"ca-pub-1258162831753121\"\n     data-ad-slot=\"9254952921\"><\/ins><br \/>\n<script>\n     (adsbygoogle = window.adsbygoogle || []).push({});\n<\/script><br \/>\n&nbsp;<\/p>\n<p>&nbsp;<\/p>\n","protected":false},"excerpt":{"rendered":"<p>SOF\u00cdA VIOLA EN URUGUAY<br \/>\nGIRA VERANO 2026<\/p>\n<p>La talentosa cantautora argentina Sof\u00eda Viola llega a Uruguay para presentar su espect\u00e1culo \u00fanico, fusionando folklore, cumbia, jazz y m\u00e1s. \u00a1No te pierdas tu energ\u00eda en vivo!<\/p>\n","protected":false},"author":8,"featured_media":121503,"comment_status":"closed","ping_status":"closed","sticky":false,"template":"","format":"standard","meta":{"om_disable_all_campaigns":false,"ngg_post_thumbnail":0,"jnews-multi-image_gallery":[],"jnews_single_post":{"subtitle":"","format":"standard","override":[{"template":"4","parallax":"1","layout":"right-sidebar","sidebar":"default-sidebar","second_sidebar":"default-sidebar","sticky_sidebar":"1","share_position":"bottom","share_float_style":"share-monocrhome","show_share_counter":"1","show_view_counter":"1","show_featured":"1","show_post_meta":"1","show_post_author":"1","show_post_author_image":"1","show_post_date":"1","post_date_format":"default","post_date_format_custom":"Y\/m\/d","show_post_category":"1","post_reading_time_wpm":"300","post_calculate_word_method":"str_word_count","zoom_button_out_step":"2","zoom_button_in_step":"3","show_post_tag":"1","show_prev_next_post":"1","show_popup_post":"1","show_comment_section":"1","number_popup_post":"1","show_author_box":"1","show_post_related":"0","show_inline_post_related":"0"}],"image_override":[{"single_post_thumbnail_size":"no-crop","single_post_gallery_size":"crop-500"}],"trending_post_position":"meta","trending_post_label":"Trending","sponsored_post_label":"Sponsored by","disable_ad":"0"},"jnews_primary_category":[],"jnews_social_meta":[],"jnews_override_counter":{"view_counter_number":"0","share_counter_number":"0","like_counter_number":"0","dislike_counter_number":"0"},"footnotes":""},"categories":[3394],"tags":[13365],"class_list":["post-121502","post","type-post","status-publish","format-standard","has-post-thumbnail","hentry","category-eventos","tag-sofia-viola"],"yoast_head":"<!-- This site is optimized with the Yoast SEO plugin v27.5 - https:\/\/yoast.com\/product\/yoast-seo-wordpress\/ -->\n<title>SOF\u00cdA VIOLA EN URUGUAY - GIRA VERANO 2026 - Cooltivarte Portal<\/title>\n<meta name=\"description\" content=\"La talentosa cantautora argentina Sof\u00eda Viola llega a Uruguay para presentar su espect\u00e1culo \u00fanico, fusionando folklore, cumbia, jazz y m\u00e1s. \u00a1No te pierdas tu energ\u00eda en vivo!\" \/>\n<meta name=\"robots\" content=\"index, follow, max-snippet:-1, max-image-preview:large, max-video-preview:-1\" \/>\n<link rel=\"canonical\" href=\"https:\/\/cooltivarte.com\/portal\/sofia-viola-en-uruguay-gira-verano-2026\/\" \/>\n<meta property=\"og:locale\" content=\"es_ES\" \/>\n<meta property=\"og:type\" content=\"article\" \/>\n<meta property=\"og:title\" content=\"SOF\u00cdA VIOLA EN URUGUAY - GIRA VERANO 2026\" \/>\n<meta property=\"og:description\" content=\"La talentosa cantautora argentina Sof\u00eda Viola llega a Uruguay para presentar su espect\u00e1culo \u00fanico, fusionando folklore, cumbia, jazz y m\u00e1s. \u00a1No te pierdas tu energ\u00eda en vivo!\" \/>\n<meta property=\"og:url\" content=\"https:\/\/cooltivarte.com\/portal\/sofia-viola-en-uruguay-gira-verano-2026\/\" \/>\n<meta property=\"og:site_name\" content=\"Cooltivarte Portal\" \/>\n<meta property=\"article:publisher\" content=\"https:\/\/www.facebook.com\/cooltivartecom\/\" \/>\n<meta property=\"article:author\" content=\"https:\/\/www.facebook.com\/cooltivartecom\" \/>\n<meta property=\"article:published_time\" content=\"2026-01-10T21:50:10+00:00\" \/>\n<meta property=\"article:modified_time\" content=\"2026-01-26T20:59:04+00:00\" \/>\n<meta property=\"og:image\" content=\"https:\/\/cooltivarte.com\/portal\/wp-content\/uploads\/2026\/01\/SOFIA-VIOLA-EN-URUGUAY.jpg\" \/>\n\t<meta property=\"og:image:width\" content=\"720\" \/>\n\t<meta property=\"og:image:height\" content=\"1280\" \/>\n\t<meta property=\"og:image:type\" content=\"image\/jpeg\" \/>\n<meta name=\"author\" content=\"Cooltivarte\" \/>\n<meta name=\"twitter:card\" content=\"summary_large_image\" \/>\n<meta name=\"twitter:title\" content=\"SOF\u00cdA VIOLA EN URUGUAY - GIRA VERANO 2026\" \/>\n<meta name=\"twitter:description\" content=\"La talentosa cantautora argentina Sof\u00eda Viola llega a Uruguay para presentar su espect\u00e1culo \u00fanico, fusionando folklore, cumbia, jazz y m\u00e1s. \u00a1No te pierdas tu energ\u00eda en vivo!\" \/>\n<meta name=\"twitter:image\" content=\"https:\/\/cooltivarte.com\/portal\/wp-content\/uploads\/2026\/01\/SOFIA-VIOLA-EN-URUGUAY.jpg\" \/>\n<meta name=\"twitter:creator\" content=\"@https:\/\/x.com\/obolocultural\" \/>\n<meta name=\"twitter:site\" content=\"@obolocultural\" \/>\n<meta name=\"twitter:label1\" content=\"Escrito por\" \/>\n\t<meta name=\"twitter:data1\" content=\"Cooltivarte\" \/>\n\t<meta name=\"twitter:label2\" content=\"Tiempo de lectura\" \/>\n\t<meta name=\"twitter:data2\" content=\"1 minuto\" \/>\n<!-- \/ Yoast SEO plugin. -->","yoast_head_json":{"title":"SOF\u00cdA VIOLA EN URUGUAY - GIRA VERANO 2026 - Cooltivarte Portal","description":"La talentosa cantautora argentina Sof\u00eda Viola llega a Uruguay para presentar su espect\u00e1culo \u00fanico, fusionando folklore, cumbia, jazz y m\u00e1s. \u00a1No te pierdas tu energ\u00eda en vivo!","robots":{"index":"index","follow":"follow","max-snippet":"max-snippet:-1","max-image-preview":"max-image-preview:large","max-video-preview":"max-video-preview:-1"},"canonical":"https:\/\/cooltivarte.com\/portal\/sofia-viola-en-uruguay-gira-verano-2026\/","og_locale":"es_ES","og_type":"article","og_title":"SOF\u00cdA VIOLA EN URUGUAY - GIRA VERANO 2026","og_description":"La talentosa cantautora argentina Sof\u00eda Viola llega a Uruguay para presentar su espect\u00e1culo \u00fanico, fusionando folklore, cumbia, jazz y m\u00e1s. \u00a1No te pierdas tu energ\u00eda en vivo!","og_url":"https:\/\/cooltivarte.com\/portal\/sofia-viola-en-uruguay-gira-verano-2026\/","og_site_name":"Cooltivarte Portal","article_publisher":"https:\/\/www.facebook.com\/cooltivartecom\/","article_author":"https:\/\/www.facebook.com\/cooltivartecom","article_published_time":"2026-01-10T21:50:10+00:00","article_modified_time":"2026-01-26T20:59:04+00:00","og_image":[{"width":720,"height":1280,"url":"https:\/\/cooltivarte.com\/portal\/wp-content\/uploads\/2026\/01\/SOFIA-VIOLA-EN-URUGUAY.jpg","type":"image\/jpeg"}],"author":"Cooltivarte","twitter_card":"summary_large_image","twitter_title":"SOF\u00cdA VIOLA EN URUGUAY - GIRA VERANO 2026","twitter_description":"La talentosa cantautora argentina Sof\u00eda Viola llega a Uruguay para presentar su espect\u00e1culo \u00fanico, fusionando folklore, cumbia, jazz y m\u00e1s. \u00a1No te pierdas tu energ\u00eda en vivo!","twitter_image":"https:\/\/cooltivarte.com\/portal\/wp-content\/uploads\/2026\/01\/SOFIA-VIOLA-EN-URUGUAY.jpg","twitter_creator":"@https:\/\/x.com\/obolocultural","twitter_site":"@obolocultural","twitter_misc":{"Escrito por":"Cooltivarte","Tiempo de lectura":"1 minuto"},"schema":{"@context":"https:\/\/schema.org","@graph":[{"@type":"NewsArticle","@id":"https:\/\/cooltivarte.com\/portal\/sofia-viola-en-uruguay-gira-verano-2026\/#article","isPartOf":{"@id":"https:\/\/cooltivarte.com\/portal\/sofia-viola-en-uruguay-gira-verano-2026\/"},"author":{"name":"Cooltivarte","@id":"https:\/\/cooltivarte.com\/portal\/#\/schema\/person\/ec2a4f4e71b740d0c559c0ab9a157e19"},"headline":"SOF\u00cdA VIOLA EN URUGUAY &#8211; GIRA VERANO 2026","datePublished":"2026-01-10T21:50:10+00:00","dateModified":"2026-01-26T20:59:04+00:00","mainEntityOfPage":{"@id":"https:\/\/cooltivarte.com\/portal\/sofia-viola-en-uruguay-gira-verano-2026\/"},"wordCount":108,"publisher":{"@id":"https:\/\/cooltivarte.com\/portal\/#organization"},"image":{"@id":"https:\/\/cooltivarte.com\/portal\/sofia-viola-en-uruguay-gira-verano-2026\/#primaryimage"},"thumbnailUrl":"https:\/\/cooltivarte.com\/portal\/wp-content\/uploads\/2026\/01\/SOFIA-VIOLA-EN-URUGUAY.jpg","keywords":["Sof\u00eda Viola"],"articleSection":["Eventos"],"inLanguage":"es-AR"},{"@type":"WebPage","@id":"https:\/\/cooltivarte.com\/portal\/sofia-viola-en-uruguay-gira-verano-2026\/","url":"https:\/\/cooltivarte.com\/portal\/sofia-viola-en-uruguay-gira-verano-2026\/","name":"SOF\u00cdA VIOLA EN URUGUAY - GIRA VERANO 2026 - Cooltivarte Portal","isPartOf":{"@id":"https:\/\/cooltivarte.com\/portal\/#website"},"primaryImageOfPage":{"@id":"https:\/\/cooltivarte.com\/portal\/sofia-viola-en-uruguay-gira-verano-2026\/#primaryimage"},"image":{"@id":"https:\/\/cooltivarte.com\/portal\/sofia-viola-en-uruguay-gira-verano-2026\/#primaryimage"},"thumbnailUrl":"https:\/\/cooltivarte.com\/portal\/wp-content\/uploads\/2026\/01\/SOFIA-VIOLA-EN-URUGUAY.jpg","datePublished":"2026-01-10T21:50:10+00:00","dateModified":"2026-01-26T20:59:04+00:00","description":"La talentosa cantautora argentina Sof\u00eda Viola llega a Uruguay para presentar su espect\u00e1culo \u00fanico, fusionando folklore, cumbia, jazz y m\u00e1s. \u00a1No te pierdas tu energ\u00eda en vivo!","breadcrumb":{"@id":"https:\/\/cooltivarte.com\/portal\/sofia-viola-en-uruguay-gira-verano-2026\/#breadcrumb"},"inLanguage":"es-AR","potentialAction":[{"@type":"ReadAction","target":["https:\/\/cooltivarte.com\/portal\/sofia-viola-en-uruguay-gira-verano-2026\/"]}]},{"@type":"ImageObject","inLanguage":"es-AR","@id":"https:\/\/cooltivarte.com\/portal\/sofia-viola-en-uruguay-gira-verano-2026\/#primaryimage","url":"https:\/\/cooltivarte.com\/portal\/wp-content\/uploads\/2026\/01\/SOFIA-VIOLA-EN-URUGUAY.jpg","contentUrl":"https:\/\/cooltivarte.com\/portal\/wp-content\/uploads\/2026\/01\/SOFIA-VIOLA-EN-URUGUAY.jpg","width":720,"height":1280,"caption":"SOF\u00cdA VIOLA EN URUGUAY - GIRA VERANO 2026"},{"@type":"BreadcrumbList","@id":"https:\/\/cooltivarte.com\/portal\/sofia-viola-en-uruguay-gira-verano-2026\/#breadcrumb","itemListElement":[{"@type":"ListItem","position":1,"name":"Portada","item":"https:\/\/cooltivarte.com\/portal\/"},{"@type":"ListItem","position":2,"name":"SOF\u00cdA VIOLA EN URUGUAY &#8211; GIRA VERANO 2026"}]},{"@type":"WebSite","@id":"https:\/\/cooltivarte.com\/portal\/#website","url":"https:\/\/cooltivarte.com\/portal\/","name":"Cooltivarte Portal","description":"Arte, cultura y turismo para el mundo ...","publisher":{"@id":"https:\/\/cooltivarte.com\/portal\/#organization"},"potentialAction":[{"@type":"SearchAction","target":{"@type":"EntryPoint","urlTemplate":"https:\/\/cooltivarte.com\/portal\/?s={search_term_string}"},"query-input":{"@type":"PropertyValueSpecification","valueRequired":true,"valueName":"search_term_string"}}],"inLanguage":"es-AR"},{"@type":"Organization","@id":"https:\/\/cooltivarte.com\/portal\/#organization","name":"cooltivarte","url":"https:\/\/cooltivarte.com\/portal\/","logo":{"@type":"ImageObject","inLanguage":"es-AR","@id":"https:\/\/cooltivarte.com\/portal\/#\/schema\/logo\/image\/","url":"https:\/\/cooltivarte.com\/portal\/wp-content\/uploads\/2020\/04\/logo-cooltivarte-v2.png","contentUrl":"https:\/\/cooltivarte.com\/portal\/wp-content\/uploads\/2020\/04\/logo-cooltivarte-v2.png","width":851,"height":243,"caption":"cooltivarte"},"image":{"@id":"https:\/\/cooltivarte.com\/portal\/#\/schema\/logo\/image\/"},"sameAs":["https:\/\/www.facebook.com\/cooltivartecom\/","https:\/\/x.com\/obolocultural","https:\/\/www.instagram.com\/_cooltivarte_\/","https:\/\/www.linkedin.com\/company\/-bolocultural?reportsuccess=8zaNG1HwhPbAR9iQhZ5rfGeqz_vQFftHun0ZWU0Wy9vNemRJ8vtcKdJvzQfW8XagyOJSKg0XvfJ1dp","https:\/\/www.pinterest.com\/cooltivarte\/","https:\/\/cooltivarte.tumblr.com\/","https:\/\/www.tiktok.com\/@cooltivarte","https:\/\/www.youtube.com\/@PrensaCooltivarte"]},{"@type":"Person","@id":"https:\/\/cooltivarte.com\/portal\/#\/schema\/person\/ec2a4f4e71b740d0c559c0ab9a157e19","name":"Cooltivarte","image":{"@type":"ImageObject","inLanguage":"es-AR","@id":"https:\/\/cooltivarte.com\/portal\/wp-content\/uploads\/2014\/05\/logo-cooltivarte-120x120.jpg","url":"https:\/\/cooltivarte.com\/portal\/wp-content\/uploads\/2014\/05\/logo-cooltivarte-120x120.jpg","contentUrl":"https:\/\/cooltivarte.com\/portal\/wp-content\/uploads\/2014\/05\/logo-cooltivarte-120x120.jpg","caption":"Cooltivarte"},"description":"Somos COOLTIVARTE.COM. Un portal digital dedicado a difundir el acontecer art\u00edstico y cultural del Uruguay. Estamos en la vuelta desde el a\u00f1o 2003, y como evoluci\u00f3n del bolet\u00edn Obolo Cultural, nos encontramos abocados a apoyar a los artistas nacionales brind\u00e1ndoles un espacio de difusi\u00f3n. Creemos en la idea de utilizar la potencialidad que hoy d\u00eda nos otorga la web, para que la cultura uruguaya y sus creadores dispongan de una din\u00e1mica ventana, que los ponga en contacto entre s\u00ed y con el mundo. Somos COOLTIVARTE.COM y pretendemos configurarnos como un portal din\u00e1mico, entretenido y atento a los nuevos emprendimientos, que busque siempre la interacci\u00f3n con los artistas.","sameAs":["http:\/\/www.cooltivarte.com","https:\/\/www.facebook.com\/cooltivartecom","https:\/\/www.instagram.com\/_cooltivarte_\/","https:\/\/www.linkedin.com\/company\/-bolocultural","https:\/\/www.pinterest.com\/cooltivarte\/","https:\/\/x.com\/https:\/\/x.com\/obolocultural","https:\/\/www.youtube.com\/@PrensaCooltivarte","https:\/\/www.tumblr.com\/blog\/cooltivarte"],"url":"https:\/\/cooltivarte.com\/portal\/author\/cooltivarte\/"}]}},"_links":{"self":[{"href":"https:\/\/cooltivarte.com\/portal\/wp-json\/wp\/v2\/posts\/121502","targetHints":{"allow":["GET"]}}],"collection":[{"href":"https:\/\/cooltivarte.com\/portal\/wp-json\/wp\/v2\/posts"}],"about":[{"href":"https:\/\/cooltivarte.com\/portal\/wp-json\/wp\/v2\/types\/post"}],"author":[{"embeddable":true,"href":"https:\/\/cooltivarte.com\/portal\/wp-json\/wp\/v2\/users\/8"}],"replies":[{"embeddable":true,"href":"https:\/\/cooltivarte.com\/portal\/wp-json\/wp\/v2\/comments?post=121502"}],"version-history":[{"count":2,"href":"https:\/\/cooltivarte.com\/portal\/wp-json\/wp\/v2\/posts\/121502\/revisions"}],"predecessor-version":[{"id":122016,"href":"https:\/\/cooltivarte.com\/portal\/wp-json\/wp\/v2\/posts\/121502\/revisions\/122016"}],"wp:featuredmedia":[{"embeddable":true,"href":"https:\/\/cooltivarte.com\/portal\/wp-json\/wp\/v2\/media\/121503"}],"wp:attachment":[{"href":"https:\/\/cooltivarte.com\/portal\/wp-json\/wp\/v2\/media?parent=121502"}],"wp:term":[{"taxonomy":"category","embeddable":true,"href":"https:\/\/cooltivarte.com\/portal\/wp-json\/wp\/v2\/categories?post=121502"},{"taxonomy":"post_tag","embeddable":true,"href":"https:\/\/cooltivarte.com\/portal\/wp-json\/wp\/v2\/tags?post=121502"}],"curies":[{"name":"wp","href":"https:\/\/api.w.org\/{rel}","templated":true}]}}