{"id":121480,"date":"2026-01-26T14:40:24","date_gmt":"2026-01-26T17:40:24","guid":{"rendered":"https:\/\/cooltivarte.com\/portal\/?p=121480"},"modified":"2026-02-03T17:47:25","modified_gmt":"2026-02-03T20:47:25","slug":"28o-festival-internacional-de-cine-de-punta-del-este-2","status":"publish","type":"post","link":"https:\/\/cooltivarte.com\/portal\/28o-festival-internacional-de-cine-de-punta-del-este-2\/","title":{"rendered":"28\u00ba Festival Internacional de Cine de Punta del Este"},"content":{"rendered":"\r\n<p><strong>Punta del Este vuelve a ser capital del cine iberoamericano e internacional.<\/strong><\/p>\r\n\r\n\r\n\r\n<p>Del <strong>7 al 13 de febrero de 2026<\/strong>, Punta del Este ser\u00e1 nuevamente sede del <strong>28.\u00ba Festival Internacional de Cine de Punta del Este (FICPunta)<\/strong>, uno de los eventos cinematogr\u00e1ficos m\u00e1s importantes de Uruguay y del Cono Sur. Durante una semana, el p\u00fablico podr\u00e1 disfrutar de una programaci\u00f3n diversa y de alto nivel, con <strong>m\u00e1s de 40 pel\u00edculas<\/strong>, muchas de ellas <strong>estrenos exclusivos en el pa\u00eds<\/strong>, y con <strong>acceso gratuito<\/strong> a todas las funciones.<\/p>\r\n\r\n\r\n\r\n<p>El festival reunir\u00e1 lo m\u00e1s destacado del cine nacional, regional e internacional, con obras provenientes de Uruguay, Argentina, Bolivia, Brasil, Chile, Colombia, Ecuador, Espa\u00f1a, M\u00e9xico, Per\u00fa, Rep\u00fablica Dominicana y Venezuela, as\u00ed como de Alemania, Estados Unidos, Filipinas, Francia, Hungr\u00eda, Italia, Marruecos, Portugal, Tailandia y T\u00fanez.<\/p>\r\n\r\n\r\n\r\n<p>La edici\u00f3n 2026 contar\u00e1 adem\u00e1s con la presencia de realizadores, actores, prensa especializada y representantes de importantes festivales del continente, como Cartagena (Colombia), Lima y Al Este (Per\u00fa), Vi\u00f1a del Mar (Chile), FAM \u2013 Festival Audiovisual del Mercosur (Florian\u00f3polis) y Bag\u00e9 (Brasil).<\/p>\r\n\r\n\r\n\r\n<p>El Departamento de Cultura, bajo la direcci\u00f3n art\u00edstica de la Lic. Daniela Cardarello, propone una programaci\u00f3n que incluye <strong>competencias iberoamericanas<\/strong>, <strong>Panorama Internacional<\/strong>, <strong>funciones especiales<\/strong>, una <strong>retrospectiva dedicada a Luis Bu\u00f1uel<\/strong> y el espacio <strong>Pantalla Maldonado<\/strong>, enfocado en la producci\u00f3n audiovisual local.<\/p>\r\n\r\n\r\n\r\n<h2 class=\"wp-block-heading\">Competencias Oficiales Iberoamericanas<\/h2>\r\n\r\n\r\n\r\n<p>El festival contar\u00e1 con dos competencias oficiales, evaluadas por <strong>jurados internacionales integrados por profesionales del audiovisual<\/strong>:<\/p>\r\n\r\n\r\n\r\n<h2 class=\"wp-block-heading\"><strong>Competencia de Ficci\u00f3n<\/strong><\/h2>\r\n\r\n\r\n\r\n<p>Los films competir\u00e1n por el <strong>Premio Mauricio Litman<\/strong>:<\/p>\r\n\r\n\r\n\r\n<ul class=\"wp-block-list\">\r\n<li><em>La corazonada<\/em>, de Diego Soto (Chile)<\/li>\r\n\r\n\r\n\r\n<li><em>Vainilla<\/em>, de Mayra Hermosillo (M\u00e9xico)<\/li>\r\n\r\n\r\n\r\n<li><em>La lucha<\/em>, de Jos\u00e9 \u00c1ngel Alay\u00f3n (Espa\u00f1a \/ Colombia)<\/li>\r\n\r\n\r\n\r\n<li><em>Bajo el mismo sol<\/em>, de Ulises Porra (Rep\u00fablica Dominicana \/ Espa\u00f1a)<\/li>\r\n\r\n\r\n\r\n<li><em>Quase deserto<\/em>, de Jos\u00e9 Eduardo Belmonte (Brasil \/ Estados Unidos)<\/li>\r\n\r\n\r\n\r\n<li><em>1982<\/em>, de Jos\u00e9 Carlos Garc\u00eda (Per\u00fa)<\/li>\r\n\r\n\r\n\r\n<li><em>Escritor<\/em>, de Paula de Luque (Argentina)<\/li>\r\n\r\n\r\n\r\n<li><em>Cuento de verano<\/em>, de Mat\u00edas Szulanski (Argentina)<\/li>\r\n\r\n\r\n\r\n<li><em>Cielo<\/em>, de Alberto Sciamma (Bolivia)<\/li>\r\n<\/ul>\r\n\r\n\r\n\r\n<h2 class=\"wp-block-heading\"><strong>Competencia Documental<\/strong><\/h2>\r\n\r\n\r\n\r\n<p>Las obras competir\u00e1n por el <strong>Premio Lobo Marino<\/strong>:<\/p>\r\n\r\n\r\n\r\n<ul class=\"wp-block-list\">\r\n<li><em>3 Ob\u00e1s de Xang\u00f4<\/em>, de S\u00e9rgio Machado (Brasil)<\/li>\r\n\r\n\r\n\r\n<li><em>En camino a Leo<\/em>, de Ana Claudia B\u00e1rcenas (M\u00e9xico)<\/li>\r\n\r\n\r\n\r\n<li><em>Pol\u00edticas familiares<\/em>, de Mart\u00edn Rebaza (Per\u00fa)<\/li>\r\n\r\n\r\n\r\n<li><em>El extraordinario viaje del drag\u00f3n<\/em>, de Kaori Flores Yonekura (Venezuela)<\/li>\r\n\r\n\r\n\r\n<li><em>Buscando a Shakespeare<\/em>, de Gustavo Garz\u00f3n (Argentina)<\/li>\r\n\r\n\r\n\r\n<li><em>Mama<\/em>, de Ana Cristina Ben\u00edtez (Ecuador)<\/li>\r\n<\/ul>\r\n\r\n\r\n\r\n<h2 class=\"wp-block-heading\">Panorama Internacional<\/h2>\r\n\r\n\r\n\r\n<p>El <strong>Panorama Internacional<\/strong> reunir\u00e1 pel\u00edculas premiadas y destacadas en los principales festivales del mundo, muchas de ellas en su <strong>primera exhibici\u00f3n en Uruguay<\/strong>. Entre los t\u00edtulos que integran esta secci\u00f3n se encuentran:<\/p>\r\n\r\n\r\n\r\n<ul class=\"wp-block-list\">\r\n<li><em>A Useful Ghost<\/em>, de Ratchapoom Boonbunchachoke (Tailandia)<\/li>\r\n\r\n\r\n\r\n<li><em>K\u00f6ln 75<\/em>, de Ido Fluk (Alemania)<\/li>\r\n\r\n\r\n\r\n<li><em>Karla<\/em>, de Christina Tournatz\u00e9s (Alemania)<\/li>\r\n\r\n\r\n\r\n<li><em>El gran arco<\/em>, de St\u00e9phane Demoustier (Francia)<\/li>\r\n\r\n\r\n\r\n<li><em>Come ti muovi sbagli<\/em>, de Gianni Di Gregorio (Italia)<\/li>\r\n\r\n\r\n\r\n<li><em>Las catadoras<\/em>, de Silvio Soldini (Italia)<\/li>\r\n\r\n\r\n\r\n<li><em>Les musiciens<\/em>, de Gr\u00e9gory Magne (Francia)<\/li>\r\n\r\n\r\n\r\n<li><em>Dossier 137<\/em>, de Dominik Moll (Francia)<\/li>\r\n\r\n\r\n\r\n<li><em>Maspalomas<\/em>, de Aitor Arregi y Jose Mari Goenaga (Espa\u00f1a)<\/li>\r\n\r\n\r\n\r\n<li><em>Calle M\u00e1laga<\/em>, de Maryam Touzani (Marruecos \/ Espa\u00f1a)<\/li>\r\n\r\n\r\n\r\n<li><em>Blue Moon<\/em>, de Richard Linklater (Estados Unidos)<\/li>\r\n\r\n\r\n\r\n<li><em>Dead of Winter<\/em>, de Brian Kirk (Estados Unidos \/ Alemania)<\/li>\r\n\r\n\r\n\r\n<li><em>Magallanes<\/em>, de Lav D\u00edaz (Filipinas \/ Espa\u00f1a \/ Portugal)<\/li>\r\n\r\n\r\n\r\n<li><em>Promised Sky<\/em>, de Erige Sehiri (T\u00fanez \/ Francia)<\/li>\r\n\r\n\r\n\r\n<li><em>Gavagai<\/em>, de Ulrich K\u00f6hler (Alemania \/ Francia)<\/li>\r\n\r\n\r\n\r\n<li><em>Father, Mother, Sister, Brother<\/em>, de Jim Jarmusch (Estados Unidos)<\/li>\r\n\r\n\r\n\r\n<li><em>Orphan<\/em>, de L\u00e1szl\u00f3 Nemes (Hungr\u00eda)<\/li>\r\n<\/ul>\r\n\r\n\r\n\r\n<h2 class=\"wp-block-heading\">Funciones especiales<\/h2>\r\n\r\n\r\n\r\n<p>Las <strong>funciones especiales<\/strong> se llevar\u00e1n a cabo en el <strong>Teatro de Verano Margarita Xirgu<\/strong>, con proyecciones <strong>a cielo abierto<\/strong>:<\/p>\r\n\r\n\r\n\r\n<ul class=\"wp-block-list\">\r\n<li><em>Mario<\/em>, de Guillem Mir\u00f3 (Espa\u00f1a)<\/li>\r\n\r\n\r\n\r\n<li><em>Adi\u00f3s a las lilas<\/em>, de Hugo Curletto (Argentina)<\/li>\r\n\r\n\r\n\r\n<li><em>Querido Mundo<\/em>, de Miguel Falabella (Brasil)<\/li>\r\n\r\n\r\n\r\n<li><em>Susurros<\/em> (Uruguay \/ Argentina)<\/li>\r\n<\/ul>\r\n\r\n\r\n\r\n<h2 class=\"wp-block-heading\">Foco Luis Bu\u00f1uel<\/h2>\r\n\r\n\r\n\r\n<p>El festival presentar\u00e1 una <strong>retrospectiva dedicada a Luis Bu\u00f1uel<\/strong>, centrada en su etapa mexicana, con la exhibici\u00f3n de tres cl\u00e1sicos fundamentales de su filmograf\u00eda:<\/p>\r\n\r\n\r\n\r\n<ul class=\"wp-block-list\">\r\n<li><em>Los olvidados<\/em> (1950)<\/li>\r\n\r\n\r\n\r\n<li><em>Viridiana<\/em> (1961)<\/li>\r\n\r\n\r\n\r\n<li><em>El \u00e1ngel exterminador<\/em> (1962)<\/li>\r\n<\/ul>\r\n\r\n\r\n\r\n<h2 class=\"wp-block-heading\">Pantalla Maldonado<\/h2>\r\n\r\n\r\n\r\n<p>Por segundo a\u00f1o consecutivo, el festival impulsa <strong>Pantalla Maldonado<\/strong>, una iniciativa p\u00fablico\u2013privada desarrollada por el <strong>Departamento de Cultura de la IDM<\/strong> y <strong>Este Audiovisual<\/strong>, destinada a <strong>fortalecer y visibilizar la producci\u00f3n audiovisual del departamento<\/strong>.<\/p>\r\n\r\n\r\n\r\n<p>El espacio incluye la exhibici\u00f3n de <strong>cortometrajes realizados en Maldonado<\/strong>, con premios en efectivo y posibilidades de participaci\u00f3n en festivales regionales. Las obras seleccionadas se proyectar\u00e1n en el marco del festival, con una <strong>funci\u00f3n especial en el Teatro de Verano Margarita Xirgu<\/strong>.<\/p>\r\n\r\n\r\n\r\n<p>M\u00e1s Info: cinepunta.uy<\/p>\r\n<p>Instagram: @fic_punta<\/p>\r\n\r\n<p><script async=\"\" src=\"https:\/\/pagead2.googlesyndication.com\/pagead\/js\/adsbygoogle.js?client=ca-pub-1258162831753121\" crossorigin=\"anonymous\"><\/script> <ins class=\"adsbygoogle\" style=\"display: block; text-align: center;\" data-ad-layout=\"in-article\" data-ad-format=\"fluid\" data-ad-client=\"ca-pub-1258162831753121\" data-ad-slot=\"9254952921\"><\/ins> <script>\r\n     (adsbygoogle = window.adsbygoogle || []).push({});\r\n<\/script><\/p>","protected":false},"excerpt":{"rendered":"<p>Punta del Este vuelve a ser capital del cine iberoamericano e internacional.<\/p>\n<p>Del 7 al 13 de febrero de 2026, Punta del Este ser\u00e1 nuevamente sede del 28.\u00ba Festival Internacional de Cine de Punta del Este (FICPunta), uno de los eventos cinematogr\u00e1ficos m\u00e1s importantes de Uruguay y del Cono Sur. Durante una semana, el p\u00fablico podr\u00e1 disfrutar de una programaci\u00f3n diversa y de alto nivel, con m\u00e1s de 40 pel\u00edculas, muchas de ellas estrenos exclusivos en el pa\u00eds, y con acceso gratuito a todas las funciones.<\/p>\n<p>El festival reunir\u00e1 lo m\u00e1s destacado del cine nacional, regional e internacional, con obras provenientes de Uruguay, Argentina, Bolivia, Brasil, Chile, Colombia, Ecuador, Espa\u00f1a, M\u00e9xico, Per\u00fa, Rep\u00fablica Dominicana y Venezuela, as\u00ed como de Alemania, Estados Unidos, Filipinas, Francia, Hungr\u00eda, Italia, Marruecos, Portugal, Tailandia y T\u00fanez.<\/p>\n<p>La edici\u00f3n 2026 contar\u00e1 adem\u00e1s con la presencia de realizadores, actores, prensa especializada y representantes de importantes festivales del continente, como Cartagena (Colombia), Lima y Al Este (Per\u00fa), Vi\u00f1a del Mar (Chile), FAM \u2013 Festival Audiovisual del Mercosur (Florian\u00f3polis) y Bag\u00e9 (Brasil).<\/p>\n","protected":false},"author":155,"featured_media":121481,"comment_status":"closed","ping_status":"closed","sticky":false,"template":"","format":"standard","meta":{"om_disable_all_campaigns":false,"ngg_post_thumbnail":0,"jnews-multi-image_gallery":[],"jnews_single_post":{"subtitle":"7 al 13 de febrero de 2026 - FICPunta","format":"standard","override":[{"template":"4","parallax":"1","layout":"right-sidebar","sidebar":"default-sidebar","second_sidebar":"default-sidebar","sticky_sidebar":"1","share_position":"bottom","share_float_style":"share-monocrhome","show_share_counter":"1","show_view_counter":"1","show_featured":"1","show_post_meta":"1","show_post_author":"1","show_post_author_image":"1","show_post_date":"1","post_date_format":"default","post_date_format_custom":"Y\/m\/d","show_post_category":"1","post_reading_time_wpm":"300","post_calculate_word_method":"str_word_count","zoom_button_out_step":"2","zoom_button_in_step":"3","show_post_tag":"1","show_prev_next_post":"1","show_popup_post":"1","show_comment_section":"1","number_popup_post":"1","show_author_box":"1","show_post_related":"0","show_inline_post_related":"0"}],"image_override":[{"single_post_thumbnail_size":"no-crop","single_post_gallery_size":"crop-500"}],"trending_post_position":"meta","trending_post_label":"Trending","sponsored_post_label":"Sponsored by","disable_ad":"0"},"jnews_primary_category":[],"jnews_social_meta":[],"jnews_override_counter":{"view_counter_number":"0","share_counter_number":"0","like_counter_number":"0","dislike_counter_number":"0"},"footnotes":""},"categories":[72],"tags":[5825,21791,1194],"class_list":["post-121480","post","type-post","status-publish","format-standard","has-post-thumbnail","hentry","category-cine","tag-festival-internacional-de-cine","tag-ficpunta","tag-punta-del-este"],"yoast_head":"<!-- This site is optimized with the Yoast SEO plugin v27.5 - https:\/\/yoast.com\/product\/yoast-seo-wordpress\/ -->\n<title>28\u00ba Festival Internacional de Cine de Punta del Este - Cooltivarte Portal<\/title>\n<meta name=\"description\" content=\"El festival reunir\u00e1 lo m\u00e1s destacado del cine nacional, regional e internacional, con obras provenientes de Uruguay, Argentina, Bolivia, Brasil, Chile, Colombia, Ecuador, Espa\u00f1a, M\u00e9xico, Per\u00fa, Rep\u00fablica Dominicana y Venezuela, as\u00ed como de Alemania, Estados Unidos, Filipinas, Francia, Hungr\u00eda, Italia, Marruecos, Portugal, Tailandia y T\u00fanez.\" \/>\n<meta name=\"robots\" content=\"index, follow, max-snippet:-1, max-image-preview:large, max-video-preview:-1\" \/>\n<link rel=\"canonical\" href=\"https:\/\/cooltivarte.com\/portal\/28o-festival-internacional-de-cine-de-punta-del-este-2\/\" \/>\n<meta property=\"og:locale\" content=\"es_ES\" \/>\n<meta property=\"og:type\" content=\"article\" \/>\n<meta property=\"og:title\" content=\"28\u00ba Festival Internacional de Cine de Punta del Este - Cooltivarte Portal\" \/>\n<meta property=\"og:description\" content=\"El festival reunir\u00e1 lo m\u00e1s destacado del cine nacional, regional e internacional, con obras provenientes de Uruguay, Argentina, Bolivia, Brasil, Chile, Colombia, Ecuador, Espa\u00f1a, M\u00e9xico, Per\u00fa, Rep\u00fablica Dominicana y Venezuela, as\u00ed como de Alemania, Estados Unidos, Filipinas, Francia, Hungr\u00eda, Italia, Marruecos, Portugal, Tailandia y T\u00fanez.\" \/>\n<meta property=\"og:url\" content=\"https:\/\/cooltivarte.com\/portal\/28o-festival-internacional-de-cine-de-punta-del-este-2\/\" \/>\n<meta property=\"og:site_name\" content=\"Cooltivarte Portal\" \/>\n<meta property=\"article:publisher\" content=\"https:\/\/www.facebook.com\/cooltivartecom\/\" \/>\n<meta property=\"article:author\" content=\"https:\/\/www.facebook.com\/cineylibros\/\" \/>\n<meta property=\"article:published_time\" content=\"2026-01-26T17:40:24+00:00\" \/>\n<meta property=\"article:modified_time\" content=\"2026-02-03T20:47:25+00:00\" \/>\n<meta property=\"og:image\" content=\"https:\/\/cooltivarte.com\/portal\/wp-content\/uploads\/2026\/01\/IMG-20260109-WA0003.jpg\" \/>\n\t<meta property=\"og:image:width\" content=\"1440\" \/>\n\t<meta property=\"og:image:height\" content=\"1049\" \/>\n\t<meta property=\"og:image:type\" content=\"image\/jpeg\" \/>\n<meta name=\"author\" content=\"Luciana Rodriguez\" \/>\n<meta name=\"twitter:card\" content=\"summary_large_image\" \/>\n<meta name=\"twitter:creator\" content=\"@https:\/\/x.com\/obolocultural\" \/>\n<meta name=\"twitter:site\" content=\"@obolocultural\" \/>\n<meta name=\"twitter:label1\" content=\"Escrito por\" \/>\n\t<meta name=\"twitter:data1\" content=\"Luciana Rodriguez\" \/>\n\t<meta name=\"twitter:label2\" content=\"Tiempo de lectura\" \/>\n\t<meta name=\"twitter:data2\" content=\"4 minutos\" \/>\n<!-- \/ Yoast SEO plugin. -->","yoast_head_json":{"title":"28\u00ba Festival Internacional de Cine de Punta del Este - Cooltivarte Portal","description":"El festival reunir\u00e1 lo m\u00e1s destacado del cine nacional, regional e internacional, con obras provenientes de Uruguay, Argentina, Bolivia, Brasil, Chile, Colombia, Ecuador, Espa\u00f1a, M\u00e9xico, Per\u00fa, Rep\u00fablica Dominicana y Venezuela, as\u00ed como de Alemania, Estados Unidos, Filipinas, Francia, Hungr\u00eda, Italia, Marruecos, Portugal, Tailandia y T\u00fanez.","robots":{"index":"index","follow":"follow","max-snippet":"max-snippet:-1","max-image-preview":"max-image-preview:large","max-video-preview":"max-video-preview:-1"},"canonical":"https:\/\/cooltivarte.com\/portal\/28o-festival-internacional-de-cine-de-punta-del-este-2\/","og_locale":"es_ES","og_type":"article","og_title":"28\u00ba Festival Internacional de Cine de Punta del Este - Cooltivarte Portal","og_description":"El festival reunir\u00e1 lo m\u00e1s destacado del cine nacional, regional e internacional, con obras provenientes de Uruguay, Argentina, Bolivia, Brasil, Chile, Colombia, Ecuador, Espa\u00f1a, M\u00e9xico, Per\u00fa, Rep\u00fablica Dominicana y Venezuela, as\u00ed como de Alemania, Estados Unidos, Filipinas, Francia, Hungr\u00eda, Italia, Marruecos, Portugal, Tailandia y T\u00fanez.","og_url":"https:\/\/cooltivarte.com\/portal\/28o-festival-internacional-de-cine-de-punta-del-este-2\/","og_site_name":"Cooltivarte Portal","article_publisher":"https:\/\/www.facebook.com\/cooltivartecom\/","article_author":"https:\/\/www.facebook.com\/cineylibros\/","article_published_time":"2026-01-26T17:40:24+00:00","article_modified_time":"2026-02-03T20:47:25+00:00","og_image":[{"width":1440,"height":1049,"url":"https:\/\/cooltivarte.com\/portal\/wp-content\/uploads\/2026\/01\/IMG-20260109-WA0003.jpg","type":"image\/jpeg"}],"author":"Luciana Rodriguez","twitter_card":"summary_large_image","twitter_creator":"@https:\/\/x.com\/obolocultural","twitter_site":"@obolocultural","twitter_misc":{"Escrito por":"Luciana Rodriguez","Tiempo de lectura":"4 minutos"},"schema":{"@context":"https:\/\/schema.org","@graph":[{"@type":"NewsArticle","@id":"https:\/\/cooltivarte.com\/portal\/28o-festival-internacional-de-cine-de-punta-del-este-2\/#article","isPartOf":{"@id":"https:\/\/cooltivarte.com\/portal\/28o-festival-internacional-de-cine-de-punta-del-este-2\/"},"author":{"name":"Luciana Rodriguez","@id":"https:\/\/cooltivarte.com\/portal\/#\/schema\/person\/5e9cf931afe7ffe76aa2a2d7d2c906bd"},"headline":"28\u00ba Festival Internacional de Cine de Punta del Este","datePublished":"2026-01-26T17:40:24+00:00","dateModified":"2026-02-03T20:47:25+00:00","mainEntityOfPage":{"@id":"https:\/\/cooltivarte.com\/portal\/28o-festival-internacional-de-cine-de-punta-del-este-2\/"},"wordCount":747,"publisher":{"@id":"https:\/\/cooltivarte.com\/portal\/#organization"},"image":{"@id":"https:\/\/cooltivarte.com\/portal\/28o-festival-internacional-de-cine-de-punta-del-este-2\/#primaryimage"},"thumbnailUrl":"https:\/\/cooltivarte.com\/portal\/wp-content\/uploads\/2026\/01\/IMG-20260109-WA0003.jpg","keywords":["Festival Internacional de Cine","FICPunta","Punta del Este"],"articleSection":["Cine y TV"],"inLanguage":"es-AR"},{"@type":"WebPage","@id":"https:\/\/cooltivarte.com\/portal\/28o-festival-internacional-de-cine-de-punta-del-este-2\/","url":"https:\/\/cooltivarte.com\/portal\/28o-festival-internacional-de-cine-de-punta-del-este-2\/","name":"28\u00ba Festival Internacional de Cine de Punta del Este - Cooltivarte Portal","isPartOf":{"@id":"https:\/\/cooltivarte.com\/portal\/#website"},"primaryImageOfPage":{"@id":"https:\/\/cooltivarte.com\/portal\/28o-festival-internacional-de-cine-de-punta-del-este-2\/#primaryimage"},"image":{"@id":"https:\/\/cooltivarte.com\/portal\/28o-festival-internacional-de-cine-de-punta-del-este-2\/#primaryimage"},"thumbnailUrl":"https:\/\/cooltivarte.com\/portal\/wp-content\/uploads\/2026\/01\/IMG-20260109-WA0003.jpg","datePublished":"2026-01-26T17:40:24+00:00","dateModified":"2026-02-03T20:47:25+00:00","description":"El festival reunir\u00e1 lo m\u00e1s destacado del cine nacional, regional e internacional, con obras provenientes de Uruguay, Argentina, Bolivia, Brasil, Chile, Colombia, Ecuador, Espa\u00f1a, M\u00e9xico, Per\u00fa, Rep\u00fablica Dominicana y Venezuela, as\u00ed como de Alemania, Estados Unidos, Filipinas, Francia, Hungr\u00eda, Italia, Marruecos, Portugal, Tailandia y T\u00fanez.","breadcrumb":{"@id":"https:\/\/cooltivarte.com\/portal\/28o-festival-internacional-de-cine-de-punta-del-este-2\/#breadcrumb"},"inLanguage":"es-AR","potentialAction":[{"@type":"ReadAction","target":["https:\/\/cooltivarte.com\/portal\/28o-festival-internacional-de-cine-de-punta-del-este-2\/"]}]},{"@type":"ImageObject","inLanguage":"es-AR","@id":"https:\/\/cooltivarte.com\/portal\/28o-festival-internacional-de-cine-de-punta-del-este-2\/#primaryimage","url":"https:\/\/cooltivarte.com\/portal\/wp-content\/uploads\/2026\/01\/IMG-20260109-WA0003.jpg","contentUrl":"https:\/\/cooltivarte.com\/portal\/wp-content\/uploads\/2026\/01\/IMG-20260109-WA0003.jpg","width":1440,"height":1049},{"@type":"BreadcrumbList","@id":"https:\/\/cooltivarte.com\/portal\/28o-festival-internacional-de-cine-de-punta-del-este-2\/#breadcrumb","itemListElement":[{"@type":"ListItem","position":1,"name":"Portada","item":"https:\/\/cooltivarte.com\/portal\/"},{"@type":"ListItem","position":2,"name":"28\u00ba Festival Internacional de Cine de Punta del Este"}]},{"@type":"WebSite","@id":"https:\/\/cooltivarte.com\/portal\/#website","url":"https:\/\/cooltivarte.com\/portal\/","name":"Cooltivarte Portal","description":"Arte, cultura y turismo para el mundo ...","publisher":{"@id":"https:\/\/cooltivarte.com\/portal\/#organization"},"potentialAction":[{"@type":"SearchAction","target":{"@type":"EntryPoint","urlTemplate":"https:\/\/cooltivarte.com\/portal\/?s={search_term_string}"},"query-input":{"@type":"PropertyValueSpecification","valueRequired":true,"valueName":"search_term_string"}}],"inLanguage":"es-AR"},{"@type":"Organization","@id":"https:\/\/cooltivarte.com\/portal\/#organization","name":"cooltivarte","url":"https:\/\/cooltivarte.com\/portal\/","logo":{"@type":"ImageObject","inLanguage":"es-AR","@id":"https:\/\/cooltivarte.com\/portal\/#\/schema\/logo\/image\/","url":"https:\/\/cooltivarte.com\/portal\/wp-content\/uploads\/2020\/04\/logo-cooltivarte-v2.png","contentUrl":"https:\/\/cooltivarte.com\/portal\/wp-content\/uploads\/2020\/04\/logo-cooltivarte-v2.png","width":851,"height":243,"caption":"cooltivarte"},"image":{"@id":"https:\/\/cooltivarte.com\/portal\/#\/schema\/logo\/image\/"},"sameAs":["https:\/\/www.facebook.com\/cooltivartecom\/","https:\/\/x.com\/obolocultural","https:\/\/www.instagram.com\/_cooltivarte_\/","https:\/\/www.linkedin.com\/company\/-bolocultural?reportsuccess=8zaNG1HwhPbAR9iQhZ5rfGeqz_vQFftHun0ZWU0Wy9vNemRJ8vtcKdJvzQfW8XagyOJSKg0XvfJ1dp","https:\/\/www.pinterest.com\/cooltivarte\/","https:\/\/cooltivarte.tumblr.com\/","https:\/\/www.tiktok.com\/@cooltivarte","https:\/\/www.youtube.com\/@PrensaCooltivarte"]},{"@type":"Person","@id":"https:\/\/cooltivarte.com\/portal\/#\/schema\/person\/5e9cf931afe7ffe76aa2a2d7d2c906bd","name":"Luciana Rodriguez","image":{"@type":"ImageObject","inLanguage":"es-AR","@id":"https:\/\/cooltivarte.com\/portal\/wp-content\/uploads\/2019\/10\/luciana-120x120.jpg","url":"https:\/\/cooltivarte.com\/portal\/wp-content\/uploads\/2019\/10\/luciana-120x120.jpg","contentUrl":"https:\/\/cooltivarte.com\/portal\/wp-content\/uploads\/2019\/10\/luciana-120x120.jpg","caption":"Luciana Rodriguez"},"description":"Luciana Rodr\u00edguez, mam\u00e1, fot\u00f3grafa, t\u00e9cnica en comunicaci\u00f3n social, actualmente realizando la licenciatura en comunicaci\u00f3n audiovisual en la Fic (Udelar). Desde peque\u00f1a mi primer amor fue el cine, tard\u00edamente encontr\u00e9 mi segunda pasi\u00f3n en la literatura. Mi sue\u00f1o es lograr convertirme en cineasta, principalmente dentro del cine documental, mientras tanto disfruto de las obras ajenas intentando por este medio que otros las conozcan.","sameAs":["https:\/\/entrenoslibroscine.wordpress.com\/","https:\/\/www.facebook.com\/cineylibros\/","https:\/\/www.instagram.com\/luciana.rodriguez.cine","https:\/\/www.linkedin.com\/company\/-bolocultural\/","https:\/\/www.pinterest.com\/cooltivarte\/","https:\/\/x.com\/https:\/\/x.com\/obolocultural","https:\/\/www.youtube.com\/@PrensaCooltivarte","https:\/\/cooltivarte.tumblr.com\/"],"url":"https:\/\/cooltivarte.com\/portal\/author\/luciana-rodriguez\/"}]}},"_links":{"self":[{"href":"https:\/\/cooltivarte.com\/portal\/wp-json\/wp\/v2\/posts\/121480","targetHints":{"allow":["GET"]}}],"collection":[{"href":"https:\/\/cooltivarte.com\/portal\/wp-json\/wp\/v2\/posts"}],"about":[{"href":"https:\/\/cooltivarte.com\/portal\/wp-json\/wp\/v2\/types\/post"}],"author":[{"embeddable":true,"href":"https:\/\/cooltivarte.com\/portal\/wp-json\/wp\/v2\/users\/155"}],"replies":[{"embeddable":true,"href":"https:\/\/cooltivarte.com\/portal\/wp-json\/wp\/v2\/comments?post=121480"}],"version-history":[{"count":5,"href":"https:\/\/cooltivarte.com\/portal\/wp-json\/wp\/v2\/posts\/121480\/revisions"}],"predecessor-version":[{"id":122516,"href":"https:\/\/cooltivarte.com\/portal\/wp-json\/wp\/v2\/posts\/121480\/revisions\/122516"}],"wp:featuredmedia":[{"embeddable":true,"href":"https:\/\/cooltivarte.com\/portal\/wp-json\/wp\/v2\/media\/121481"}],"wp:attachment":[{"href":"https:\/\/cooltivarte.com\/portal\/wp-json\/wp\/v2\/media?parent=121480"}],"wp:term":[{"taxonomy":"category","embeddable":true,"href":"https:\/\/cooltivarte.com\/portal\/wp-json\/wp\/v2\/categories?post=121480"},{"taxonomy":"post_tag","embeddable":true,"href":"https:\/\/cooltivarte.com\/portal\/wp-json\/wp\/v2\/tags?post=121480"}],"curies":[{"name":"wp","href":"https:\/\/api.w.org\/{rel}","templated":true}]}}