{"id":121436,"date":"2026-01-08T21:00:59","date_gmt":"2026-01-09T00:00:59","guid":{"rendered":"https:\/\/cooltivarte.com\/portal\/?p=121436"},"modified":"2026-01-08T16:25:34","modified_gmt":"2026-01-08T19:25:34","slug":"no-te-va-gustar-la-noche-de-ayer","status":"publish","type":"post","link":"https:\/\/cooltivarte.com\/portal\/no-te-va-gustar-la-noche-de-ayer\/","title":{"rendered":"No Te Va Gustar &#8211; La Noche De Ayer"},"content":{"rendered":"<p><iframe title=\"No Te Va Gustar - La Noche De Ayer\" src=\"https:\/\/www.youtube.com\/embed\/Biol6FS9LbQ?si=QGGnK0qX9klfeBMe\" width=\"100%\" height=\"515\" frameborder=\"0\" allowfullscreen=\"allowfullscreen\"><span data-mce-type=\"bookmark\" style=\"display: inline-block; width: 0px; overflow: hidden; line-height: 0;\" class=\"mce_SELRES_start\">\ufeff<\/span><\/iframe><\/p>\n<p>&nbsp;<\/p>\n<h3><a href=\"https:\/\/cooltivarte.com\/portal\/?s=No+Te+Va+Gustar\" target=\"_blank\" rel=\"noopener\"><strong>No Te Va Gustar<\/strong><\/a><br \/>\n<strong>La Noche De Ayer<\/strong><\/h3>\n<p>Florece En El Caos \u00a9 2026 Elefante Blanco<br \/>\nProducci\u00f3n musical: <a href=\"https:\/\/cooltivarte.com\/portal\/?s=Nico+Cotton\" target=\"_blank\" rel=\"noopener\"><strong>Nico Cotton<\/strong><\/a><br \/>\nGrabada en setiembre\/octubre de 2025 en estudio Elefante Blanco, Montevideo.<\/p>\n<p>Cr\u00e9ditos video:<br \/>\nProductora Cimarr\u00f3n<br \/>\nProductores Santiago Lopez y Diego Robino<br \/>\nDirecci\u00f3n de Producci\u00f3n Rosina Danese<br \/>\nGerente de Finanzas Cimarr\u00f3n Guillermo Misol<br \/>\nGerente de Administraci\u00f3n Cimarr\u00f3n Valentin Rivas<br \/>\nAsistente de Producci\u00f3n Florencia Traversa<br \/>\nAsistente de Producci\u00f3n Alfonso Trelles<br \/>\nAsistente de Producci\u00f3n Gerardo Minutti<\/p>\n<p>DIRECCI\u00d3N<br \/>\nDirecci\u00f3n Diego Robino y Jean Michel Cerf<br \/>\nAsistencia de Direcci\u00f3n Santiago Turell<\/p>\n<p>ARTE, VESTUARIO y MAQUILLAJE<br \/>\nDirecci\u00f3n de Arte Sofia Balda Brown<br \/>\nVestuario Carolina Dur\u00e9<br \/>\nUtilero de Set Fernando Diaz<br \/>\nFX Raul &#8220;Negrito&#8221; Monzillo<br \/>\nRunner vestuario Florencia Moran<br \/>\nMaquillaje y Pelo Ana Mu\u00f1oz<\/p>\n<p>FOTOGRAF\u00cdA Y SONIDO<br \/>\nDirecci\u00f3n de Fotograf\u00eda Diego Pavese<br \/>\nGaffer Paul Aenlle<br \/>\nKey Grip Emiliano Silvera<br \/>\nOperador de C\u00e1mara \/ Steadycam Mauricio Mena y Francisco Irigoyen<\/p>\n<p>1er Asistente de C\u00e1mara A Rodrigo Arcos<br \/>\n2do Asistente de C\u00e1mara A Ignacio Fierro<br \/>\n1er Asistente de C\u00e1mara B Rafael Canessa<br \/>\n2da Asistente de C\u00e1mara B Paula Grisi<br \/>\nVideo assist Tadeo Dominguez<br \/>\nSonidista Ignacio Sande<br \/>\nEl\u00e9ctrico Marcos Ferro<br \/>\nEl\u00e9ctrico Gustavo &#8220;Pampa&#8221; Pereyra<br \/>\nEl\u00e9ctrico Fabio Garc\u00eda<br \/>\nGrip Alejandro Noya<br \/>\nGrip Gabriel De Carlo<br \/>\nGrip David Sanguinetti<br \/>\nOperador de Generador Nestor Menini<\/p>\n<p>Postproducci\u00f3n:<br \/>\nEditor Inti Nieto<br \/>\nProductor de Post I\u00f1aki Dubourg<br \/>\nCoordinaci\u00f3n de Post In\u00e9s Ara\u00fajo y Cecilia Garizoain<br \/>\nSupervisor Tecnico Iair Attias<br \/>\nAnimaci\u00f3n Adriana &#8220;Pocha&#8221; Amejeiras<br \/>\nColorista Daff Schneydher<br \/>\nMaking Of Distante &#8211; Mateo Pigola<\/p>\n<p>MEDIAPRO VP<br \/>\nVirtual Production en Montevideo<br \/>\nOperador VP: Carlos Alcaide<br \/>\nSupervisor VP: Juan Mauricio Vigovich<br \/>\nProducci\u00f3n VP: Brenda S. Berstein<\/p>\n<p>Virtual Production en Barcelona<br \/>\nArtista UE: Xavi Calvo<br \/>\nSupervisor VP: Carlota Masso Cabre<br \/>\nProducci\u00f3n VP: Marjoury Portal Bello<br \/>\nDirecci\u00f3n de proyecto VP Isaac Bergada Agusti<\/p>\n<p>PROVEEDORES<br \/>\nC\u00e1mara, luces y grip Musitelli Film &amp; Digital<br \/>\nEstudio Reducto<br \/>\nPantallas Martin Varela Team<br \/>\nVirtual Production Mediapro<br \/>\nMVD Assis<br \/>\nLaboratorio Color Colour<br \/>\nSteadycam y accesorios Gricam<br \/>\nTransporte Barb\u00e9 Transportes y Log\u00edstica<br \/>\nProducci\u00f3n Rentals Don Obdulio Almacen Audiovisual<br \/>\nCatering Reducto Caf\u00e9<\/p>\n<p>&nbsp;<\/p>\n<p>&nbsp;<\/p>\n<p>&nbsp;<\/p>\n","protected":false},"excerpt":{"rendered":"<p>No Te Va Gustar<br \/>\nLa Noche De Ayer<br \/>\nFlorece En El Caos \u00a9 2026 Elefante Blanco<br \/>\nProducci\u00f3n musical: Nico Cotton<br \/>\nGrabada en setiembre\/octubre de 2025 en estudio Elefante Blanco, Montevideo.<\/p>\n","protected":false},"author":8,"featured_media":121437,"comment_status":"closed","ping_status":"closed","sticky":false,"template":"","format":"standard","meta":{"om_disable_all_campaigns":false,"ngg_post_thumbnail":0,"jnews-multi-image_gallery":[],"jnews_single_post":{"subtitle":"","format":"standard","override":[{"template":"4","parallax":"1","layout":"right-sidebar","sidebar":"default-sidebar","second_sidebar":"default-sidebar","sticky_sidebar":"1","share_position":"bottom","share_float_style":"share-monocrhome","show_share_counter":"1","show_view_counter":"1","show_featured":"1","show_post_meta":"1","show_post_author":"1","show_post_author_image":"1","show_post_date":"1","post_date_format":"default","post_date_format_custom":"Y\/m\/d","show_post_category":"1","post_reading_time_wpm":"300","post_calculate_word_method":"str_word_count","zoom_button_out_step":"2","zoom_button_in_step":"3","show_post_tag":"1","show_prev_next_post":"1","show_popup_post":"1","show_comment_section":"1","number_popup_post":"1","show_author_box":"1","show_post_related":"0","show_inline_post_related":"0"}],"image_override":[{"single_post_thumbnail_size":"no-crop","single_post_gallery_size":"crop-500"}],"trending_post_position":"meta","trending_post_label":"Trending","sponsored_post_label":"Sponsored by","disable_ad":"0"},"jnews_primary_category":[],"jnews_social_meta":[],"jnews_override_counter":{"view_counter_number":"0","share_counter_number":"0","like_counter_number":"0","dislike_counter_number":"0"},"footnotes":""},"categories":[14772],"tags":[25360,451],"class_list":["post-121436","post","type-post","status-publish","format-standard","has-post-thumbnail","hentry","category-video","tag-la-noche-de-ayer","tag-no-te-va-gustar"],"yoast_head":"<!-- This site is optimized with the Yoast SEO plugin v27.5 - https:\/\/yoast.com\/product\/yoast-seo-wordpress\/ -->\n<title>No Te Va Gustar - La Noche De Ayer - Cooltivarte Portal<\/title>\n<meta name=\"description\" content=\"Grabada en setiembre\/octubre de 2025 en estudio Elefante Blanco, Montevideo.\" \/>\n<meta name=\"robots\" content=\"index, follow, max-snippet:-1, max-image-preview:large, max-video-preview:-1\" \/>\n<link rel=\"canonical\" href=\"https:\/\/cooltivarte.com\/portal\/no-te-va-gustar-la-noche-de-ayer\/\" \/>\n<meta property=\"og:locale\" content=\"es_ES\" \/>\n<meta property=\"og:type\" content=\"article\" \/>\n<meta property=\"og:title\" content=\"No Te Va Gustar - La Noche De Ayer\" \/>\n<meta property=\"og:description\" content=\"Grabada en setiembre\/octubre de 2025 en estudio Elefante Blanco, Montevideo.\" \/>\n<meta property=\"og:url\" content=\"https:\/\/cooltivarte.com\/portal\/no-te-va-gustar-la-noche-de-ayer\/\" \/>\n<meta property=\"og:site_name\" content=\"Cooltivarte Portal\" \/>\n<meta property=\"article:publisher\" content=\"https:\/\/www.facebook.com\/cooltivartecom\/\" \/>\n<meta property=\"article:author\" content=\"https:\/\/www.facebook.com\/cooltivartecom\" \/>\n<meta property=\"article:published_time\" content=\"2026-01-09T00:00:59+00:00\" \/>\n<meta property=\"og:image\" content=\"https:\/\/cooltivarte.com\/portal\/wp-content\/uploads\/2026\/01\/No-Te-Va-Gustar-La-Noche-De-Ayer.jpg\" \/>\n\t<meta property=\"og:image:width\" content=\"686\" \/>\n\t<meta property=\"og:image:height\" content=\"386\" \/>\n\t<meta property=\"og:image:type\" content=\"image\/jpeg\" \/>\n<meta name=\"author\" content=\"Cooltivarte\" \/>\n<meta name=\"twitter:card\" content=\"summary_large_image\" \/>\n<meta name=\"twitter:title\" content=\"No Te Va Gustar - La Noche De Ayer\" \/>\n<meta name=\"twitter:description\" content=\"Grabada en setiembre\/octubre de 2025 en estudio Elefante Blanco, Montevideo.\" \/>\n<meta name=\"twitter:image\" content=\"https:\/\/cooltivarte.com\/portal\/wp-content\/uploads\/2026\/01\/No-Te-Va-Gustar-La-Noche-De-Ayer.jpg\" \/>\n<meta name=\"twitter:creator\" content=\"@https:\/\/x.com\/obolocultural\" \/>\n<meta name=\"twitter:site\" content=\"@obolocultural\" \/>\n<meta name=\"twitter:label1\" content=\"Escrito por\" \/>\n\t<meta name=\"twitter:data1\" content=\"Cooltivarte\" \/>\n\t<meta name=\"twitter:label2\" content=\"Tiempo de lectura\" \/>\n\t<meta name=\"twitter:data2\" content=\"2 minutos\" \/>\n<!-- \/ Yoast SEO plugin. -->","yoast_head_json":{"title":"No Te Va Gustar - La Noche De Ayer - Cooltivarte Portal","description":"Grabada en setiembre\/octubre de 2025 en estudio Elefante Blanco, Montevideo.","robots":{"index":"index","follow":"follow","max-snippet":"max-snippet:-1","max-image-preview":"max-image-preview:large","max-video-preview":"max-video-preview:-1"},"canonical":"https:\/\/cooltivarte.com\/portal\/no-te-va-gustar-la-noche-de-ayer\/","og_locale":"es_ES","og_type":"article","og_title":"No Te Va Gustar - La Noche De Ayer","og_description":"Grabada en setiembre\/octubre de 2025 en estudio Elefante Blanco, Montevideo.","og_url":"https:\/\/cooltivarte.com\/portal\/no-te-va-gustar-la-noche-de-ayer\/","og_site_name":"Cooltivarte Portal","article_publisher":"https:\/\/www.facebook.com\/cooltivartecom\/","article_author":"https:\/\/www.facebook.com\/cooltivartecom","article_published_time":"2026-01-09T00:00:59+00:00","og_image":[{"width":686,"height":386,"url":"https:\/\/cooltivarte.com\/portal\/wp-content\/uploads\/2026\/01\/No-Te-Va-Gustar-La-Noche-De-Ayer.jpg","type":"image\/jpeg"}],"author":"Cooltivarte","twitter_card":"summary_large_image","twitter_title":"No Te Va Gustar - La Noche De Ayer","twitter_description":"Grabada en setiembre\/octubre de 2025 en estudio Elefante Blanco, Montevideo.","twitter_image":"https:\/\/cooltivarte.com\/portal\/wp-content\/uploads\/2026\/01\/No-Te-Va-Gustar-La-Noche-De-Ayer.jpg","twitter_creator":"@https:\/\/x.com\/obolocultural","twitter_site":"@obolocultural","twitter_misc":{"Escrito por":"Cooltivarte","Tiempo de lectura":"2 minutos"},"schema":{"@context":"https:\/\/schema.org","@graph":[{"@type":"NewsArticle","@id":"https:\/\/cooltivarte.com\/portal\/no-te-va-gustar-la-noche-de-ayer\/#article","isPartOf":{"@id":"https:\/\/cooltivarte.com\/portal\/no-te-va-gustar-la-noche-de-ayer\/"},"author":{"name":"Cooltivarte","@id":"https:\/\/cooltivarte.com\/portal\/#\/schema\/person\/ec2a4f4e71b740d0c559c0ab9a157e19"},"headline":"No Te Va Gustar &#8211; La Noche De Ayer","datePublished":"2026-01-09T00:00:59+00:00","mainEntityOfPage":{"@id":"https:\/\/cooltivarte.com\/portal\/no-te-va-gustar-la-noche-de-ayer\/"},"wordCount":371,"publisher":{"@id":"https:\/\/cooltivarte.com\/portal\/#organization"},"image":{"@id":"https:\/\/cooltivarte.com\/portal\/no-te-va-gustar-la-noche-de-ayer\/#primaryimage"},"thumbnailUrl":"https:\/\/cooltivarte.com\/portal\/wp-content\/uploads\/2026\/01\/No-Te-Va-Gustar-La-Noche-De-Ayer.jpg","keywords":["La Noche De Ayer","No Te Va Gustar"],"articleSection":["Video"],"inLanguage":"es-AR"},{"@type":"WebPage","@id":"https:\/\/cooltivarte.com\/portal\/no-te-va-gustar-la-noche-de-ayer\/","url":"https:\/\/cooltivarte.com\/portal\/no-te-va-gustar-la-noche-de-ayer\/","name":"No Te Va Gustar - La Noche De Ayer - Cooltivarte Portal","isPartOf":{"@id":"https:\/\/cooltivarte.com\/portal\/#website"},"primaryImageOfPage":{"@id":"https:\/\/cooltivarte.com\/portal\/no-te-va-gustar-la-noche-de-ayer\/#primaryimage"},"image":{"@id":"https:\/\/cooltivarte.com\/portal\/no-te-va-gustar-la-noche-de-ayer\/#primaryimage"},"thumbnailUrl":"https:\/\/cooltivarte.com\/portal\/wp-content\/uploads\/2026\/01\/No-Te-Va-Gustar-La-Noche-De-Ayer.jpg","datePublished":"2026-01-09T00:00:59+00:00","description":"Grabada en setiembre\/octubre de 2025 en estudio Elefante Blanco, Montevideo.","breadcrumb":{"@id":"https:\/\/cooltivarte.com\/portal\/no-te-va-gustar-la-noche-de-ayer\/#breadcrumb"},"inLanguage":"es-AR","potentialAction":[{"@type":"ReadAction","target":["https:\/\/cooltivarte.com\/portal\/no-te-va-gustar-la-noche-de-ayer\/"]}]},{"@type":"ImageObject","inLanguage":"es-AR","@id":"https:\/\/cooltivarte.com\/portal\/no-te-va-gustar-la-noche-de-ayer\/#primaryimage","url":"https:\/\/cooltivarte.com\/portal\/wp-content\/uploads\/2026\/01\/No-Te-Va-Gustar-La-Noche-De-Ayer.jpg","contentUrl":"https:\/\/cooltivarte.com\/portal\/wp-content\/uploads\/2026\/01\/No-Te-Va-Gustar-La-Noche-De-Ayer.jpg","width":686,"height":386,"caption":"No Te Va Gustar - La Noche De Ayer"},{"@type":"BreadcrumbList","@id":"https:\/\/cooltivarte.com\/portal\/no-te-va-gustar-la-noche-de-ayer\/#breadcrumb","itemListElement":[{"@type":"ListItem","position":1,"name":"Portada","item":"https:\/\/cooltivarte.com\/portal\/"},{"@type":"ListItem","position":2,"name":"No Te Va Gustar &#8211; La Noche De Ayer"}]},{"@type":"WebSite","@id":"https:\/\/cooltivarte.com\/portal\/#website","url":"https:\/\/cooltivarte.com\/portal\/","name":"Cooltivarte Portal","description":"Arte, cultura y turismo para el mundo ...","publisher":{"@id":"https:\/\/cooltivarte.com\/portal\/#organization"},"potentialAction":[{"@type":"SearchAction","target":{"@type":"EntryPoint","urlTemplate":"https:\/\/cooltivarte.com\/portal\/?s={search_term_string}"},"query-input":{"@type":"PropertyValueSpecification","valueRequired":true,"valueName":"search_term_string"}}],"inLanguage":"es-AR"},{"@type":"Organization","@id":"https:\/\/cooltivarte.com\/portal\/#organization","name":"cooltivarte","url":"https:\/\/cooltivarte.com\/portal\/","logo":{"@type":"ImageObject","inLanguage":"es-AR","@id":"https:\/\/cooltivarte.com\/portal\/#\/schema\/logo\/image\/","url":"https:\/\/cooltivarte.com\/portal\/wp-content\/uploads\/2020\/04\/logo-cooltivarte-v2.png","contentUrl":"https:\/\/cooltivarte.com\/portal\/wp-content\/uploads\/2020\/04\/logo-cooltivarte-v2.png","width":851,"height":243,"caption":"cooltivarte"},"image":{"@id":"https:\/\/cooltivarte.com\/portal\/#\/schema\/logo\/image\/"},"sameAs":["https:\/\/www.facebook.com\/cooltivartecom\/","https:\/\/x.com\/obolocultural","https:\/\/www.instagram.com\/_cooltivarte_\/","https:\/\/www.linkedin.com\/company\/-bolocultural?reportsuccess=8zaNG1HwhPbAR9iQhZ5rfGeqz_vQFftHun0ZWU0Wy9vNemRJ8vtcKdJvzQfW8XagyOJSKg0XvfJ1dp","https:\/\/www.pinterest.com\/cooltivarte\/","https:\/\/cooltivarte.tumblr.com\/","https:\/\/www.tiktok.com\/@cooltivarte","https:\/\/www.youtube.com\/@PrensaCooltivarte"]},{"@type":"Person","@id":"https:\/\/cooltivarte.com\/portal\/#\/schema\/person\/ec2a4f4e71b740d0c559c0ab9a157e19","name":"Cooltivarte","image":{"@type":"ImageObject","inLanguage":"es-AR","@id":"https:\/\/cooltivarte.com\/portal\/wp-content\/uploads\/2014\/05\/logo-cooltivarte-120x120.jpg","url":"https:\/\/cooltivarte.com\/portal\/wp-content\/uploads\/2014\/05\/logo-cooltivarte-120x120.jpg","contentUrl":"https:\/\/cooltivarte.com\/portal\/wp-content\/uploads\/2014\/05\/logo-cooltivarte-120x120.jpg","caption":"Cooltivarte"},"description":"Somos COOLTIVARTE.COM. Un portal digital dedicado a difundir el acontecer art\u00edstico y cultural del Uruguay. Estamos en la vuelta desde el a\u00f1o 2003, y como evoluci\u00f3n del bolet\u00edn Obolo Cultural, nos encontramos abocados a apoyar a los artistas nacionales brind\u00e1ndoles un espacio de difusi\u00f3n. Creemos en la idea de utilizar la potencialidad que hoy d\u00eda nos otorga la web, para que la cultura uruguaya y sus creadores dispongan de una din\u00e1mica ventana, que los ponga en contacto entre s\u00ed y con el mundo. Somos COOLTIVARTE.COM y pretendemos configurarnos como un portal din\u00e1mico, entretenido y atento a los nuevos emprendimientos, que busque siempre la interacci\u00f3n con los artistas.","sameAs":["http:\/\/www.cooltivarte.com","https:\/\/www.facebook.com\/cooltivartecom","https:\/\/www.instagram.com\/_cooltivarte_\/","https:\/\/www.linkedin.com\/company\/-bolocultural","https:\/\/www.pinterest.com\/cooltivarte\/","https:\/\/x.com\/https:\/\/x.com\/obolocultural","https:\/\/www.youtube.com\/@PrensaCooltivarte","https:\/\/www.tumblr.com\/blog\/cooltivarte"],"url":"https:\/\/cooltivarte.com\/portal\/author\/cooltivarte\/"}]}},"_links":{"self":[{"href":"https:\/\/cooltivarte.com\/portal\/wp-json\/wp\/v2\/posts\/121436","targetHints":{"allow":["GET"]}}],"collection":[{"href":"https:\/\/cooltivarte.com\/portal\/wp-json\/wp\/v2\/posts"}],"about":[{"href":"https:\/\/cooltivarte.com\/portal\/wp-json\/wp\/v2\/types\/post"}],"author":[{"embeddable":true,"href":"https:\/\/cooltivarte.com\/portal\/wp-json\/wp\/v2\/users\/8"}],"replies":[{"embeddable":true,"href":"https:\/\/cooltivarte.com\/portal\/wp-json\/wp\/v2\/comments?post=121436"}],"version-history":[{"count":1,"href":"https:\/\/cooltivarte.com\/portal\/wp-json\/wp\/v2\/posts\/121436\/revisions"}],"predecessor-version":[{"id":121438,"href":"https:\/\/cooltivarte.com\/portal\/wp-json\/wp\/v2\/posts\/121436\/revisions\/121438"}],"wp:featuredmedia":[{"embeddable":true,"href":"https:\/\/cooltivarte.com\/portal\/wp-json\/wp\/v2\/media\/121437"}],"wp:attachment":[{"href":"https:\/\/cooltivarte.com\/portal\/wp-json\/wp\/v2\/media?parent=121436"}],"wp:term":[{"taxonomy":"category","embeddable":true,"href":"https:\/\/cooltivarte.com\/portal\/wp-json\/wp\/v2\/categories?post=121436"},{"taxonomy":"post_tag","embeddable":true,"href":"https:\/\/cooltivarte.com\/portal\/wp-json\/wp\/v2\/tags?post=121436"}],"curies":[{"name":"wp","href":"https:\/\/api.w.org\/{rel}","templated":true}]}}