{"id":121407,"date":"2026-01-07T14:19:06","date_gmt":"2026-01-07T17:19:06","guid":{"rendered":"https:\/\/cooltivarte.com\/portal\/?p=121407"},"modified":"2026-01-07T14:32:51","modified_gmt":"2026-01-07T17:32:51","slug":"la-peste-y-el-circo-mas-inverosimil-del-universo","status":"publish","type":"post","link":"https:\/\/cooltivarte.com\/portal\/la-peste-y-el-circo-mas-inverosimil-del-universo\/","title":{"rendered":"LA PESTE Y EL CIRCO M\u00c1S INVEROSIMIL DEL UNIVERSO"},"content":{"rendered":"<figure id=\"attachment_121412\" aria-describedby=\"caption-attachment-121412\" style=\"width: 500px\" class=\"wp-caption aligncenter\"><img fetchpriority=\"high\" decoding=\"async\" class=\"wp-image-121412 size-full\" title=\"Caricatura pol\u00edtica de Louis Dalrymple sobre el expansionismo estadounidense. El T\u00edo Sam se extiende por todo el continente americano blandiendo un gran garrote con la inscripci\u00f3n &quot;Doctrina Monroe 1824-1905&quot;. El garrote es una met\u00e1fora de la fuerza militar.\" src=\"https:\/\/cooltivarte.com\/portal\/wp-content\/uploads\/2026\/01\/Uncle_Sam_Straddles_the_Americas_Cartoon.jpg\" alt=\"Caricatura pol\u00edtica de Louis Dalrymple sobre el expansionismo estadounidense. El T\u00edo Sam se extiende por todo el continente americano blandiendo un gran garrote con la inscripci\u00f3n &quot;Doctrina Monroe 1824-1905&quot;. El garrote es una met\u00e1fora de la fuerza militar.\" width=\"500\" height=\"712\" srcset=\"https:\/\/cooltivarte.com\/portal\/wp-content\/uploads\/2026\/01\/Uncle_Sam_Straddles_the_Americas_Cartoon.jpg 500w, https:\/\/cooltivarte.com\/portal\/wp-content\/uploads\/2026\/01\/Uncle_Sam_Straddles_the_Americas_Cartoon-211x300.jpg 211w\" sizes=\"(max-width: 500px) 100vw, 500px\" \/><figcaption id=\"caption-attachment-121412\" class=\"wp-caption-text\">Caricatura pol\u00edtica de Louis Dalrymple sobre el expansionismo estadounidense. El T\u00edo Sam se extiende por todo el continente americano blandiendo un gran garrote con la inscripci\u00f3n &#8220;Doctrina Monroe 1824-1905&#8221;. El garrote es una met\u00e1fora de la fuerza militar. Fuente imagen <a href=\"https:\/\/en.wikipedia.org\/wiki\/Monroe_Doctrine\" target=\"_blank\" rel=\"noopener\">wikipedia<\/a><\/figcaption><\/figure>\n<p><span style=\"font-weight: 400;\">1.<\/span><\/p>\n<p><span style=\"font-weight: 400;\">Qui\u00e9n haya visto la pel\u00edcula de Tarantino \u201cBastardos sin Gloria\u201d, recordar\u00e1 el papel del siniestro y c\u00ednico coronel de las <\/span><i><span style=\"font-weight: 400;\">SS<\/span><\/i><span style=\"font-weight: 400;\"> hitleriana Hans Landa, interpretado por un magn\u00edfico Christoph Waltz. Un h\u00e1bil manipulador de sentimientos, un d\u00e9spota sin escr\u00fapulos con tal de lograr sus objetivos. Su papel lo defin\u00eda como un exterminador de jud\u00edos en territorio franc\u00e9s, concretamente en el Par\u00eds ocupado. <\/span><\/p>\n<p><span style=\"font-weight: 400;\">El \u00faltimo trabajo de Paul Thomas Anderson \u201cUna batalla tras otra\u201d (\u201c<\/span><i><span style=\"font-weight: 400;\">One Battle After Another<\/span><\/i><i><span style=\"font-weight: 400;\">&#8220;), <\/span><\/i><span style=\"font-weight: 400;\">define por s\u00ed sola, los tiempos por los que transitamos. Un conflicto tras otro, unos m\u00e1s notorios que otros, con personajes tan siniestros, y manipuladores como el propio Landa, s\u00f3lo que estos tienen nombres reales, comenzando por Vlad\u00edmir Putin y Donald Trump. La norma vuelve a repetirse. La realidad supera a la ficci\u00f3n y est\u00e1, tan s\u00f3lo nos se\u00f1ala el triste y peligroso fangal en el que nos movemos, y junto a quienes lo hacemos. Mientras la mayor parte de los venezolanos celebraban el secuestro del dictador Nicolas Maduro Moro, esperando a su vez, que la oposici\u00f3n liderada por la reciente premio Nobel de la Paz, Mar\u00eda Corina Machado y el presidente Edmundo Gonzales Urrutia, asumiera un papel preponderante en el restablecimiento de la democracia. <\/span><\/p>\n<p><span style=\"font-weight: 400;\">Pero Donald Trump ya hab\u00eda urdido sus planes, y acuerda con la hasta ahora vicepresidenta chavista Delcy Rodr\u00edguez, no la restituci\u00f3n democr\u00e1tica, ni la liberaci\u00f3n de los presos pol\u00edticos, sino un proceso continuista del r\u00e9gimen izquierdista, hasta que la administraci\u00f3n estadounidense considere que est\u00e1n dadas las condiciones, para realizar un nuevo proceso electoral. Es decir, Trump ignora el fraude que mantuvo a Maduro al frente de Venezuela, en detrimento del triunfo mayoritario que obtuvo Edmundo Gonzales Urrutia en las urnas, algo que las izquierdas latinoamericanas trataron de ignorar, salvo el presidente chileno Gabriel Boric. <\/span><\/p>\n<p><span style=\"font-weight: 400;\">Trump va mucho m\u00e1s all\u00e1, se desdice y pone en duda la existencia del Cartel de los Soles, a qui\u00e9n hasta ahora situaba a Maduro como uno de los dirigentes de esta organizaci\u00f3n dedicada principalmente al narcotr\u00e1fico. No esconde tampoco, a viva voz, que su inter\u00e9s en restablecer cierto orden en Venezuela, va de la mano por reacondicionar las estructuras petroleras, administrar sus recursos y tambi\u00e9n los del gas natural que el pa\u00eds caribe\u00f1o posee.&nbsp;<\/span><\/p>\n<p><span style=\"font-weight: 400;\">2.<\/span><\/p>\n<p><span style=\"font-weight: 400;\">En 1999, el propio Paul Thomas Anderson hab\u00eda estrenado su pel\u00edcula \u201cMagnol\u00eda\u201d. Una suerte de caleidoscopio psicol\u00f3gico en torno a diferentes personajes y contextos, situ\u00e1ndonos frente a un escenario tan incierto como de inciertos eran los caminos de sus protagonistas. <\/span><\/p>\n<p><span style=\"font-weight: 400;\">Como escena cumbre en los momentos finales de esta, Anderson inundaba la pantalla con un chaparr\u00f3n de ranas sangrientas, cayendo como una met\u00e1fora surrealista, sobre la imprevisibilidad de nuestras vidas. <\/span><\/p>\n<p><span style=\"font-weight: 400;\">Trump y Put\u00edn la han hecho a\u00fan m\u00e1s imprevisible, y ser\u00eda una estupenda trama para elaborar un film sobre dos personajes totalmente enajenados en s\u00ed mismos, rid\u00edculos y tragic\u00f3micos, si detr\u00e1s de esos comportamientos, no hubiese un manto mucho m\u00e1s oscuro, signado no ya por los consabidos intereses econ\u00f3micos y geopol\u00edticos, sino por la maldad. <\/span><\/p>\n<p><span style=\"font-weight: 400;\">La que se encarg\u00f3 en descifrar Hannah Arendt, s\u00f3lo que aqu\u00ed, si partimos de su concepci\u00f3n de la <\/span><i><span style=\"font-weight: 400;\">\u201cbanalidad del mal\u201d, <\/span><\/i><span style=\"font-weight: 400;\">esta no proviene desde personas normales que s\u00f3lo acatan \u00f3rdenes. Estos las dictan.<\/span><\/p>\n<p><span style=\"font-weight: 400;\">3.<\/span><\/p>\n<p><span style=\"font-weight: 400;\">Ignoro que afectaciones traum\u00e1ticas han tenido ambos (las tuvo Hitler, las debe haber tenido Stalin), para desembocar en estas personalidades funestas, egoc\u00e9ntricas, con delirios de grandeza, convertidos en un peligro para la humanidad. Ninguno alcanza la estatura intelectual ni guerrera de un Julio Cesar o de un Napole\u00f3n, y ya que Trump no cesa de denigrar a Europa, tampoco puede equipararse a ninguno de los grandes estadistas que el continente europeo ha tenido, y lo se\u00f1alo en pasado, porque conocedor de esas realidades, los pol\u00edticos actuales, no se equiparan a ninguno de sus antecesores. <\/span><\/p>\n<p><span style=\"font-weight: 400;\">De la misma manera, Trump denigra a sus propios Padres Fundadores, y con sus luces y sombras, a todos aquellos presidentes que fueron sus precursores. Los que cre\u00edamos que tras Nixon o Bush hijo, lo hab\u00edamos visto todo, nos equivocamos. Reagan no era John Wayne, el pistolero a\u00fan estaba por venir.&nbsp;<\/span><\/p>\n<p><span style=\"font-weight: 400;\">4.<\/span><\/p>\n<p><span style=\"font-weight: 400;\">Llama la atenci\u00f3n la anestesia colectiva de los ciudadanos del mundo. Sobre todo la de aquellos que habitan las sociedades modernas, que deber\u00edan ser no s\u00f3lo los mejor informados, sino tambi\u00e9n los m\u00e1s preocupados por los sucesos que ocurren en el&nbsp; panorama internacional, por m\u00e1s refugios at\u00f3micos que muchos hayan construido. <\/span><\/p>\n<p><span style=\"font-weight: 400;\">Tres cuartas partes del mundo vive bajo la sumisi\u00f3n medi\u00e1tica. La era de la telefon\u00eda digital, de las selfis y plataformas, los videojuegos, la supuesta democracia al acceder a&nbsp; ciertas fuentes de informaci\u00f3n y la libertad de circulaci\u00f3n de esta, s\u00f3lo nos ha hecho m\u00e1s dependientes de las nuevas tecnolog\u00edas. No porque sean malas en s\u00ed, sino porque han terminado por doblegarnos, vendi\u00e9ndonos sus&nbsp; encantos de conectividad, sin saber qui\u00e9n es la boa y qui\u00e9n el encantador de serpientes. <\/span><\/p>\n<p><span style=\"font-weight: 400;\">Acaso la propia IA no nos proporciona im\u00e1genes graciosisimas de Trump, Put\u00edn, Maduro, Netanyahu, quit\u00e1ndole dramatismo a sus actos, jugando con la iron\u00eda y la desmitificaci\u00f3n de los mismos por un lado, pero llevando sus actos hacia una banalidad que de no tomarse en cuenta, quiz\u00e1s un d\u00eda nos encontremos con que Groenlandia ya ha sido tomada por las tropas estadounidenses, las Fuerzas Delta s\u00e9 han hecho con el Canal de Panam\u00e1, que Put\u00edn ha vuelto (como hizo Stalin) a traspasar las fronteras polacas y pulverizar Kiev, China ha ocupado Taiw\u00e1n, Corea del Norte ha bombardeado a Jap\u00f3n, India y Pakist\u00e1n se enfrentan unos a otros, Isis toma \u00c1frica bajo su estandarte para desde all\u00ed reconquistar la pen\u00ednsula ib\u00e9rica, Europa se hunde en s\u00ed misma y la Comunidad Europea pasa a ser un trozo de historia bajo un fresco de Carlomagno, Ir\u00e1n tiene sus misiles at\u00f3micos y se autodestruye junto a Israel. Milei \u201cdemuele hoteles\u201d al grito de \u201cViva la Libertad, Carajo\u201d, Lula y el resto de la izquierda latinoamericana le enciende velas al Dios Momo, porque el Vaticano ha cerrado sus puertas y se han llamado a reclusi\u00f3n perpetua.<\/span><\/p>\n<p><span style=\"font-weight: 400;\">5.<\/span><\/p>\n<p><span style=\"font-weight: 400;\">En un reciente art\u00edculo en la plataforma <\/span><i><span style=\"font-weight: 400;\">substack.com,<\/span><\/i><span style=\"font-weight: 400;\"> Patti Smith se\u00f1alaba la coincidencia de fecha y a\u00f1o del deceso de Albert Camus, con la del nacimiento de su amigo el compositor y ex cantante de REM Michael Stipe. <\/span><\/p>\n<p><span style=\"font-weight: 400;\">El comentario de Smith aludiendo al 4 de enero como fecha del fatal desenlace del laureado escritor, y la sincron\u00eda con el nacimiento de Michael Stipe, hizo no s\u00f3lo que escribiese mis primeras observaciones en Substack, sino que pensase en este art\u00edculo. Esas palabras han sido el disparador que me han llevado a releer las p\u00e1ginas de \u201cLa Peste\u201d en mi vieja edici\u00f3n de 1973, del Premio Nobel de literatura de 1957. <\/span><\/p>\n<p><span style=\"font-weight: 400;\">Casualmente el a\u00f1o de mi nacimiento. Entonces pens\u00e9 en Or\u00e1n, la ciudad en la costa norte de Argelia donde transcurre la novela de Camus, y en el Dr. Bernard Rieux al salir de su habitaci\u00f3n y encontrarse con una rata muerta en el relleno de su escalera. Esas ratas que hoy circulan en Gaza, en Ucrania, en Sud\u00e1n, en los propios Estados Unidos aunque quiz\u00e1s por tener el mismo pelaje, Trump no las vea, y en todas aquellas peque\u00f1as confrontaciones que ni siquiera imaginamos. <\/span><\/p>\n<p><span style=\"font-weight: 400;\">Aquellas que vagaron por Sarajevo, por los Gulags sovi\u00e9ticos, por los campos de exterminios nazis, por las trincheras de la L\u00ednea Maginot, por las selvas de Vietnam, por las mazmorras de las dictaduras latinoamericanas, incluida la cubana y nicarag\u00fcense. Caracas convertida en Om\u00e1n, as\u00ed como lo fue Washington en el 2021 cuando fue tomado el Capitolio por los que abogan por una MAGA (acr\u00f3nimo de \u201cMake America Great Again\u201d<\/span><span style=\"font-weight: 400;\">),<\/span><span style=\"font-weight: 400;\"> en menosprecio de los derechos de los dem\u00e1s. Trump ha convertido al mundo en nuevos disc\u00edpulos de <\/span><i><span style=\"font-weight: 400;\">\u201cThe Apprentice\u201d,<\/span><\/i><span style=\"font-weight: 400;\"> y desde esa \u00f3ptica manipula su personal visi\u00f3n del espect\u00e1culo. <\/span><\/p>\n<p><span style=\"font-weight: 400;\">Su narcisismo lo convierte en una marioneta de s\u00ed mismo, y por eso es a\u00fan m\u00e1s peligroso, porque tiene un conf\u00edn de adherentes que lo cobijan y festejan como al chimpanc\u00e9 del circo. Tambi\u00e9n el 4 de enero el peri\u00f3dico digital The Kyiv Independent (seg\u00fan el <\/span><i><span style=\"font-weight: 400;\">The Daily Digest<\/span><\/i><span style=\"font-weight: 400;\">) public\u00f3 opiniones del comentarista pol\u00edtico John Bolton, ex embajador de Estados Unidos y ex asesor de seguridad nacional del propio Donald Trump en su primer mandato, sobre la estrategia de Putin para este a\u00f1o. Bolton realiza diversas puntualizaciones, entre ellas las de que <\/span><i><span style=\"font-weight: 400;\">\u201cPutin no negociar\u00e1 la paz a menos que Rusia vea que puede perder la guerra\u201d.<\/span><\/i><span style=\"font-weight: 400;\"> Tambi\u00e9n sostiene que el ex integrante de la KGB y ex disc\u00edpulo de Boris Yeltsin <\/span><i><span style=\"font-weight: 400;\">\u201cno est\u00e1 dispuesto a ceder en sus ambiciones en Ucrania\u2026y que su estrategia es seguir luchando a cualquier precio\u201d.<\/span><\/i><\/p>\n<p><span style=\"font-weight: 400;\">Pero lo m\u00e1s interesante que describe Bolton, es como Putin ha evaluado a sus oponentes extranjeros y al propio Trump. A los europeos los considera ineficientes y su relaci\u00f3n con el presidente estadounidense transita por una cinta de doble faz, entre la supuesta complicidad y la fina iron\u00eda. Ninguna de las medidas tomadas por Trump ha afectado considerablemente a Rusia, por m\u00e1s que gran cantidad de activos contin\u00faen congelados. <\/span><\/p>\n<p><span style=\"font-weight: 400;\">Seg\u00fan sus palabras reproducidas por The Kyiv Independent, Putin esta <\/span><i><span style=\"font-weight: 400;\">\u201cseguro en su relaci\u00f3n con el hombre del Despacho Oval\u2026Putin a manejado con \u00e9xito a Trump, convirtiendo al presidente estadounidense en un idiota \u00fatil\u201d. <\/span><\/i><span style=\"font-weight: 400;\">Quiz\u00e1s esto trastorne a Trump. El saber que su af\u00e1n expansionista llega s\u00f3lo hasta donde le dejen hacerlo. <\/span><\/p>\n<p><span style=\"font-weight: 400;\">Son pa\u00edses o lugares a los que s\u00ed puede confrontar, y no aquellos que le pueden responder con la misma cantidad de ojivas nucleares o m\u00e1s.&nbsp;<\/span><\/p>\n<ol start=\"6\">\n<li>&nbsp;<\/li>\n<\/ol>\n<p><span style=\"font-weight: 400;\">Si el <\/span><b>11 S de 2021<\/b><span style=\"font-weight: 400;\"> configur\u00f3 un nuevo orden mundial, despertamos tarde. No es el secuestro de Maduro y la apropiaci\u00f3n del petr\u00f3leo venezolano qui\u00e9n da comienzo a un nuevo tiempo. <\/span><\/p>\n<p><span style=\"font-weight: 400;\">Este comenz\u00f3 el <\/span><b>24 de febrero de 2022<\/b><span style=\"font-weight: 400;\">, cuando Rusia ante la impunidad del mundo, invadi\u00f3 Ucrania. Los sucesos anteriores, incluida la toma del Capitolio en Washington un 6 de enero de 2021, s\u00f3lo fueron parte del pre\u00e1mbulo de todo lo que ha venido despu\u00e9s. \u00bfHay un pacto secreto de repartici\u00f3n del mundo? \u00bfVolver a la Doctrina Monroe y hacer de Iberoam\u00e9rica su patio de juegos? \u00bfExpoliar las ra\u00edces europeas de nuestro continente, acaso olvidando que la independencia de su pa\u00eds se gest\u00f3 gracias al apoyo de Francia?<\/span> <span style=\"font-weight: 400;\">\u00bf<\/span><span style=\"font-weight: 400;\">Qui\u00e9n le mueve los hilos a este hijo de la sin raz\u00f3n, al fugado del nosocomio de la vanidades? \u00bfSon ignotas corporaciones que van m\u00e1s all\u00e1 de Musk, Ellison y Bezos? Pero el Circo del rid\u00edculo no da tregua y acelera sus funciones. <\/span><\/p>\n<p><span style=\"font-weight: 400;\">En sus apariciones televisivas, el narcisismo de Trump adquiere matices de insanidad mental. Est\u00e1 convencido que el mundo posible (el que le permite Putin y Xi Jinping) est\u00e1 a sus pies, y para colmo, aparece Mar\u00eda Corina Machado en un mensaje televisado, haciendo p\u00fablica su oferta de transferir su Premio Nobel. Jam\u00e1s he visto a un estadista que se precie, arrastrarse por un premio, tan abiertamente como lo ha hecho Donald. <\/span><\/p>\n<p><span style=\"font-weight: 400;\">El propio Pato Donald, el personaje de Walt Disney, tendr\u00eda mucho m\u00e1s dignidad, y adem\u00e1s era verdaderamente gracioso. Vuelo a la ciudad de Or\u00e1n, al Dr. Bernard, a su rellano de la escalera, a las calles infectadas. \u201cYa es hora de que esto termine\u201d dec\u00edan algunos enfermos. \u201cporque en tiempos de peste es normal buscar el fin del sufrimiento colectivo\u2026El Dr. Rieux consideraba que el h\u00e1bito de la desesperaci\u00f3n es peor que la desesperaci\u00f3n misma\u201d. Nos hemos habituado al espect\u00e1culo, a ser impasibles, dejando de lado el pensamiento cr\u00edtico. <\/span><\/p>\n<p><span style=\"font-weight: 400;\">Las humoradas de Trump, groseras y deplorables, tiene lo que muchos diariamente consumen o lo han hecho. <\/span><span style=\"font-weight: 400;\">\u201cLa culpa es de Col\u00f3n\u201d en sus diferentes ediciones es un buen ejemplo de esa chabacaner\u00eda por no referirme a otros inauditos programas nacionales. Este es un espect\u00e1culo siniestro, y hoy tiene a Trump como su m\u00e1ximo cohorte. Un locuaz monigote que conoce su juego, un adicto al show que lo envalentona en su podredumbre. <\/span><\/p>\n<p><span style=\"font-weight: 400;\">Algo que Guy Debord ya nos hab\u00eda anticipado en 1967. Dicen que las ratas son las primeras en abandonar el barco, estas sin embargo han tomado el tim\u00f3n y poco y nada les importan los dem\u00e1s.<\/span><\/p>\n<p>&nbsp;<\/p>\n<p>&nbsp;<\/p>\n","protected":false},"excerpt":{"rendered":"<p>1. Qui\u00e9n haya visto la pel\u00edcula de Tarantino \u201cBastardos sin Gloria\u201d, recordar\u00e1 el papel del siniestro y c\u00ednico coronel de las SS hitleriana Hans Landa, interpretado por un magn\u00edfico Christoph Waltz. Un h\u00e1bil manipulador de sentimientos, un d\u00e9spota sin escr\u00fapulos con tal de lograr sus objetivos. Su papel lo defin\u00eda como un exterminador de jud\u00edos [&hellip;]<\/p>\n","protected":false},"author":226,"featured_media":121412,"comment_status":"closed","ping_status":"closed","sticky":false,"template":"","format":"standard","meta":{"om_disable_all_campaigns":false,"ngg_post_thumbnail":0,"jnews-multi-image_gallery":[],"jnews_single_post":{"subtitle":"","format":"standard","override":[{"template":"4","parallax":"1","layout":"right-sidebar","sidebar":"default-sidebar","second_sidebar":"default-sidebar","sticky_sidebar":"1","share_position":"bottom","share_float_style":"share-monocrhome","show_share_counter":"1","show_view_counter":"1","show_featured":"1","show_post_meta":"1","show_post_author":"1","show_post_author_image":"1","show_post_date":"1","post_date_format":"default","post_date_format_custom":"Y\/m\/d","show_post_category":"1","post_reading_time_wpm":"300","post_calculate_word_method":"str_word_count","zoom_button_out_step":"2","zoom_button_in_step":"3","show_post_tag":"1","show_prev_next_post":"1","show_popup_post":"1","show_comment_section":"1","number_popup_post":"1","show_author_box":"1","show_post_related":"0","show_inline_post_related":"0"}],"image_override":[{"single_post_thumbnail_size":"no-crop","single_post_gallery_size":"crop-500"}],"trending_post_position":"meta","trending_post_label":"Trending","sponsored_post_label":"Sponsored by","disable_ad":"0"},"jnews_primary_category":[],"jnews_social_meta":[],"jnews_override_counter":{"view_counter_number":"0","share_counter_number":"0","like_counter_number":"0","dislike_counter_number":"0"},"footnotes":""},"categories":[1637],"tags":[12821,25355,25354,2575,9872],"class_list":["post-121407","post","type-post","status-publish","format-standard","has-post-thumbnail","hentry","category-apuntes","tag-donald-trump","tag-maria-corina-machado","tag-nicolas-maduro-moro","tag-venezuela","tag-vladimir-putin"],"yoast_head":"<!-- This site is optimized with the Yoast SEO plugin v27.4 - https:\/\/yoast.com\/product\/yoast-seo-wordpress\/ -->\n<title>LA PESTE Y EL CIRCO M\u00c1S INVEROSIMIL DEL UNIVERSO - Cooltivarte Portal<\/title>\n<meta name=\"description\" content=\"Pero Donald Trump ya hab\u00eda urdido sus planes, y acuerda con la hasta ahora vicepresidenta chavista Delcy Rodr\u00edguez\" \/>\n<meta name=\"robots\" content=\"index, follow, max-snippet:-1, max-image-preview:large, max-video-preview:-1\" \/>\n<link rel=\"canonical\" href=\"https:\/\/cooltivarte.com\/portal\/la-peste-y-el-circo-mas-inverosimil-del-universo\/\" \/>\n<meta property=\"og:locale\" content=\"es_ES\" \/>\n<meta property=\"og:type\" content=\"article\" \/>\n<meta property=\"og:title\" content=\"LA PESTE Y EL CIRCO M\u00c1S INVEROSIMIL DEL UNIVERSO\" \/>\n<meta property=\"og:description\" content=\"Pero Donald Trump ya hab\u00eda urdido sus planes, y acuerda con la hasta ahora vicepresidenta chavista Delcy Rodr\u00edguez\" \/>\n<meta property=\"og:url\" content=\"https:\/\/cooltivarte.com\/portal\/la-peste-y-el-circo-mas-inverosimil-del-universo\/\" \/>\n<meta property=\"og:site_name\" content=\"Cooltivarte Portal\" \/>\n<meta property=\"article:publisher\" content=\"https:\/\/www.facebook.com\/cooltivartecom\/\" \/>\n<meta property=\"article:author\" content=\"https:\/\/www.facebook.com\/cooltivartecom\/\" \/>\n<meta property=\"article:published_time\" content=\"2026-01-07T17:19:06+00:00\" \/>\n<meta property=\"article:modified_time\" content=\"2026-01-07T17:32:51+00:00\" \/>\n<meta property=\"og:image\" content=\"https:\/\/cooltivarte.com\/portal\/wp-content\/uploads\/2026\/01\/Uncle_Sam_Straddles_the_Americas_Cartoon.jpg\" \/>\n\t<meta property=\"og:image:width\" content=\"500\" \/>\n\t<meta property=\"og:image:height\" content=\"712\" \/>\n\t<meta property=\"og:image:type\" content=\"image\/jpeg\" \/>\n<meta name=\"author\" content=\"Guillermo Baltar Prendez\" \/>\n<meta name=\"twitter:card\" content=\"summary_large_image\" \/>\n<meta name=\"twitter:title\" content=\"LA PESTE Y EL CIRCO M\u00c1S INVEROSIMIL DEL UNIVERSO\" \/>\n<meta name=\"twitter:description\" content=\"Pero Donald Trump ya hab\u00eda urdido sus planes, y acuerda con la hasta ahora vicepresidenta chavista Delcy Rodr\u00edguez\" \/>\n<meta name=\"twitter:image\" content=\"https:\/\/cooltivarte.com\/portal\/wp-content\/uploads\/2026\/01\/Uncle_Sam_Straddles_the_Americas_Cartoon.jpg\" \/>\n<meta name=\"twitter:creator\" content=\"@https:\/\/x.com\/obolocultural\" \/>\n<meta name=\"twitter:site\" content=\"@obolocultural\" \/>\n<meta name=\"twitter:label1\" content=\"Escrito por\" \/>\n\t<meta name=\"twitter:data1\" content=\"Guillermo Baltar Prendez\" \/>\n\t<meta name=\"twitter:label2\" content=\"Tiempo de lectura\" \/>\n\t<meta name=\"twitter:data2\" content=\"10 minutos\" \/>\n<!-- \/ Yoast SEO plugin. -->","yoast_head_json":{"title":"LA PESTE Y EL CIRCO M\u00c1S INVEROSIMIL DEL UNIVERSO - Cooltivarte Portal","description":"Pero Donald Trump ya hab\u00eda urdido sus planes, y acuerda con la hasta ahora vicepresidenta chavista Delcy Rodr\u00edguez","robots":{"index":"index","follow":"follow","max-snippet":"max-snippet:-1","max-image-preview":"max-image-preview:large","max-video-preview":"max-video-preview:-1"},"canonical":"https:\/\/cooltivarte.com\/portal\/la-peste-y-el-circo-mas-inverosimil-del-universo\/","og_locale":"es_ES","og_type":"article","og_title":"LA PESTE Y EL CIRCO M\u00c1S INVEROSIMIL DEL UNIVERSO","og_description":"Pero Donald Trump ya hab\u00eda urdido sus planes, y acuerda con la hasta ahora vicepresidenta chavista Delcy Rodr\u00edguez","og_url":"https:\/\/cooltivarte.com\/portal\/la-peste-y-el-circo-mas-inverosimil-del-universo\/","og_site_name":"Cooltivarte Portal","article_publisher":"https:\/\/www.facebook.com\/cooltivartecom\/","article_author":"https:\/\/www.facebook.com\/cooltivartecom\/","article_published_time":"2026-01-07T17:19:06+00:00","article_modified_time":"2026-01-07T17:32:51+00:00","og_image":[{"width":500,"height":712,"url":"https:\/\/cooltivarte.com\/portal\/wp-content\/uploads\/2026\/01\/Uncle_Sam_Straddles_the_Americas_Cartoon.jpg","type":"image\/jpeg"}],"author":"Guillermo Baltar Prendez","twitter_card":"summary_large_image","twitter_title":"LA PESTE Y EL CIRCO M\u00c1S INVEROSIMIL DEL UNIVERSO","twitter_description":"Pero Donald Trump ya hab\u00eda urdido sus planes, y acuerda con la hasta ahora vicepresidenta chavista Delcy Rodr\u00edguez","twitter_image":"https:\/\/cooltivarte.com\/portal\/wp-content\/uploads\/2026\/01\/Uncle_Sam_Straddles_the_Americas_Cartoon.jpg","twitter_creator":"@https:\/\/x.com\/obolocultural","twitter_site":"@obolocultural","twitter_misc":{"Escrito por":"Guillermo Baltar Prendez","Tiempo de lectura":"10 minutos"},"schema":{"@context":"https:\/\/schema.org","@graph":[{"@type":"NewsArticle","@id":"https:\/\/cooltivarte.com\/portal\/la-peste-y-el-circo-mas-inverosimil-del-universo\/#article","isPartOf":{"@id":"https:\/\/cooltivarte.com\/portal\/la-peste-y-el-circo-mas-inverosimil-del-universo\/"},"author":{"name":"Guillermo Baltar Prendez","@id":"https:\/\/cooltivarte.com\/portal\/#\/schema\/person\/a7bd3aa267998a3763d8282d0dbf819e"},"headline":"LA PESTE Y EL CIRCO M\u00c1S INVEROSIMIL DEL UNIVERSO","datePublished":"2026-01-07T17:19:06+00:00","dateModified":"2026-01-07T17:32:51+00:00","mainEntityOfPage":{"@id":"https:\/\/cooltivarte.com\/portal\/la-peste-y-el-circo-mas-inverosimil-del-universo\/"},"wordCount":2245,"publisher":{"@id":"https:\/\/cooltivarte.com\/portal\/#organization"},"image":{"@id":"https:\/\/cooltivarte.com\/portal\/la-peste-y-el-circo-mas-inverosimil-del-universo\/#primaryimage"},"thumbnailUrl":"https:\/\/cooltivarte.com\/portal\/wp-content\/uploads\/2026\/01\/Uncle_Sam_Straddles_the_Americas_Cartoon.jpg","keywords":["Donald Trump","Mar\u00eda Corina Machado","Nicolas Maduro Moro","Venezuela","Vladimir Putin"],"articleSection":["Apuntes"],"inLanguage":"es-AR"},{"@type":"WebPage","@id":"https:\/\/cooltivarte.com\/portal\/la-peste-y-el-circo-mas-inverosimil-del-universo\/","url":"https:\/\/cooltivarte.com\/portal\/la-peste-y-el-circo-mas-inverosimil-del-universo\/","name":"LA PESTE Y EL CIRCO M\u00c1S INVEROSIMIL DEL UNIVERSO - Cooltivarte Portal","isPartOf":{"@id":"https:\/\/cooltivarte.com\/portal\/#website"},"primaryImageOfPage":{"@id":"https:\/\/cooltivarte.com\/portal\/la-peste-y-el-circo-mas-inverosimil-del-universo\/#primaryimage"},"image":{"@id":"https:\/\/cooltivarte.com\/portal\/la-peste-y-el-circo-mas-inverosimil-del-universo\/#primaryimage"},"thumbnailUrl":"https:\/\/cooltivarte.com\/portal\/wp-content\/uploads\/2026\/01\/Uncle_Sam_Straddles_the_Americas_Cartoon.jpg","datePublished":"2026-01-07T17:19:06+00:00","dateModified":"2026-01-07T17:32:51+00:00","description":"Pero Donald Trump ya hab\u00eda urdido sus planes, y acuerda con la hasta ahora vicepresidenta chavista Delcy Rodr\u00edguez","breadcrumb":{"@id":"https:\/\/cooltivarte.com\/portal\/la-peste-y-el-circo-mas-inverosimil-del-universo\/#breadcrumb"},"inLanguage":"es-AR","potentialAction":[{"@type":"ReadAction","target":["https:\/\/cooltivarte.com\/portal\/la-peste-y-el-circo-mas-inverosimil-del-universo\/"]}]},{"@type":"ImageObject","inLanguage":"es-AR","@id":"https:\/\/cooltivarte.com\/portal\/la-peste-y-el-circo-mas-inverosimil-del-universo\/#primaryimage","url":"https:\/\/cooltivarte.com\/portal\/wp-content\/uploads\/2026\/01\/Uncle_Sam_Straddles_the_Americas_Cartoon.jpg","contentUrl":"https:\/\/cooltivarte.com\/portal\/wp-content\/uploads\/2026\/01\/Uncle_Sam_Straddles_the_Americas_Cartoon.jpg","width":500,"height":712,"caption":"Caricatura pol\u00edtica de Louis Dalrymple sobre el expansionismo estadounidense. El T\u00edo Sam se extiende por todo el continente americano blandiendo un gran garrote con la inscripci\u00f3n \"Doctrina Monroe 1824-1905\". El garrote es una met\u00e1fora de la fuerza militar."},{"@type":"BreadcrumbList","@id":"https:\/\/cooltivarte.com\/portal\/la-peste-y-el-circo-mas-inverosimil-del-universo\/#breadcrumb","itemListElement":[{"@type":"ListItem","position":1,"name":"Portada","item":"https:\/\/cooltivarte.com\/portal\/"},{"@type":"ListItem","position":2,"name":"LA PESTE Y EL CIRCO M\u00c1S INVEROSIMIL DEL UNIVERSO"}]},{"@type":"WebSite","@id":"https:\/\/cooltivarte.com\/portal\/#website","url":"https:\/\/cooltivarte.com\/portal\/","name":"Cooltivarte Portal","description":"Arte, cultura y turismo para el mundo ...","publisher":{"@id":"https:\/\/cooltivarte.com\/portal\/#organization"},"potentialAction":[{"@type":"SearchAction","target":{"@type":"EntryPoint","urlTemplate":"https:\/\/cooltivarte.com\/portal\/?s={search_term_string}"},"query-input":{"@type":"PropertyValueSpecification","valueRequired":true,"valueName":"search_term_string"}}],"inLanguage":"es-AR"},{"@type":"Organization","@id":"https:\/\/cooltivarte.com\/portal\/#organization","name":"cooltivarte","url":"https:\/\/cooltivarte.com\/portal\/","logo":{"@type":"ImageObject","inLanguage":"es-AR","@id":"https:\/\/cooltivarte.com\/portal\/#\/schema\/logo\/image\/","url":"https:\/\/cooltivarte.com\/portal\/wp-content\/uploads\/2020\/04\/logo-cooltivarte-v2.png","contentUrl":"https:\/\/cooltivarte.com\/portal\/wp-content\/uploads\/2020\/04\/logo-cooltivarte-v2.png","width":851,"height":243,"caption":"cooltivarte"},"image":{"@id":"https:\/\/cooltivarte.com\/portal\/#\/schema\/logo\/image\/"},"sameAs":["https:\/\/www.facebook.com\/cooltivartecom\/","https:\/\/x.com\/obolocultural","https:\/\/www.instagram.com\/_cooltivarte_\/","https:\/\/www.linkedin.com\/company\/-bolocultural?reportsuccess=8zaNG1HwhPbAR9iQhZ5rfGeqz_vQFftHun0ZWU0Wy9vNemRJ8vtcKdJvzQfW8XagyOJSKg0XvfJ1dp","https:\/\/www.pinterest.com\/cooltivarte\/","https:\/\/cooltivarte.tumblr.com\/","https:\/\/www.tiktok.com\/@cooltivarte","https:\/\/www.youtube.com\/@PrensaCooltivarte"]},{"@type":"Person","@id":"https:\/\/cooltivarte.com\/portal\/#\/schema\/person\/a7bd3aa267998a3763d8282d0dbf819e","name":"Guillermo Baltar Prendez","image":{"@type":"ImageObject","inLanguage":"es-AR","@id":"https:\/\/cooltivarte.com\/portal\/wp-content\/uploads\/2024\/11\/Guillermo-Baltar-Prendez-120x120.jpg","url":"https:\/\/cooltivarte.com\/portal\/wp-content\/uploads\/2024\/11\/Guillermo-Baltar-Prendez-120x120.jpg","contentUrl":"https:\/\/cooltivarte.com\/portal\/wp-content\/uploads\/2024\/11\/Guillermo-Baltar-Prendez-120x120.jpg","caption":"Guillermo Baltar Prendez"},"description":"Guillermo Baltar Prendez (Montevideo, 1957). Licenciado en Periodismo por la Facultad de Ciencias de la Informaci\u00f3n de la Universidad Complutense de Madrid, donde realiz\u00f3 estudios de Comunicaci\u00f3n Visual y Tecnolog\u00edas de la Informaci\u00f3n. Estudio c\u00e1mara y fotograf\u00eda en Madrid, incursionando dentro del dise\u00f1o gr\u00e1fico y el audiovisual. Estudi\u00f3 Edici\u00f3n y Post Producci\u00f3n Digital en la ECU. Desde 1976 escribe en los medios culturales m\u00e1s importantes del pa\u00eds. En los a\u00f1os ochenta cre\u00f3 los ciclos de conciertos de rock y exposiciones del Cabaret Voltaire de Montevideo. Public\u00f3 libros de poes\u00eda y particip\u00f3 de lecturas y performances. Todas las horas son del tiempo es su s\u00e9ptima muestra individual en Uruguay desde su regreso al pa\u00eds a fines de 2004. Ese a\u00f1o estrena \u00cdconos \u2013trabajos digitales sobre la obra de Eduardo Darnauchans\u2013 en el hall del Teatro Sol\u00eds, coincidiendo con el homenaje que la Junta Departamental tributara al cantautor. Desde sus inicios integra la redacci\u00f3n de la revista Dossier, donde publica art\u00edculos y entrevistas, y es el responsable de la secci\u00f3n de cr\u00edtica fotogr\u00e1fica. Se desempe\u00f1a como curador y gestor independiente. Desde 2009 organiza la muestra colectiva De caj\u00f3n: Fotograf\u00edas encontradas, en el Espacio Cultural de M\u00e9xico. Es coordinador de los Talleres de Arte y Fotograf\u00eda, y de realizaci\u00f3n audiovisual \u201cCorto Doc\u201d (este \u00faltimo junto a Mariana Oliva) en la Escuela de Fotograf\u00eda Taller Aquelarre, as\u00ed como de otras instituciones p\u00fablicas y privadas. Dict\u00f3 cursos para egresados universitarios en la Facultad de Arte (Ienba), dentro de los programas de Educaci\u00f3n Permanente; tambi\u00e9n imparti\u00f3 seminarios sobre Fotomontaje en el Instituto Universitario BIOS. En mayo de 2010 a\u00f1o expuso Peque\u00f1as canciones en la sala del CdF. En el Fotograma-11 expuso Lennon-Darnauchans: correspondencia secreta.","sameAs":["https:\/\/cooltivarte.com\/portal","https:\/\/www.facebook.com\/cooltivartecom\/","https:\/\/www.instagram.com\/_cooltivarte_\/","https:\/\/www.linkedin.com\/in\/guillermo-baltar-66803215","https:\/\/www.pinterest.com\/cooltivarte","https:\/\/x.com\/https:\/\/x.com\/obolocultural","https:\/\/www.youtube.com\/@PrensaCooltivarte","https:\/\/www.tumblr.com\/blog\/cooltivarte"],"url":"https:\/\/cooltivarte.com\/portal\/author\/guillermo-baltar-prendez\/"}]}},"_links":{"self":[{"href":"https:\/\/cooltivarte.com\/portal\/wp-json\/wp\/v2\/posts\/121407","targetHints":{"allow":["GET"]}}],"collection":[{"href":"https:\/\/cooltivarte.com\/portal\/wp-json\/wp\/v2\/posts"}],"about":[{"href":"https:\/\/cooltivarte.com\/portal\/wp-json\/wp\/v2\/types\/post"}],"author":[{"embeddable":true,"href":"https:\/\/cooltivarte.com\/portal\/wp-json\/wp\/v2\/users\/226"}],"replies":[{"embeddable":true,"href":"https:\/\/cooltivarte.com\/portal\/wp-json\/wp\/v2\/comments?post=121407"}],"version-history":[{"count":4,"href":"https:\/\/cooltivarte.com\/portal\/wp-json\/wp\/v2\/posts\/121407\/revisions"}],"predecessor-version":[{"id":121414,"href":"https:\/\/cooltivarte.com\/portal\/wp-json\/wp\/v2\/posts\/121407\/revisions\/121414"}],"wp:featuredmedia":[{"embeddable":true,"href":"https:\/\/cooltivarte.com\/portal\/wp-json\/wp\/v2\/media\/121412"}],"wp:attachment":[{"href":"https:\/\/cooltivarte.com\/portal\/wp-json\/wp\/v2\/media?parent=121407"}],"wp:term":[{"taxonomy":"category","embeddable":true,"href":"https:\/\/cooltivarte.com\/portal\/wp-json\/wp\/v2\/categories?post=121407"},{"taxonomy":"post_tag","embeddable":true,"href":"https:\/\/cooltivarte.com\/portal\/wp-json\/wp\/v2\/tags?post=121407"}],"curies":[{"name":"wp","href":"https:\/\/api.w.org\/{rel}","templated":true}]}}