{"id":121304,"date":"2026-01-05T11:42:13","date_gmt":"2026-01-05T14:42:13","guid":{"rendered":"https:\/\/cooltivarte.com\/portal\/?p=121304"},"modified":"2026-01-05T11:43:05","modified_gmt":"2026-01-05T14:43:05","slug":"maduro-y-la-izquierda-latinoamericana","status":"publish","type":"post","link":"https:\/\/cooltivarte.com\/portal\/maduro-y-la-izquierda-latinoamericana\/","title":{"rendered":"Maduro y la izquierda latinoamericana"},"content":{"rendered":"<figure id=\"attachment_121305\" aria-describedby=\"caption-attachment-121305\" style=\"width: 1024px\" class=\"wp-caption aligncenter\"><img fetchpriority=\"high\" decoding=\"async\" class=\"wp-image-121305 size-large\" title=\"Obra Federico Arnaud - visita al taller - noviembre 2022 - Foto Federico Meneses\" src=\"https:\/\/cooltivarte.com\/portal\/wp-content\/uploads\/2026\/01\/Federico-Arnaud-obra-visita-al-taller-noviembre-2022-Foto-Federico-Meneses-1024x768.jpg\" alt=\"Federico Arnaud - obra- visita al taller - noviembre 2022 - Foto Federico Meneses\" width=\"1024\" height=\"768\" srcset=\"https:\/\/cooltivarte.com\/portal\/wp-content\/uploads\/2026\/01\/Federico-Arnaud-obra-visita-al-taller-noviembre-2022-Foto-Federico-Meneses-1024x768.jpg 1024w, https:\/\/cooltivarte.com\/portal\/wp-content\/uploads\/2026\/01\/Federico-Arnaud-obra-visita-al-taller-noviembre-2022-Foto-Federico-Meneses-300x225.jpg 300w, https:\/\/cooltivarte.com\/portal\/wp-content\/uploads\/2026\/01\/Federico-Arnaud-obra-visita-al-taller-noviembre-2022-Foto-Federico-Meneses-768x576.jpg 768w, https:\/\/cooltivarte.com\/portal\/wp-content\/uploads\/2026\/01\/Federico-Arnaud-obra-visita-al-taller-noviembre-2022-Foto-Federico-Meneses.jpg 1251w\" sizes=\"(max-width: 1024px) 100vw, 1024px\" \/><figcaption id=\"caption-attachment-121305\" class=\"wp-caption-text\">Obra <a href=\"https:\/\/cooltivarte.com\/portal\/?s=Federico+Arnaud\" target=\"_blank\" rel=\"noopener\">Federico Arnaud<\/a> &#8211; visita al taller &#8211; noviembre 2022 &#8211; Foto Federico Meneses<\/figcaption><\/figure>\n<p>Lunes 5 de enero de 2026<\/p>\n<p>Horas despu\u00e9s de la vergonzosa e inexplicable extracci\u00f3n de <a href=\"https:\/\/cooltivarte.com\/portal\/?s=Nicol%C3%A1s+Maduro\" target=\"_blank\" rel=\"noopener\"><strong>Nicol\u00e1s Maduro<\/strong><\/a> de su residencia, ubicada en el m\u00e1s poderoso recinto de las <strong>Fuerzas Armadas venezolanas<\/strong>, <strong>Fuerte Tiuna<\/strong>, al sur de <strong>Caracas<\/strong>, las voces de la izquierda internacional, pero sobre todo latinoamericana, condenando la invasi\u00f3n de las tropas estadounidenses, no se hicieron esperar y exigieron la inmediata liberaci\u00f3n de su camarada, condenando con solidaria vehemencia el atropello a la soberan\u00eda y democracia del pueblo venezolano. &nbsp;<\/p>\n<p>Llama la atenci\u00f3n, sin embargo, que ninguno de estos l\u00edderes haya hecho menci\u00f3n alguna a la realidad del pueblo venezolano bajo el r\u00e9gimen de <strong>Nicol\u00e1s Maduro<\/strong>. Pareciera ser que, para este liderazgo, Venezuela hubiera vivido en un clima de beat\u00edfica paz en el marco de una envidiable convivencia social en la que los derechos humanos, el respeto por la democracia y la soberan\u00eda nacional, hubieran sido el marco regulatorio de un sistema pol\u00edtico preocupado por el bienestar de su pueblo y de sus instituciones.<\/p>\n<p>Una izquierda latinoamericana que hizo la vista gorda cuando el camarada Maduro manipul\u00f3 el resultado de las elecciones presidenciales del 28 de julio de 2024, iniciando el camino sin retorno de una dictadura que llegar\u00eda a su fin el pasado s\u00e1bado tres de enero. No hubo gritos en el cielo ni cosas por el estilo. A lo sumo, suaves solicitudes de que presentara las actas oficiales que avalasen el triunfo que, sin m\u00e1s, se atribuy\u00f3. Por el contrario, el reconocimiento de su victoria fue aplaudida como el genuino acto de una s\u00f3lida democracia.<\/p>\n<p>\u00bfPisote\u00f3 <a href=\"https:\/\/cooltivarte.com\/portal\/?s=Donald+Trump\" target=\"_blank\" rel=\"noopener\"><strong>Donald Trump<\/strong><\/a> la soberan\u00eda del pueblo venezolano? Claro que lo hizo, contraviniendo todos los acuerdos internacionales que rigen la convivencia diplom\u00e1tica entre los pa\u00edses. Sin embargo, y aqu\u00ed radica el quid de todo este episodio dram\u00e1tico para Venezuela y la regi\u00f3n, el primero que pisote\u00f3 la soberan\u00eda nacional, ultraj\u00f3 la democracia y atropell\u00f3 los derechos humanos de su propio pueblo fue, aunque les cueste reconocerlo, aunque no quieran reconocerlo, <strong>Nicol\u00e1s Maduro<\/strong>. Y esta es la tragedia y la inconsecuencia de la izquierda latinoamericana.<\/p>\n<p>\u00bfD\u00f3nde estuvieron los liderazgos latinoamericanos cuando se atropellaba la dignidad de los venezolanos? \u00bfD\u00f3nde estuvieron cuando el r\u00e9gimen de Maduro caus\u00f3 la di\u00e1spora m\u00e1s ignominiosa de la regi\u00f3n, en la que ocho millones de venezolanos buscaron refugios, de buena o mala manera, en las diversas naciones de Am\u00e9rica Latina, saturando sus sistemas educativos, econ\u00f3micos y de salud? Estuvieron atrincherados en sus palacios, condenando a aquellos que censuraban al r\u00e9gimen y disfrutando de las bondades de su poder. Hasta hoy.<\/p>\n<p>\u00bfQu\u00e9 hicieron estos liderazgos para impedir que su camarada terminara arrancado de su cama junto a su esposa, con su dignidad y la de ella, basureada, humillada, expuesta al mundo en im\u00e1genes imposibles de recomponer ning\u00fan d\u00eda? Claro que pudieron haber hecho algo m\u00e1s que \u201cpedirle c\u00e1ndidamente las actas\u201d y hacerse los tontos como si todo estuviese bien. Debieron presionarlo, exigirle que entregara el poder a quien leg\u00edtimamente lo hab\u00eda logrado. Debieron aislarlo, hacerle ver que no contaba con su apoyo. Que su gobierno, en fin, no ser\u00eda reconocido.<\/p>\n<p>No hicieron nada. En Chile, por ejemplo, el Partido Comunista, fiel a la dictadura de Maduro, llev\u00f3 la voz cantante y acus\u00f3 a <strong>Donald Trump<\/strong> de haber declarado \u201cla guerra no solo a Venezuela, sino tambi\u00e9n a los pueblos del mundo\u201d. Pero hasta el d\u00eda de hoy no se ha pronunciado sobre la guerra que Rusia le declar\u00f3 a Ucrania. Lo m\u00e1s asombroso del PC chileno dice relaci\u00f3n con el secuestro que \u201cconstituye un crimen que no solo debe ser condenado, sino que sus responsables, tanto quienes lo ordenaron como quienes lo ejecutaron, no pueden quedar impunes ante la comunidad internacional&#8221;.<\/p>\n<p>Al respecto, habr\u00eda que recordarle al Partido Comunista de Chile, que el teniente <a href=\"https:\/\/cooltivarte.com\/portal\/?s=Ronald+Ojeda\" target=\"_blank\" rel=\"noopener\"><strong>Ronald Ojeda<\/strong><\/a>, que gozaba del asilo otorgado por el propio presidente Boric, fue secuestrado, arrancado en calzoncillos de su cama por un comando venezolano ordenado por el r\u00e9gimen de Maduro, entregado a sicarios del Tren de Aragua, torturado y enterrado bajo una capa de cemento. Evidentemente con la complicidad de agentes chilenos nunca identificados. \u00bfNada tiene que decir el PC antes casos tan similares a los que denuncia con tanto entusiasmo? Recordemos, nada m\u00e1s, que el teniente Ojeda era ac\u00e9rrimo opositor del r\u00e9gimen de Maduro.<\/p>\n<p>No. Definitivamente, no. El liderazgo de la izquierda latinoamericana no puede ahora esconderse bajo consignas que suenan altisonantes y bonitas, para rasgar investiduras por <strong>Nicol\u00e1s Maduro<\/strong>. Escondieron la cabeza como el avestruz cuando Maduro bail\u00f3 sobre la dignidad de su pueblo y miraron para el lado cuando los mismos acontecimientos pasaban en otras regiones del mundo.<\/p>\n<p>Lo ocurrido en Venezuela con<strong> Nicol\u00e1s Maduro<\/strong> debe ser una dolorosa lecci\u00f3n para toda la regi\u00f3n que, por cierto, hoy puede sentirse amenazada por el poder de un megal\u00f3mano como<strong> Donald Trump<\/strong>, poderoso, prepotente, avasallador, imprevisible, burlesco y charlat\u00e1n.<\/p>\n<p>&nbsp;<\/p>\n<p>&nbsp;<\/p>\n","protected":false},"excerpt":{"rendered":"<p>Lunes 5 de enero de 2026<\/p>\n<p>Horas despu\u00e9s de la vergonzosa e inexplicable extracci\u00f3n de Nicol\u00e1s Maduro de su residencia, ubicada en el m\u00e1s poderoso recinto de las Fuerzas Armadas venezolanas, Fuerte Tiuna, al sur de Caracas, las voces de la izquierda internacional, pero sobre todo latinoamericana, condenando la invasi\u00f3n de las tropas estadounidenses, no se hicieron esperar y exigieron la inmediata liberaci\u00f3n de su camarada, condenando con solidaria vehemencia el atropello a la soberan\u00eda y democracia del pueblo venezolano. \u00a0<\/p>\n<p>Llama la atenci\u00f3n, sin embargo, que ninguno de estos l\u00edderes haya hecho menci\u00f3n alguna a la realidad del pueblo venezolano bajo el r\u00e9gimen de Nicol\u00e1s Maduro. Pareciera ser que, para este liderazgo, Venezuela hubiera vivido en un clima de beat\u00edfica paz en el marco de una envidiable convivencia social en la que los derechos humanos, el respeto por la democracia y la soberan\u00eda nacional, hubieran sido el marco regulatorio de un sistema pol\u00edtico preocupado por el bienestar de su pueblo y de sus instituciones.<\/p>\n<p>Una izquierda latinoamericana que hizo la vista gorda cuando el camarada Maduro manipul\u00f3 el resultado de las elecciones presidenciales del 28 de julio de 2024, iniciando el camino sin retorno de una dictadura que llegar\u00eda a su fin el pasado s\u00e1bado tres de enero. No hubo gritos en el cielo ni cosas por el estilo. A lo sumo, suaves solicitudes de que presentara las actas oficiales que avalasen el triunfo que, sin m\u00e1s, se atribuy\u00f3. Por el contrario, el reconocimiento de su victoria fue aplaudida como el genuino acto de una s\u00f3lida democracia.<\/p>\n<p>\u00bfPisote\u00f3 Donald Trump la soberan\u00eda del pueblo venezolano? Claro que lo hizo, contraviniendo todos los acuerdos internacionales que rigen la convivencia diplom\u00e1tica entre los pa\u00edses. Sin embargo, y aqu\u00ed radica el quid de todo este episodio dram\u00e1tico para Venezuela y la regi\u00f3n, el primero que pisote\u00f3 la soberan\u00eda nacional, ultraj\u00f3 la democracia y atropell\u00f3 los derechos humanos de su propio pueblo fue, aunque les cueste reconocerlo, aunque no quieran reconocerlo, Nicol\u00e1s Maduro. Y esta es la tragedia y la inconsecuencia de la izquierda latinoamericana.<\/p>\n","protected":false},"author":162,"featured_media":121305,"comment_status":"closed","ping_status":"closed","sticky":false,"template":"","format":"standard","meta":{"om_disable_all_campaigns":false,"ngg_post_thumbnail":0,"jnews-multi-image_gallery":[],"jnews_single_post":{"format":"standard","override":[{"template":"4","parallax":"1","layout":"right-sidebar","sidebar":"default-sidebar","second_sidebar":"default-sidebar","sticky_sidebar":"1","share_position":"bottom","share_float_style":"share-monocrhome","show_share_counter":"1","show_view_counter":"1","show_featured":"1","show_post_meta":"1","show_post_author":"1","show_post_author_image":"1","show_post_date":"1","post_date_format":"default","post_date_format_custom":"Y\/m\/d","show_post_category":"1","post_reading_time_wpm":"300","post_calculate_word_method":"str_word_count","zoom_button_out_step":"2","zoom_button_in_step":"3","show_post_tag":"1","show_prev_next_post":"1","show_popup_post":"1","show_comment_section":"1","number_popup_post":"1","show_author_box":"1","show_post_related":"0","show_inline_post_related":"0"}],"image_override":[{"single_post_thumbnail_size":"no-crop","single_post_gallery_size":"crop-500"}],"trending_post_position":"meta","trending_post_label":"Trending","sponsored_post_label":"Sponsored by","disable_ad":"0","subtitle":"Lunes 5 de enero de 2026"},"jnews_primary_category":[],"jnews_social_meta":[],"jnews_override_counter":{"view_counter_number":"0","share_counter_number":"0","like_counter_number":"0","dislike_counter_number":"0"},"footnotes":""},"categories":[1637],"tags":[25313,12821,25315,25314,17723,2576,25316,2575],"class_list":["post-121304","post","type-post","status-publish","format-standard","has-post-thumbnail","hentry","category-apuntes","tag-caracas","tag-donald-trump","tag-fuerte-tiuna","tag-fuerzas-armadas-venezolanas","tag-izquierda-latinoamericana","tag-nicolas-maduro","tag-ronald-ojeda","tag-venezuela"],"yoast_head":"<!-- This site is optimized with the Yoast SEO plugin v27.5 - https:\/\/yoast.com\/product\/yoast-seo-wordpress\/ -->\n<title>Maduro y la izquierda latinoamericana - Cooltivarte Portal<\/title>\n<meta name=\"description\" content=\"Horas despu\u00e9s de la vergonzosa e inexplicable extracci\u00f3n de Nicol\u00e1s Maduro de su residencia, ubicada en el m\u00e1s poderoso recinto de las Fuerzas Armadas venezolanas, Fuerte Tiuna, al sur de Caracas, las voces de la izquierda internacional, pero sobre todo latinoamericana, condenando la invasi\u00f3n de las tropas estadounidenses\" \/>\n<meta name=\"robots\" content=\"index, follow, max-snippet:-1, max-image-preview:large, max-video-preview:-1\" \/>\n<link rel=\"canonical\" href=\"https:\/\/cooltivarte.com\/portal\/maduro-y-la-izquierda-latinoamericana\/\" \/>\n<meta property=\"og:locale\" content=\"es_ES\" \/>\n<meta property=\"og:type\" content=\"article\" \/>\n<meta property=\"og:title\" content=\"Maduro y la izquierda latinoamericana by Alejandro Carre\u00f1o T.\" \/>\n<meta property=\"og:description\" content=\"Horas despu\u00e9s de la vergonzosa e inexplicable extracci\u00f3n de Nicol\u00e1s Maduro de su residencia, ubicada en el m\u00e1s poderoso recinto de las Fuerzas Armadas venezolanas, Fuerte Tiuna, al sur de Caracas, las voces de la izquierda internacional, pero sobre todo latinoamericana, condenando la invasi\u00f3n de las tropas estadounidenses\" \/>\n<meta property=\"og:url\" content=\"https:\/\/cooltivarte.com\/portal\/maduro-y-la-izquierda-latinoamericana\/\" \/>\n<meta property=\"og:site_name\" content=\"Cooltivarte Portal\" \/>\n<meta property=\"article:publisher\" content=\"https:\/\/www.facebook.com\/cooltivartecom\/\" \/>\n<meta property=\"article:author\" content=\"https:\/\/www.facebook.com\/profile.php?id=1043831024\" \/>\n<meta property=\"article:published_time\" content=\"2026-01-05T14:42:13+00:00\" \/>\n<meta property=\"article:modified_time\" content=\"2026-01-05T14:43:05+00:00\" \/>\n<meta property=\"og:image\" content=\"https:\/\/cooltivarte.com\/portal\/wp-content\/uploads\/2026\/01\/Federico-Arnaud-obra-visita-al-taller-noviembre-2022-Foto-Federico-Meneses.jpg\" \/>\n\t<meta property=\"og:image:width\" content=\"1251\" \/>\n\t<meta property=\"og:image:height\" content=\"938\" \/>\n\t<meta property=\"og:image:type\" content=\"image\/jpeg\" \/>\n<meta name=\"author\" content=\"Alejandro Carre\u00f1o T.\" \/>\n<meta name=\"twitter:card\" content=\"summary_large_image\" \/>\n<meta name=\"twitter:title\" content=\"Maduro y la izquierda latinoamericana by Alejandro Carre\u00f1o T.\" \/>\n<meta name=\"twitter:description\" content=\"Horas despu\u00e9s de la vergonzosa e inexplicable extracci\u00f3n de Nicol\u00e1s Maduro de su residencia, ubicada en el m\u00e1s poderoso recinto de las Fuerzas Armadas venezolanas, Fuerte Tiuna, al sur de Caracas, las voces de la izquierda internacional, pero sobre todo latinoamericana, condenando la invasi\u00f3n de las tropas estadounidenses\" \/>\n<meta name=\"twitter:image\" content=\"https:\/\/cooltivarte.com\/portal\/wp-content\/uploads\/2026\/01\/Federico-Arnaud-obra-visita-al-taller-noviembre-2022-Foto-Federico-Meneses.jpg\" \/>\n<meta name=\"twitter:creator\" content=\"@https:\/\/twitter.com\/acarrenot\" \/>\n<meta name=\"twitter:site\" content=\"@obolocultural\" \/>\n<meta name=\"twitter:label1\" content=\"Escrito por\" \/>\n\t<meta name=\"twitter:data1\" content=\"Alejandro Carre\u00f1o T.\" \/>\n\t<meta name=\"twitter:label2\" content=\"Tiempo de lectura\" \/>\n\t<meta name=\"twitter:data2\" content=\"5 minutos\" \/>\n<!-- \/ Yoast SEO plugin. -->","yoast_head_json":{"title":"Maduro y la izquierda latinoamericana - Cooltivarte Portal","description":"Horas despu\u00e9s de la vergonzosa e inexplicable extracci\u00f3n de Nicol\u00e1s Maduro de su residencia, ubicada en el m\u00e1s poderoso recinto de las Fuerzas Armadas venezolanas, Fuerte Tiuna, al sur de Caracas, las voces de la izquierda internacional, pero sobre todo latinoamericana, condenando la invasi\u00f3n de las tropas estadounidenses","robots":{"index":"index","follow":"follow","max-snippet":"max-snippet:-1","max-image-preview":"max-image-preview:large","max-video-preview":"max-video-preview:-1"},"canonical":"https:\/\/cooltivarte.com\/portal\/maduro-y-la-izquierda-latinoamericana\/","og_locale":"es_ES","og_type":"article","og_title":"Maduro y la izquierda latinoamericana by Alejandro Carre\u00f1o T.","og_description":"Horas despu\u00e9s de la vergonzosa e inexplicable extracci\u00f3n de Nicol\u00e1s Maduro de su residencia, ubicada en el m\u00e1s poderoso recinto de las Fuerzas Armadas venezolanas, Fuerte Tiuna, al sur de Caracas, las voces de la izquierda internacional, pero sobre todo latinoamericana, condenando la invasi\u00f3n de las tropas estadounidenses","og_url":"https:\/\/cooltivarte.com\/portal\/maduro-y-la-izquierda-latinoamericana\/","og_site_name":"Cooltivarte Portal","article_publisher":"https:\/\/www.facebook.com\/cooltivartecom\/","article_author":"https:\/\/www.facebook.com\/profile.php?id=1043831024","article_published_time":"2026-01-05T14:42:13+00:00","article_modified_time":"2026-01-05T14:43:05+00:00","og_image":[{"width":1251,"height":938,"url":"https:\/\/cooltivarte.com\/portal\/wp-content\/uploads\/2026\/01\/Federico-Arnaud-obra-visita-al-taller-noviembre-2022-Foto-Federico-Meneses.jpg","type":"image\/jpeg"}],"author":"Alejandro Carre\u00f1o T.","twitter_card":"summary_large_image","twitter_title":"Maduro y la izquierda latinoamericana by Alejandro Carre\u00f1o T.","twitter_description":"Horas despu\u00e9s de la vergonzosa e inexplicable extracci\u00f3n de Nicol\u00e1s Maduro de su residencia, ubicada en el m\u00e1s poderoso recinto de las Fuerzas Armadas venezolanas, Fuerte Tiuna, al sur de Caracas, las voces de la izquierda internacional, pero sobre todo latinoamericana, condenando la invasi\u00f3n de las tropas estadounidenses","twitter_image":"https:\/\/cooltivarte.com\/portal\/wp-content\/uploads\/2026\/01\/Federico-Arnaud-obra-visita-al-taller-noviembre-2022-Foto-Federico-Meneses.jpg","twitter_creator":"@https:\/\/twitter.com\/acarrenot","twitter_site":"@obolocultural","twitter_misc":{"Escrito por":"Alejandro Carre\u00f1o T.","Tiempo de lectura":"5 minutos"},"schema":{"@context":"https:\/\/schema.org","@graph":[{"@type":"NewsArticle","@id":"https:\/\/cooltivarte.com\/portal\/maduro-y-la-izquierda-latinoamericana\/#article","isPartOf":{"@id":"https:\/\/cooltivarte.com\/portal\/maduro-y-la-izquierda-latinoamericana\/"},"author":{"name":"Alejandro Carre\u00f1o T.","@id":"https:\/\/cooltivarte.com\/portal\/#\/schema\/person\/852d98c305909ce7eac4c8e64713ac6c"},"headline":"Maduro y la izquierda latinoamericana","datePublished":"2026-01-05T14:42:13+00:00","dateModified":"2026-01-05T14:43:05+00:00","mainEntityOfPage":{"@id":"https:\/\/cooltivarte.com\/portal\/maduro-y-la-izquierda-latinoamericana\/"},"wordCount":885,"publisher":{"@id":"https:\/\/cooltivarte.com\/portal\/#organization"},"image":{"@id":"https:\/\/cooltivarte.com\/portal\/maduro-y-la-izquierda-latinoamericana\/#primaryimage"},"thumbnailUrl":"https:\/\/cooltivarte.com\/portal\/wp-content\/uploads\/2026\/01\/Federico-Arnaud-obra-visita-al-taller-noviembre-2022-Foto-Federico-Meneses.jpg","keywords":["Caracas","Donald Trump","Fuerte Tiuna","Fuerzas Armadas venezolanas","izquierda latinoamericana","Nicol\u00e1s Maduro","Ronald Ojeda","Venezuela"],"articleSection":["Apuntes"],"inLanguage":"es-AR"},{"@type":"WebPage","@id":"https:\/\/cooltivarte.com\/portal\/maduro-y-la-izquierda-latinoamericana\/","url":"https:\/\/cooltivarte.com\/portal\/maduro-y-la-izquierda-latinoamericana\/","name":"Maduro y la izquierda latinoamericana - Cooltivarte Portal","isPartOf":{"@id":"https:\/\/cooltivarte.com\/portal\/#website"},"primaryImageOfPage":{"@id":"https:\/\/cooltivarte.com\/portal\/maduro-y-la-izquierda-latinoamericana\/#primaryimage"},"image":{"@id":"https:\/\/cooltivarte.com\/portal\/maduro-y-la-izquierda-latinoamericana\/#primaryimage"},"thumbnailUrl":"https:\/\/cooltivarte.com\/portal\/wp-content\/uploads\/2026\/01\/Federico-Arnaud-obra-visita-al-taller-noviembre-2022-Foto-Federico-Meneses.jpg","datePublished":"2026-01-05T14:42:13+00:00","dateModified":"2026-01-05T14:43:05+00:00","description":"Horas despu\u00e9s de la vergonzosa e inexplicable extracci\u00f3n de Nicol\u00e1s Maduro de su residencia, ubicada en el m\u00e1s poderoso recinto de las Fuerzas Armadas venezolanas, Fuerte Tiuna, al sur de Caracas, las voces de la izquierda internacional, pero sobre todo latinoamericana, condenando la invasi\u00f3n de las tropas estadounidenses","breadcrumb":{"@id":"https:\/\/cooltivarte.com\/portal\/maduro-y-la-izquierda-latinoamericana\/#breadcrumb"},"inLanguage":"es-AR","potentialAction":[{"@type":"ReadAction","target":["https:\/\/cooltivarte.com\/portal\/maduro-y-la-izquierda-latinoamericana\/"]}]},{"@type":"ImageObject","inLanguage":"es-AR","@id":"https:\/\/cooltivarte.com\/portal\/maduro-y-la-izquierda-latinoamericana\/#primaryimage","url":"https:\/\/cooltivarte.com\/portal\/wp-content\/uploads\/2026\/01\/Federico-Arnaud-obra-visita-al-taller-noviembre-2022-Foto-Federico-Meneses.jpg","contentUrl":"https:\/\/cooltivarte.com\/portal\/wp-content\/uploads\/2026\/01\/Federico-Arnaud-obra-visita-al-taller-noviembre-2022-Foto-Federico-Meneses.jpg","width":1251,"height":938,"caption":"Federico Arnaud - obra- visita al taller - noviembre 2022 - Foto Federico Meneses"},{"@type":"BreadcrumbList","@id":"https:\/\/cooltivarte.com\/portal\/maduro-y-la-izquierda-latinoamericana\/#breadcrumb","itemListElement":[{"@type":"ListItem","position":1,"name":"Portada","item":"https:\/\/cooltivarte.com\/portal\/"},{"@type":"ListItem","position":2,"name":"Maduro y la izquierda latinoamericana"}]},{"@type":"WebSite","@id":"https:\/\/cooltivarte.com\/portal\/#website","url":"https:\/\/cooltivarte.com\/portal\/","name":"Cooltivarte Portal","description":"Arte, cultura y turismo para el mundo ...","publisher":{"@id":"https:\/\/cooltivarte.com\/portal\/#organization"},"potentialAction":[{"@type":"SearchAction","target":{"@type":"EntryPoint","urlTemplate":"https:\/\/cooltivarte.com\/portal\/?s={search_term_string}"},"query-input":{"@type":"PropertyValueSpecification","valueRequired":true,"valueName":"search_term_string"}}],"inLanguage":"es-AR"},{"@type":"Organization","@id":"https:\/\/cooltivarte.com\/portal\/#organization","name":"cooltivarte","url":"https:\/\/cooltivarte.com\/portal\/","logo":{"@type":"ImageObject","inLanguage":"es-AR","@id":"https:\/\/cooltivarte.com\/portal\/#\/schema\/logo\/image\/","url":"https:\/\/cooltivarte.com\/portal\/wp-content\/uploads\/2020\/04\/logo-cooltivarte-v2.png","contentUrl":"https:\/\/cooltivarte.com\/portal\/wp-content\/uploads\/2020\/04\/logo-cooltivarte-v2.png","width":851,"height":243,"caption":"cooltivarte"},"image":{"@id":"https:\/\/cooltivarte.com\/portal\/#\/schema\/logo\/image\/"},"sameAs":["https:\/\/www.facebook.com\/cooltivartecom\/","https:\/\/x.com\/obolocultural","https:\/\/www.instagram.com\/_cooltivarte_\/","https:\/\/www.linkedin.com\/company\/-bolocultural?reportsuccess=8zaNG1HwhPbAR9iQhZ5rfGeqz_vQFftHun0ZWU0Wy9vNemRJ8vtcKdJvzQfW8XagyOJSKg0XvfJ1dp","https:\/\/www.pinterest.com\/cooltivarte\/","https:\/\/cooltivarte.tumblr.com\/","https:\/\/www.tiktok.com\/@cooltivarte","https:\/\/www.youtube.com\/@PrensaCooltivarte"]},{"@type":"Person","@id":"https:\/\/cooltivarte.com\/portal\/#\/schema\/person\/852d98c305909ce7eac4c8e64713ac6c","name":"Alejandro Carre\u00f1o T.","image":{"@type":"ImageObject","inLanguage":"es-AR","@id":"https:\/\/cooltivarte.com\/portal\/wp-content\/uploads\/2020\/07\/Alejandro-Carre\u00f1o.jpg","url":"https:\/\/cooltivarte.com\/portal\/wp-content\/uploads\/2020\/07\/Alejandro-Carre\u00f1o.jpg","contentUrl":"https:\/\/cooltivarte.com\/portal\/wp-content\/uploads\/2020\/07\/Alejandro-Carre\u00f1o.jpg","caption":"Alejandro Carre\u00f1o T."},"description":"Profesor de Castellano, Mag\u00edster en Comunicaci\u00f3n y Semi\u00f3tica y Doctor en Comunicaci\u00f3n. Acad\u00e9mico en Brasil y en su Chile natal. Columnista y ensayista. Lleva adelante en Youtube su canal \u201cDe Carre\u00f1o a los libros\u201d, donde aborda temas de Literatura, Educaci\u00f3n y Cultura.","sameAs":["https:\/\/www.facebook.com\/profile.php?id=1043831024","https:\/\/www.instagram.com\/_cooltivarte_\/","https:\/\/www.linkedin.com\/company\/-bolocultural","https:\/\/www.pinterest.com\/cooltivarte","https:\/\/x.com\/https:\/\/twitter.com\/acarrenot","https:\/\/www.youtube.com\/@PrensaCooltivarte","https:\/\/www.tumblr.com\/blog\/cooltivarte"],"url":"https:\/\/cooltivarte.com\/portal\/author\/alejandro-careno\/"}]}},"_links":{"self":[{"href":"https:\/\/cooltivarte.com\/portal\/wp-json\/wp\/v2\/posts\/121304","targetHints":{"allow":["GET"]}}],"collection":[{"href":"https:\/\/cooltivarte.com\/portal\/wp-json\/wp\/v2\/posts"}],"about":[{"href":"https:\/\/cooltivarte.com\/portal\/wp-json\/wp\/v2\/types\/post"}],"author":[{"embeddable":true,"href":"https:\/\/cooltivarte.com\/portal\/wp-json\/wp\/v2\/users\/162"}],"replies":[{"embeddable":true,"href":"https:\/\/cooltivarte.com\/portal\/wp-json\/wp\/v2\/comments?post=121304"}],"version-history":[{"count":2,"href":"https:\/\/cooltivarte.com\/portal\/wp-json\/wp\/v2\/posts\/121304\/revisions"}],"predecessor-version":[{"id":121307,"href":"https:\/\/cooltivarte.com\/portal\/wp-json\/wp\/v2\/posts\/121304\/revisions\/121307"}],"wp:featuredmedia":[{"embeddable":true,"href":"https:\/\/cooltivarte.com\/portal\/wp-json\/wp\/v2\/media\/121305"}],"wp:attachment":[{"href":"https:\/\/cooltivarte.com\/portal\/wp-json\/wp\/v2\/media?parent=121304"}],"wp:term":[{"taxonomy":"category","embeddable":true,"href":"https:\/\/cooltivarte.com\/portal\/wp-json\/wp\/v2\/categories?post=121304"},{"taxonomy":"post_tag","embeddable":true,"href":"https:\/\/cooltivarte.com\/portal\/wp-json\/wp\/v2\/tags?post=121304"}],"curies":[{"name":"wp","href":"https:\/\/api.w.org\/{rel}","templated":true}]}}