{"id":121295,"date":"2026-01-04T19:29:52","date_gmt":"2026-01-04T22:29:52","guid":{"rendered":"https:\/\/cooltivarte.com\/portal\/?p=121295"},"modified":"2026-01-26T18:02:14","modified_gmt":"2026-01-26T21:02:14","slug":"marea-fest-punta-del-diablo","status":"publish","type":"post","link":"https:\/\/cooltivarte.com\/portal\/marea-fest-punta-del-diablo\/","title":{"rendered":"MAREA FEST &#8211; Punta del Diablo"},"content":{"rendered":"<p><img fetchpriority=\"high\" decoding=\"async\" class=\"aligncenter wp-image-121296 size-large\" title=\"MAREA FEST - Punta del Diablo - 5 y 6 de enero de 2026\" src=\"https:\/\/cooltivarte.com\/portal\/wp-content\/uploads\/2026\/01\/MAREA-FEST-1024x536.jpg\" alt=\"MAREA FEST - Punta del Diablo - 5 y 6 de enero de 2026\" width=\"1024\" height=\"536\" srcset=\"https:\/\/cooltivarte.com\/portal\/wp-content\/uploads\/2026\/01\/MAREA-FEST-1024x536.jpg 1024w, https:\/\/cooltivarte.com\/portal\/wp-content\/uploads\/2026\/01\/MAREA-FEST-300x157.jpg 300w, https:\/\/cooltivarte.com\/portal\/wp-content\/uploads\/2026\/01\/MAREA-FEST-768x402.jpg 768w, https:\/\/cooltivarte.com\/portal\/wp-content\/uploads\/2026\/01\/MAREA-FEST.jpg 1200w\" sizes=\"(max-width: 1024px) 100vw, 1024px\" \/><\/p>\n<p>&nbsp;<\/p>\n<p><strong>MAREA FEST<\/strong><\/p>\n<p>5 y 6 de enero de 2026<\/p>\n<p><a href=\"https:\/\/redtickets.uy\/evento\/MAREA-FEST\/24827\/\" target=\"_blank\" rel=\"noopener\">Entradas en venta&nbsp;<\/a><\/p>\n<p><strong>Marea Fest<\/strong> es un festival de m\u00fasica en vivo que se realizar\u00e1 por primera vez en <strong>Punta del Diablo<\/strong> durante dos jornadas consecutivas. Busca consolidarse como el festival de verano en la costa uruguaya, ofreciendo una programaci\u00f3n diversa con destacados artistas nacionales y regionales.<\/p>\n<p>En esta primera edici\u00f3n contaremos con la participaci\u00f3n de <a href=\"https:\/\/cooltivarte.com\/portal\/?s=La+Triple+Nelson\" target=\"_blank\" rel=\"noopener\"><strong>La Triple Nelson<\/strong><\/a>, <a href=\"https:\/\/cooltivarte.com\/portal\/?s=Monoroots\" target=\"_blank\" rel=\"noopener\"><strong>Monoroots<\/strong><\/a>, <a href=\"https:\/\/cooltivarte.com\/portal\/?s=Congo\" target=\"_blank\" rel=\"noopener\"><strong>Congo<\/strong><\/a>, <a href=\"https:\/\/cooltivarte.com\/portal\/?s=Mamba\" target=\"_blank\" rel=\"noopener\"><strong>Mamba<\/strong><\/a>, <a href=\"https:\/\/cooltivarte.com\/portal\/?s=Eli+Almic\" target=\"_blank\" rel=\"noopener\"><strong>Eli Almic<\/strong><\/a>, <a href=\"https:\/\/cooltivarte.com\/portal\/?s=Se+arm%C3%B3+Kokoa\" target=\"_blank\" rel=\"noopener\"><strong>Se arm\u00f3 Kokoa<\/strong><\/a>, adem\u00e1s de propuestas locales como <strong>Pollo Candombe<\/strong>, y la presencia de DJs que aportar\u00e1n a la energ\u00eda del encuentro: <a href=\"https:\/\/cooltivarte.com\/portal\/?s=Sanata\" target=\"_blank\" rel=\"noopener\"><strong>Sanata<\/strong><\/a>, <strong>ZingaBeaty, Sapomiau<\/strong> (DJ local).<\/p>\n<p>Bulevar Santa Teresa &amp; Doctor Eduardo Acevedo &#8211; Bulevar Santa Teresa &amp; Doctor Eduardo Ac<\/p>\n<p>&nbsp;<\/p>\n<blockquote class=\"instagram-media\" style=\"background: #FFF; border: 0; border-radius: 3px; box-shadow: 0 0 1px 0 rgba(0,0,0,0.5),0 1px 10px 0 rgba(0,0,0,0.15); margin: 1px; max-width: 540px; min-width: 326px; padding: 0; width: calc(100% - 2px);\" data-instgrm-captioned=\"\" data-instgrm-permalink=\"https:\/\/www.instagram.com\/p\/DPUciKUD1Z1\/?utm_source=ig_embed&amp;utm_campaign=loading\" data-instgrm-version=\"14\">\n<div style=\"padding: 16px;\">\n<p>&nbsp;<\/p>\n<div style=\"display: flex; flex-direction: row; align-items: center;\">\n<div style=\"background-color: #f4f4f4; border-radius: 50%; flex-grow: 0; height: 40px; margin-right: 14px; width: 40px;\">&nbsp;<\/div>\n<div style=\"display: flex; flex-direction: column; flex-grow: 1; justify-content: center;\">\n<div style=\"background-color: #f4f4f4; border-radius: 4px; flex-grow: 0; height: 14px; margin-bottom: 6px; width: 100px;\">&nbsp;<\/div>\n<div style=\"background-color: #f4f4f4; border-radius: 4px; flex-grow: 0; height: 14px; width: 60px;\">&nbsp;<\/div>\n<\/div>\n<\/div>\n<div style=\"padding: 19% 0;\">&nbsp;<\/div>\n<div style=\"display: block; height: 50px; margin: 0 auto 12px; width: 50px;\">&nbsp;<\/div>\n<div style=\"padding-top: 8px;\">\n<div style=\"color: #3897f0; font-family: Arial,sans-serif; font-size: 14px; font-style: normal; font-weight: 550; line-height: 18px;\">Ver esta publicaci\u00f3n en Instagram<\/div>\n<\/div>\n<div style=\"padding: 12.5% 0;\">&nbsp;<\/div>\n<div style=\"display: flex; flex-direction: row; margin-bottom: 14px; align-items: center;\">\n<div>\n<div style=\"background-color: #f4f4f4; border-radius: 50%; height: 12.5px; width: 12.5px; transform: translateX(0px) translateY(7px);\">&nbsp;<\/div>\n<div style=\"background-color: #f4f4f4; height: 12.5px; transform: rotate(-45deg) translateX(3px) translateY(1px); width: 12.5px; flex-grow: 0; margin-right: 14px; margin-left: 2px;\">&nbsp;<\/div>\n<div style=\"background-color: #f4f4f4; border-radius: 50%; height: 12.5px; width: 12.5px; transform: translateX(9px) translateY(-18px);\">&nbsp;<\/div>\n<\/div>\n<div style=\"margin-left: 8px;\">\n<div style=\"background-color: #f4f4f4; border-radius: 50%; flex-grow: 0; height: 20px; width: 20px;\">&nbsp;<\/div>\n<div style=\"width: 0; height: 0; border-top: 2px solid transparent; border-left: 6px solid #f4f4f4; border-bottom: 2px solid transparent; transform: translateX(16px) translateY(-4px) rotate(30deg);\">&nbsp;<\/div>\n<\/div>\n<div style=\"margin-left: auto;\">\n<div style=\"width: 0px; border-top: 8px solid #F4F4F4; border-right: 8px solid transparent; transform: translateY(16px);\">&nbsp;<\/div>\n<div style=\"background-color: #f4f4f4; flex-grow: 0; height: 12px; width: 16px; transform: translateY(-4px);\">&nbsp;<\/div>\n<div style=\"width: 0; height: 0; border-top: 8px solid #F4F4F4; border-left: 8px solid transparent; transform: translateY(-4px) translateX(8px);\">&nbsp;<\/div>\n<\/div>\n<\/div>\n<div style=\"display: flex; flex-direction: column; flex-grow: 1; justify-content: center; margin-bottom: 24px;\">\n<div style=\"background-color: #f4f4f4; border-radius: 4px; flex-grow: 0; height: 14px; margin-bottom: 6px; width: 224px;\">&nbsp;<\/div>\n<div style=\"background-color: #f4f4f4; border-radius: 4px; flex-grow: 0; height: 14px; width: 144px;\">&nbsp;<\/div>\n<\/div>\n<p>&nbsp;<\/p>\n<p style=\"color: #c9c8cd; font-family: Arial,sans-serif; font-size: 14px; line-height: 17px; margin-bottom: 0; margin-top: 8px; overflow: hidden; padding: 8px 0 7px; text-align: center; text-overflow: ellipsis; white-space: nowrap;\"><a style=\"color: #c9c8cd; font-family: Arial,sans-serif; font-size: 14px; font-style: normal; font-weight: normal; line-height: 17px; text-decoration: none;\" href=\"https:\/\/www.instagram.com\/p\/DPUciKUD1Z1\/?utm_source=ig_embed&amp;utm_campaign=loading\" target=\"_blank\" rel=\"noopener\">Una publicaci\u00f3n compartida por Marea Fest (@mareafest_uy)<\/a><\/p>\n<\/div>\n<\/blockquote>\n<p><script async=\"\" src=\"\/\/www.instagram.com\/embed.js\"><\/script><br \/>\n&nbsp;<br \/>\n<script async src=\"https:\/\/pagead2.googlesyndication.com\/pagead\/js\/adsbygoogle.js?client=ca-pub-1258162831753121\"\n     crossorigin=\"anonymous\"><\/script><br \/>\n<ins class=\"adsbygoogle\"\n     style=\"display:block; text-align:center;\"\n     data-ad-layout=\"in-article\"\n     data-ad-format=\"fluid\"\n     data-ad-client=\"ca-pub-1258162831753121\"\n     data-ad-slot=\"9254952921\"><\/ins><br \/>\n<script>\n     (adsbygoogle = window.adsbygoogle || []).push({});\n<\/script><br \/>\n&nbsp;<\/p>\n<p>&nbsp;<\/p>\n","protected":false},"excerpt":{"rendered":"<p>MAREA FEST<\/p>\n<p>5 y 6 de enero de 2026<br \/>\nMarea Fest es un festival de m\u00fasica en vivo que se realizar\u00e1 por primera vez en Punta del Diablo durante dos jornadas consecutivas. Busca consolidarse como el festival de verano en la costa uruguaya, ofreciendo una programaci\u00f3n diversa con destacados artistas nacionales y regionales.<\/p>\n<p>En esta primera edici\u00f3n contaremos con la participaci\u00f3n de La Triple Nelson, Monoroots, Congo, Mamba, Eli Almic, Se arm\u00f3 Kokoa, adem\u00e1s de propuestas locales como Pollo Candombe, y la presencia de DJs que aportar\u00e1n a la energ\u00eda del encuentro: Sanata, Zinga Beaty Sapomiau (DJ local).<\/p>\n<p>Bulevar Santa Teresa &#038; Doctor Eduardo Acevedo &#8211; Bulevar Santa Teresa &#038; Doctor Eduardo Ac<\/p>\n","protected":false},"author":8,"featured_media":121296,"comment_status":"closed","ping_status":"closed","sticky":false,"template":"","format":"standard","meta":{"om_disable_all_campaigns":false,"ngg_post_thumbnail":0,"jnews-multi-image_gallery":[],"jnews_single_post":{"format":"standard","override":[{"template":"4","parallax":"1","layout":"right-sidebar","sidebar":"default-sidebar","second_sidebar":"default-sidebar","sticky_sidebar":"1","share_position":"bottom","share_float_style":"share-monocrhome","show_share_counter":"1","show_view_counter":"1","show_featured":"1","show_post_meta":"1","show_post_author":"1","show_post_author_image":"1","show_post_date":"1","post_date_format":"default","post_date_format_custom":"Y\/m\/d","show_post_category":"1","post_reading_time_wpm":"300","post_calculate_word_method":"str_word_count","zoom_button_out_step":"2","zoom_button_in_step":"3","show_post_tag":"1","show_prev_next_post":"1","show_popup_post":"1","show_comment_section":"1","number_popup_post":"1","show_author_box":"1","show_post_related":"0","show_inline_post_related":"0"}],"image_override":[{"single_post_thumbnail_size":"no-crop","single_post_gallery_size":"crop-500"}],"trending_post_position":"meta","trending_post_label":"Trending","sponsored_post_label":"Sponsored by","disable_ad":"0","subtitle":"5 y 6 de enero de 2026"},"jnews_primary_category":[],"jnews_social_meta":[],"jnews_override_counter":{"view_counter_number":"0","share_counter_number":"0","like_counter_number":"0","dislike_counter_number":"0"},"footnotes":""},"categories":[3394],"tags":[839,5621,1744,119,25312,15218,1542,8456],"class_list":["post-121295","post","type-post","status-publish","format-standard","has-post-thumbnail","hentry","category-eventos","tag-congo","tag-eli-almic","tag-la-triple-nelson","tag-mamba","tag-marea-fest","tag-monoroots","tag-punta-del-diablo","tag-se-armo-kokoa"],"yoast_head":"<!-- This site is optimized with the Yoast SEO plugin v27.5 - https:\/\/yoast.com\/product\/yoast-seo-wordpress\/ -->\n<title>MAREA FEST - Punta del Diablo - Cooltivarte Portal<\/title>\n<meta name=\"description\" content=\"En esta primera edici\u00f3n contaremos con la participaci\u00f3n de La Triple Nelson, Monoroots, Congo, Mamba, Eli Almic, Se arm\u00f3 Kokoa, adem\u00e1s de propuestas locales como Pollo Candombe, y la presencia de DJs que aportar\u00e1n a la energ\u00eda del encuentro: Sanata, Zinga Beaty Sapomiau (DJ local).\" \/>\n<meta name=\"robots\" content=\"index, follow, max-snippet:-1, max-image-preview:large, max-video-preview:-1\" \/>\n<link rel=\"canonical\" href=\"https:\/\/cooltivarte.com\/portal\/marea-fest-punta-del-diablo\/\" \/>\n<meta property=\"og:locale\" content=\"es_ES\" \/>\n<meta property=\"og:type\" content=\"article\" \/>\n<meta property=\"og:title\" content=\"MAREA FEST - Punta del Diablo - 5 y 6 de enero de 2026\" \/>\n<meta property=\"og:description\" content=\"En esta primera edici\u00f3n contaremos con la participaci\u00f3n de La Triple Nelson, Monoroots, Congo, Mamba, Eli Almic, Se arm\u00f3 Kokoa, adem\u00e1s de propuestas locales como Pollo Candombe, y la presencia de DJs que aportar\u00e1n a la energ\u00eda del encuentro: Sanata, Zinga Beaty Sapomiau (DJ local).\" \/>\n<meta property=\"og:url\" content=\"https:\/\/cooltivarte.com\/portal\/marea-fest-punta-del-diablo\/\" \/>\n<meta property=\"og:site_name\" content=\"Cooltivarte Portal\" \/>\n<meta property=\"article:publisher\" content=\"https:\/\/www.facebook.com\/cooltivartecom\/\" \/>\n<meta property=\"article:author\" content=\"https:\/\/www.facebook.com\/cooltivartecom\" \/>\n<meta property=\"article:published_time\" content=\"2026-01-04T22:29:52+00:00\" \/>\n<meta property=\"article:modified_time\" content=\"2026-01-26T21:02:14+00:00\" \/>\n<meta property=\"og:image\" content=\"https:\/\/cooltivarte.com\/portal\/wp-content\/uploads\/2026\/01\/MAREA-FEST.jpg\" \/>\n\t<meta property=\"og:image:width\" content=\"1200\" \/>\n\t<meta property=\"og:image:height\" content=\"628\" \/>\n\t<meta property=\"og:image:type\" content=\"image\/jpeg\" \/>\n<meta name=\"author\" content=\"Cooltivarte\" \/>\n<meta name=\"twitter:card\" content=\"summary_large_image\" \/>\n<meta name=\"twitter:title\" content=\"MAREA FEST - Punta del Diablo - 5 y 6 de enero de 2026\" \/>\n<meta name=\"twitter:description\" content=\"En esta primera edici\u00f3n contaremos con la participaci\u00f3n de La Triple Nelson, Monoroots, Congo, Mamba, Eli Almic, Se arm\u00f3 Kokoa, adem\u00e1s de propuestas locales como Pollo Candombe, y la presencia de DJs que aportar\u00e1n a la energ\u00eda del encuentro: Sanata, Zinga Beaty Sapomiau (DJ local).\" \/>\n<meta name=\"twitter:image\" content=\"https:\/\/cooltivarte.com\/portal\/wp-content\/uploads\/2026\/01\/MAREA-FEST.jpg\" \/>\n<meta name=\"twitter:creator\" content=\"@https:\/\/x.com\/obolocultural\" \/>\n<meta name=\"twitter:site\" content=\"@obolocultural\" \/>\n<meta name=\"twitter:label1\" content=\"Escrito por\" \/>\n\t<meta name=\"twitter:data1\" content=\"Cooltivarte\" \/>\n\t<meta name=\"twitter:label2\" content=\"Tiempo de lectura\" \/>\n\t<meta name=\"twitter:data2\" content=\"1 minuto\" \/>\n<!-- \/ Yoast SEO plugin. -->","yoast_head_json":{"title":"MAREA FEST - Punta del Diablo - Cooltivarte Portal","description":"En esta primera edici\u00f3n contaremos con la participaci\u00f3n de La Triple Nelson, Monoroots, Congo, Mamba, Eli Almic, Se arm\u00f3 Kokoa, adem\u00e1s de propuestas locales como Pollo Candombe, y la presencia de DJs que aportar\u00e1n a la energ\u00eda del encuentro: Sanata, Zinga Beaty Sapomiau (DJ local).","robots":{"index":"index","follow":"follow","max-snippet":"max-snippet:-1","max-image-preview":"max-image-preview:large","max-video-preview":"max-video-preview:-1"},"canonical":"https:\/\/cooltivarte.com\/portal\/marea-fest-punta-del-diablo\/","og_locale":"es_ES","og_type":"article","og_title":"MAREA FEST - Punta del Diablo - 5 y 6 de enero de 2026","og_description":"En esta primera edici\u00f3n contaremos con la participaci\u00f3n de La Triple Nelson, Monoroots, Congo, Mamba, Eli Almic, Se arm\u00f3 Kokoa, adem\u00e1s de propuestas locales como Pollo Candombe, y la presencia de DJs que aportar\u00e1n a la energ\u00eda del encuentro: Sanata, Zinga Beaty Sapomiau (DJ local).","og_url":"https:\/\/cooltivarte.com\/portal\/marea-fest-punta-del-diablo\/","og_site_name":"Cooltivarte Portal","article_publisher":"https:\/\/www.facebook.com\/cooltivartecom\/","article_author":"https:\/\/www.facebook.com\/cooltivartecom","article_published_time":"2026-01-04T22:29:52+00:00","article_modified_time":"2026-01-26T21:02:14+00:00","og_image":[{"width":1200,"height":628,"url":"https:\/\/cooltivarte.com\/portal\/wp-content\/uploads\/2026\/01\/MAREA-FEST.jpg","type":"image\/jpeg"}],"author":"Cooltivarte","twitter_card":"summary_large_image","twitter_title":"MAREA FEST - Punta del Diablo - 5 y 6 de enero de 2026","twitter_description":"En esta primera edici\u00f3n contaremos con la participaci\u00f3n de La Triple Nelson, Monoroots, Congo, Mamba, Eli Almic, Se arm\u00f3 Kokoa, adem\u00e1s de propuestas locales como Pollo Candombe, y la presencia de DJs que aportar\u00e1n a la energ\u00eda del encuentro: Sanata, Zinga Beaty Sapomiau (DJ local).","twitter_image":"https:\/\/cooltivarte.com\/portal\/wp-content\/uploads\/2026\/01\/MAREA-FEST.jpg","twitter_creator":"@https:\/\/x.com\/obolocultural","twitter_site":"@obolocultural","twitter_misc":{"Escrito por":"Cooltivarte","Tiempo de lectura":"1 minuto"},"schema":{"@context":"https:\/\/schema.org","@graph":[{"@type":"NewsArticle","@id":"https:\/\/cooltivarte.com\/portal\/marea-fest-punta-del-diablo\/#article","isPartOf":{"@id":"https:\/\/cooltivarte.com\/portal\/marea-fest-punta-del-diablo\/"},"author":{"name":"Cooltivarte","@id":"https:\/\/cooltivarte.com\/portal\/#\/schema\/person\/ec2a4f4e71b740d0c559c0ab9a157e19"},"headline":"MAREA FEST &#8211; Punta del Diablo","datePublished":"2026-01-04T22:29:52+00:00","dateModified":"2026-01-26T21:02:14+00:00","mainEntityOfPage":{"@id":"https:\/\/cooltivarte.com\/portal\/marea-fest-punta-del-diablo\/"},"wordCount":164,"publisher":{"@id":"https:\/\/cooltivarte.com\/portal\/#organization"},"image":{"@id":"https:\/\/cooltivarte.com\/portal\/marea-fest-punta-del-diablo\/#primaryimage"},"thumbnailUrl":"https:\/\/cooltivarte.com\/portal\/wp-content\/uploads\/2026\/01\/MAREA-FEST.jpg","keywords":["congo","Eli Almic","La Triple Nelson","Mamba","MAREA FEST","Monoroots","Punta del Diablo","Se Arm\u00f3 Kokoa"],"articleSection":["Eventos"],"inLanguage":"es-AR"},{"@type":"WebPage","@id":"https:\/\/cooltivarte.com\/portal\/marea-fest-punta-del-diablo\/","url":"https:\/\/cooltivarte.com\/portal\/marea-fest-punta-del-diablo\/","name":"MAREA FEST - Punta del Diablo - Cooltivarte Portal","isPartOf":{"@id":"https:\/\/cooltivarte.com\/portal\/#website"},"primaryImageOfPage":{"@id":"https:\/\/cooltivarte.com\/portal\/marea-fest-punta-del-diablo\/#primaryimage"},"image":{"@id":"https:\/\/cooltivarte.com\/portal\/marea-fest-punta-del-diablo\/#primaryimage"},"thumbnailUrl":"https:\/\/cooltivarte.com\/portal\/wp-content\/uploads\/2026\/01\/MAREA-FEST.jpg","datePublished":"2026-01-04T22:29:52+00:00","dateModified":"2026-01-26T21:02:14+00:00","description":"En esta primera edici\u00f3n contaremos con la participaci\u00f3n de La Triple Nelson, Monoroots, Congo, Mamba, Eli Almic, Se arm\u00f3 Kokoa, adem\u00e1s de propuestas locales como Pollo Candombe, y la presencia de DJs que aportar\u00e1n a la energ\u00eda del encuentro: Sanata, Zinga Beaty Sapomiau (DJ local).","breadcrumb":{"@id":"https:\/\/cooltivarte.com\/portal\/marea-fest-punta-del-diablo\/#breadcrumb"},"inLanguage":"es-AR","potentialAction":[{"@type":"ReadAction","target":["https:\/\/cooltivarte.com\/portal\/marea-fest-punta-del-diablo\/"]}]},{"@type":"ImageObject","inLanguage":"es-AR","@id":"https:\/\/cooltivarte.com\/portal\/marea-fest-punta-del-diablo\/#primaryimage","url":"https:\/\/cooltivarte.com\/portal\/wp-content\/uploads\/2026\/01\/MAREA-FEST.jpg","contentUrl":"https:\/\/cooltivarte.com\/portal\/wp-content\/uploads\/2026\/01\/MAREA-FEST.jpg","width":1200,"height":628,"caption":"MAREA FEST - Punta del Diablo - 5 y 6 de enero de 2026"},{"@type":"BreadcrumbList","@id":"https:\/\/cooltivarte.com\/portal\/marea-fest-punta-del-diablo\/#breadcrumb","itemListElement":[{"@type":"ListItem","position":1,"name":"Portada","item":"https:\/\/cooltivarte.com\/portal\/"},{"@type":"ListItem","position":2,"name":"MAREA FEST &#8211; Punta del Diablo"}]},{"@type":"WebSite","@id":"https:\/\/cooltivarte.com\/portal\/#website","url":"https:\/\/cooltivarte.com\/portal\/","name":"Cooltivarte Portal","description":"Arte, cultura y turismo para el mundo ...","publisher":{"@id":"https:\/\/cooltivarte.com\/portal\/#organization"},"potentialAction":[{"@type":"SearchAction","target":{"@type":"EntryPoint","urlTemplate":"https:\/\/cooltivarte.com\/portal\/?s={search_term_string}"},"query-input":{"@type":"PropertyValueSpecification","valueRequired":true,"valueName":"search_term_string"}}],"inLanguage":"es-AR"},{"@type":"Organization","@id":"https:\/\/cooltivarte.com\/portal\/#organization","name":"cooltivarte","url":"https:\/\/cooltivarte.com\/portal\/","logo":{"@type":"ImageObject","inLanguage":"es-AR","@id":"https:\/\/cooltivarte.com\/portal\/#\/schema\/logo\/image\/","url":"https:\/\/cooltivarte.com\/portal\/wp-content\/uploads\/2020\/04\/logo-cooltivarte-v2.png","contentUrl":"https:\/\/cooltivarte.com\/portal\/wp-content\/uploads\/2020\/04\/logo-cooltivarte-v2.png","width":851,"height":243,"caption":"cooltivarte"},"image":{"@id":"https:\/\/cooltivarte.com\/portal\/#\/schema\/logo\/image\/"},"sameAs":["https:\/\/www.facebook.com\/cooltivartecom\/","https:\/\/x.com\/obolocultural","https:\/\/www.instagram.com\/_cooltivarte_\/","https:\/\/www.linkedin.com\/company\/-bolocultural?reportsuccess=8zaNG1HwhPbAR9iQhZ5rfGeqz_vQFftHun0ZWU0Wy9vNemRJ8vtcKdJvzQfW8XagyOJSKg0XvfJ1dp","https:\/\/www.pinterest.com\/cooltivarte\/","https:\/\/cooltivarte.tumblr.com\/","https:\/\/www.tiktok.com\/@cooltivarte","https:\/\/www.youtube.com\/@PrensaCooltivarte"]},{"@type":"Person","@id":"https:\/\/cooltivarte.com\/portal\/#\/schema\/person\/ec2a4f4e71b740d0c559c0ab9a157e19","name":"Cooltivarte","image":{"@type":"ImageObject","inLanguage":"es-AR","@id":"https:\/\/cooltivarte.com\/portal\/wp-content\/uploads\/2014\/05\/logo-cooltivarte-120x120.jpg","url":"https:\/\/cooltivarte.com\/portal\/wp-content\/uploads\/2014\/05\/logo-cooltivarte-120x120.jpg","contentUrl":"https:\/\/cooltivarte.com\/portal\/wp-content\/uploads\/2014\/05\/logo-cooltivarte-120x120.jpg","caption":"Cooltivarte"},"description":"Somos COOLTIVARTE.COM. Un portal digital dedicado a difundir el acontecer art\u00edstico y cultural del Uruguay. Estamos en la vuelta desde el a\u00f1o 2003, y como evoluci\u00f3n del bolet\u00edn Obolo Cultural, nos encontramos abocados a apoyar a los artistas nacionales brind\u00e1ndoles un espacio de difusi\u00f3n. Creemos en la idea de utilizar la potencialidad que hoy d\u00eda nos otorga la web, para que la cultura uruguaya y sus creadores dispongan de una din\u00e1mica ventana, que los ponga en contacto entre s\u00ed y con el mundo. Somos COOLTIVARTE.COM y pretendemos configurarnos como un portal din\u00e1mico, entretenido y atento a los nuevos emprendimientos, que busque siempre la interacci\u00f3n con los artistas.","sameAs":["http:\/\/www.cooltivarte.com","https:\/\/www.facebook.com\/cooltivartecom","https:\/\/www.instagram.com\/_cooltivarte_\/","https:\/\/www.linkedin.com\/company\/-bolocultural","https:\/\/www.pinterest.com\/cooltivarte\/","https:\/\/x.com\/https:\/\/x.com\/obolocultural","https:\/\/www.youtube.com\/@PrensaCooltivarte","https:\/\/www.tumblr.com\/blog\/cooltivarte"],"url":"https:\/\/cooltivarte.com\/portal\/author\/cooltivarte\/"}]}},"_links":{"self":[{"href":"https:\/\/cooltivarte.com\/portal\/wp-json\/wp\/v2\/posts\/121295","targetHints":{"allow":["GET"]}}],"collection":[{"href":"https:\/\/cooltivarte.com\/portal\/wp-json\/wp\/v2\/posts"}],"about":[{"href":"https:\/\/cooltivarte.com\/portal\/wp-json\/wp\/v2\/types\/post"}],"author":[{"embeddable":true,"href":"https:\/\/cooltivarte.com\/portal\/wp-json\/wp\/v2\/users\/8"}],"replies":[{"embeddable":true,"href":"https:\/\/cooltivarte.com\/portal\/wp-json\/wp\/v2\/comments?post=121295"}],"version-history":[{"count":6,"href":"https:\/\/cooltivarte.com\/portal\/wp-json\/wp\/v2\/posts\/121295\/revisions"}],"predecessor-version":[{"id":122024,"href":"https:\/\/cooltivarte.com\/portal\/wp-json\/wp\/v2\/posts\/121295\/revisions\/122024"}],"wp:featuredmedia":[{"embeddable":true,"href":"https:\/\/cooltivarte.com\/portal\/wp-json\/wp\/v2\/media\/121296"}],"wp:attachment":[{"href":"https:\/\/cooltivarte.com\/portal\/wp-json\/wp\/v2\/media?parent=121295"}],"wp:term":[{"taxonomy":"category","embeddable":true,"href":"https:\/\/cooltivarte.com\/portal\/wp-json\/wp\/v2\/categories?post=121295"},{"taxonomy":"post_tag","embeddable":true,"href":"https:\/\/cooltivarte.com\/portal\/wp-json\/wp\/v2\/tags?post=121295"}],"curies":[{"name":"wp","href":"https:\/\/api.w.org\/{rel}","templated":true}]}}