{"id":121197,"date":"2026-04-27T10:27:12","date_gmt":"2026-04-27T13:27:12","guid":{"rendered":"https:\/\/cooltivarte.com\/portal\/?p=121197"},"modified":"2026-04-27T20:42:02","modified_gmt":"2026-04-27T23:42:02","slug":"milo-j-gira-mundial-la-vida-era-mas-corta","status":"publish","type":"post","link":"https:\/\/cooltivarte.com\/portal\/milo-j-gira-mundial-la-vida-era-mas-corta\/","title":{"rendered":"Milo J &#8211; Gira mundial &#8211; La vida era m\u00e1s corta"},"content":{"rendered":"<figure id=\"attachment_126955\" aria-describedby=\"caption-attachment-126955\" style=\"width: 591px\" class=\"wp-caption aligncenter\"><img fetchpriority=\"high\" decoding=\"async\" class=\"wp-image-126955 size-full\" title=\"Milo J \u2013 Gira mundial \u2013 La vida era m\u00e1s corta 25 de abril 2026 - Antel Arena - Foto Carmela N\u00fa\u00f1ez\" src=\"https:\/\/cooltivarte.com\/portal\/wp-content\/uploads\/2026\/01\/Milo-J-\u2013-Gira-mundial-\u2013-La-vida-era-mas-corta-25-de-abril-2026-Antel-Arena-Foto-Carmela-Nunez.jpg\" alt=\"Milo J \u2013 Gira mundial \u2013 La vida era m\u00e1s corta 25 de abril 2026 - Antel Arena - Foto Carmela N\u00fa\u00f1ez\" width=\"591\" height=\"836\" srcset=\"https:\/\/cooltivarte.com\/portal\/wp-content\/uploads\/2026\/01\/Milo-J-\u2013-Gira-mundial-\u2013-La-vida-era-mas-corta-25-de-abril-2026-Antel-Arena-Foto-Carmela-Nunez.jpg 591w, https:\/\/cooltivarte.com\/portal\/wp-content\/uploads\/2026\/01\/Milo-J-\u2013-Gira-mundial-\u2013-La-vida-era-mas-corta-25-de-abril-2026-Antel-Arena-Foto-Carmela-Nunez-212x300.jpg 212w\" sizes=\"(max-width: 591px) 100vw, 591px\" \/><figcaption id=\"caption-attachment-126955\" class=\"wp-caption-text\">Milo J \u2013 Gira mundial \u2013 La vida era m\u00e1s corta 25 de abril 2026 &#8211; Antel Arena &#8211; Foto Carmela N\u00fa\u00f1ez<\/figcaption><\/figure>\n<p>&nbsp;<\/p>\n<h3><strong><a href=\"https:\/\/cooltivarte.com\/portal\/?s=milo+j\" target=\"_blank\" rel=\"noopener\">Milo J<\/a> &#8211; Gira mundial &#8211; La vida era m\u00e1s corta &#8211; 25 de abril 2026 &#8211; Antel Arena<\/strong><\/h3>\n<p>&nbsp;<\/p>\n<p>Despu\u00e9s de hacer historia en V\u00e9lez y de lanzar \u201cLa vida era m\u00e1s corta\u201d, #MiloJ inici\u00f3 su gira mundial y Montevideo fu\u00e9 parte del recorrido.<\/p>\n<p>&nbsp;<\/p>\n<h3>&nbsp;<a href=\"https:\/\/www.facebook.com\/media\/set\/?set=a.1509818744515313&amp;type=3\" target=\"_blank\" rel=\"noopener\">Ir a la fotogaler\u00eda<\/a><\/h3>\n<p><iframe style=\"border: none; overflow: hidden;\" src=\"https:\/\/www.facebook.com\/plugins\/post.php?href=https%3A%2F%2Fwww.facebook.com%2Fmedia%2Fset%2F%3Fset%3Da.1509818744515313%26type%3D3&amp;width=100%\" width=\"100%\" height=\"669\" frameborder=\"0\" scrolling=\"no\"><\/iframe><br \/>\n&nbsp;<\/p>\n<p>&nbsp;<\/p>\n<p>#ProduceGaucho<\/p>\n<p>&nbsp;<\/p>\n<p>&nbsp;<\/p>\n<p><iframe title=\"Spotify Embed: La Vida Era M\u00e1s Corta\" style=\"border-radius: 12px\" width=\"100%\" height=\"352\" frameborder=\"0\" allowfullscreen allow=\"autoplay; clipboard-write; encrypted-media; fullscreen; picture-in-picture\" loading=\"lazy\" src=\"https:\/\/open.spotify.com\/embed\/album\/0sQR1p7NyAUqMPmWdZ6UBd?si=NWo-S0-GR0y43WN_oYRqng&amp;utm_source=oembed\"><\/iframe><\/p>\n<p>&nbsp;<\/p>\n<p>&nbsp;<\/p>\n<blockquote class=\"instagram-media\" style=\"background: #FFF; border: 0; border-radius: 3px; box-shadow: 0 0 1px 0 rgba(0,0,0,0.5),0 1px 10px 0 rgba(0,0,0,0.15); margin: 1px; max-width: 540px; min-width: 326px; padding: 0; width: calc(100% - 2px);\" data-instgrm-captioned=\"\" data-instgrm-permalink=\"https:\/\/www.instagram.com\/p\/DXpzoiKjRbX\/?utm_source=ig_embed&amp;utm_campaign=loading\" data-instgrm-version=\"14\">\n<div style=\"padding: 16px;\">\n<p>&nbsp;<\/p>\n<div style=\"display: flex; flex-direction: row; align-items: center;\">\n<div style=\"background-color: #f4f4f4; border-radius: 50%; flex-grow: 0; height: 40px; margin-right: 14px; width: 40px;\">&nbsp;<\/div>\n<div style=\"display: flex; flex-direction: column; flex-grow: 1; justify-content: center;\">\n<div style=\"background-color: #f4f4f4; border-radius: 4px; flex-grow: 0; height: 14px; margin-bottom: 6px; width: 100px;\">&nbsp;<\/div>\n<div style=\"background-color: #f4f4f4; border-radius: 4px; flex-grow: 0; height: 14px; width: 60px;\">&nbsp;<\/div>\n<\/div>\n<\/div>\n<div style=\"padding: 19% 0;\">&nbsp;<\/div>\n<div style=\"display: block; height: 50px; margin: 0 auto 12px; width: 50px;\">&nbsp;<\/div>\n<div style=\"padding-top: 8px;\">\n<div style=\"color: #3897f0; font-family: Arial,sans-serif; font-size: 14px; font-style: normal; font-weight: 550; line-height: 18px;\">Ver esta publicaci\u00f3n en Instagram<\/div>\n<\/div>\n<div style=\"padding: 12.5% 0;\">&nbsp;<\/div>\n<div style=\"display: flex; flex-direction: row; margin-bottom: 14px; align-items: center;\">\n<div>\n<div style=\"background-color: #f4f4f4; border-radius: 50%; height: 12.5px; width: 12.5px; transform: translateX(0px) translateY(7px);\">&nbsp;<\/div>\n<div style=\"background-color: #f4f4f4; height: 12.5px; transform: rotate(-45deg) translateX(3px) translateY(1px); width: 12.5px; flex-grow: 0; margin-right: 14px; margin-left: 2px;\">&nbsp;<\/div>\n<div style=\"background-color: #f4f4f4; border-radius: 50%; height: 12.5px; width: 12.5px; transform: translateX(9px) translateY(-18px);\">&nbsp;<\/div>\n<\/div>\n<div style=\"margin-left: 8px;\">\n<div style=\"background-color: #f4f4f4; border-radius: 50%; flex-grow: 0; height: 20px; width: 20px;\">&nbsp;<\/div>\n<div style=\"width: 0; height: 0; border-top: 2px solid transparent; border-left: 6px solid #f4f4f4; border-bottom: 2px solid transparent; transform: translateX(16px) translateY(-4px) rotate(30deg);\">&nbsp;<\/div>\n<\/div>\n<div style=\"margin-left: auto;\">\n<div style=\"width: 0px; border-top: 8px solid #F4F4F4; border-right: 8px solid transparent; transform: translateY(16px);\">&nbsp;<\/div>\n<div style=\"background-color: #f4f4f4; flex-grow: 0; height: 12px; width: 16px; transform: translateY(-4px);\">&nbsp;<\/div>\n<div style=\"width: 0; height: 0; border-top: 8px solid #F4F4F4; border-left: 8px solid transparent; transform: translateY(-4px) translateX(8px);\">&nbsp;<\/div>\n<\/div>\n<\/div>\n<div style=\"display: flex; flex-direction: column; flex-grow: 1; justify-content: center; margin-bottom: 24px;\">\n<div style=\"background-color: #f4f4f4; border-radius: 4px; flex-grow: 0; height: 14px; margin-bottom: 6px; width: 224px;\">&nbsp;<\/div>\n<div style=\"background-color: #f4f4f4; border-radius: 4px; flex-grow: 0; height: 14px; width: 144px;\">&nbsp;<\/div>\n<\/div>\n<p>&nbsp;<\/p>\n<p style=\"color: #c9c8cd; font-family: Arial,sans-serif; font-size: 14px; line-height: 17px; margin-bottom: 0; margin-top: 8px; overflow: hidden; padding: 8px 0 7px; text-align: center; text-overflow: ellipsis; white-space: nowrap;\"><a style=\"color: #c9c8cd; font-family: Arial,sans-serif; font-size: 14px; font-style: normal; font-weight: normal; line-height: 17px; text-decoration: none;\" href=\"https:\/\/www.instagram.com\/p\/DXpzoiKjRbX\/?utm_source=ig_embed&amp;utm_campaign=loading\" target=\"_blank\" rel=\"noopener\">Una publicaci\u00f3n compartida por carmela (@carmee.nunez)<\/a><\/p>\n<\/div>\n<\/blockquote>\n<p><script async=\"\" src=\"\/\/www.instagram.com\/embed.js\"><\/script><br \/>\n&nbsp;<\/p>\n<p>&nbsp;<\/p>\n<p>&nbsp;<\/p>\n<p>&nbsp;<\/p>\n<p>&nbsp;<\/p>\n","protected":false},"excerpt":{"rendered":"<p>Milo J &#8211; Gira mundial &#8211; La vida era m\u00e1s corta &#8211; 25 de abril 2026 &#8211; Antel Arena<\/p>\n<p>Entradas en venta<\/p>\n<p>Despu\u00e9s de hacer historia en V\u00e9lez y de lanzar \u201cLa vida era m\u00e1s corta\u201d, #MiloJ inicia su gira mundial y Montevideo es parte del recorrido.<\/p>\n<p> Preventa @bbva_uruguay<br \/>\n: 5\/1 a las 10:00. \u00a1Por 24 horas o hasta agotar stock!<br \/>\n Venta general con todos los medios de pago: 6\/1 a las 10:00.<\/p>\n<p>#ProduceGaucho<\/p>\n","protected":false},"author":248,"featured_media":126955,"comment_status":"closed","ping_status":"closed","sticky":false,"template":"","format":"standard","meta":{"om_disable_all_campaigns":false,"ngg_post_thumbnail":0,"jnews-multi-image_gallery":[],"jnews_single_post":{"format":"standard","override":[{"template":"4","parallax":"1","layout":"right-sidebar","sidebar":"default-sidebar","second_sidebar":"default-sidebar","sticky_sidebar":"1","share_position":"bottom","share_float_style":"share-monocrhome","show_share_counter":"1","show_view_counter":"1","show_featured":"1","show_post_meta":"1","show_post_author":"1","show_post_author_image":"1","show_post_date":"1","post_date_format":"default","post_date_format_custom":"Y\/m\/d","show_post_category":"1","post_reading_time_wpm":"300","post_calculate_word_method":"str_word_count","zoom_button_out_step":"2","zoom_button_in_step":"3","show_post_tag":"1","show_prev_next_post":"1","show_popup_post":"1","show_comment_section":"1","number_popup_post":"1","show_author_box":"1","show_post_related":"0","show_inline_post_related":"0"}],"image_override":[{"single_post_thumbnail_size":"no-crop","single_post_gallery_size":"crop-500"}],"trending_post_position":"meta","trending_post_label":"Trending","sponsored_post_label":"Sponsored by","disable_ad":"0","subtitle":"25 de abril 2026 - Antel Arena"},"jnews_primary_category":[],"jnews_social_meta":{"fb_image":"126955","twitter_image":"126955","twitter_title":"Milo J \u2013 Gira mundial \u2013 La vida era m\u00e1s corta 25 de abril 2026 - Antel Arena - Foto Carmela N\u00fa\u00f1ez","fb_title":"Milo J \u2013 Gira mundial \u2013 La vida era m\u00e1s corta 25 de abril 2026 - Antel Arena - Foto Carmela N\u00fa\u00f1ez","fb_description":"Despu\u00e9s de hacer historia en V\u00e9lez y de lanzar \u201cLa vida era m\u00e1s corta\u201d, #MiloJ inici\u00f3 su gira mundial y Montevideo fu\u00e9 parte del recorrido.","twitter_description":"Despu\u00e9s de hacer historia en V\u00e9lez y de lanzar \u201cLa vida era m\u00e1s corta\u201d, #MiloJ inici\u00f3 su gira mundial y Montevideo fu\u00e9 parte del recorrido."},"jnews_override_counter":{"view_counter_number":"0","share_counter_number":"0","like_counter_number":"0","dislike_counter_number":"0"},"footnotes":""},"categories":[50],"tags":[25295,25297,19521,25296],"class_list":["post-121197","post","type-post","status-publish","format-standard","has-post-thumbnail","hentry","category-coberturas","tag-gira-mundial","tag-la-vida-era-mas-corta","tag-milo-j","tag-tour-mundial"],"yoast_head":"<!-- This site is optimized with the Yoast SEO plugin v27.5 - https:\/\/yoast.com\/product\/yoast-seo-wordpress\/ -->\n<title>Milo J - Gira mundial - La vida era m\u00e1s corta - Cooltivarte Portal<\/title>\n<meta name=\"description\" content=\"Despu\u00e9s de hacer historia en V\u00e9lez y de lanzar \u201cLa vida era m\u00e1s corta\u201d, #MiloJ inici\u00f3 su gira mundial y Montevideo fu\u00e9 parte del recorrido.\" \/>\n<meta name=\"robots\" content=\"index, follow, max-snippet:-1, max-image-preview:large, max-video-preview:-1\" \/>\n<link rel=\"canonical\" href=\"https:\/\/cooltivarte.com\/portal\/milo-j-gira-mundial-la-vida-era-mas-corta\/\" \/>\n<meta property=\"og:locale\" content=\"es_ES\" \/>\n<meta property=\"og:type\" content=\"article\" \/>\n<meta property=\"og:title\" content=\"Milo J \u2013 Gira mundial \u2013 La vida era m\u00e1s corta 25 de abril 2026 - Antel Arena - Foto Carmela N\u00fa\u00f1ez\" \/>\n<meta property=\"og:description\" content=\"Despu\u00e9s de hacer historia en V\u00e9lez y de lanzar \u201cLa vida era m\u00e1s corta\u201d, #MiloJ inici\u00f3 su gira mundial y Montevideo fu\u00e9 parte del recorrido.\" \/>\n<meta property=\"og:url\" content=\"https:\/\/cooltivarte.com\/portal\/milo-j-gira-mundial-la-vida-era-mas-corta\/\" \/>\n<meta property=\"og:site_name\" content=\"Cooltivarte Portal\" \/>\n<meta property=\"article:publisher\" content=\"https:\/\/www.facebook.com\/cooltivartecom\/\" \/>\n<meta property=\"article:author\" content=\"https:\/\/www.facebook.com\/cooltivartecom\/\" \/>\n<meta property=\"article:published_time\" content=\"2026-04-27T13:27:12+00:00\" \/>\n<meta property=\"article:modified_time\" content=\"2026-04-27T23:42:02+00:00\" \/>\n<meta property=\"og:image\" content=\"https:\/\/cooltivarte.com\/portal\/wp-content\/uploads\/2026\/01\/Milo-J-\u2013-Gira-mundial-\u2013-La-vida-era-mas-corta-25-de-abril-2026-Antel-Arena-Foto-Carmela-Nunez.jpg\" \/>\n\t<meta property=\"og:image:width\" content=\"591\" \/>\n\t<meta property=\"og:image:height\" content=\"836\" \/>\n\t<meta property=\"og:image:type\" content=\"image\/jpeg\" \/>\n<meta name=\"author\" content=\"Carmela N\u00fa\u00f1ez\" \/>\n<meta name=\"twitter:card\" content=\"summary_large_image\" \/>\n<meta name=\"twitter:title\" content=\"Milo J \u2013 Gira mundial \u2013 La vida era m\u00e1s corta 25 de abril 2026 - Antel Arena - Foto Carmela N\u00fa\u00f1ez\" \/>\n<meta name=\"twitter:description\" content=\"Despu\u00e9s de hacer historia en V\u00e9lez y de lanzar \u201cLa vida era m\u00e1s corta\u201d, #MiloJ inici\u00f3 su gira mundial y Montevideo fu\u00e9 parte del recorrido.\" \/>\n<meta name=\"twitter:image\" content=\"https:\/\/cooltivarte.com\/portal\/wp-content\/uploads\/2026\/01\/Milo-J-\u2013-Gira-mundial-\u2013-La-vida-era-mas-corta-25-de-abril-2026-Antel-Arena-Foto-Carmela-Nunez.jpg\" \/>\n<meta name=\"twitter:creator\" content=\"@https:\/\/x.com\/obolocultural\" \/>\n<meta name=\"twitter:site\" content=\"@obolocultural\" \/>\n<meta name=\"twitter:label1\" content=\"Escrito por\" \/>\n\t<meta name=\"twitter:data1\" content=\"Carmela N\u00fa\u00f1ez\" \/>\n\t<meta name=\"twitter:label2\" content=\"Tiempo de lectura\" \/>\n\t<meta name=\"twitter:data2\" content=\"1 minuto\" \/>\n<!-- \/ Yoast SEO plugin. -->","yoast_head_json":{"title":"Milo J - Gira mundial - La vida era m\u00e1s corta - Cooltivarte Portal","description":"Despu\u00e9s de hacer historia en V\u00e9lez y de lanzar \u201cLa vida era m\u00e1s corta\u201d, #MiloJ inici\u00f3 su gira mundial y Montevideo fu\u00e9 parte del recorrido.","robots":{"index":"index","follow":"follow","max-snippet":"max-snippet:-1","max-image-preview":"max-image-preview:large","max-video-preview":"max-video-preview:-1"},"canonical":"https:\/\/cooltivarte.com\/portal\/milo-j-gira-mundial-la-vida-era-mas-corta\/","og_locale":"es_ES","og_type":"article","og_title":"Milo J \u2013 Gira mundial \u2013 La vida era m\u00e1s corta 25 de abril 2026 - Antel Arena - Foto Carmela N\u00fa\u00f1ez","og_description":"Despu\u00e9s de hacer historia en V\u00e9lez y de lanzar \u201cLa vida era m\u00e1s corta\u201d, #MiloJ inici\u00f3 su gira mundial y Montevideo fu\u00e9 parte del recorrido.","og_url":"https:\/\/cooltivarte.com\/portal\/milo-j-gira-mundial-la-vida-era-mas-corta\/","og_site_name":"Cooltivarte Portal","article_publisher":"https:\/\/www.facebook.com\/cooltivartecom\/","article_author":"https:\/\/www.facebook.com\/cooltivartecom\/","article_published_time":"2026-04-27T13:27:12+00:00","article_modified_time":"2026-04-27T23:42:02+00:00","og_image":[{"width":591,"height":836,"url":"https:\/\/cooltivarte.com\/portal\/wp-content\/uploads\/2026\/01\/Milo-J-\u2013-Gira-mundial-\u2013-La-vida-era-mas-corta-25-de-abril-2026-Antel-Arena-Foto-Carmela-Nunez.jpg","type":"image\/jpeg"}],"author":"Carmela N\u00fa\u00f1ez","twitter_card":"summary_large_image","twitter_title":"Milo J \u2013 Gira mundial \u2013 La vida era m\u00e1s corta 25 de abril 2026 - Antel Arena - Foto Carmela N\u00fa\u00f1ez","twitter_description":"Despu\u00e9s de hacer historia en V\u00e9lez y de lanzar \u201cLa vida era m\u00e1s corta\u201d, #MiloJ inici\u00f3 su gira mundial y Montevideo fu\u00e9 parte del recorrido.","twitter_image":"https:\/\/cooltivarte.com\/portal\/wp-content\/uploads\/2026\/01\/Milo-J-\u2013-Gira-mundial-\u2013-La-vida-era-mas-corta-25-de-abril-2026-Antel-Arena-Foto-Carmela-Nunez.jpg","twitter_creator":"@https:\/\/x.com\/obolocultural","twitter_site":"@obolocultural","twitter_misc":{"Escrito por":"Carmela N\u00fa\u00f1ez","Tiempo de lectura":"1 minuto"},"schema":{"@context":"https:\/\/schema.org","@graph":[{"@type":"NewsArticle","@id":"https:\/\/cooltivarte.com\/portal\/milo-j-gira-mundial-la-vida-era-mas-corta\/#article","isPartOf":{"@id":"https:\/\/cooltivarte.com\/portal\/milo-j-gira-mundial-la-vida-era-mas-corta\/"},"author":{"name":"Carmela N\u00fa\u00f1ez","@id":"https:\/\/cooltivarte.com\/portal\/#\/schema\/person\/c6f56cccead495b617b3d705845a77bf"},"headline":"Milo J &#8211; Gira mundial &#8211; La vida era m\u00e1s corta","datePublished":"2026-04-27T13:27:12+00:00","dateModified":"2026-04-27T23:42:02+00:00","mainEntityOfPage":{"@id":"https:\/\/cooltivarte.com\/portal\/milo-j-gira-mundial-la-vida-era-mas-corta\/"},"wordCount":156,"publisher":{"@id":"https:\/\/cooltivarte.com\/portal\/#organization"},"image":{"@id":"https:\/\/cooltivarte.com\/portal\/milo-j-gira-mundial-la-vida-era-mas-corta\/#primaryimage"},"thumbnailUrl":"https:\/\/cooltivarte.com\/portal\/wp-content\/uploads\/2026\/01\/Milo-J-\u2013-Gira-mundial-\u2013-La-vida-era-mas-corta-25-de-abril-2026-Antel-Arena-Foto-Carmela-Nunez.jpg","keywords":["Gira mundial","La vida era m\u00e1s corta","Milo J","tour mundial"],"articleSection":["Coberturas"],"inLanguage":"es-AR"},{"@type":"WebPage","@id":"https:\/\/cooltivarte.com\/portal\/milo-j-gira-mundial-la-vida-era-mas-corta\/","url":"https:\/\/cooltivarte.com\/portal\/milo-j-gira-mundial-la-vida-era-mas-corta\/","name":"Milo J - Gira mundial - La vida era m\u00e1s corta - Cooltivarte Portal","isPartOf":{"@id":"https:\/\/cooltivarte.com\/portal\/#website"},"primaryImageOfPage":{"@id":"https:\/\/cooltivarte.com\/portal\/milo-j-gira-mundial-la-vida-era-mas-corta\/#primaryimage"},"image":{"@id":"https:\/\/cooltivarte.com\/portal\/milo-j-gira-mundial-la-vida-era-mas-corta\/#primaryimage"},"thumbnailUrl":"https:\/\/cooltivarte.com\/portal\/wp-content\/uploads\/2026\/01\/Milo-J-\u2013-Gira-mundial-\u2013-La-vida-era-mas-corta-25-de-abril-2026-Antel-Arena-Foto-Carmela-Nunez.jpg","datePublished":"2026-04-27T13:27:12+00:00","dateModified":"2026-04-27T23:42:02+00:00","description":"Despu\u00e9s de hacer historia en V\u00e9lez y de lanzar \u201cLa vida era m\u00e1s corta\u201d, #MiloJ inici\u00f3 su gira mundial y Montevideo fu\u00e9 parte del recorrido.","breadcrumb":{"@id":"https:\/\/cooltivarte.com\/portal\/milo-j-gira-mundial-la-vida-era-mas-corta\/#breadcrumb"},"inLanguage":"es-AR","potentialAction":[{"@type":"ReadAction","target":["https:\/\/cooltivarte.com\/portal\/milo-j-gira-mundial-la-vida-era-mas-corta\/"]}]},{"@type":"ImageObject","inLanguage":"es-AR","@id":"https:\/\/cooltivarte.com\/portal\/milo-j-gira-mundial-la-vida-era-mas-corta\/#primaryimage","url":"https:\/\/cooltivarte.com\/portal\/wp-content\/uploads\/2026\/01\/Milo-J-\u2013-Gira-mundial-\u2013-La-vida-era-mas-corta-25-de-abril-2026-Antel-Arena-Foto-Carmela-Nunez.jpg","contentUrl":"https:\/\/cooltivarte.com\/portal\/wp-content\/uploads\/2026\/01\/Milo-J-\u2013-Gira-mundial-\u2013-La-vida-era-mas-corta-25-de-abril-2026-Antel-Arena-Foto-Carmela-Nunez.jpg","width":591,"height":836,"caption":"Milo J \u2013 Gira mundial \u2013 La vida era m\u00e1s corta 25 de abril 2026 - Antel Arena - Foto Carmela N\u00fa\u00f1ez"},{"@type":"BreadcrumbList","@id":"https:\/\/cooltivarte.com\/portal\/milo-j-gira-mundial-la-vida-era-mas-corta\/#breadcrumb","itemListElement":[{"@type":"ListItem","position":1,"name":"Portada","item":"https:\/\/cooltivarte.com\/portal\/"},{"@type":"ListItem","position":2,"name":"Milo J &#8211; Gira mundial &#8211; La vida era m\u00e1s corta"}]},{"@type":"WebSite","@id":"https:\/\/cooltivarte.com\/portal\/#website","url":"https:\/\/cooltivarte.com\/portal\/","name":"Cooltivarte Portal","description":"Arte, cultura y turismo para el mundo ...","publisher":{"@id":"https:\/\/cooltivarte.com\/portal\/#organization"},"potentialAction":[{"@type":"SearchAction","target":{"@type":"EntryPoint","urlTemplate":"https:\/\/cooltivarte.com\/portal\/?s={search_term_string}"},"query-input":{"@type":"PropertyValueSpecification","valueRequired":true,"valueName":"search_term_string"}}],"inLanguage":"es-AR"},{"@type":"Organization","@id":"https:\/\/cooltivarte.com\/portal\/#organization","name":"cooltivarte","url":"https:\/\/cooltivarte.com\/portal\/","logo":{"@type":"ImageObject","inLanguage":"es-AR","@id":"https:\/\/cooltivarte.com\/portal\/#\/schema\/logo\/image\/","url":"https:\/\/cooltivarte.com\/portal\/wp-content\/uploads\/2020\/04\/logo-cooltivarte-v2.png","contentUrl":"https:\/\/cooltivarte.com\/portal\/wp-content\/uploads\/2020\/04\/logo-cooltivarte-v2.png","width":851,"height":243,"caption":"cooltivarte"},"image":{"@id":"https:\/\/cooltivarte.com\/portal\/#\/schema\/logo\/image\/"},"sameAs":["https:\/\/www.facebook.com\/cooltivartecom\/","https:\/\/x.com\/obolocultural","https:\/\/www.instagram.com\/_cooltivarte_\/","https:\/\/www.linkedin.com\/company\/-bolocultural?reportsuccess=8zaNG1HwhPbAR9iQhZ5rfGeqz_vQFftHun0ZWU0Wy9vNemRJ8vtcKdJvzQfW8XagyOJSKg0XvfJ1dp","https:\/\/www.pinterest.com\/cooltivarte\/","https:\/\/cooltivarte.tumblr.com\/","https:\/\/www.tiktok.com\/@cooltivarte","https:\/\/www.youtube.com\/@PrensaCooltivarte"]},{"@type":"Person","@id":"https:\/\/cooltivarte.com\/portal\/#\/schema\/person\/c6f56cccead495b617b3d705845a77bf","name":"Carmela N\u00fa\u00f1ez","image":{"@type":"ImageObject","inLanguage":"es-AR","@id":"https:\/\/cooltivarte.com\/portal\/wp-content\/uploads\/2026\/04\/Carmela-Nunez-120x120.jpg","url":"https:\/\/cooltivarte.com\/portal\/wp-content\/uploads\/2026\/04\/Carmela-Nunez-120x120.jpg","contentUrl":"https:\/\/cooltivarte.com\/portal\/wp-content\/uploads\/2026\/04\/Carmela-Nunez-120x120.jpg","caption":"Carmela N\u00fa\u00f1ez"},"description":"Fot\u00f3grafa y realizadora audiovisual basada en Montevideo. Interesada en el retrato y en la creaci\u00f3n de im\u00e1genes con est\u00e9tica cinematogr\u00e1fica y calidad narrativa.","sameAs":["https:\/\/carmenfilms1.wixsite.com\/portfolio\/home","https:\/\/www.facebook.com\/cooltivartecom\/","https:\/\/www.instagram.com\/carmee.nunez\/","https:\/\/www.linkedin.com\/company\/-bolocultural\/","https:\/\/www.pinterest.com\/cooltivarte\/","https:\/\/x.com\/https:\/\/x.com\/obolocultural","https:\/\/www.youtube.com\/@PrensaCooltivarte","https:\/\/cooltivarte.tumblr.com\/"],"url":"https:\/\/cooltivarte.com\/portal\/author\/carmela-nunez\/"}]}},"_links":{"self":[{"href":"https:\/\/cooltivarte.com\/portal\/wp-json\/wp\/v2\/posts\/121197","targetHints":{"allow":["GET"]}}],"collection":[{"href":"https:\/\/cooltivarte.com\/portal\/wp-json\/wp\/v2\/posts"}],"about":[{"href":"https:\/\/cooltivarte.com\/portal\/wp-json\/wp\/v2\/types\/post"}],"author":[{"embeddable":true,"href":"https:\/\/cooltivarte.com\/portal\/wp-json\/wp\/v2\/users\/248"}],"replies":[{"embeddable":true,"href":"https:\/\/cooltivarte.com\/portal\/wp-json\/wp\/v2\/comments?post=121197"}],"version-history":[{"count":5,"href":"https:\/\/cooltivarte.com\/portal\/wp-json\/wp\/v2\/posts\/121197\/revisions"}],"predecessor-version":[{"id":126957,"href":"https:\/\/cooltivarte.com\/portal\/wp-json\/wp\/v2\/posts\/121197\/revisions\/126957"}],"wp:featuredmedia":[{"embeddable":true,"href":"https:\/\/cooltivarte.com\/portal\/wp-json\/wp\/v2\/media\/126955"}],"wp:attachment":[{"href":"https:\/\/cooltivarte.com\/portal\/wp-json\/wp\/v2\/media?parent=121197"}],"wp:term":[{"taxonomy":"category","embeddable":true,"href":"https:\/\/cooltivarte.com\/portal\/wp-json\/wp\/v2\/categories?post=121197"},{"taxonomy":"post_tag","embeddable":true,"href":"https:\/\/cooltivarte.com\/portal\/wp-json\/wp\/v2\/tags?post=121197"}],"curies":[{"name":"wp","href":"https:\/\/api.w.org\/{rel}","templated":true}]}}