{"id":121091,"date":"2025-12-30T11:26:07","date_gmt":"2025-12-30T14:26:07","guid":{"rendered":"https:\/\/cooltivarte.com\/portal\/?p=121091"},"modified":"2025-12-30T11:26:07","modified_gmt":"2025-12-30T14:26:07","slug":"walter-bordoni-lanza-el-album-en-vivo-pianissimo","status":"publish","type":"post","link":"https:\/\/cooltivarte.com\/portal\/walter-bordoni-lanza-el-album-en-vivo-pianissimo\/","title":{"rendered":"WALTER BORDONI lanza el \u00e1lbum en vivo &#8220;Pian\u00edssimo&#8221;"},"content":{"rendered":"<p><img fetchpriority=\"high\" decoding=\"async\" class=\"aligncenter wp-image-121092 size-large\" title=\"WALTER BORDONI lanza el \u00e1lbum en vivo &quot;Pian\u00edssimo&quot;\" src=\"https:\/\/cooltivarte.com\/portal\/wp-content\/uploads\/2025\/12\/Pianissimo-1024x683.jpg\" alt=\"WALTER BORDONI lanza el \u00e1lbum en vivo &quot;Pian\u00edssimo&quot;\" width=\"1024\" height=\"683\" srcset=\"https:\/\/cooltivarte.com\/portal\/wp-content\/uploads\/2025\/12\/Pianissimo-1024x683.jpg 1024w, https:\/\/cooltivarte.com\/portal\/wp-content\/uploads\/2025\/12\/Pianissimo-300x200.jpg 300w, https:\/\/cooltivarte.com\/portal\/wp-content\/uploads\/2025\/12\/Pianissimo-768x512.jpg 768w, https:\/\/cooltivarte.com\/portal\/wp-content\/uploads\/2025\/12\/Pianissimo.jpg 1500w\" sizes=\"(max-width: 1024px) 100vw, 1024px\" \/><\/p>\n<h3>&nbsp;<\/h3>\n<h3><em><strong>&#8220;Pian\u00edssimo&#8221;, el nuevo \u00e1lbum de&nbsp;<a href=\"https:\/\/cooltivarte.com\/portal\/?s=Walter+Bordoni\" target=\"_blank\" rel=\"noopener\">Walter Bordoni<\/a><\/strong><\/em><\/h3>\n<h3>&nbsp;<\/h3>\n<p><strong>Pian\u00edssimo<\/strong>, tal cual lo expresa su nombre, es un trabajo realizado s\u00f3lo a voz y piano, instrumento que Bordoni conoci\u00f3 a sus precoces 5 a\u00f1os y con el cual tuvo una relaci\u00f3n de \u201camor odio\u201d seg\u00fan sus propias palabras ya que la r\u00edgida formaci\u00f3n cl\u00e1sica le dio una cierta ductilidad t\u00e9cnica, pero tambi\u00e9n limit\u00f3 su capacidad para utilizarlo en el terreno de la m\u00fasica popular.<\/p>\n<p><em>\u201cDigamos que pod\u00eda interpretar correctamente piezas de Bach y Debussy pero me resultaba imposible tocar un blues, un candombe o un tema de los Beatles. Con el tiempo, a fuerza de paciencia (y tambi\u00e9n ayudado por un a\u00f1o de clases con el querido Coco Fern\u00e1ndez) logr\u00e9 amigarme con las teclas, componiendo y tocando muchas de mis canciones. Registrado en vivo con el maravilloso Steinway del Auditorio del Sodre, este \u00e1lbum es una puesta a punto de mis idas y vueltas con el viejo piano.\u201d<\/em><\/p>\n<p>Grabado en vivo el 25 de julio de 2025 en el Auditorio Nacional del Sodre \u2013 Sala Hugo Balzo dentro del ciclo Tararira, del Uruguay y sus cantares, producido por <strong>Isabel de la Fuente<\/strong> y <strong>Mariana Gerosa<\/strong>.<\/p>\n<p>&nbsp;<\/p>\n<p><iframe title=\"Spotify Embed: Pian\u00edssimo (En Vivo)\" style=\"border-radius: 12px\" width=\"100%\" height=\"352\" frameborder=\"0\" allowfullscreen allow=\"autoplay; clipboard-write; encrypted-media; fullscreen; picture-in-picture\" loading=\"lazy\" src=\"https:\/\/open.spotify.com\/embed\/album\/3YdVPUkOgj2yXj13W9OqDf?si=NKD72yt9SO-P3mM6Ojq_gA&amp;utm_source=oembed\"><\/iframe><\/p>\n<p>&nbsp;<\/p>\n<p>&nbsp;<\/p>\n<p><strong>Piano y voz: Walter Bordoni<\/strong><br \/>\n<strong>T\u00e9cnico de sonido en sala: Pablo Borgh<\/strong><br \/>\n<strong>Mezcla y masterizaci\u00f3n: \u00c1lvaro \u201cMono\u201d Reyes<\/strong><br \/>\n<strong>Fotograf\u00edas y dise\u00f1o gr\u00e1fico: Alejandro Persichetti<\/strong><\/p>\n<p>&nbsp;<\/p>\n<p>&nbsp;<\/p>\n","protected":false},"excerpt":{"rendered":"<p>&#8220;Pian\u00edssimo&#8221;, el nuevo \u00e1lbum de\u00a0Walter Bordoni<\/p>\n<p>Pian\u00edssimo, tal cual lo expresa su nombre, es un trabajo realizado s\u00f3lo a voz y piano, instrumento que Bordoni conoci\u00f3 a sus precoces 5 a\u00f1os y con el cual tuvo una relaci\u00f3n de \u201camor odio\u201d seg\u00fan sus propias palabras ya que la r\u00edgida formaci\u00f3n cl\u00e1sica le dio una cierta ductilidad t\u00e9cnica, pero tambi\u00e9n limit\u00f3 su capacidad para utilizarlo en el terreno de la m\u00fasica popular.<\/p>\n<p>\u201cDigamos que pod\u00eda interpretar correctamente piezas de Bach y Debussy pero me resultaba imposible tocar un blues, un candombe o un tema de los Beatles. Con el tiempo, a fuerza de paciencia (y tambi\u00e9n ayudado por un a\u00f1o de clases con el querido Coco Fern\u00e1ndez) logr\u00e9 amigarme con las teclas, componiendo y tocando muchas de mis canciones. Registrado en vivo con el maravilloso Steinway del Auditorio del Sodre, este \u00e1lbum es una puesta a punto de mis idas y vueltas con el viejo piano.\u201d<\/p>\n<p>Grabado en vivo el 25 de julio de 2025 en el Auditorio Nacional del Sodre \u2013 Sala Hugo Balzo dentro del ciclo Tararira, del Uruguay y sus cantares, producido por Isabel de la Fuente y Mariana Gerosa.<\/p>\n","protected":false},"author":8,"featured_media":121092,"comment_status":"closed","ping_status":"closed","sticky":false,"template":"","format":"standard","meta":{"om_disable_all_campaigns":false,"ngg_post_thumbnail":0,"jnews-multi-image_gallery":[],"jnews_single_post":{"subtitle":"","format":"standard","override":[{"template":"4","parallax":"1","layout":"right-sidebar","sidebar":"default-sidebar","second_sidebar":"default-sidebar","sticky_sidebar":"1","share_position":"bottom","share_float_style":"share-monocrhome","show_share_counter":"1","show_view_counter":"1","show_featured":"1","show_post_meta":"1","show_post_author":"1","show_post_author_image":"1","show_post_date":"1","post_date_format":"default","post_date_format_custom":"Y\/m\/d","show_post_category":"1","post_reading_time_wpm":"300","post_calculate_word_method":"str_word_count","zoom_button_out_step":"2","zoom_button_in_step":"3","show_post_tag":"1","show_prev_next_post":"1","show_popup_post":"1","show_comment_section":"1","number_popup_post":"1","show_author_box":"1","show_post_related":"0","show_inline_post_related":"0"}],"image_override":[{"single_post_thumbnail_size":"no-crop","single_post_gallery_size":"crop-500"}],"trending_post_position":"meta","trending_post_label":"Trending","sponsored_post_label":"Sponsored by","disable_ad":"0"},"jnews_primary_category":[],"jnews_social_meta":[],"jnews_override_counter":{"view_counter_number":"0","share_counter_number":"0","like_counter_number":"0","dislike_counter_number":"0"},"footnotes":""},"categories":[73],"tags":[22039,3312],"class_list":["post-121091","post","type-post","status-publish","format-standard","has-post-thumbnail","hentry","category-discos","tag-pianissimo","tag-walter-bordoni"],"yoast_head":"<!-- This site is optimized with the Yoast SEO plugin v27.4 - https:\/\/yoast.com\/product\/yoast-seo-wordpress\/ -->\n<title>WALTER BORDONI lanza el \u00e1lbum en vivo &quot;Pian\u00edssimo&quot; - Cooltivarte Portal<\/title>\n<meta name=\"description\" content=\"Pian\u00edssimo, tal cual lo expresa su nombre, es un trabajo realizado s\u00f3lo a voz y piano, instrumento que Bordoni conoci\u00f3 a sus precoces 5 a\u00f1os y con el cual tuvo una relaci\u00f3n de \u201camor odio\u201d seg\u00fan sus propias palabras ya que la r\u00edgida formaci\u00f3n cl\u00e1sica le dio una cierta ductilidad t\u00e9cnica, pero tambi\u00e9n limit\u00f3 su capacidad para utilizarlo en el terreno de la m\u00fasica popular.\" \/>\n<meta name=\"robots\" content=\"index, follow, max-snippet:-1, max-image-preview:large, max-video-preview:-1\" \/>\n<link rel=\"canonical\" href=\"https:\/\/cooltivarte.com\/portal\/walter-bordoni-lanza-el-album-en-vivo-pianissimo\/\" \/>\n<meta property=\"og:locale\" content=\"es_ES\" \/>\n<meta property=\"og:type\" content=\"article\" \/>\n<meta property=\"og:title\" content=\"WALTER BORDONI lanza el \u00e1lbum en vivo &quot;Pian\u00edssimo&quot;\" \/>\n<meta property=\"og:description\" content=\"Pian\u00edssimo, tal cual lo expresa su nombre, es un trabajo realizado s\u00f3lo a voz y piano, instrumento que Bordoni conoci\u00f3 a sus precoces 5 a\u00f1os y con el cual tuvo una relaci\u00f3n de \u201camor odio\u201d seg\u00fan sus propias palabras ya que la r\u00edgida formaci\u00f3n cl\u00e1sica le dio una cierta ductilidad t\u00e9cnica, pero tambi\u00e9n limit\u00f3 su capacidad para utilizarlo en el terreno de la m\u00fasica popular.\" \/>\n<meta property=\"og:url\" content=\"https:\/\/cooltivarte.com\/portal\/walter-bordoni-lanza-el-album-en-vivo-pianissimo\/\" \/>\n<meta property=\"og:site_name\" content=\"Cooltivarte Portal\" \/>\n<meta property=\"article:publisher\" content=\"https:\/\/www.facebook.com\/cooltivartecom\/\" \/>\n<meta property=\"article:author\" content=\"https:\/\/www.facebook.com\/cooltivartecom\" \/>\n<meta property=\"article:published_time\" content=\"2025-12-30T14:26:07+00:00\" \/>\n<meta property=\"og:image\" content=\"https:\/\/cooltivarte.com\/portal\/wp-content\/uploads\/2025\/12\/Pianissimo.jpg\" \/>\n\t<meta property=\"og:image:width\" content=\"1500\" \/>\n\t<meta property=\"og:image:height\" content=\"1000\" \/>\n\t<meta property=\"og:image:type\" content=\"image\/jpeg\" \/>\n<meta name=\"author\" content=\"Cooltivarte\" \/>\n<meta name=\"twitter:card\" content=\"summary_large_image\" \/>\n<meta name=\"twitter:title\" content=\"WALTER BORDONI lanza el \u00e1lbum en vivo &quot;Pian\u00edssimo&quot;\" \/>\n<meta name=\"twitter:description\" content=\"Pian\u00edssimo, tal cual lo expresa su nombre, es un trabajo realizado s\u00f3lo a voz y piano, instrumento que Bordoni conoci\u00f3 a sus precoces 5 a\u00f1os y con el cual tuvo una relaci\u00f3n de \u201camor odio\u201d seg\u00fan sus propias palabras ya que la r\u00edgida formaci\u00f3n cl\u00e1sica le dio una cierta ductilidad t\u00e9cnica, pero tambi\u00e9n limit\u00f3 su capacidad para utilizarlo en el terreno de la m\u00fasica popular.\" \/>\n<meta name=\"twitter:image\" content=\"https:\/\/cooltivarte.com\/portal\/wp-content\/uploads\/2025\/12\/Pianissimo.jpg\" \/>\n<meta name=\"twitter:creator\" content=\"@https:\/\/x.com\/obolocultural\" \/>\n<meta name=\"twitter:site\" content=\"@obolocultural\" \/>\n<meta name=\"twitter:label1\" content=\"Escrito por\" \/>\n\t<meta name=\"twitter:data1\" content=\"Cooltivarte\" \/>\n\t<meta name=\"twitter:label2\" content=\"Tiempo de lectura\" \/>\n\t<meta name=\"twitter:data2\" content=\"2 minutos\" \/>\n<!-- \/ Yoast SEO plugin. -->","yoast_head_json":{"title":"WALTER BORDONI lanza el \u00e1lbum en vivo \"Pian\u00edssimo\" - Cooltivarte Portal","description":"Pian\u00edssimo, tal cual lo expresa su nombre, es un trabajo realizado s\u00f3lo a voz y piano, instrumento que Bordoni conoci\u00f3 a sus precoces 5 a\u00f1os y con el cual tuvo una relaci\u00f3n de \u201camor odio\u201d seg\u00fan sus propias palabras ya que la r\u00edgida formaci\u00f3n cl\u00e1sica le dio una cierta ductilidad t\u00e9cnica, pero tambi\u00e9n limit\u00f3 su capacidad para utilizarlo en el terreno de la m\u00fasica popular.","robots":{"index":"index","follow":"follow","max-snippet":"max-snippet:-1","max-image-preview":"max-image-preview:large","max-video-preview":"max-video-preview:-1"},"canonical":"https:\/\/cooltivarte.com\/portal\/walter-bordoni-lanza-el-album-en-vivo-pianissimo\/","og_locale":"es_ES","og_type":"article","og_title":"WALTER BORDONI lanza el \u00e1lbum en vivo \"Pian\u00edssimo\"","og_description":"Pian\u00edssimo, tal cual lo expresa su nombre, es un trabajo realizado s\u00f3lo a voz y piano, instrumento que Bordoni conoci\u00f3 a sus precoces 5 a\u00f1os y con el cual tuvo una relaci\u00f3n de \u201camor odio\u201d seg\u00fan sus propias palabras ya que la r\u00edgida formaci\u00f3n cl\u00e1sica le dio una cierta ductilidad t\u00e9cnica, pero tambi\u00e9n limit\u00f3 su capacidad para utilizarlo en el terreno de la m\u00fasica popular.","og_url":"https:\/\/cooltivarte.com\/portal\/walter-bordoni-lanza-el-album-en-vivo-pianissimo\/","og_site_name":"Cooltivarte Portal","article_publisher":"https:\/\/www.facebook.com\/cooltivartecom\/","article_author":"https:\/\/www.facebook.com\/cooltivartecom","article_published_time":"2025-12-30T14:26:07+00:00","og_image":[{"width":1500,"height":1000,"url":"https:\/\/cooltivarte.com\/portal\/wp-content\/uploads\/2025\/12\/Pianissimo.jpg","type":"image\/jpeg"}],"author":"Cooltivarte","twitter_card":"summary_large_image","twitter_title":"WALTER BORDONI lanza el \u00e1lbum en vivo \"Pian\u00edssimo\"","twitter_description":"Pian\u00edssimo, tal cual lo expresa su nombre, es un trabajo realizado s\u00f3lo a voz y piano, instrumento que Bordoni conoci\u00f3 a sus precoces 5 a\u00f1os y con el cual tuvo una relaci\u00f3n de \u201camor odio\u201d seg\u00fan sus propias palabras ya que la r\u00edgida formaci\u00f3n cl\u00e1sica le dio una cierta ductilidad t\u00e9cnica, pero tambi\u00e9n limit\u00f3 su capacidad para utilizarlo en el terreno de la m\u00fasica popular.","twitter_image":"https:\/\/cooltivarte.com\/portal\/wp-content\/uploads\/2025\/12\/Pianissimo.jpg","twitter_creator":"@https:\/\/x.com\/obolocultural","twitter_site":"@obolocultural","twitter_misc":{"Escrito por":"Cooltivarte","Tiempo de lectura":"2 minutos"},"schema":{"@context":"https:\/\/schema.org","@graph":[{"@type":"NewsArticle","@id":"https:\/\/cooltivarte.com\/portal\/walter-bordoni-lanza-el-album-en-vivo-pianissimo\/#article","isPartOf":{"@id":"https:\/\/cooltivarte.com\/portal\/walter-bordoni-lanza-el-album-en-vivo-pianissimo\/"},"author":{"name":"Cooltivarte","@id":"https:\/\/cooltivarte.com\/portal\/#\/schema\/person\/ec2a4f4e71b740d0c559c0ab9a157e19"},"headline":"WALTER BORDONI lanza el \u00e1lbum en vivo &#8220;Pian\u00edssimo&#8221;","datePublished":"2025-12-30T14:26:07+00:00","mainEntityOfPage":{"@id":"https:\/\/cooltivarte.com\/portal\/walter-bordoni-lanza-el-album-en-vivo-pianissimo\/"},"wordCount":270,"publisher":{"@id":"https:\/\/cooltivarte.com\/portal\/#organization"},"image":{"@id":"https:\/\/cooltivarte.com\/portal\/walter-bordoni-lanza-el-album-en-vivo-pianissimo\/#primaryimage"},"thumbnailUrl":"https:\/\/cooltivarte.com\/portal\/wp-content\/uploads\/2025\/12\/Pianissimo.jpg","keywords":["Pianissimo","Walter Bordoni"],"articleSection":["Discos"],"inLanguage":"es-AR"},{"@type":"WebPage","@id":"https:\/\/cooltivarte.com\/portal\/walter-bordoni-lanza-el-album-en-vivo-pianissimo\/","url":"https:\/\/cooltivarte.com\/portal\/walter-bordoni-lanza-el-album-en-vivo-pianissimo\/","name":"WALTER BORDONI lanza el \u00e1lbum en vivo \"Pian\u00edssimo\" - Cooltivarte Portal","isPartOf":{"@id":"https:\/\/cooltivarte.com\/portal\/#website"},"primaryImageOfPage":{"@id":"https:\/\/cooltivarte.com\/portal\/walter-bordoni-lanza-el-album-en-vivo-pianissimo\/#primaryimage"},"image":{"@id":"https:\/\/cooltivarte.com\/portal\/walter-bordoni-lanza-el-album-en-vivo-pianissimo\/#primaryimage"},"thumbnailUrl":"https:\/\/cooltivarte.com\/portal\/wp-content\/uploads\/2025\/12\/Pianissimo.jpg","datePublished":"2025-12-30T14:26:07+00:00","description":"Pian\u00edssimo, tal cual lo expresa su nombre, es un trabajo realizado s\u00f3lo a voz y piano, instrumento que Bordoni conoci\u00f3 a sus precoces 5 a\u00f1os y con el cual tuvo una relaci\u00f3n de \u201camor odio\u201d seg\u00fan sus propias palabras ya que la r\u00edgida formaci\u00f3n cl\u00e1sica le dio una cierta ductilidad t\u00e9cnica, pero tambi\u00e9n limit\u00f3 su capacidad para utilizarlo en el terreno de la m\u00fasica popular.","breadcrumb":{"@id":"https:\/\/cooltivarte.com\/portal\/walter-bordoni-lanza-el-album-en-vivo-pianissimo\/#breadcrumb"},"inLanguage":"es-AR","potentialAction":[{"@type":"ReadAction","target":["https:\/\/cooltivarte.com\/portal\/walter-bordoni-lanza-el-album-en-vivo-pianissimo\/"]}]},{"@type":"ImageObject","inLanguage":"es-AR","@id":"https:\/\/cooltivarte.com\/portal\/walter-bordoni-lanza-el-album-en-vivo-pianissimo\/#primaryimage","url":"https:\/\/cooltivarte.com\/portal\/wp-content\/uploads\/2025\/12\/Pianissimo.jpg","contentUrl":"https:\/\/cooltivarte.com\/portal\/wp-content\/uploads\/2025\/12\/Pianissimo.jpg","width":1500,"height":1000,"caption":"WALTER BORDONI lanza el \u00e1lbum en vivo \"Pian\u00edssimo\""},{"@type":"BreadcrumbList","@id":"https:\/\/cooltivarte.com\/portal\/walter-bordoni-lanza-el-album-en-vivo-pianissimo\/#breadcrumb","itemListElement":[{"@type":"ListItem","position":1,"name":"Portada","item":"https:\/\/cooltivarte.com\/portal\/"},{"@type":"ListItem","position":2,"name":"WALTER BORDONI lanza el \u00e1lbum en vivo &#8220;Pian\u00edssimo&#8221;"}]},{"@type":"WebSite","@id":"https:\/\/cooltivarte.com\/portal\/#website","url":"https:\/\/cooltivarte.com\/portal\/","name":"Cooltivarte Portal","description":"Arte, cultura y turismo para el mundo ...","publisher":{"@id":"https:\/\/cooltivarte.com\/portal\/#organization"},"potentialAction":[{"@type":"SearchAction","target":{"@type":"EntryPoint","urlTemplate":"https:\/\/cooltivarte.com\/portal\/?s={search_term_string}"},"query-input":{"@type":"PropertyValueSpecification","valueRequired":true,"valueName":"search_term_string"}}],"inLanguage":"es-AR"},{"@type":"Organization","@id":"https:\/\/cooltivarte.com\/portal\/#organization","name":"cooltivarte","url":"https:\/\/cooltivarte.com\/portal\/","logo":{"@type":"ImageObject","inLanguage":"es-AR","@id":"https:\/\/cooltivarte.com\/portal\/#\/schema\/logo\/image\/","url":"https:\/\/cooltivarte.com\/portal\/wp-content\/uploads\/2020\/04\/logo-cooltivarte-v2.png","contentUrl":"https:\/\/cooltivarte.com\/portal\/wp-content\/uploads\/2020\/04\/logo-cooltivarte-v2.png","width":851,"height":243,"caption":"cooltivarte"},"image":{"@id":"https:\/\/cooltivarte.com\/portal\/#\/schema\/logo\/image\/"},"sameAs":["https:\/\/www.facebook.com\/cooltivartecom\/","https:\/\/x.com\/obolocultural","https:\/\/www.instagram.com\/_cooltivarte_\/","https:\/\/www.linkedin.com\/company\/-bolocultural?reportsuccess=8zaNG1HwhPbAR9iQhZ5rfGeqz_vQFftHun0ZWU0Wy9vNemRJ8vtcKdJvzQfW8XagyOJSKg0XvfJ1dp","https:\/\/www.pinterest.com\/cooltivarte\/","https:\/\/cooltivarte.tumblr.com\/","https:\/\/www.tiktok.com\/@cooltivarte","https:\/\/www.youtube.com\/@PrensaCooltivarte"]},{"@type":"Person","@id":"https:\/\/cooltivarte.com\/portal\/#\/schema\/person\/ec2a4f4e71b740d0c559c0ab9a157e19","name":"Cooltivarte","image":{"@type":"ImageObject","inLanguage":"es-AR","@id":"https:\/\/cooltivarte.com\/portal\/wp-content\/uploads\/2014\/05\/logo-cooltivarte-120x120.jpg","url":"https:\/\/cooltivarte.com\/portal\/wp-content\/uploads\/2014\/05\/logo-cooltivarte-120x120.jpg","contentUrl":"https:\/\/cooltivarte.com\/portal\/wp-content\/uploads\/2014\/05\/logo-cooltivarte-120x120.jpg","caption":"Cooltivarte"},"description":"Somos COOLTIVARTE.COM. Un portal digital dedicado a difundir el acontecer art\u00edstico y cultural del Uruguay. Estamos en la vuelta desde el a\u00f1o 2003, y como evoluci\u00f3n del bolet\u00edn Obolo Cultural, nos encontramos abocados a apoyar a los artistas nacionales brind\u00e1ndoles un espacio de difusi\u00f3n. Creemos en la idea de utilizar la potencialidad que hoy d\u00eda nos otorga la web, para que la cultura uruguaya y sus creadores dispongan de una din\u00e1mica ventana, que los ponga en contacto entre s\u00ed y con el mundo. Somos COOLTIVARTE.COM y pretendemos configurarnos como un portal din\u00e1mico, entretenido y atento a los nuevos emprendimientos, que busque siempre la interacci\u00f3n con los artistas.","sameAs":["http:\/\/www.cooltivarte.com","https:\/\/www.facebook.com\/cooltivartecom","https:\/\/www.instagram.com\/_cooltivarte_\/","https:\/\/www.linkedin.com\/company\/-bolocultural","https:\/\/www.pinterest.com\/cooltivarte\/","https:\/\/x.com\/https:\/\/x.com\/obolocultural","https:\/\/www.youtube.com\/@PrensaCooltivarte","https:\/\/www.tumblr.com\/blog\/cooltivarte"],"url":"https:\/\/cooltivarte.com\/portal\/author\/cooltivarte\/"}]}},"_links":{"self":[{"href":"https:\/\/cooltivarte.com\/portal\/wp-json\/wp\/v2\/posts\/121091","targetHints":{"allow":["GET"]}}],"collection":[{"href":"https:\/\/cooltivarte.com\/portal\/wp-json\/wp\/v2\/posts"}],"about":[{"href":"https:\/\/cooltivarte.com\/portal\/wp-json\/wp\/v2\/types\/post"}],"author":[{"embeddable":true,"href":"https:\/\/cooltivarte.com\/portal\/wp-json\/wp\/v2\/users\/8"}],"replies":[{"embeddable":true,"href":"https:\/\/cooltivarte.com\/portal\/wp-json\/wp\/v2\/comments?post=121091"}],"version-history":[{"count":1,"href":"https:\/\/cooltivarte.com\/portal\/wp-json\/wp\/v2\/posts\/121091\/revisions"}],"predecessor-version":[{"id":121093,"href":"https:\/\/cooltivarte.com\/portal\/wp-json\/wp\/v2\/posts\/121091\/revisions\/121093"}],"wp:featuredmedia":[{"embeddable":true,"href":"https:\/\/cooltivarte.com\/portal\/wp-json\/wp\/v2\/media\/121092"}],"wp:attachment":[{"href":"https:\/\/cooltivarte.com\/portal\/wp-json\/wp\/v2\/media?parent=121091"}],"wp:term":[{"taxonomy":"category","embeddable":true,"href":"https:\/\/cooltivarte.com\/portal\/wp-json\/wp\/v2\/categories?post=121091"},{"taxonomy":"post_tag","embeddable":true,"href":"https:\/\/cooltivarte.com\/portal\/wp-json\/wp\/v2\/tags?post=121091"}],"curies":[{"name":"wp","href":"https:\/\/api.w.org\/{rel}","templated":true}]}}