{"id":121060,"date":"2025-12-25T20:58:53","date_gmt":"2025-12-25T23:58:53","guid":{"rendered":"https:\/\/cooltivarte.com\/portal\/?p=121060"},"modified":"2025-12-30T15:56:40","modified_gmt":"2025-12-30T18:56:40","slug":"correo-cultural-arte-de-vanguardia","status":"publish","type":"post","link":"https:\/\/cooltivarte.com\/portal\/correo-cultural-arte-de-vanguardia\/","title":{"rendered":"Correo cultural &#8211; Arte de vanguardia"},"content":{"rendered":"<figure id=\"attachment_121061\" aria-describedby=\"caption-attachment-121061\" style=\"width: 1849px\" class=\"wp-caption alignnone\"><img fetchpriority=\"high\" decoding=\"async\" class=\"size-full wp-image-121061\" src=\"https:\/\/cooltivarte.com\/portal\/wp-content\/uploads\/2025\/12\/correo-cultural.jpg\" alt=\"correo cultural\" width=\"1849\" height=\"865\" srcset=\"https:\/\/cooltivarte.com\/portal\/wp-content\/uploads\/2025\/12\/correo-cultural.jpg 1849w, https:\/\/cooltivarte.com\/portal\/wp-content\/uploads\/2025\/12\/correo-cultural-300x140.jpg 300w, https:\/\/cooltivarte.com\/portal\/wp-content\/uploads\/2025\/12\/correo-cultural-1024x479.jpg 1024w, https:\/\/cooltivarte.com\/portal\/wp-content\/uploads\/2025\/12\/correo-cultural-768x359.jpg 768w, https:\/\/cooltivarte.com\/portal\/wp-content\/uploads\/2025\/12\/correo-cultural-1536x719.jpg 1536w\" sizes=\"(max-width: 1849px) 100vw, 1849px\" \/><figcaption id=\"caption-attachment-121061\" class=\"wp-caption-text\">correo cultural<\/figcaption><\/figure>\n<p>\u201c<strong>Arte de Vanguardia<\/strong>\u201d <strong>Prensa cultural<\/strong>: investigaci\u00f3n, formaci\u00f3n, producci\u00f3n, educaci\u00f3n, difusi\u00f3n y circulaci\u00f3n de contenidos culturales y de entretenimiento mediante la promoci\u00f3n e incentivaci\u00f3n de las diversas pr\u00e1cticas creativas y culturales, al ser espacios dedicados exclusivamente a la exhibici\u00f3n, comercializaci\u00f3n e informaci\u00f3n, del arte en todas sus expresiones.<\/p>\n<p><a href=\"https:\/\/correocultural.com\/\" target=\"_blank\" rel=\"noopener\"><strong>Correo Cultural<\/strong><\/a> aporta al incremento de la producci\u00f3n art\u00edstica y cultural, mediante la oferta y venta de sus productos creativos con el uso de aplicaciones tecnol\u00f3gicas, en una plataforma interactiva que permite el contacto compra \/ venta directo con los artistas o gestores culturales.<\/p>\n<p>El nombre de \u201c<em><strong>Correo Cultural<\/strong><\/em>\u201d fue pensado precisamente en lograr corresponsal\u00edas internacionales con art\u00edculos del m\u00e1s alto nivel editorial, donde sus autores muchas veces son los mismos protagonistas de la noticia cultural.<\/p>\n<p><strong>LA FOTOGRAF\u00cdA<\/strong><br \/>\nTodas las im\u00e1genes que ilustran nuestra publicaci\u00f3n como virtual tienen las autorizaciones respectivas de sus autores as\u00ed como las de bancos de fotos, el 90 % del material es registro propio, la fotograf\u00eda est\u00e1 a cargo de <strong>Franco Mendoza<\/strong>, presidente y fundador de <strong>Correo Cultural<\/strong>.<\/p>\n<p>&nbsp;<\/p>\n<p><a href=\"https:\/\/correocultural.com\/\" target=\"_blank\" rel=\"noopener\">https:\/\/correocultural.com\/<\/a><\/p>\n<p>&nbsp;<\/p>\n","protected":false},"excerpt":{"rendered":"<p>\u201cArte de Vanguardia\u201d Prensa cultural: investigaci\u00f3n, formaci\u00f3n, producci\u00f3n, educaci\u00f3n, difusi\u00f3n y circulaci\u00f3n de contenidos culturales y de entretenimiento mediante la promoci\u00f3n e incentivaci\u00f3n de las diversas pr\u00e1cticas creativas y culturales, al ser espacios dedicados exclusivamente a la exhibici\u00f3n, comercializaci\u00f3n e informaci\u00f3n, del arte en todas sus expresiones.<\/p>\n<p>Correo Cultural aporta al incremento de la producci\u00f3n art\u00edstica y cultural, mediante la oferta y venta de sus productos creativos con el uso de aplicaciones tecnol\u00f3gicas ,en una plataforma interactiva que permite el contacto compra \/venta directo con los artistas o gestores culturales.<\/p>\n<p>El nombre de \u201cCorreo Cultural\u201d fue pensado precisamente en lograr corresponsal\u00edas internacionales con art\u00edculos del m\u00e1s alto nivel editorial, donde sus autores muchas veces son los mismos protagonistas de la noticia cultural.<\/p>\n<p>LA FOTOGRAF\u00cdA<br \/>\nTodas las im\u00e1genes que ilustran nuestra publicaci\u00f3n como virtual tienen las autorizaciones respectivas de sus autores as\u00ed como las de bancos de fotos, el 90 % del material es registro propio, la fotograf\u00eda est\u00e1 a cargo de Franco Mendoza, presidente y fundador de Correo Cultural.<\/p>\n","protected":false},"author":8,"featured_media":121061,"comment_status":"closed","ping_status":"closed","sticky":false,"template":"","format":"standard","meta":{"om_disable_all_campaigns":false,"ngg_post_thumbnail":0,"jnews-multi-image_gallery":[],"jnews_single_post":{"subtitle":"","format":"standard","override":[{"template":"4","parallax":"1","layout":"right-sidebar","sidebar":"default-sidebar","second_sidebar":"default-sidebar","sticky_sidebar":"1","share_position":"bottom","share_float_style":"share-monocrhome","show_share_counter":"1","show_view_counter":"1","show_featured":"1","show_post_meta":"1","show_post_author":"1","show_post_author_image":"1","show_post_date":"1","post_date_format":"default","post_date_format_custom":"Y\/m\/d","show_post_category":"1","post_reading_time_wpm":"300","post_calculate_word_method":"str_word_count","zoom_button_out_step":"2","zoom_button_in_step":"3","show_post_tag":"1","show_prev_next_post":"1","show_popup_post":"1","show_comment_section":"1","number_popup_post":"1","show_author_box":"1","show_post_related":"0","show_inline_post_related":"0"}],"image_override":[{"single_post_thumbnail_size":"no-crop","single_post_gallery_size":"crop-500"}],"trending_post_position":"meta","trending_post_label":"Trending","sponsored_post_label":"Sponsored by","disable_ad":"0"},"jnews_primary_category":[],"jnews_social_meta":[],"jnews_override_counter":{"view_counter_number":"0","share_counter_number":"0","like_counter_number":"0","dislike_counter_number":"0"},"footnotes":""},"categories":[13787],"tags":[12449,25245,25246,25244],"class_list":["post-121060","post","type-post","status-publish","format-standard","has-post-thumbnail","hentry","category-comunidad-digital","tag-arte-de-vanguardia","tag-correo-cultural","tag-franco-mendoza","tag-prensa-cultural"],"yoast_head":"<!-- This site is optimized with the Yoast SEO plugin v27.5 - https:\/\/yoast.com\/product\/yoast-seo-wordpress\/ -->\n<title>Correo cultural - Arte de vanguardia - Cooltivarte Portal<\/title>\n<meta name=\"description\" content=\"Correo Cultural aporta al incremento de la producci\u00f3n art\u00edstica y cultural, mediante la oferta y venta de sus productos creativos con el uso de aplicaciones tecnol\u00f3gicas ,en una plataforma interactiva que permite el contacto compra \/venta directo con los artistas o gestores culturales.\" \/>\n<meta name=\"robots\" content=\"index, follow, max-snippet:-1, max-image-preview:large, max-video-preview:-1\" \/>\n<link rel=\"canonical\" href=\"https:\/\/cooltivarte.com\/portal\/correo-cultural-arte-de-vanguardia\/\" \/>\n<meta property=\"og:locale\" content=\"es_ES\" \/>\n<meta property=\"og:type\" content=\"article\" \/>\n<meta property=\"og:title\" content=\"Correo cultural - Arte de vanguardia\" \/>\n<meta property=\"og:description\" content=\"Correo Cultural aporta al incremento de la producci\u00f3n art\u00edstica y cultural, mediante la oferta y venta de sus productos creativos con el uso de aplicaciones tecnol\u00f3gicas ,en una plataforma interactiva que permite el contacto compra \/venta directo con los artistas o gestores culturales.\" \/>\n<meta property=\"og:url\" content=\"https:\/\/cooltivarte.com\/portal\/correo-cultural-arte-de-vanguardia\/\" \/>\n<meta property=\"og:site_name\" content=\"Cooltivarte Portal\" \/>\n<meta property=\"article:publisher\" content=\"https:\/\/www.facebook.com\/cooltivartecom\/\" \/>\n<meta property=\"article:author\" content=\"https:\/\/www.facebook.com\/cooltivartecom\" \/>\n<meta property=\"article:published_time\" content=\"2025-12-25T23:58:53+00:00\" \/>\n<meta property=\"article:modified_time\" content=\"2025-12-30T18:56:40+00:00\" \/>\n<meta property=\"og:image\" content=\"https:\/\/cooltivarte.com\/portal\/wp-content\/uploads\/2025\/12\/correo-cultural.jpg\" \/>\n\t<meta property=\"og:image:width\" content=\"1849\" \/>\n\t<meta property=\"og:image:height\" content=\"865\" \/>\n\t<meta property=\"og:image:type\" content=\"image\/jpeg\" \/>\n<meta name=\"author\" content=\"Cooltivarte\" \/>\n<meta name=\"twitter:card\" content=\"summary_large_image\" \/>\n<meta name=\"twitter:title\" content=\"Correo cultural - Arte de vanguardia\" \/>\n<meta name=\"twitter:description\" content=\"Correo Cultural aporta al incremento de la producci\u00f3n art\u00edstica y cultural, mediante la oferta y venta de sus productos creativos con el uso de aplicaciones tecnol\u00f3gicas ,en una plataforma interactiva que permite el contacto compra \/venta directo con los artistas o gestores culturales.\" \/>\n<meta name=\"twitter:image\" content=\"https:\/\/cooltivarte.com\/portal\/wp-content\/uploads\/2025\/12\/correo-cultural.jpg\" \/>\n<meta name=\"twitter:creator\" content=\"@https:\/\/x.com\/obolocultural\" \/>\n<meta name=\"twitter:site\" content=\"@obolocultural\" \/>\n<meta name=\"twitter:label1\" content=\"Escrito por\" \/>\n\t<meta name=\"twitter:data1\" content=\"Cooltivarte\" \/>\n\t<meta name=\"twitter:label2\" content=\"Tiempo de lectura\" \/>\n\t<meta name=\"twitter:data2\" content=\"2 minutos\" \/>\n<!-- \/ Yoast SEO plugin. -->","yoast_head_json":{"title":"Correo cultural - Arte de vanguardia - Cooltivarte Portal","description":"Correo Cultural aporta al incremento de la producci\u00f3n art\u00edstica y cultural, mediante la oferta y venta de sus productos creativos con el uso de aplicaciones tecnol\u00f3gicas ,en una plataforma interactiva que permite el contacto compra \/venta directo con los artistas o gestores culturales.","robots":{"index":"index","follow":"follow","max-snippet":"max-snippet:-1","max-image-preview":"max-image-preview:large","max-video-preview":"max-video-preview:-1"},"canonical":"https:\/\/cooltivarte.com\/portal\/correo-cultural-arte-de-vanguardia\/","og_locale":"es_ES","og_type":"article","og_title":"Correo cultural - Arte de vanguardia","og_description":"Correo Cultural aporta al incremento de la producci\u00f3n art\u00edstica y cultural, mediante la oferta y venta de sus productos creativos con el uso de aplicaciones tecnol\u00f3gicas ,en una plataforma interactiva que permite el contacto compra \/venta directo con los artistas o gestores culturales.","og_url":"https:\/\/cooltivarte.com\/portal\/correo-cultural-arte-de-vanguardia\/","og_site_name":"Cooltivarte Portal","article_publisher":"https:\/\/www.facebook.com\/cooltivartecom\/","article_author":"https:\/\/www.facebook.com\/cooltivartecom","article_published_time":"2025-12-25T23:58:53+00:00","article_modified_time":"2025-12-30T18:56:40+00:00","og_image":[{"width":1849,"height":865,"url":"https:\/\/cooltivarte.com\/portal\/wp-content\/uploads\/2025\/12\/correo-cultural.jpg","type":"image\/jpeg"}],"author":"Cooltivarte","twitter_card":"summary_large_image","twitter_title":"Correo cultural - Arte de vanguardia","twitter_description":"Correo Cultural aporta al incremento de la producci\u00f3n art\u00edstica y cultural, mediante la oferta y venta de sus productos creativos con el uso de aplicaciones tecnol\u00f3gicas ,en una plataforma interactiva que permite el contacto compra \/venta directo con los artistas o gestores culturales.","twitter_image":"https:\/\/cooltivarte.com\/portal\/wp-content\/uploads\/2025\/12\/correo-cultural.jpg","twitter_creator":"@https:\/\/x.com\/obolocultural","twitter_site":"@obolocultural","twitter_misc":{"Escrito por":"Cooltivarte","Tiempo de lectura":"2 minutos"},"schema":{"@context":"https:\/\/schema.org","@graph":[{"@type":"NewsArticle","@id":"https:\/\/cooltivarte.com\/portal\/correo-cultural-arte-de-vanguardia\/#article","isPartOf":{"@id":"https:\/\/cooltivarte.com\/portal\/correo-cultural-arte-de-vanguardia\/"},"author":{"name":"Cooltivarte","@id":"https:\/\/cooltivarte.com\/portal\/#\/schema\/person\/ec2a4f4e71b740d0c559c0ab9a157e19"},"headline":"Correo cultural &#8211; Arte de vanguardia","datePublished":"2025-12-25T23:58:53+00:00","dateModified":"2025-12-30T18:56:40+00:00","mainEntityOfPage":{"@id":"https:\/\/cooltivarte.com\/portal\/correo-cultural-arte-de-vanguardia\/"},"wordCount":209,"publisher":{"@id":"https:\/\/cooltivarte.com\/portal\/#organization"},"image":{"@id":"https:\/\/cooltivarte.com\/portal\/correo-cultural-arte-de-vanguardia\/#primaryimage"},"thumbnailUrl":"https:\/\/cooltivarte.com\/portal\/wp-content\/uploads\/2025\/12\/correo-cultural.jpg","keywords":["arte de vanguardia","Correo Cultural","Franco Mendoza","Prensa cultural"],"articleSection":["Comunidad Digital"],"inLanguage":"es-AR"},{"@type":"WebPage","@id":"https:\/\/cooltivarte.com\/portal\/correo-cultural-arte-de-vanguardia\/","url":"https:\/\/cooltivarte.com\/portal\/correo-cultural-arte-de-vanguardia\/","name":"Correo cultural - Arte de vanguardia - Cooltivarte Portal","isPartOf":{"@id":"https:\/\/cooltivarte.com\/portal\/#website"},"primaryImageOfPage":{"@id":"https:\/\/cooltivarte.com\/portal\/correo-cultural-arte-de-vanguardia\/#primaryimage"},"image":{"@id":"https:\/\/cooltivarte.com\/portal\/correo-cultural-arte-de-vanguardia\/#primaryimage"},"thumbnailUrl":"https:\/\/cooltivarte.com\/portal\/wp-content\/uploads\/2025\/12\/correo-cultural.jpg","datePublished":"2025-12-25T23:58:53+00:00","dateModified":"2025-12-30T18:56:40+00:00","description":"Correo Cultural aporta al incremento de la producci\u00f3n art\u00edstica y cultural, mediante la oferta y venta de sus productos creativos con el uso de aplicaciones tecnol\u00f3gicas ,en una plataforma interactiva que permite el contacto compra \/venta directo con los artistas o gestores culturales.","breadcrumb":{"@id":"https:\/\/cooltivarte.com\/portal\/correo-cultural-arte-de-vanguardia\/#breadcrumb"},"inLanguage":"es-AR","potentialAction":[{"@type":"ReadAction","target":["https:\/\/cooltivarte.com\/portal\/correo-cultural-arte-de-vanguardia\/"]}]},{"@type":"ImageObject","inLanguage":"es-AR","@id":"https:\/\/cooltivarte.com\/portal\/correo-cultural-arte-de-vanguardia\/#primaryimage","url":"https:\/\/cooltivarte.com\/portal\/wp-content\/uploads\/2025\/12\/correo-cultural.jpg","contentUrl":"https:\/\/cooltivarte.com\/portal\/wp-content\/uploads\/2025\/12\/correo-cultural.jpg","width":1849,"height":865,"caption":"correo cultural"},{"@type":"BreadcrumbList","@id":"https:\/\/cooltivarte.com\/portal\/correo-cultural-arte-de-vanguardia\/#breadcrumb","itemListElement":[{"@type":"ListItem","position":1,"name":"Portada","item":"https:\/\/cooltivarte.com\/portal\/"},{"@type":"ListItem","position":2,"name":"Correo cultural &#8211; Arte de vanguardia"}]},{"@type":"WebSite","@id":"https:\/\/cooltivarte.com\/portal\/#website","url":"https:\/\/cooltivarte.com\/portal\/","name":"Cooltivarte Portal","description":"Arte, cultura y turismo para el mundo ...","publisher":{"@id":"https:\/\/cooltivarte.com\/portal\/#organization"},"potentialAction":[{"@type":"SearchAction","target":{"@type":"EntryPoint","urlTemplate":"https:\/\/cooltivarte.com\/portal\/?s={search_term_string}"},"query-input":{"@type":"PropertyValueSpecification","valueRequired":true,"valueName":"search_term_string"}}],"inLanguage":"es-AR"},{"@type":"Organization","@id":"https:\/\/cooltivarte.com\/portal\/#organization","name":"cooltivarte","url":"https:\/\/cooltivarte.com\/portal\/","logo":{"@type":"ImageObject","inLanguage":"es-AR","@id":"https:\/\/cooltivarte.com\/portal\/#\/schema\/logo\/image\/","url":"https:\/\/cooltivarte.com\/portal\/wp-content\/uploads\/2020\/04\/logo-cooltivarte-v2.png","contentUrl":"https:\/\/cooltivarte.com\/portal\/wp-content\/uploads\/2020\/04\/logo-cooltivarte-v2.png","width":851,"height":243,"caption":"cooltivarte"},"image":{"@id":"https:\/\/cooltivarte.com\/portal\/#\/schema\/logo\/image\/"},"sameAs":["https:\/\/www.facebook.com\/cooltivartecom\/","https:\/\/x.com\/obolocultural","https:\/\/www.instagram.com\/_cooltivarte_\/","https:\/\/www.linkedin.com\/company\/-bolocultural?reportsuccess=8zaNG1HwhPbAR9iQhZ5rfGeqz_vQFftHun0ZWU0Wy9vNemRJ8vtcKdJvzQfW8XagyOJSKg0XvfJ1dp","https:\/\/www.pinterest.com\/cooltivarte\/","https:\/\/cooltivarte.tumblr.com\/","https:\/\/www.tiktok.com\/@cooltivarte","https:\/\/www.youtube.com\/@PrensaCooltivarte"]},{"@type":"Person","@id":"https:\/\/cooltivarte.com\/portal\/#\/schema\/person\/ec2a4f4e71b740d0c559c0ab9a157e19","name":"Cooltivarte","image":{"@type":"ImageObject","inLanguage":"es-AR","@id":"https:\/\/cooltivarte.com\/portal\/wp-content\/uploads\/2014\/05\/logo-cooltivarte-120x120.jpg","url":"https:\/\/cooltivarte.com\/portal\/wp-content\/uploads\/2014\/05\/logo-cooltivarte-120x120.jpg","contentUrl":"https:\/\/cooltivarte.com\/portal\/wp-content\/uploads\/2014\/05\/logo-cooltivarte-120x120.jpg","caption":"Cooltivarte"},"description":"Somos COOLTIVARTE.COM. Un portal digital dedicado a difundir el acontecer art\u00edstico y cultural del Uruguay. Estamos en la vuelta desde el a\u00f1o 2003, y como evoluci\u00f3n del bolet\u00edn Obolo Cultural, nos encontramos abocados a apoyar a los artistas nacionales brind\u00e1ndoles un espacio de difusi\u00f3n. Creemos en la idea de utilizar la potencialidad que hoy d\u00eda nos otorga la web, para que la cultura uruguaya y sus creadores dispongan de una din\u00e1mica ventana, que los ponga en contacto entre s\u00ed y con el mundo. Somos COOLTIVARTE.COM y pretendemos configurarnos como un portal din\u00e1mico, entretenido y atento a los nuevos emprendimientos, que busque siempre la interacci\u00f3n con los artistas.","sameAs":["http:\/\/www.cooltivarte.com","https:\/\/www.facebook.com\/cooltivartecom","https:\/\/www.instagram.com\/_cooltivarte_\/","https:\/\/www.linkedin.com\/company\/-bolocultural","https:\/\/www.pinterest.com\/cooltivarte\/","https:\/\/x.com\/https:\/\/x.com\/obolocultural","https:\/\/www.youtube.com\/@PrensaCooltivarte","https:\/\/www.tumblr.com\/blog\/cooltivarte"],"url":"https:\/\/cooltivarte.com\/portal\/author\/cooltivarte\/"}]}},"_links":{"self":[{"href":"https:\/\/cooltivarte.com\/portal\/wp-json\/wp\/v2\/posts\/121060","targetHints":{"allow":["GET"]}}],"collection":[{"href":"https:\/\/cooltivarte.com\/portal\/wp-json\/wp\/v2\/posts"}],"about":[{"href":"https:\/\/cooltivarte.com\/portal\/wp-json\/wp\/v2\/types\/post"}],"author":[{"embeddable":true,"href":"https:\/\/cooltivarte.com\/portal\/wp-json\/wp\/v2\/users\/8"}],"replies":[{"embeddable":true,"href":"https:\/\/cooltivarte.com\/portal\/wp-json\/wp\/v2\/comments?post=121060"}],"version-history":[{"count":1,"href":"https:\/\/cooltivarte.com\/portal\/wp-json\/wp\/v2\/posts\/121060\/revisions"}],"predecessor-version":[{"id":121062,"href":"https:\/\/cooltivarte.com\/portal\/wp-json\/wp\/v2\/posts\/121060\/revisions\/121062"}],"wp:featuredmedia":[{"embeddable":true,"href":"https:\/\/cooltivarte.com\/portal\/wp-json\/wp\/v2\/media\/121061"}],"wp:attachment":[{"href":"https:\/\/cooltivarte.com\/portal\/wp-json\/wp\/v2\/media?parent=121060"}],"wp:term":[{"taxonomy":"category","embeddable":true,"href":"https:\/\/cooltivarte.com\/portal\/wp-json\/wp\/v2\/categories?post=121060"},{"taxonomy":"post_tag","embeddable":true,"href":"https:\/\/cooltivarte.com\/portal\/wp-json\/wp\/v2\/tags?post=121060"}],"curies":[{"name":"wp","href":"https:\/\/api.w.org\/{rel}","templated":true}]}}