{"id":120844,"date":"2026-01-06T13:32:34","date_gmt":"2026-01-06T16:32:34","guid":{"rendered":"https:\/\/cooltivarte.com\/portal\/?p=120844"},"modified":"2026-01-26T18:01:55","modified_gmt":"2026-01-26T21:01:55","slug":"la-serena-festival-de-la-cancion-2026","status":"publish","type":"post","link":"https:\/\/cooltivarte.com\/portal\/la-serena-festival-de-la-cancion-2026\/","title":{"rendered":"LA SERENA &#8211; FESTIVAL DE LA CANCI\u00d3N 2026"},"content":{"rendered":"<p><img fetchpriority=\"high\" decoding=\"async\" class=\"aligncenter wp-image-120845 size-large\" title=\"LA SERENA - FESTIVAL DE LA CANCI\u00d3N 2026 - UNA UTOP\u00cdA ATL\u00c1NTICA\" src=\"https:\/\/cooltivarte.com\/portal\/wp-content\/uploads\/2025\/12\/LA-SERENA-FESTIVAL-DE-LA-CANCION-2026-1024x383.jpg\" alt=\"LA SERENA - FESTIVAL DE LA CANCI\u00d3N 2026 - UNA UTOP\u00cdA ATL\u00c1NTICA\" width=\"1024\" height=\"383\" srcset=\"https:\/\/cooltivarte.com\/portal\/wp-content\/uploads\/2025\/12\/LA-SERENA-FESTIVAL-DE-LA-CANCION-2026-1024x383.jpg 1024w, https:\/\/cooltivarte.com\/portal\/wp-content\/uploads\/2025\/12\/LA-SERENA-FESTIVAL-DE-LA-CANCION-2026-300x112.jpg 300w, https:\/\/cooltivarte.com\/portal\/wp-content\/uploads\/2025\/12\/LA-SERENA-FESTIVAL-DE-LA-CANCION-2026-768x288.jpg 768w, https:\/\/cooltivarte.com\/portal\/wp-content\/uploads\/2025\/12\/LA-SERENA-FESTIVAL-DE-LA-CANCION-2026.jpg 1170w\" sizes=\"(max-width: 1024px) 100vw, 1024px\" \/><\/p>\n<p>&nbsp;<\/p>\n<h3><strong>LA SERENA &#8211; FESTIVAL DE LA CANCI\u00d3N 2026 &#8211; UNA UTOP\u00cdA ATL\u00c1NTICA<\/strong><\/h3>\n<p>&nbsp;<\/p>\n<p>En 2026, <strong>La Serena &#8211; Festival de la Canci\u00f3n<\/strong> presenta su nueva edici\u00f3n en<strong> La Paloma<\/strong> del 2 al 8 de enero con encuentros y conciertos in\u00e9ditos en dos escenarios y las ruedas de guitarra en la playa. Y por primera vez expande su \u201chorizonte\u201d en colaboraci\u00f3n con Portal Bosque para la primera edici\u00f3n de <strong>Portal Serena<\/strong>, en <strong>La Barra<\/strong> el <strong>11 de enero<\/strong> .<\/p>\n<p>En su nueva edici\u00f3n, programada del <strong>2 al 8 de enero 2026<\/strong> , el festival se llevar\u00e1 a cabo en los escenarios: Altos de La Serena, Nodriza y las ya cl\u00e1sicas ruedas de guitarra en la Playa de La Serena &#8211; Corumb\u00e1. Su programaci\u00f3n incluye conciertos y encuentros in\u00e9ditos, con la presencia de m\u00e1s de 50 artistas destacados de Iberoam\u00e9rica.<\/p>\n<p>&nbsp;<\/p>\n<p class=\"m_2594813339900041068mcePastedContent\"><strong>PROGRAMACI\u00d3N<\/strong><\/p>\n<p class=\"m_2594813339900041068mcePastedContent\"><strong>LA SERENA &#8211; FESTIVAL DE LA CANCI\u00d3N<\/strong>&nbsp;La Paloma, Uruguay<\/p>\n<p class=\"m_2594813339900041068mcePastedContent\">Escenario NODRIZA&nbsp;<a href=\"https:\/\/notengo.us15.list-manage.com\/track\/click?u=e2dc51ce4ae8383b190adbe50&amp;id=600a31c8e0&amp;e=02ec661272\" target=\"_blank\" rel=\"noopener\">(La Serena, La Paloma)<\/a><\/p>\n<p class=\"m_2594813339900041068mcePastedContent\"><strong>S\u00e1bado 3 de enero<\/strong>&nbsp;:<\/p>\n<p class=\"m_2594813339900041068mcePastedContent\"><strong>FERNANDO CABRERA (UY) &#8211; Artista homenajeado de LA SERENA 2026<br \/>\n<\/strong>Franca (Uy)<br \/>\nDiego Drexler (Uy)<br \/>\nSim\u00f3n&nbsp;Ferracuti (Ar)<\/p>\n<p class=\"m_2594813339900041068mcePastedContent\">Nina Nicolaiewsky y Lucas Caram (Hermano)<\/p>\n<p class=\"m_2594813339900041068mcePastedContent\"><strong>Domingo 4 de enero:<\/strong><\/p>\n<p class=\"m_2594813339900041068mcePastedContent\"><strong>FERNANDO CABRERA (UY) &#8211; Artista homenajeado de LA SERENA 2026<br \/>\n<\/strong>T\u00f3 Brandileone (Br), Augusto Gram\u00f3n (Uy), Agustina Paz (Ar)<br \/>\nIsabella Acerenza&nbsp;(Uy)<\/p>\n<p class=\"m_2594813339900041068mcePastedContent\">Escenario ALTOS DE LA SERENA&nbsp;<a href=\"https:\/\/notengo.us15.list-manage.com\/track\/click?u=e2dc51ce4ae8383b190adbe50&amp;id=5ad4b3e7ed&amp;e=02ec661272\" target=\"_blank\" rel=\"noopener\">(Altos de La Serena, ingreso por Horneros)<\/a><\/p>\n<p class=\"m_2594813339900041068mcePastedContent\"><strong>Martes 6 de enero:<\/strong><\/p>\n<p class=\"m_2594813339900041068mcePastedContent\"><strong>Jorge Drexler (Uy), Moreno Veloso (Br), Ainda (Ar) y Julieta Rada (Uy) con RUEDA DE CANDOMBE<\/strong>&nbsp;m\u00e1s los conciertos de: Rafa Castro (Br) y 3 REYS VAGOS (Uy, Ar, Br)<\/p>\n<p class=\"m_2594813339900041068mcePastedContent\"><strong>Mi\u00e9rcoles 7 de enero:<\/strong><\/p>\n<p class=\"m_2594813339900041068mcePastedContent\"><strong>Jorge Drexler (Uy), Moreno Veloso (Br), Julieta Rada (Uy) , CATTO (Br) con RUEDA DE CANDOMBE<\/strong>&nbsp;m\u00e1s los conciertos de: Ainda (Ar), Duda Brack (Br) y CATTO (Br)<\/p>\n<p class=\"m_2594813339900041068mcePastedContent\"><strong>2, 4, 6 y 8 de enero<\/strong>&nbsp;: Ruedas de Guitarras en la playa La Serena &#8211; Corumb\u00e1 (entrada libre)<\/p>\n<p class=\"m_2594813339900041068mcePastedContent\">Entradas a la venta en:&nbsp;<a href=\"https:\/\/laserenafestival.com\/\" target=\"_blank\" rel=\"noopener\">https:\/\/laserenafestival.com\/<\/a><br \/>\nPromo Club el Pa\u00eds 2&#215;1 (cantidad limitada &#8211; v\u00e1lido para los conciertos del 6 y 7 de enero)<\/p>\n<p class=\"m_2594813339900041068mcePastedContent\">Cerveza Oficial: Patricia<\/p>\n<p class=\"m_2594813339900041068mcePastedContent\">Auspicia: Patricia y Pepsi<\/p>\n<p class=\"m_2594813339900041068mcePastedContent\"><strong>PORTAL SERENA<br \/>\nPortal Bosque, La Barra, Uruguay<\/strong><\/p>\n<p>&nbsp;<\/p>\n<p>&nbsp;<\/p>\n<p class=\"m_2594813339900041068mcePastedContent\">Con la participaci\u00f3n de&nbsp;<strong>Jorge Drexler (Uy&nbsp;<img decoding=\"async\" class=\"an1\" draggable=\"false\" src=\"https:\/\/fonts.gstatic.com\/s\/e\/notoemoji\/16.0\/1f1fa_1f1fe\/72.png\" alt=\"\" data-emoji=\"\" aria-label=\"\"\/>), Moreno Veloso (Br&nbsp;<img decoding=\"async\" class=\"an1\" draggable=\"false\" src=\"https:\/\/fonts.gstatic.com\/s\/e\/notoemoji\/16.0\/1f1e7_1f1f7\/72.png\" alt=\"\" data-emoji=\"\" aria-label=\"\"\/>), Ainda (Ar&nbsp;<img decoding=\"async\" class=\"an1\" draggable=\"false\" src=\"https:\/\/fonts.gstatic.com\/s\/e\/notoemoji\/16.0\/1f1e6_1f1f7\/72.png\" alt=\"\" data-emoji=\"\" aria-label=\"\"\/>), Julieta Rada (Uy&nbsp;<img decoding=\"async\" class=\"an1\" draggable=\"false\" src=\"https:\/\/fonts.gstatic.com\/s\/e\/notoemoji\/16.0\/1f1fa_1f1fe\/72.png\" alt=\"\" data-emoji=\"\" aria-label=\"\"\/>), CATTO (Br&nbsp;<img decoding=\"async\" class=\"an1\" draggable=\"false\" src=\"https:\/\/fonts.gstatic.com\/s\/e\/notoemoji\/16.0\/1f1e7_1f1f7\/72.png\" alt=\"\" data-emoji=\"\" aria-label=\"\"\/>), Sofia Ribeiro (Portugal&nbsp;<img decoding=\"async\" class=\"an1\" draggable=\"false\" src=\"https:\/\/fonts.gstatic.com\/s\/e\/notoemoji\/16.0\/1f1f5_1f1f9\/72.png\" alt=\"\" data-emoji=\"\" aria-label=\"\"\/>), Juan Andres Osipna (Co&nbsp;<img decoding=\"async\" class=\"an1\" draggable=\"false\" src=\"https:\/\/fonts.gstatic.com\/s\/e\/notoemoji\/16.0\/1f1e8_1f1f4\/72.png\" alt=\"\" data-emoji=\"\" aria-label=\"\"\/>), Marcelo Woloski (Ar&nbsp;<img decoding=\"async\" class=\"an1\" draggable=\"false\" src=\"https:\/\/fonts.gstatic.com\/s\/e\/notoemoji\/16.0\/1f1e6_1f1f7\/72.png\" alt=\"\" data-emoji=\"\" aria-label=\"\"\/>), Matias Scheines (Ar&nbsp;<img decoding=\"async\" class=\"an1\" draggable=\"false\" src=\"https:\/\/fonts.gstatic.com\/s\/e\/notoemoji\/16.0\/1f1e6_1f1f7\/72.png\" alt=\"\" data-emoji=\"\" aria-label=\"\"\/>), Andres Rot (Ar&nbsp;<img decoding=\"async\" class=\"an1\" draggable=\"false\" src=\"https:\/\/fonts.gstatic.com\/s\/e\/notoemoji\/16.0\/1f1e6_1f1f7\/72.png\" alt=\"\" data-emoji=\"\" aria-label=\"\"\/>), Rueda de Candombe (Uy&nbsp;<img decoding=\"async\" class=\"an1\" draggable=\"false\" src=\"https:\/\/fonts.gstatic.com\/s\/e\/notoemoji\/16.0\/1f1fa_1f1fe\/72.png\" alt=\"\" data-emoji=\"\" aria-label=\"\"\/>)<\/strong>&nbsp;entre muchos otros&nbsp;<strong>.<\/strong><\/p>\n<p>&nbsp;<\/p>\n<p><img decoding=\"async\" class=\"aligncenter wp-image-121351 size-large\" title=\"Festival Portal Serena\" src=\"https:\/\/cooltivarte.com\/portal\/wp-content\/uploads\/2025\/12\/Festival-Portal-Serena-819x1024.jpg\" alt=\"Festival Portal Serena\" width=\"819\" height=\"1024\" srcset=\"https:\/\/cooltivarte.com\/portal\/wp-content\/uploads\/2025\/12\/Festival-Portal-Serena-819x1024.jpg 819w, https:\/\/cooltivarte.com\/portal\/wp-content\/uploads\/2025\/12\/Festival-Portal-Serena-240x300.jpg 240w, https:\/\/cooltivarte.com\/portal\/wp-content\/uploads\/2025\/12\/Festival-Portal-Serena-768x960.jpg 768w, https:\/\/cooltivarte.com\/portal\/wp-content\/uploads\/2025\/12\/Festival-Portal-Serena-1229x1536.jpg 1229w, https:\/\/cooltivarte.com\/portal\/wp-content\/uploads\/2025\/12\/Festival-Portal-Serena-1638x2048.jpg 1638w, https:\/\/cooltivarte.com\/portal\/wp-content\/uploads\/2025\/12\/Festival-Portal-Serena-scaled.jpg 2048w\" sizes=\"(max-width: 819px) 100vw, 819px\" \/><\/p>\n<p class=\"m_2594813339900041068mcePastedContent\">&nbsp;<\/p>\n<h2><strong>Comunicado oficial \u2013 Actualizaci\u00f3n Festival Portal Serena<\/strong><\/h2>\n<p>Debido al&nbsp;<strong>pron\u00f3stico clim\u00e1tico adverso<\/strong>, con&nbsp;<strong>fuertes tormentas previstas para el s\u00e1bado 10 de enero<\/strong>, y priorizando&nbsp;<strong>la seguridad de artistas, p\u00fablico y equipo de trabajo<\/strong>, hemos decidido&nbsp;<strong>reprogramar la primera jornada del festival<\/strong>.<\/p>\n<p>El&nbsp;<strong>Festival Portal Serena se realizar\u00e1 en una \u00fanica jornada<\/strong>, el&nbsp;<strong>domingo 11 de enero<\/strong>, en&nbsp;<strong>Portal Bosque<\/strong>.<\/p>\n<p class=\"mcePastedContent\">Como resultado de esta reprogramaci\u00f3n, el&nbsp;<strong>line up del domingo se ver\u00e1 enriquecido<\/strong>: los artistas y propuestas originalmente previstas para el s\u00e1bado 10 se suman a la programaci\u00f3n del domingo, dando lugar a una&nbsp;<strong>jornada extendida y potenciada<\/strong>, pensada para que podamos encontrarnos en las mejores condiciones y disfrutar del festival de forma cuidada.<\/p>\n<p class=\"mcePastedContent\"><strong>\u00bfQu\u00e9 pasa con las entradas?<\/strong><\/p>\n<p class=\"mcePastedContent\"><strong>Si compraste entradas para el s\u00e1bado 10, tu ticket es v\u00e1lido para el domingo 11, sin necesidad de hacer ning\u00fan cambio. Solo ten\u00e9s que mostrar tu QR en el ingreso.<br \/>\n<\/strong><\/p>\n<p class=\"mcePastedContent\"><strong>Si compraste estacionamiento para el s\u00e1bado 10, es v\u00e1lido para el domingo 11, sin necesidad de hacer ning\u00fan cambio. Solo ten\u00e9s que mostrar tu QR en el ingreso.<\/strong><\/p>\n<p>Si no pod\u00e9s asistir el domingo, pod\u00e9s solicitar la devoluci\u00f3n total del valor de tu entrada escribiendo a&nbsp;<a href=\"mailto:recepcion@portalbosque.com\"><strong>recepcion@portalbosque.com<\/strong><\/a><\/p>\n<p>&nbsp;<\/p>\n<p class=\"mcePastedContent\"><strong>Si compraste entradas para ambos d\u00edas, pod\u00e9s solicitar la devoluci\u00f3n del 50% del valor total, correspondiente al d\u00eda 1 escribiendo a&nbsp;<\/strong><a href=\"mailto:recepcion@portalbosque.com\"><strong>recepcion@portalbosque.com<\/strong><\/a><\/p>\n<p>&nbsp;<\/p>\n<p class=\"mcePastedContent\"><strong>GRILLA ACTUALIZADA<\/strong><\/p>\n<p class=\"mcePastedContent\">\u00daNICO D\u00cdA: 11 de Enero<\/p>\n<p class=\"mcePastedContent\">16.00<\/p>\n<p class=\"mcePastedContent\">Apertura del Predio<\/p>\n<p class=\"mcePastedContent\">16.00 a 22.00<\/p>\n<p class=\"mcePastedContent\">ACTIVIDADES PARA TODA LA FAMILIA<\/p>\n<p class=\"mcePastedContent\">Estaciones l\u00fadicas (16 a 21hs)<\/p>\n<p class=\"mcePastedContent\">&#8211; Estaci\u00f3n musical<br \/>\n&#8211; Llamadores de \u00e1ngeles<\/p>\n<p class=\"mcePastedContent\">&#8211; Instrumentos naturales&nbsp;<\/p>\n<p class=\"mcePastedContent\">&#8211; Sinfon\u00eda de los buenos deseos<\/p>\n<p class=\"mcePastedContent\">&#8211; Circuito musical<\/p>\n<p class=\"mcePastedContent\">&#8211; Experimentos musicales<\/p>\n<p class=\"mcePastedContent\">&#8211; Maquillaje<\/p>\n<p class=\"mcePastedContent\">Polo de Experimentaci\u00f3n musical (17.30 a 22.00hs)<\/p>\n<p class=\"mcePastedContent\">&#8211; Freestyle<\/p>\n<p class=\"mcePastedContent\">&#8211; Live Looping<\/p>\n<p class=\"mcePastedContent\">&#8211; Hac\u00e9 tu instrumento<\/p>\n<p class=\"mcePastedContent\">Instalaciones art\u00edsticas inmersivas (todo el evento)<br \/>\n&#8211; M\u00fasica y pinceles<br \/>\n&#8211; Latido<br \/>\n&#8211; Suena el bosque<br \/>\n&#8211; El nido de los cuentos<br \/>\n&#8211; El guardi\u00e1n<br \/>\n&#8211; Un piano en el bosque<\/p>\n<p>17.30 a 19.00<br \/>\nConcierto \u201cRa\u00edces\u201d con auriculares \/<br \/>\nActividad adicional \/ Cupos limitados<br \/>\nJuan Andres Ospina (Col), Marcelo Woloski (Ar), Matias Scheines (Ar), Andres Rot (Ar)<\/p>\n<p class=\"mcePastedContent\">Cantantes invitados: Sofia Ribeiro (Por), Ale Kurz (Ar), Lu Ferreira (Uy), Paulina Viroga (Uy) y otras sorpresas<\/p>\n<p>17.30 a 19.00<\/p>\n<p class=\"mcePastedContent\">Taller de d\u00e9cimas<br \/>\nAlexis D\u00edaz Pimienta (Cub)<\/p>\n<p>18.30 a 19.30<br \/>\nTaller de Danza: El poder del movimiento<br \/>\nBrenda Cohen (Ar)<\/p>\n<p>19.30 a 20.30<br \/>\nTaller de percusi\u00f3n<br \/>\nMarcelo Woloski (Ar), Nicolas Arroyo (Uy) y Coby Acosta (Uy)<\/p>\n<p>19.30 a 20.30<br \/>\nC\u00edrculo de canto<br \/>\nJuan Andres Ospina (Col) y Sofia Ribeiro (Por)<\/p>\n<p class=\"mcePastedContent\">20.30 a 22.00<\/p>\n<p class=\"mcePastedContent\">Concierto \u00edntimo de Jorge Drexler con auriculares<\/p>\n<p class=\"mcePastedContent\">Actividad adicional \/ Cupos limitados<\/p>\n<p class=\"mcePastedContent\">20.30 a 22.00<\/p>\n<p class=\"mcePastedContent\">Rueda de Guitarra<\/p>\n<p class=\"mcePastedContent\">Cancionero espont\u00e1neo con:&nbsp;<\/p>\n<p class=\"mcePastedContent\">Zelito (Br), Pablo Grinjot (Ar), Duda Brack (Br) y otros artistas del festival.<\/p>\n<p class=\"mcePastedContent\">22.00 a 23.30<br \/>\nRueda de Candombe<br \/>\nInvitan: Jorge Drexler (Uy), Ainda (Ar), Julieta Rada (Uy), CATTO (Br), Daniel Drexler (Uy)<\/p>\n<p class=\"mcePastedContent\">00.00 a 03.00<\/p>\n<p class=\"mcePastedContent\">Portal JAM con todos los artistas<\/p>\n<p class=\"mcePastedContent\">Gracias por la comprensi\u00f3n, la paciencia y la buena energ\u00eda.<br \/>\n\u00a1Nos vemos este domingo!<\/p>\n<p>&nbsp;<\/p>\n<p class=\"m_2594813339900041068mcePastedContent\"><strong>Entradas a la venta<\/strong> en:&nbsp;<a href=\"https:\/\/www.portalserena.org\/\" target=\"_blank\" rel=\"noopener\">portalserena.org<\/a>&nbsp;&nbsp;<\/p>\n<p class=\"m_2594813339900041068mcePastedContent\">Tambi\u00e9n disponible de forma presencial en Portal Bosque (lun\u2013sab, 10 a 18 h).<br \/>\nExisten pases por d\u00eda y abonos completos.<br \/>\nEl concierto \u00edntimo con auriculares requiere entrada adicional.<br \/>\nMenores de 2 a\u00f1os no pagan.<\/p>\n<p>10% DE DESCUENTO CON GRATEFUL (descarga la app)*<br \/>\n*exclusivo para las fechas del 10 y 11 de enero 2026<\/p>\n<p>&nbsp;<\/p>\n<blockquote class=\"instagram-media\" style=\"background: #FFF; border: 0; border-radius: 3px; box-shadow: 0 0 1px 0 rgba(0,0,0,0.5),0 1px 10px 0 rgba(0,0,0,0.15); margin: 1px; max-width: 540px; min-width: 326px; padding: 0; width: calc(100% - 2px);\" data-instgrm-captioned=\"\" data-instgrm-permalink=\"https:\/\/www.instagram.com\/p\/DSn4tP4EsIo\/?utm_source=ig_embed&amp;utm_campaign=loading\" data-instgrm-version=\"14\">\n<div style=\"padding: 16px;\">\n<p>&nbsp;<\/p>\n<div style=\"display: flex; flex-direction: row; align-items: center;\">\n<div style=\"background-color: #f4f4f4; border-radius: 50%; flex-grow: 0; height: 40px; margin-right: 14px; width: 40px;\">&nbsp;<\/div>\n<div style=\"display: flex; flex-direction: column; flex-grow: 1; justify-content: center;\">\n<div style=\"background-color: #f4f4f4; border-radius: 4px; flex-grow: 0; height: 14px; margin-bottom: 6px; width: 100px;\">&nbsp;<\/div>\n<div style=\"background-color: #f4f4f4; border-radius: 4px; flex-grow: 0; height: 14px; width: 60px;\">&nbsp;<\/div>\n<\/div>\n<\/div>\n<div style=\"padding: 19% 0;\">&nbsp;<\/div>\n<div style=\"display: block; height: 50px; margin: 0 auto 12px; width: 50px;\">&nbsp;<\/div>\n<div style=\"padding-top: 8px;\">\n<div style=\"color: #3897f0; font-family: Arial,sans-serif; font-size: 14px; font-style: normal; font-weight: 550; line-height: 18px;\">Ver esta publicaci\u00f3n en Instagram<\/div>\n<\/div>\n<div style=\"padding: 12.5% 0;\">&nbsp;<\/div>\n<div style=\"display: flex; flex-direction: row; margin-bottom: 14px; align-items: center;\">\n<div>\n<div style=\"background-color: #f4f4f4; border-radius: 50%; height: 12.5px; width: 12.5px; transform: translateX(0px) translateY(7px);\">&nbsp;<\/div>\n<div style=\"background-color: #f4f4f4; height: 12.5px; transform: rotate(-45deg) translateX(3px) translateY(1px); width: 12.5px; flex-grow: 0; margin-right: 14px; margin-left: 2px;\">&nbsp;<\/div>\n<div style=\"background-color: #f4f4f4; border-radius: 50%; height: 12.5px; width: 12.5px; transform: translateX(9px) translateY(-18px);\">&nbsp;<\/div>\n<\/div>\n<div style=\"margin-left: 8px;\">\n<div style=\"background-color: #f4f4f4; border-radius: 50%; flex-grow: 0; height: 20px; width: 20px;\">&nbsp;<\/div>\n<div style=\"width: 0; height: 0; border-top: 2px solid transparent; border-left: 6px solid #f4f4f4; border-bottom: 2px solid transparent; transform: translateX(16px) translateY(-4px) rotate(30deg);\">&nbsp;<\/div>\n<\/div>\n<div style=\"margin-left: auto;\">\n<div style=\"width: 0px; border-top: 8px solid #F4F4F4; border-right: 8px solid transparent; transform: translateY(16px);\">&nbsp;<\/div>\n<div style=\"background-color: #f4f4f4; flex-grow: 0; height: 12px; width: 16px; transform: translateY(-4px);\">&nbsp;<\/div>\n<div style=\"width: 0; height: 0; border-top: 8px solid #F4F4F4; border-left: 8px solid transparent; transform: translateY(-4px) translateX(8px);\">&nbsp;<\/div>\n<\/div>\n<\/div>\n<div style=\"display: flex; flex-direction: column; flex-grow: 1; justify-content: center; margin-bottom: 24px;\">\n<div style=\"background-color: #f4f4f4; border-radius: 4px; flex-grow: 0; height: 14px; margin-bottom: 6px; width: 224px;\">&nbsp;<\/div>\n<div style=\"background-color: #f4f4f4; border-radius: 4px; flex-grow: 0; height: 14px; width: 144px;\">&nbsp;<\/div>\n<\/div>\n<p>&nbsp;<\/p>\n<p style=\"color: #c9c8cd; font-family: Arial,sans-serif; font-size: 14px; line-height: 17px; margin-bottom: 0; margin-top: 8px; overflow: hidden; padding: 8px 0 7px; text-align: center; text-overflow: ellipsis; white-space: nowrap;\"><a style=\"color: #c9c8cd; font-family: Arial,sans-serif; font-size: 14px; font-style: normal; font-weight: normal; line-height: 17px; text-decoration: none;\" href=\"https:\/\/www.instagram.com\/p\/DSn4tP4EsIo\/?utm_source=ig_embed&amp;utm_campaign=loading\" target=\"_blank\" rel=\"noopener\">Una publicaci\u00f3n compartida por La Serena Festival de la Canci\u00f3n (@laserenafestivaldelacancion)<\/a><\/p>\n<\/div>\n<\/blockquote>\n<p><script async=\"\" src=\"\/\/www.instagram.com\/embed.js\"><\/script><br \/>\n&nbsp;<\/p>\n<p>&nbsp;<br \/>\n<script async src=\"https:\/\/pagead2.googlesyndication.com\/pagead\/js\/adsbygoogle.js?client=ca-pub-1258162831753121\"\n     crossorigin=\"anonymous\"><\/script><br \/>\n<ins class=\"adsbygoogle\"\n     style=\"display:block; text-align:center;\"\n     data-ad-layout=\"in-article\"\n     data-ad-format=\"fluid\"\n     data-ad-client=\"ca-pub-1258162831753121\"\n     data-ad-slot=\"9254952921\"><\/ins><br \/>\n<script>\n     (adsbygoogle = window.adsbygoogle || []).push({});\n<\/script><br \/>\n&nbsp;<\/p>\n<p>&nbsp;<\/p>\n","protected":false},"excerpt":{"rendered":"<p>LA SERENA &#8211; FESTIVAL DE LA CANCI\u00d3N 2026 &#8211; UNA UTOP\u00cdA ATL\u00c1NTICA<\/p>\n<p>En 2026, La Serena &#8211; Festival de la Canci\u00f3n presenta su nueva edici\u00f3n en La Paloma del 2 al 8 de enero con encuentros y conciertos in\u00e9ditos en dos escenarios y las ruedas de guitarra en la playa. Y por primera vez expande su \u201chorizonte\u201d en colaboraci\u00f3n con Portal Bosque para la primera edici\u00f3n de Portal Serena, en La Barra el 10 y 11 de enero .<\/p>\n<p>En su nueva edici\u00f3n, programada del 2 al 8 de enero 2026 , el festival se llevar\u00e1 a cabo en los escenarios: Altos de La Serena, Nodriza y las ya cl\u00e1sicas ruedas de guitarra en la Playa de La Serena &#8211; Corumb\u00e1. Su programaci\u00f3n incluye conciertos y encuentros in\u00e9ditos, con la presencia de m\u00e1s de 50 artistas destacados de Iberoam\u00e9rica.<\/p>\n","protected":false},"author":8,"featured_media":120845,"comment_status":"closed","ping_status":"closed","sticky":false,"template":"","format":"standard","meta":{"om_disable_all_campaigns":false,"ngg_post_thumbnail":0,"jnews-multi-image_gallery":[],"jnews_single_post":{"format":"standard","override":[{"template":"4","parallax":"1","layout":"right-sidebar","sidebar":"default-sidebar","second_sidebar":"default-sidebar","sticky_sidebar":"1","share_position":"bottom","share_float_style":"share-monocrhome","show_share_counter":"1","show_view_counter":"1","show_featured":"1","show_post_meta":"1","show_post_author":"1","show_post_author_image":"1","show_post_date":"1","post_date_format":"default","post_date_format_custom":"Y\/m\/d","show_post_category":"1","post_reading_time_wpm":"300","post_calculate_word_method":"str_word_count","zoom_button_out_step":"2","zoom_button_in_step":"3","show_post_tag":"1","show_prev_next_post":"1","show_popup_post":"1","show_comment_section":"1","number_popup_post":"1","show_author_box":"1","show_post_related":"0","show_inline_post_related":"0"}],"image_override":[{"single_post_thumbnail_size":"no-crop","single_post_gallery_size":"crop-500"}],"trending_post_position":"meta","trending_post_label":"Trending","sponsored_post_label":"Sponsored by","disable_ad":"0","subtitle":"UNA UTOP\u00cdA ATL\u00c1NTICA - La Paloma del 2 al 8 de enero - Portal Serena, en La Barra el 11 de enero"},"jnews_primary_category":[],"jnews_social_meta":[],"jnews_override_counter":{"view_counter_number":"0","share_counter_number":"0","like_counter_number":"0","dislike_counter_number":"0"},"footnotes":""},"categories":[3394],"tags":[25192,1569,25191,25193],"class_list":["post-120844","post","type-post","status-publish","format-standard","has-post-thumbnail","hentry","category-eventos","tag-festival-de-la-cancion","tag-la-paloma","tag-la-serena","tag-playa-de-la-serena"],"yoast_head":"<!-- This site is optimized with the Yoast SEO plugin v27.5 - https:\/\/yoast.com\/product\/yoast-seo-wordpress\/ -->\n<title>LA SERENA - FESTIVAL DE LA CANCI\u00d3N 2026 - Cooltivarte Portal<\/title>\n<meta name=\"description\" content=\"En 2026, La Serena - Festival de la Canci\u00f3n presenta su nueva edici\u00f3n en La Paloma del 2 al 8 de enero con encuentros y conciertos in\u00e9ditos en dos escenarios y las ruedas de guitarra en la playa.\" \/>\n<meta name=\"robots\" content=\"index, follow, max-snippet:-1, max-image-preview:large, max-video-preview:-1\" \/>\n<link rel=\"canonical\" href=\"https:\/\/cooltivarte.com\/portal\/la-serena-festival-de-la-cancion-2026\/\" \/>\n<meta property=\"og:locale\" content=\"es_ES\" \/>\n<meta property=\"og:type\" content=\"article\" \/>\n<meta property=\"og:title\" content=\"LA SERENA - FESTIVAL DE LA CANCI\u00d3N 2026 - UNA UTOP\u00cdA ATL\u00c1NTICA - La Paloma del 2 al 8 de enero - Portal Serena, en La Barra el 11 de enero\" \/>\n<meta property=\"og:description\" content=\"En 2026, La Serena - Festival de la Canci\u00f3n presenta su nueva edici\u00f3n en La Paloma del 2 al 8 de enero con encuentros y conciertos in\u00e9ditos en dos escenarios y las ruedas de guitarra en la playa.\" \/>\n<meta property=\"og:url\" content=\"https:\/\/cooltivarte.com\/portal\/la-serena-festival-de-la-cancion-2026\/\" \/>\n<meta property=\"og:site_name\" content=\"Cooltivarte Portal\" \/>\n<meta property=\"article:publisher\" content=\"https:\/\/www.facebook.com\/cooltivartecom\/\" \/>\n<meta property=\"article:author\" content=\"https:\/\/www.facebook.com\/cooltivartecom\" \/>\n<meta property=\"article:published_time\" content=\"2026-01-06T16:32:34+00:00\" \/>\n<meta property=\"article:modified_time\" content=\"2026-01-26T21:01:55+00:00\" \/>\n<meta property=\"og:image\" content=\"https:\/\/cooltivarte.com\/portal\/wp-content\/uploads\/2025\/12\/LA-SERENA-FESTIVAL-DE-LA-CANCION-2026.jpg\" \/>\n\t<meta property=\"og:image:width\" content=\"1170\" \/>\n\t<meta property=\"og:image:height\" content=\"438\" \/>\n\t<meta property=\"og:image:type\" content=\"image\/jpeg\" \/>\n<meta name=\"author\" content=\"Cooltivarte\" \/>\n<meta name=\"twitter:card\" content=\"summary_large_image\" \/>\n<meta name=\"twitter:title\" content=\"LA SERENA - FESTIVAL DE LA CANCI\u00d3N 2026 - UNA UTOP\u00cdA ATL\u00c1NTICA - La Paloma del 2 al 8 de enero - Portal Serena, en La Barra el 11 de enero\" \/>\n<meta name=\"twitter:description\" content=\"En 2026, La Serena - Festival de la Canci\u00f3n presenta su nueva edici\u00f3n en La Paloma del 2 al 8 de enero con encuentros y conciertos in\u00e9ditos en dos escenarios y las ruedas de guitarra en la playa.\" \/>\n<meta name=\"twitter:image\" content=\"https:\/\/cooltivarte.com\/portal\/wp-content\/uploads\/2025\/12\/LA-SERENA-FESTIVAL-DE-LA-CANCION-2026.jpg\" \/>\n<meta name=\"twitter:creator\" content=\"@https:\/\/x.com\/obolocultural\" \/>\n<meta name=\"twitter:site\" content=\"@obolocultural\" \/>\n<meta name=\"twitter:label1\" content=\"Escrito por\" \/>\n\t<meta name=\"twitter:data1\" content=\"Cooltivarte\" \/>\n\t<meta name=\"twitter:label2\" content=\"Tiempo de lectura\" \/>\n\t<meta name=\"twitter:data2\" content=\"7 minutos\" \/>\n<!-- \/ Yoast SEO plugin. -->","yoast_head_json":{"title":"LA SERENA - FESTIVAL DE LA CANCI\u00d3N 2026 - Cooltivarte Portal","description":"En 2026, La Serena - Festival de la Canci\u00f3n presenta su nueva edici\u00f3n en La Paloma del 2 al 8 de enero con encuentros y conciertos in\u00e9ditos en dos escenarios y las ruedas de guitarra en la playa.","robots":{"index":"index","follow":"follow","max-snippet":"max-snippet:-1","max-image-preview":"max-image-preview:large","max-video-preview":"max-video-preview:-1"},"canonical":"https:\/\/cooltivarte.com\/portal\/la-serena-festival-de-la-cancion-2026\/","og_locale":"es_ES","og_type":"article","og_title":"LA SERENA - FESTIVAL DE LA CANCI\u00d3N 2026 - UNA UTOP\u00cdA ATL\u00c1NTICA - La Paloma del 2 al 8 de enero - Portal Serena, en La Barra el 11 de enero","og_description":"En 2026, La Serena - Festival de la Canci\u00f3n presenta su nueva edici\u00f3n en La Paloma del 2 al 8 de enero con encuentros y conciertos in\u00e9ditos en dos escenarios y las ruedas de guitarra en la playa.","og_url":"https:\/\/cooltivarte.com\/portal\/la-serena-festival-de-la-cancion-2026\/","og_site_name":"Cooltivarte Portal","article_publisher":"https:\/\/www.facebook.com\/cooltivartecom\/","article_author":"https:\/\/www.facebook.com\/cooltivartecom","article_published_time":"2026-01-06T16:32:34+00:00","article_modified_time":"2026-01-26T21:01:55+00:00","og_image":[{"width":1170,"height":438,"url":"https:\/\/cooltivarte.com\/portal\/wp-content\/uploads\/2025\/12\/LA-SERENA-FESTIVAL-DE-LA-CANCION-2026.jpg","type":"image\/jpeg"}],"author":"Cooltivarte","twitter_card":"summary_large_image","twitter_title":"LA SERENA - FESTIVAL DE LA CANCI\u00d3N 2026 - UNA UTOP\u00cdA ATL\u00c1NTICA - La Paloma del 2 al 8 de enero - Portal Serena, en La Barra el 11 de enero","twitter_description":"En 2026, La Serena - Festival de la Canci\u00f3n presenta su nueva edici\u00f3n en La Paloma del 2 al 8 de enero con encuentros y conciertos in\u00e9ditos en dos escenarios y las ruedas de guitarra en la playa.","twitter_image":"https:\/\/cooltivarte.com\/portal\/wp-content\/uploads\/2025\/12\/LA-SERENA-FESTIVAL-DE-LA-CANCION-2026.jpg","twitter_creator":"@https:\/\/x.com\/obolocultural","twitter_site":"@obolocultural","twitter_misc":{"Escrito por":"Cooltivarte","Tiempo de lectura":"7 minutos"},"schema":{"@context":"https:\/\/schema.org","@graph":[{"@type":"NewsArticle","@id":"https:\/\/cooltivarte.com\/portal\/la-serena-festival-de-la-cancion-2026\/#article","isPartOf":{"@id":"https:\/\/cooltivarte.com\/portal\/la-serena-festival-de-la-cancion-2026\/"},"author":{"name":"Cooltivarte","@id":"https:\/\/cooltivarte.com\/portal\/#\/schema\/person\/ec2a4f4e71b740d0c559c0ab9a157e19"},"headline":"LA SERENA &#8211; FESTIVAL DE LA CANCI\u00d3N 2026","datePublished":"2026-01-06T16:32:34+00:00","dateModified":"2026-01-26T21:01:55+00:00","mainEntityOfPage":{"@id":"https:\/\/cooltivarte.com\/portal\/la-serena-festival-de-la-cancion-2026\/"},"wordCount":1036,"publisher":{"@id":"https:\/\/cooltivarte.com\/portal\/#organization"},"image":{"@id":"https:\/\/cooltivarte.com\/portal\/la-serena-festival-de-la-cancion-2026\/#primaryimage"},"thumbnailUrl":"https:\/\/cooltivarte.com\/portal\/wp-content\/uploads\/2025\/12\/LA-SERENA-FESTIVAL-DE-LA-CANCION-2026.jpg","keywords":["Festival de la Canci\u00f3n","La Paloma","La Serena","Playa de La Serena"],"articleSection":["Eventos"],"inLanguage":"es-AR"},{"@type":"WebPage","@id":"https:\/\/cooltivarte.com\/portal\/la-serena-festival-de-la-cancion-2026\/","url":"https:\/\/cooltivarte.com\/portal\/la-serena-festival-de-la-cancion-2026\/","name":"LA SERENA - FESTIVAL DE LA CANCI\u00d3N 2026 - Cooltivarte Portal","isPartOf":{"@id":"https:\/\/cooltivarte.com\/portal\/#website"},"primaryImageOfPage":{"@id":"https:\/\/cooltivarte.com\/portal\/la-serena-festival-de-la-cancion-2026\/#primaryimage"},"image":{"@id":"https:\/\/cooltivarte.com\/portal\/la-serena-festival-de-la-cancion-2026\/#primaryimage"},"thumbnailUrl":"https:\/\/cooltivarte.com\/portal\/wp-content\/uploads\/2025\/12\/LA-SERENA-FESTIVAL-DE-LA-CANCION-2026.jpg","datePublished":"2026-01-06T16:32:34+00:00","dateModified":"2026-01-26T21:01:55+00:00","description":"En 2026, La Serena - Festival de la Canci\u00f3n presenta su nueva edici\u00f3n en La Paloma del 2 al 8 de enero con encuentros y conciertos in\u00e9ditos en dos escenarios y las ruedas de guitarra en la playa.","breadcrumb":{"@id":"https:\/\/cooltivarte.com\/portal\/la-serena-festival-de-la-cancion-2026\/#breadcrumb"},"inLanguage":"es-AR","potentialAction":[{"@type":"ReadAction","target":["https:\/\/cooltivarte.com\/portal\/la-serena-festival-de-la-cancion-2026\/"]}]},{"@type":"ImageObject","inLanguage":"es-AR","@id":"https:\/\/cooltivarte.com\/portal\/la-serena-festival-de-la-cancion-2026\/#primaryimage","url":"https:\/\/cooltivarte.com\/portal\/wp-content\/uploads\/2025\/12\/LA-SERENA-FESTIVAL-DE-LA-CANCION-2026.jpg","contentUrl":"https:\/\/cooltivarte.com\/portal\/wp-content\/uploads\/2025\/12\/LA-SERENA-FESTIVAL-DE-LA-CANCION-2026.jpg","width":1170,"height":438,"caption":"LA SERENA - FESTIVAL DE LA CANCI\u00d3N 2026 - UNA UTOP\u00cdA ATL\u00c1NTICA"},{"@type":"BreadcrumbList","@id":"https:\/\/cooltivarte.com\/portal\/la-serena-festival-de-la-cancion-2026\/#breadcrumb","itemListElement":[{"@type":"ListItem","position":1,"name":"Portada","item":"https:\/\/cooltivarte.com\/portal\/"},{"@type":"ListItem","position":2,"name":"LA SERENA &#8211; FESTIVAL DE LA CANCI\u00d3N 2026"}]},{"@type":"WebSite","@id":"https:\/\/cooltivarte.com\/portal\/#website","url":"https:\/\/cooltivarte.com\/portal\/","name":"Cooltivarte Portal","description":"Arte, cultura y turismo para el mundo ...","publisher":{"@id":"https:\/\/cooltivarte.com\/portal\/#organization"},"potentialAction":[{"@type":"SearchAction","target":{"@type":"EntryPoint","urlTemplate":"https:\/\/cooltivarte.com\/portal\/?s={search_term_string}"},"query-input":{"@type":"PropertyValueSpecification","valueRequired":true,"valueName":"search_term_string"}}],"inLanguage":"es-AR"},{"@type":"Organization","@id":"https:\/\/cooltivarte.com\/portal\/#organization","name":"cooltivarte","url":"https:\/\/cooltivarte.com\/portal\/","logo":{"@type":"ImageObject","inLanguage":"es-AR","@id":"https:\/\/cooltivarte.com\/portal\/#\/schema\/logo\/image\/","url":"https:\/\/cooltivarte.com\/portal\/wp-content\/uploads\/2020\/04\/logo-cooltivarte-v2.png","contentUrl":"https:\/\/cooltivarte.com\/portal\/wp-content\/uploads\/2020\/04\/logo-cooltivarte-v2.png","width":851,"height":243,"caption":"cooltivarte"},"image":{"@id":"https:\/\/cooltivarte.com\/portal\/#\/schema\/logo\/image\/"},"sameAs":["https:\/\/www.facebook.com\/cooltivartecom\/","https:\/\/x.com\/obolocultural","https:\/\/www.instagram.com\/_cooltivarte_\/","https:\/\/www.linkedin.com\/company\/-bolocultural?reportsuccess=8zaNG1HwhPbAR9iQhZ5rfGeqz_vQFftHun0ZWU0Wy9vNemRJ8vtcKdJvzQfW8XagyOJSKg0XvfJ1dp","https:\/\/www.pinterest.com\/cooltivarte\/","https:\/\/cooltivarte.tumblr.com\/","https:\/\/www.tiktok.com\/@cooltivarte","https:\/\/www.youtube.com\/@PrensaCooltivarte"]},{"@type":"Person","@id":"https:\/\/cooltivarte.com\/portal\/#\/schema\/person\/ec2a4f4e71b740d0c559c0ab9a157e19","name":"Cooltivarte","image":{"@type":"ImageObject","inLanguage":"es-AR","@id":"https:\/\/cooltivarte.com\/portal\/wp-content\/uploads\/2014\/05\/logo-cooltivarte-120x120.jpg","url":"https:\/\/cooltivarte.com\/portal\/wp-content\/uploads\/2014\/05\/logo-cooltivarte-120x120.jpg","contentUrl":"https:\/\/cooltivarte.com\/portal\/wp-content\/uploads\/2014\/05\/logo-cooltivarte-120x120.jpg","caption":"Cooltivarte"},"description":"Somos COOLTIVARTE.COM. Un portal digital dedicado a difundir el acontecer art\u00edstico y cultural del Uruguay. Estamos en la vuelta desde el a\u00f1o 2003, y como evoluci\u00f3n del bolet\u00edn Obolo Cultural, nos encontramos abocados a apoyar a los artistas nacionales brind\u00e1ndoles un espacio de difusi\u00f3n. Creemos en la idea de utilizar la potencialidad que hoy d\u00eda nos otorga la web, para que la cultura uruguaya y sus creadores dispongan de una din\u00e1mica ventana, que los ponga en contacto entre s\u00ed y con el mundo. Somos COOLTIVARTE.COM y pretendemos configurarnos como un portal din\u00e1mico, entretenido y atento a los nuevos emprendimientos, que busque siempre la interacci\u00f3n con los artistas.","sameAs":["http:\/\/www.cooltivarte.com","https:\/\/www.facebook.com\/cooltivartecom","https:\/\/www.instagram.com\/_cooltivarte_\/","https:\/\/www.linkedin.com\/company\/-bolocultural","https:\/\/www.pinterest.com\/cooltivarte\/","https:\/\/x.com\/https:\/\/x.com\/obolocultural","https:\/\/www.youtube.com\/@PrensaCooltivarte","https:\/\/www.tumblr.com\/blog\/cooltivarte"],"url":"https:\/\/cooltivarte.com\/portal\/author\/cooltivarte\/"}]}},"_links":{"self":[{"href":"https:\/\/cooltivarte.com\/portal\/wp-json\/wp\/v2\/posts\/120844","targetHints":{"allow":["GET"]}}],"collection":[{"href":"https:\/\/cooltivarte.com\/portal\/wp-json\/wp\/v2\/posts"}],"about":[{"href":"https:\/\/cooltivarte.com\/portal\/wp-json\/wp\/v2\/types\/post"}],"author":[{"embeddable":true,"href":"https:\/\/cooltivarte.com\/portal\/wp-json\/wp\/v2\/users\/8"}],"replies":[{"embeddable":true,"href":"https:\/\/cooltivarte.com\/portal\/wp-json\/wp\/v2\/comments?post=120844"}],"version-history":[{"count":7,"href":"https:\/\/cooltivarte.com\/portal\/wp-json\/wp\/v2\/posts\/120844\/revisions"}],"predecessor-version":[{"id":122023,"href":"https:\/\/cooltivarte.com\/portal\/wp-json\/wp\/v2\/posts\/120844\/revisions\/122023"}],"wp:featuredmedia":[{"embeddable":true,"href":"https:\/\/cooltivarte.com\/portal\/wp-json\/wp\/v2\/media\/120845"}],"wp:attachment":[{"href":"https:\/\/cooltivarte.com\/portal\/wp-json\/wp\/v2\/media?parent=120844"}],"wp:term":[{"taxonomy":"category","embeddable":true,"href":"https:\/\/cooltivarte.com\/portal\/wp-json\/wp\/v2\/categories?post=120844"},{"taxonomy":"post_tag","embeddable":true,"href":"https:\/\/cooltivarte.com\/portal\/wp-json\/wp\/v2\/tags?post=120844"}],"curies":[{"name":"wp","href":"https:\/\/api.w.org\/{rel}","templated":true}]}}